{"id":2246,"date":"2023-08-28T22:06:14","date_gmt":"2023-08-29T01:06:14","guid":{"rendered":"https:\/\/apuntesdesanluis.com\/?p=2246"},"modified":"2023-08-28T22:06:25","modified_gmt":"2023-08-29T01:06:25","slug":"suma-fija-confirman-que-las-provincias-y-municipios-tendran-que-pagarla-con-fondos-propios","status":"publish","type":"post","link":"https:\/\/apuntesdesanluis.com\/index.php\/2023\/08\/28\/suma-fija-confirman-que-las-provincias-y-municipios-tendran-que-pagarla-con-fondos-propios\/","title":{"rendered":"SUMA FIJA: CONFIRMAN QUE LAS PROVINCIAS Y MUNICIPIOS TENDR\u00c1N QUE PAGARLA CON FONDOS PROPIOS"},"content":{"rendered":"<h3 class=\"yiv7409174924ydp6329976emsonormal\" style=\"text-align: justify; background: white;\"><span style=\"font-family: 'Arial','sans-serif'; color: #1d2228;\">Las provincias y municipios que decidan pagar la suma fija de 60 mil pesos que abonar\u00e1 el Poder Ejecutivo a los empleados p\u00fablicos nacionales deber\u00e1n hacerlo con fondos propios. No habr\u00e1 partidas espec\u00edficas del Gobierno nacional para asistirlas con ese gasto, aseguraron fuentes oficiales.<\/span><\/h3>\n<h3 class=\"yiv7409174924ydp6329976emsonormal\" style=\"text-align: justify; background: white;\"><span style=\"font-family: 'Arial','sans-serif'; color: #1d2228;\">Consultada respecto de los estatales provinciales y municipales, la ministra <strong>Raquel &#8216;Kelly&#8217; Olmos<\/strong> record\u00f3 que la Naci\u00f3n no tiene potestad sobre la pol\u00edtica salarial de esos distritos, ya que los mismos son &#8220;aut\u00f3nomos&#8221; en esa materia, pero que a partir de esta medida se invitar\u00e1 a esas jurisdicciones a implementar pol\u00edticas similares para sostener el poder adquisitivo de sus propios asalariados.<\/span><\/h3>\n<h3 class=\"yiv7409174924ydp6329976emsonormal\" style=\"text-align: justify; background: white;\"><span style=\"font-family: 'Arial','sans-serif'; color: #1d2228;\">Se calcula oficialmente que ser\u00e1n 5,5 millones de trabajadores formales de empresas privadas los que acceder\u00e1n a una &#8220;suma fija no remunerativa&#8221; de 60 mil pesos que se pagar\u00e1 en dos cuotas mensuales en los meses de septiembre y octubre.<\/span><\/h3>\n<h3 class=\"yiv7409174924ydp6329976emsonormal\" style=\"text-align: justify; background: white;\"><span style=\"font-family: 'Arial','sans-serif'; color: #1d2228;\">Lo recibir\u00e1n aquellos que hayan cobrado en agosto salarios netos de hasta 400 mil pesos y la suma ser\u00e1 &#8220;absorbible por las paritarias&#8221;.<\/span><\/h3>\n<h3 class=\"yiv7409174924ydp6329976emsonormal\" style=\"text-align: justify; background: white;\"><span style=\"font-family: 'Arial','sans-serif'; color: #1d2228;\">En ese sentido, la ministra coment\u00f3 que las negociaciones salariales son &#8220;libres&#8221; y que, por esa raz\u00f3n, cada sector deber\u00e1 estipular cu\u00e1l ser\u00e1 la modalidad en la que los pagos acordados con los empresarios se conjugar\u00e1n con la suma fija.<\/span><\/h3>\n<h3 class=\"yiv7409174924ydp6329976emsonormal\" style=\"text-align: justify; background: white;\"><span style=\"font-family: 'Arial','sans-serif'; color: #1d2228;\">Olmos a\u00f1adi\u00f3 que el Ejecutivo asumir\u00e1 el 100% del pago en el caso de las micro-empresas y el 50% para las pymes, mediante el pago a cuenta de contribuciones patronales.<\/span><\/h3>\n<h3 class=\"yiv7409174924ydp6329976emsonormal\" style=\"text-align: justify; background: white;\"><span style=\"font-family: 'Arial','sans-serif'; color: #1d2228;\">Respecto de los trabajadores del Estado nacional, que totalizan 390 mil, recibir\u00e1n la misma suma con la misma modalidad de pago en cuotas.<\/span><\/h3>\n<p><iframe title=\"Olmos dio detalles de las medidas y dijo que &quot;el FMI act\u00faa como el usurero del barrio&quot;\" width=\"640\" height=\"360\" src=\"https:\/\/www.youtube.com\/embed\/az3xRZea_m8?feature=oembed\" frameborder=\"0\" allow=\"accelerometer; autoplay; clipboard-write; encrypted-media; gyroscope; picture-in-picture; web-share\" referrerpolicy=\"strict-origin-when-cross-origin\" allowfullscreen><\/iframe><\/p>\n<h3 class=\"yiv7409174924ydp6329976emsonormal\" style=\"text-align: justify; background: white;\"><span style=\"font-family: 'Arial','sans-serif'; color: #1d2228;\">Los \u00faltimos datos consolidados sobre empleo p\u00fablico en las provincias \u2013que data de fines de 2021\u2013 marca que hay unos 2,2 millones de trabajadores del Estado cuyo salario es pagado por las administraciones provinciales, con un peso m\u00e1s marcado en gobernaciones como las de Tierra del Fuego (125 por cada 1.000 habitantes), Catamarca (113 cada millar de habitantes), La Rioja (109) Neuqu\u00e9n (106) y Santa Cruz (95), seg\u00fan datos recopilados por la consultora Politik\u00f3n Chaco que dirige Alejandro Pegoraro.<\/span><\/h3>\n<h3 class=\"yiv7409174924ydp6329976emsonormal\" style=\"text-align: justify; background: white;\"><span style=\"font-family: 'Arial','sans-serif'; color: #1d2228;\">El pago de la suma fija salarial que determin\u00f3 el Poder Ejecutivo nacional se har\u00e1 para los trabajadores p\u00fablicos nacionales en dos tramos de 30 mil pesos. En el video en que anuncia la medida el ministro de Econom\u00eda invit\u00f3, sin car\u00e1cter de obligatorio, a que los gobiernos provinciales y municipales tambi\u00e9n se sumen a la medida. Uno de los argumentos que esgrimen desde los despachos oficiales es que las provincias tienen margen fiscal para absorber ese gasto.<\/span><\/h3>\n<h3 class=\"yiv7409174924ydp6329976emsonormal\" style=\"text-align: justify; background: white;\"><span style=\"font-family: 'Arial','sans-serif'; color: #1d2228;\">Los \u00faltimos datos consolidados sobre empleo p\u00fablico en las provincias -que data de fines de 2021- marca que hay unos 2,2 millones de trabajadores del Estado cuyo salario es pagado por las administraciones provinciales<\/span><\/h3>\n<h3 class=\"yiv7409174924ydp6329976emsonormal\" style=\"text-align: justify; background: white;\"><span style=\"font-family: 'Arial','sans-serif'; color: #1d2228;\">Si bien los datos fiscales de las provincias tienen un rezago mayor a la informaci\u00f3n nacional, la recopilaci\u00f3n que hizo Pegoraro muestra que hay algunas jurisdicciones con resultado primario positivo aunque \u201ccon un deterioro a lo largo del a\u00f1o, explicado en gran medida por la expansi\u00f3n del gasto, calendario electoral mediante, y por ingresos que corren por detr\u00e1s de la inflaci\u00f3n\u201d, explic\u00f3 el experto. Para el caso del empleo p\u00fablico municipal la informaci\u00f3n es mucho menos completa.<\/span><\/h3>\n<h3 class=\"yiv7409174924ydp6329976emsonormal\" style=\"text-align: justify; background: white;\"><span style=\"font-family: 'Arial','sans-serif'; color: #1d2228;\">Hacia el segundo trimestre del a\u00f1o, las pocas provincias que presentaron sus datos fiscales mostraban n\u00fameros, en general, en rojo: Santa Fe ($26.000 millones), Catamarca ($20.800 millones), San Juan ($11.500 millones), Neuqu\u00e9n ($6.800 millones), Salta ($3.900 millones) y Entre R\u00edos ($3.500 millones).<\/span><\/h3>\n<h3 class=\"yiv7409174924ydp6329976emsonormal\" style=\"text-align: justify; background: white;\"><span style=\"font-family: 'Arial','sans-serif'; color: #1d2228;\">Por el contrario, con super\u00e1vit aparec\u00edan Tucum\u00e1n (casi $9.500 millones) y Formosa (menos de $900 millones), de acuerdo a Politik\u00f3n. Un trimestre hacia atr\u00e1s se ve que la Ciudad de Buenos Aires, por ejemplo, ten\u00eda un super\u00e1vit de $186.000 millones, seguido por C\u00f3rdoba ($45.000 millones), Corrientes ($7.000 millones) y R\u00edo Negro ($6.100 millones).<\/span><\/h3>\n<h3 class=\"yiv7409174924ydp6329976emsonormal\" style=\"text-align: justify; background: white;\"><span style=\"font-family: 'Arial','sans-serif'; color: #1d2228;\">Seg\u00fan informaci\u00f3n del Banco Central, actualizada hasta fines de junio, el stock de dep\u00f3sitos en moneda nacional correspondientes al conjunto de provincias ascend\u00eda a los 2,2 billones de pesos (1,1 billones en cuenta corriente y $467.000 millones en plazo fijo), mientras que los municipios ten\u00edan depositados a esa altura del a\u00f1o $442.000 millones. En d\u00f3lares, por su parte, hay un stock de USD 1.500 millones en manos de gobiernos provinciales (USD 1.220 millones en cajas de ahorro) y poco m\u00e1s de USD 23 millones de gobiernos municipales.<\/span><\/h3>\n<h3 class=\"yiv7409174924ydp6329976emsonormal\" style=\"text-align: justify; background: white;\"><span style=\"font-family: 'Arial','sans-serif'; color: #1d2228;\">Un grupo de intendentes de la oposici\u00f3n en la provincia de Buenos Aires ya le advirti\u00f3 al gobernador Axel Kicillof que no podr\u00e1n afrontar ese pago. Kicillof recibi\u00f3 este lunes a una comitiva de intendentes de la Uni\u00f3n C\u00edvica Radical. Los mandatarios locales le anticiparon al gobernador que no tienen fondos para aplicar el bono de 60 mil pesos dirigido a trabajadores del sector p\u00fablico nacional que instrumentar\u00e1 la Casa Rosada.<\/span><\/h3>\n<h3 class=\"yiv7409174924ydp6329976emsonormal\" style=\"text-align: justify; background: white;\"><span style=\"font-family: 'Arial','sans-serif'; color: #1d2228;\">El propio gobernador hab\u00eda asegurado que se \u201cest\u00e1 analizando\u201d la implementaci\u00f3n de la suma fija porque \u201clos sueldos de la provincia de Buenos Aires, por los acuerdos que llevamos adelante con los trabajadores y trabajadoras, no han venido perdiendo con la inflaci\u00f3n hasta ahora\u201d.<\/span><\/h3>\n<h3 class=\"yiv7409174924ydp6329976emsonormal\" style=\"text-align: justify; background: white;\"><span style=\"font-family: 'Arial','sans-serif'; color: #1d2228;\">Seg\u00fan datos de Politik\u00f3n Chaco, las provincias con mayor peso del empleo p\u00fablico son Tierra del Fuego (125 por cada 1.000 habitantes), Catamarca (113 cada millar de habitantes), La Rioja (109) Neuqu\u00e9n (106) y Santa Cruz (95)<\/span><\/h3>\n<h3 class=\"yiv7409174924ydp6329976emsonormal\" style=\"text-align: justify; background: white;\"><span style=\"font-family: 'Arial','sans-serif'; color: #1d2228;\">El Gobierno asegura que el paquete de doce medidas que anunci\u00f3 este domingo a manera de \u201ccompensaci\u00f3n\u201d por el efecto de la devaluaci\u00f3n de peso el d\u00eda despu\u00e9s de las elecciones primarias tendr\u00e1 un costo fiscal de 0,43% del PBI. Se trata de una cifra cercana a la que esperaba el Fondo Monetario Internacional y que pondr\u00e1 presi\u00f3n a la meta de reducci\u00f3n del d\u00e9ficit primario prevista hasta fin de a\u00f1o.<\/span><\/h3>\n<h3 class=\"yiv7409174924ydp6329976emsonormal\" style=\"text-align: justify; background: white;\"><span style=\"font-family: 'Arial','sans-serif'; color: #1d2228;\">El paquete de medidas que anunci\u00f3 por partes el ministro Massa, que incluye el pago de una suma fija a cuenta de futuros aumentos para empleados en relaci\u00f3n de dependencia, un bono para jubilados por los pr\u00f3ximos tres meses, exenciones para monotributistas, cr\u00e9ditos a tasa blanda, medidas para el agro, pymes, personal dom\u00e9stico, entre otros, tendr\u00e1 un costo fiscal de $729.000 millones, seg\u00fan informaron a Infobae fuentes oficiales.<\/span><\/h3>\n<h3 class=\"yiv7409174924ydp6329976emsonormal\" style=\"text-align: justify; background: white;\"><span style=\"font-family: 'Arial','sans-serif'; color: #1d2228;\">El Fondo Monetario, en su informe de staff t\u00e9cnico publicado este viernes, hab\u00eda ubicado esa cifra en torno de los 0,4 puntos del PBI y aseguraba que ese paquete podr\u00eda \u201caumentar las presiones fiscales en el futuro\u201d. En cuentas simples: la meta de fin de a\u00f1o para el recorte del rojo primario es de 1,9% del Producto. Hasta los primeros siete meses del a\u00f1o el Ministerio de Econom\u00eda ya hab\u00eda acumulado un d\u00e9ficit 1,27 por ciento. El margen no es may\u00fasculo y, por estacionalidad, el segundo semestre suele ser el de mayor ejecuci\u00f3n del gasto.<\/span><\/h3>\n","protected":false},"excerpt":{"rendered":"<p>Las provincias y municipios que decidan pagar la suma fija de 60 mil pesos que&#8230;<\/p>\n","protected":false},"author":1,"featured_media":2247,"comment_status":"closed","ping_status":"closed","sticky":false,"template":"","format":"standard","meta":{"footnotes":""},"categories":[5],"tags":[],"class_list":["post-2246","post","type-post","status-publish","format-standard","has-post-thumbnail","hentry","category-nacionales-internacionales"],"yoast_head":"<!-- This site is optimized with the Yoast SEO plugin v26.1.1 - https:\/\/yoast.com\/wordpress\/plugins\/seo\/ -->\n<title>SUMA FIJA: CONFIRMAN QUE LAS PROVINCIAS Y MUNICIPIOS TENDR\u00c1N QUE PAGARLA CON FONDOS PROPIOS - Apuntes de San Luis<\/title>\n<meta name=\"robots\" content=\"index, follow, max-snippet:-1, max-image-preview:large, max-video-preview:-1\" \/>\n<link rel=\"canonical\" href=\"https:\/\/apuntesdesanluis.com\/index.php\/2023\/08\/28\/suma-fija-confirman-que-las-provincias-y-municipios-tendran-que-pagarla-con-fondos-propios\/\" \/>\n<meta property=\"og:locale\" content=\"es_ES\" \/>\n<meta property=\"og:type\" content=\"article\" \/>\n<meta property=\"og:title\" content=\"SUMA FIJA: CONFIRMAN QUE LAS PROVINCIAS Y MUNICIPIOS TENDR\u00c1N QUE PAGARLA CON FONDOS PROPIOS - Apuntes de San Luis\" \/>\n<meta property=\"og:description\" content=\"Las provincias y municipios que decidan pagar la suma fija de 60 mil pesos que...\" \/>\n<meta property=\"og:url\" content=\"https:\/\/apuntesdesanluis.com\/index.php\/2023\/08\/28\/suma-fija-confirman-que-las-provincias-y-municipios-tendran-que-pagarla-con-fondos-propios\/\" \/>\n<meta property=\"og:site_name\" content=\"Apuntes de San Luis\" \/>\n<meta property=\"article:published_time\" content=\"2023-08-29T01:06:14+00:00\" \/>\n<meta property=\"article:modified_time\" content=\"2023-08-29T01:06:25+00:00\" \/>\n<meta property=\"og:image\" content=\"https:\/\/apuntesdesanluis.com\/wp-content\/uploads\/2023\/08\/kelly-olmos.png\" \/>\n\t<meta property=\"og:image:width\" content=\"937\" \/>\n\t<meta property=\"og:image:height\" content=\"542\" \/>\n\t<meta property=\"og:image:type\" content=\"image\/png\" \/>\n<meta name=\"author\" content=\"apuntesdesanluis.com\" \/>\n<meta name=\"twitter:card\" content=\"summary_large_image\" \/>\n<meta name=\"twitter:label1\" content=\"Escrito por\" \/>\n\t<meta name=\"twitter:data1\" content=\"apuntesdesanluis.com\" \/>\n\t<meta name=\"twitter:label2\" content=\"Tiempo de lectura\" \/>\n\t<meta name=\"twitter:data2\" content=\"6 minutos\" \/>\n<script type=\"application\/ld+json\" class=\"yoast-schema-graph\">{\"@context\":\"https:\/\/schema.org\",\"@graph\":[{\"@type\":\"Article\",\"@id\":\"https:\/\/apuntesdesanluis.com\/index.php\/2023\/08\/28\/suma-fija-confirman-que-las-provincias-y-municipios-tendran-que-pagarla-con-fondos-propios\/#article\",\"isPartOf\":{\"@id\":\"https:\/\/apuntesdesanluis.com\/index.php\/2023\/08\/28\/suma-fija-confirman-que-las-provincias-y-municipios-tendran-que-pagarla-con-fondos-propios\/\"},\"author\":{\"name\":\"apuntesdesanluis.com\",\"@id\":\"https:\/\/apuntesdesanluis.com\/#\/schema\/person\/b55151d52296fcce64d1a72538a70b90\"},\"headline\":\"SUMA FIJA: CONFIRMAN QUE LAS PROVINCIAS Y MUNICIPIOS TENDR\u00c1N QUE PAGARLA CON FONDOS PROPIOS\",\"datePublished\":\"2023-08-29T01:06:14+00:00\",\"dateModified\":\"2023-08-29T01:06:25+00:00\",\"mainEntityOfPage\":{\"@id\":\"https:\/\/apuntesdesanluis.com\/index.php\/2023\/08\/28\/suma-fija-confirman-que-las-provincias-y-municipios-tendran-que-pagarla-con-fondos-propios\/\"},\"wordCount\":1161,\"publisher\":{\"@id\":\"https:\/\/apuntesdesanluis.com\/#\/schema\/person\/b55151d52296fcce64d1a72538a70b90\"},\"image\":{\"@id\":\"https:\/\/apuntesdesanluis.com\/index.php\/2023\/08\/28\/suma-fija-confirman-que-las-provincias-y-municipios-tendran-que-pagarla-con-fondos-propios\/#primaryimage\"},\"thumbnailUrl\":\"https:\/\/apuntesdesanluis.com\/wp-content\/uploads\/2023\/08\/kelly-olmos.png\",\"articleSection\":[\"Nacionales\/Internacionales\"],\"inLanguage\":\"es-AR\"},{\"@type\":\"WebPage\",\"@id\":\"https:\/\/apuntesdesanluis.com\/index.php\/2023\/08\/28\/suma-fija-confirman-que-las-provincias-y-municipios-tendran-que-pagarla-con-fondos-propios\/\",\"url\":\"https:\/\/apuntesdesanluis.com\/index.php\/2023\/08\/28\/suma-fija-confirman-que-las-provincias-y-municipios-tendran-que-pagarla-con-fondos-propios\/\",\"name\":\"SUMA FIJA: CONFIRMAN QUE LAS PROVINCIAS Y MUNICIPIOS TENDR\u00c1N QUE PAGARLA CON FONDOS PROPIOS - Apuntes de San Luis\",\"isPartOf\":{\"@id\":\"https:\/\/apuntesdesanluis.com\/#website\"},\"primaryImageOfPage\":{\"@id\":\"https:\/\/apuntesdesanluis.com\/index.php\/2023\/08\/28\/suma-fija-confirman-que-las-provincias-y-municipios-tendran-que-pagarla-con-fondos-propios\/#primaryimage\"},\"image\":{\"@id\":\"https:\/\/apuntesdesanluis.com\/index.php\/2023\/08\/28\/suma-fija-confirman-que-las-provincias-y-municipios-tendran-que-pagarla-con-fondos-propios\/#primaryimage\"},\"thumbnailUrl\":\"https:\/\/apuntesdesanluis.com\/wp-content\/uploads\/2023\/08\/kelly-olmos.png\",\"datePublished\":\"2023-08-29T01:06:14+00:00\",\"dateModified\":\"2023-08-29T01:06:25+00:00\",\"breadcrumb\":{\"@id\":\"https:\/\/apuntesdesanluis.com\/index.php\/2023\/08\/28\/suma-fija-confirman-que-las-provincias-y-municipios-tendran-que-pagarla-con-fondos-propios\/#breadcrumb\"},\"inLanguage\":\"es-AR\",\"potentialAction\":[{\"@type\":\"ReadAction\",\"target\":[\"https:\/\/apuntesdesanluis.com\/index.php\/2023\/08\/28\/suma-fija-confirman-que-las-provincias-y-municipios-tendran-que-pagarla-con-fondos-propios\/\"]}]},{\"@type\":\"ImageObject\",\"inLanguage\":\"es-AR\",\"@id\":\"https:\/\/apuntesdesanluis.com\/index.php\/2023\/08\/28\/suma-fija-confirman-que-las-provincias-y-municipios-tendran-que-pagarla-con-fondos-propios\/#primaryimage\",\"url\":\"https:\/\/apuntesdesanluis.com\/wp-content\/uploads\/2023\/08\/kelly-olmos.png\",\"contentUrl\":\"https:\/\/apuntesdesanluis.com\/wp-content\/uploads\/2023\/08\/kelly-olmos.png\",\"width\":937,\"height\":542},{\"@type\":\"BreadcrumbList\",\"@id\":\"https:\/\/apuntesdesanluis.com\/index.php\/2023\/08\/28\/suma-fija-confirman-que-las-provincias-y-municipios-tendran-que-pagarla-con-fondos-propios\/#breadcrumb\",\"itemListElement\":[{\"@type\":\"ListItem\",\"position\":1,\"name\":\"Inicio\",\"item\":\"https:\/\/apuntesdesanluis.com\/\"},{\"@type\":\"ListItem\",\"position\":2,\"name\":\"SUMA FIJA: CONFIRMAN QUE LAS PROVINCIAS Y MUNICIPIOS TENDR\u00c1N QUE PAGARLA CON FONDOS PROPIOS\"}]},{\"@type\":\"WebSite\",\"@id\":\"https:\/\/apuntesdesanluis.com\/#website\",\"url\":\"https:\/\/apuntesdesanluis.com\/\",\"name\":\"Apuntes de San Luis\",\"description\":\"\",\"publisher\":{\"@id\":\"https:\/\/apuntesdesanluis.com\/#\/schema\/person\/b55151d52296fcce64d1a72538a70b90\"},\"potentialAction\":[{\"@type\":\"SearchAction\",\"target\":{\"@type\":\"EntryPoint\",\"urlTemplate\":\"https:\/\/apuntesdesanluis.com\/?s={search_term_string}\"},\"query-input\":{\"@type\":\"PropertyValueSpecification\",\"valueRequired\":true,\"valueName\":\"search_term_string\"}}],\"inLanguage\":\"es-AR\"},{\"@type\":[\"Person\",\"Organization\"],\"@id\":\"https:\/\/apuntesdesanluis.com\/#\/schema\/person\/b55151d52296fcce64d1a72538a70b90\",\"name\":\"apuntesdesanluis.com\",\"image\":{\"@type\":\"ImageObject\",\"inLanguage\":\"es-AR\",\"@id\":\"https:\/\/apuntesdesanluis.com\/#\/schema\/person\/image\/\",\"url\":\"https:\/\/apuntesdesanluis.com\/wp-content\/uploads\/2023\/07\/cropped-apuntesdesanluis.png\",\"contentUrl\":\"https:\/\/apuntesdesanluis.com\/wp-content\/uploads\/2023\/07\/cropped-apuntesdesanluis.png\",\"width\":450,\"height\":112,\"caption\":\"apuntesdesanluis.com\"},\"logo\":{\"@id\":\"https:\/\/apuntesdesanluis.com\/#\/schema\/person\/image\/\"},\"sameAs\":[\"https:\/\/apuntesdesanluis.com\"],\"url\":\"https:\/\/apuntesdesanluis.com\/index.php\/author\/apuntesdesanluis-com\/\"}]}<\/script>\n<!-- \/ Yoast SEO plugin. -->","yoast_head_json":{"title":"SUMA FIJA: CONFIRMAN QUE LAS PROVINCIAS Y MUNICIPIOS TENDR\u00c1N QUE PAGARLA CON FONDOS PROPIOS - Apuntes de San Luis","robots":{"index":"index","follow":"follow","max-snippet":"max-snippet:-1","max-image-preview":"max-image-preview:large","max-video-preview":"max-video-preview:-1"},"canonical":"https:\/\/apuntesdesanluis.com\/index.php\/2023\/08\/28\/suma-fija-confirman-que-las-provincias-y-municipios-tendran-que-pagarla-con-fondos-propios\/","og_locale":"es_ES","og_type":"article","og_title":"SUMA FIJA: CONFIRMAN QUE LAS PROVINCIAS Y MUNICIPIOS TENDR\u00c1N QUE PAGARLA CON FONDOS PROPIOS - Apuntes de San Luis","og_description":"Las provincias y municipios que decidan pagar la suma fija de 60 mil pesos que...","og_url":"https:\/\/apuntesdesanluis.com\/index.php\/2023\/08\/28\/suma-fija-confirman-que-las-provincias-y-municipios-tendran-que-pagarla-con-fondos-propios\/","og_site_name":"Apuntes de San Luis","article_published_time":"2023-08-29T01:06:14+00:00","article_modified_time":"2023-08-29T01:06:25+00:00","og_image":[{"width":937,"height":542,"url":"https:\/\/apuntesdesanluis.com\/wp-content\/uploads\/2023\/08\/kelly-olmos.png","type":"image\/png"}],"author":"apuntesdesanluis.com","twitter_card":"summary_large_image","twitter_misc":{"Escrito por":"apuntesdesanluis.com","Tiempo de lectura":"6 minutos"},"schema":{"@context":"https:\/\/schema.org","@graph":[{"@type":"Article","@id":"https:\/\/apuntesdesanluis.com\/index.php\/2023\/08\/28\/suma-fija-confirman-que-las-provincias-y-municipios-tendran-que-pagarla-con-fondos-propios\/#article","isPartOf":{"@id":"https:\/\/apuntesdesanluis.com\/index.php\/2023\/08\/28\/suma-fija-confirman-que-las-provincias-y-municipios-tendran-que-pagarla-con-fondos-propios\/"},"author":{"name":"apuntesdesanluis.com","@id":"https:\/\/apuntesdesanluis.com\/#\/schema\/person\/b55151d52296fcce64d1a72538a70b90"},"headline":"SUMA FIJA: CONFIRMAN QUE LAS PROVINCIAS Y MUNICIPIOS TENDR\u00c1N QUE PAGARLA CON FONDOS PROPIOS","datePublished":"2023-08-29T01:06:14+00:00","dateModified":"2023-08-29T01:06:25+00:00","mainEntityOfPage":{"@id":"https:\/\/apuntesdesanluis.com\/index.php\/2023\/08\/28\/suma-fija-confirman-que-las-provincias-y-municipios-tendran-que-pagarla-con-fondos-propios\/"},"wordCount":1161,"publisher":{"@id":"https:\/\/apuntesdesanluis.com\/#\/schema\/person\/b55151d52296fcce64d1a72538a70b90"},"image":{"@id":"https:\/\/apuntesdesanluis.com\/index.php\/2023\/08\/28\/suma-fija-confirman-que-las-provincias-y-municipios-tendran-que-pagarla-con-fondos-propios\/#primaryimage"},"thumbnailUrl":"https:\/\/apuntesdesanluis.com\/wp-content\/uploads\/2023\/08\/kelly-olmos.png","articleSection":["Nacionales\/Internacionales"],"inLanguage":"es-AR"},{"@type":"WebPage","@id":"https:\/\/apuntesdesanluis.com\/index.php\/2023\/08\/28\/suma-fija-confirman-que-las-provincias-y-municipios-tendran-que-pagarla-con-fondos-propios\/","url":"https:\/\/apuntesdesanluis.com\/index.php\/2023\/08\/28\/suma-fija-confirman-que-las-provincias-y-municipios-tendran-que-pagarla-con-fondos-propios\/","name":"SUMA FIJA: CONFIRMAN QUE LAS PROVINCIAS Y MUNICIPIOS TENDR\u00c1N QUE PAGARLA CON FONDOS PROPIOS - Apuntes de San Luis","isPartOf":{"@id":"https:\/\/apuntesdesanluis.com\/#website"},"primaryImageOfPage":{"@id":"https:\/\/apuntesdesanluis.com\/index.php\/2023\/08\/28\/suma-fija-confirman-que-las-provincias-y-municipios-tendran-que-pagarla-con-fondos-propios\/#primaryimage"},"image":{"@id":"https:\/\/apuntesdesanluis.com\/index.php\/2023\/08\/28\/suma-fija-confirman-que-las-provincias-y-municipios-tendran-que-pagarla-con-fondos-propios\/#primaryimage"},"thumbnailUrl":"https:\/\/apuntesdesanluis.com\/wp-content\/uploads\/2023\/08\/kelly-olmos.png","datePublished":"2023-08-29T01:06:14+00:00","dateModified":"2023-08-29T01:06:25+00:00","breadcrumb":{"@id":"https:\/\/apuntesdesanluis.com\/index.php\/2023\/08\/28\/suma-fija-confirman-que-las-provincias-y-municipios-tendran-que-pagarla-con-fondos-propios\/#breadcrumb"},"inLanguage":"es-AR","potentialAction":[{"@type":"ReadAction","target":["https:\/\/apuntesdesanluis.com\/index.php\/2023\/08\/28\/suma-fija-confirman-que-las-provincias-y-municipios-tendran-que-pagarla-con-fondos-propios\/"]}]},{"@type":"ImageObject","inLanguage":"es-AR","@id":"https:\/\/apuntesdesanluis.com\/index.php\/2023\/08\/28\/suma-fija-confirman-que-las-provincias-y-municipios-tendran-que-pagarla-con-fondos-propios\/#primaryimage","url":"https:\/\/apuntesdesanluis.com\/wp-content\/uploads\/2023\/08\/kelly-olmos.png","contentUrl":"https:\/\/apuntesdesanluis.com\/wp-content\/uploads\/2023\/08\/kelly-olmos.png","width":937,"height":542},{"@type":"BreadcrumbList","@id":"https:\/\/apuntesdesanluis.com\/index.php\/2023\/08\/28\/suma-fija-confirman-que-las-provincias-y-municipios-tendran-que-pagarla-con-fondos-propios\/#breadcrumb","itemListElement":[{"@type":"ListItem","position":1,"name":"Inicio","item":"https:\/\/apuntesdesanluis.com\/"},{"@type":"ListItem","position":2,"name":"SUMA FIJA: CONFIRMAN QUE LAS PROVINCIAS Y MUNICIPIOS TENDR\u00c1N QUE PAGARLA CON FONDOS PROPIOS"}]},{"@type":"WebSite","@id":"https:\/\/apuntesdesanluis.com\/#website","url":"https:\/\/apuntesdesanluis.com\/","name":"Apuntes de San Luis","description":"","publisher":{"@id":"https:\/\/apuntesdesanluis.com\/#\/schema\/person\/b55151d52296fcce64d1a72538a70b90"},"potentialAction":[{"@type":"SearchAction","target":{"@type":"EntryPoint","urlTemplate":"https:\/\/apuntesdesanluis.com\/?s={search_term_string}"},"query-input":{"@type":"PropertyValueSpecification","valueRequired":true,"valueName":"search_term_string"}}],"inLanguage":"es-AR"},{"@type":["Person","Organization"],"@id":"https:\/\/apuntesdesanluis.com\/#\/schema\/person\/b55151d52296fcce64d1a72538a70b90","name":"apuntesdesanluis.com","image":{"@type":"ImageObject","inLanguage":"es-AR","@id":"https:\/\/apuntesdesanluis.com\/#\/schema\/person\/image\/","url":"https:\/\/apuntesdesanluis.com\/wp-content\/uploads\/2023\/07\/cropped-apuntesdesanluis.png","contentUrl":"https:\/\/apuntesdesanluis.com\/wp-content\/uploads\/2023\/07\/cropped-apuntesdesanluis.png","width":450,"height":112,"caption":"apuntesdesanluis.com"},"logo":{"@id":"https:\/\/apuntesdesanluis.com\/#\/schema\/person\/image\/"},"sameAs":["https:\/\/apuntesdesanluis.com"],"url":"https:\/\/apuntesdesanluis.com\/index.php\/author\/apuntesdesanluis-com\/"}]}},"featured_image_urls":{"full":["https:\/\/apuntesdesanluis.com\/wp-content\/uploads\/2023\/08\/kelly-olmos.png",937,542,false],"thumbnail":["https:\/\/apuntesdesanluis.com\/wp-content\/uploads\/2023\/08\/kelly-olmos-150x150.png",150,150,true],"medium":["https:\/\/apuntesdesanluis.com\/wp-content\/uploads\/2023\/08\/kelly-olmos-300x174.png",300,174,true],"medium_large":["https:\/\/apuntesdesanluis.com\/wp-content\/uploads\/2023\/08\/kelly-olmos-768x444.png",640,370,true],"large":["https:\/\/apuntesdesanluis.com\/wp-content\/uploads\/2023\/08\/kelly-olmos.png",640,370,false],"1536x1536":["https:\/\/apuntesdesanluis.com\/wp-content\/uploads\/2023\/08\/kelly-olmos.png",937,542,false],"2048x2048":["https:\/\/apuntesdesanluis.com\/wp-content\/uploads\/2023\/08\/kelly-olmos.png",937,542,false],"newsever-slider-full":["https:\/\/apuntesdesanluis.com\/wp-content\/uploads\/2023\/08\/kelly-olmos.png",937,542,false],"newsever-featured":["https:\/\/apuntesdesanluis.com\/wp-content\/uploads\/2023\/08\/kelly-olmos.png",937,542,false],"newsever-medium":["https:\/\/apuntesdesanluis.com\/wp-content\/uploads\/2023\/08\/kelly-olmos-720x475.png",720,475,true]},"author_info":{"display_name":"apuntesdesanluis.com","author_link":"https:\/\/apuntesdesanluis.com\/index.php\/author\/apuntesdesanluis-com\/"},"category_info":"<a href=\"https:\/\/apuntesdesanluis.com\/index.php\/category\/nacionales-internacionales\/\" rel=\"category tag\">Nacionales\/Internacionales<\/a>","tag_info":"Nacionales\/Internacionales","comment_count":"0","_links":{"self":[{"href":"https:\/\/apuntesdesanluis.com\/index.php\/wp-json\/wp\/v2\/posts\/2246","targetHints":{"allow":["GET"]}}],"collection":[{"href":"https:\/\/apuntesdesanluis.com\/index.php\/wp-json\/wp\/v2\/posts"}],"about":[{"href":"https:\/\/apuntesdesanluis.com\/index.php\/wp-json\/wp\/v2\/types\/post"}],"author":[{"embeddable":true,"href":"https:\/\/apuntesdesanluis.com\/index.php\/wp-json\/wp\/v2\/users\/1"}],"replies":[{"embeddable":true,"href":"https:\/\/apuntesdesanluis.com\/index.php\/wp-json\/wp\/v2\/comments?post=2246"}],"version-history":[{"count":1,"href":"https:\/\/apuntesdesanluis.com\/index.php\/wp-json\/wp\/v2\/posts\/2246\/revisions"}],"predecessor-version":[{"id":2248,"href":"https:\/\/apuntesdesanluis.com\/index.php\/wp-json\/wp\/v2\/posts\/2246\/revisions\/2248"}],"wp:featuredmedia":[{"embeddable":true,"href":"https:\/\/apuntesdesanluis.com\/index.php\/wp-json\/wp\/v2\/media\/2247"}],"wp:attachment":[{"href":"https:\/\/apuntesdesanluis.com\/index.php\/wp-json\/wp\/v2\/media?parent=2246"}],"wp:term":[{"taxonomy":"category","embeddable":true,"href":"https:\/\/apuntesdesanluis.com\/index.php\/wp-json\/wp\/v2\/categories?post=2246"},{"taxonomy":"post_tag","embeddable":true,"href":"https:\/\/apuntesdesanluis.com\/index.php\/wp-json\/wp\/v2\/tags?post=2246"}],"curies":[{"name":"wp","href":"https:\/\/api.w.org\/{rel}","templated":true}]}}