{"id":22461,"date":"2024-09-19T18:55:25","date_gmt":"2024-09-19T21:55:25","guid":{"rendered":"https:\/\/apuntesdesanluis.com\/?p=22461"},"modified":"2024-09-19T18:55:25","modified_gmt":"2024-09-19T21:55:25","slug":"bomberos-heridos-casas-afectadas-y-evacuados-por-los-incendios","status":"publish","type":"post","link":"https:\/\/apuntesdesanluis.com\/index.php\/2024\/09\/19\/bomberos-heridos-casas-afectadas-y-evacuados-por-los-incendios\/","title":{"rendered":"BOMBEROS HERIDOS, CASAS AFECTADAS Y EVACUADOS POR LOS INCENDIOS"},"content":{"rendered":"<h3>Bomberos y brigadistas trabajan para controlar incendios de importante magnitud en las localidades de Las Lagunas, Paso Grande, Potrerillo y el paraje Balcarce en cercan\u00edas del dique Piscu Yaco. El viento en la zona dificulta las tareas. Tres servidores p\u00fablicos de Quines sufrieron quemaduras.<\/h3>\n<h3>Las tareas para sofocar las llamas se realizan desde este mi\u00e9rcoles en varias localidades de San Mart\u00edn y Jun\u00edn.<\/h3>\n<h3>En temporada alta de incendios, con la presencia de fuertes vientos y sin precipitaciones, el fuego no da tregua en la provincia y dotaciones de bomberos de varias localidades, de la Polic\u00eda y brigadistas trabajan incansablemente desde este mi\u00e9rcoles en diferentes puntos del territorio donde se registran incendios forestales de gran magnitud, con consecuencias ambientales y materiales.<\/h3>\n<h3><img fetchpriority=\"high\" decoding=\"async\" class=\"wp-image-22463 aligncenter\" src=\"https:\/\/apuntesdesanluis.com\/wp-content\/uploads\/2024\/09\/incendio-campo-300x197.png\" alt=\"\" width=\"535\" height=\"351\" srcset=\"https:\/\/apuntesdesanluis.com\/wp-content\/uploads\/2024\/09\/incendio-campo-300x197.png 300w, https:\/\/apuntesdesanluis.com\/wp-content\/uploads\/2024\/09\/incendio-campo.png 649w\" sizes=\"(max-width: 535px) 100vw, 535px\" \/><\/h3>\n<h3>El ministerio de Seguridad inform\u00f3 que en el departamento San Mart\u00edn, los incendios se registran en Las Lagunas, Paso Grande y Potrerillo. Son varias las dotaciones que trabajan en el lugar y este jueves por la ma\u00f1ana se intensificaron las tareas con mayor cantidad de personal para combatir los focos que a\u00fan est\u00e1n activos. Por los fuertes vientos que hay en la zona no se pueden utilizar por el momento los aviones hidrantes. El tr\u00e1nsito en la ruta que une Paso Grande con Potrerillo fue interrumpido por la presencia de humo en la zona y ya se encuentra habilitado.<\/h3>\n<h3>Por la magnitud del incendio, en la tarde del mi\u00e9rcoles tres bomberos voluntarios de Quines fueron alcanzados por las llamas gener\u00e1ndoles quemaduras de primer grado. En una primera instancia fueron atendidos en el hospital de San Mart\u00edn, luego trasladados al centro de salud de Quines y solo una mujer bombero fue derivada al \u2018Ram\u00f3n Carrillo\u2019 para una mejor atenci\u00f3n. Los tres se encuentran bien y dos ya recibieron el alta m\u00e9dica.<\/h3>\n<h3>En el paraje Balcarce, zona del dique Piscu Yaco, tambi\u00e9n contin\u00faan las tareas para contener el fuego y la disminuci\u00f3n de la intensidad del viento permite que actualmente el Servicio Nacional del Manejo del Fuego trabaje con aviones hidrantes. Por la magnitud del incendio y su cercan\u00eda con algunas viviendas, tres casas fueron alcanzadas por las llamas. No hay heridos y pero s\u00ed fue necesaria la evacuaci\u00f3n de sus moradores.<\/h3>\n<h3>Tambi\u00e9n se registraron incendios en Donovan y Uni\u00f3n. Ambos ya fueron contenidos.<\/h3>\n<p>&nbsp;<\/p>\n<p>&nbsp;<\/p>\n<p>&nbsp;<\/p>\n<p>&nbsp;<\/p>\n<p>&nbsp;<\/p>\n<p>&nbsp;<\/p>\n<p>&nbsp;<\/p>\n","protected":false},"excerpt":{"rendered":"<p>Bomberos y brigadistas trabajan para controlar incendios de importante magnitud en las localidades de Las&#8230;<\/p>\n","protected":false},"author":1,"featured_media":22462,"comment_status":"closed","ping_status":"closed","sticky":false,"template":"","format":"standard","meta":{"footnotes":""},"categories":[6],"tags":[],"class_list":["post-22461","post","type-post","status-publish","format-standard","has-post-thumbnail","hentry","category-ciudad-provincia"],"yoast_head":"<!-- This site is optimized with the Yoast SEO plugin v26.1.1 - https:\/\/yoast.com\/wordpress\/plugins\/seo\/ -->\n<title>BOMBEROS HERIDOS, CASAS AFECTADAS Y EVACUADOS POR LOS INCENDIOS - Apuntes de San Luis<\/title>\n<meta name=\"robots\" content=\"index, follow, max-snippet:-1, max-image-preview:large, max-video-preview:-1\" \/>\n<link rel=\"canonical\" href=\"https:\/\/apuntesdesanluis.com\/index.php\/2024\/09\/19\/bomberos-heridos-casas-afectadas-y-evacuados-por-los-incendios\/\" \/>\n<meta property=\"og:locale\" content=\"es_ES\" \/>\n<meta property=\"og:type\" content=\"article\" \/>\n<meta property=\"og:title\" content=\"BOMBEROS HERIDOS, CASAS AFECTADAS Y EVACUADOS POR LOS INCENDIOS - Apuntes de San Luis\" \/>\n<meta property=\"og:description\" content=\"Bomberos y brigadistas trabajan para controlar incendios de importante magnitud en las localidades de Las...\" \/>\n<meta property=\"og:url\" content=\"https:\/\/apuntesdesanluis.com\/index.php\/2024\/09\/19\/bomberos-heridos-casas-afectadas-y-evacuados-por-los-incendios\/\" \/>\n<meta property=\"og:site_name\" content=\"Apuntes de San Luis\" \/>\n<meta property=\"article:published_time\" content=\"2024-09-19T21:55:25+00:00\" \/>\n<meta property=\"og:image\" content=\"https:\/\/apuntesdesanluis.com\/wp-content\/uploads\/2024\/09\/incendio-portada.png\" \/>\n\t<meta property=\"og:image:width\" content=\"700\" \/>\n\t<meta property=\"og:image:height\" content=\"456\" \/>\n\t<meta property=\"og:image:type\" content=\"image\/png\" \/>\n<meta name=\"author\" content=\"apuntesdesanluis.com\" \/>\n<meta name=\"twitter:card\" content=\"summary_large_image\" \/>\n<meta name=\"twitter:label1\" content=\"Escrito por\" \/>\n\t<meta name=\"twitter:data1\" content=\"apuntesdesanluis.com\" \/>\n\t<meta name=\"twitter:label2\" content=\"Tiempo de lectura\" \/>\n\t<meta name=\"twitter:data2\" content=\"3 minutos\" \/>\n<script type=\"application\/ld+json\" class=\"yoast-schema-graph\">{\"@context\":\"https:\/\/schema.org\",\"@graph\":[{\"@type\":\"Article\",\"@id\":\"https:\/\/apuntesdesanluis.com\/index.php\/2024\/09\/19\/bomberos-heridos-casas-afectadas-y-evacuados-por-los-incendios\/#article\",\"isPartOf\":{\"@id\":\"https:\/\/apuntesdesanluis.com\/index.php\/2024\/09\/19\/bomberos-heridos-casas-afectadas-y-evacuados-por-los-incendios\/\"},\"author\":{\"name\":\"apuntesdesanluis.com\",\"@id\":\"https:\/\/apuntesdesanluis.com\/#\/schema\/person\/b55151d52296fcce64d1a72538a70b90\"},\"headline\":\"BOMBEROS HERIDOS, CASAS AFECTADAS Y EVACUADOS POR LOS INCENDIOS\",\"datePublished\":\"2024-09-19T21:55:25+00:00\",\"mainEntityOfPage\":{\"@id\":\"https:\/\/apuntesdesanluis.com\/index.php\/2024\/09\/19\/bomberos-heridos-casas-afectadas-y-evacuados-por-los-incendios\/\"},\"wordCount\":413,\"publisher\":{\"@id\":\"https:\/\/apuntesdesanluis.com\/#\/schema\/person\/b55151d52296fcce64d1a72538a70b90\"},\"image\":{\"@id\":\"https:\/\/apuntesdesanluis.com\/index.php\/2024\/09\/19\/bomberos-heridos-casas-afectadas-y-evacuados-por-los-incendios\/#primaryimage\"},\"thumbnailUrl\":\"https:\/\/apuntesdesanluis.com\/wp-content\/uploads\/2024\/09\/incendio-portada.png\",\"articleSection\":[\"Ciudad\/Provincia\"],\"inLanguage\":\"es-AR\"},{\"@type\":\"WebPage\",\"@id\":\"https:\/\/apuntesdesanluis.com\/index.php\/2024\/09\/19\/bomberos-heridos-casas-afectadas-y-evacuados-por-los-incendios\/\",\"url\":\"https:\/\/apuntesdesanluis.com\/index.php\/2024\/09\/19\/bomberos-heridos-casas-afectadas-y-evacuados-por-los-incendios\/\",\"name\":\"BOMBEROS HERIDOS, CASAS AFECTADAS Y EVACUADOS POR LOS INCENDIOS - Apuntes de San Luis\",\"isPartOf\":{\"@id\":\"https:\/\/apuntesdesanluis.com\/#website\"},\"primaryImageOfPage\":{\"@id\":\"https:\/\/apuntesdesanluis.com\/index.php\/2024\/09\/19\/bomberos-heridos-casas-afectadas-y-evacuados-por-los-incendios\/#primaryimage\"},\"image\":{\"@id\":\"https:\/\/apuntesdesanluis.com\/index.php\/2024\/09\/19\/bomberos-heridos-casas-afectadas-y-evacuados-por-los-incendios\/#primaryimage\"},\"thumbnailUrl\":\"https:\/\/apuntesdesanluis.com\/wp-content\/uploads\/2024\/09\/incendio-portada.png\",\"datePublished\":\"2024-09-19T21:55:25+00:00\",\"breadcrumb\":{\"@id\":\"https:\/\/apuntesdesanluis.com\/index.php\/2024\/09\/19\/bomberos-heridos-casas-afectadas-y-evacuados-por-los-incendios\/#breadcrumb\"},\"inLanguage\":\"es-AR\",\"potentialAction\":[{\"@type\":\"ReadAction\",\"target\":[\"https:\/\/apuntesdesanluis.com\/index.php\/2024\/09\/19\/bomberos-heridos-casas-afectadas-y-evacuados-por-los-incendios\/\"]}]},{\"@type\":\"ImageObject\",\"inLanguage\":\"es-AR\",\"@id\":\"https:\/\/apuntesdesanluis.com\/index.php\/2024\/09\/19\/bomberos-heridos-casas-afectadas-y-evacuados-por-los-incendios\/#primaryimage\",\"url\":\"https:\/\/apuntesdesanluis.com\/wp-content\/uploads\/2024\/09\/incendio-portada.png\",\"contentUrl\":\"https:\/\/apuntesdesanluis.com\/wp-content\/uploads\/2024\/09\/incendio-portada.png\",\"width\":700,\"height\":456},{\"@type\":\"BreadcrumbList\",\"@id\":\"https:\/\/apuntesdesanluis.com\/index.php\/2024\/09\/19\/bomberos-heridos-casas-afectadas-y-evacuados-por-los-incendios\/#breadcrumb\",\"itemListElement\":[{\"@type\":\"ListItem\",\"position\":1,\"name\":\"Inicio\",\"item\":\"https:\/\/apuntesdesanluis.com\/\"},{\"@type\":\"ListItem\",\"position\":2,\"name\":\"BOMBEROS HERIDOS, CASAS AFECTADAS Y EVACUADOS POR LOS INCENDIOS\"}]},{\"@type\":\"WebSite\",\"@id\":\"https:\/\/apuntesdesanluis.com\/#website\",\"url\":\"https:\/\/apuntesdesanluis.com\/\",\"name\":\"Apuntes de San Luis\",\"description\":\"\",\"publisher\":{\"@id\":\"https:\/\/apuntesdesanluis.com\/#\/schema\/person\/b55151d52296fcce64d1a72538a70b90\"},\"potentialAction\":[{\"@type\":\"SearchAction\",\"target\":{\"@type\":\"EntryPoint\",\"urlTemplate\":\"https:\/\/apuntesdesanluis.com\/?s={search_term_string}\"},\"query-input\":{\"@type\":\"PropertyValueSpecification\",\"valueRequired\":true,\"valueName\":\"search_term_string\"}}],\"inLanguage\":\"es-AR\"},{\"@type\":[\"Person\",\"Organization\"],\"@id\":\"https:\/\/apuntesdesanluis.com\/#\/schema\/person\/b55151d52296fcce64d1a72538a70b90\",\"name\":\"apuntesdesanluis.com\",\"image\":{\"@type\":\"ImageObject\",\"inLanguage\":\"es-AR\",\"@id\":\"https:\/\/apuntesdesanluis.com\/#\/schema\/person\/image\/\",\"url\":\"https:\/\/apuntesdesanluis.com\/wp-content\/uploads\/2023\/07\/cropped-apuntesdesanluis.png\",\"contentUrl\":\"https:\/\/apuntesdesanluis.com\/wp-content\/uploads\/2023\/07\/cropped-apuntesdesanluis.png\",\"width\":450,\"height\":112,\"caption\":\"apuntesdesanluis.com\"},\"logo\":{\"@id\":\"https:\/\/apuntesdesanluis.com\/#\/schema\/person\/image\/\"},\"sameAs\":[\"https:\/\/apuntesdesanluis.com\"],\"url\":\"https:\/\/apuntesdesanluis.com\/index.php\/author\/apuntesdesanluis-com\/\"}]}<\/script>\n<!-- \/ Yoast SEO plugin. -->","yoast_head_json":{"title":"BOMBEROS HERIDOS, CASAS AFECTADAS Y EVACUADOS POR LOS INCENDIOS - Apuntes de San Luis","robots":{"index":"index","follow":"follow","max-snippet":"max-snippet:-1","max-image-preview":"max-image-preview:large","max-video-preview":"max-video-preview:-1"},"canonical":"https:\/\/apuntesdesanluis.com\/index.php\/2024\/09\/19\/bomberos-heridos-casas-afectadas-y-evacuados-por-los-incendios\/","og_locale":"es_ES","og_type":"article","og_title":"BOMBEROS HERIDOS, CASAS AFECTADAS Y EVACUADOS POR LOS INCENDIOS - Apuntes de San Luis","og_description":"Bomberos y brigadistas trabajan para controlar incendios de importante magnitud en las localidades de Las...","og_url":"https:\/\/apuntesdesanluis.com\/index.php\/2024\/09\/19\/bomberos-heridos-casas-afectadas-y-evacuados-por-los-incendios\/","og_site_name":"Apuntes de San Luis","article_published_time":"2024-09-19T21:55:25+00:00","og_image":[{"width":700,"height":456,"url":"https:\/\/apuntesdesanluis.com\/wp-content\/uploads\/2024\/09\/incendio-portada.png","type":"image\/png"}],"author":"apuntesdesanluis.com","twitter_card":"summary_large_image","twitter_misc":{"Escrito por":"apuntesdesanluis.com","Tiempo de lectura":"3 minutos"},"schema":{"@context":"https:\/\/schema.org","@graph":[{"@type":"Article","@id":"https:\/\/apuntesdesanluis.com\/index.php\/2024\/09\/19\/bomberos-heridos-casas-afectadas-y-evacuados-por-los-incendios\/#article","isPartOf":{"@id":"https:\/\/apuntesdesanluis.com\/index.php\/2024\/09\/19\/bomberos-heridos-casas-afectadas-y-evacuados-por-los-incendios\/"},"author":{"name":"apuntesdesanluis.com","@id":"https:\/\/apuntesdesanluis.com\/#\/schema\/person\/b55151d52296fcce64d1a72538a70b90"},"headline":"BOMBEROS HERIDOS, CASAS AFECTADAS Y EVACUADOS POR LOS INCENDIOS","datePublished":"2024-09-19T21:55:25+00:00","mainEntityOfPage":{"@id":"https:\/\/apuntesdesanluis.com\/index.php\/2024\/09\/19\/bomberos-heridos-casas-afectadas-y-evacuados-por-los-incendios\/"},"wordCount":413,"publisher":{"@id":"https:\/\/apuntesdesanluis.com\/#\/schema\/person\/b55151d52296fcce64d1a72538a70b90"},"image":{"@id":"https:\/\/apuntesdesanluis.com\/index.php\/2024\/09\/19\/bomberos-heridos-casas-afectadas-y-evacuados-por-los-incendios\/#primaryimage"},"thumbnailUrl":"https:\/\/apuntesdesanluis.com\/wp-content\/uploads\/2024\/09\/incendio-portada.png","articleSection":["Ciudad\/Provincia"],"inLanguage":"es-AR"},{"@type":"WebPage","@id":"https:\/\/apuntesdesanluis.com\/index.php\/2024\/09\/19\/bomberos-heridos-casas-afectadas-y-evacuados-por-los-incendios\/","url":"https:\/\/apuntesdesanluis.com\/index.php\/2024\/09\/19\/bomberos-heridos-casas-afectadas-y-evacuados-por-los-incendios\/","name":"BOMBEROS HERIDOS, CASAS AFECTADAS Y EVACUADOS POR LOS INCENDIOS - Apuntes de San Luis","isPartOf":{"@id":"https:\/\/apuntesdesanluis.com\/#website"},"primaryImageOfPage":{"@id":"https:\/\/apuntesdesanluis.com\/index.php\/2024\/09\/19\/bomberos-heridos-casas-afectadas-y-evacuados-por-los-incendios\/#primaryimage"},"image":{"@id":"https:\/\/apuntesdesanluis.com\/index.php\/2024\/09\/19\/bomberos-heridos-casas-afectadas-y-evacuados-por-los-incendios\/#primaryimage"},"thumbnailUrl":"https:\/\/apuntesdesanluis.com\/wp-content\/uploads\/2024\/09\/incendio-portada.png","datePublished":"2024-09-19T21:55:25+00:00","breadcrumb":{"@id":"https:\/\/apuntesdesanluis.com\/index.php\/2024\/09\/19\/bomberos-heridos-casas-afectadas-y-evacuados-por-los-incendios\/#breadcrumb"},"inLanguage":"es-AR","potentialAction":[{"@type":"ReadAction","target":["https:\/\/apuntesdesanluis.com\/index.php\/2024\/09\/19\/bomberos-heridos-casas-afectadas-y-evacuados-por-los-incendios\/"]}]},{"@type":"ImageObject","inLanguage":"es-AR","@id":"https:\/\/apuntesdesanluis.com\/index.php\/2024\/09\/19\/bomberos-heridos-casas-afectadas-y-evacuados-por-los-incendios\/#primaryimage","url":"https:\/\/apuntesdesanluis.com\/wp-content\/uploads\/2024\/09\/incendio-portada.png","contentUrl":"https:\/\/apuntesdesanluis.com\/wp-content\/uploads\/2024\/09\/incendio-portada.png","width":700,"height":456},{"@type":"BreadcrumbList","@id":"https:\/\/apuntesdesanluis.com\/index.php\/2024\/09\/19\/bomberos-heridos-casas-afectadas-y-evacuados-por-los-incendios\/#breadcrumb","itemListElement":[{"@type":"ListItem","position":1,"name":"Inicio","item":"https:\/\/apuntesdesanluis.com\/"},{"@type":"ListItem","position":2,"name":"BOMBEROS HERIDOS, CASAS AFECTADAS Y EVACUADOS POR LOS INCENDIOS"}]},{"@type":"WebSite","@id":"https:\/\/apuntesdesanluis.com\/#website","url":"https:\/\/apuntesdesanluis.com\/","name":"Apuntes de San Luis","description":"","publisher":{"@id":"https:\/\/apuntesdesanluis.com\/#\/schema\/person\/b55151d52296fcce64d1a72538a70b90"},"potentialAction":[{"@type":"SearchAction","target":{"@type":"EntryPoint","urlTemplate":"https:\/\/apuntesdesanluis.com\/?s={search_term_string}"},"query-input":{"@type":"PropertyValueSpecification","valueRequired":true,"valueName":"search_term_string"}}],"inLanguage":"es-AR"},{"@type":["Person","Organization"],"@id":"https:\/\/apuntesdesanluis.com\/#\/schema\/person\/b55151d52296fcce64d1a72538a70b90","name":"apuntesdesanluis.com","image":{"@type":"ImageObject","inLanguage":"es-AR","@id":"https:\/\/apuntesdesanluis.com\/#\/schema\/person\/image\/","url":"https:\/\/apuntesdesanluis.com\/wp-content\/uploads\/2023\/07\/cropped-apuntesdesanluis.png","contentUrl":"https:\/\/apuntesdesanluis.com\/wp-content\/uploads\/2023\/07\/cropped-apuntesdesanluis.png","width":450,"height":112,"caption":"apuntesdesanluis.com"},"logo":{"@id":"https:\/\/apuntesdesanluis.com\/#\/schema\/person\/image\/"},"sameAs":["https:\/\/apuntesdesanluis.com"],"url":"https:\/\/apuntesdesanluis.com\/index.php\/author\/apuntesdesanluis-com\/"}]}},"featured_image_urls":{"full":["https:\/\/apuntesdesanluis.com\/wp-content\/uploads\/2024\/09\/incendio-portada.png",700,456,false],"thumbnail":["https:\/\/apuntesdesanluis.com\/wp-content\/uploads\/2024\/09\/incendio-portada-150x150.png",150,150,true],"medium":["https:\/\/apuntesdesanluis.com\/wp-content\/uploads\/2024\/09\/incendio-portada-300x195.png",300,195,true],"medium_large":["https:\/\/apuntesdesanluis.com\/wp-content\/uploads\/2024\/09\/incendio-portada.png",640,417,false],"large":["https:\/\/apuntesdesanluis.com\/wp-content\/uploads\/2024\/09\/incendio-portada.png",640,417,false],"1536x1536":["https:\/\/apuntesdesanluis.com\/wp-content\/uploads\/2024\/09\/incendio-portada.png",700,456,false],"2048x2048":["https:\/\/apuntesdesanluis.com\/wp-content\/uploads\/2024\/09\/incendio-portada.png",700,456,false],"newsever-slider-full":["https:\/\/apuntesdesanluis.com\/wp-content\/uploads\/2024\/09\/incendio-portada.png",700,456,false],"newsever-featured":["https:\/\/apuntesdesanluis.com\/wp-content\/uploads\/2024\/09\/incendio-portada.png",700,456,false],"newsever-medium":["https:\/\/apuntesdesanluis.com\/wp-content\/uploads\/2024\/09\/incendio-portada.png",700,456,false]},"author_info":{"display_name":"apuntesdesanluis.com","author_link":"https:\/\/apuntesdesanluis.com\/index.php\/author\/apuntesdesanluis-com\/"},"category_info":"<a href=\"https:\/\/apuntesdesanluis.com\/index.php\/category\/ciudad-provincia\/\" rel=\"category tag\">Ciudad\/Provincia<\/a>","tag_info":"Ciudad\/Provincia","comment_count":"0","_links":{"self":[{"href":"https:\/\/apuntesdesanluis.com\/index.php\/wp-json\/wp\/v2\/posts\/22461","targetHints":{"allow":["GET"]}}],"collection":[{"href":"https:\/\/apuntesdesanluis.com\/index.php\/wp-json\/wp\/v2\/posts"}],"about":[{"href":"https:\/\/apuntesdesanluis.com\/index.php\/wp-json\/wp\/v2\/types\/post"}],"author":[{"embeddable":true,"href":"https:\/\/apuntesdesanluis.com\/index.php\/wp-json\/wp\/v2\/users\/1"}],"replies":[{"embeddable":true,"href":"https:\/\/apuntesdesanluis.com\/index.php\/wp-json\/wp\/v2\/comments?post=22461"}],"version-history":[{"count":1,"href":"https:\/\/apuntesdesanluis.com\/index.php\/wp-json\/wp\/v2\/posts\/22461\/revisions"}],"predecessor-version":[{"id":22464,"href":"https:\/\/apuntesdesanluis.com\/index.php\/wp-json\/wp\/v2\/posts\/22461\/revisions\/22464"}],"wp:featuredmedia":[{"embeddable":true,"href":"https:\/\/apuntesdesanluis.com\/index.php\/wp-json\/wp\/v2\/media\/22462"}],"wp:attachment":[{"href":"https:\/\/apuntesdesanluis.com\/index.php\/wp-json\/wp\/v2\/media?parent=22461"}],"wp:term":[{"taxonomy":"category","embeddable":true,"href":"https:\/\/apuntesdesanluis.com\/index.php\/wp-json\/wp\/v2\/categories?post=22461"},{"taxonomy":"post_tag","embeddable":true,"href":"https:\/\/apuntesdesanluis.com\/index.php\/wp-json\/wp\/v2\/tags?post=22461"}],"curies":[{"name":"wp","href":"https:\/\/api.w.org\/{rel}","templated":true}]}}