{"id":22475,"date":"2024-09-19T18:14:56","date_gmt":"2024-09-19T21:14:56","guid":{"rendered":"https:\/\/apuntesdesanluis.com\/?p=22475"},"modified":"2024-09-19T19:16:41","modified_gmt":"2024-09-19T22:16:41","slug":"juicio-abreviado-condenan-a-un-hombre-a-dos-anos-y-cuatro-meses-de-prision-efectiva","status":"publish","type":"post","link":"https:\/\/apuntesdesanluis.com\/index.php\/2024\/09\/19\/juicio-abreviado-condenan-a-un-hombre-a-dos-anos-y-cuatro-meses-de-prision-efectiva\/","title":{"rendered":"JUICIO ABREVIADO: CONDENAN A UN HOMBRE A DOS A\u00d1OS Y CUATRO MESES DE PRISI\u00d3N EFECTIVA"},"content":{"rendered":"<h3>La sala penal de la Tercera Circunscripci\u00f3n Judicial, presidida por la jueza Sandra Piguillem, declar\u00f3 a un hombre de 31 a\u00f1os como autor material y penalmente responsable del delito de robo simple, dos hechos, en concurso real, en una causa que se concluy\u00f3 bajo el procedimiento de juicio abreviado.\u00a0 La pena impuesta fue de dos a\u00f1os y cuatro meses de prisi\u00f3n efectiva, a cumplir en el Servicio Penitenciario Provincial.<\/h3>\n<h3>El imputado hab\u00eda sido investigado por dos hechos ocurridos en la localidad de Villa de Merlo. El primer robo tuvo lugar el 17 de febrero de 2024, cuando, alrededor de la 01:20, ingres\u00f3 a un local comercial ubicado en Av. Del Sol al 300. En ese momento, amenaz\u00f3 a la empleada, que contaba la recaudaci\u00f3n del d\u00eda, y se llev\u00f3 la suma de $161.000. El hecho fue registrado por las c\u00e1maras de seguridad, lo que permiti\u00f3 su posterior detenci\u00f3n y la recuperaci\u00f3n del dinero.<\/h3>\n<h3>El segundo robo ocurri\u00f3 el 22 de mayo de 2024, a las 16:30, en un comercio en la calle Juan de Videla. El imputado, vestido de pantal\u00f3n marr\u00f3n, borcegu\u00edes y una gorra negra, amenaz\u00f3 a la empleada y se llev\u00f3 $500.000. Este hecho tambi\u00e9n fue captado por c\u00e1maras de seguridad, lo que facilit\u00f3 su detenci\u00f3n.<\/h3>\n<h3>Participaron desde el Ministerio P\u00fablico Fiscal, D\u00e9bora Antonella Roy Gitto, fiscal de instrucci\u00f3n y Sandra Aguirre, fiscal adjunta. Desde el Ministerio de la Defensa, Agustina Tobares, defensora oficial y Mar\u00eda Luz Vilchez, defensora adjunta.<\/h3>\n<p>&nbsp;<\/p>\n<p>&nbsp;<\/p>\n<p>&nbsp;<\/p>\n<p>&nbsp;<\/p>\n<p>&nbsp;<\/p>\n<p>&nbsp;<\/p>\n","protected":false},"excerpt":{"rendered":"<p>La sala penal de la Tercera Circunscripci\u00f3n Judicial, presidida por la jueza Sandra Piguillem, declar\u00f3&#8230;<\/p>\n","protected":false},"author":1,"featured_media":22476,"comment_status":"closed","ping_status":"closed","sticky":false,"template":"","format":"standard","meta":{"footnotes":""},"categories":[6],"tags":[],"class_list":["post-22475","post","type-post","status-publish","format-standard","has-post-thumbnail","hentry","category-ciudad-provincia"],"yoast_head":"<!-- This site is optimized with the Yoast SEO plugin v26.1.1 - https:\/\/yoast.com\/wordpress\/plugins\/seo\/ -->\n<title>JUICIO ABREVIADO: CONDENAN A UN HOMBRE A DOS A\u00d1OS Y CUATRO MESES DE PRISI\u00d3N EFECTIVA - Apuntes de San Luis<\/title>\n<meta name=\"robots\" content=\"index, follow, max-snippet:-1, max-image-preview:large, max-video-preview:-1\" \/>\n<link rel=\"canonical\" href=\"https:\/\/apuntesdesanluis.com\/index.php\/2024\/09\/19\/juicio-abreviado-condenan-a-un-hombre-a-dos-anos-y-cuatro-meses-de-prision-efectiva\/\" \/>\n<meta property=\"og:locale\" content=\"es_ES\" \/>\n<meta property=\"og:type\" content=\"article\" \/>\n<meta property=\"og:title\" content=\"JUICIO ABREVIADO: CONDENAN A UN HOMBRE A DOS A\u00d1OS Y CUATRO MESES DE PRISI\u00d3N EFECTIVA - Apuntes de San Luis\" \/>\n<meta property=\"og:description\" content=\"La sala penal de la Tercera Circunscripci\u00f3n Judicial, presidida por la jueza Sandra Piguillem, declar\u00f3...\" \/>\n<meta property=\"og:url\" content=\"https:\/\/apuntesdesanluis.com\/index.php\/2024\/09\/19\/juicio-abreviado-condenan-a-un-hombre-a-dos-anos-y-cuatro-meses-de-prision-efectiva\/\" \/>\n<meta property=\"og:site_name\" content=\"Apuntes de San Luis\" \/>\n<meta property=\"article:published_time\" content=\"2024-09-19T21:14:56+00:00\" \/>\n<meta property=\"article:modified_time\" content=\"2024-09-19T22:16:41+00:00\" \/>\n<meta property=\"og:image\" content=\"https:\/\/apuntesdesanluis.com\/wp-content\/uploads\/2024\/09\/TRIBUNALES-1.png\" \/>\n\t<meta property=\"og:image:width\" content=\"700\" \/>\n\t<meta property=\"og:image:height\" content=\"465\" \/>\n\t<meta property=\"og:image:type\" content=\"image\/png\" \/>\n<meta name=\"author\" content=\"apuntesdesanluis.com\" \/>\n<meta name=\"twitter:card\" content=\"summary_large_image\" \/>\n<meta name=\"twitter:label1\" content=\"Escrito por\" \/>\n\t<meta name=\"twitter:data1\" content=\"apuntesdesanluis.com\" \/>\n\t<meta name=\"twitter:label2\" content=\"Tiempo de lectura\" \/>\n\t<meta name=\"twitter:data2\" content=\"2 minutos\" \/>\n<script type=\"application\/ld+json\" class=\"yoast-schema-graph\">{\"@context\":\"https:\/\/schema.org\",\"@graph\":[{\"@type\":\"Article\",\"@id\":\"https:\/\/apuntesdesanluis.com\/index.php\/2024\/09\/19\/juicio-abreviado-condenan-a-un-hombre-a-dos-anos-y-cuatro-meses-de-prision-efectiva\/#article\",\"isPartOf\":{\"@id\":\"https:\/\/apuntesdesanluis.com\/index.php\/2024\/09\/19\/juicio-abreviado-condenan-a-un-hombre-a-dos-anos-y-cuatro-meses-de-prision-efectiva\/\"},\"author\":{\"name\":\"apuntesdesanluis.com\",\"@id\":\"https:\/\/apuntesdesanluis.com\/#\/schema\/person\/b55151d52296fcce64d1a72538a70b90\"},\"headline\":\"JUICIO ABREVIADO: CONDENAN A UN HOMBRE A DOS A\u00d1OS Y CUATRO MESES DE PRISI\u00d3N EFECTIVA\",\"datePublished\":\"2024-09-19T21:14:56+00:00\",\"dateModified\":\"2024-09-19T22:16:41+00:00\",\"mainEntityOfPage\":{\"@id\":\"https:\/\/apuntesdesanluis.com\/index.php\/2024\/09\/19\/juicio-abreviado-condenan-a-un-hombre-a-dos-anos-y-cuatro-meses-de-prision-efectiva\/\"},\"wordCount\":275,\"publisher\":{\"@id\":\"https:\/\/apuntesdesanluis.com\/#\/schema\/person\/b55151d52296fcce64d1a72538a70b90\"},\"image\":{\"@id\":\"https:\/\/apuntesdesanluis.com\/index.php\/2024\/09\/19\/juicio-abreviado-condenan-a-un-hombre-a-dos-anos-y-cuatro-meses-de-prision-efectiva\/#primaryimage\"},\"thumbnailUrl\":\"https:\/\/apuntesdesanluis.com\/wp-content\/uploads\/2024\/09\/TRIBUNALES-1.png\",\"articleSection\":[\"Ciudad\/Provincia\"],\"inLanguage\":\"es-AR\"},{\"@type\":\"WebPage\",\"@id\":\"https:\/\/apuntesdesanluis.com\/index.php\/2024\/09\/19\/juicio-abreviado-condenan-a-un-hombre-a-dos-anos-y-cuatro-meses-de-prision-efectiva\/\",\"url\":\"https:\/\/apuntesdesanluis.com\/index.php\/2024\/09\/19\/juicio-abreviado-condenan-a-un-hombre-a-dos-anos-y-cuatro-meses-de-prision-efectiva\/\",\"name\":\"JUICIO ABREVIADO: CONDENAN A UN HOMBRE A DOS A\u00d1OS Y CUATRO MESES DE PRISI\u00d3N EFECTIVA - Apuntes de San Luis\",\"isPartOf\":{\"@id\":\"https:\/\/apuntesdesanluis.com\/#website\"},\"primaryImageOfPage\":{\"@id\":\"https:\/\/apuntesdesanluis.com\/index.php\/2024\/09\/19\/juicio-abreviado-condenan-a-un-hombre-a-dos-anos-y-cuatro-meses-de-prision-efectiva\/#primaryimage\"},\"image\":{\"@id\":\"https:\/\/apuntesdesanluis.com\/index.php\/2024\/09\/19\/juicio-abreviado-condenan-a-un-hombre-a-dos-anos-y-cuatro-meses-de-prision-efectiva\/#primaryimage\"},\"thumbnailUrl\":\"https:\/\/apuntesdesanluis.com\/wp-content\/uploads\/2024\/09\/TRIBUNALES-1.png\",\"datePublished\":\"2024-09-19T21:14:56+00:00\",\"dateModified\":\"2024-09-19T22:16:41+00:00\",\"breadcrumb\":{\"@id\":\"https:\/\/apuntesdesanluis.com\/index.php\/2024\/09\/19\/juicio-abreviado-condenan-a-un-hombre-a-dos-anos-y-cuatro-meses-de-prision-efectiva\/#breadcrumb\"},\"inLanguage\":\"es-AR\",\"potentialAction\":[{\"@type\":\"ReadAction\",\"target\":[\"https:\/\/apuntesdesanluis.com\/index.php\/2024\/09\/19\/juicio-abreviado-condenan-a-un-hombre-a-dos-anos-y-cuatro-meses-de-prision-efectiva\/\"]}]},{\"@type\":\"ImageObject\",\"inLanguage\":\"es-AR\",\"@id\":\"https:\/\/apuntesdesanluis.com\/index.php\/2024\/09\/19\/juicio-abreviado-condenan-a-un-hombre-a-dos-anos-y-cuatro-meses-de-prision-efectiva\/#primaryimage\",\"url\":\"https:\/\/apuntesdesanluis.com\/wp-content\/uploads\/2024\/09\/TRIBUNALES-1.png\",\"contentUrl\":\"https:\/\/apuntesdesanluis.com\/wp-content\/uploads\/2024\/09\/TRIBUNALES-1.png\",\"width\":700,\"height\":465},{\"@type\":\"BreadcrumbList\",\"@id\":\"https:\/\/apuntesdesanluis.com\/index.php\/2024\/09\/19\/juicio-abreviado-condenan-a-un-hombre-a-dos-anos-y-cuatro-meses-de-prision-efectiva\/#breadcrumb\",\"itemListElement\":[{\"@type\":\"ListItem\",\"position\":1,\"name\":\"Inicio\",\"item\":\"https:\/\/apuntesdesanluis.com\/\"},{\"@type\":\"ListItem\",\"position\":2,\"name\":\"JUICIO ABREVIADO: CONDENAN A UN HOMBRE A DOS A\u00d1OS Y CUATRO MESES DE PRISI\u00d3N EFECTIVA\"}]},{\"@type\":\"WebSite\",\"@id\":\"https:\/\/apuntesdesanluis.com\/#website\",\"url\":\"https:\/\/apuntesdesanluis.com\/\",\"name\":\"Apuntes de San Luis\",\"description\":\"\",\"publisher\":{\"@id\":\"https:\/\/apuntesdesanluis.com\/#\/schema\/person\/b55151d52296fcce64d1a72538a70b90\"},\"potentialAction\":[{\"@type\":\"SearchAction\",\"target\":{\"@type\":\"EntryPoint\",\"urlTemplate\":\"https:\/\/apuntesdesanluis.com\/?s={search_term_string}\"},\"query-input\":{\"@type\":\"PropertyValueSpecification\",\"valueRequired\":true,\"valueName\":\"search_term_string\"}}],\"inLanguage\":\"es-AR\"},{\"@type\":[\"Person\",\"Organization\"],\"@id\":\"https:\/\/apuntesdesanluis.com\/#\/schema\/person\/b55151d52296fcce64d1a72538a70b90\",\"name\":\"apuntesdesanluis.com\",\"image\":{\"@type\":\"ImageObject\",\"inLanguage\":\"es-AR\",\"@id\":\"https:\/\/apuntesdesanluis.com\/#\/schema\/person\/image\/\",\"url\":\"https:\/\/apuntesdesanluis.com\/wp-content\/uploads\/2023\/07\/cropped-apuntesdesanluis.png\",\"contentUrl\":\"https:\/\/apuntesdesanluis.com\/wp-content\/uploads\/2023\/07\/cropped-apuntesdesanluis.png\",\"width\":450,\"height\":112,\"caption\":\"apuntesdesanluis.com\"},\"logo\":{\"@id\":\"https:\/\/apuntesdesanluis.com\/#\/schema\/person\/image\/\"},\"sameAs\":[\"https:\/\/apuntesdesanluis.com\"],\"url\":\"https:\/\/apuntesdesanluis.com\/index.php\/author\/apuntesdesanluis-com\/\"}]}<\/script>\n<!-- \/ Yoast SEO plugin. -->","yoast_head_json":{"title":"JUICIO ABREVIADO: CONDENAN A UN HOMBRE A DOS A\u00d1OS Y CUATRO MESES DE PRISI\u00d3N EFECTIVA - Apuntes de San Luis","robots":{"index":"index","follow":"follow","max-snippet":"max-snippet:-1","max-image-preview":"max-image-preview:large","max-video-preview":"max-video-preview:-1"},"canonical":"https:\/\/apuntesdesanluis.com\/index.php\/2024\/09\/19\/juicio-abreviado-condenan-a-un-hombre-a-dos-anos-y-cuatro-meses-de-prision-efectiva\/","og_locale":"es_ES","og_type":"article","og_title":"JUICIO ABREVIADO: CONDENAN A UN HOMBRE A DOS A\u00d1OS Y CUATRO MESES DE PRISI\u00d3N EFECTIVA - Apuntes de San Luis","og_description":"La sala penal de la Tercera Circunscripci\u00f3n Judicial, presidida por la jueza Sandra Piguillem, declar\u00f3...","og_url":"https:\/\/apuntesdesanluis.com\/index.php\/2024\/09\/19\/juicio-abreviado-condenan-a-un-hombre-a-dos-anos-y-cuatro-meses-de-prision-efectiva\/","og_site_name":"Apuntes de San Luis","article_published_time":"2024-09-19T21:14:56+00:00","article_modified_time":"2024-09-19T22:16:41+00:00","og_image":[{"width":700,"height":465,"url":"https:\/\/apuntesdesanluis.com\/wp-content\/uploads\/2024\/09\/TRIBUNALES-1.png","type":"image\/png"}],"author":"apuntesdesanluis.com","twitter_card":"summary_large_image","twitter_misc":{"Escrito por":"apuntesdesanluis.com","Tiempo de lectura":"2 minutos"},"schema":{"@context":"https:\/\/schema.org","@graph":[{"@type":"Article","@id":"https:\/\/apuntesdesanluis.com\/index.php\/2024\/09\/19\/juicio-abreviado-condenan-a-un-hombre-a-dos-anos-y-cuatro-meses-de-prision-efectiva\/#article","isPartOf":{"@id":"https:\/\/apuntesdesanluis.com\/index.php\/2024\/09\/19\/juicio-abreviado-condenan-a-un-hombre-a-dos-anos-y-cuatro-meses-de-prision-efectiva\/"},"author":{"name":"apuntesdesanluis.com","@id":"https:\/\/apuntesdesanluis.com\/#\/schema\/person\/b55151d52296fcce64d1a72538a70b90"},"headline":"JUICIO ABREVIADO: CONDENAN A UN HOMBRE A DOS A\u00d1OS Y CUATRO MESES DE PRISI\u00d3N EFECTIVA","datePublished":"2024-09-19T21:14:56+00:00","dateModified":"2024-09-19T22:16:41+00:00","mainEntityOfPage":{"@id":"https:\/\/apuntesdesanluis.com\/index.php\/2024\/09\/19\/juicio-abreviado-condenan-a-un-hombre-a-dos-anos-y-cuatro-meses-de-prision-efectiva\/"},"wordCount":275,"publisher":{"@id":"https:\/\/apuntesdesanluis.com\/#\/schema\/person\/b55151d52296fcce64d1a72538a70b90"},"image":{"@id":"https:\/\/apuntesdesanluis.com\/index.php\/2024\/09\/19\/juicio-abreviado-condenan-a-un-hombre-a-dos-anos-y-cuatro-meses-de-prision-efectiva\/#primaryimage"},"thumbnailUrl":"https:\/\/apuntesdesanluis.com\/wp-content\/uploads\/2024\/09\/TRIBUNALES-1.png","articleSection":["Ciudad\/Provincia"],"inLanguage":"es-AR"},{"@type":"WebPage","@id":"https:\/\/apuntesdesanluis.com\/index.php\/2024\/09\/19\/juicio-abreviado-condenan-a-un-hombre-a-dos-anos-y-cuatro-meses-de-prision-efectiva\/","url":"https:\/\/apuntesdesanluis.com\/index.php\/2024\/09\/19\/juicio-abreviado-condenan-a-un-hombre-a-dos-anos-y-cuatro-meses-de-prision-efectiva\/","name":"JUICIO ABREVIADO: CONDENAN A UN HOMBRE A DOS A\u00d1OS Y CUATRO MESES DE PRISI\u00d3N EFECTIVA - Apuntes de San Luis","isPartOf":{"@id":"https:\/\/apuntesdesanluis.com\/#website"},"primaryImageOfPage":{"@id":"https:\/\/apuntesdesanluis.com\/index.php\/2024\/09\/19\/juicio-abreviado-condenan-a-un-hombre-a-dos-anos-y-cuatro-meses-de-prision-efectiva\/#primaryimage"},"image":{"@id":"https:\/\/apuntesdesanluis.com\/index.php\/2024\/09\/19\/juicio-abreviado-condenan-a-un-hombre-a-dos-anos-y-cuatro-meses-de-prision-efectiva\/#primaryimage"},"thumbnailUrl":"https:\/\/apuntesdesanluis.com\/wp-content\/uploads\/2024\/09\/TRIBUNALES-1.png","datePublished":"2024-09-19T21:14:56+00:00","dateModified":"2024-09-19T22:16:41+00:00","breadcrumb":{"@id":"https:\/\/apuntesdesanluis.com\/index.php\/2024\/09\/19\/juicio-abreviado-condenan-a-un-hombre-a-dos-anos-y-cuatro-meses-de-prision-efectiva\/#breadcrumb"},"inLanguage":"es-AR","potentialAction":[{"@type":"ReadAction","target":["https:\/\/apuntesdesanluis.com\/index.php\/2024\/09\/19\/juicio-abreviado-condenan-a-un-hombre-a-dos-anos-y-cuatro-meses-de-prision-efectiva\/"]}]},{"@type":"ImageObject","inLanguage":"es-AR","@id":"https:\/\/apuntesdesanluis.com\/index.php\/2024\/09\/19\/juicio-abreviado-condenan-a-un-hombre-a-dos-anos-y-cuatro-meses-de-prision-efectiva\/#primaryimage","url":"https:\/\/apuntesdesanluis.com\/wp-content\/uploads\/2024\/09\/TRIBUNALES-1.png","contentUrl":"https:\/\/apuntesdesanluis.com\/wp-content\/uploads\/2024\/09\/TRIBUNALES-1.png","width":700,"height":465},{"@type":"BreadcrumbList","@id":"https:\/\/apuntesdesanluis.com\/index.php\/2024\/09\/19\/juicio-abreviado-condenan-a-un-hombre-a-dos-anos-y-cuatro-meses-de-prision-efectiva\/#breadcrumb","itemListElement":[{"@type":"ListItem","position":1,"name":"Inicio","item":"https:\/\/apuntesdesanluis.com\/"},{"@type":"ListItem","position":2,"name":"JUICIO ABREVIADO: CONDENAN A UN HOMBRE A DOS A\u00d1OS Y CUATRO MESES DE PRISI\u00d3N EFECTIVA"}]},{"@type":"WebSite","@id":"https:\/\/apuntesdesanluis.com\/#website","url":"https:\/\/apuntesdesanluis.com\/","name":"Apuntes de San Luis","description":"","publisher":{"@id":"https:\/\/apuntesdesanluis.com\/#\/schema\/person\/b55151d52296fcce64d1a72538a70b90"},"potentialAction":[{"@type":"SearchAction","target":{"@type":"EntryPoint","urlTemplate":"https:\/\/apuntesdesanluis.com\/?s={search_term_string}"},"query-input":{"@type":"PropertyValueSpecification","valueRequired":true,"valueName":"search_term_string"}}],"inLanguage":"es-AR"},{"@type":["Person","Organization"],"@id":"https:\/\/apuntesdesanluis.com\/#\/schema\/person\/b55151d52296fcce64d1a72538a70b90","name":"apuntesdesanluis.com","image":{"@type":"ImageObject","inLanguage":"es-AR","@id":"https:\/\/apuntesdesanluis.com\/#\/schema\/person\/image\/","url":"https:\/\/apuntesdesanluis.com\/wp-content\/uploads\/2023\/07\/cropped-apuntesdesanluis.png","contentUrl":"https:\/\/apuntesdesanluis.com\/wp-content\/uploads\/2023\/07\/cropped-apuntesdesanluis.png","width":450,"height":112,"caption":"apuntesdesanluis.com"},"logo":{"@id":"https:\/\/apuntesdesanluis.com\/#\/schema\/person\/image\/"},"sameAs":["https:\/\/apuntesdesanluis.com"],"url":"https:\/\/apuntesdesanluis.com\/index.php\/author\/apuntesdesanluis-com\/"}]}},"featured_image_urls":{"full":["https:\/\/apuntesdesanluis.com\/wp-content\/uploads\/2024\/09\/TRIBUNALES-1.png",700,465,false],"thumbnail":["https:\/\/apuntesdesanluis.com\/wp-content\/uploads\/2024\/09\/TRIBUNALES-1-150x150.png",150,150,true],"medium":["https:\/\/apuntesdesanluis.com\/wp-content\/uploads\/2024\/09\/TRIBUNALES-1-300x199.png",300,199,true],"medium_large":["https:\/\/apuntesdesanluis.com\/wp-content\/uploads\/2024\/09\/TRIBUNALES-1.png",640,425,false],"large":["https:\/\/apuntesdesanluis.com\/wp-content\/uploads\/2024\/09\/TRIBUNALES-1.png",640,425,false],"1536x1536":["https:\/\/apuntesdesanluis.com\/wp-content\/uploads\/2024\/09\/TRIBUNALES-1.png",700,465,false],"2048x2048":["https:\/\/apuntesdesanluis.com\/wp-content\/uploads\/2024\/09\/TRIBUNALES-1.png",700,465,false],"newsever-slider-full":["https:\/\/apuntesdesanluis.com\/wp-content\/uploads\/2024\/09\/TRIBUNALES-1.png",700,465,false],"newsever-featured":["https:\/\/apuntesdesanluis.com\/wp-content\/uploads\/2024\/09\/TRIBUNALES-1.png",700,465,false],"newsever-medium":["https:\/\/apuntesdesanluis.com\/wp-content\/uploads\/2024\/09\/TRIBUNALES-1.png",700,465,false]},"author_info":{"display_name":"apuntesdesanluis.com","author_link":"https:\/\/apuntesdesanluis.com\/index.php\/author\/apuntesdesanluis-com\/"},"category_info":"<a href=\"https:\/\/apuntesdesanluis.com\/index.php\/category\/ciudad-provincia\/\" rel=\"category tag\">Ciudad\/Provincia<\/a>","tag_info":"Ciudad\/Provincia","comment_count":"0","_links":{"self":[{"href":"https:\/\/apuntesdesanluis.com\/index.php\/wp-json\/wp\/v2\/posts\/22475","targetHints":{"allow":["GET"]}}],"collection":[{"href":"https:\/\/apuntesdesanluis.com\/index.php\/wp-json\/wp\/v2\/posts"}],"about":[{"href":"https:\/\/apuntesdesanluis.com\/index.php\/wp-json\/wp\/v2\/types\/post"}],"author":[{"embeddable":true,"href":"https:\/\/apuntesdesanluis.com\/index.php\/wp-json\/wp\/v2\/users\/1"}],"replies":[{"embeddable":true,"href":"https:\/\/apuntesdesanluis.com\/index.php\/wp-json\/wp\/v2\/comments?post=22475"}],"version-history":[{"count":1,"href":"https:\/\/apuntesdesanluis.com\/index.php\/wp-json\/wp\/v2\/posts\/22475\/revisions"}],"predecessor-version":[{"id":22477,"href":"https:\/\/apuntesdesanluis.com\/index.php\/wp-json\/wp\/v2\/posts\/22475\/revisions\/22477"}],"wp:featuredmedia":[{"embeddable":true,"href":"https:\/\/apuntesdesanluis.com\/index.php\/wp-json\/wp\/v2\/media\/22476"}],"wp:attachment":[{"href":"https:\/\/apuntesdesanluis.com\/index.php\/wp-json\/wp\/v2\/media?parent=22475"}],"wp:term":[{"taxonomy":"category","embeddable":true,"href":"https:\/\/apuntesdesanluis.com\/index.php\/wp-json\/wp\/v2\/categories?post=22475"},{"taxonomy":"post_tag","embeddable":true,"href":"https:\/\/apuntesdesanluis.com\/index.php\/wp-json\/wp\/v2\/tags?post=22475"}],"curies":[{"name":"wp","href":"https:\/\/api.w.org\/{rel}","templated":true}]}}