{"id":22487,"date":"2024-09-19T20:46:18","date_gmt":"2024-09-19T23:46:18","guid":{"rendered":"https:\/\/apuntesdesanluis.com\/?p=22487"},"modified":"2024-09-19T20:46:38","modified_gmt":"2024-09-19T23:46:38","slug":"poggi-lo-que-nos-va-a-sacar-de-la-postergacion-es-la-educacion","status":"publish","type":"post","link":"https:\/\/apuntesdesanluis.com\/index.php\/2024\/09\/19\/poggi-lo-que-nos-va-a-sacar-de-la-postergacion-es-la-educacion\/","title":{"rendered":"POGGI: \u201cLO QUE NOS VA A SACAR DE LA POSTERGACI\u00d3N ES LA EDUCACI\u00d3N\u201d"},"content":{"rendered":"<h3>El gobernador <strong>Claudio Poggi<\/strong> consider\u00f3 que \u201cen Argentina se habla poco de educaci\u00f3n\u201d.<\/h3>\n<h3>En su ya tradicional visita de los jueves a Villa Mercedes, el gobernador Poggi hizo anuncios de sumo inter\u00e9s para la comunidad educativa de la ciudad: \u201cVamos a poner en funcionamiento dos nuevas escuelas a partir del ciclo lectivo 2025, el secundario de la escuela \u2018Tom\u00e1s Jofr\u00e9\u2019 funcionar\u00e1 en el barrio Santa Rita de Casia y otra en el barrio Libertad, este es un edificio escolar nuevo\u201d, destac\u00f3.<\/h3>\n<h3>Claudio Poggi record\u00f3 la transformaci\u00f3n que sufri\u00f3 el predio donde el pr\u00f3ximo a\u00f1o la \u2018Tom\u00e1s Jofr\u00e9\u2019 habilitar\u00e1 el nivel Secundario: \u201cUn obrador a medias, un caldo de cultivo para la inseguridad, la insalubridad y todo lo que significa y acarrea eso. As\u00ed que transformar eso en una escuela fue una buena idea y creo que la \u2018vuelta de tuerca\u2019 que le hemos dado ahora con descentralizar la escuela, la va a potenciar\u201d, asegur\u00f3.<\/h3>\n<h3>\u201cLa idea de mi gobierno es educar y generar trabajo. Pero la educaci\u00f3n es la madre de las pol\u00edticas p\u00fablicas\u201d, y justific\u00f3 su afirmaci\u00f3n haciendo notar que en la jornada \u201ccasi el 70% de mi actividad en Villa Mercedes fue de educaci\u00f3n\u201d.<\/h3>\n<h3>El Gobernador hizo alusi\u00f3n a actividad en la tarde-noche del mi\u00e9rcoles donde tambi\u00e9n estuvo la educaci\u00f3n como eje: \u201cEstuve en una escuela nocturna en San Luis, en la Feria de Ciencias escuchando cada proyecto destacado&#8221; y reflexion\u00f3: \u201cCreo que en una Argentina donde se habla poco de educaci\u00f3n, donde mis pares hablan poco de educaci\u00f3n, donde pareciera que no hay un lugar para educaci\u00f3n; hay otras preocupaciones, seguramente que s\u00ed, pero lo que nos va a sacar de la postergaci\u00f3n es la educaci\u00f3n, es el acceso al conocimiento\u201d, concluy\u00f3.<\/h3>\n<h3><strong>CENTRO DE REBAJE DE EDESAL<\/strong><\/h3>\n<h3><strong>Por otra parte, en<\/strong>\u00a0la tarde primaveral de Villa Mercedes, qued\u00f3 formalmente inaugurado el nuevo centro de rebaje de la empresa EDESAL S.A, en un evento que cont\u00f3 con la presencia del gobernador Claudio Poggi, el intendente de la ciudad, Maximiliano Frontera, la viceintendente, Silvina Galetto, legisladores provinciales, funcionarios locales, y autoridades de la compa\u00f1\u00eda el\u00e9ctrica.<\/h3>\n<h3>Los invitados fueron recibidos por el gerente general de la empresa, Mart\u00edn Lombardini, acompa\u00f1ado por el gerente de Distribuci\u00f3n, Ariel Coman; el responsable comercial, Gustavo Falavigna y la titular de Relaciones Institucionales, Mariela Quiroga.<\/h3>\n<h3>Durante el acto, Lombardini pronunci\u00f3 un discurso en el que destac\u00f3 la importancia de la inversi\u00f3n en infraestructura el\u00e9ctrica para garantizar un servicio de calidad a los vecinos de Villa Mercedes, precisando que no solo refuerza la capacidad de distribuci\u00f3n, sino que tambi\u00e9n mejora la confiabilidad del servicio en una zona en crecimiento constante. El ejecutivo agradeci\u00f3 el apoyo del Gobierno provincial y municipal, as\u00ed como el compromiso de sus trabajadores para concretar este proyecto.<\/h3>\n<p><img fetchpriority=\"high\" decoding=\"async\" class=\"wp-image-981990 img-fluid aligncenter\" src=\"https:\/\/agenciasanluis.com\/wp-content\/uploads\/2024\/09\/WhatsApp-Image-2024-09-19-at-18.39.55-1-scaled.jpeg\" sizes=\"(max-width: 2560px) 100vw, 2560px\" srcset=\"https:\/\/agenciasanluis.com\/wp-content\/uploads\/2024\/09\/WhatsApp-Image-2024-09-19-at-18.39.55-1-scaled.jpeg 2560w, https:\/\/agenciasanluis.com\/wp-content\/uploads\/2024\/09\/WhatsApp-Image-2024-09-19-at-18.39.55-1-300x203.jpeg 300w, https:\/\/agenciasanluis.com\/wp-content\/uploads\/2024\/09\/WhatsApp-Image-2024-09-19-at-18.39.55-1-900x608.jpeg 900w, https:\/\/agenciasanluis.com\/wp-content\/uploads\/2024\/09\/WhatsApp-Image-2024-09-19-at-18.39.55-1-768x519.jpeg 768w, https:\/\/agenciasanluis.com\/wp-content\/uploads\/2024\/09\/WhatsApp-Image-2024-09-19-at-18.39.55-1-1536x1038.jpeg 1536w, https:\/\/agenciasanluis.com\/wp-content\/uploads\/2024\/09\/WhatsApp-Image-2024-09-19-at-18.39.55-1-2048x1383.jpeg 2048w\" alt=\"\" width=\"739\" height=\"499\" \/><\/p>\n<h3>Seg\u00fan Coman, el dispositivo tiene como meta central la distribuci\u00f3n de energ\u00eda dentro de las zonas de urbanizaci\u00f3n. \u201cNos llev\u00f3 un a\u00f1o construirlo, entendemos que es una herramienta que acompa\u00f1a y demuestra el crecimiento de Villa Mercedes\u201d, inform\u00f3 el directivo, quien adem\u00e1s subray\u00f3 que el equipo es controlado a la distancia, desde el centro de maniobras ubicado en San Luis.<\/h3>\n<h3>Por su parte, el gobernador Claudio Poggi resalt\u00f3 el rol fundamental que tiene la energ\u00eda en el desarrollo econ\u00f3mico y social de la provincia y celebr\u00f3 el trabajo conjunto entre el sector p\u00fablico y privado. \u201cEsta obra es una muestra de que, cuando unimos esfuerzos, podemos mejorar la calidad de vida de todos los ciudadanos\u201d, se\u00f1al\u00f3.<\/h3>\n<p>&nbsp;<\/p>\n<p>&nbsp;<\/p>\n<p>&nbsp;<\/p>\n<h3><\/h3>\n<h3><\/h3>\n<h3><\/h3>\n<h3><\/h3>\n<p>&nbsp;<\/p>\n<p>&nbsp;<\/p>\n","protected":false},"excerpt":{"rendered":"<p>El gobernador Claudio Poggi consider\u00f3 que \u201cen Argentina se habla poco de educaci\u00f3n\u201d. En su&#8230;<\/p>\n","protected":false},"author":1,"featured_media":22489,"comment_status":"closed","ping_status":"closed","sticky":false,"template":"","format":"standard","meta":{"footnotes":""},"categories":[6],"tags":[],"class_list":["post-22487","post","type-post","status-publish","format-standard","has-post-thumbnail","hentry","category-ciudad-provincia"],"yoast_head":"<!-- This site is optimized with the Yoast SEO plugin v26.1.1 - https:\/\/yoast.com\/wordpress\/plugins\/seo\/ -->\n<title>POGGI: \u201cLO QUE NOS VA A SACAR DE LA POSTERGACI\u00d3N ES LA EDUCACI\u00d3N\u201d - Apuntes de San Luis<\/title>\n<meta name=\"robots\" content=\"index, follow, max-snippet:-1, max-image-preview:large, max-video-preview:-1\" \/>\n<link rel=\"canonical\" href=\"https:\/\/apuntesdesanluis.com\/index.php\/2024\/09\/19\/poggi-lo-que-nos-va-a-sacar-de-la-postergacion-es-la-educacion\/\" \/>\n<meta property=\"og:locale\" content=\"es_ES\" \/>\n<meta property=\"og:type\" content=\"article\" \/>\n<meta property=\"og:title\" content=\"POGGI: \u201cLO QUE NOS VA A SACAR DE LA POSTERGACI\u00d3N ES LA EDUCACI\u00d3N\u201d - Apuntes de San Luis\" \/>\n<meta property=\"og:description\" content=\"El gobernador Claudio Poggi consider\u00f3 que \u201cen Argentina se habla poco de educaci\u00f3n\u201d. En su...\" \/>\n<meta property=\"og:url\" content=\"https:\/\/apuntesdesanluis.com\/index.php\/2024\/09\/19\/poggi-lo-que-nos-va-a-sacar-de-la-postergacion-es-la-educacion\/\" \/>\n<meta property=\"og:site_name\" content=\"Apuntes de San Luis\" \/>\n<meta property=\"article:published_time\" content=\"2024-09-19T23:46:18+00:00\" \/>\n<meta property=\"article:modified_time\" content=\"2024-09-19T23:46:38+00:00\" \/>\n<meta property=\"og:image\" content=\"https:\/\/apuntesdesanluis.com\/wp-content\/uploads\/2024\/09\/poggi-7.png\" \/>\n\t<meta property=\"og:image:width\" content=\"600\" \/>\n\t<meta property=\"og:image:height\" content=\"373\" \/>\n\t<meta property=\"og:image:type\" content=\"image\/png\" \/>\n<meta name=\"author\" content=\"apuntesdesanluis.com\" \/>\n<meta name=\"twitter:card\" content=\"summary_large_image\" \/>\n<meta name=\"twitter:label1\" content=\"Escrito por\" \/>\n\t<meta name=\"twitter:data1\" content=\"apuntesdesanluis.com\" \/>\n\t<meta name=\"twitter:label2\" content=\"Tiempo de lectura\" \/>\n\t<meta name=\"twitter:data2\" content=\"4 minutos\" \/>\n<script type=\"application\/ld+json\" class=\"yoast-schema-graph\">{\"@context\":\"https:\/\/schema.org\",\"@graph\":[{\"@type\":\"Article\",\"@id\":\"https:\/\/apuntesdesanluis.com\/index.php\/2024\/09\/19\/poggi-lo-que-nos-va-a-sacar-de-la-postergacion-es-la-educacion\/#article\",\"isPartOf\":{\"@id\":\"https:\/\/apuntesdesanluis.com\/index.php\/2024\/09\/19\/poggi-lo-que-nos-va-a-sacar-de-la-postergacion-es-la-educacion\/\"},\"author\":{\"name\":\"apuntesdesanluis.com\",\"@id\":\"https:\/\/apuntesdesanluis.com\/#\/schema\/person\/b55151d52296fcce64d1a72538a70b90\"},\"headline\":\"POGGI: \u201cLO QUE NOS VA A SACAR DE LA POSTERGACI\u00d3N ES LA EDUCACI\u00d3N\u201d\",\"datePublished\":\"2024-09-19T23:46:18+00:00\",\"dateModified\":\"2024-09-19T23:46:38+00:00\",\"mainEntityOfPage\":{\"@id\":\"https:\/\/apuntesdesanluis.com\/index.php\/2024\/09\/19\/poggi-lo-que-nos-va-a-sacar-de-la-postergacion-es-la-educacion\/\"},\"wordCount\":631,\"publisher\":{\"@id\":\"https:\/\/apuntesdesanluis.com\/#\/schema\/person\/b55151d52296fcce64d1a72538a70b90\"},\"image\":{\"@id\":\"https:\/\/apuntesdesanluis.com\/index.php\/2024\/09\/19\/poggi-lo-que-nos-va-a-sacar-de-la-postergacion-es-la-educacion\/#primaryimage\"},\"thumbnailUrl\":\"https:\/\/apuntesdesanluis.com\/wp-content\/uploads\/2024\/09\/poggi-7.png\",\"articleSection\":[\"Ciudad\/Provincia\"],\"inLanguage\":\"es-AR\"},{\"@type\":\"WebPage\",\"@id\":\"https:\/\/apuntesdesanluis.com\/index.php\/2024\/09\/19\/poggi-lo-que-nos-va-a-sacar-de-la-postergacion-es-la-educacion\/\",\"url\":\"https:\/\/apuntesdesanluis.com\/index.php\/2024\/09\/19\/poggi-lo-que-nos-va-a-sacar-de-la-postergacion-es-la-educacion\/\",\"name\":\"POGGI: \u201cLO QUE NOS VA A SACAR DE LA POSTERGACI\u00d3N ES LA EDUCACI\u00d3N\u201d - Apuntes de San Luis\",\"isPartOf\":{\"@id\":\"https:\/\/apuntesdesanluis.com\/#website\"},\"primaryImageOfPage\":{\"@id\":\"https:\/\/apuntesdesanluis.com\/index.php\/2024\/09\/19\/poggi-lo-que-nos-va-a-sacar-de-la-postergacion-es-la-educacion\/#primaryimage\"},\"image\":{\"@id\":\"https:\/\/apuntesdesanluis.com\/index.php\/2024\/09\/19\/poggi-lo-que-nos-va-a-sacar-de-la-postergacion-es-la-educacion\/#primaryimage\"},\"thumbnailUrl\":\"https:\/\/apuntesdesanluis.com\/wp-content\/uploads\/2024\/09\/poggi-7.png\",\"datePublished\":\"2024-09-19T23:46:18+00:00\",\"dateModified\":\"2024-09-19T23:46:38+00:00\",\"breadcrumb\":{\"@id\":\"https:\/\/apuntesdesanluis.com\/index.php\/2024\/09\/19\/poggi-lo-que-nos-va-a-sacar-de-la-postergacion-es-la-educacion\/#breadcrumb\"},\"inLanguage\":\"es-AR\",\"potentialAction\":[{\"@type\":\"ReadAction\",\"target\":[\"https:\/\/apuntesdesanluis.com\/index.php\/2024\/09\/19\/poggi-lo-que-nos-va-a-sacar-de-la-postergacion-es-la-educacion\/\"]}]},{\"@type\":\"ImageObject\",\"inLanguage\":\"es-AR\",\"@id\":\"https:\/\/apuntesdesanluis.com\/index.php\/2024\/09\/19\/poggi-lo-que-nos-va-a-sacar-de-la-postergacion-es-la-educacion\/#primaryimage\",\"url\":\"https:\/\/apuntesdesanluis.com\/wp-content\/uploads\/2024\/09\/poggi-7.png\",\"contentUrl\":\"https:\/\/apuntesdesanluis.com\/wp-content\/uploads\/2024\/09\/poggi-7.png\",\"width\":600,\"height\":373},{\"@type\":\"BreadcrumbList\",\"@id\":\"https:\/\/apuntesdesanluis.com\/index.php\/2024\/09\/19\/poggi-lo-que-nos-va-a-sacar-de-la-postergacion-es-la-educacion\/#breadcrumb\",\"itemListElement\":[{\"@type\":\"ListItem\",\"position\":1,\"name\":\"Inicio\",\"item\":\"https:\/\/apuntesdesanluis.com\/\"},{\"@type\":\"ListItem\",\"position\":2,\"name\":\"POGGI: \u201cLO QUE NOS VA A SACAR DE LA POSTERGACI\u00d3N ES LA EDUCACI\u00d3N\u201d\"}]},{\"@type\":\"WebSite\",\"@id\":\"https:\/\/apuntesdesanluis.com\/#website\",\"url\":\"https:\/\/apuntesdesanluis.com\/\",\"name\":\"Apuntes de San Luis\",\"description\":\"\",\"publisher\":{\"@id\":\"https:\/\/apuntesdesanluis.com\/#\/schema\/person\/b55151d52296fcce64d1a72538a70b90\"},\"potentialAction\":[{\"@type\":\"SearchAction\",\"target\":{\"@type\":\"EntryPoint\",\"urlTemplate\":\"https:\/\/apuntesdesanluis.com\/?s={search_term_string}\"},\"query-input\":{\"@type\":\"PropertyValueSpecification\",\"valueRequired\":true,\"valueName\":\"search_term_string\"}}],\"inLanguage\":\"es-AR\"},{\"@type\":[\"Person\",\"Organization\"],\"@id\":\"https:\/\/apuntesdesanluis.com\/#\/schema\/person\/b55151d52296fcce64d1a72538a70b90\",\"name\":\"apuntesdesanluis.com\",\"image\":{\"@type\":\"ImageObject\",\"inLanguage\":\"es-AR\",\"@id\":\"https:\/\/apuntesdesanluis.com\/#\/schema\/person\/image\/\",\"url\":\"https:\/\/apuntesdesanluis.com\/wp-content\/uploads\/2023\/07\/cropped-apuntesdesanluis.png\",\"contentUrl\":\"https:\/\/apuntesdesanluis.com\/wp-content\/uploads\/2023\/07\/cropped-apuntesdesanluis.png\",\"width\":450,\"height\":112,\"caption\":\"apuntesdesanluis.com\"},\"logo\":{\"@id\":\"https:\/\/apuntesdesanluis.com\/#\/schema\/person\/image\/\"},\"sameAs\":[\"https:\/\/apuntesdesanluis.com\"],\"url\":\"https:\/\/apuntesdesanluis.com\/index.php\/author\/apuntesdesanluis-com\/\"}]}<\/script>\n<!-- \/ Yoast SEO plugin. -->","yoast_head_json":{"title":"POGGI: \u201cLO QUE NOS VA A SACAR DE LA POSTERGACI\u00d3N ES LA EDUCACI\u00d3N\u201d - Apuntes de San Luis","robots":{"index":"index","follow":"follow","max-snippet":"max-snippet:-1","max-image-preview":"max-image-preview:large","max-video-preview":"max-video-preview:-1"},"canonical":"https:\/\/apuntesdesanluis.com\/index.php\/2024\/09\/19\/poggi-lo-que-nos-va-a-sacar-de-la-postergacion-es-la-educacion\/","og_locale":"es_ES","og_type":"article","og_title":"POGGI: \u201cLO QUE NOS VA A SACAR DE LA POSTERGACI\u00d3N ES LA EDUCACI\u00d3N\u201d - Apuntes de San Luis","og_description":"El gobernador Claudio Poggi consider\u00f3 que \u201cen Argentina se habla poco de educaci\u00f3n\u201d. En su...","og_url":"https:\/\/apuntesdesanluis.com\/index.php\/2024\/09\/19\/poggi-lo-que-nos-va-a-sacar-de-la-postergacion-es-la-educacion\/","og_site_name":"Apuntes de San Luis","article_published_time":"2024-09-19T23:46:18+00:00","article_modified_time":"2024-09-19T23:46:38+00:00","og_image":[{"width":600,"height":373,"url":"https:\/\/apuntesdesanluis.com\/wp-content\/uploads\/2024\/09\/poggi-7.png","type":"image\/png"}],"author":"apuntesdesanluis.com","twitter_card":"summary_large_image","twitter_misc":{"Escrito por":"apuntesdesanluis.com","Tiempo de lectura":"4 minutos"},"schema":{"@context":"https:\/\/schema.org","@graph":[{"@type":"Article","@id":"https:\/\/apuntesdesanluis.com\/index.php\/2024\/09\/19\/poggi-lo-que-nos-va-a-sacar-de-la-postergacion-es-la-educacion\/#article","isPartOf":{"@id":"https:\/\/apuntesdesanluis.com\/index.php\/2024\/09\/19\/poggi-lo-que-nos-va-a-sacar-de-la-postergacion-es-la-educacion\/"},"author":{"name":"apuntesdesanluis.com","@id":"https:\/\/apuntesdesanluis.com\/#\/schema\/person\/b55151d52296fcce64d1a72538a70b90"},"headline":"POGGI: \u201cLO QUE NOS VA A SACAR DE LA POSTERGACI\u00d3N ES LA EDUCACI\u00d3N\u201d","datePublished":"2024-09-19T23:46:18+00:00","dateModified":"2024-09-19T23:46:38+00:00","mainEntityOfPage":{"@id":"https:\/\/apuntesdesanluis.com\/index.php\/2024\/09\/19\/poggi-lo-que-nos-va-a-sacar-de-la-postergacion-es-la-educacion\/"},"wordCount":631,"publisher":{"@id":"https:\/\/apuntesdesanluis.com\/#\/schema\/person\/b55151d52296fcce64d1a72538a70b90"},"image":{"@id":"https:\/\/apuntesdesanluis.com\/index.php\/2024\/09\/19\/poggi-lo-que-nos-va-a-sacar-de-la-postergacion-es-la-educacion\/#primaryimage"},"thumbnailUrl":"https:\/\/apuntesdesanluis.com\/wp-content\/uploads\/2024\/09\/poggi-7.png","articleSection":["Ciudad\/Provincia"],"inLanguage":"es-AR"},{"@type":"WebPage","@id":"https:\/\/apuntesdesanluis.com\/index.php\/2024\/09\/19\/poggi-lo-que-nos-va-a-sacar-de-la-postergacion-es-la-educacion\/","url":"https:\/\/apuntesdesanluis.com\/index.php\/2024\/09\/19\/poggi-lo-que-nos-va-a-sacar-de-la-postergacion-es-la-educacion\/","name":"POGGI: \u201cLO QUE NOS VA A SACAR DE LA POSTERGACI\u00d3N ES LA EDUCACI\u00d3N\u201d - Apuntes de San Luis","isPartOf":{"@id":"https:\/\/apuntesdesanluis.com\/#website"},"primaryImageOfPage":{"@id":"https:\/\/apuntesdesanluis.com\/index.php\/2024\/09\/19\/poggi-lo-que-nos-va-a-sacar-de-la-postergacion-es-la-educacion\/#primaryimage"},"image":{"@id":"https:\/\/apuntesdesanluis.com\/index.php\/2024\/09\/19\/poggi-lo-que-nos-va-a-sacar-de-la-postergacion-es-la-educacion\/#primaryimage"},"thumbnailUrl":"https:\/\/apuntesdesanluis.com\/wp-content\/uploads\/2024\/09\/poggi-7.png","datePublished":"2024-09-19T23:46:18+00:00","dateModified":"2024-09-19T23:46:38+00:00","breadcrumb":{"@id":"https:\/\/apuntesdesanluis.com\/index.php\/2024\/09\/19\/poggi-lo-que-nos-va-a-sacar-de-la-postergacion-es-la-educacion\/#breadcrumb"},"inLanguage":"es-AR","potentialAction":[{"@type":"ReadAction","target":["https:\/\/apuntesdesanluis.com\/index.php\/2024\/09\/19\/poggi-lo-que-nos-va-a-sacar-de-la-postergacion-es-la-educacion\/"]}]},{"@type":"ImageObject","inLanguage":"es-AR","@id":"https:\/\/apuntesdesanluis.com\/index.php\/2024\/09\/19\/poggi-lo-que-nos-va-a-sacar-de-la-postergacion-es-la-educacion\/#primaryimage","url":"https:\/\/apuntesdesanluis.com\/wp-content\/uploads\/2024\/09\/poggi-7.png","contentUrl":"https:\/\/apuntesdesanluis.com\/wp-content\/uploads\/2024\/09\/poggi-7.png","width":600,"height":373},{"@type":"BreadcrumbList","@id":"https:\/\/apuntesdesanluis.com\/index.php\/2024\/09\/19\/poggi-lo-que-nos-va-a-sacar-de-la-postergacion-es-la-educacion\/#breadcrumb","itemListElement":[{"@type":"ListItem","position":1,"name":"Inicio","item":"https:\/\/apuntesdesanluis.com\/"},{"@type":"ListItem","position":2,"name":"POGGI: \u201cLO QUE NOS VA A SACAR DE LA POSTERGACI\u00d3N ES LA EDUCACI\u00d3N\u201d"}]},{"@type":"WebSite","@id":"https:\/\/apuntesdesanluis.com\/#website","url":"https:\/\/apuntesdesanluis.com\/","name":"Apuntes de San Luis","description":"","publisher":{"@id":"https:\/\/apuntesdesanluis.com\/#\/schema\/person\/b55151d52296fcce64d1a72538a70b90"},"potentialAction":[{"@type":"SearchAction","target":{"@type":"EntryPoint","urlTemplate":"https:\/\/apuntesdesanluis.com\/?s={search_term_string}"},"query-input":{"@type":"PropertyValueSpecification","valueRequired":true,"valueName":"search_term_string"}}],"inLanguage":"es-AR"},{"@type":["Person","Organization"],"@id":"https:\/\/apuntesdesanluis.com\/#\/schema\/person\/b55151d52296fcce64d1a72538a70b90","name":"apuntesdesanluis.com","image":{"@type":"ImageObject","inLanguage":"es-AR","@id":"https:\/\/apuntesdesanluis.com\/#\/schema\/person\/image\/","url":"https:\/\/apuntesdesanluis.com\/wp-content\/uploads\/2023\/07\/cropped-apuntesdesanluis.png","contentUrl":"https:\/\/apuntesdesanluis.com\/wp-content\/uploads\/2023\/07\/cropped-apuntesdesanluis.png","width":450,"height":112,"caption":"apuntesdesanluis.com"},"logo":{"@id":"https:\/\/apuntesdesanluis.com\/#\/schema\/person\/image\/"},"sameAs":["https:\/\/apuntesdesanluis.com"],"url":"https:\/\/apuntesdesanluis.com\/index.php\/author\/apuntesdesanluis-com\/"}]}},"featured_image_urls":{"full":["https:\/\/apuntesdesanluis.com\/wp-content\/uploads\/2024\/09\/poggi-7.png",600,373,false],"thumbnail":["https:\/\/apuntesdesanluis.com\/wp-content\/uploads\/2024\/09\/poggi-7-150x150.png",150,150,true],"medium":["https:\/\/apuntesdesanluis.com\/wp-content\/uploads\/2024\/09\/poggi-7-300x187.png",300,187,true],"medium_large":["https:\/\/apuntesdesanluis.com\/wp-content\/uploads\/2024\/09\/poggi-7.png",600,373,false],"large":["https:\/\/apuntesdesanluis.com\/wp-content\/uploads\/2024\/09\/poggi-7.png",600,373,false],"1536x1536":["https:\/\/apuntesdesanluis.com\/wp-content\/uploads\/2024\/09\/poggi-7.png",600,373,false],"2048x2048":["https:\/\/apuntesdesanluis.com\/wp-content\/uploads\/2024\/09\/poggi-7.png",600,373,false],"newsever-slider-full":["https:\/\/apuntesdesanluis.com\/wp-content\/uploads\/2024\/09\/poggi-7.png",600,373,false],"newsever-featured":["https:\/\/apuntesdesanluis.com\/wp-content\/uploads\/2024\/09\/poggi-7.png",600,373,false],"newsever-medium":["https:\/\/apuntesdesanluis.com\/wp-content\/uploads\/2024\/09\/poggi-7.png",600,373,false]},"author_info":{"display_name":"apuntesdesanluis.com","author_link":"https:\/\/apuntesdesanluis.com\/index.php\/author\/apuntesdesanluis-com\/"},"category_info":"<a href=\"https:\/\/apuntesdesanluis.com\/index.php\/category\/ciudad-provincia\/\" rel=\"category tag\">Ciudad\/Provincia<\/a>","tag_info":"Ciudad\/Provincia","comment_count":"0","_links":{"self":[{"href":"https:\/\/apuntesdesanluis.com\/index.php\/wp-json\/wp\/v2\/posts\/22487","targetHints":{"allow":["GET"]}}],"collection":[{"href":"https:\/\/apuntesdesanluis.com\/index.php\/wp-json\/wp\/v2\/posts"}],"about":[{"href":"https:\/\/apuntesdesanluis.com\/index.php\/wp-json\/wp\/v2\/types\/post"}],"author":[{"embeddable":true,"href":"https:\/\/apuntesdesanluis.com\/index.php\/wp-json\/wp\/v2\/users\/1"}],"replies":[{"embeddable":true,"href":"https:\/\/apuntesdesanluis.com\/index.php\/wp-json\/wp\/v2\/comments?post=22487"}],"version-history":[{"count":1,"href":"https:\/\/apuntesdesanluis.com\/index.php\/wp-json\/wp\/v2\/posts\/22487\/revisions"}],"predecessor-version":[{"id":22488,"href":"https:\/\/apuntesdesanluis.com\/index.php\/wp-json\/wp\/v2\/posts\/22487\/revisions\/22488"}],"wp:featuredmedia":[{"embeddable":true,"href":"https:\/\/apuntesdesanluis.com\/index.php\/wp-json\/wp\/v2\/media\/22489"}],"wp:attachment":[{"href":"https:\/\/apuntesdesanluis.com\/index.php\/wp-json\/wp\/v2\/media?parent=22487"}],"wp:term":[{"taxonomy":"category","embeddable":true,"href":"https:\/\/apuntesdesanluis.com\/index.php\/wp-json\/wp\/v2\/categories?post=22487"},{"taxonomy":"post_tag","embeddable":true,"href":"https:\/\/apuntesdesanluis.com\/index.php\/wp-json\/wp\/v2\/tags?post=22487"}],"curies":[{"name":"wp","href":"https:\/\/api.w.org\/{rel}","templated":true}]}}