{"id":22541,"date":"2024-09-20T20:13:32","date_gmt":"2024-09-20T23:13:32","guid":{"rendered":"https:\/\/apuntesdesanluis.com\/?p=22541"},"modified":"2024-09-20T20:13:32","modified_gmt":"2024-09-20T23:13:32","slug":"nodocentes-universitarios-ratificaron-el-paro-general-del-jueves-26","status":"publish","type":"post","link":"https:\/\/apuntesdesanluis.com\/index.php\/2024\/09\/20\/nodocentes-universitarios-ratificaron-el-paro-general-del-jueves-26\/","title":{"rendered":"NODOCENTES UNIVERSITARIOS RATIFICARON EL PARO GENERAL DEL JUEVES 26"},"content":{"rendered":"<h3>Este viernes, ante el complejo cuadro de situaci\u00f3n que plantea el Gobierno Nacional con la amenaza del Presidente de vetar la Ley de Financiamiento Universitario aprobada por amplias mayor\u00edas en las C\u00e1maras de Diputados y de Senadores de la Naci\u00f3n, se llev\u00f3 a cabo de manera urgente y conjunta en la Sede Central de la <strong>FATUN<\/strong>, la reuni\u00f3n del Consejo Directivo y Plenario de Secretarios\/as Generales, de forma h\u00edbrida (presencial y virtual).<\/h3>\n<h3>La misma fue encabezada por el Secretario General, Walter Merkis, acompa\u00f1ado por las y los integrantes de la Mesa Ejecutiva Nacional y el 100% de los representantes de los Sindicatos de base adheridos, quienes tambi\u00e9n hicieron uso de la palabra.<\/h3>\n<h3>En la misma se trat\u00f3 el siguiente Orden del D\u00eda:<\/h3>\n<h3>Lectura y consideraci\u00f3n del Acta anterior.<\/h3>\n<h3>Informe de la Mesa Ejecutiva sobre la situaci\u00f3n social, econ\u00f3mica y pol\u00edtica de las y los Trabajadores NODOCENTES de las Universidades Nacionales y del Movimiento Obrero Organizado, ante el lesivo avance de las pol\u00edticas del Gobierno Nacional.<\/h3>\n<h3>Informe de la Mesa Ejecutiva sobre la continuidad del Plan de Acci\u00f3n del Frente de Sindicatos de Universidades Nacionales, con la siguiente agenda a considerar:<\/h3>\n<h3>a) Martes 24\/09: Conferencia de Prensa del Frente Sindical Universitario, la FUA y el CIN, para convocar a una nueva GRAN MARCHA FEDERAL UNIVERSITARIA, con r\u00e9plicas en todo el pa\u00eds.<\/h3>\n<h3>b) Mi\u00e9rcoles 25\/09: Conferencia de Prensa en la CGT.<\/h3>\n<h3>c) Jueves 26\/09: PARO NACIONAL UNIVERSITARIO, de 24 horas y sin concurrencias a los lugares de trabajo.<\/h3>\n<p><img fetchpriority=\"high\" decoding=\"async\" class=\"wp-image-22543 aligncenter\" src=\"https:\/\/apuntesdesanluis.com\/wp-content\/uploads\/2024\/09\/paro-fatun-244x300.png\" alt=\"\" width=\"597\" height=\"734\" srcset=\"https:\/\/apuntesdesanluis.com\/wp-content\/uploads\/2024\/09\/paro-fatun-244x300.png 244w, https:\/\/apuntesdesanluis.com\/wp-content\/uploads\/2024\/09\/paro-fatun.png 717w\" sizes=\"(max-width: 597px) 100vw, 597px\" \/><\/p>\n<h3>Todos los puntos fueron aprobados por unanimidad y se renov\u00f3 el mandato a la Mesa Ejecutiva para realizar las gestiones tendientes a lograr los objetivos planteados.<\/h3>\n<h3>&#8220;SIN SALARIOS DIGNOS NO HAY UNIVERSIDAD P\u00daBLICA DE CALIDAD&#8221;.<\/h3>\n<p>&nbsp;<\/p>\n<p>&nbsp;<\/p>\n<p>&nbsp;<\/p>\n<p>&nbsp;<\/p>\n<p>&nbsp;<\/p>\n<p>&nbsp;<\/p>\n<p>&nbsp;<\/p>\n<p>&nbsp;<\/p>\n<p>&nbsp;<\/p>\n","protected":false},"excerpt":{"rendered":"<p>Este viernes, ante el complejo cuadro de situaci\u00f3n que plantea el Gobierno Nacional con la&#8230;<\/p>\n","protected":false},"author":1,"featured_media":22542,"comment_status":"closed","ping_status":"closed","sticky":false,"template":"","format":"standard","meta":{"footnotes":""},"categories":[5],"tags":[],"class_list":["post-22541","post","type-post","status-publish","format-standard","has-post-thumbnail","hentry","category-nacionales-internacionales"],"yoast_head":"<!-- This site is optimized with the Yoast SEO plugin v26.1.1 - https:\/\/yoast.com\/wordpress\/plugins\/seo\/ -->\n<title>NODOCENTES UNIVERSITARIOS RATIFICARON EL PARO GENERAL DEL JUEVES 26 - Apuntes de San Luis<\/title>\n<meta name=\"robots\" content=\"index, follow, max-snippet:-1, max-image-preview:large, max-video-preview:-1\" \/>\n<link rel=\"canonical\" href=\"https:\/\/apuntesdesanluis.com\/index.php\/2024\/09\/20\/nodocentes-universitarios-ratificaron-el-paro-general-del-jueves-26\/\" \/>\n<meta property=\"og:locale\" content=\"es_ES\" \/>\n<meta property=\"og:type\" content=\"article\" \/>\n<meta property=\"og:title\" content=\"NODOCENTES UNIVERSITARIOS RATIFICARON EL PARO GENERAL DEL JUEVES 26 - Apuntes de San Luis\" \/>\n<meta property=\"og:description\" content=\"Este viernes, ante el complejo cuadro de situaci\u00f3n que plantea el Gobierno Nacional con la...\" \/>\n<meta property=\"og:url\" content=\"https:\/\/apuntesdesanluis.com\/index.php\/2024\/09\/20\/nodocentes-universitarios-ratificaron-el-paro-general-del-jueves-26\/\" \/>\n<meta property=\"og:site_name\" content=\"Apuntes de San Luis\" \/>\n<meta property=\"article:published_time\" content=\"2024-09-20T23:13:32+00:00\" \/>\n<meta property=\"og:image\" content=\"https:\/\/apuntesdesanluis.com\/wp-content\/uploads\/2024\/09\/fatun.png\" \/>\n\t<meta property=\"og:image:width\" content=\"569\" \/>\n\t<meta property=\"og:image:height\" content=\"296\" \/>\n\t<meta property=\"og:image:type\" content=\"image\/png\" \/>\n<meta name=\"author\" content=\"apuntesdesanluis.com\" \/>\n<meta name=\"twitter:card\" content=\"summary_large_image\" \/>\n<meta name=\"twitter:label1\" content=\"Escrito por\" \/>\n\t<meta name=\"twitter:data1\" content=\"apuntesdesanluis.com\" \/>\n\t<meta name=\"twitter:label2\" content=\"Tiempo de lectura\" \/>\n\t<meta name=\"twitter:data2\" content=\"2 minutos\" \/>\n<script type=\"application\/ld+json\" class=\"yoast-schema-graph\">{\"@context\":\"https:\/\/schema.org\",\"@graph\":[{\"@type\":\"Article\",\"@id\":\"https:\/\/apuntesdesanluis.com\/index.php\/2024\/09\/20\/nodocentes-universitarios-ratificaron-el-paro-general-del-jueves-26\/#article\",\"isPartOf\":{\"@id\":\"https:\/\/apuntesdesanluis.com\/index.php\/2024\/09\/20\/nodocentes-universitarios-ratificaron-el-paro-general-del-jueves-26\/\"},\"author\":{\"name\":\"apuntesdesanluis.com\",\"@id\":\"https:\/\/apuntesdesanluis.com\/#\/schema\/person\/b55151d52296fcce64d1a72538a70b90\"},\"headline\":\"NODOCENTES UNIVERSITARIOS RATIFICARON EL PARO GENERAL DEL JUEVES 26\",\"datePublished\":\"2024-09-20T23:13:32+00:00\",\"mainEntityOfPage\":{\"@id\":\"https:\/\/apuntesdesanluis.com\/index.php\/2024\/09\/20\/nodocentes-universitarios-ratificaron-el-paro-general-del-jueves-26\/\"},\"wordCount\":313,\"publisher\":{\"@id\":\"https:\/\/apuntesdesanluis.com\/#\/schema\/person\/b55151d52296fcce64d1a72538a70b90\"},\"image\":{\"@id\":\"https:\/\/apuntesdesanluis.com\/index.php\/2024\/09\/20\/nodocentes-universitarios-ratificaron-el-paro-general-del-jueves-26\/#primaryimage\"},\"thumbnailUrl\":\"https:\/\/apuntesdesanluis.com\/wp-content\/uploads\/2024\/09\/fatun.png\",\"articleSection\":[\"Nacionales\/Internacionales\"],\"inLanguage\":\"es-AR\"},{\"@type\":\"WebPage\",\"@id\":\"https:\/\/apuntesdesanluis.com\/index.php\/2024\/09\/20\/nodocentes-universitarios-ratificaron-el-paro-general-del-jueves-26\/\",\"url\":\"https:\/\/apuntesdesanluis.com\/index.php\/2024\/09\/20\/nodocentes-universitarios-ratificaron-el-paro-general-del-jueves-26\/\",\"name\":\"NODOCENTES UNIVERSITARIOS RATIFICARON EL PARO GENERAL DEL JUEVES 26 - Apuntes de San Luis\",\"isPartOf\":{\"@id\":\"https:\/\/apuntesdesanluis.com\/#website\"},\"primaryImageOfPage\":{\"@id\":\"https:\/\/apuntesdesanluis.com\/index.php\/2024\/09\/20\/nodocentes-universitarios-ratificaron-el-paro-general-del-jueves-26\/#primaryimage\"},\"image\":{\"@id\":\"https:\/\/apuntesdesanluis.com\/index.php\/2024\/09\/20\/nodocentes-universitarios-ratificaron-el-paro-general-del-jueves-26\/#primaryimage\"},\"thumbnailUrl\":\"https:\/\/apuntesdesanluis.com\/wp-content\/uploads\/2024\/09\/fatun.png\",\"datePublished\":\"2024-09-20T23:13:32+00:00\",\"breadcrumb\":{\"@id\":\"https:\/\/apuntesdesanluis.com\/index.php\/2024\/09\/20\/nodocentes-universitarios-ratificaron-el-paro-general-del-jueves-26\/#breadcrumb\"},\"inLanguage\":\"es-AR\",\"potentialAction\":[{\"@type\":\"ReadAction\",\"target\":[\"https:\/\/apuntesdesanluis.com\/index.php\/2024\/09\/20\/nodocentes-universitarios-ratificaron-el-paro-general-del-jueves-26\/\"]}]},{\"@type\":\"ImageObject\",\"inLanguage\":\"es-AR\",\"@id\":\"https:\/\/apuntesdesanluis.com\/index.php\/2024\/09\/20\/nodocentes-universitarios-ratificaron-el-paro-general-del-jueves-26\/#primaryimage\",\"url\":\"https:\/\/apuntesdesanluis.com\/wp-content\/uploads\/2024\/09\/fatun.png\",\"contentUrl\":\"https:\/\/apuntesdesanluis.com\/wp-content\/uploads\/2024\/09\/fatun.png\",\"width\":569,\"height\":296},{\"@type\":\"BreadcrumbList\",\"@id\":\"https:\/\/apuntesdesanluis.com\/index.php\/2024\/09\/20\/nodocentes-universitarios-ratificaron-el-paro-general-del-jueves-26\/#breadcrumb\",\"itemListElement\":[{\"@type\":\"ListItem\",\"position\":1,\"name\":\"Inicio\",\"item\":\"https:\/\/apuntesdesanluis.com\/\"},{\"@type\":\"ListItem\",\"position\":2,\"name\":\"NODOCENTES UNIVERSITARIOS RATIFICARON EL PARO GENERAL DEL JUEVES 26\"}]},{\"@type\":\"WebSite\",\"@id\":\"https:\/\/apuntesdesanluis.com\/#website\",\"url\":\"https:\/\/apuntesdesanluis.com\/\",\"name\":\"Apuntes de San Luis\",\"description\":\"\",\"publisher\":{\"@id\":\"https:\/\/apuntesdesanluis.com\/#\/schema\/person\/b55151d52296fcce64d1a72538a70b90\"},\"potentialAction\":[{\"@type\":\"SearchAction\",\"target\":{\"@type\":\"EntryPoint\",\"urlTemplate\":\"https:\/\/apuntesdesanluis.com\/?s={search_term_string}\"},\"query-input\":{\"@type\":\"PropertyValueSpecification\",\"valueRequired\":true,\"valueName\":\"search_term_string\"}}],\"inLanguage\":\"es-AR\"},{\"@type\":[\"Person\",\"Organization\"],\"@id\":\"https:\/\/apuntesdesanluis.com\/#\/schema\/person\/b55151d52296fcce64d1a72538a70b90\",\"name\":\"apuntesdesanluis.com\",\"image\":{\"@type\":\"ImageObject\",\"inLanguage\":\"es-AR\",\"@id\":\"https:\/\/apuntesdesanluis.com\/#\/schema\/person\/image\/\",\"url\":\"https:\/\/apuntesdesanluis.com\/wp-content\/uploads\/2023\/07\/cropped-apuntesdesanluis.png\",\"contentUrl\":\"https:\/\/apuntesdesanluis.com\/wp-content\/uploads\/2023\/07\/cropped-apuntesdesanluis.png\",\"width\":450,\"height\":112,\"caption\":\"apuntesdesanluis.com\"},\"logo\":{\"@id\":\"https:\/\/apuntesdesanluis.com\/#\/schema\/person\/image\/\"},\"sameAs\":[\"https:\/\/apuntesdesanluis.com\"],\"url\":\"https:\/\/apuntesdesanluis.com\/index.php\/author\/apuntesdesanluis-com\/\"}]}<\/script>\n<!-- \/ Yoast SEO plugin. -->","yoast_head_json":{"title":"NODOCENTES UNIVERSITARIOS RATIFICARON EL PARO GENERAL DEL JUEVES 26 - Apuntes de San Luis","robots":{"index":"index","follow":"follow","max-snippet":"max-snippet:-1","max-image-preview":"max-image-preview:large","max-video-preview":"max-video-preview:-1"},"canonical":"https:\/\/apuntesdesanluis.com\/index.php\/2024\/09\/20\/nodocentes-universitarios-ratificaron-el-paro-general-del-jueves-26\/","og_locale":"es_ES","og_type":"article","og_title":"NODOCENTES UNIVERSITARIOS RATIFICARON EL PARO GENERAL DEL JUEVES 26 - Apuntes de San Luis","og_description":"Este viernes, ante el complejo cuadro de situaci\u00f3n que plantea el Gobierno Nacional con la...","og_url":"https:\/\/apuntesdesanluis.com\/index.php\/2024\/09\/20\/nodocentes-universitarios-ratificaron-el-paro-general-del-jueves-26\/","og_site_name":"Apuntes de San Luis","article_published_time":"2024-09-20T23:13:32+00:00","og_image":[{"width":569,"height":296,"url":"https:\/\/apuntesdesanluis.com\/wp-content\/uploads\/2024\/09\/fatun.png","type":"image\/png"}],"author":"apuntesdesanluis.com","twitter_card":"summary_large_image","twitter_misc":{"Escrito por":"apuntesdesanluis.com","Tiempo de lectura":"2 minutos"},"schema":{"@context":"https:\/\/schema.org","@graph":[{"@type":"Article","@id":"https:\/\/apuntesdesanluis.com\/index.php\/2024\/09\/20\/nodocentes-universitarios-ratificaron-el-paro-general-del-jueves-26\/#article","isPartOf":{"@id":"https:\/\/apuntesdesanluis.com\/index.php\/2024\/09\/20\/nodocentes-universitarios-ratificaron-el-paro-general-del-jueves-26\/"},"author":{"name":"apuntesdesanluis.com","@id":"https:\/\/apuntesdesanluis.com\/#\/schema\/person\/b55151d52296fcce64d1a72538a70b90"},"headline":"NODOCENTES UNIVERSITARIOS RATIFICARON EL PARO GENERAL DEL JUEVES 26","datePublished":"2024-09-20T23:13:32+00:00","mainEntityOfPage":{"@id":"https:\/\/apuntesdesanluis.com\/index.php\/2024\/09\/20\/nodocentes-universitarios-ratificaron-el-paro-general-del-jueves-26\/"},"wordCount":313,"publisher":{"@id":"https:\/\/apuntesdesanluis.com\/#\/schema\/person\/b55151d52296fcce64d1a72538a70b90"},"image":{"@id":"https:\/\/apuntesdesanluis.com\/index.php\/2024\/09\/20\/nodocentes-universitarios-ratificaron-el-paro-general-del-jueves-26\/#primaryimage"},"thumbnailUrl":"https:\/\/apuntesdesanluis.com\/wp-content\/uploads\/2024\/09\/fatun.png","articleSection":["Nacionales\/Internacionales"],"inLanguage":"es-AR"},{"@type":"WebPage","@id":"https:\/\/apuntesdesanluis.com\/index.php\/2024\/09\/20\/nodocentes-universitarios-ratificaron-el-paro-general-del-jueves-26\/","url":"https:\/\/apuntesdesanluis.com\/index.php\/2024\/09\/20\/nodocentes-universitarios-ratificaron-el-paro-general-del-jueves-26\/","name":"NODOCENTES UNIVERSITARIOS RATIFICARON EL PARO GENERAL DEL JUEVES 26 - Apuntes de San Luis","isPartOf":{"@id":"https:\/\/apuntesdesanluis.com\/#website"},"primaryImageOfPage":{"@id":"https:\/\/apuntesdesanluis.com\/index.php\/2024\/09\/20\/nodocentes-universitarios-ratificaron-el-paro-general-del-jueves-26\/#primaryimage"},"image":{"@id":"https:\/\/apuntesdesanluis.com\/index.php\/2024\/09\/20\/nodocentes-universitarios-ratificaron-el-paro-general-del-jueves-26\/#primaryimage"},"thumbnailUrl":"https:\/\/apuntesdesanluis.com\/wp-content\/uploads\/2024\/09\/fatun.png","datePublished":"2024-09-20T23:13:32+00:00","breadcrumb":{"@id":"https:\/\/apuntesdesanluis.com\/index.php\/2024\/09\/20\/nodocentes-universitarios-ratificaron-el-paro-general-del-jueves-26\/#breadcrumb"},"inLanguage":"es-AR","potentialAction":[{"@type":"ReadAction","target":["https:\/\/apuntesdesanluis.com\/index.php\/2024\/09\/20\/nodocentes-universitarios-ratificaron-el-paro-general-del-jueves-26\/"]}]},{"@type":"ImageObject","inLanguage":"es-AR","@id":"https:\/\/apuntesdesanluis.com\/index.php\/2024\/09\/20\/nodocentes-universitarios-ratificaron-el-paro-general-del-jueves-26\/#primaryimage","url":"https:\/\/apuntesdesanluis.com\/wp-content\/uploads\/2024\/09\/fatun.png","contentUrl":"https:\/\/apuntesdesanluis.com\/wp-content\/uploads\/2024\/09\/fatun.png","width":569,"height":296},{"@type":"BreadcrumbList","@id":"https:\/\/apuntesdesanluis.com\/index.php\/2024\/09\/20\/nodocentes-universitarios-ratificaron-el-paro-general-del-jueves-26\/#breadcrumb","itemListElement":[{"@type":"ListItem","position":1,"name":"Inicio","item":"https:\/\/apuntesdesanluis.com\/"},{"@type":"ListItem","position":2,"name":"NODOCENTES UNIVERSITARIOS RATIFICARON EL PARO GENERAL DEL JUEVES 26"}]},{"@type":"WebSite","@id":"https:\/\/apuntesdesanluis.com\/#website","url":"https:\/\/apuntesdesanluis.com\/","name":"Apuntes de San Luis","description":"","publisher":{"@id":"https:\/\/apuntesdesanluis.com\/#\/schema\/person\/b55151d52296fcce64d1a72538a70b90"},"potentialAction":[{"@type":"SearchAction","target":{"@type":"EntryPoint","urlTemplate":"https:\/\/apuntesdesanluis.com\/?s={search_term_string}"},"query-input":{"@type":"PropertyValueSpecification","valueRequired":true,"valueName":"search_term_string"}}],"inLanguage":"es-AR"},{"@type":["Person","Organization"],"@id":"https:\/\/apuntesdesanluis.com\/#\/schema\/person\/b55151d52296fcce64d1a72538a70b90","name":"apuntesdesanluis.com","image":{"@type":"ImageObject","inLanguage":"es-AR","@id":"https:\/\/apuntesdesanluis.com\/#\/schema\/person\/image\/","url":"https:\/\/apuntesdesanluis.com\/wp-content\/uploads\/2023\/07\/cropped-apuntesdesanluis.png","contentUrl":"https:\/\/apuntesdesanluis.com\/wp-content\/uploads\/2023\/07\/cropped-apuntesdesanluis.png","width":450,"height":112,"caption":"apuntesdesanluis.com"},"logo":{"@id":"https:\/\/apuntesdesanluis.com\/#\/schema\/person\/image\/"},"sameAs":["https:\/\/apuntesdesanluis.com"],"url":"https:\/\/apuntesdesanluis.com\/index.php\/author\/apuntesdesanluis-com\/"}]}},"featured_image_urls":{"full":["https:\/\/apuntesdesanluis.com\/wp-content\/uploads\/2024\/09\/fatun.png",569,296,false],"thumbnail":["https:\/\/apuntesdesanluis.com\/wp-content\/uploads\/2024\/09\/fatun-150x150.png",150,150,true],"medium":["https:\/\/apuntesdesanluis.com\/wp-content\/uploads\/2024\/09\/fatun-300x156.png",300,156,true],"medium_large":["https:\/\/apuntesdesanluis.com\/wp-content\/uploads\/2024\/09\/fatun.png",569,296,false],"large":["https:\/\/apuntesdesanluis.com\/wp-content\/uploads\/2024\/09\/fatun.png",569,296,false],"1536x1536":["https:\/\/apuntesdesanluis.com\/wp-content\/uploads\/2024\/09\/fatun.png",569,296,false],"2048x2048":["https:\/\/apuntesdesanluis.com\/wp-content\/uploads\/2024\/09\/fatun.png",569,296,false],"newsever-slider-full":["https:\/\/apuntesdesanluis.com\/wp-content\/uploads\/2024\/09\/fatun.png",569,296,false],"newsever-featured":["https:\/\/apuntesdesanluis.com\/wp-content\/uploads\/2024\/09\/fatun.png",569,296,false],"newsever-medium":["https:\/\/apuntesdesanluis.com\/wp-content\/uploads\/2024\/09\/fatun.png",569,296,false]},"author_info":{"display_name":"apuntesdesanluis.com","author_link":"https:\/\/apuntesdesanluis.com\/index.php\/author\/apuntesdesanluis-com\/"},"category_info":"<a href=\"https:\/\/apuntesdesanluis.com\/index.php\/category\/nacionales-internacionales\/\" rel=\"category tag\">Nacionales\/Internacionales<\/a>","tag_info":"Nacionales\/Internacionales","comment_count":"0","_links":{"self":[{"href":"https:\/\/apuntesdesanluis.com\/index.php\/wp-json\/wp\/v2\/posts\/22541","targetHints":{"allow":["GET"]}}],"collection":[{"href":"https:\/\/apuntesdesanluis.com\/index.php\/wp-json\/wp\/v2\/posts"}],"about":[{"href":"https:\/\/apuntesdesanluis.com\/index.php\/wp-json\/wp\/v2\/types\/post"}],"author":[{"embeddable":true,"href":"https:\/\/apuntesdesanluis.com\/index.php\/wp-json\/wp\/v2\/users\/1"}],"replies":[{"embeddable":true,"href":"https:\/\/apuntesdesanluis.com\/index.php\/wp-json\/wp\/v2\/comments?post=22541"}],"version-history":[{"count":1,"href":"https:\/\/apuntesdesanluis.com\/index.php\/wp-json\/wp\/v2\/posts\/22541\/revisions"}],"predecessor-version":[{"id":22544,"href":"https:\/\/apuntesdesanluis.com\/index.php\/wp-json\/wp\/v2\/posts\/22541\/revisions\/22544"}],"wp:featuredmedia":[{"embeddable":true,"href":"https:\/\/apuntesdesanluis.com\/index.php\/wp-json\/wp\/v2\/media\/22542"}],"wp:attachment":[{"href":"https:\/\/apuntesdesanluis.com\/index.php\/wp-json\/wp\/v2\/media?parent=22541"}],"wp:term":[{"taxonomy":"category","embeddable":true,"href":"https:\/\/apuntesdesanluis.com\/index.php\/wp-json\/wp\/v2\/categories?post=22541"},{"taxonomy":"post_tag","embeddable":true,"href":"https:\/\/apuntesdesanluis.com\/index.php\/wp-json\/wp\/v2\/tags?post=22541"}],"curies":[{"name":"wp","href":"https:\/\/api.w.org\/{rel}","templated":true}]}}