{"id":22548,"date":"2024-09-20T20:36:59","date_gmt":"2024-09-20T23:36:59","guid":{"rendered":"https:\/\/apuntesdesanluis.com\/?p=22548"},"modified":"2024-09-20T20:41:37","modified_gmt":"2024-09-20T23:41:37","slug":"en-un-acto-con-grabois-el-papa-critico-al-gobierno-por-el-uso-de-gas-pimienta-en-una-manifestacion","status":"publish","type":"post","link":"https:\/\/apuntesdesanluis.com\/index.php\/2024\/09\/20\/en-un-acto-con-grabois-el-papa-critico-al-gobierno-por-el-uso-de-gas-pimienta-en-una-manifestacion\/","title":{"rendered":"EN UN ACTO CON GRABOIS, EL PAPA CRITIC\u00d3 AL GOBIERNO POR EL USO DE GAS PIMIENTA Y HABL\u00d3 DE COIMAS"},"content":{"rendered":"<h3>El Papa Francisco cuestion\u00f3 al Gobierno por el uso de gas pimienta en una movilizaci\u00f3n realizada la semana pasada que reclamaba contra el veto del presidente Javier Milei a la ley de movilidad jubilatoria, al defender el valor de la \u201cjusticia social\u201d en el 10\u00b0 aniversario del Primer Encuentro Mundial de Movimientos Populares. Tambi\u00e9n relat\u00f3 un hecho de corrupci\u00f3n.<\/h3>\n<h3>En su exposici\u00f3n, en la que estuvo acompa\u00f1ado de representantes de movimientos sociales de la Argentina, entre ellos Juan Grabois y el titular de la Uni\u00f3n de Trabajadores de la Econom\u00eda Popular (UTEP), Alejandro \u201cPeluca\u201d Gramajo, el Pont\u00edfice cuestion\u00f3 el operativo antipiquetes de la ministra de Seguridad, Patricia Bullrich, en la que manifestantes, personas de avanzada edad y una ni\u00f1a de 10 a\u00f1os termin\u00f3 afectada por el material irritante.<\/h3>\n<h3>\u201dEl silencio frente a la injusticia abre paso a la divisi\u00f3n social, y la divisi\u00f3n social abre paso a la violencia verbal, y la violencia verbal a la violencia f\u00edsica, y la violencia f\u00edsica a la guerra de todos contra todos. Ah\u00ed est\u00e1 la cola del diablo\u201d, se\u00f1al\u00f3.<\/h3>\n<h3>Inmediatamente al concluir esa definici\u00f3n, Francisco expres\u00f3 su desacuerdo y malestar con los operativos policiales represivos: \u201cMe hicieron ver un filmado de una represi\u00f3n de hace una semana, menos quiz\u00e1s. Obreros, gente que ped\u00eda por sus derechos en la calle y la Polic\u00eda la rechazaba con una cosa que es lo m\u00e1s caro que hay, ese gas pimienta de primera calidad. No ten\u00edan derecho a reclamar lo suyo porque eran revoltosos, comunistas&#8230; y el Gobierno se puso firme: en vez de pagar justicia social, pag\u00f3 el gas pimienta. Les conven\u00eda. T\u00e9nganlo en cuenta\u201d.<\/h3>\n<p><iframe title=\"El Papa Francisco critic\u00f3 duramente al gobierno de Javier Milei: \u00bfqu\u00e9 dijo?\" width=\"640\" height=\"360\" src=\"https:\/\/www.youtube.com\/embed\/5kH6t5mF0Rg?feature=oembed\" frameborder=\"0\" allow=\"accelerometer; autoplay; clipboard-write; encrypted-media; gyroscope; picture-in-picture; web-share\" referrerpolicy=\"strict-origin-when-cross-origin\" allowfullscreen><\/iframe><\/p>\n<h3>Para el Papa, es la \u201cactitud altanera, que es lo contrario de la compasi\u00f3n\u201d y \u201cmirar con desprecio, con odio\u201d lo que desencadena hechos de violencia como los que ocurrieron con las protestas recientes. \u201cMirar desde lejos, mirar desde arriba, mirar con indiferencia, mirar con desprecio, mirar con odio. As\u00ed se gesta la violencia y el silencio de la indiferencia que habilita el rugido del otro\u201d, advirti\u00f3.<\/h3>\n<h3>En otro momento de su intervenci\u00f3n, mencion\u00f3 un presunto hecho de corrupci\u00f3n, en el que un empresario extranjero le cont\u00f3 sobre un caso donde un funcionario argentino le solicit\u00f3 una \u201ccoima\u201d. \u201cMi abuela nos repet\u00eda siempre, est\u00e9n atentos, que el diablo entra por los bolsillos. Siempre. Que una coima aqu\u00ed, una cosa all\u00e1&#8230;\u201d, arranc\u00f3 el Papa con la an\u00e9cdota.<\/h3>\n<h3>\u201cMe contaba un emprendedor internacional, que estaba haciendo en Argentina unas inversiones de extensi\u00f3n de eso que ellos estaban llevando adelante, que trabajan muy bien y fue un acuerdo. Fue a presentar al ministro un nuevo plan de nuevas extensiones, el ministro lo atendi\u00f3 muy bien y dijo \u2018dejemel\u00f3, ya lo van a llamar&#8230;\u2019\u201d, continu\u00f3. \u201cAl d\u00eda siguiente, el secretario del ministro lo llam\u00f3, le dijo si puede pasar \u2018en dos d\u00edas, as\u00ed le entregamos el permiso\u2019. Pas\u00f3, le entreg\u00f3 los papeles y la firma&#8230;y cuando \u00e9l (el emprendedor) se estaba por levantar, le dijo: \u00bfy para nosotros, cu\u00e1nto?&#8230; \u00bfY para nosotros, cu\u00e1nto? La coima. El diablo entra por el bolsillo, no se olviden\u201d.<\/h3>\n<h3><em> <img fetchpriority=\"high\" decoding=\"async\" class=\"wp-image-22549 aligncenter\" src=\"https:\/\/apuntesdesanluis.com\/wp-content\/uploads\/2024\/09\/nina-con-gas-pimienta-300x171.png\" alt=\"\" width=\"940\" height=\"536\" srcset=\"https:\/\/apuntesdesanluis.com\/wp-content\/uploads\/2024\/09\/nina-con-gas-pimienta-300x171.png 300w, https:\/\/apuntesdesanluis.com\/wp-content\/uploads\/2024\/09\/nina-con-gas-pimienta.png 754w\" sizes=\"(max-width: 940px) 100vw, 940px\" \/><\/em><\/h3>\n<h4 style=\"text-align: center;\"><em>Una ni\u00f1a recibi\u00f3 el impacto del gas pimienta, durante la represi\u00f3n del operativo policial durante la protesta contra el veto de la reforma jubilatoria.<\/em><\/h4>\n<h3>Adem\u00e1s de Grabois y Gramajo, en la cumbre intervienen diversos referentes de los movimientos populares y de la Iglesia, como el prefecto del Dicasterio para el Servicio del Desarrollo Humano Integral, Cardenal Michael Czerny, el Cardenal Peter Turkson y dirigentes del n\u00facleo fundador del v\u00ednculo entre los movimientos populares y la Iglesia como Juan Grabois (Argentina), Xaro Castell\u00f3 (Espa\u00f1a) y Joao Pedro Stedile (Brasil).<\/h3>\n<h3>En representaci\u00f3n de los movimientos populares de los distintos continentes fueron invitados Anuka Thirimadura, (La Via Campesina, Asia), Rose Molokoane (Slum Dwellers International, Africa), Susana R\u00e9fega (Movimiento Laudato si\u2019, Europa), Naema Yaqoub (Mediterranea Saving Humans \/ Refugees in Libya, Africa), Nicole Leiva (Puente Alto Chile, Latinoam\u00e9rica) y Gloria Morales (Pico Network, Norte Am\u00e9rica).<\/h3>\n<h3><strong>\u201cESTO NO ES COMUNISMO, ES EL EVANGELIO\u201d<\/strong><\/h3>\n<h3>El Papa tambi\u00e9n volvi\u00f3 a formular cr\u00edticas al sistema capitalista y a la injusticia social desde una perspectiva cristiana, en la que convoc\u00f3 a los ricos para que \u201ccompartan sus riquezas\u201d de manera justa y fraterna. \u201cDicen que el sistema que permiti\u00f3 amasar fortunas a las personas ricas, y permite agregar riquezas rid\u00edculas, es inmoral, que debe ser notificado, que debe haber m\u00e1s impuestos a los billonarios\u201d, afirm\u00f3 Francisco.<\/h3>\n<h3>\u201cEso est\u00e1 muy bien, y rezo para que los m\u00e1s econ\u00f3micamente poderosos salgan del aislamiento, rechacen la falta de seguridad del dinero y se abran para compartir bienes que tienen un destino universal, porque todos los bienes derivan de la creaci\u00f3n y tienen un destino universal. Es dif\u00edcil que eso pase, pero para Dios todo es posible\u201d, expres\u00f3, y a\u00f1adi\u00f3: \u201cSi ese porcentaje tan peque\u00f1o de billonarios que acaparan la mayor parte de la riqueza del planeta, no como limosna, se animara a compartirla fraternalmente, qu\u00e9 bueno ser\u00eda para ellos mismos y qu\u00e9 justo ser\u00eda para todos\u201d. \u201cPido para los privilegiados de este mundo que se animen a este paso. Ser\u00edan mucho m\u00e1s felices y seremos m\u00e1s hermanos todav\u00eda\u201d.<\/h3>\n<h3>Previamente, el Papa hab\u00eda se\u00f1alado que \u201cmientras no se resuelva radicalmente los problemas de los pobres, renunciando a la autonom\u00eda absoluta de los mercados, y de la especulaci\u00f3n financiera, y atacando las causas estructurales de la inequidad, no se resolver\u00e1n los problemas del mundo\u201d. \u201cLa inequidad es la ra\u00edz de los problemas sociales. S\u00e9 que esto molesta, pero es verdad\u201d, dijo.<\/h3>\n<h3>En ese marco, record\u00f3 que alguien le reproch\u00f3 que no hable de \u201cla clase media\u201d. \u201cPuede ser cierto, y por eso les pido perd\u00f3n. Cuando el Papa habla, habla para todos porque la iglesia es para todos, pero el Papa no puede sustraerse de la centralidad de los pobres en el Evangelio. Esto no es comunismo, es el Evangelio puro. No es el Papa, sino Jes\u00fas el que los pone al centro, en ese lugar. Es una cuesti\u00f3n de nuestra fe y no se puede negociar\u201d. \u201cSi no aceptas eso no sos cristiano\u201d, concluy\u00f3.<\/h3>\n<h3>Y tambi\u00e9n puntualiz\u00f3 sobre el rol de los empresarios. \u201cUn hermano tambi\u00e9n me dijo: \u2018No sea tan duro con los ricos\u2019. Jes\u00fas fue m\u00e1s duro que yo, eh, fijens\u00e9 lo que dice de los ricos. Reconozco que los empresarios crean puestos de trabajo, contribuyen al desarrollo econ\u00f3mico. Es justo decirlo, lo dije en Singapur viendo el magn\u00edfico bosque de rascacielos. Sin embargo, los frutos del desarrollo econ\u00f3mico no se distribuyen bien\u201d, continu\u00f3, y pidi\u00f3 que haya \u201cpol\u00edticas buenas, racionales y equitativas\u201d, que \u201cafiancen la justicia social para que todos tengan tierra, techo y trabajo, para que todos tengan salario justo y todos los derechos\u201d.<\/h3>\n<h3>En ese marco, el Sumo Pont\u00edfice admiti\u00f3 que \u201chace tiempo que los pobres no pueden esperar\u201d. \u201cSi los movimientos populares no reclaman, si ustedes no gritan, si ustedes no luchan, no despiertan conciencias, las cosas van a ser m\u00e1s dif\u00edciles -continu\u00f3-. Pregunto a ustedes, tambi\u00e9n a las personas de clase media que cada vez se tienen que sacrificarse m\u00e1s para llegar a fin de mes (&#8230;): \u00bfustedes creen que los m\u00e1s ricos van a compartir lo que tienen con los dem\u00e1s, o van a seguir acumulando insaciablemente? Es una pregunta. No tengo el monopolio de interpretaci\u00f3n, tampoco tengo la bola de cristal, esas son estafas.\u201d.<\/h3>\n<h3>En contraste con las ideolog\u00edas que elogian una aspiraci\u00f3n de riqueza y a los multimillonarios como \u2018benefactores\u2019, una postura que suele defender Javier Milei, el Papa Francisco se ubic\u00f3 desde una postura contraria: \u201cVeo una cosa que me preocupa, que avanza una forma perversa de ver la realidad que exalta la acumulaci\u00f3n de riqueza como si fuera una virtud. No es una virtud, es un vicio, las riquezas son para compartir, para crear, para fraternizar. Acumular no es virtuoso. Distribuir s\u00ed lo es. Jes\u00fas no acumulaba, sino que multiplicaba y sus disc\u00edpulos distribu\u00edan\u201d.<\/h3>\n<p><img decoding=\"async\" class=\"wp-image-22551 aligncenter\" src=\"https:\/\/apuntesdesanluis.com\/wp-content\/uploads\/2024\/09\/el-papa-y-las-apuestas-300x169.png\" alt=\"\" width=\"707\" height=\"398\" srcset=\"https:\/\/apuntesdesanluis.com\/wp-content\/uploads\/2024\/09\/el-papa-y-las-apuestas-300x169.png 300w, https:\/\/apuntesdesanluis.com\/wp-content\/uploads\/2024\/09\/el-papa-y-las-apuestas.png 765w\" sizes=\"(max-width: 707px) 100vw, 707px\" \/><\/p>\n<h3>\u201cAcuerdens\u00e9 que Jes\u00fas nos dijo: \u2018No acumulen tesoros en la tierra, donde la polilla y la herrumbre nos consume, y los ladrones perforan las paredes y nos roban\u2019. \u2018Acumulen en cambio tesoros en el cielo (&#8230;), all\u00ed donde est\u00e1 tu tesoro, ah\u00ed estar\u00e1 tu coraz\u00f3n\u2019\u201d. \u201cLa competencia ciega por tener m\u00e1s y m\u00e1s dinero no es una fuerza creativa, sino una actitud enfermiza, un camino a la perdici\u00f3n, una conducta irresponsable, inmoral, irracional, destruye a la creaci\u00f3n y divide a los pueblos. No dejemos de enunciarlo\u201d, agreg\u00f3.<\/h3>\n<h3>Adem\u00e1s, Francisco apunt\u00f3 sobre contra \u201clas ideolog\u00edas deshumanizadas\u201d que promueven \u201cuna cultura muy fea, la cultura del ganador, que es un aspecto de la cultura del descarte\u201d. Algunos llaman esto meritocracia, otros no la nombran, pero la practican. Es gente que parada sobre ciertos \u00e9xitos mundanos se sienten con el derecho de tratar en forma altanera a los perdedores. Es parad\u00f3jico que las grandes fortunas poco tengan que ver con el m\u00e9rito; son rentas, son herencias, son fruto de la explotaci\u00f3n de personas y expoliaci\u00f3n de la naturaleza. Son producto de la especulaci\u00f3n financiera o de la evasi\u00f3n impositiva, derivan de la corrupci\u00f3n y el crimen organizado\u201d, apunt\u00f3.<\/h3>\n<h3>\u201cEn general, muchas fortunas se amasan as\u00ed. Nadie que sea meritorio, o sin m\u00e9rito, tiene derecho de mirar desde arriba a abajo al otro, como si no valiera nada\u201d, lament\u00f3 el Sumo Pont\u00edfice.<\/h3>\n<h3><strong>\u201cEST\u00c1 MUY BIEN PROTESTAR\u201d<\/strong><\/h3>\n<h3>A lo largo de todo su discurso, el Papa Francisco destac\u00f3 la tarea de los movimientos populares en el mundo. Se trata de un claro respaldo a las organizaciones sociales tambi\u00e9n de Argentina, las cuales atraviesan una relaci\u00f3n de conflicto abierto con la gesti\u00f3n de Javier Milei y en particular con la ministra de Capital Humano, Sandra Pettovello, quien se reuni\u00f3 esta semana con Bergoglio en el Vaticano.<\/h3>\n<h3>\u201cUstedes salieron de la pasividad y del pesimismo. No se dejen abatir por el dolor y la resignaci\u00f3n. No aceptaron ser v\u00edctimas d\u00f3ciles; se reconocieron como sujeto, como protagonistas de la historia. Este es el aporte m\u00e1s lindo de ustedes\u201d, afirm\u00f3 Jorge Bergoglio, y record\u00f3 que hace diez a\u00f1os en Roma \u201cplantamos una bandera: tierra, techo y trabajo son derechos sagrados\u201d. \u201cQue nadie les quite esa convicci\u00f3n a ustedes, que nadie les robe esa esperanza, que nadie apague los sue\u00f1os\u201d, expres\u00f3.<\/h3>\n<h3>A las organizaciones sociales, les elogi\u00f3 porque \u201cno se achican, ustedes van al frente\u201d y les reconoci\u00f3 que \u201ctrabajan cuerpo a cuerpo, persona a persona, no solo protestan, que est\u00e1 muy bien protestar, sino que realizan innumerables obras desde la m\u00e1s absoluta precariedad del Estado. A veces, sin ninguna ayuda del Estado, otra veces, perseguidos\u201d.<\/h3>\n<h3>\u201cLos acompa\u00f1o en su camino. Sigo creyendo, como lo dije en Bolivia, que la acci\u00f3n comunitaria de los pobres de la tierra depende de no s\u00f3lo su propio futuro, sino del futuro de toda humanidad\u201d, agreg\u00f3.<\/h3>\n<h3>\u201cLa misi\u00f3n de ustedes es trascendente -prosigui\u00f3-. Si el pueblo pobre no se resigna, si el pueblo se organiza y preserva en la construcci\u00f3n comunitaria cotidiana, la lucha contra las estructuras de injusticia social m\u00e1s tarde o m\u00e1s temprano cambiar\u00e1 para bien. Como ven, nada de ideolog\u00eda aqu\u00ed: el pueblo\u201d.<\/h3>\n<h3>El Papa Francisco defendi\u00f3 la tarea de las organizaciones sociales que est\u00e1n enfrentadas con el gobierno de Javier Milei. \u201cTrabajan cuerpo a cuerpo, persona a persona. No solo protestan -est\u00e1 muy bien protestar-, sino que realizan innumerables obras desde la m\u00e1s absoluta precariedad del Estado&#8221;, dijo<\/h3>\n<h3>El Papa Francisco defendi\u00f3 la tarea de las organizaciones sociales que est\u00e1n enfrentadas con el gobierno de Javier Milei. \u201cTrabajan cuerpo a cuerpo, persona a persona. No solo protestan -est\u00e1 muy bien protestar-, sino que realizan innumerables obras desde la m\u00e1s absoluta precariedad del Estado&#8221;, dijo<\/h3>\n<h3>En otro apartado de su lectura, Francisco record\u00f3 que \u201cla justicia social es una expresi\u00f3n creada por la Iglesia\u201d y que \u201ces inseparable de la compasi\u00f3n\u201d. \u201cDios tiene tres atributos: cercan\u00eda, misericordia y compasi\u00f3n. Si nosotros creemos hacer una cosa social, tenemos que ir con esos atributos\u201d, dijo. \u201cCompasi\u00f3n significa padecer con el otro, padecer su sentimiento. Es una palabra hermosa. La compasi\u00f3n no consiste en dar limosna, (&#8230;) sino hacernos cercanos los unos a los otros\u201d, se\u00f1al\u00f3.<\/h3>\n<h3>\u201cLevantemos al ca\u00eddo siempre. A todos: buenos o malos, con m\u00e9ritos o sin ellos. Que nadie quede tirado, por favor&#8230; Y hay tantos tirados por la calle&#8230; Tanta gente que no tiene que comer, que perdi\u00f3 la casa, que perdi\u00f3 el trabajo, o que no tuvo la capacidad para andar adelante. Ah\u00ed s\u00ed: \u00a1miremos de arriba a abajo, para levantarlo!\u201d, sostuvo, y cit\u00f3 la labor que realiza una escuela de Timor Oriental con los desvalidos y personas sin techo. \u201cSin amor, esto no se entiende\u201d, expres\u00f3.<\/h3>\n<h3>\u201cUstedes, los m\u00e1s humildes, los explotados, los pobres y excluidos, pueden y hacen mucho. El futuro de la humanidad est\u00e1 en sus manos. Les invito a construir una alternativa humana a la globalizaci\u00f3n excluyente. No se achiquen\u201d, concluy\u00f3.<\/h3>\n<h3><strong>APUESTAS ONLINE Y ADVERTENCIA SOBRE LA IA<\/strong><\/h3>\n<h3>Hacia el final de su disertaci\u00f3n, Francisco se tom\u00f3 unos minutos para advertir sobre el narcotr\u00e1fico y el crimen organizado, pero tambi\u00e9n de temas tecnol\u00f3gicos como las apuestas online y la inteligencia artificial. Desde su punto de vista, apunt\u00f3 contra la dirigencia deportiva por promover los casinos en internet: \u201cMe da tristeza ver que los partidos de f\u00fatbol y las estrellas deportivas promuevan plataformas de apuestas\u201d.<\/h3>\n<h3>\u201cEso no es un juego, es una adicci\u00f3n\u201d, consider\u00f3 el Papa, qui\u00e9n luego agreg\u00f3: \u201cEs meterle la mano en el bolsillo a la gente, sobre todo a los trabajadores y a los pobres. Eso destruye familias enteras\u201d.<\/h3>\n<h3>Adem\u00e1s, el Sumo Pont\u00edfice les pidi\u00f3 a los dirigentes sociales presentes que comuniquen los riesgos que trae esta nueva pr\u00e1ctica. \u201cCuenten sobre las enfermedades mentales, la desesperaci\u00f3n, los suicidios que causa en cada casa cuando hay un casino a trav\u00e9s del celular\u201d.<\/h3>\n<h3>Adem\u00e1s, Francisco asegur\u00f3 que los sitios de juego online son \u201cuna de las cosas malas que trae la tecnolog\u00eda\u201d, aunque luego admiti\u00f3 que por otro este desarrollo \u201chace tanto bien\u201d. \u201cHay que buscar un equilibrio, no se puede quedar librado a la l\u00f3gica de la ganancia\u201d, expres\u00f3.<\/h3>\n<p>&nbsp;<\/p>\n<p>&nbsp;<\/p>\n<p>&nbsp;<\/p>\n<p>&nbsp;<\/p>\n<p>&nbsp;<\/p>\n<p>&nbsp;<\/p>\n","protected":false},"excerpt":{"rendered":"<p>El Papa Francisco cuestion\u00f3 al Gobierno por el uso de gas pimienta en una movilizaci\u00f3n&#8230;<\/p>\n","protected":false},"author":1,"featured_media":22550,"comment_status":"closed","ping_status":"closed","sticky":false,"template":"","format":"standard","meta":{"footnotes":""},"categories":[5],"tags":[],"class_list":["post-22548","post","type-post","status-publish","format-standard","has-post-thumbnail","hentry","category-nacionales-internacionales"],"yoast_head":"<!-- This site is optimized with the Yoast SEO plugin v26.1.1 - https:\/\/yoast.com\/wordpress\/plugins\/seo\/ -->\n<title>EN UN ACTO CON GRABOIS, EL PAPA CRITIC\u00d3 AL GOBIERNO POR EL USO DE GAS PIMIENTA Y HABL\u00d3 DE COIMAS - Apuntes de San Luis<\/title>\n<meta name=\"robots\" content=\"index, follow, max-snippet:-1, max-image-preview:large, max-video-preview:-1\" \/>\n<link rel=\"canonical\" href=\"https:\/\/apuntesdesanluis.com\/index.php\/2024\/09\/20\/en-un-acto-con-grabois-el-papa-critico-al-gobierno-por-el-uso-de-gas-pimienta-en-una-manifestacion\/\" \/>\n<meta property=\"og:locale\" content=\"es_ES\" \/>\n<meta property=\"og:type\" content=\"article\" \/>\n<meta property=\"og:title\" content=\"EN UN ACTO CON GRABOIS, EL PAPA CRITIC\u00d3 AL GOBIERNO POR EL USO DE GAS PIMIENTA Y HABL\u00d3 DE COIMAS - Apuntes de San Luis\" \/>\n<meta property=\"og:description\" content=\"El Papa Francisco cuestion\u00f3 al Gobierno por el uso de gas pimienta en una movilizaci\u00f3n...\" \/>\n<meta property=\"og:url\" content=\"https:\/\/apuntesdesanluis.com\/index.php\/2024\/09\/20\/en-un-acto-con-grabois-el-papa-critico-al-gobierno-por-el-uso-de-gas-pimienta-en-una-manifestacion\/\" \/>\n<meta property=\"og:site_name\" content=\"Apuntes de San Luis\" \/>\n<meta property=\"article:published_time\" content=\"2024-09-20T23:36:59+00:00\" \/>\n<meta property=\"article:modified_time\" content=\"2024-09-20T23:41:37+00:00\" \/>\n<meta property=\"og:image\" content=\"https:\/\/apuntesdesanluis.com\/wp-content\/uploads\/2024\/09\/el-papa-con-organizaciones-sociales.png\" \/>\n\t<meta property=\"og:image:width\" content=\"765\" \/>\n\t<meta property=\"og:image:height\" content=\"430\" \/>\n\t<meta property=\"og:image:type\" content=\"image\/png\" \/>\n<meta name=\"author\" content=\"apuntesdesanluis.com\" \/>\n<meta name=\"twitter:card\" content=\"summary_large_image\" \/>\n<meta name=\"twitter:label1\" content=\"Escrito por\" \/>\n\t<meta name=\"twitter:data1\" content=\"apuntesdesanluis.com\" \/>\n\t<meta name=\"twitter:label2\" content=\"Tiempo de lectura\" \/>\n\t<meta name=\"twitter:data2\" content=\"12 minutos\" \/>\n<script type=\"application\/ld+json\" class=\"yoast-schema-graph\">{\"@context\":\"https:\/\/schema.org\",\"@graph\":[{\"@type\":\"Article\",\"@id\":\"https:\/\/apuntesdesanluis.com\/index.php\/2024\/09\/20\/en-un-acto-con-grabois-el-papa-critico-al-gobierno-por-el-uso-de-gas-pimienta-en-una-manifestacion\/#article\",\"isPartOf\":{\"@id\":\"https:\/\/apuntesdesanluis.com\/index.php\/2024\/09\/20\/en-un-acto-con-grabois-el-papa-critico-al-gobierno-por-el-uso-de-gas-pimienta-en-una-manifestacion\/\"},\"author\":{\"name\":\"apuntesdesanluis.com\",\"@id\":\"https:\/\/apuntesdesanluis.com\/#\/schema\/person\/b55151d52296fcce64d1a72538a70b90\"},\"headline\":\"EN UN ACTO CON GRABOIS, EL PAPA CRITIC\u00d3 AL GOBIERNO POR EL USO DE GAS PIMIENTA Y HABL\u00d3 DE COIMAS\",\"datePublished\":\"2024-09-20T23:36:59+00:00\",\"dateModified\":\"2024-09-20T23:41:37+00:00\",\"mainEntityOfPage\":{\"@id\":\"https:\/\/apuntesdesanluis.com\/index.php\/2024\/09\/20\/en-un-acto-con-grabois-el-papa-critico-al-gobierno-por-el-uso-de-gas-pimienta-en-una-manifestacion\/\"},\"wordCount\":2510,\"publisher\":{\"@id\":\"https:\/\/apuntesdesanluis.com\/#\/schema\/person\/b55151d52296fcce64d1a72538a70b90\"},\"image\":{\"@id\":\"https:\/\/apuntesdesanluis.com\/index.php\/2024\/09\/20\/en-un-acto-con-grabois-el-papa-critico-al-gobierno-por-el-uso-de-gas-pimienta-en-una-manifestacion\/#primaryimage\"},\"thumbnailUrl\":\"https:\/\/apuntesdesanluis.com\/wp-content\/uploads\/2024\/09\/el-papa-con-organizaciones-sociales.png\",\"articleSection\":[\"Nacionales\/Internacionales\"],\"inLanguage\":\"es-AR\"},{\"@type\":\"WebPage\",\"@id\":\"https:\/\/apuntesdesanluis.com\/index.php\/2024\/09\/20\/en-un-acto-con-grabois-el-papa-critico-al-gobierno-por-el-uso-de-gas-pimienta-en-una-manifestacion\/\",\"url\":\"https:\/\/apuntesdesanluis.com\/index.php\/2024\/09\/20\/en-un-acto-con-grabois-el-papa-critico-al-gobierno-por-el-uso-de-gas-pimienta-en-una-manifestacion\/\",\"name\":\"EN UN ACTO CON GRABOIS, EL PAPA CRITIC\u00d3 AL GOBIERNO POR EL USO DE GAS PIMIENTA Y HABL\u00d3 DE COIMAS - Apuntes de San Luis\",\"isPartOf\":{\"@id\":\"https:\/\/apuntesdesanluis.com\/#website\"},\"primaryImageOfPage\":{\"@id\":\"https:\/\/apuntesdesanluis.com\/index.php\/2024\/09\/20\/en-un-acto-con-grabois-el-papa-critico-al-gobierno-por-el-uso-de-gas-pimienta-en-una-manifestacion\/#primaryimage\"},\"image\":{\"@id\":\"https:\/\/apuntesdesanluis.com\/index.php\/2024\/09\/20\/en-un-acto-con-grabois-el-papa-critico-al-gobierno-por-el-uso-de-gas-pimienta-en-una-manifestacion\/#primaryimage\"},\"thumbnailUrl\":\"https:\/\/apuntesdesanluis.com\/wp-content\/uploads\/2024\/09\/el-papa-con-organizaciones-sociales.png\",\"datePublished\":\"2024-09-20T23:36:59+00:00\",\"dateModified\":\"2024-09-20T23:41:37+00:00\",\"breadcrumb\":{\"@id\":\"https:\/\/apuntesdesanluis.com\/index.php\/2024\/09\/20\/en-un-acto-con-grabois-el-papa-critico-al-gobierno-por-el-uso-de-gas-pimienta-en-una-manifestacion\/#breadcrumb\"},\"inLanguage\":\"es-AR\",\"potentialAction\":[{\"@type\":\"ReadAction\",\"target\":[\"https:\/\/apuntesdesanluis.com\/index.php\/2024\/09\/20\/en-un-acto-con-grabois-el-papa-critico-al-gobierno-por-el-uso-de-gas-pimienta-en-una-manifestacion\/\"]}]},{\"@type\":\"ImageObject\",\"inLanguage\":\"es-AR\",\"@id\":\"https:\/\/apuntesdesanluis.com\/index.php\/2024\/09\/20\/en-un-acto-con-grabois-el-papa-critico-al-gobierno-por-el-uso-de-gas-pimienta-en-una-manifestacion\/#primaryimage\",\"url\":\"https:\/\/apuntesdesanluis.com\/wp-content\/uploads\/2024\/09\/el-papa-con-organizaciones-sociales.png\",\"contentUrl\":\"https:\/\/apuntesdesanluis.com\/wp-content\/uploads\/2024\/09\/el-papa-con-organizaciones-sociales.png\",\"width\":765,\"height\":430},{\"@type\":\"BreadcrumbList\",\"@id\":\"https:\/\/apuntesdesanluis.com\/index.php\/2024\/09\/20\/en-un-acto-con-grabois-el-papa-critico-al-gobierno-por-el-uso-de-gas-pimienta-en-una-manifestacion\/#breadcrumb\",\"itemListElement\":[{\"@type\":\"ListItem\",\"position\":1,\"name\":\"Inicio\",\"item\":\"https:\/\/apuntesdesanluis.com\/\"},{\"@type\":\"ListItem\",\"position\":2,\"name\":\"EN UN ACTO CON GRABOIS, EL PAPA CRITIC\u00d3 AL GOBIERNO POR EL USO DE GAS PIMIENTA Y HABL\u00d3 DE COIMAS\"}]},{\"@type\":\"WebSite\",\"@id\":\"https:\/\/apuntesdesanluis.com\/#website\",\"url\":\"https:\/\/apuntesdesanluis.com\/\",\"name\":\"Apuntes de San Luis\",\"description\":\"\",\"publisher\":{\"@id\":\"https:\/\/apuntesdesanluis.com\/#\/schema\/person\/b55151d52296fcce64d1a72538a70b90\"},\"potentialAction\":[{\"@type\":\"SearchAction\",\"target\":{\"@type\":\"EntryPoint\",\"urlTemplate\":\"https:\/\/apuntesdesanluis.com\/?s={search_term_string}\"},\"query-input\":{\"@type\":\"PropertyValueSpecification\",\"valueRequired\":true,\"valueName\":\"search_term_string\"}}],\"inLanguage\":\"es-AR\"},{\"@type\":[\"Person\",\"Organization\"],\"@id\":\"https:\/\/apuntesdesanluis.com\/#\/schema\/person\/b55151d52296fcce64d1a72538a70b90\",\"name\":\"apuntesdesanluis.com\",\"image\":{\"@type\":\"ImageObject\",\"inLanguage\":\"es-AR\",\"@id\":\"https:\/\/apuntesdesanluis.com\/#\/schema\/person\/image\/\",\"url\":\"https:\/\/apuntesdesanluis.com\/wp-content\/uploads\/2023\/07\/cropped-apuntesdesanluis.png\",\"contentUrl\":\"https:\/\/apuntesdesanluis.com\/wp-content\/uploads\/2023\/07\/cropped-apuntesdesanluis.png\",\"width\":450,\"height\":112,\"caption\":\"apuntesdesanluis.com\"},\"logo\":{\"@id\":\"https:\/\/apuntesdesanluis.com\/#\/schema\/person\/image\/\"},\"sameAs\":[\"https:\/\/apuntesdesanluis.com\"],\"url\":\"https:\/\/apuntesdesanluis.com\/index.php\/author\/apuntesdesanluis-com\/\"}]}<\/script>\n<!-- \/ Yoast SEO plugin. -->","yoast_head_json":{"title":"EN UN ACTO CON GRABOIS, EL PAPA CRITIC\u00d3 AL GOBIERNO POR EL USO DE GAS PIMIENTA Y HABL\u00d3 DE COIMAS - Apuntes de San Luis","robots":{"index":"index","follow":"follow","max-snippet":"max-snippet:-1","max-image-preview":"max-image-preview:large","max-video-preview":"max-video-preview:-1"},"canonical":"https:\/\/apuntesdesanluis.com\/index.php\/2024\/09\/20\/en-un-acto-con-grabois-el-papa-critico-al-gobierno-por-el-uso-de-gas-pimienta-en-una-manifestacion\/","og_locale":"es_ES","og_type":"article","og_title":"EN UN ACTO CON GRABOIS, EL PAPA CRITIC\u00d3 AL GOBIERNO POR EL USO DE GAS PIMIENTA Y HABL\u00d3 DE COIMAS - Apuntes de San Luis","og_description":"El Papa Francisco cuestion\u00f3 al Gobierno por el uso de gas pimienta en una movilizaci\u00f3n...","og_url":"https:\/\/apuntesdesanluis.com\/index.php\/2024\/09\/20\/en-un-acto-con-grabois-el-papa-critico-al-gobierno-por-el-uso-de-gas-pimienta-en-una-manifestacion\/","og_site_name":"Apuntes de San Luis","article_published_time":"2024-09-20T23:36:59+00:00","article_modified_time":"2024-09-20T23:41:37+00:00","og_image":[{"width":765,"height":430,"url":"https:\/\/apuntesdesanluis.com\/wp-content\/uploads\/2024\/09\/el-papa-con-organizaciones-sociales.png","type":"image\/png"}],"author":"apuntesdesanluis.com","twitter_card":"summary_large_image","twitter_misc":{"Escrito por":"apuntesdesanluis.com","Tiempo de lectura":"12 minutos"},"schema":{"@context":"https:\/\/schema.org","@graph":[{"@type":"Article","@id":"https:\/\/apuntesdesanluis.com\/index.php\/2024\/09\/20\/en-un-acto-con-grabois-el-papa-critico-al-gobierno-por-el-uso-de-gas-pimienta-en-una-manifestacion\/#article","isPartOf":{"@id":"https:\/\/apuntesdesanluis.com\/index.php\/2024\/09\/20\/en-un-acto-con-grabois-el-papa-critico-al-gobierno-por-el-uso-de-gas-pimienta-en-una-manifestacion\/"},"author":{"name":"apuntesdesanluis.com","@id":"https:\/\/apuntesdesanluis.com\/#\/schema\/person\/b55151d52296fcce64d1a72538a70b90"},"headline":"EN UN ACTO CON GRABOIS, EL PAPA CRITIC\u00d3 AL GOBIERNO POR EL USO DE GAS PIMIENTA Y HABL\u00d3 DE COIMAS","datePublished":"2024-09-20T23:36:59+00:00","dateModified":"2024-09-20T23:41:37+00:00","mainEntityOfPage":{"@id":"https:\/\/apuntesdesanluis.com\/index.php\/2024\/09\/20\/en-un-acto-con-grabois-el-papa-critico-al-gobierno-por-el-uso-de-gas-pimienta-en-una-manifestacion\/"},"wordCount":2510,"publisher":{"@id":"https:\/\/apuntesdesanluis.com\/#\/schema\/person\/b55151d52296fcce64d1a72538a70b90"},"image":{"@id":"https:\/\/apuntesdesanluis.com\/index.php\/2024\/09\/20\/en-un-acto-con-grabois-el-papa-critico-al-gobierno-por-el-uso-de-gas-pimienta-en-una-manifestacion\/#primaryimage"},"thumbnailUrl":"https:\/\/apuntesdesanluis.com\/wp-content\/uploads\/2024\/09\/el-papa-con-organizaciones-sociales.png","articleSection":["Nacionales\/Internacionales"],"inLanguage":"es-AR"},{"@type":"WebPage","@id":"https:\/\/apuntesdesanluis.com\/index.php\/2024\/09\/20\/en-un-acto-con-grabois-el-papa-critico-al-gobierno-por-el-uso-de-gas-pimienta-en-una-manifestacion\/","url":"https:\/\/apuntesdesanluis.com\/index.php\/2024\/09\/20\/en-un-acto-con-grabois-el-papa-critico-al-gobierno-por-el-uso-de-gas-pimienta-en-una-manifestacion\/","name":"EN UN ACTO CON GRABOIS, EL PAPA CRITIC\u00d3 AL GOBIERNO POR EL USO DE GAS PIMIENTA Y HABL\u00d3 DE COIMAS - Apuntes de San Luis","isPartOf":{"@id":"https:\/\/apuntesdesanluis.com\/#website"},"primaryImageOfPage":{"@id":"https:\/\/apuntesdesanluis.com\/index.php\/2024\/09\/20\/en-un-acto-con-grabois-el-papa-critico-al-gobierno-por-el-uso-de-gas-pimienta-en-una-manifestacion\/#primaryimage"},"image":{"@id":"https:\/\/apuntesdesanluis.com\/index.php\/2024\/09\/20\/en-un-acto-con-grabois-el-papa-critico-al-gobierno-por-el-uso-de-gas-pimienta-en-una-manifestacion\/#primaryimage"},"thumbnailUrl":"https:\/\/apuntesdesanluis.com\/wp-content\/uploads\/2024\/09\/el-papa-con-organizaciones-sociales.png","datePublished":"2024-09-20T23:36:59+00:00","dateModified":"2024-09-20T23:41:37+00:00","breadcrumb":{"@id":"https:\/\/apuntesdesanluis.com\/index.php\/2024\/09\/20\/en-un-acto-con-grabois-el-papa-critico-al-gobierno-por-el-uso-de-gas-pimienta-en-una-manifestacion\/#breadcrumb"},"inLanguage":"es-AR","potentialAction":[{"@type":"ReadAction","target":["https:\/\/apuntesdesanluis.com\/index.php\/2024\/09\/20\/en-un-acto-con-grabois-el-papa-critico-al-gobierno-por-el-uso-de-gas-pimienta-en-una-manifestacion\/"]}]},{"@type":"ImageObject","inLanguage":"es-AR","@id":"https:\/\/apuntesdesanluis.com\/index.php\/2024\/09\/20\/en-un-acto-con-grabois-el-papa-critico-al-gobierno-por-el-uso-de-gas-pimienta-en-una-manifestacion\/#primaryimage","url":"https:\/\/apuntesdesanluis.com\/wp-content\/uploads\/2024\/09\/el-papa-con-organizaciones-sociales.png","contentUrl":"https:\/\/apuntesdesanluis.com\/wp-content\/uploads\/2024\/09\/el-papa-con-organizaciones-sociales.png","width":765,"height":430},{"@type":"BreadcrumbList","@id":"https:\/\/apuntesdesanluis.com\/index.php\/2024\/09\/20\/en-un-acto-con-grabois-el-papa-critico-al-gobierno-por-el-uso-de-gas-pimienta-en-una-manifestacion\/#breadcrumb","itemListElement":[{"@type":"ListItem","position":1,"name":"Inicio","item":"https:\/\/apuntesdesanluis.com\/"},{"@type":"ListItem","position":2,"name":"EN UN ACTO CON GRABOIS, EL PAPA CRITIC\u00d3 AL GOBIERNO POR EL USO DE GAS PIMIENTA Y HABL\u00d3 DE COIMAS"}]},{"@type":"WebSite","@id":"https:\/\/apuntesdesanluis.com\/#website","url":"https:\/\/apuntesdesanluis.com\/","name":"Apuntes de San Luis","description":"","publisher":{"@id":"https:\/\/apuntesdesanluis.com\/#\/schema\/person\/b55151d52296fcce64d1a72538a70b90"},"potentialAction":[{"@type":"SearchAction","target":{"@type":"EntryPoint","urlTemplate":"https:\/\/apuntesdesanluis.com\/?s={search_term_string}"},"query-input":{"@type":"PropertyValueSpecification","valueRequired":true,"valueName":"search_term_string"}}],"inLanguage":"es-AR"},{"@type":["Person","Organization"],"@id":"https:\/\/apuntesdesanluis.com\/#\/schema\/person\/b55151d52296fcce64d1a72538a70b90","name":"apuntesdesanluis.com","image":{"@type":"ImageObject","inLanguage":"es-AR","@id":"https:\/\/apuntesdesanluis.com\/#\/schema\/person\/image\/","url":"https:\/\/apuntesdesanluis.com\/wp-content\/uploads\/2023\/07\/cropped-apuntesdesanluis.png","contentUrl":"https:\/\/apuntesdesanluis.com\/wp-content\/uploads\/2023\/07\/cropped-apuntesdesanluis.png","width":450,"height":112,"caption":"apuntesdesanluis.com"},"logo":{"@id":"https:\/\/apuntesdesanluis.com\/#\/schema\/person\/image\/"},"sameAs":["https:\/\/apuntesdesanluis.com"],"url":"https:\/\/apuntesdesanluis.com\/index.php\/author\/apuntesdesanluis-com\/"}]}},"featured_image_urls":{"full":["https:\/\/apuntesdesanluis.com\/wp-content\/uploads\/2024\/09\/el-papa-con-organizaciones-sociales.png",765,430,false],"thumbnail":["https:\/\/apuntesdesanluis.com\/wp-content\/uploads\/2024\/09\/el-papa-con-organizaciones-sociales-150x150.png",150,150,true],"medium":["https:\/\/apuntesdesanluis.com\/wp-content\/uploads\/2024\/09\/el-papa-con-organizaciones-sociales-300x169.png",300,169,true],"medium_large":["https:\/\/apuntesdesanluis.com\/wp-content\/uploads\/2024\/09\/el-papa-con-organizaciones-sociales.png",640,360,false],"large":["https:\/\/apuntesdesanluis.com\/wp-content\/uploads\/2024\/09\/el-papa-con-organizaciones-sociales.png",640,360,false],"1536x1536":["https:\/\/apuntesdesanluis.com\/wp-content\/uploads\/2024\/09\/el-papa-con-organizaciones-sociales.png",765,430,false],"2048x2048":["https:\/\/apuntesdesanluis.com\/wp-content\/uploads\/2024\/09\/el-papa-con-organizaciones-sociales.png",765,430,false],"newsever-slider-full":["https:\/\/apuntesdesanluis.com\/wp-content\/uploads\/2024\/09\/el-papa-con-organizaciones-sociales.png",765,430,false],"newsever-featured":["https:\/\/apuntesdesanluis.com\/wp-content\/uploads\/2024\/09\/el-papa-con-organizaciones-sociales.png",765,430,false],"newsever-medium":["https:\/\/apuntesdesanluis.com\/wp-content\/uploads\/2024\/09\/el-papa-con-organizaciones-sociales-720x430.png",720,430,true]},"author_info":{"display_name":"apuntesdesanluis.com","author_link":"https:\/\/apuntesdesanluis.com\/index.php\/author\/apuntesdesanluis-com\/"},"category_info":"<a href=\"https:\/\/apuntesdesanluis.com\/index.php\/category\/nacionales-internacionales\/\" rel=\"category tag\">Nacionales\/Internacionales<\/a>","tag_info":"Nacionales\/Internacionales","comment_count":"0","_links":{"self":[{"href":"https:\/\/apuntesdesanluis.com\/index.php\/wp-json\/wp\/v2\/posts\/22548","targetHints":{"allow":["GET"]}}],"collection":[{"href":"https:\/\/apuntesdesanluis.com\/index.php\/wp-json\/wp\/v2\/posts"}],"about":[{"href":"https:\/\/apuntesdesanluis.com\/index.php\/wp-json\/wp\/v2\/types\/post"}],"author":[{"embeddable":true,"href":"https:\/\/apuntesdesanluis.com\/index.php\/wp-json\/wp\/v2\/users\/1"}],"replies":[{"embeddable":true,"href":"https:\/\/apuntesdesanluis.com\/index.php\/wp-json\/wp\/v2\/comments?post=22548"}],"version-history":[{"count":3,"href":"https:\/\/apuntesdesanluis.com\/index.php\/wp-json\/wp\/v2\/posts\/22548\/revisions"}],"predecessor-version":[{"id":22554,"href":"https:\/\/apuntesdesanluis.com\/index.php\/wp-json\/wp\/v2\/posts\/22548\/revisions\/22554"}],"wp:featuredmedia":[{"embeddable":true,"href":"https:\/\/apuntesdesanluis.com\/index.php\/wp-json\/wp\/v2\/media\/22550"}],"wp:attachment":[{"href":"https:\/\/apuntesdesanluis.com\/index.php\/wp-json\/wp\/v2\/media?parent=22548"}],"wp:term":[{"taxonomy":"category","embeddable":true,"href":"https:\/\/apuntesdesanluis.com\/index.php\/wp-json\/wp\/v2\/categories?post=22548"},{"taxonomy":"post_tag","embeddable":true,"href":"https:\/\/apuntesdesanluis.com\/index.php\/wp-json\/wp\/v2\/tags?post=22548"}],"curies":[{"name":"wp","href":"https:\/\/api.w.org\/{rel}","templated":true}]}}