{"id":22555,"date":"2024-09-20T20:43:55","date_gmt":"2024-09-20T23:43:55","guid":{"rendered":"https:\/\/apuntesdesanluis.com\/?p=22555"},"modified":"2024-09-20T20:43:55","modified_gmt":"2024-09-20T23:43:55","slug":"el-gobierno-le-respondio-al-papa-respetamos-su-opinion-pero-no-tenemos-por-que-compartirla","status":"publish","type":"post","link":"https:\/\/apuntesdesanluis.com\/index.php\/2024\/09\/20\/el-gobierno-le-respondio-al-papa-respetamos-su-opinion-pero-no-tenemos-por-que-compartirla\/","title":{"rendered":"EL GOBIERNO LE RESPONDI\u00d3 AL PAPA: &#8220;RESPETAMOS SU OPINI\u00d3N, PERO NO TENEMOS POR QU\u00c9 COMPARTIRLA\u201d"},"content":{"rendered":"<h3>El Gobierno hizo eco de las cr\u00edticas del Papa Francisco contra la gesti\u00f3n en materia de seguridad del presidente<strong> Javier Milei<\/strong>, pero evit\u00f3 entrar en conflicto con la m\u00e1xima autoridad eclesi\u00e1stica. \u201cEs su opini\u00f3n, la respetamos, pero no tenemos por qu\u00e9 compartlira\u201d, plante\u00f3 el vocero presidencial, <strong>Manuel Adorni<\/strong>.<\/h3>\n<h3>En la habitual conferencia de prensa, el funcionario sostuvo: \u201cEs la opini\u00f3n del Papa Francisco, la cual respetamos, escuchamos y hasta reflexionamos sobre lo que dice el Papa, pero no tenemos por qu\u00e9 compartir la visi\u00f3n que tiene sobre algunas cuestiones\u201d.<\/h3>\n<h3>\u201cEl respeto es total y absoluto por lo que pueda decir el Papa, con respecto a cualquier cosa\u201d, puntualiz\u00f3.<\/h3>\n<h3>Consultado sobre la posibilidad de investigar potenciales pedidos de coimas de funcionarios libertarios, tal y como expuso Jorge Bergoglio, Adorni plante\u00f3: \u201cSi la Justicia as\u00ed lo considera, as\u00ed lo har\u00e1. Pero no s\u00e9 de d\u00f3nde viene el comentario. Si hay un hecho que haya que investigar, se va a investigar, por supuesto\u201d.<\/h3>\n<p><iframe title=\"\u201cRespetamos su opini\u00f3n; no la compartimos\u201d: en el Gobierno evitaron confrontar con el Papa\" width=\"640\" height=\"360\" src=\"https:\/\/www.youtube.com\/embed\/QvKP1eudnLw?feature=oembed\" frameborder=\"0\" allow=\"accelerometer; autoplay; clipboard-write; encrypted-media; gyroscope; picture-in-picture; web-share\" referrerpolicy=\"strict-origin-when-cross-origin\" allowfullscreen><\/iframe><\/p>\n<h3>Esta ma\u00f1ana el Sumo Pont\u00edfice, critic\u00f3 el protocolo de seguridad que aplica la administraci\u00f3n libertaria en el marco de las movilizaciones, y cuestion\u00f3: &#8220;En vez de pagar la justicia social pag\u00f3 el gas pimienta, le conven\u00eda&#8221;.<\/h3>\n<h3>En otro pasaje de la conferencia, el vocero hizo alusi\u00f3n a las idas y vueltas del mandatario para con la figura el Papa, tras los fuertes insultos que le propici\u00f3 en campa\u00f1a electoral, y asegur\u00f3 que se trata de \u201cuna discusi\u00f3n zanjada\u201d.<\/h3>\n<h3>Adem\u00e1s, destac\u00f3 el buen v\u00ednculo con el Sumo Pont\u00edfice, y remarc\u00f3 la visita de la ministra de Capital Humano, Sandra Pettovello, al Vaticano. \u201cLa relaci\u00f3n con el Papa es fant\u00e1stica. Empecemos a aceptar que no opinamos igual en todos los temas, y bienvenido sea con \u00e9l o con cualquier otro l\u00edder mundial\u201d, concluy\u00f3.<\/h3>\n<p>&nbsp;<\/p>\n<p>&nbsp;<\/p>\n<p>&nbsp;<\/p>\n","protected":false},"excerpt":{"rendered":"<p>El Gobierno hizo eco de las cr\u00edticas del Papa Francisco contra la gesti\u00f3n en materia&#8230;<\/p>\n","protected":false},"author":1,"featured_media":22556,"comment_status":"closed","ping_status":"closed","sticky":false,"template":"","format":"standard","meta":{"footnotes":""},"categories":[5],"tags":[],"class_list":["post-22555","post","type-post","status-publish","format-standard","has-post-thumbnail","hentry","category-nacionales-internacionales"],"yoast_head":"<!-- This site is optimized with the Yoast SEO plugin v26.1.1 - https:\/\/yoast.com\/wordpress\/plugins\/seo\/ -->\n<title>EL GOBIERNO LE RESPONDI\u00d3 AL PAPA: &quot;RESPETAMOS SU OPINI\u00d3N, PERO NO TENEMOS POR QU\u00c9 COMPARTIRLA\u201d - Apuntes de San Luis<\/title>\n<meta name=\"robots\" content=\"index, follow, max-snippet:-1, max-image-preview:large, max-video-preview:-1\" \/>\n<link rel=\"canonical\" href=\"https:\/\/apuntesdesanluis.com\/index.php\/2024\/09\/20\/el-gobierno-le-respondio-al-papa-respetamos-su-opinion-pero-no-tenemos-por-que-compartirla\/\" \/>\n<meta property=\"og:locale\" content=\"es_ES\" \/>\n<meta property=\"og:type\" content=\"article\" \/>\n<meta property=\"og:title\" content=\"EL GOBIERNO LE RESPONDI\u00d3 AL PAPA: &quot;RESPETAMOS SU OPINI\u00d3N, PERO NO TENEMOS POR QU\u00c9 COMPARTIRLA\u201d - Apuntes de San Luis\" \/>\n<meta property=\"og:description\" content=\"El Gobierno hizo eco de las cr\u00edticas del Papa Francisco contra la gesti\u00f3n en materia...\" \/>\n<meta property=\"og:url\" content=\"https:\/\/apuntesdesanluis.com\/index.php\/2024\/09\/20\/el-gobierno-le-respondio-al-papa-respetamos-su-opinion-pero-no-tenemos-por-que-compartirla\/\" \/>\n<meta property=\"og:site_name\" content=\"Apuntes de San Luis\" \/>\n<meta property=\"article:published_time\" content=\"2024-09-20T23:43:55+00:00\" \/>\n<meta property=\"og:image\" content=\"https:\/\/apuntesdesanluis.com\/wp-content\/uploads\/2024\/09\/milei-con-el-papa.png\" \/>\n\t<meta property=\"og:image:width\" content=\"785\" \/>\n\t<meta property=\"og:image:height\" content=\"499\" \/>\n\t<meta property=\"og:image:type\" content=\"image\/png\" \/>\n<meta name=\"author\" content=\"apuntesdesanluis.com\" \/>\n<meta name=\"twitter:card\" content=\"summary_large_image\" \/>\n<meta name=\"twitter:label1\" content=\"Escrito por\" \/>\n\t<meta name=\"twitter:data1\" content=\"apuntesdesanluis.com\" \/>\n\t<meta name=\"twitter:label2\" content=\"Tiempo de lectura\" \/>\n\t<meta name=\"twitter:data2\" content=\"2 minutos\" \/>\n<script type=\"application\/ld+json\" class=\"yoast-schema-graph\">{\"@context\":\"https:\/\/schema.org\",\"@graph\":[{\"@type\":\"Article\",\"@id\":\"https:\/\/apuntesdesanluis.com\/index.php\/2024\/09\/20\/el-gobierno-le-respondio-al-papa-respetamos-su-opinion-pero-no-tenemos-por-que-compartirla\/#article\",\"isPartOf\":{\"@id\":\"https:\/\/apuntesdesanluis.com\/index.php\/2024\/09\/20\/el-gobierno-le-respondio-al-papa-respetamos-su-opinion-pero-no-tenemos-por-que-compartirla\/\"},\"author\":{\"name\":\"apuntesdesanluis.com\",\"@id\":\"https:\/\/apuntesdesanluis.com\/#\/schema\/person\/b55151d52296fcce64d1a72538a70b90\"},\"headline\":\"EL GOBIERNO LE RESPONDI\u00d3 AL PAPA: &#8220;RESPETAMOS SU OPINI\u00d3N, PERO NO TENEMOS POR QU\u00c9 COMPARTIRLA\u201d\",\"datePublished\":\"2024-09-20T23:43:55+00:00\",\"mainEntityOfPage\":{\"@id\":\"https:\/\/apuntesdesanluis.com\/index.php\/2024\/09\/20\/el-gobierno-le-respondio-al-papa-respetamos-su-opinion-pero-no-tenemos-por-que-compartirla\/\"},\"wordCount\":340,\"publisher\":{\"@id\":\"https:\/\/apuntesdesanluis.com\/#\/schema\/person\/b55151d52296fcce64d1a72538a70b90\"},\"image\":{\"@id\":\"https:\/\/apuntesdesanluis.com\/index.php\/2024\/09\/20\/el-gobierno-le-respondio-al-papa-respetamos-su-opinion-pero-no-tenemos-por-que-compartirla\/#primaryimage\"},\"thumbnailUrl\":\"https:\/\/apuntesdesanluis.com\/wp-content\/uploads\/2024\/09\/milei-con-el-papa.png\",\"articleSection\":[\"Nacionales\/Internacionales\"],\"inLanguage\":\"es-AR\"},{\"@type\":\"WebPage\",\"@id\":\"https:\/\/apuntesdesanluis.com\/index.php\/2024\/09\/20\/el-gobierno-le-respondio-al-papa-respetamos-su-opinion-pero-no-tenemos-por-que-compartirla\/\",\"url\":\"https:\/\/apuntesdesanluis.com\/index.php\/2024\/09\/20\/el-gobierno-le-respondio-al-papa-respetamos-su-opinion-pero-no-tenemos-por-que-compartirla\/\",\"name\":\"EL GOBIERNO LE RESPONDI\u00d3 AL PAPA: \\\"RESPETAMOS SU OPINI\u00d3N, PERO NO TENEMOS POR QU\u00c9 COMPARTIRLA\u201d - Apuntes de San Luis\",\"isPartOf\":{\"@id\":\"https:\/\/apuntesdesanluis.com\/#website\"},\"primaryImageOfPage\":{\"@id\":\"https:\/\/apuntesdesanluis.com\/index.php\/2024\/09\/20\/el-gobierno-le-respondio-al-papa-respetamos-su-opinion-pero-no-tenemos-por-que-compartirla\/#primaryimage\"},\"image\":{\"@id\":\"https:\/\/apuntesdesanluis.com\/index.php\/2024\/09\/20\/el-gobierno-le-respondio-al-papa-respetamos-su-opinion-pero-no-tenemos-por-que-compartirla\/#primaryimage\"},\"thumbnailUrl\":\"https:\/\/apuntesdesanluis.com\/wp-content\/uploads\/2024\/09\/milei-con-el-papa.png\",\"datePublished\":\"2024-09-20T23:43:55+00:00\",\"breadcrumb\":{\"@id\":\"https:\/\/apuntesdesanluis.com\/index.php\/2024\/09\/20\/el-gobierno-le-respondio-al-papa-respetamos-su-opinion-pero-no-tenemos-por-que-compartirla\/#breadcrumb\"},\"inLanguage\":\"es-AR\",\"potentialAction\":[{\"@type\":\"ReadAction\",\"target\":[\"https:\/\/apuntesdesanluis.com\/index.php\/2024\/09\/20\/el-gobierno-le-respondio-al-papa-respetamos-su-opinion-pero-no-tenemos-por-que-compartirla\/\"]}]},{\"@type\":\"ImageObject\",\"inLanguage\":\"es-AR\",\"@id\":\"https:\/\/apuntesdesanluis.com\/index.php\/2024\/09\/20\/el-gobierno-le-respondio-al-papa-respetamos-su-opinion-pero-no-tenemos-por-que-compartirla\/#primaryimage\",\"url\":\"https:\/\/apuntesdesanluis.com\/wp-content\/uploads\/2024\/09\/milei-con-el-papa.png\",\"contentUrl\":\"https:\/\/apuntesdesanluis.com\/wp-content\/uploads\/2024\/09\/milei-con-el-papa.png\",\"width\":785,\"height\":499},{\"@type\":\"BreadcrumbList\",\"@id\":\"https:\/\/apuntesdesanluis.com\/index.php\/2024\/09\/20\/el-gobierno-le-respondio-al-papa-respetamos-su-opinion-pero-no-tenemos-por-que-compartirla\/#breadcrumb\",\"itemListElement\":[{\"@type\":\"ListItem\",\"position\":1,\"name\":\"Inicio\",\"item\":\"https:\/\/apuntesdesanluis.com\/\"},{\"@type\":\"ListItem\",\"position\":2,\"name\":\"EL GOBIERNO LE RESPONDI\u00d3 AL PAPA: &#8220;RESPETAMOS SU OPINI\u00d3N, PERO NO TENEMOS POR QU\u00c9 COMPARTIRLA\u201d\"}]},{\"@type\":\"WebSite\",\"@id\":\"https:\/\/apuntesdesanluis.com\/#website\",\"url\":\"https:\/\/apuntesdesanluis.com\/\",\"name\":\"Apuntes de San Luis\",\"description\":\"\",\"publisher\":{\"@id\":\"https:\/\/apuntesdesanluis.com\/#\/schema\/person\/b55151d52296fcce64d1a72538a70b90\"},\"potentialAction\":[{\"@type\":\"SearchAction\",\"target\":{\"@type\":\"EntryPoint\",\"urlTemplate\":\"https:\/\/apuntesdesanluis.com\/?s={search_term_string}\"},\"query-input\":{\"@type\":\"PropertyValueSpecification\",\"valueRequired\":true,\"valueName\":\"search_term_string\"}}],\"inLanguage\":\"es-AR\"},{\"@type\":[\"Person\",\"Organization\"],\"@id\":\"https:\/\/apuntesdesanluis.com\/#\/schema\/person\/b55151d52296fcce64d1a72538a70b90\",\"name\":\"apuntesdesanluis.com\",\"image\":{\"@type\":\"ImageObject\",\"inLanguage\":\"es-AR\",\"@id\":\"https:\/\/apuntesdesanluis.com\/#\/schema\/person\/image\/\",\"url\":\"https:\/\/apuntesdesanluis.com\/wp-content\/uploads\/2023\/07\/cropped-apuntesdesanluis.png\",\"contentUrl\":\"https:\/\/apuntesdesanluis.com\/wp-content\/uploads\/2023\/07\/cropped-apuntesdesanluis.png\",\"width\":450,\"height\":112,\"caption\":\"apuntesdesanluis.com\"},\"logo\":{\"@id\":\"https:\/\/apuntesdesanluis.com\/#\/schema\/person\/image\/\"},\"sameAs\":[\"https:\/\/apuntesdesanluis.com\"],\"url\":\"https:\/\/apuntesdesanluis.com\/index.php\/author\/apuntesdesanluis-com\/\"}]}<\/script>\n<!-- \/ Yoast SEO plugin. -->","yoast_head_json":{"title":"EL GOBIERNO LE RESPONDI\u00d3 AL PAPA: \"RESPETAMOS SU OPINI\u00d3N, PERO NO TENEMOS POR QU\u00c9 COMPARTIRLA\u201d - Apuntes de San Luis","robots":{"index":"index","follow":"follow","max-snippet":"max-snippet:-1","max-image-preview":"max-image-preview:large","max-video-preview":"max-video-preview:-1"},"canonical":"https:\/\/apuntesdesanluis.com\/index.php\/2024\/09\/20\/el-gobierno-le-respondio-al-papa-respetamos-su-opinion-pero-no-tenemos-por-que-compartirla\/","og_locale":"es_ES","og_type":"article","og_title":"EL GOBIERNO LE RESPONDI\u00d3 AL PAPA: \"RESPETAMOS SU OPINI\u00d3N, PERO NO TENEMOS POR QU\u00c9 COMPARTIRLA\u201d - Apuntes de San Luis","og_description":"El Gobierno hizo eco de las cr\u00edticas del Papa Francisco contra la gesti\u00f3n en materia...","og_url":"https:\/\/apuntesdesanluis.com\/index.php\/2024\/09\/20\/el-gobierno-le-respondio-al-papa-respetamos-su-opinion-pero-no-tenemos-por-que-compartirla\/","og_site_name":"Apuntes de San Luis","article_published_time":"2024-09-20T23:43:55+00:00","og_image":[{"width":785,"height":499,"url":"https:\/\/apuntesdesanluis.com\/wp-content\/uploads\/2024\/09\/milei-con-el-papa.png","type":"image\/png"}],"author":"apuntesdesanluis.com","twitter_card":"summary_large_image","twitter_misc":{"Escrito por":"apuntesdesanluis.com","Tiempo de lectura":"2 minutos"},"schema":{"@context":"https:\/\/schema.org","@graph":[{"@type":"Article","@id":"https:\/\/apuntesdesanluis.com\/index.php\/2024\/09\/20\/el-gobierno-le-respondio-al-papa-respetamos-su-opinion-pero-no-tenemos-por-que-compartirla\/#article","isPartOf":{"@id":"https:\/\/apuntesdesanluis.com\/index.php\/2024\/09\/20\/el-gobierno-le-respondio-al-papa-respetamos-su-opinion-pero-no-tenemos-por-que-compartirla\/"},"author":{"name":"apuntesdesanluis.com","@id":"https:\/\/apuntesdesanluis.com\/#\/schema\/person\/b55151d52296fcce64d1a72538a70b90"},"headline":"EL GOBIERNO LE RESPONDI\u00d3 AL PAPA: &#8220;RESPETAMOS SU OPINI\u00d3N, PERO NO TENEMOS POR QU\u00c9 COMPARTIRLA\u201d","datePublished":"2024-09-20T23:43:55+00:00","mainEntityOfPage":{"@id":"https:\/\/apuntesdesanluis.com\/index.php\/2024\/09\/20\/el-gobierno-le-respondio-al-papa-respetamos-su-opinion-pero-no-tenemos-por-que-compartirla\/"},"wordCount":340,"publisher":{"@id":"https:\/\/apuntesdesanluis.com\/#\/schema\/person\/b55151d52296fcce64d1a72538a70b90"},"image":{"@id":"https:\/\/apuntesdesanluis.com\/index.php\/2024\/09\/20\/el-gobierno-le-respondio-al-papa-respetamos-su-opinion-pero-no-tenemos-por-que-compartirla\/#primaryimage"},"thumbnailUrl":"https:\/\/apuntesdesanluis.com\/wp-content\/uploads\/2024\/09\/milei-con-el-papa.png","articleSection":["Nacionales\/Internacionales"],"inLanguage":"es-AR"},{"@type":"WebPage","@id":"https:\/\/apuntesdesanluis.com\/index.php\/2024\/09\/20\/el-gobierno-le-respondio-al-papa-respetamos-su-opinion-pero-no-tenemos-por-que-compartirla\/","url":"https:\/\/apuntesdesanluis.com\/index.php\/2024\/09\/20\/el-gobierno-le-respondio-al-papa-respetamos-su-opinion-pero-no-tenemos-por-que-compartirla\/","name":"EL GOBIERNO LE RESPONDI\u00d3 AL PAPA: \"RESPETAMOS SU OPINI\u00d3N, PERO NO TENEMOS POR QU\u00c9 COMPARTIRLA\u201d - Apuntes de San Luis","isPartOf":{"@id":"https:\/\/apuntesdesanluis.com\/#website"},"primaryImageOfPage":{"@id":"https:\/\/apuntesdesanluis.com\/index.php\/2024\/09\/20\/el-gobierno-le-respondio-al-papa-respetamos-su-opinion-pero-no-tenemos-por-que-compartirla\/#primaryimage"},"image":{"@id":"https:\/\/apuntesdesanluis.com\/index.php\/2024\/09\/20\/el-gobierno-le-respondio-al-papa-respetamos-su-opinion-pero-no-tenemos-por-que-compartirla\/#primaryimage"},"thumbnailUrl":"https:\/\/apuntesdesanluis.com\/wp-content\/uploads\/2024\/09\/milei-con-el-papa.png","datePublished":"2024-09-20T23:43:55+00:00","breadcrumb":{"@id":"https:\/\/apuntesdesanluis.com\/index.php\/2024\/09\/20\/el-gobierno-le-respondio-al-papa-respetamos-su-opinion-pero-no-tenemos-por-que-compartirla\/#breadcrumb"},"inLanguage":"es-AR","potentialAction":[{"@type":"ReadAction","target":["https:\/\/apuntesdesanluis.com\/index.php\/2024\/09\/20\/el-gobierno-le-respondio-al-papa-respetamos-su-opinion-pero-no-tenemos-por-que-compartirla\/"]}]},{"@type":"ImageObject","inLanguage":"es-AR","@id":"https:\/\/apuntesdesanluis.com\/index.php\/2024\/09\/20\/el-gobierno-le-respondio-al-papa-respetamos-su-opinion-pero-no-tenemos-por-que-compartirla\/#primaryimage","url":"https:\/\/apuntesdesanluis.com\/wp-content\/uploads\/2024\/09\/milei-con-el-papa.png","contentUrl":"https:\/\/apuntesdesanluis.com\/wp-content\/uploads\/2024\/09\/milei-con-el-papa.png","width":785,"height":499},{"@type":"BreadcrumbList","@id":"https:\/\/apuntesdesanluis.com\/index.php\/2024\/09\/20\/el-gobierno-le-respondio-al-papa-respetamos-su-opinion-pero-no-tenemos-por-que-compartirla\/#breadcrumb","itemListElement":[{"@type":"ListItem","position":1,"name":"Inicio","item":"https:\/\/apuntesdesanluis.com\/"},{"@type":"ListItem","position":2,"name":"EL GOBIERNO LE RESPONDI\u00d3 AL PAPA: &#8220;RESPETAMOS SU OPINI\u00d3N, PERO NO TENEMOS POR QU\u00c9 COMPARTIRLA\u201d"}]},{"@type":"WebSite","@id":"https:\/\/apuntesdesanluis.com\/#website","url":"https:\/\/apuntesdesanluis.com\/","name":"Apuntes de San Luis","description":"","publisher":{"@id":"https:\/\/apuntesdesanluis.com\/#\/schema\/person\/b55151d52296fcce64d1a72538a70b90"},"potentialAction":[{"@type":"SearchAction","target":{"@type":"EntryPoint","urlTemplate":"https:\/\/apuntesdesanluis.com\/?s={search_term_string}"},"query-input":{"@type":"PropertyValueSpecification","valueRequired":true,"valueName":"search_term_string"}}],"inLanguage":"es-AR"},{"@type":["Person","Organization"],"@id":"https:\/\/apuntesdesanluis.com\/#\/schema\/person\/b55151d52296fcce64d1a72538a70b90","name":"apuntesdesanluis.com","image":{"@type":"ImageObject","inLanguage":"es-AR","@id":"https:\/\/apuntesdesanluis.com\/#\/schema\/person\/image\/","url":"https:\/\/apuntesdesanluis.com\/wp-content\/uploads\/2023\/07\/cropped-apuntesdesanluis.png","contentUrl":"https:\/\/apuntesdesanluis.com\/wp-content\/uploads\/2023\/07\/cropped-apuntesdesanluis.png","width":450,"height":112,"caption":"apuntesdesanluis.com"},"logo":{"@id":"https:\/\/apuntesdesanluis.com\/#\/schema\/person\/image\/"},"sameAs":["https:\/\/apuntesdesanluis.com"],"url":"https:\/\/apuntesdesanluis.com\/index.php\/author\/apuntesdesanluis-com\/"}]}},"featured_image_urls":{"full":["https:\/\/apuntesdesanluis.com\/wp-content\/uploads\/2024\/09\/milei-con-el-papa.png",785,499,false],"thumbnail":["https:\/\/apuntesdesanluis.com\/wp-content\/uploads\/2024\/09\/milei-con-el-papa-150x150.png",150,150,true],"medium":["https:\/\/apuntesdesanluis.com\/wp-content\/uploads\/2024\/09\/milei-con-el-papa-300x191.png",300,191,true],"medium_large":["https:\/\/apuntesdesanluis.com\/wp-content\/uploads\/2024\/09\/milei-con-el-papa-768x488.png",640,407,true],"large":["https:\/\/apuntesdesanluis.com\/wp-content\/uploads\/2024\/09\/milei-con-el-papa.png",640,407,false],"1536x1536":["https:\/\/apuntesdesanluis.com\/wp-content\/uploads\/2024\/09\/milei-con-el-papa.png",785,499,false],"2048x2048":["https:\/\/apuntesdesanluis.com\/wp-content\/uploads\/2024\/09\/milei-con-el-papa.png",785,499,false],"newsever-slider-full":["https:\/\/apuntesdesanluis.com\/wp-content\/uploads\/2024\/09\/milei-con-el-papa.png",785,499,false],"newsever-featured":["https:\/\/apuntesdesanluis.com\/wp-content\/uploads\/2024\/09\/milei-con-el-papa.png",785,499,false],"newsever-medium":["https:\/\/apuntesdesanluis.com\/wp-content\/uploads\/2024\/09\/milei-con-el-papa-720x475.png",720,475,true]},"author_info":{"display_name":"apuntesdesanluis.com","author_link":"https:\/\/apuntesdesanluis.com\/index.php\/author\/apuntesdesanluis-com\/"},"category_info":"<a href=\"https:\/\/apuntesdesanluis.com\/index.php\/category\/nacionales-internacionales\/\" rel=\"category tag\">Nacionales\/Internacionales<\/a>","tag_info":"Nacionales\/Internacionales","comment_count":"0","_links":{"self":[{"href":"https:\/\/apuntesdesanluis.com\/index.php\/wp-json\/wp\/v2\/posts\/22555","targetHints":{"allow":["GET"]}}],"collection":[{"href":"https:\/\/apuntesdesanluis.com\/index.php\/wp-json\/wp\/v2\/posts"}],"about":[{"href":"https:\/\/apuntesdesanluis.com\/index.php\/wp-json\/wp\/v2\/types\/post"}],"author":[{"embeddable":true,"href":"https:\/\/apuntesdesanluis.com\/index.php\/wp-json\/wp\/v2\/users\/1"}],"replies":[{"embeddable":true,"href":"https:\/\/apuntesdesanluis.com\/index.php\/wp-json\/wp\/v2\/comments?post=22555"}],"version-history":[{"count":1,"href":"https:\/\/apuntesdesanluis.com\/index.php\/wp-json\/wp\/v2\/posts\/22555\/revisions"}],"predecessor-version":[{"id":22557,"href":"https:\/\/apuntesdesanluis.com\/index.php\/wp-json\/wp\/v2\/posts\/22555\/revisions\/22557"}],"wp:featuredmedia":[{"embeddable":true,"href":"https:\/\/apuntesdesanluis.com\/index.php\/wp-json\/wp\/v2\/media\/22556"}],"wp:attachment":[{"href":"https:\/\/apuntesdesanluis.com\/index.php\/wp-json\/wp\/v2\/media?parent=22555"}],"wp:term":[{"taxonomy":"category","embeddable":true,"href":"https:\/\/apuntesdesanluis.com\/index.php\/wp-json\/wp\/v2\/categories?post=22555"},{"taxonomy":"post_tag","embeddable":true,"href":"https:\/\/apuntesdesanluis.com\/index.php\/wp-json\/wp\/v2\/tags?post=22555"}],"curies":[{"name":"wp","href":"https:\/\/api.w.org\/{rel}","templated":true}]}}