{"id":22561,"date":"2024-09-20T21:35:02","date_gmt":"2024-09-21T00:35:02","guid":{"rendered":"https:\/\/apuntesdesanluis.com\/?p=22561"},"modified":"2024-09-20T21:56:51","modified_gmt":"2024-09-21T00:56:51","slug":"aerolineas-argentinas-convoco-a-asamblea-de-accionistas-para-echar-al-sindicalista-pablo-biro-del-directorio","status":"publish","type":"post","link":"https:\/\/apuntesdesanluis.com\/index.php\/2024\/09\/20\/aerolineas-argentinas-convoco-a-asamblea-de-accionistas-para-echar-al-sindicalista-pablo-biro-del-directorio\/","title":{"rendered":"AEROL\u00cdNEAS ARGENTINAS CONVOC\u00d3 A ASAMBLEA DE ACCIONISTAS PARA ECHAR AL SINDICALISTA PABLO BIR\u00d3 DEL DIRECTORIO"},"content":{"rendered":"<h3>El directorio de <strong>Aerol\u00edneas Argentinas<\/strong> convoc\u00f3 a una asamblea de accionistas de la empresa de bandera en la que va a tratarse como tema principal echar al sindicalista <strong>Pablo Bir\u00f3<\/strong>, secretario general de la Asociaci\u00f3n de Pilotos de L\u00edneas A\u00e9reas (APLA), de esa junta directiva.<\/h3>\n<h3>La asamblea ser\u00e1 el 16 de octubre a las 11 de la ma\u00f1ana. Bir\u00f3 es un dirigente alineado con el ultrakirchnerismo, cuestionado desde varios sectores y con un perfil pol\u00e9mico. Al inicio de la gesti\u00f3n libertaria, cuando se comenz\u00f3 a hablar de la privatizaci\u00f3n de la empresa hab\u00eda asegurado que \u201csi se quiere cargar a Aerol\u00edneas, nos van a tener que matar\u201d.<\/h3>\n<h3>Por su parte La Confederaci\u00f3n General del Trabajo rechaz\u00f3 la denuncia penal efectuada por el Ministerio de Seguridad de Patricia Bullrich&#8221; hacia el compa\u00f1ero Pablo Bir\u00f3, secretario general de Asociaci\u00f3n de Pilotos de L\u00edneas A\u00e9reas (APLA) e insta a la empresa a dirimir los conflictos laborales en el \u00e1mbito de la negociaci\u00f3n paritaria&#8221;.<\/h3>\n<p><img fetchpriority=\"high\" decoding=\"async\" class=\"wp-image-22566 aligncenter\" src=\"https:\/\/apuntesdesanluis.com\/wp-content\/uploads\/2024\/09\/cgt-1-266x300.png\" alt=\"\" width=\"618\" height=\"697\" srcset=\"https:\/\/apuntesdesanluis.com\/wp-content\/uploads\/2024\/09\/cgt-1-266x300.png 266w, https:\/\/apuntesdesanluis.com\/wp-content\/uploads\/2024\/09\/cgt-1.png 590w\" sizes=\"(max-width: 618px) 100vw, 618px\" \/><\/p>\n<h3><strong>CONVOCATORIA<\/strong><\/h3>\n<h3>\u201cEl directorio vot\u00f3 por la convocatoria de la asamblea. En esa asamblea de accionistas va a haber dos personas: una por las acciones del Estado, otra por las acciones del Programa de Propiedad Participada. El representante del Estado est\u00e1 ah\u00ed en nombre del 99,99% de acciones de la compa\u00f1\u00eda, aproximadamente; el del PPP representa a menos del 1%\u201d, explicaron desde la empresa.<\/h3>\n<h3>El directorio de la empresa est\u00e1 integrado por Fabi\u00e1n Lombardo, presidente de la compa\u00f1\u00eda; Juan Bautista Ordo\u00f1ez, vicepresidente y representante del Estado; Lisandro Catal\u00e1n, vicejefe de gabinete de Interior, tambi\u00e9n representante del Estado; Pablo Bir\u00f3, director titular por el PPP; y Eduardo Garc\u00eda, director suplente por el PPP.<\/h3>\n<h3><img decoding=\"async\" class=\"wp-image-22563 aligncenter\" src=\"https:\/\/apuntesdesanluis.com\/wp-content\/uploads\/2024\/09\/lombardo-300x168.png\" alt=\"\" width=\"727\" height=\"407\" srcset=\"https:\/\/apuntesdesanluis.com\/wp-content\/uploads\/2024\/09\/lombardo-300x168.png 300w, https:\/\/apuntesdesanluis.com\/wp-content\/uploads\/2024\/09\/lombardo.png 752w\" sizes=\"(max-width: 727px) 100vw, 727px\" \/><\/h3>\n<h4 style=\"text-align: center;\"><em>El presidente de Aerol\u00edneas Argentinas, Fabi\u00e1n Lombardo.<\/em><\/h4>\n<h3>Los directores son representantes de los accionistas, o sea casi en su totalidad el Estado Argentino. Cuando el directorio llama a la asamblea, est\u00e1 convocando a los due\u00f1os de la empresa, o a sus apoderados legales. En este caso vendr\u00e1n uno apoderado por el Estado y otro por el PPP, que votan con el peso de las acciones que representan. Por eso se descarta que Bir\u00f3, que es director por el PPP, va a ser echado. Desde ese momento, el PPP deber\u00e1 tener otro director que lo represente en el directorio\u201d, aseguraron en la empresa.<\/h3>\n<h3>El gremialista estuvo presente en la reuni\u00f3n de este mediod\u00eda.<\/h3>\n<h3><strong>DENUNCIAS<\/strong><\/h3>\n<h3>La decisi\u00f3n se tom\u00f3 en medio del esc\u00e1ndalo que provocaron los paros que generaron los distintos gremios que tiene la empresa \u2013con afectaci\u00f3n a casi 40.000 pasajeros\u2013, medidas que seguir\u00edan en las pr\u00f3ximas semanas, seg\u00fan se anunci\u00f3.<\/h3>\n<h3>La semana pasada, el secretario de Transporte, Franco Mogetta, hab\u00eda adelantado la idea de excluir a Bir\u00f3 del directorio de la aerol\u00ednea de bandera.<\/h3>\n<h3>\u201cSe les va a reclamar al sindicato y a \u00e9l por los da\u00f1os y las p\u00e9rdidas que le han generado a la compa\u00f1\u00eda\u201d, dijo el funcionario en declaraciones radiales. \u201cEllos dicen que defienden a la empresa, pero lo disimulan bastante bien con este tipo de medidas que le hacen perder millones de d\u00f3lares a la compa\u00f1\u00eda\u201d, agreg\u00f3.<\/h3>\n<h3>Esta semana, adem\u00e1s, se supo que el ministerio de Seguridad que encabeza Patricia Bullrich hab\u00eda presentado una denuncia por amenazas y extorsi\u00f3n contra el titular de APLA, luego de expresiones realizadas por el dirigente en las que advert\u00eda que el conflicto en el servicio de transporte iba a recrudecer.<\/h3>\n<h3>\u201cEl Ministerio de Seguridad considera que las acciones y declaraciones de Pablo Bir\u00f3 podr\u00edan exceder el derecho de huelga amparado por la Constituci\u00f3n Nacional y constituir un acto il\u00edcito bajo la figura del delito de amenazas extorsivas, contemplado en el art\u00edculo 149 bis del C\u00f3digo Penal\u201d, indica la presentaci\u00f3n realizada el mi\u00e9rcoles pasado.<\/h3>\n<h3>La denuncia indica que el derecho a huelga debe ejercerse \u201cde manera razonable y proporcional, y en el caso de servicios esenciales como el transporte a\u00e9reo, cualquier interrupci\u00f3n abrupta podr\u00eda tener un impacto significativo para la gente y la seguridad p\u00fablica\u201d.<\/h3>\n<h3>En tanto, ayer el vocero presidencial Manuel Adorni asegur\u00f3 que el Gobierno inici\u00f3 conversaciones con \u201cvarias\u201d compa\u00f1\u00edas latinoamericanas para ceder las operaciones de Aerol\u00edneas Argentinas \u201cen caso de que contin\u00faen las extorsiones de los gremios\u201d. En paralelo trascendi\u00f3 que esas empresas ser\u00edan Avianca, LAN, Azul L\u00edneas A\u00e9reas, el empresario boliviano Germ\u00e1n Efromovich y un grupo local.<\/h3>\n<h3>La privatizaci\u00f3n de la empresa qued\u00f3 fuera de Ley Bases, pero ahora el Gobierno busca alinearse con un proyecto de ley presentado en septiembre por el diputado del PRO Hern\u00e1n Lombardi y que lleva la firma de otros 20 legisladores de la fuerza que conduce Mauricio Macri a nivel nacional.<\/h3>\n<h3>\u201cA\u00f1os de corrupci\u00f3n, el uso de la empresa como un nicho para acomodar militancia partidaria, y la extorsi\u00f3n por parte de algunos sindicatos, nos han costado millones de d\u00f3lares a todos los argentinos\u201d, describe los fundamentos del proyecto de ley que ingres\u00f3 a la C\u00e1mara baja.<\/h3>\n<p>&nbsp;<\/p>\n<p>&nbsp;<\/p>\n<p>&nbsp;<\/p>\n<p>&nbsp;<\/p>\n<p>&nbsp;<\/p>\n<p>&nbsp;<\/p>\n<p>&nbsp;<\/p>\n<p>&nbsp;<\/p>\n","protected":false},"excerpt":{"rendered":"<p>El directorio de Aerol\u00edneas Argentinas convoc\u00f3 a una asamblea de accionistas de la empresa de&#8230;<\/p>\n","protected":false},"author":1,"featured_media":22562,"comment_status":"closed","ping_status":"closed","sticky":false,"template":"","format":"standard","meta":{"footnotes":""},"categories":[5],"tags":[],"class_list":["post-22561","post","type-post","status-publish","format-standard","has-post-thumbnail","hentry","category-nacionales-internacionales"],"yoast_head":"<!-- This site is optimized with the Yoast SEO plugin v26.1.1 - https:\/\/yoast.com\/wordpress\/plugins\/seo\/ -->\n<title>AEROL\u00cdNEAS ARGENTINAS CONVOC\u00d3 A ASAMBLEA DE ACCIONISTAS PARA ECHAR AL SINDICALISTA PABLO BIR\u00d3 DEL DIRECTORIO - Apuntes de San Luis<\/title>\n<meta name=\"robots\" content=\"index, follow, max-snippet:-1, max-image-preview:large, max-video-preview:-1\" \/>\n<link rel=\"canonical\" href=\"https:\/\/apuntesdesanluis.com\/index.php\/2024\/09\/20\/aerolineas-argentinas-convoco-a-asamblea-de-accionistas-para-echar-al-sindicalista-pablo-biro-del-directorio\/\" \/>\n<meta property=\"og:locale\" content=\"es_ES\" \/>\n<meta property=\"og:type\" content=\"article\" \/>\n<meta property=\"og:title\" content=\"AEROL\u00cdNEAS ARGENTINAS CONVOC\u00d3 A ASAMBLEA DE ACCIONISTAS PARA ECHAR AL SINDICALISTA PABLO BIR\u00d3 DEL DIRECTORIO - Apuntes de San Luis\" \/>\n<meta property=\"og:description\" content=\"El directorio de Aerol\u00edneas Argentinas convoc\u00f3 a una asamblea de accionistas de la empresa de...\" \/>\n<meta property=\"og:url\" content=\"https:\/\/apuntesdesanluis.com\/index.php\/2024\/09\/20\/aerolineas-argentinas-convoco-a-asamblea-de-accionistas-para-echar-al-sindicalista-pablo-biro-del-directorio\/\" \/>\n<meta property=\"og:site_name\" content=\"Apuntes de San Luis\" \/>\n<meta property=\"article:published_time\" content=\"2024-09-21T00:35:02+00:00\" \/>\n<meta property=\"article:modified_time\" content=\"2024-09-21T00:56:51+00:00\" \/>\n<meta property=\"og:image\" content=\"https:\/\/apuntesdesanluis.com\/wp-content\/uploads\/2024\/09\/pablo-biro.png\" \/>\n\t<meta property=\"og:image:width\" content=\"668\" \/>\n\t<meta property=\"og:image:height\" content=\"431\" \/>\n\t<meta property=\"og:image:type\" content=\"image\/png\" \/>\n<meta name=\"author\" content=\"apuntesdesanluis.com\" \/>\n<meta name=\"twitter:card\" content=\"summary_large_image\" \/>\n<meta name=\"twitter:label1\" content=\"Escrito por\" \/>\n\t<meta name=\"twitter:data1\" content=\"apuntesdesanluis.com\" \/>\n\t<meta name=\"twitter:label2\" content=\"Tiempo de lectura\" \/>\n\t<meta name=\"twitter:data2\" content=\"5 minutos\" \/>\n<script type=\"application\/ld+json\" class=\"yoast-schema-graph\">{\"@context\":\"https:\/\/schema.org\",\"@graph\":[{\"@type\":\"Article\",\"@id\":\"https:\/\/apuntesdesanluis.com\/index.php\/2024\/09\/20\/aerolineas-argentinas-convoco-a-asamblea-de-accionistas-para-echar-al-sindicalista-pablo-biro-del-directorio\/#article\",\"isPartOf\":{\"@id\":\"https:\/\/apuntesdesanluis.com\/index.php\/2024\/09\/20\/aerolineas-argentinas-convoco-a-asamblea-de-accionistas-para-echar-al-sindicalista-pablo-biro-del-directorio\/\"},\"author\":{\"name\":\"apuntesdesanluis.com\",\"@id\":\"https:\/\/apuntesdesanluis.com\/#\/schema\/person\/b55151d52296fcce64d1a72538a70b90\"},\"headline\":\"AEROL\u00cdNEAS ARGENTINAS CONVOC\u00d3 A ASAMBLEA DE ACCIONISTAS PARA ECHAR AL SINDICALISTA PABLO BIR\u00d3 DEL DIRECTORIO\",\"datePublished\":\"2024-09-21T00:35:02+00:00\",\"dateModified\":\"2024-09-21T00:56:51+00:00\",\"mainEntityOfPage\":{\"@id\":\"https:\/\/apuntesdesanluis.com\/index.php\/2024\/09\/20\/aerolineas-argentinas-convoco-a-asamblea-de-accionistas-para-echar-al-sindicalista-pablo-biro-del-directorio\/\"},\"wordCount\":885,\"publisher\":{\"@id\":\"https:\/\/apuntesdesanluis.com\/#\/schema\/person\/b55151d52296fcce64d1a72538a70b90\"},\"image\":{\"@id\":\"https:\/\/apuntesdesanluis.com\/index.php\/2024\/09\/20\/aerolineas-argentinas-convoco-a-asamblea-de-accionistas-para-echar-al-sindicalista-pablo-biro-del-directorio\/#primaryimage\"},\"thumbnailUrl\":\"https:\/\/apuntesdesanluis.com\/wp-content\/uploads\/2024\/09\/pablo-biro.png\",\"articleSection\":[\"Nacionales\/Internacionales\"],\"inLanguage\":\"es-AR\"},{\"@type\":\"WebPage\",\"@id\":\"https:\/\/apuntesdesanluis.com\/index.php\/2024\/09\/20\/aerolineas-argentinas-convoco-a-asamblea-de-accionistas-para-echar-al-sindicalista-pablo-biro-del-directorio\/\",\"url\":\"https:\/\/apuntesdesanluis.com\/index.php\/2024\/09\/20\/aerolineas-argentinas-convoco-a-asamblea-de-accionistas-para-echar-al-sindicalista-pablo-biro-del-directorio\/\",\"name\":\"AEROL\u00cdNEAS ARGENTINAS CONVOC\u00d3 A ASAMBLEA DE ACCIONISTAS PARA ECHAR AL SINDICALISTA PABLO BIR\u00d3 DEL DIRECTORIO - Apuntes de San Luis\",\"isPartOf\":{\"@id\":\"https:\/\/apuntesdesanluis.com\/#website\"},\"primaryImageOfPage\":{\"@id\":\"https:\/\/apuntesdesanluis.com\/index.php\/2024\/09\/20\/aerolineas-argentinas-convoco-a-asamblea-de-accionistas-para-echar-al-sindicalista-pablo-biro-del-directorio\/#primaryimage\"},\"image\":{\"@id\":\"https:\/\/apuntesdesanluis.com\/index.php\/2024\/09\/20\/aerolineas-argentinas-convoco-a-asamblea-de-accionistas-para-echar-al-sindicalista-pablo-biro-del-directorio\/#primaryimage\"},\"thumbnailUrl\":\"https:\/\/apuntesdesanluis.com\/wp-content\/uploads\/2024\/09\/pablo-biro.png\",\"datePublished\":\"2024-09-21T00:35:02+00:00\",\"dateModified\":\"2024-09-21T00:56:51+00:00\",\"breadcrumb\":{\"@id\":\"https:\/\/apuntesdesanluis.com\/index.php\/2024\/09\/20\/aerolineas-argentinas-convoco-a-asamblea-de-accionistas-para-echar-al-sindicalista-pablo-biro-del-directorio\/#breadcrumb\"},\"inLanguage\":\"es-AR\",\"potentialAction\":[{\"@type\":\"ReadAction\",\"target\":[\"https:\/\/apuntesdesanluis.com\/index.php\/2024\/09\/20\/aerolineas-argentinas-convoco-a-asamblea-de-accionistas-para-echar-al-sindicalista-pablo-biro-del-directorio\/\"]}]},{\"@type\":\"ImageObject\",\"inLanguage\":\"es-AR\",\"@id\":\"https:\/\/apuntesdesanluis.com\/index.php\/2024\/09\/20\/aerolineas-argentinas-convoco-a-asamblea-de-accionistas-para-echar-al-sindicalista-pablo-biro-del-directorio\/#primaryimage\",\"url\":\"https:\/\/apuntesdesanluis.com\/wp-content\/uploads\/2024\/09\/pablo-biro.png\",\"contentUrl\":\"https:\/\/apuntesdesanluis.com\/wp-content\/uploads\/2024\/09\/pablo-biro.png\",\"width\":668,\"height\":431},{\"@type\":\"BreadcrumbList\",\"@id\":\"https:\/\/apuntesdesanluis.com\/index.php\/2024\/09\/20\/aerolineas-argentinas-convoco-a-asamblea-de-accionistas-para-echar-al-sindicalista-pablo-biro-del-directorio\/#breadcrumb\",\"itemListElement\":[{\"@type\":\"ListItem\",\"position\":1,\"name\":\"Inicio\",\"item\":\"https:\/\/apuntesdesanluis.com\/\"},{\"@type\":\"ListItem\",\"position\":2,\"name\":\"AEROL\u00cdNEAS ARGENTINAS CONVOC\u00d3 A ASAMBLEA DE ACCIONISTAS PARA ECHAR AL SINDICALISTA PABLO BIR\u00d3 DEL DIRECTORIO\"}]},{\"@type\":\"WebSite\",\"@id\":\"https:\/\/apuntesdesanluis.com\/#website\",\"url\":\"https:\/\/apuntesdesanluis.com\/\",\"name\":\"Apuntes de San Luis\",\"description\":\"\",\"publisher\":{\"@id\":\"https:\/\/apuntesdesanluis.com\/#\/schema\/person\/b55151d52296fcce64d1a72538a70b90\"},\"potentialAction\":[{\"@type\":\"SearchAction\",\"target\":{\"@type\":\"EntryPoint\",\"urlTemplate\":\"https:\/\/apuntesdesanluis.com\/?s={search_term_string}\"},\"query-input\":{\"@type\":\"PropertyValueSpecification\",\"valueRequired\":true,\"valueName\":\"search_term_string\"}}],\"inLanguage\":\"es-AR\"},{\"@type\":[\"Person\",\"Organization\"],\"@id\":\"https:\/\/apuntesdesanluis.com\/#\/schema\/person\/b55151d52296fcce64d1a72538a70b90\",\"name\":\"apuntesdesanluis.com\",\"image\":{\"@type\":\"ImageObject\",\"inLanguage\":\"es-AR\",\"@id\":\"https:\/\/apuntesdesanluis.com\/#\/schema\/person\/image\/\",\"url\":\"https:\/\/apuntesdesanluis.com\/wp-content\/uploads\/2023\/07\/cropped-apuntesdesanluis.png\",\"contentUrl\":\"https:\/\/apuntesdesanluis.com\/wp-content\/uploads\/2023\/07\/cropped-apuntesdesanluis.png\",\"width\":450,\"height\":112,\"caption\":\"apuntesdesanluis.com\"},\"logo\":{\"@id\":\"https:\/\/apuntesdesanluis.com\/#\/schema\/person\/image\/\"},\"sameAs\":[\"https:\/\/apuntesdesanluis.com\"],\"url\":\"https:\/\/apuntesdesanluis.com\/index.php\/author\/apuntesdesanluis-com\/\"}]}<\/script>\n<!-- \/ Yoast SEO plugin. -->","yoast_head_json":{"title":"AEROL\u00cdNEAS ARGENTINAS CONVOC\u00d3 A ASAMBLEA DE ACCIONISTAS PARA ECHAR AL SINDICALISTA PABLO BIR\u00d3 DEL DIRECTORIO - Apuntes de San Luis","robots":{"index":"index","follow":"follow","max-snippet":"max-snippet:-1","max-image-preview":"max-image-preview:large","max-video-preview":"max-video-preview:-1"},"canonical":"https:\/\/apuntesdesanluis.com\/index.php\/2024\/09\/20\/aerolineas-argentinas-convoco-a-asamblea-de-accionistas-para-echar-al-sindicalista-pablo-biro-del-directorio\/","og_locale":"es_ES","og_type":"article","og_title":"AEROL\u00cdNEAS ARGENTINAS CONVOC\u00d3 A ASAMBLEA DE ACCIONISTAS PARA ECHAR AL SINDICALISTA PABLO BIR\u00d3 DEL DIRECTORIO - Apuntes de San Luis","og_description":"El directorio de Aerol\u00edneas Argentinas convoc\u00f3 a una asamblea de accionistas de la empresa de...","og_url":"https:\/\/apuntesdesanluis.com\/index.php\/2024\/09\/20\/aerolineas-argentinas-convoco-a-asamblea-de-accionistas-para-echar-al-sindicalista-pablo-biro-del-directorio\/","og_site_name":"Apuntes de San Luis","article_published_time":"2024-09-21T00:35:02+00:00","article_modified_time":"2024-09-21T00:56:51+00:00","og_image":[{"width":668,"height":431,"url":"https:\/\/apuntesdesanluis.com\/wp-content\/uploads\/2024\/09\/pablo-biro.png","type":"image\/png"}],"author":"apuntesdesanluis.com","twitter_card":"summary_large_image","twitter_misc":{"Escrito por":"apuntesdesanluis.com","Tiempo de lectura":"5 minutos"},"schema":{"@context":"https:\/\/schema.org","@graph":[{"@type":"Article","@id":"https:\/\/apuntesdesanluis.com\/index.php\/2024\/09\/20\/aerolineas-argentinas-convoco-a-asamblea-de-accionistas-para-echar-al-sindicalista-pablo-biro-del-directorio\/#article","isPartOf":{"@id":"https:\/\/apuntesdesanluis.com\/index.php\/2024\/09\/20\/aerolineas-argentinas-convoco-a-asamblea-de-accionistas-para-echar-al-sindicalista-pablo-biro-del-directorio\/"},"author":{"name":"apuntesdesanluis.com","@id":"https:\/\/apuntesdesanluis.com\/#\/schema\/person\/b55151d52296fcce64d1a72538a70b90"},"headline":"AEROL\u00cdNEAS ARGENTINAS CONVOC\u00d3 A ASAMBLEA DE ACCIONISTAS PARA ECHAR AL SINDICALISTA PABLO BIR\u00d3 DEL DIRECTORIO","datePublished":"2024-09-21T00:35:02+00:00","dateModified":"2024-09-21T00:56:51+00:00","mainEntityOfPage":{"@id":"https:\/\/apuntesdesanluis.com\/index.php\/2024\/09\/20\/aerolineas-argentinas-convoco-a-asamblea-de-accionistas-para-echar-al-sindicalista-pablo-biro-del-directorio\/"},"wordCount":885,"publisher":{"@id":"https:\/\/apuntesdesanluis.com\/#\/schema\/person\/b55151d52296fcce64d1a72538a70b90"},"image":{"@id":"https:\/\/apuntesdesanluis.com\/index.php\/2024\/09\/20\/aerolineas-argentinas-convoco-a-asamblea-de-accionistas-para-echar-al-sindicalista-pablo-biro-del-directorio\/#primaryimage"},"thumbnailUrl":"https:\/\/apuntesdesanluis.com\/wp-content\/uploads\/2024\/09\/pablo-biro.png","articleSection":["Nacionales\/Internacionales"],"inLanguage":"es-AR"},{"@type":"WebPage","@id":"https:\/\/apuntesdesanluis.com\/index.php\/2024\/09\/20\/aerolineas-argentinas-convoco-a-asamblea-de-accionistas-para-echar-al-sindicalista-pablo-biro-del-directorio\/","url":"https:\/\/apuntesdesanluis.com\/index.php\/2024\/09\/20\/aerolineas-argentinas-convoco-a-asamblea-de-accionistas-para-echar-al-sindicalista-pablo-biro-del-directorio\/","name":"AEROL\u00cdNEAS ARGENTINAS CONVOC\u00d3 A ASAMBLEA DE ACCIONISTAS PARA ECHAR AL SINDICALISTA PABLO BIR\u00d3 DEL DIRECTORIO - Apuntes de San Luis","isPartOf":{"@id":"https:\/\/apuntesdesanluis.com\/#website"},"primaryImageOfPage":{"@id":"https:\/\/apuntesdesanluis.com\/index.php\/2024\/09\/20\/aerolineas-argentinas-convoco-a-asamblea-de-accionistas-para-echar-al-sindicalista-pablo-biro-del-directorio\/#primaryimage"},"image":{"@id":"https:\/\/apuntesdesanluis.com\/index.php\/2024\/09\/20\/aerolineas-argentinas-convoco-a-asamblea-de-accionistas-para-echar-al-sindicalista-pablo-biro-del-directorio\/#primaryimage"},"thumbnailUrl":"https:\/\/apuntesdesanluis.com\/wp-content\/uploads\/2024\/09\/pablo-biro.png","datePublished":"2024-09-21T00:35:02+00:00","dateModified":"2024-09-21T00:56:51+00:00","breadcrumb":{"@id":"https:\/\/apuntesdesanluis.com\/index.php\/2024\/09\/20\/aerolineas-argentinas-convoco-a-asamblea-de-accionistas-para-echar-al-sindicalista-pablo-biro-del-directorio\/#breadcrumb"},"inLanguage":"es-AR","potentialAction":[{"@type":"ReadAction","target":["https:\/\/apuntesdesanluis.com\/index.php\/2024\/09\/20\/aerolineas-argentinas-convoco-a-asamblea-de-accionistas-para-echar-al-sindicalista-pablo-biro-del-directorio\/"]}]},{"@type":"ImageObject","inLanguage":"es-AR","@id":"https:\/\/apuntesdesanluis.com\/index.php\/2024\/09\/20\/aerolineas-argentinas-convoco-a-asamblea-de-accionistas-para-echar-al-sindicalista-pablo-biro-del-directorio\/#primaryimage","url":"https:\/\/apuntesdesanluis.com\/wp-content\/uploads\/2024\/09\/pablo-biro.png","contentUrl":"https:\/\/apuntesdesanluis.com\/wp-content\/uploads\/2024\/09\/pablo-biro.png","width":668,"height":431},{"@type":"BreadcrumbList","@id":"https:\/\/apuntesdesanluis.com\/index.php\/2024\/09\/20\/aerolineas-argentinas-convoco-a-asamblea-de-accionistas-para-echar-al-sindicalista-pablo-biro-del-directorio\/#breadcrumb","itemListElement":[{"@type":"ListItem","position":1,"name":"Inicio","item":"https:\/\/apuntesdesanluis.com\/"},{"@type":"ListItem","position":2,"name":"AEROL\u00cdNEAS ARGENTINAS CONVOC\u00d3 A ASAMBLEA DE ACCIONISTAS PARA ECHAR AL SINDICALISTA PABLO BIR\u00d3 DEL DIRECTORIO"}]},{"@type":"WebSite","@id":"https:\/\/apuntesdesanluis.com\/#website","url":"https:\/\/apuntesdesanluis.com\/","name":"Apuntes de San Luis","description":"","publisher":{"@id":"https:\/\/apuntesdesanluis.com\/#\/schema\/person\/b55151d52296fcce64d1a72538a70b90"},"potentialAction":[{"@type":"SearchAction","target":{"@type":"EntryPoint","urlTemplate":"https:\/\/apuntesdesanluis.com\/?s={search_term_string}"},"query-input":{"@type":"PropertyValueSpecification","valueRequired":true,"valueName":"search_term_string"}}],"inLanguage":"es-AR"},{"@type":["Person","Organization"],"@id":"https:\/\/apuntesdesanluis.com\/#\/schema\/person\/b55151d52296fcce64d1a72538a70b90","name":"apuntesdesanluis.com","image":{"@type":"ImageObject","inLanguage":"es-AR","@id":"https:\/\/apuntesdesanluis.com\/#\/schema\/person\/image\/","url":"https:\/\/apuntesdesanluis.com\/wp-content\/uploads\/2023\/07\/cropped-apuntesdesanluis.png","contentUrl":"https:\/\/apuntesdesanluis.com\/wp-content\/uploads\/2023\/07\/cropped-apuntesdesanluis.png","width":450,"height":112,"caption":"apuntesdesanluis.com"},"logo":{"@id":"https:\/\/apuntesdesanluis.com\/#\/schema\/person\/image\/"},"sameAs":["https:\/\/apuntesdesanluis.com"],"url":"https:\/\/apuntesdesanluis.com\/index.php\/author\/apuntesdesanluis-com\/"}]}},"featured_image_urls":{"full":["https:\/\/apuntesdesanluis.com\/wp-content\/uploads\/2024\/09\/pablo-biro.png",668,431,false],"thumbnail":["https:\/\/apuntesdesanluis.com\/wp-content\/uploads\/2024\/09\/pablo-biro-150x150.png",150,150,true],"medium":["https:\/\/apuntesdesanluis.com\/wp-content\/uploads\/2024\/09\/pablo-biro-300x194.png",300,194,true],"medium_large":["https:\/\/apuntesdesanluis.com\/wp-content\/uploads\/2024\/09\/pablo-biro.png",640,413,false],"large":["https:\/\/apuntesdesanluis.com\/wp-content\/uploads\/2024\/09\/pablo-biro.png",640,413,false],"1536x1536":["https:\/\/apuntesdesanluis.com\/wp-content\/uploads\/2024\/09\/pablo-biro.png",668,431,false],"2048x2048":["https:\/\/apuntesdesanluis.com\/wp-content\/uploads\/2024\/09\/pablo-biro.png",668,431,false],"newsever-slider-full":["https:\/\/apuntesdesanluis.com\/wp-content\/uploads\/2024\/09\/pablo-biro.png",668,431,false],"newsever-featured":["https:\/\/apuntesdesanluis.com\/wp-content\/uploads\/2024\/09\/pablo-biro.png",668,431,false],"newsever-medium":["https:\/\/apuntesdesanluis.com\/wp-content\/uploads\/2024\/09\/pablo-biro.png",668,431,false]},"author_info":{"display_name":"apuntesdesanluis.com","author_link":"https:\/\/apuntesdesanluis.com\/index.php\/author\/apuntesdesanluis-com\/"},"category_info":"<a href=\"https:\/\/apuntesdesanluis.com\/index.php\/category\/nacionales-internacionales\/\" rel=\"category tag\">Nacionales\/Internacionales<\/a>","tag_info":"Nacionales\/Internacionales","comment_count":"0","_links":{"self":[{"href":"https:\/\/apuntesdesanluis.com\/index.php\/wp-json\/wp\/v2\/posts\/22561","targetHints":{"allow":["GET"]}}],"collection":[{"href":"https:\/\/apuntesdesanluis.com\/index.php\/wp-json\/wp\/v2\/posts"}],"about":[{"href":"https:\/\/apuntesdesanluis.com\/index.php\/wp-json\/wp\/v2\/types\/post"}],"author":[{"embeddable":true,"href":"https:\/\/apuntesdesanluis.com\/index.php\/wp-json\/wp\/v2\/users\/1"}],"replies":[{"embeddable":true,"href":"https:\/\/apuntesdesanluis.com\/index.php\/wp-json\/wp\/v2\/comments?post=22561"}],"version-history":[{"count":3,"href":"https:\/\/apuntesdesanluis.com\/index.php\/wp-json\/wp\/v2\/posts\/22561\/revisions"}],"predecessor-version":[{"id":22567,"href":"https:\/\/apuntesdesanluis.com\/index.php\/wp-json\/wp\/v2\/posts\/22561\/revisions\/22567"}],"wp:featuredmedia":[{"embeddable":true,"href":"https:\/\/apuntesdesanluis.com\/index.php\/wp-json\/wp\/v2\/media\/22562"}],"wp:attachment":[{"href":"https:\/\/apuntesdesanluis.com\/index.php\/wp-json\/wp\/v2\/media?parent=22561"}],"wp:term":[{"taxonomy":"category","embeddable":true,"href":"https:\/\/apuntesdesanluis.com\/index.php\/wp-json\/wp\/v2\/categories?post=22561"},{"taxonomy":"post_tag","embeddable":true,"href":"https:\/\/apuntesdesanluis.com\/index.php\/wp-json\/wp\/v2\/tags?post=22561"}],"curies":[{"name":"wp","href":"https:\/\/api.w.org\/{rel}","templated":true}]}}