{"id":22572,"date":"2024-09-21T12:34:23","date_gmt":"2024-09-21T15:34:23","guid":{"rendered":"https:\/\/apuntesdesanluis.com\/?p=22572"},"modified":"2024-09-21T12:39:19","modified_gmt":"2024-09-21T15:39:19","slug":"detuvieron-a-uno-de-los-asesinos-del-policia-que-se-encontraba-herido","status":"publish","type":"post","link":"https:\/\/apuntesdesanluis.com\/index.php\/2024\/09\/21\/detuvieron-a-uno-de-los-asesinos-del-policia-que-se-encontraba-herido\/","title":{"rendered":"DETUVIERON A UNO DE LOS ASESINOS DEL POLIC\u00cdA, QUE SE ENCONTRABA HERIDO"},"content":{"rendered":"<h3>El gobierno comunic\u00f3 que personal policial en las primeras horas de este s\u00e1bado 21, detuvo a uno de los implicados en el hecho en el cual perdiera la vida un oficial de la polic\u00eda en Cortaderas.<\/h3>\n<h3>El hombre mayor de edad fue encontrado en una zona cercana a la del hecho intentando escapar. En el momento de la detenci\u00f3n presentaba una herida de bala, que compromet\u00eda su movilidad. Requiri\u00f3 intervenci\u00f3n inmediata y es asistido actualmente en el Hospital de la Villa de Merlo.<\/h3>\n<h3>El polic\u00eda que perdi\u00f3 la vida en cumplimento de su deber en un intento de robo en Cortaderas es el Oficial Principal <strong>Renato Mauricio Fuentes<\/strong>, quien desempe\u00f1aba su servicio en la UROP6 Cortaderas-Subcomisaria 22\u00b0.<\/h3>\n<h3>En torno a la investigaci\u00f3n, durante esta madrugada la polic\u00eda realiz\u00f3 diferentes allanamientos, los cuales, en algunos casos ha sumado material para la causa y continua la b\u00fasqueda de otra persona implicada en el hecho, la cual estar\u00eda identificada.<\/h3>\n<h3>Cabe mencionar que desde un primer momento se trabaja con la intervenci\u00f3n de la Unidad de Abordaje Fiscal de la Tercera Circunscripci\u00f3n Judicial a cargo del Dr. Marcelo Salda\u00f1a.<\/h3>\n<p>&nbsp;<\/p>\n<p><img fetchpriority=\"high\" decoding=\"async\" class=\"wp-image-22573 aligncenter\" src=\"https:\/\/apuntesdesanluis.com\/wp-content\/uploads\/2024\/09\/Imagen-de-WhatsApp-2024-09-21-a-las-09.44.13_83fa77dd-300x300.jpg\" alt=\"\" width=\"623\" height=\"623\" srcset=\"https:\/\/apuntesdesanluis.com\/wp-content\/uploads\/2024\/09\/Imagen-de-WhatsApp-2024-09-21-a-las-09.44.13_83fa77dd-300x300.jpg 300w, https:\/\/apuntesdesanluis.com\/wp-content\/uploads\/2024\/09\/Imagen-de-WhatsApp-2024-09-21-a-las-09.44.13_83fa77dd-150x150.jpg 150w, https:\/\/apuntesdesanluis.com\/wp-content\/uploads\/2024\/09\/Imagen-de-WhatsApp-2024-09-21-a-las-09.44.13_83fa77dd.jpg 700w\" sizes=\"(max-width: 623px) 100vw, 623px\" \/><\/p>\n<p>&nbsp;<\/p>\n<p>&nbsp;<\/p>\n<p>&nbsp;<\/p>\n<p>&nbsp;<\/p>\n<p>&nbsp;<\/p>\n","protected":false},"excerpt":{"rendered":"<p>El gobierno comunic\u00f3 que personal policial en las primeras horas de este s\u00e1bado 21, detuvo&#8230;<\/p>\n","protected":false},"author":1,"featured_media":10758,"comment_status":"closed","ping_status":"closed","sticky":false,"template":"","format":"standard","meta":{"footnotes":""},"categories":[6],"tags":[],"class_list":["post-22572","post","type-post","status-publish","format-standard","has-post-thumbnail","hentry","category-ciudad-provincia"],"yoast_head":"<!-- This site is optimized with the Yoast SEO plugin v26.1.1 - https:\/\/yoast.com\/wordpress\/plugins\/seo\/ -->\n<title>DETUVIERON A UNO DE LOS ASESINOS DEL POLIC\u00cdA, QUE SE ENCONTRABA HERIDO - Apuntes de San Luis<\/title>\n<meta name=\"robots\" content=\"index, follow, max-snippet:-1, max-image-preview:large, max-video-preview:-1\" \/>\n<link rel=\"canonical\" href=\"https:\/\/apuntesdesanluis.com\/index.php\/2024\/09\/21\/detuvieron-a-uno-de-los-asesinos-del-policia-que-se-encontraba-herido\/\" \/>\n<meta property=\"og:locale\" content=\"es_ES\" \/>\n<meta property=\"og:type\" content=\"article\" \/>\n<meta property=\"og:title\" content=\"DETUVIERON A UNO DE LOS ASESINOS DEL POLIC\u00cdA, QUE SE ENCONTRABA HERIDO - Apuntes de San Luis\" \/>\n<meta property=\"og:description\" content=\"El gobierno comunic\u00f3 que personal policial en las primeras horas de este s\u00e1bado 21, detuvo...\" \/>\n<meta property=\"og:url\" content=\"https:\/\/apuntesdesanluis.com\/index.php\/2024\/09\/21\/detuvieron-a-uno-de-los-asesinos-del-policia-que-se-encontraba-herido\/\" \/>\n<meta property=\"og:site_name\" content=\"Apuntes de San Luis\" \/>\n<meta property=\"article:published_time\" content=\"2024-09-21T15:34:23+00:00\" \/>\n<meta property=\"article:modified_time\" content=\"2024-09-21T15:39:19+00:00\" \/>\n<meta property=\"og:image\" content=\"https:\/\/apuntesdesanluis.com\/wp-content\/uploads\/2024\/01\/JEFATURA-DE-POLICIA.png\" \/>\n\t<meta property=\"og:image:width\" content=\"541\" \/>\n\t<meta property=\"og:image:height\" content=\"324\" \/>\n\t<meta property=\"og:image:type\" content=\"image\/png\" \/>\n<meta name=\"author\" content=\"apuntesdesanluis.com\" \/>\n<meta name=\"twitter:card\" content=\"summary_large_image\" \/>\n<meta name=\"twitter:label1\" content=\"Escrito por\" \/>\n\t<meta name=\"twitter:data1\" content=\"apuntesdesanluis.com\" \/>\n\t<meta name=\"twitter:label2\" content=\"Tiempo de lectura\" \/>\n\t<meta name=\"twitter:data2\" content=\"2 minutos\" \/>\n<script type=\"application\/ld+json\" class=\"yoast-schema-graph\">{\"@context\":\"https:\/\/schema.org\",\"@graph\":[{\"@type\":\"Article\",\"@id\":\"https:\/\/apuntesdesanluis.com\/index.php\/2024\/09\/21\/detuvieron-a-uno-de-los-asesinos-del-policia-que-se-encontraba-herido\/#article\",\"isPartOf\":{\"@id\":\"https:\/\/apuntesdesanluis.com\/index.php\/2024\/09\/21\/detuvieron-a-uno-de-los-asesinos-del-policia-que-se-encontraba-herido\/\"},\"author\":{\"name\":\"apuntesdesanluis.com\",\"@id\":\"https:\/\/apuntesdesanluis.com\/#\/schema\/person\/b55151d52296fcce64d1a72538a70b90\"},\"headline\":\"DETUVIERON A UNO DE LOS ASESINOS DEL POLIC\u00cdA, QUE SE ENCONTRABA HERIDO\",\"datePublished\":\"2024-09-21T15:34:23+00:00\",\"dateModified\":\"2024-09-21T15:39:19+00:00\",\"mainEntityOfPage\":{\"@id\":\"https:\/\/apuntesdesanluis.com\/index.php\/2024\/09\/21\/detuvieron-a-uno-de-los-asesinos-del-policia-que-se-encontraba-herido\/\"},\"wordCount\":216,\"publisher\":{\"@id\":\"https:\/\/apuntesdesanluis.com\/#\/schema\/person\/b55151d52296fcce64d1a72538a70b90\"},\"image\":{\"@id\":\"https:\/\/apuntesdesanluis.com\/index.php\/2024\/09\/21\/detuvieron-a-uno-de-los-asesinos-del-policia-que-se-encontraba-herido\/#primaryimage\"},\"thumbnailUrl\":\"https:\/\/apuntesdesanluis.com\/wp-content\/uploads\/2024\/01\/JEFATURA-DE-POLICIA.png\",\"articleSection\":[\"Ciudad\/Provincia\"],\"inLanguage\":\"es-AR\"},{\"@type\":\"WebPage\",\"@id\":\"https:\/\/apuntesdesanluis.com\/index.php\/2024\/09\/21\/detuvieron-a-uno-de-los-asesinos-del-policia-que-se-encontraba-herido\/\",\"url\":\"https:\/\/apuntesdesanluis.com\/index.php\/2024\/09\/21\/detuvieron-a-uno-de-los-asesinos-del-policia-que-se-encontraba-herido\/\",\"name\":\"DETUVIERON A UNO DE LOS ASESINOS DEL POLIC\u00cdA, QUE SE ENCONTRABA HERIDO - Apuntes de San Luis\",\"isPartOf\":{\"@id\":\"https:\/\/apuntesdesanluis.com\/#website\"},\"primaryImageOfPage\":{\"@id\":\"https:\/\/apuntesdesanluis.com\/index.php\/2024\/09\/21\/detuvieron-a-uno-de-los-asesinos-del-policia-que-se-encontraba-herido\/#primaryimage\"},\"image\":{\"@id\":\"https:\/\/apuntesdesanluis.com\/index.php\/2024\/09\/21\/detuvieron-a-uno-de-los-asesinos-del-policia-que-se-encontraba-herido\/#primaryimage\"},\"thumbnailUrl\":\"https:\/\/apuntesdesanluis.com\/wp-content\/uploads\/2024\/01\/JEFATURA-DE-POLICIA.png\",\"datePublished\":\"2024-09-21T15:34:23+00:00\",\"dateModified\":\"2024-09-21T15:39:19+00:00\",\"breadcrumb\":{\"@id\":\"https:\/\/apuntesdesanluis.com\/index.php\/2024\/09\/21\/detuvieron-a-uno-de-los-asesinos-del-policia-que-se-encontraba-herido\/#breadcrumb\"},\"inLanguage\":\"es-AR\",\"potentialAction\":[{\"@type\":\"ReadAction\",\"target\":[\"https:\/\/apuntesdesanluis.com\/index.php\/2024\/09\/21\/detuvieron-a-uno-de-los-asesinos-del-policia-que-se-encontraba-herido\/\"]}]},{\"@type\":\"ImageObject\",\"inLanguage\":\"es-AR\",\"@id\":\"https:\/\/apuntesdesanluis.com\/index.php\/2024\/09\/21\/detuvieron-a-uno-de-los-asesinos-del-policia-que-se-encontraba-herido\/#primaryimage\",\"url\":\"https:\/\/apuntesdesanluis.com\/wp-content\/uploads\/2024\/01\/JEFATURA-DE-POLICIA.png\",\"contentUrl\":\"https:\/\/apuntesdesanluis.com\/wp-content\/uploads\/2024\/01\/JEFATURA-DE-POLICIA.png\",\"width\":541,\"height\":324},{\"@type\":\"BreadcrumbList\",\"@id\":\"https:\/\/apuntesdesanluis.com\/index.php\/2024\/09\/21\/detuvieron-a-uno-de-los-asesinos-del-policia-que-se-encontraba-herido\/#breadcrumb\",\"itemListElement\":[{\"@type\":\"ListItem\",\"position\":1,\"name\":\"Inicio\",\"item\":\"https:\/\/apuntesdesanluis.com\/\"},{\"@type\":\"ListItem\",\"position\":2,\"name\":\"DETUVIERON A UNO DE LOS ASESINOS DEL POLIC\u00cdA, QUE SE ENCONTRABA HERIDO\"}]},{\"@type\":\"WebSite\",\"@id\":\"https:\/\/apuntesdesanluis.com\/#website\",\"url\":\"https:\/\/apuntesdesanluis.com\/\",\"name\":\"Apuntes de San Luis\",\"description\":\"\",\"publisher\":{\"@id\":\"https:\/\/apuntesdesanluis.com\/#\/schema\/person\/b55151d52296fcce64d1a72538a70b90\"},\"potentialAction\":[{\"@type\":\"SearchAction\",\"target\":{\"@type\":\"EntryPoint\",\"urlTemplate\":\"https:\/\/apuntesdesanluis.com\/?s={search_term_string}\"},\"query-input\":{\"@type\":\"PropertyValueSpecification\",\"valueRequired\":true,\"valueName\":\"search_term_string\"}}],\"inLanguage\":\"es-AR\"},{\"@type\":[\"Person\",\"Organization\"],\"@id\":\"https:\/\/apuntesdesanluis.com\/#\/schema\/person\/b55151d52296fcce64d1a72538a70b90\",\"name\":\"apuntesdesanluis.com\",\"image\":{\"@type\":\"ImageObject\",\"inLanguage\":\"es-AR\",\"@id\":\"https:\/\/apuntesdesanluis.com\/#\/schema\/person\/image\/\",\"url\":\"https:\/\/apuntesdesanluis.com\/wp-content\/uploads\/2023\/07\/cropped-apuntesdesanluis.png\",\"contentUrl\":\"https:\/\/apuntesdesanluis.com\/wp-content\/uploads\/2023\/07\/cropped-apuntesdesanluis.png\",\"width\":450,\"height\":112,\"caption\":\"apuntesdesanluis.com\"},\"logo\":{\"@id\":\"https:\/\/apuntesdesanluis.com\/#\/schema\/person\/image\/\"},\"sameAs\":[\"https:\/\/apuntesdesanluis.com\"],\"url\":\"https:\/\/apuntesdesanluis.com\/index.php\/author\/apuntesdesanluis-com\/\"}]}<\/script>\n<!-- \/ Yoast SEO plugin. -->","yoast_head_json":{"title":"DETUVIERON A UNO DE LOS ASESINOS DEL POLIC\u00cdA, QUE SE ENCONTRABA HERIDO - Apuntes de San Luis","robots":{"index":"index","follow":"follow","max-snippet":"max-snippet:-1","max-image-preview":"max-image-preview:large","max-video-preview":"max-video-preview:-1"},"canonical":"https:\/\/apuntesdesanluis.com\/index.php\/2024\/09\/21\/detuvieron-a-uno-de-los-asesinos-del-policia-que-se-encontraba-herido\/","og_locale":"es_ES","og_type":"article","og_title":"DETUVIERON A UNO DE LOS ASESINOS DEL POLIC\u00cdA, QUE SE ENCONTRABA HERIDO - Apuntes de San Luis","og_description":"El gobierno comunic\u00f3 que personal policial en las primeras horas de este s\u00e1bado 21, detuvo...","og_url":"https:\/\/apuntesdesanluis.com\/index.php\/2024\/09\/21\/detuvieron-a-uno-de-los-asesinos-del-policia-que-se-encontraba-herido\/","og_site_name":"Apuntes de San Luis","article_published_time":"2024-09-21T15:34:23+00:00","article_modified_time":"2024-09-21T15:39:19+00:00","og_image":[{"width":541,"height":324,"url":"https:\/\/apuntesdesanluis.com\/wp-content\/uploads\/2024\/01\/JEFATURA-DE-POLICIA.png","type":"image\/png"}],"author":"apuntesdesanluis.com","twitter_card":"summary_large_image","twitter_misc":{"Escrito por":"apuntesdesanluis.com","Tiempo de lectura":"2 minutos"},"schema":{"@context":"https:\/\/schema.org","@graph":[{"@type":"Article","@id":"https:\/\/apuntesdesanluis.com\/index.php\/2024\/09\/21\/detuvieron-a-uno-de-los-asesinos-del-policia-que-se-encontraba-herido\/#article","isPartOf":{"@id":"https:\/\/apuntesdesanluis.com\/index.php\/2024\/09\/21\/detuvieron-a-uno-de-los-asesinos-del-policia-que-se-encontraba-herido\/"},"author":{"name":"apuntesdesanluis.com","@id":"https:\/\/apuntesdesanluis.com\/#\/schema\/person\/b55151d52296fcce64d1a72538a70b90"},"headline":"DETUVIERON A UNO DE LOS ASESINOS DEL POLIC\u00cdA, QUE SE ENCONTRABA HERIDO","datePublished":"2024-09-21T15:34:23+00:00","dateModified":"2024-09-21T15:39:19+00:00","mainEntityOfPage":{"@id":"https:\/\/apuntesdesanluis.com\/index.php\/2024\/09\/21\/detuvieron-a-uno-de-los-asesinos-del-policia-que-se-encontraba-herido\/"},"wordCount":216,"publisher":{"@id":"https:\/\/apuntesdesanluis.com\/#\/schema\/person\/b55151d52296fcce64d1a72538a70b90"},"image":{"@id":"https:\/\/apuntesdesanluis.com\/index.php\/2024\/09\/21\/detuvieron-a-uno-de-los-asesinos-del-policia-que-se-encontraba-herido\/#primaryimage"},"thumbnailUrl":"https:\/\/apuntesdesanluis.com\/wp-content\/uploads\/2024\/01\/JEFATURA-DE-POLICIA.png","articleSection":["Ciudad\/Provincia"],"inLanguage":"es-AR"},{"@type":"WebPage","@id":"https:\/\/apuntesdesanluis.com\/index.php\/2024\/09\/21\/detuvieron-a-uno-de-los-asesinos-del-policia-que-se-encontraba-herido\/","url":"https:\/\/apuntesdesanluis.com\/index.php\/2024\/09\/21\/detuvieron-a-uno-de-los-asesinos-del-policia-que-se-encontraba-herido\/","name":"DETUVIERON A UNO DE LOS ASESINOS DEL POLIC\u00cdA, QUE SE ENCONTRABA HERIDO - Apuntes de San Luis","isPartOf":{"@id":"https:\/\/apuntesdesanluis.com\/#website"},"primaryImageOfPage":{"@id":"https:\/\/apuntesdesanluis.com\/index.php\/2024\/09\/21\/detuvieron-a-uno-de-los-asesinos-del-policia-que-se-encontraba-herido\/#primaryimage"},"image":{"@id":"https:\/\/apuntesdesanluis.com\/index.php\/2024\/09\/21\/detuvieron-a-uno-de-los-asesinos-del-policia-que-se-encontraba-herido\/#primaryimage"},"thumbnailUrl":"https:\/\/apuntesdesanluis.com\/wp-content\/uploads\/2024\/01\/JEFATURA-DE-POLICIA.png","datePublished":"2024-09-21T15:34:23+00:00","dateModified":"2024-09-21T15:39:19+00:00","breadcrumb":{"@id":"https:\/\/apuntesdesanluis.com\/index.php\/2024\/09\/21\/detuvieron-a-uno-de-los-asesinos-del-policia-que-se-encontraba-herido\/#breadcrumb"},"inLanguage":"es-AR","potentialAction":[{"@type":"ReadAction","target":["https:\/\/apuntesdesanluis.com\/index.php\/2024\/09\/21\/detuvieron-a-uno-de-los-asesinos-del-policia-que-se-encontraba-herido\/"]}]},{"@type":"ImageObject","inLanguage":"es-AR","@id":"https:\/\/apuntesdesanluis.com\/index.php\/2024\/09\/21\/detuvieron-a-uno-de-los-asesinos-del-policia-que-se-encontraba-herido\/#primaryimage","url":"https:\/\/apuntesdesanluis.com\/wp-content\/uploads\/2024\/01\/JEFATURA-DE-POLICIA.png","contentUrl":"https:\/\/apuntesdesanluis.com\/wp-content\/uploads\/2024\/01\/JEFATURA-DE-POLICIA.png","width":541,"height":324},{"@type":"BreadcrumbList","@id":"https:\/\/apuntesdesanluis.com\/index.php\/2024\/09\/21\/detuvieron-a-uno-de-los-asesinos-del-policia-que-se-encontraba-herido\/#breadcrumb","itemListElement":[{"@type":"ListItem","position":1,"name":"Inicio","item":"https:\/\/apuntesdesanluis.com\/"},{"@type":"ListItem","position":2,"name":"DETUVIERON A UNO DE LOS ASESINOS DEL POLIC\u00cdA, QUE SE ENCONTRABA HERIDO"}]},{"@type":"WebSite","@id":"https:\/\/apuntesdesanluis.com\/#website","url":"https:\/\/apuntesdesanluis.com\/","name":"Apuntes de San Luis","description":"","publisher":{"@id":"https:\/\/apuntesdesanluis.com\/#\/schema\/person\/b55151d52296fcce64d1a72538a70b90"},"potentialAction":[{"@type":"SearchAction","target":{"@type":"EntryPoint","urlTemplate":"https:\/\/apuntesdesanluis.com\/?s={search_term_string}"},"query-input":{"@type":"PropertyValueSpecification","valueRequired":true,"valueName":"search_term_string"}}],"inLanguage":"es-AR"},{"@type":["Person","Organization"],"@id":"https:\/\/apuntesdesanluis.com\/#\/schema\/person\/b55151d52296fcce64d1a72538a70b90","name":"apuntesdesanluis.com","image":{"@type":"ImageObject","inLanguage":"es-AR","@id":"https:\/\/apuntesdesanluis.com\/#\/schema\/person\/image\/","url":"https:\/\/apuntesdesanluis.com\/wp-content\/uploads\/2023\/07\/cropped-apuntesdesanluis.png","contentUrl":"https:\/\/apuntesdesanluis.com\/wp-content\/uploads\/2023\/07\/cropped-apuntesdesanluis.png","width":450,"height":112,"caption":"apuntesdesanluis.com"},"logo":{"@id":"https:\/\/apuntesdesanluis.com\/#\/schema\/person\/image\/"},"sameAs":["https:\/\/apuntesdesanluis.com"],"url":"https:\/\/apuntesdesanluis.com\/index.php\/author\/apuntesdesanluis-com\/"}]}},"featured_image_urls":{"full":["https:\/\/apuntesdesanluis.com\/wp-content\/uploads\/2024\/01\/JEFATURA-DE-POLICIA.png",541,324,false],"thumbnail":["https:\/\/apuntesdesanluis.com\/wp-content\/uploads\/2024\/01\/JEFATURA-DE-POLICIA-150x150.png",150,150,true],"medium":["https:\/\/apuntesdesanluis.com\/wp-content\/uploads\/2024\/01\/JEFATURA-DE-POLICIA-300x180.png",300,180,true],"medium_large":["https:\/\/apuntesdesanluis.com\/wp-content\/uploads\/2024\/01\/JEFATURA-DE-POLICIA.png",541,324,false],"large":["https:\/\/apuntesdesanluis.com\/wp-content\/uploads\/2024\/01\/JEFATURA-DE-POLICIA.png",541,324,false],"1536x1536":["https:\/\/apuntesdesanluis.com\/wp-content\/uploads\/2024\/01\/JEFATURA-DE-POLICIA.png",541,324,false],"2048x2048":["https:\/\/apuntesdesanluis.com\/wp-content\/uploads\/2024\/01\/JEFATURA-DE-POLICIA.png",541,324,false],"newsever-slider-full":["https:\/\/apuntesdesanluis.com\/wp-content\/uploads\/2024\/01\/JEFATURA-DE-POLICIA.png",541,324,false],"newsever-featured":["https:\/\/apuntesdesanluis.com\/wp-content\/uploads\/2024\/01\/JEFATURA-DE-POLICIA.png",541,324,false],"newsever-medium":["https:\/\/apuntesdesanluis.com\/wp-content\/uploads\/2024\/01\/JEFATURA-DE-POLICIA.png",541,324,false]},"author_info":{"display_name":"apuntesdesanluis.com","author_link":"https:\/\/apuntesdesanluis.com\/index.php\/author\/apuntesdesanluis-com\/"},"category_info":"<a href=\"https:\/\/apuntesdesanluis.com\/index.php\/category\/ciudad-provincia\/\" rel=\"category tag\">Ciudad\/Provincia<\/a>","tag_info":"Ciudad\/Provincia","comment_count":"0","_links":{"self":[{"href":"https:\/\/apuntesdesanluis.com\/index.php\/wp-json\/wp\/v2\/posts\/22572","targetHints":{"allow":["GET"]}}],"collection":[{"href":"https:\/\/apuntesdesanluis.com\/index.php\/wp-json\/wp\/v2\/posts"}],"about":[{"href":"https:\/\/apuntesdesanluis.com\/index.php\/wp-json\/wp\/v2\/types\/post"}],"author":[{"embeddable":true,"href":"https:\/\/apuntesdesanluis.com\/index.php\/wp-json\/wp\/v2\/users\/1"}],"replies":[{"embeddable":true,"href":"https:\/\/apuntesdesanluis.com\/index.php\/wp-json\/wp\/v2\/comments?post=22572"}],"version-history":[{"count":2,"href":"https:\/\/apuntesdesanluis.com\/index.php\/wp-json\/wp\/v2\/posts\/22572\/revisions"}],"predecessor-version":[{"id":22578,"href":"https:\/\/apuntesdesanluis.com\/index.php\/wp-json\/wp\/v2\/posts\/22572\/revisions\/22578"}],"wp:featuredmedia":[{"embeddable":true,"href":"https:\/\/apuntesdesanluis.com\/index.php\/wp-json\/wp\/v2\/media\/10758"}],"wp:attachment":[{"href":"https:\/\/apuntesdesanluis.com\/index.php\/wp-json\/wp\/v2\/media?parent=22572"}],"wp:term":[{"taxonomy":"category","embeddable":true,"href":"https:\/\/apuntesdesanluis.com\/index.php\/wp-json\/wp\/v2\/categories?post=22572"},{"taxonomy":"post_tag","embeddable":true,"href":"https:\/\/apuntesdesanluis.com\/index.php\/wp-json\/wp\/v2\/tags?post=22572"}],"curies":[{"name":"wp","href":"https:\/\/api.w.org\/{rel}","templated":true}]}}