{"id":22579,"date":"2024-09-21T12:42:11","date_gmt":"2024-09-21T15:42:11","guid":{"rendered":"https:\/\/apuntesdesanluis.com\/?p=22579"},"modified":"2024-09-21T12:42:11","modified_gmt":"2024-09-21T15:42:11","slug":"poggi-no-descansaremos-hasta-dar-con-los-asesinos","status":"publish","type":"post","link":"https:\/\/apuntesdesanluis.com\/index.php\/2024\/09\/21\/poggi-no-descansaremos-hasta-dar-con-los-asesinos\/","title":{"rendered":"POGGI: \u201cNO DESCANSAREMOS HASTA DAR CON LOS ASESINOS\u201d"},"content":{"rendered":"<h3>El gobernador <strong>Claudio Poggi<\/strong> se manifest\u00f3 este s\u00e1bado sobre el asesinato del oficial principal Renato Mauricio Fuentes. El efectivo policial respondi\u00f3 junto con un compa\u00f1ero al llamado por un robo en Cortaderas, cuando recibi\u00f3 disparos de los delincuentes. \u201cNo descansaremos hasta dar con los asesinos de quien cuidaba a toda su comunidad\u201d, expres\u00f3 el Mandatario.<\/h3>\n<h3>El mandatario expres\u00f3 en su cuenta de X: \u201cCon mucho dolor y tristeza, expreso mis condolencias a familiares, compa\u00f1eros de trabajo y seres queridos de Renato Fuentes, polic\u00eda sanluise\u00f1o asesinado cuando cumpl\u00eda con su deber en Cortaderas\u201d, sostuvo.<\/h3>\n<h3><img fetchpriority=\"high\" decoding=\"async\" class=\"wp-image-22581 aligncenter\" src=\"https:\/\/apuntesdesanluis.com\/wp-content\/uploads\/2024\/09\/posteo-3-300x121.png\" alt=\"\" width=\"617\" height=\"249\" srcset=\"https:\/\/apuntesdesanluis.com\/wp-content\/uploads\/2024\/09\/posteo-3-300x121.png 300w, https:\/\/apuntesdesanluis.com\/wp-content\/uploads\/2024\/09\/posteo-3.png 753w\" sizes=\"(max-width: 617px) 100vw, 617px\" \/><\/h3>\n<h3>El hecho sucedi\u00f3 la noche del viernes sobre la Ruta 1, a la altura del kil\u00f3metro 17, en un hogar ubicado a 600 metros al oeste. En la vivienda se encontraban una mujer junto a su hijo y fue el propietario de la misma quien solicit\u00f3 la ayuda policial.<\/h3>\n<h3>El oficial Fuentes viv\u00eda en Los Cajones, ten\u00eda 30 a\u00f1os de edad y era padre de dos hijos, uno de 5 a\u00f1os y otro de 1 a\u00f1o. Hab\u00eda ingresado a la fuerza en enero de 2008.<\/h3>\n<p>&nbsp;<\/p>\n<p>&nbsp;<\/p>\n<p>&nbsp;<\/p>\n<p>&nbsp;<\/p>\n","protected":false},"excerpt":{"rendered":"<p>El gobernador Claudio Poggi se manifest\u00f3 este s\u00e1bado sobre el asesinato del oficial principal Renato&#8230;<\/p>\n","protected":false},"author":1,"featured_media":22580,"comment_status":"closed","ping_status":"closed","sticky":false,"template":"","format":"standard","meta":{"footnotes":""},"categories":[6],"tags":[],"class_list":["post-22579","post","type-post","status-publish","format-standard","has-post-thumbnail","hentry","category-ciudad-provincia"],"yoast_head":"<!-- This site is optimized with the Yoast SEO plugin v26.1.1 - https:\/\/yoast.com\/wordpress\/plugins\/seo\/ -->\n<title>POGGI: \u201cNO DESCANSAREMOS HASTA DAR CON LOS ASESINOS\u201d - Apuntes de San Luis<\/title>\n<meta name=\"robots\" content=\"index, follow, max-snippet:-1, max-image-preview:large, max-video-preview:-1\" \/>\n<link rel=\"canonical\" href=\"https:\/\/apuntesdesanluis.com\/index.php\/2024\/09\/21\/poggi-no-descansaremos-hasta-dar-con-los-asesinos\/\" \/>\n<meta property=\"og:locale\" content=\"es_ES\" \/>\n<meta property=\"og:type\" content=\"article\" \/>\n<meta property=\"og:title\" content=\"POGGI: \u201cNO DESCANSAREMOS HASTA DAR CON LOS ASESINOS\u201d - Apuntes de San Luis\" \/>\n<meta property=\"og:description\" content=\"El gobernador Claudio Poggi se manifest\u00f3 este s\u00e1bado sobre el asesinato del oficial principal Renato...\" \/>\n<meta property=\"og:url\" content=\"https:\/\/apuntesdesanluis.com\/index.php\/2024\/09\/21\/poggi-no-descansaremos-hasta-dar-con-los-asesinos\/\" \/>\n<meta property=\"og:site_name\" content=\"Apuntes de San Luis\" \/>\n<meta property=\"article:published_time\" content=\"2024-09-21T15:42:11+00:00\" \/>\n<meta property=\"og:image\" content=\"https:\/\/apuntesdesanluis.com\/wp-content\/uploads\/2024\/09\/poggi-8.png\" \/>\n\t<meta property=\"og:image:width\" content=\"802\" \/>\n\t<meta property=\"og:image:height\" content=\"507\" \/>\n\t<meta property=\"og:image:type\" content=\"image\/png\" \/>\n<meta name=\"author\" content=\"apuntesdesanluis.com\" \/>\n<meta name=\"twitter:card\" content=\"summary_large_image\" \/>\n<meta name=\"twitter:label1\" content=\"Escrito por\" \/>\n\t<meta name=\"twitter:data1\" content=\"apuntesdesanluis.com\" \/>\n\t<meta name=\"twitter:label2\" content=\"Tiempo de lectura\" \/>\n\t<meta name=\"twitter:data2\" content=\"2 minutos\" \/>\n<script type=\"application\/ld+json\" class=\"yoast-schema-graph\">{\"@context\":\"https:\/\/schema.org\",\"@graph\":[{\"@type\":\"Article\",\"@id\":\"https:\/\/apuntesdesanluis.com\/index.php\/2024\/09\/21\/poggi-no-descansaremos-hasta-dar-con-los-asesinos\/#article\",\"isPartOf\":{\"@id\":\"https:\/\/apuntesdesanluis.com\/index.php\/2024\/09\/21\/poggi-no-descansaremos-hasta-dar-con-los-asesinos\/\"},\"author\":{\"name\":\"apuntesdesanluis.com\",\"@id\":\"https:\/\/apuntesdesanluis.com\/#\/schema\/person\/b55151d52296fcce64d1a72538a70b90\"},\"headline\":\"POGGI: \u201cNO DESCANSAREMOS HASTA DAR CON LOS ASESINOS\u201d\",\"datePublished\":\"2024-09-21T15:42:11+00:00\",\"mainEntityOfPage\":{\"@id\":\"https:\/\/apuntesdesanluis.com\/index.php\/2024\/09\/21\/poggi-no-descansaremos-hasta-dar-con-los-asesinos\/\"},\"wordCount\":196,\"publisher\":{\"@id\":\"https:\/\/apuntesdesanluis.com\/#\/schema\/person\/b55151d52296fcce64d1a72538a70b90\"},\"image\":{\"@id\":\"https:\/\/apuntesdesanluis.com\/index.php\/2024\/09\/21\/poggi-no-descansaremos-hasta-dar-con-los-asesinos\/#primaryimage\"},\"thumbnailUrl\":\"https:\/\/apuntesdesanluis.com\/wp-content\/uploads\/2024\/09\/poggi-8.png\",\"articleSection\":[\"Ciudad\/Provincia\"],\"inLanguage\":\"es-AR\"},{\"@type\":\"WebPage\",\"@id\":\"https:\/\/apuntesdesanluis.com\/index.php\/2024\/09\/21\/poggi-no-descansaremos-hasta-dar-con-los-asesinos\/\",\"url\":\"https:\/\/apuntesdesanluis.com\/index.php\/2024\/09\/21\/poggi-no-descansaremos-hasta-dar-con-los-asesinos\/\",\"name\":\"POGGI: \u201cNO DESCANSAREMOS HASTA DAR CON LOS ASESINOS\u201d - Apuntes de San Luis\",\"isPartOf\":{\"@id\":\"https:\/\/apuntesdesanluis.com\/#website\"},\"primaryImageOfPage\":{\"@id\":\"https:\/\/apuntesdesanluis.com\/index.php\/2024\/09\/21\/poggi-no-descansaremos-hasta-dar-con-los-asesinos\/#primaryimage\"},\"image\":{\"@id\":\"https:\/\/apuntesdesanluis.com\/index.php\/2024\/09\/21\/poggi-no-descansaremos-hasta-dar-con-los-asesinos\/#primaryimage\"},\"thumbnailUrl\":\"https:\/\/apuntesdesanluis.com\/wp-content\/uploads\/2024\/09\/poggi-8.png\",\"datePublished\":\"2024-09-21T15:42:11+00:00\",\"breadcrumb\":{\"@id\":\"https:\/\/apuntesdesanluis.com\/index.php\/2024\/09\/21\/poggi-no-descansaremos-hasta-dar-con-los-asesinos\/#breadcrumb\"},\"inLanguage\":\"es-AR\",\"potentialAction\":[{\"@type\":\"ReadAction\",\"target\":[\"https:\/\/apuntesdesanluis.com\/index.php\/2024\/09\/21\/poggi-no-descansaremos-hasta-dar-con-los-asesinos\/\"]}]},{\"@type\":\"ImageObject\",\"inLanguage\":\"es-AR\",\"@id\":\"https:\/\/apuntesdesanluis.com\/index.php\/2024\/09\/21\/poggi-no-descansaremos-hasta-dar-con-los-asesinos\/#primaryimage\",\"url\":\"https:\/\/apuntesdesanluis.com\/wp-content\/uploads\/2024\/09\/poggi-8.png\",\"contentUrl\":\"https:\/\/apuntesdesanluis.com\/wp-content\/uploads\/2024\/09\/poggi-8.png\",\"width\":802,\"height\":507},{\"@type\":\"BreadcrumbList\",\"@id\":\"https:\/\/apuntesdesanluis.com\/index.php\/2024\/09\/21\/poggi-no-descansaremos-hasta-dar-con-los-asesinos\/#breadcrumb\",\"itemListElement\":[{\"@type\":\"ListItem\",\"position\":1,\"name\":\"Inicio\",\"item\":\"https:\/\/apuntesdesanluis.com\/\"},{\"@type\":\"ListItem\",\"position\":2,\"name\":\"POGGI: \u201cNO DESCANSAREMOS HASTA DAR CON LOS ASESINOS\u201d\"}]},{\"@type\":\"WebSite\",\"@id\":\"https:\/\/apuntesdesanluis.com\/#website\",\"url\":\"https:\/\/apuntesdesanluis.com\/\",\"name\":\"Apuntes de San Luis\",\"description\":\"\",\"publisher\":{\"@id\":\"https:\/\/apuntesdesanluis.com\/#\/schema\/person\/b55151d52296fcce64d1a72538a70b90\"},\"potentialAction\":[{\"@type\":\"SearchAction\",\"target\":{\"@type\":\"EntryPoint\",\"urlTemplate\":\"https:\/\/apuntesdesanluis.com\/?s={search_term_string}\"},\"query-input\":{\"@type\":\"PropertyValueSpecification\",\"valueRequired\":true,\"valueName\":\"search_term_string\"}}],\"inLanguage\":\"es-AR\"},{\"@type\":[\"Person\",\"Organization\"],\"@id\":\"https:\/\/apuntesdesanluis.com\/#\/schema\/person\/b55151d52296fcce64d1a72538a70b90\",\"name\":\"apuntesdesanluis.com\",\"image\":{\"@type\":\"ImageObject\",\"inLanguage\":\"es-AR\",\"@id\":\"https:\/\/apuntesdesanluis.com\/#\/schema\/person\/image\/\",\"url\":\"https:\/\/apuntesdesanluis.com\/wp-content\/uploads\/2023\/07\/cropped-apuntesdesanluis.png\",\"contentUrl\":\"https:\/\/apuntesdesanluis.com\/wp-content\/uploads\/2023\/07\/cropped-apuntesdesanluis.png\",\"width\":450,\"height\":112,\"caption\":\"apuntesdesanluis.com\"},\"logo\":{\"@id\":\"https:\/\/apuntesdesanluis.com\/#\/schema\/person\/image\/\"},\"sameAs\":[\"https:\/\/apuntesdesanluis.com\"],\"url\":\"https:\/\/apuntesdesanluis.com\/index.php\/author\/apuntesdesanluis-com\/\"}]}<\/script>\n<!-- \/ Yoast SEO plugin. -->","yoast_head_json":{"title":"POGGI: \u201cNO DESCANSAREMOS HASTA DAR CON LOS ASESINOS\u201d - Apuntes de San Luis","robots":{"index":"index","follow":"follow","max-snippet":"max-snippet:-1","max-image-preview":"max-image-preview:large","max-video-preview":"max-video-preview:-1"},"canonical":"https:\/\/apuntesdesanluis.com\/index.php\/2024\/09\/21\/poggi-no-descansaremos-hasta-dar-con-los-asesinos\/","og_locale":"es_ES","og_type":"article","og_title":"POGGI: \u201cNO DESCANSAREMOS HASTA DAR CON LOS ASESINOS\u201d - Apuntes de San Luis","og_description":"El gobernador Claudio Poggi se manifest\u00f3 este s\u00e1bado sobre el asesinato del oficial principal Renato...","og_url":"https:\/\/apuntesdesanluis.com\/index.php\/2024\/09\/21\/poggi-no-descansaremos-hasta-dar-con-los-asesinos\/","og_site_name":"Apuntes de San Luis","article_published_time":"2024-09-21T15:42:11+00:00","og_image":[{"width":802,"height":507,"url":"https:\/\/apuntesdesanluis.com\/wp-content\/uploads\/2024\/09\/poggi-8.png","type":"image\/png"}],"author":"apuntesdesanluis.com","twitter_card":"summary_large_image","twitter_misc":{"Escrito por":"apuntesdesanluis.com","Tiempo de lectura":"2 minutos"},"schema":{"@context":"https:\/\/schema.org","@graph":[{"@type":"Article","@id":"https:\/\/apuntesdesanluis.com\/index.php\/2024\/09\/21\/poggi-no-descansaremos-hasta-dar-con-los-asesinos\/#article","isPartOf":{"@id":"https:\/\/apuntesdesanluis.com\/index.php\/2024\/09\/21\/poggi-no-descansaremos-hasta-dar-con-los-asesinos\/"},"author":{"name":"apuntesdesanluis.com","@id":"https:\/\/apuntesdesanluis.com\/#\/schema\/person\/b55151d52296fcce64d1a72538a70b90"},"headline":"POGGI: \u201cNO DESCANSAREMOS HASTA DAR CON LOS ASESINOS\u201d","datePublished":"2024-09-21T15:42:11+00:00","mainEntityOfPage":{"@id":"https:\/\/apuntesdesanluis.com\/index.php\/2024\/09\/21\/poggi-no-descansaremos-hasta-dar-con-los-asesinos\/"},"wordCount":196,"publisher":{"@id":"https:\/\/apuntesdesanluis.com\/#\/schema\/person\/b55151d52296fcce64d1a72538a70b90"},"image":{"@id":"https:\/\/apuntesdesanluis.com\/index.php\/2024\/09\/21\/poggi-no-descansaremos-hasta-dar-con-los-asesinos\/#primaryimage"},"thumbnailUrl":"https:\/\/apuntesdesanluis.com\/wp-content\/uploads\/2024\/09\/poggi-8.png","articleSection":["Ciudad\/Provincia"],"inLanguage":"es-AR"},{"@type":"WebPage","@id":"https:\/\/apuntesdesanluis.com\/index.php\/2024\/09\/21\/poggi-no-descansaremos-hasta-dar-con-los-asesinos\/","url":"https:\/\/apuntesdesanluis.com\/index.php\/2024\/09\/21\/poggi-no-descansaremos-hasta-dar-con-los-asesinos\/","name":"POGGI: \u201cNO DESCANSAREMOS HASTA DAR CON LOS ASESINOS\u201d - Apuntes de San Luis","isPartOf":{"@id":"https:\/\/apuntesdesanluis.com\/#website"},"primaryImageOfPage":{"@id":"https:\/\/apuntesdesanluis.com\/index.php\/2024\/09\/21\/poggi-no-descansaremos-hasta-dar-con-los-asesinos\/#primaryimage"},"image":{"@id":"https:\/\/apuntesdesanluis.com\/index.php\/2024\/09\/21\/poggi-no-descansaremos-hasta-dar-con-los-asesinos\/#primaryimage"},"thumbnailUrl":"https:\/\/apuntesdesanluis.com\/wp-content\/uploads\/2024\/09\/poggi-8.png","datePublished":"2024-09-21T15:42:11+00:00","breadcrumb":{"@id":"https:\/\/apuntesdesanluis.com\/index.php\/2024\/09\/21\/poggi-no-descansaremos-hasta-dar-con-los-asesinos\/#breadcrumb"},"inLanguage":"es-AR","potentialAction":[{"@type":"ReadAction","target":["https:\/\/apuntesdesanluis.com\/index.php\/2024\/09\/21\/poggi-no-descansaremos-hasta-dar-con-los-asesinos\/"]}]},{"@type":"ImageObject","inLanguage":"es-AR","@id":"https:\/\/apuntesdesanluis.com\/index.php\/2024\/09\/21\/poggi-no-descansaremos-hasta-dar-con-los-asesinos\/#primaryimage","url":"https:\/\/apuntesdesanluis.com\/wp-content\/uploads\/2024\/09\/poggi-8.png","contentUrl":"https:\/\/apuntesdesanluis.com\/wp-content\/uploads\/2024\/09\/poggi-8.png","width":802,"height":507},{"@type":"BreadcrumbList","@id":"https:\/\/apuntesdesanluis.com\/index.php\/2024\/09\/21\/poggi-no-descansaremos-hasta-dar-con-los-asesinos\/#breadcrumb","itemListElement":[{"@type":"ListItem","position":1,"name":"Inicio","item":"https:\/\/apuntesdesanluis.com\/"},{"@type":"ListItem","position":2,"name":"POGGI: \u201cNO DESCANSAREMOS HASTA DAR CON LOS ASESINOS\u201d"}]},{"@type":"WebSite","@id":"https:\/\/apuntesdesanluis.com\/#website","url":"https:\/\/apuntesdesanluis.com\/","name":"Apuntes de San Luis","description":"","publisher":{"@id":"https:\/\/apuntesdesanluis.com\/#\/schema\/person\/b55151d52296fcce64d1a72538a70b90"},"potentialAction":[{"@type":"SearchAction","target":{"@type":"EntryPoint","urlTemplate":"https:\/\/apuntesdesanluis.com\/?s={search_term_string}"},"query-input":{"@type":"PropertyValueSpecification","valueRequired":true,"valueName":"search_term_string"}}],"inLanguage":"es-AR"},{"@type":["Person","Organization"],"@id":"https:\/\/apuntesdesanluis.com\/#\/schema\/person\/b55151d52296fcce64d1a72538a70b90","name":"apuntesdesanluis.com","image":{"@type":"ImageObject","inLanguage":"es-AR","@id":"https:\/\/apuntesdesanluis.com\/#\/schema\/person\/image\/","url":"https:\/\/apuntesdesanluis.com\/wp-content\/uploads\/2023\/07\/cropped-apuntesdesanluis.png","contentUrl":"https:\/\/apuntesdesanluis.com\/wp-content\/uploads\/2023\/07\/cropped-apuntesdesanluis.png","width":450,"height":112,"caption":"apuntesdesanluis.com"},"logo":{"@id":"https:\/\/apuntesdesanluis.com\/#\/schema\/person\/image\/"},"sameAs":["https:\/\/apuntesdesanluis.com"],"url":"https:\/\/apuntesdesanluis.com\/index.php\/author\/apuntesdesanluis-com\/"}]}},"featured_image_urls":{"full":["https:\/\/apuntesdesanluis.com\/wp-content\/uploads\/2024\/09\/poggi-8.png",802,507,false],"thumbnail":["https:\/\/apuntesdesanluis.com\/wp-content\/uploads\/2024\/09\/poggi-8-150x150.png",150,150,true],"medium":["https:\/\/apuntesdesanluis.com\/wp-content\/uploads\/2024\/09\/poggi-8-300x190.png",300,190,true],"medium_large":["https:\/\/apuntesdesanluis.com\/wp-content\/uploads\/2024\/09\/poggi-8-768x486.png",640,405,true],"large":["https:\/\/apuntesdesanluis.com\/wp-content\/uploads\/2024\/09\/poggi-8.png",640,405,false],"1536x1536":["https:\/\/apuntesdesanluis.com\/wp-content\/uploads\/2024\/09\/poggi-8.png",802,507,false],"2048x2048":["https:\/\/apuntesdesanluis.com\/wp-content\/uploads\/2024\/09\/poggi-8.png",802,507,false],"newsever-slider-full":["https:\/\/apuntesdesanluis.com\/wp-content\/uploads\/2024\/09\/poggi-8.png",802,507,false],"newsever-featured":["https:\/\/apuntesdesanluis.com\/wp-content\/uploads\/2024\/09\/poggi-8.png",802,507,false],"newsever-medium":["https:\/\/apuntesdesanluis.com\/wp-content\/uploads\/2024\/09\/poggi-8-720x475.png",720,475,true]},"author_info":{"display_name":"apuntesdesanluis.com","author_link":"https:\/\/apuntesdesanluis.com\/index.php\/author\/apuntesdesanluis-com\/"},"category_info":"<a href=\"https:\/\/apuntesdesanluis.com\/index.php\/category\/ciudad-provincia\/\" rel=\"category tag\">Ciudad\/Provincia<\/a>","tag_info":"Ciudad\/Provincia","comment_count":"0","_links":{"self":[{"href":"https:\/\/apuntesdesanluis.com\/index.php\/wp-json\/wp\/v2\/posts\/22579","targetHints":{"allow":["GET"]}}],"collection":[{"href":"https:\/\/apuntesdesanluis.com\/index.php\/wp-json\/wp\/v2\/posts"}],"about":[{"href":"https:\/\/apuntesdesanluis.com\/index.php\/wp-json\/wp\/v2\/types\/post"}],"author":[{"embeddable":true,"href":"https:\/\/apuntesdesanluis.com\/index.php\/wp-json\/wp\/v2\/users\/1"}],"replies":[{"embeddable":true,"href":"https:\/\/apuntesdesanluis.com\/index.php\/wp-json\/wp\/v2\/comments?post=22579"}],"version-history":[{"count":1,"href":"https:\/\/apuntesdesanluis.com\/index.php\/wp-json\/wp\/v2\/posts\/22579\/revisions"}],"predecessor-version":[{"id":22582,"href":"https:\/\/apuntesdesanluis.com\/index.php\/wp-json\/wp\/v2\/posts\/22579\/revisions\/22582"}],"wp:featuredmedia":[{"embeddable":true,"href":"https:\/\/apuntesdesanluis.com\/index.php\/wp-json\/wp\/v2\/media\/22580"}],"wp:attachment":[{"href":"https:\/\/apuntesdesanluis.com\/index.php\/wp-json\/wp\/v2\/media?parent=22579"}],"wp:term":[{"taxonomy":"category","embeddable":true,"href":"https:\/\/apuntesdesanluis.com\/index.php\/wp-json\/wp\/v2\/categories?post=22579"},{"taxonomy":"post_tag","embeddable":true,"href":"https:\/\/apuntesdesanluis.com\/index.php\/wp-json\/wp\/v2\/tags?post=22579"}],"curies":[{"name":"wp","href":"https:\/\/api.w.org\/{rel}","templated":true}]}}