{"id":22583,"date":"2024-09-21T12:51:13","date_gmt":"2024-09-21T15:51:13","guid":{"rendered":"https:\/\/apuntesdesanluis.com\/?p=22583"},"modified":"2024-09-21T12:51:13","modified_gmt":"2024-09-21T15:51:13","slug":"el-trapiche-epicentro-del-festejo-de-los-estudiantes","status":"publish","type":"post","link":"https:\/\/apuntesdesanluis.com\/index.php\/2024\/09\/21\/el-trapiche-epicentro-del-festejo-de-los-estudiantes\/","title":{"rendered":"EL TRAPICHE, EPICENTRO DEL FESTEJO DE LOS ESTUDIANTES"},"content":{"rendered":"<h3>Las calles de la localidad serrana ya lucen llenas de chicos que se trasladaron desde toda la provincia para disfrutar un d\u00eda magn\u00edfico. Bajo un sol radiante, recorren el pueblo, toman mates a orillas del r\u00edo y se divierten con el deporte o los juegos de mesa. Por la noche, buscar\u00e1n reunirse para bailar y gozar de su juventud.<\/h3>\n<p><img fetchpriority=\"high\" decoding=\"async\" class=\"wp-image-22585 aligncenter\" src=\"https:\/\/apuntesdesanluis.com\/wp-content\/uploads\/2024\/09\/chicos-tomando-mate-300x225.png\" alt=\"\" width=\"696\" height=\"522\" srcset=\"https:\/\/apuntesdesanluis.com\/wp-content\/uploads\/2024\/09\/chicos-tomando-mate-300x225.png 300w, https:\/\/apuntesdesanluis.com\/wp-content\/uploads\/2024\/09\/chicos-tomando-mate-768x577.png 768w, https:\/\/apuntesdesanluis.com\/wp-content\/uploads\/2024\/09\/chicos-tomando-mate.png 837w\" sizes=\"(max-width: 696px) 100vw, 696px\" \/><\/p>\n<h3>Los estudiantes del nivel Secundario de San Luis ya disfrutan de un nuevo D\u00eda del Estudiante y de la Primavera en El Trapiche. Llegan en grupos, felices, cantando y con una \u00fanica misi\u00f3n: divertirse y pasarla bien.<\/h3>\n<h3><img decoding=\"async\" class=\"wp-image-22586 aligncenter\" src=\"https:\/\/apuntesdesanluis.com\/wp-content\/uploads\/2024\/09\/chicos-con-policias-300x220.png\" alt=\"\" width=\"695\" height=\"510\" srcset=\"https:\/\/apuntesdesanluis.com\/wp-content\/uploads\/2024\/09\/chicos-con-policias-300x220.png 300w, https:\/\/apuntesdesanluis.com\/wp-content\/uploads\/2024\/09\/chicos-con-policias-768x562.png 768w, https:\/\/apuntesdesanluis.com\/wp-content\/uploads\/2024\/09\/chicos-con-policias.png 889w\" sizes=\"(max-width: 695px) 100vw, 695px\" \/><\/h3>\n<h3>Gonzalo Segura y Juan Bustos transitan el \u00faltimo a\u00f1o en la Escuela Normal \u2018Juan Pascual Pringles\u2019. Junto con su grupo de amigos, alquilaron una caba\u00f1a desde el mi\u00e9rcoles hasta el domingo para aprovechar la semana. \u201cNos gusta salir a pasear, ir al r\u00edo, tomar algo de mate o terer\u00e9 dependiendo del clima. Pero vamos improvisando, no tenemos algo fijo armado\u201d, contaron.<\/h3>\n<h3><img decoding=\"async\" class=\"wp-image-22587 aligncenter\" src=\"https:\/\/apuntesdesanluis.com\/wp-content\/uploads\/2024\/09\/chicas-a-cococho-300x253.png\" alt=\"\" width=\"694\" height=\"585\" srcset=\"https:\/\/apuntesdesanluis.com\/wp-content\/uploads\/2024\/09\/chicas-a-cococho-300x253.png 300w, https:\/\/apuntesdesanluis.com\/wp-content\/uploads\/2024\/09\/chicas-a-cococho-768x649.png 768w, https:\/\/apuntesdesanluis.com\/wp-content\/uploads\/2024\/09\/chicas-a-cococho.png 793w\" sizes=\"(max-width: 694px) 100vw, 694px\" \/><\/h3>\n<h3>A orillas del r\u00edo, cerca del 4\u00b0 puente, una enorme bandera est\u00e1 desplegada con el nombre \u2018Civettarios\u2019, en alusi\u00f3n a la promoci\u00f3n 2024 del colegio Lucio Lucero. \u201cNos quedamos de domingo a domingo, toda la semana\u201d, cont\u00f3 Valentina Aguilar, y su compa\u00f1era Nazarena a\u00f1adi\u00f3 que \u201cnuestra expectativa es pasarla lindo, como venimos haciendo. Queremos divertirnos con nuestros amigos en este \u00faltimo a\u00f1o que compartimos\u201d.<\/h3>\n<h3><img loading=\"lazy\" decoding=\"async\" class=\"wp-image-22588 aligncenter\" src=\"https:\/\/apuntesdesanluis.com\/wp-content\/uploads\/2024\/09\/chicos-banandose-300x197.png\" alt=\"\" width=\"694\" height=\"456\" srcset=\"https:\/\/apuntesdesanluis.com\/wp-content\/uploads\/2024\/09\/chicos-banandose-300x197.png 300w, https:\/\/apuntesdesanluis.com\/wp-content\/uploads\/2024\/09\/chicos-banandose-768x506.png 768w, https:\/\/apuntesdesanluis.com\/wp-content\/uploads\/2024\/09\/chicos-banandose.png 796w\" sizes=\"(max-width: 694px) 100vw, 694px\" \/><\/h3>\n<h3>Pero la fecha no solamente conmemora a los estudiantes de \u00faltimo a\u00f1o, por eso tambi\u00e9n hay chicos a\u00fan m\u00e1s j\u00f3venes que tambi\u00e9n han viajado para, cuanto menos, disfrutar de una linda tarde. \u201cVinimos a pasar el d\u00eda, llegamos cerca de las 10:00, comimos algo, anduvimos recorriendo y visitando las caba\u00f1as de amigos\u201d, cont\u00f3 el alumno de 5\u00b0 Fausto Blanco, acompa\u00f1ado de sus amigos Juan, Francisco y Joaqu\u00edn. \u201cNos conocemos desde jard\u00edn, creo que justamente esta etapa te abre puertas para aprender pero tambi\u00e9n para hacer amigos que te quedan para toda la vida\u201d, reflexion\u00f3 el joven.<\/h3>\n<h3><img loading=\"lazy\" decoding=\"async\" class=\"wp-image-22589 aligncenter\" src=\"https:\/\/apuntesdesanluis.com\/wp-content\/uploads\/2024\/09\/chicas-con-el-perro-300x213.png\" alt=\"\" width=\"694\" height=\"493\" srcset=\"https:\/\/apuntesdesanluis.com\/wp-content\/uploads\/2024\/09\/chicas-con-el-perro-300x213.png 300w, https:\/\/apuntesdesanluis.com\/wp-content\/uploads\/2024\/09\/chicas-con-el-perro-768x544.png 768w, https:\/\/apuntesdesanluis.com\/wp-content\/uploads\/2024\/09\/chicas-con-el-perro.png 782w\" sizes=\"(max-width: 694px) 100vw, 694px\" \/><\/h3>\n<h3>As\u00ed lo entendi\u00f3 tambi\u00e9n Avril Musso, promoci\u00f3n 2024 de la escuela \u2018Paula Dom\u00ednguez de Baz\u00e1n\u2019, quien destac\u00f3 la importancia de compartir estas experiencias junto a quienes han sido sus amigas toda la vida. \u201cUn d\u00eda t\u00edpico ac\u00e1 es levantarse cerca del mediod\u00eda, comer algo, venir al r\u00edo a tomar unos mates y ya empezar a prepararse para las fiestas de noche\u201d, se\u00f1al\u00f3, y adem\u00e1s resalt\u00f3 que a medida que se acerca el 21 fueron notando un aumento en el caudal de personas.<\/h3>\n<h3><img loading=\"lazy\" decoding=\"async\" class=\"wp-image-22590 aligncenter\" src=\"https:\/\/apuntesdesanluis.com\/wp-content\/uploads\/2024\/09\/chicas-1-300x199.png\" alt=\"\" width=\"695\" height=\"461\" srcset=\"https:\/\/apuntesdesanluis.com\/wp-content\/uploads\/2024\/09\/chicas-1-300x199.png 300w, https:\/\/apuntesdesanluis.com\/wp-content\/uploads\/2024\/09\/chicas-1-768x511.png 768w, https:\/\/apuntesdesanluis.com\/wp-content\/uploads\/2024\/09\/chicas-1.png 797w\" sizes=\"(max-width: 695px) 100vw, 695px\" \/><\/h3>\n<h3>Este s\u00e1bado, entre la gran variedad de actividades que los j\u00f3venes tendr\u00e1n para hacer, destaca la proyecci\u00f3n del supercl\u00e1sico entre Boca y River a las 16:00. \u201cSeguro vamos a mirarlo con los chicos\u201d, subray\u00f3 Nicol\u00e1s Machuca, de la Escuela T\u00e9cnica \u2018Mar\u00eda Auxiliadora\u2019, quien adem\u00e1s se anim\u00f3 a vaticinar un 2-1 a favor del conjunto Xeneize. Al margen del partido, el estudiante manifest\u00f3 que espera \u201cdisfrutar con la promo porque es nuestro \u00faltimo a\u00f1o. El Trapiche es hermoso, tiene lindo paisaje y es ideal para esto\u201d.<\/h3>\n<p><img loading=\"lazy\" decoding=\"async\" class=\"wp-image-22591 aligncenter\" src=\"https:\/\/apuntesdesanluis.com\/wp-content\/uploads\/2024\/09\/chicos-saltando-300x191.png\" alt=\"\" width=\"693\" height=\"441\" srcset=\"https:\/\/apuntesdesanluis.com\/wp-content\/uploads\/2024\/09\/chicos-saltando-300x191.png 300w, https:\/\/apuntesdesanluis.com\/wp-content\/uploads\/2024\/09\/chicos-saltando-768x489.png 768w, https:\/\/apuntesdesanluis.com\/wp-content\/uploads\/2024\/09\/chicos-saltando.png 961w\" sizes=\"(max-width: 693px) 100vw, 693px\" \/><\/p>\n<p>&nbsp;<\/p>\n<p>&nbsp;<\/p>\n<p>&nbsp;<\/p>\n<p>&nbsp;<\/p>\n<p>&nbsp;<\/p>\n<p>&nbsp;<\/p>\n","protected":false},"excerpt":{"rendered":"<p>Las calles de la localidad serrana ya lucen llenas de chicos que se trasladaron desde&#8230;<\/p>\n","protected":false},"author":1,"featured_media":22584,"comment_status":"closed","ping_status":"closed","sticky":false,"template":"","format":"standard","meta":{"footnotes":""},"categories":[6],"tags":[],"class_list":["post-22583","post","type-post","status-publish","format-standard","has-post-thumbnail","hentry","category-ciudad-provincia"],"yoast_head":"<!-- This site is optimized with the Yoast SEO plugin v26.1.1 - https:\/\/yoast.com\/wordpress\/plugins\/seo\/ -->\n<title>EL TRAPICHE, EPICENTRO DEL FESTEJO DE LOS ESTUDIANTES - Apuntes de San Luis<\/title>\n<meta name=\"robots\" content=\"index, follow, max-snippet:-1, max-image-preview:large, max-video-preview:-1\" \/>\n<link rel=\"canonical\" href=\"https:\/\/apuntesdesanluis.com\/index.php\/2024\/09\/21\/el-trapiche-epicentro-del-festejo-de-los-estudiantes\/\" \/>\n<meta property=\"og:locale\" content=\"es_ES\" \/>\n<meta property=\"og:type\" content=\"article\" \/>\n<meta property=\"og:title\" content=\"EL TRAPICHE, EPICENTRO DEL FESTEJO DE LOS ESTUDIANTES - Apuntes de San Luis\" \/>\n<meta property=\"og:description\" content=\"Las calles de la localidad serrana ya lucen llenas de chicos que se trasladaron desde...\" \/>\n<meta property=\"og:url\" content=\"https:\/\/apuntesdesanluis.com\/index.php\/2024\/09\/21\/el-trapiche-epicentro-del-festejo-de-los-estudiantes\/\" \/>\n<meta property=\"og:site_name\" content=\"Apuntes de San Luis\" \/>\n<meta property=\"article:published_time\" content=\"2024-09-21T15:51:13+00:00\" \/>\n<meta property=\"og:image\" content=\"https:\/\/apuntesdesanluis.com\/wp-content\/uploads\/2024\/09\/chicos-en-el-rio.png\" \/>\n\t<meta property=\"og:image:width\" content=\"987\" \/>\n\t<meta property=\"og:image:height\" content=\"499\" \/>\n\t<meta property=\"og:image:type\" content=\"image\/png\" \/>\n<meta name=\"author\" content=\"apuntesdesanluis.com\" \/>\n<meta name=\"twitter:card\" content=\"summary_large_image\" \/>\n<meta name=\"twitter:label1\" content=\"Escrito por\" \/>\n\t<meta name=\"twitter:data1\" content=\"apuntesdesanluis.com\" \/>\n\t<meta name=\"twitter:label2\" content=\"Tiempo de lectura\" \/>\n\t<meta name=\"twitter:data2\" content=\"4 minutos\" \/>\n<script type=\"application\/ld+json\" class=\"yoast-schema-graph\">{\"@context\":\"https:\/\/schema.org\",\"@graph\":[{\"@type\":\"Article\",\"@id\":\"https:\/\/apuntesdesanluis.com\/index.php\/2024\/09\/21\/el-trapiche-epicentro-del-festejo-de-los-estudiantes\/#article\",\"isPartOf\":{\"@id\":\"https:\/\/apuntesdesanluis.com\/index.php\/2024\/09\/21\/el-trapiche-epicentro-del-festejo-de-los-estudiantes\/\"},\"author\":{\"name\":\"apuntesdesanluis.com\",\"@id\":\"https:\/\/apuntesdesanluis.com\/#\/schema\/person\/b55151d52296fcce64d1a72538a70b90\"},\"headline\":\"EL TRAPICHE, EPICENTRO DEL FESTEJO DE LOS ESTUDIANTES\",\"datePublished\":\"2024-09-21T15:51:13+00:00\",\"mainEntityOfPage\":{\"@id\":\"https:\/\/apuntesdesanluis.com\/index.php\/2024\/09\/21\/el-trapiche-epicentro-del-festejo-de-los-estudiantes\/\"},\"wordCount\":539,\"publisher\":{\"@id\":\"https:\/\/apuntesdesanluis.com\/#\/schema\/person\/b55151d52296fcce64d1a72538a70b90\"},\"image\":{\"@id\":\"https:\/\/apuntesdesanluis.com\/index.php\/2024\/09\/21\/el-trapiche-epicentro-del-festejo-de-los-estudiantes\/#primaryimage\"},\"thumbnailUrl\":\"https:\/\/apuntesdesanluis.com\/wp-content\/uploads\/2024\/09\/chicos-en-el-rio.png\",\"articleSection\":[\"Ciudad\/Provincia\"],\"inLanguage\":\"es-AR\"},{\"@type\":\"WebPage\",\"@id\":\"https:\/\/apuntesdesanluis.com\/index.php\/2024\/09\/21\/el-trapiche-epicentro-del-festejo-de-los-estudiantes\/\",\"url\":\"https:\/\/apuntesdesanluis.com\/index.php\/2024\/09\/21\/el-trapiche-epicentro-del-festejo-de-los-estudiantes\/\",\"name\":\"EL TRAPICHE, EPICENTRO DEL FESTEJO DE LOS ESTUDIANTES - Apuntes de San Luis\",\"isPartOf\":{\"@id\":\"https:\/\/apuntesdesanluis.com\/#website\"},\"primaryImageOfPage\":{\"@id\":\"https:\/\/apuntesdesanluis.com\/index.php\/2024\/09\/21\/el-trapiche-epicentro-del-festejo-de-los-estudiantes\/#primaryimage\"},\"image\":{\"@id\":\"https:\/\/apuntesdesanluis.com\/index.php\/2024\/09\/21\/el-trapiche-epicentro-del-festejo-de-los-estudiantes\/#primaryimage\"},\"thumbnailUrl\":\"https:\/\/apuntesdesanluis.com\/wp-content\/uploads\/2024\/09\/chicos-en-el-rio.png\",\"datePublished\":\"2024-09-21T15:51:13+00:00\",\"breadcrumb\":{\"@id\":\"https:\/\/apuntesdesanluis.com\/index.php\/2024\/09\/21\/el-trapiche-epicentro-del-festejo-de-los-estudiantes\/#breadcrumb\"},\"inLanguage\":\"es-AR\",\"potentialAction\":[{\"@type\":\"ReadAction\",\"target\":[\"https:\/\/apuntesdesanluis.com\/index.php\/2024\/09\/21\/el-trapiche-epicentro-del-festejo-de-los-estudiantes\/\"]}]},{\"@type\":\"ImageObject\",\"inLanguage\":\"es-AR\",\"@id\":\"https:\/\/apuntesdesanluis.com\/index.php\/2024\/09\/21\/el-trapiche-epicentro-del-festejo-de-los-estudiantes\/#primaryimage\",\"url\":\"https:\/\/apuntesdesanluis.com\/wp-content\/uploads\/2024\/09\/chicos-en-el-rio.png\",\"contentUrl\":\"https:\/\/apuntesdesanluis.com\/wp-content\/uploads\/2024\/09\/chicos-en-el-rio.png\",\"width\":987,\"height\":499},{\"@type\":\"BreadcrumbList\",\"@id\":\"https:\/\/apuntesdesanluis.com\/index.php\/2024\/09\/21\/el-trapiche-epicentro-del-festejo-de-los-estudiantes\/#breadcrumb\",\"itemListElement\":[{\"@type\":\"ListItem\",\"position\":1,\"name\":\"Inicio\",\"item\":\"https:\/\/apuntesdesanluis.com\/\"},{\"@type\":\"ListItem\",\"position\":2,\"name\":\"EL TRAPICHE, EPICENTRO DEL FESTEJO DE LOS ESTUDIANTES\"}]},{\"@type\":\"WebSite\",\"@id\":\"https:\/\/apuntesdesanluis.com\/#website\",\"url\":\"https:\/\/apuntesdesanluis.com\/\",\"name\":\"Apuntes de San Luis\",\"description\":\"\",\"publisher\":{\"@id\":\"https:\/\/apuntesdesanluis.com\/#\/schema\/person\/b55151d52296fcce64d1a72538a70b90\"},\"potentialAction\":[{\"@type\":\"SearchAction\",\"target\":{\"@type\":\"EntryPoint\",\"urlTemplate\":\"https:\/\/apuntesdesanluis.com\/?s={search_term_string}\"},\"query-input\":{\"@type\":\"PropertyValueSpecification\",\"valueRequired\":true,\"valueName\":\"search_term_string\"}}],\"inLanguage\":\"es-AR\"},{\"@type\":[\"Person\",\"Organization\"],\"@id\":\"https:\/\/apuntesdesanluis.com\/#\/schema\/person\/b55151d52296fcce64d1a72538a70b90\",\"name\":\"apuntesdesanluis.com\",\"image\":{\"@type\":\"ImageObject\",\"inLanguage\":\"es-AR\",\"@id\":\"https:\/\/apuntesdesanluis.com\/#\/schema\/person\/image\/\",\"url\":\"https:\/\/apuntesdesanluis.com\/wp-content\/uploads\/2023\/07\/cropped-apuntesdesanluis.png\",\"contentUrl\":\"https:\/\/apuntesdesanluis.com\/wp-content\/uploads\/2023\/07\/cropped-apuntesdesanluis.png\",\"width\":450,\"height\":112,\"caption\":\"apuntesdesanluis.com\"},\"logo\":{\"@id\":\"https:\/\/apuntesdesanluis.com\/#\/schema\/person\/image\/\"},\"sameAs\":[\"https:\/\/apuntesdesanluis.com\"],\"url\":\"https:\/\/apuntesdesanluis.com\/index.php\/author\/apuntesdesanluis-com\/\"}]}<\/script>\n<!-- \/ Yoast SEO plugin. -->","yoast_head_json":{"title":"EL TRAPICHE, EPICENTRO DEL FESTEJO DE LOS ESTUDIANTES - Apuntes de San Luis","robots":{"index":"index","follow":"follow","max-snippet":"max-snippet:-1","max-image-preview":"max-image-preview:large","max-video-preview":"max-video-preview:-1"},"canonical":"https:\/\/apuntesdesanluis.com\/index.php\/2024\/09\/21\/el-trapiche-epicentro-del-festejo-de-los-estudiantes\/","og_locale":"es_ES","og_type":"article","og_title":"EL TRAPICHE, EPICENTRO DEL FESTEJO DE LOS ESTUDIANTES - Apuntes de San Luis","og_description":"Las calles de la localidad serrana ya lucen llenas de chicos que se trasladaron desde...","og_url":"https:\/\/apuntesdesanluis.com\/index.php\/2024\/09\/21\/el-trapiche-epicentro-del-festejo-de-los-estudiantes\/","og_site_name":"Apuntes de San Luis","article_published_time":"2024-09-21T15:51:13+00:00","og_image":[{"width":987,"height":499,"url":"https:\/\/apuntesdesanluis.com\/wp-content\/uploads\/2024\/09\/chicos-en-el-rio.png","type":"image\/png"}],"author":"apuntesdesanluis.com","twitter_card":"summary_large_image","twitter_misc":{"Escrito por":"apuntesdesanluis.com","Tiempo de lectura":"4 minutos"},"schema":{"@context":"https:\/\/schema.org","@graph":[{"@type":"Article","@id":"https:\/\/apuntesdesanluis.com\/index.php\/2024\/09\/21\/el-trapiche-epicentro-del-festejo-de-los-estudiantes\/#article","isPartOf":{"@id":"https:\/\/apuntesdesanluis.com\/index.php\/2024\/09\/21\/el-trapiche-epicentro-del-festejo-de-los-estudiantes\/"},"author":{"name":"apuntesdesanluis.com","@id":"https:\/\/apuntesdesanluis.com\/#\/schema\/person\/b55151d52296fcce64d1a72538a70b90"},"headline":"EL TRAPICHE, EPICENTRO DEL FESTEJO DE LOS ESTUDIANTES","datePublished":"2024-09-21T15:51:13+00:00","mainEntityOfPage":{"@id":"https:\/\/apuntesdesanluis.com\/index.php\/2024\/09\/21\/el-trapiche-epicentro-del-festejo-de-los-estudiantes\/"},"wordCount":539,"publisher":{"@id":"https:\/\/apuntesdesanluis.com\/#\/schema\/person\/b55151d52296fcce64d1a72538a70b90"},"image":{"@id":"https:\/\/apuntesdesanluis.com\/index.php\/2024\/09\/21\/el-trapiche-epicentro-del-festejo-de-los-estudiantes\/#primaryimage"},"thumbnailUrl":"https:\/\/apuntesdesanluis.com\/wp-content\/uploads\/2024\/09\/chicos-en-el-rio.png","articleSection":["Ciudad\/Provincia"],"inLanguage":"es-AR"},{"@type":"WebPage","@id":"https:\/\/apuntesdesanluis.com\/index.php\/2024\/09\/21\/el-trapiche-epicentro-del-festejo-de-los-estudiantes\/","url":"https:\/\/apuntesdesanluis.com\/index.php\/2024\/09\/21\/el-trapiche-epicentro-del-festejo-de-los-estudiantes\/","name":"EL TRAPICHE, EPICENTRO DEL FESTEJO DE LOS ESTUDIANTES - Apuntes de San Luis","isPartOf":{"@id":"https:\/\/apuntesdesanluis.com\/#website"},"primaryImageOfPage":{"@id":"https:\/\/apuntesdesanluis.com\/index.php\/2024\/09\/21\/el-trapiche-epicentro-del-festejo-de-los-estudiantes\/#primaryimage"},"image":{"@id":"https:\/\/apuntesdesanluis.com\/index.php\/2024\/09\/21\/el-trapiche-epicentro-del-festejo-de-los-estudiantes\/#primaryimage"},"thumbnailUrl":"https:\/\/apuntesdesanluis.com\/wp-content\/uploads\/2024\/09\/chicos-en-el-rio.png","datePublished":"2024-09-21T15:51:13+00:00","breadcrumb":{"@id":"https:\/\/apuntesdesanluis.com\/index.php\/2024\/09\/21\/el-trapiche-epicentro-del-festejo-de-los-estudiantes\/#breadcrumb"},"inLanguage":"es-AR","potentialAction":[{"@type":"ReadAction","target":["https:\/\/apuntesdesanluis.com\/index.php\/2024\/09\/21\/el-trapiche-epicentro-del-festejo-de-los-estudiantes\/"]}]},{"@type":"ImageObject","inLanguage":"es-AR","@id":"https:\/\/apuntesdesanluis.com\/index.php\/2024\/09\/21\/el-trapiche-epicentro-del-festejo-de-los-estudiantes\/#primaryimage","url":"https:\/\/apuntesdesanluis.com\/wp-content\/uploads\/2024\/09\/chicos-en-el-rio.png","contentUrl":"https:\/\/apuntesdesanluis.com\/wp-content\/uploads\/2024\/09\/chicos-en-el-rio.png","width":987,"height":499},{"@type":"BreadcrumbList","@id":"https:\/\/apuntesdesanluis.com\/index.php\/2024\/09\/21\/el-trapiche-epicentro-del-festejo-de-los-estudiantes\/#breadcrumb","itemListElement":[{"@type":"ListItem","position":1,"name":"Inicio","item":"https:\/\/apuntesdesanluis.com\/"},{"@type":"ListItem","position":2,"name":"EL TRAPICHE, EPICENTRO DEL FESTEJO DE LOS ESTUDIANTES"}]},{"@type":"WebSite","@id":"https:\/\/apuntesdesanluis.com\/#website","url":"https:\/\/apuntesdesanluis.com\/","name":"Apuntes de San Luis","description":"","publisher":{"@id":"https:\/\/apuntesdesanluis.com\/#\/schema\/person\/b55151d52296fcce64d1a72538a70b90"},"potentialAction":[{"@type":"SearchAction","target":{"@type":"EntryPoint","urlTemplate":"https:\/\/apuntesdesanluis.com\/?s={search_term_string}"},"query-input":{"@type":"PropertyValueSpecification","valueRequired":true,"valueName":"search_term_string"}}],"inLanguage":"es-AR"},{"@type":["Person","Organization"],"@id":"https:\/\/apuntesdesanluis.com\/#\/schema\/person\/b55151d52296fcce64d1a72538a70b90","name":"apuntesdesanluis.com","image":{"@type":"ImageObject","inLanguage":"es-AR","@id":"https:\/\/apuntesdesanluis.com\/#\/schema\/person\/image\/","url":"https:\/\/apuntesdesanluis.com\/wp-content\/uploads\/2023\/07\/cropped-apuntesdesanluis.png","contentUrl":"https:\/\/apuntesdesanluis.com\/wp-content\/uploads\/2023\/07\/cropped-apuntesdesanluis.png","width":450,"height":112,"caption":"apuntesdesanluis.com"},"logo":{"@id":"https:\/\/apuntesdesanluis.com\/#\/schema\/person\/image\/"},"sameAs":["https:\/\/apuntesdesanluis.com"],"url":"https:\/\/apuntesdesanluis.com\/index.php\/author\/apuntesdesanluis-com\/"}]}},"featured_image_urls":{"full":["https:\/\/apuntesdesanluis.com\/wp-content\/uploads\/2024\/09\/chicos-en-el-rio.png",987,499,false],"thumbnail":["https:\/\/apuntesdesanluis.com\/wp-content\/uploads\/2024\/09\/chicos-en-el-rio-150x150.png",150,150,true],"medium":["https:\/\/apuntesdesanluis.com\/wp-content\/uploads\/2024\/09\/chicos-en-el-rio-300x152.png",300,152,true],"medium_large":["https:\/\/apuntesdesanluis.com\/wp-content\/uploads\/2024\/09\/chicos-en-el-rio-768x388.png",640,323,true],"large":["https:\/\/apuntesdesanluis.com\/wp-content\/uploads\/2024\/09\/chicos-en-el-rio.png",640,324,false],"1536x1536":["https:\/\/apuntesdesanluis.com\/wp-content\/uploads\/2024\/09\/chicos-en-el-rio.png",987,499,false],"2048x2048":["https:\/\/apuntesdesanluis.com\/wp-content\/uploads\/2024\/09\/chicos-en-el-rio.png",987,499,false],"newsever-slider-full":["https:\/\/apuntesdesanluis.com\/wp-content\/uploads\/2024\/09\/chicos-en-el-rio.png",987,499,false],"newsever-featured":["https:\/\/apuntesdesanluis.com\/wp-content\/uploads\/2024\/09\/chicos-en-el-rio.png",987,499,false],"newsever-medium":["https:\/\/apuntesdesanluis.com\/wp-content\/uploads\/2024\/09\/chicos-en-el-rio-720x475.png",720,475,true]},"author_info":{"display_name":"apuntesdesanluis.com","author_link":"https:\/\/apuntesdesanluis.com\/index.php\/author\/apuntesdesanluis-com\/"},"category_info":"<a href=\"https:\/\/apuntesdesanluis.com\/index.php\/category\/ciudad-provincia\/\" rel=\"category tag\">Ciudad\/Provincia<\/a>","tag_info":"Ciudad\/Provincia","comment_count":"0","_links":{"self":[{"href":"https:\/\/apuntesdesanluis.com\/index.php\/wp-json\/wp\/v2\/posts\/22583","targetHints":{"allow":["GET"]}}],"collection":[{"href":"https:\/\/apuntesdesanluis.com\/index.php\/wp-json\/wp\/v2\/posts"}],"about":[{"href":"https:\/\/apuntesdesanluis.com\/index.php\/wp-json\/wp\/v2\/types\/post"}],"author":[{"embeddable":true,"href":"https:\/\/apuntesdesanluis.com\/index.php\/wp-json\/wp\/v2\/users\/1"}],"replies":[{"embeddable":true,"href":"https:\/\/apuntesdesanluis.com\/index.php\/wp-json\/wp\/v2\/comments?post=22583"}],"version-history":[{"count":1,"href":"https:\/\/apuntesdesanluis.com\/index.php\/wp-json\/wp\/v2\/posts\/22583\/revisions"}],"predecessor-version":[{"id":22592,"href":"https:\/\/apuntesdesanluis.com\/index.php\/wp-json\/wp\/v2\/posts\/22583\/revisions\/22592"}],"wp:featuredmedia":[{"embeddable":true,"href":"https:\/\/apuntesdesanluis.com\/index.php\/wp-json\/wp\/v2\/media\/22584"}],"wp:attachment":[{"href":"https:\/\/apuntesdesanluis.com\/index.php\/wp-json\/wp\/v2\/media?parent=22583"}],"wp:term":[{"taxonomy":"category","embeddable":true,"href":"https:\/\/apuntesdesanluis.com\/index.php\/wp-json\/wp\/v2\/categories?post=22583"},{"taxonomy":"post_tag","embeddable":true,"href":"https:\/\/apuntesdesanluis.com\/index.php\/wp-json\/wp\/v2\/tags?post=22583"}],"curies":[{"name":"wp","href":"https:\/\/api.w.org\/{rel}","templated":true}]}}