{"id":22597,"date":"2024-09-21T13:07:25","date_gmt":"2024-09-21T16:07:25","guid":{"rendered":"https:\/\/apuntesdesanluis.com\/?p=22597"},"modified":"2024-09-21T13:07:25","modified_gmt":"2024-09-21T16:07:25","slug":"tinelli-contra-milei-es-muy-violento-en-muchas-actitudes-eso-no-me-gusta","status":"publish","type":"post","link":"https:\/\/apuntesdesanluis.com\/index.php\/2024\/09\/21\/tinelli-contra-milei-es-muy-violento-en-muchas-actitudes-eso-no-me-gusta\/","title":{"rendered":"TINELLI CONTRA MILEI: &#8220;ES MUY VIOLENTO EN MUCHAS ACTITUDES, ESO NO ME GUSTA&#8221;"},"content":{"rendered":"<h3>El empresario critic\u00f3 con dureza al presidente por su modo de gesti\u00f3n. \u201cEs un buen economista pero no tiene habilidades como pol\u00edtico, no me gusta que se siga abriendo la brecha\u201d, analiz\u00f3.<\/h3>\n<h3>Marcelo Tinelli habl\u00f3 esta ma\u00f1ana con Viviana Canosa en Radio Rivadavia y entre varios temas de actualidad que toc\u00f3, llam\u00f3 la atenci\u00f3n su categ\u00f3rica definici\u00f3n sobre el presidente Javier Milei y su gesti\u00f3n.<\/h3>\n<h3>\u201cSabe mucho de econom\u00eda, pero es cero pol\u00edtico, no me gusta en este momento en el pa\u00eds que se siga abriendo la brecha. Es muy dif\u00edcil construir algo serio en base a la pelea trol y agresi\u00f3n a periodistas\u201d, analiz\u00f3 el empresario y conductor.<\/h3>\n<h3>Y agreg\u00f3: \u201cHay que terminar con la recesi\u00f3n que es dura. A nivel car\u00e1cter no me gusta la manera que tiene de ser y muchas veces es muy violento en muchas actitudes \u00e9l y su gente\u201d.<\/h3>\n<h3>Al ser consultado al respecto, el empresario se mostr\u00f3 indignado. \u201cTodo muy bizarro y no entend\u00ed muy bien que festejaban sacarle tres kilos de carne a los jubilados y los radicales que se abrieron y votaron diferentes. No me gusta nada de eso en la pol\u00edtica de nuestro pa\u00eds\u201d.<\/h3>\n<h3><strong>EL RECUERDO DE SU RELACI\u00d3N CON NESTOR Y CRISTINA<\/strong><\/h3>\n<h3>En el mismo di\u00e1logo con Viviana Canossa, el conductor record\u00f3 su v\u00ednculo con la ex presidenta Cristina Fern\u00e1ndez: \u201cNo me quiere ni ver. Siento que, desde que hicimos la imitaci\u00f3n con Mart\u00edn Bossi, y se pon\u00eda los tacos talle 45, ella dec\u00eda que era pie grande y la hac\u00edamos muy autoritaria\u201d.<\/h3>\n<h3>Sin embargo, asegur\u00f3 que con el ex mandatario, Nestor Kirchner \u201cten\u00eda una relaci\u00f3n m\u00e1s cercana pero con ella -Cristina Fern\u00e1ndez-, no\u201d.<\/h3>\n<h3>En la misma l\u00ednea, el c\u00f3mico repas\u00f3 que \u201cHacen falta programas de humor. Hay cierta mentira de que de esto no se habla pero lo miramos y nos gusta. En los streaming, como no est\u00e1n regulados se dice cualquier cosa, yo llego a hacer lo mismo y me viene a buscar la gendarmer\u00eda\u201d.<\/h3>\n<h3><strong>DISTANCIA DE LA POL\u00cdTICA<\/strong><\/h3>\n<h3>En consideraci\u00f3n y, como an\u00e1lisis del di\u00e1logo previo, Tinelli se mostr\u00f3 realmente alejado de volver a intentar un camino con un eje pol\u00edtico: \u201cLa aspiraci\u00f3n pol\u00edtica qued\u00f3 en Ushuaia y yo estoy en el Polo Norte\u201d.<\/h3>\n<h3>\u201cLa pol\u00edtica es m\u00e1s dif\u00edcil manejar un club de futbl que la pol\u00edtica porque depende de que la pelotita entre\u201d, afirm\u00f3.<\/h3>\n<h3>\u201cDej\u00e9 much\u00edsimo dinero en San Lorenzo. Cuando entramos deb\u00edan 66 millones de d\u00f3lares y cuando salimos dejamos un club muy bien. Me jode no poder ir a ver a San Lorenzo y les digo a mis hijos que no vayan por si se comen alguna puteada\u201d, concluy\u00f3.<\/h3>\n<p>&nbsp;<\/p>\n<p>&nbsp;<\/p>\n<p>&nbsp;<\/p>\n<p>&nbsp;<\/p>\n<p>&nbsp;<\/p>\n<p>&nbsp;<\/p>\n","protected":false},"excerpt":{"rendered":"<p>El empresario critic\u00f3 con dureza al presidente por su modo de gesti\u00f3n. \u201cEs un buen&#8230;<\/p>\n","protected":false},"author":1,"featured_media":22598,"comment_status":"closed","ping_status":"closed","sticky":false,"template":"","format":"standard","meta":{"footnotes":""},"categories":[5],"tags":[],"class_list":["post-22597","post","type-post","status-publish","format-standard","has-post-thumbnail","hentry","category-nacionales-internacionales"],"yoast_head":"<!-- This site is optimized with the Yoast SEO plugin v26.1.1 - https:\/\/yoast.com\/wordpress\/plugins\/seo\/ -->\n<title>TINELLI CONTRA MILEI: &quot;ES MUY VIOLENTO EN MUCHAS ACTITUDES, ESO NO ME GUSTA&quot; - Apuntes de San Luis<\/title>\n<meta name=\"robots\" content=\"index, follow, max-snippet:-1, max-image-preview:large, max-video-preview:-1\" \/>\n<link rel=\"canonical\" href=\"https:\/\/apuntesdesanluis.com\/index.php\/2024\/09\/21\/tinelli-contra-milei-es-muy-violento-en-muchas-actitudes-eso-no-me-gusta\/\" \/>\n<meta property=\"og:locale\" content=\"es_ES\" \/>\n<meta property=\"og:type\" content=\"article\" \/>\n<meta property=\"og:title\" content=\"TINELLI CONTRA MILEI: &quot;ES MUY VIOLENTO EN MUCHAS ACTITUDES, ESO NO ME GUSTA&quot; - Apuntes de San Luis\" \/>\n<meta property=\"og:description\" content=\"El empresario critic\u00f3 con dureza al presidente por su modo de gesti\u00f3n. \u201cEs un buen...\" \/>\n<meta property=\"og:url\" content=\"https:\/\/apuntesdesanluis.com\/index.php\/2024\/09\/21\/tinelli-contra-milei-es-muy-violento-en-muchas-actitudes-eso-no-me-gusta\/\" \/>\n<meta property=\"og:site_name\" content=\"Apuntes de San Luis\" \/>\n<meta property=\"article:published_time\" content=\"2024-09-21T16:07:25+00:00\" \/>\n<meta property=\"og:image\" content=\"https:\/\/apuntesdesanluis.com\/wp-content\/uploads\/2024\/09\/tinelli-y-milei.png\" \/>\n\t<meta property=\"og:image:width\" content=\"687\" \/>\n\t<meta property=\"og:image:height\" content=\"399\" \/>\n\t<meta property=\"og:image:type\" content=\"image\/png\" \/>\n<meta name=\"author\" content=\"apuntesdesanluis.com\" \/>\n<meta name=\"twitter:card\" content=\"summary_large_image\" \/>\n<meta name=\"twitter:label1\" content=\"Escrito por\" \/>\n\t<meta name=\"twitter:data1\" content=\"apuntesdesanluis.com\" \/>\n\t<meta name=\"twitter:label2\" content=\"Tiempo de lectura\" \/>\n\t<meta name=\"twitter:data2\" content=\"3 minutos\" \/>\n<script type=\"application\/ld+json\" class=\"yoast-schema-graph\">{\"@context\":\"https:\/\/schema.org\",\"@graph\":[{\"@type\":\"Article\",\"@id\":\"https:\/\/apuntesdesanluis.com\/index.php\/2024\/09\/21\/tinelli-contra-milei-es-muy-violento-en-muchas-actitudes-eso-no-me-gusta\/#article\",\"isPartOf\":{\"@id\":\"https:\/\/apuntesdesanluis.com\/index.php\/2024\/09\/21\/tinelli-contra-milei-es-muy-violento-en-muchas-actitudes-eso-no-me-gusta\/\"},\"author\":{\"name\":\"apuntesdesanluis.com\",\"@id\":\"https:\/\/apuntesdesanluis.com\/#\/schema\/person\/b55151d52296fcce64d1a72538a70b90\"},\"headline\":\"TINELLI CONTRA MILEI: &#8220;ES MUY VIOLENTO EN MUCHAS ACTITUDES, ESO NO ME GUSTA&#8221;\",\"datePublished\":\"2024-09-21T16:07:25+00:00\",\"mainEntityOfPage\":{\"@id\":\"https:\/\/apuntesdesanluis.com\/index.php\/2024\/09\/21\/tinelli-contra-milei-es-muy-violento-en-muchas-actitudes-eso-no-me-gusta\/\"},\"wordCount\":500,\"publisher\":{\"@id\":\"https:\/\/apuntesdesanluis.com\/#\/schema\/person\/b55151d52296fcce64d1a72538a70b90\"},\"image\":{\"@id\":\"https:\/\/apuntesdesanluis.com\/index.php\/2024\/09\/21\/tinelli-contra-milei-es-muy-violento-en-muchas-actitudes-eso-no-me-gusta\/#primaryimage\"},\"thumbnailUrl\":\"https:\/\/apuntesdesanluis.com\/wp-content\/uploads\/2024\/09\/tinelli-y-milei.png\",\"articleSection\":[\"Nacionales\/Internacionales\"],\"inLanguage\":\"es-AR\"},{\"@type\":\"WebPage\",\"@id\":\"https:\/\/apuntesdesanluis.com\/index.php\/2024\/09\/21\/tinelli-contra-milei-es-muy-violento-en-muchas-actitudes-eso-no-me-gusta\/\",\"url\":\"https:\/\/apuntesdesanluis.com\/index.php\/2024\/09\/21\/tinelli-contra-milei-es-muy-violento-en-muchas-actitudes-eso-no-me-gusta\/\",\"name\":\"TINELLI CONTRA MILEI: \\\"ES MUY VIOLENTO EN MUCHAS ACTITUDES, ESO NO ME GUSTA\\\" - Apuntes de San Luis\",\"isPartOf\":{\"@id\":\"https:\/\/apuntesdesanluis.com\/#website\"},\"primaryImageOfPage\":{\"@id\":\"https:\/\/apuntesdesanluis.com\/index.php\/2024\/09\/21\/tinelli-contra-milei-es-muy-violento-en-muchas-actitudes-eso-no-me-gusta\/#primaryimage\"},\"image\":{\"@id\":\"https:\/\/apuntesdesanluis.com\/index.php\/2024\/09\/21\/tinelli-contra-milei-es-muy-violento-en-muchas-actitudes-eso-no-me-gusta\/#primaryimage\"},\"thumbnailUrl\":\"https:\/\/apuntesdesanluis.com\/wp-content\/uploads\/2024\/09\/tinelli-y-milei.png\",\"datePublished\":\"2024-09-21T16:07:25+00:00\",\"breadcrumb\":{\"@id\":\"https:\/\/apuntesdesanluis.com\/index.php\/2024\/09\/21\/tinelli-contra-milei-es-muy-violento-en-muchas-actitudes-eso-no-me-gusta\/#breadcrumb\"},\"inLanguage\":\"es-AR\",\"potentialAction\":[{\"@type\":\"ReadAction\",\"target\":[\"https:\/\/apuntesdesanluis.com\/index.php\/2024\/09\/21\/tinelli-contra-milei-es-muy-violento-en-muchas-actitudes-eso-no-me-gusta\/\"]}]},{\"@type\":\"ImageObject\",\"inLanguage\":\"es-AR\",\"@id\":\"https:\/\/apuntesdesanluis.com\/index.php\/2024\/09\/21\/tinelli-contra-milei-es-muy-violento-en-muchas-actitudes-eso-no-me-gusta\/#primaryimage\",\"url\":\"https:\/\/apuntesdesanluis.com\/wp-content\/uploads\/2024\/09\/tinelli-y-milei.png\",\"contentUrl\":\"https:\/\/apuntesdesanluis.com\/wp-content\/uploads\/2024\/09\/tinelli-y-milei.png\",\"width\":687,\"height\":399},{\"@type\":\"BreadcrumbList\",\"@id\":\"https:\/\/apuntesdesanluis.com\/index.php\/2024\/09\/21\/tinelli-contra-milei-es-muy-violento-en-muchas-actitudes-eso-no-me-gusta\/#breadcrumb\",\"itemListElement\":[{\"@type\":\"ListItem\",\"position\":1,\"name\":\"Inicio\",\"item\":\"https:\/\/apuntesdesanluis.com\/\"},{\"@type\":\"ListItem\",\"position\":2,\"name\":\"TINELLI CONTRA MILEI: &#8220;ES MUY VIOLENTO EN MUCHAS ACTITUDES, ESO NO ME GUSTA&#8221;\"}]},{\"@type\":\"WebSite\",\"@id\":\"https:\/\/apuntesdesanluis.com\/#website\",\"url\":\"https:\/\/apuntesdesanluis.com\/\",\"name\":\"Apuntes de San Luis\",\"description\":\"\",\"publisher\":{\"@id\":\"https:\/\/apuntesdesanluis.com\/#\/schema\/person\/b55151d52296fcce64d1a72538a70b90\"},\"potentialAction\":[{\"@type\":\"SearchAction\",\"target\":{\"@type\":\"EntryPoint\",\"urlTemplate\":\"https:\/\/apuntesdesanluis.com\/?s={search_term_string}\"},\"query-input\":{\"@type\":\"PropertyValueSpecification\",\"valueRequired\":true,\"valueName\":\"search_term_string\"}}],\"inLanguage\":\"es-AR\"},{\"@type\":[\"Person\",\"Organization\"],\"@id\":\"https:\/\/apuntesdesanluis.com\/#\/schema\/person\/b55151d52296fcce64d1a72538a70b90\",\"name\":\"apuntesdesanluis.com\",\"image\":{\"@type\":\"ImageObject\",\"inLanguage\":\"es-AR\",\"@id\":\"https:\/\/apuntesdesanluis.com\/#\/schema\/person\/image\/\",\"url\":\"https:\/\/apuntesdesanluis.com\/wp-content\/uploads\/2023\/07\/cropped-apuntesdesanluis.png\",\"contentUrl\":\"https:\/\/apuntesdesanluis.com\/wp-content\/uploads\/2023\/07\/cropped-apuntesdesanluis.png\",\"width\":450,\"height\":112,\"caption\":\"apuntesdesanluis.com\"},\"logo\":{\"@id\":\"https:\/\/apuntesdesanluis.com\/#\/schema\/person\/image\/\"},\"sameAs\":[\"https:\/\/apuntesdesanluis.com\"],\"url\":\"https:\/\/apuntesdesanluis.com\/index.php\/author\/apuntesdesanluis-com\/\"}]}<\/script>\n<!-- \/ Yoast SEO plugin. -->","yoast_head_json":{"title":"TINELLI CONTRA MILEI: \"ES MUY VIOLENTO EN MUCHAS ACTITUDES, ESO NO ME GUSTA\" - Apuntes de San Luis","robots":{"index":"index","follow":"follow","max-snippet":"max-snippet:-1","max-image-preview":"max-image-preview:large","max-video-preview":"max-video-preview:-1"},"canonical":"https:\/\/apuntesdesanluis.com\/index.php\/2024\/09\/21\/tinelli-contra-milei-es-muy-violento-en-muchas-actitudes-eso-no-me-gusta\/","og_locale":"es_ES","og_type":"article","og_title":"TINELLI CONTRA MILEI: \"ES MUY VIOLENTO EN MUCHAS ACTITUDES, ESO NO ME GUSTA\" - Apuntes de San Luis","og_description":"El empresario critic\u00f3 con dureza al presidente por su modo de gesti\u00f3n. \u201cEs un buen...","og_url":"https:\/\/apuntesdesanluis.com\/index.php\/2024\/09\/21\/tinelli-contra-milei-es-muy-violento-en-muchas-actitudes-eso-no-me-gusta\/","og_site_name":"Apuntes de San Luis","article_published_time":"2024-09-21T16:07:25+00:00","og_image":[{"width":687,"height":399,"url":"https:\/\/apuntesdesanluis.com\/wp-content\/uploads\/2024\/09\/tinelli-y-milei.png","type":"image\/png"}],"author":"apuntesdesanluis.com","twitter_card":"summary_large_image","twitter_misc":{"Escrito por":"apuntesdesanluis.com","Tiempo de lectura":"3 minutos"},"schema":{"@context":"https:\/\/schema.org","@graph":[{"@type":"Article","@id":"https:\/\/apuntesdesanluis.com\/index.php\/2024\/09\/21\/tinelli-contra-milei-es-muy-violento-en-muchas-actitudes-eso-no-me-gusta\/#article","isPartOf":{"@id":"https:\/\/apuntesdesanluis.com\/index.php\/2024\/09\/21\/tinelli-contra-milei-es-muy-violento-en-muchas-actitudes-eso-no-me-gusta\/"},"author":{"name":"apuntesdesanluis.com","@id":"https:\/\/apuntesdesanluis.com\/#\/schema\/person\/b55151d52296fcce64d1a72538a70b90"},"headline":"TINELLI CONTRA MILEI: &#8220;ES MUY VIOLENTO EN MUCHAS ACTITUDES, ESO NO ME GUSTA&#8221;","datePublished":"2024-09-21T16:07:25+00:00","mainEntityOfPage":{"@id":"https:\/\/apuntesdesanluis.com\/index.php\/2024\/09\/21\/tinelli-contra-milei-es-muy-violento-en-muchas-actitudes-eso-no-me-gusta\/"},"wordCount":500,"publisher":{"@id":"https:\/\/apuntesdesanluis.com\/#\/schema\/person\/b55151d52296fcce64d1a72538a70b90"},"image":{"@id":"https:\/\/apuntesdesanluis.com\/index.php\/2024\/09\/21\/tinelli-contra-milei-es-muy-violento-en-muchas-actitudes-eso-no-me-gusta\/#primaryimage"},"thumbnailUrl":"https:\/\/apuntesdesanluis.com\/wp-content\/uploads\/2024\/09\/tinelli-y-milei.png","articleSection":["Nacionales\/Internacionales"],"inLanguage":"es-AR"},{"@type":"WebPage","@id":"https:\/\/apuntesdesanluis.com\/index.php\/2024\/09\/21\/tinelli-contra-milei-es-muy-violento-en-muchas-actitudes-eso-no-me-gusta\/","url":"https:\/\/apuntesdesanluis.com\/index.php\/2024\/09\/21\/tinelli-contra-milei-es-muy-violento-en-muchas-actitudes-eso-no-me-gusta\/","name":"TINELLI CONTRA MILEI: \"ES MUY VIOLENTO EN MUCHAS ACTITUDES, ESO NO ME GUSTA\" - Apuntes de San Luis","isPartOf":{"@id":"https:\/\/apuntesdesanluis.com\/#website"},"primaryImageOfPage":{"@id":"https:\/\/apuntesdesanluis.com\/index.php\/2024\/09\/21\/tinelli-contra-milei-es-muy-violento-en-muchas-actitudes-eso-no-me-gusta\/#primaryimage"},"image":{"@id":"https:\/\/apuntesdesanluis.com\/index.php\/2024\/09\/21\/tinelli-contra-milei-es-muy-violento-en-muchas-actitudes-eso-no-me-gusta\/#primaryimage"},"thumbnailUrl":"https:\/\/apuntesdesanluis.com\/wp-content\/uploads\/2024\/09\/tinelli-y-milei.png","datePublished":"2024-09-21T16:07:25+00:00","breadcrumb":{"@id":"https:\/\/apuntesdesanluis.com\/index.php\/2024\/09\/21\/tinelli-contra-milei-es-muy-violento-en-muchas-actitudes-eso-no-me-gusta\/#breadcrumb"},"inLanguage":"es-AR","potentialAction":[{"@type":"ReadAction","target":["https:\/\/apuntesdesanluis.com\/index.php\/2024\/09\/21\/tinelli-contra-milei-es-muy-violento-en-muchas-actitudes-eso-no-me-gusta\/"]}]},{"@type":"ImageObject","inLanguage":"es-AR","@id":"https:\/\/apuntesdesanluis.com\/index.php\/2024\/09\/21\/tinelli-contra-milei-es-muy-violento-en-muchas-actitudes-eso-no-me-gusta\/#primaryimage","url":"https:\/\/apuntesdesanluis.com\/wp-content\/uploads\/2024\/09\/tinelli-y-milei.png","contentUrl":"https:\/\/apuntesdesanluis.com\/wp-content\/uploads\/2024\/09\/tinelli-y-milei.png","width":687,"height":399},{"@type":"BreadcrumbList","@id":"https:\/\/apuntesdesanluis.com\/index.php\/2024\/09\/21\/tinelli-contra-milei-es-muy-violento-en-muchas-actitudes-eso-no-me-gusta\/#breadcrumb","itemListElement":[{"@type":"ListItem","position":1,"name":"Inicio","item":"https:\/\/apuntesdesanluis.com\/"},{"@type":"ListItem","position":2,"name":"TINELLI CONTRA MILEI: &#8220;ES MUY VIOLENTO EN MUCHAS ACTITUDES, ESO NO ME GUSTA&#8221;"}]},{"@type":"WebSite","@id":"https:\/\/apuntesdesanluis.com\/#website","url":"https:\/\/apuntesdesanluis.com\/","name":"Apuntes de San Luis","description":"","publisher":{"@id":"https:\/\/apuntesdesanluis.com\/#\/schema\/person\/b55151d52296fcce64d1a72538a70b90"},"potentialAction":[{"@type":"SearchAction","target":{"@type":"EntryPoint","urlTemplate":"https:\/\/apuntesdesanluis.com\/?s={search_term_string}"},"query-input":{"@type":"PropertyValueSpecification","valueRequired":true,"valueName":"search_term_string"}}],"inLanguage":"es-AR"},{"@type":["Person","Organization"],"@id":"https:\/\/apuntesdesanluis.com\/#\/schema\/person\/b55151d52296fcce64d1a72538a70b90","name":"apuntesdesanluis.com","image":{"@type":"ImageObject","inLanguage":"es-AR","@id":"https:\/\/apuntesdesanluis.com\/#\/schema\/person\/image\/","url":"https:\/\/apuntesdesanluis.com\/wp-content\/uploads\/2023\/07\/cropped-apuntesdesanluis.png","contentUrl":"https:\/\/apuntesdesanluis.com\/wp-content\/uploads\/2023\/07\/cropped-apuntesdesanluis.png","width":450,"height":112,"caption":"apuntesdesanluis.com"},"logo":{"@id":"https:\/\/apuntesdesanluis.com\/#\/schema\/person\/image\/"},"sameAs":["https:\/\/apuntesdesanluis.com"],"url":"https:\/\/apuntesdesanluis.com\/index.php\/author\/apuntesdesanluis-com\/"}]}},"featured_image_urls":{"full":["https:\/\/apuntesdesanluis.com\/wp-content\/uploads\/2024\/09\/tinelli-y-milei.png",687,399,false],"thumbnail":["https:\/\/apuntesdesanluis.com\/wp-content\/uploads\/2024\/09\/tinelli-y-milei-150x150.png",150,150,true],"medium":["https:\/\/apuntesdesanluis.com\/wp-content\/uploads\/2024\/09\/tinelli-y-milei-300x174.png",300,174,true],"medium_large":["https:\/\/apuntesdesanluis.com\/wp-content\/uploads\/2024\/09\/tinelli-y-milei.png",640,372,false],"large":["https:\/\/apuntesdesanluis.com\/wp-content\/uploads\/2024\/09\/tinelli-y-milei.png",640,372,false],"1536x1536":["https:\/\/apuntesdesanluis.com\/wp-content\/uploads\/2024\/09\/tinelli-y-milei.png",687,399,false],"2048x2048":["https:\/\/apuntesdesanluis.com\/wp-content\/uploads\/2024\/09\/tinelli-y-milei.png",687,399,false],"newsever-slider-full":["https:\/\/apuntesdesanluis.com\/wp-content\/uploads\/2024\/09\/tinelli-y-milei.png",687,399,false],"newsever-featured":["https:\/\/apuntesdesanluis.com\/wp-content\/uploads\/2024\/09\/tinelli-y-milei.png",687,399,false],"newsever-medium":["https:\/\/apuntesdesanluis.com\/wp-content\/uploads\/2024\/09\/tinelli-y-milei.png",687,399,false]},"author_info":{"display_name":"apuntesdesanluis.com","author_link":"https:\/\/apuntesdesanluis.com\/index.php\/author\/apuntesdesanluis-com\/"},"category_info":"<a href=\"https:\/\/apuntesdesanluis.com\/index.php\/category\/nacionales-internacionales\/\" rel=\"category tag\">Nacionales\/Internacionales<\/a>","tag_info":"Nacionales\/Internacionales","comment_count":"0","_links":{"self":[{"href":"https:\/\/apuntesdesanluis.com\/index.php\/wp-json\/wp\/v2\/posts\/22597","targetHints":{"allow":["GET"]}}],"collection":[{"href":"https:\/\/apuntesdesanluis.com\/index.php\/wp-json\/wp\/v2\/posts"}],"about":[{"href":"https:\/\/apuntesdesanluis.com\/index.php\/wp-json\/wp\/v2\/types\/post"}],"author":[{"embeddable":true,"href":"https:\/\/apuntesdesanluis.com\/index.php\/wp-json\/wp\/v2\/users\/1"}],"replies":[{"embeddable":true,"href":"https:\/\/apuntesdesanluis.com\/index.php\/wp-json\/wp\/v2\/comments?post=22597"}],"version-history":[{"count":1,"href":"https:\/\/apuntesdesanluis.com\/index.php\/wp-json\/wp\/v2\/posts\/22597\/revisions"}],"predecessor-version":[{"id":22599,"href":"https:\/\/apuntesdesanluis.com\/index.php\/wp-json\/wp\/v2\/posts\/22597\/revisions\/22599"}],"wp:featuredmedia":[{"embeddable":true,"href":"https:\/\/apuntesdesanluis.com\/index.php\/wp-json\/wp\/v2\/media\/22598"}],"wp:attachment":[{"href":"https:\/\/apuntesdesanluis.com\/index.php\/wp-json\/wp\/v2\/media?parent=22597"}],"wp:term":[{"taxonomy":"category","embeddable":true,"href":"https:\/\/apuntesdesanluis.com\/index.php\/wp-json\/wp\/v2\/categories?post=22597"},{"taxonomy":"post_tag","embeddable":true,"href":"https:\/\/apuntesdesanluis.com\/index.php\/wp-json\/wp\/v2\/tags?post=22597"}],"curies":[{"name":"wp","href":"https:\/\/api.w.org\/{rel}","templated":true}]}}