{"id":22608,"date":"2024-09-21T17:19:39","date_gmt":"2024-09-21T20:19:39","guid":{"rendered":"https:\/\/apuntesdesanluis.com\/?p=22608"},"modified":"2024-09-21T19:39:42","modified_gmt":"2024-09-21T22:39:42","slug":"murio-uno-de-los-atacantes-del-policia-fallecido","status":"publish","type":"post","link":"https:\/\/apuntesdesanluis.com\/index.php\/2024\/09\/21\/murio-uno-de-los-atacantes-del-policia-fallecido\/","title":{"rendered":"MURI\u00d3 UNO DE LOS ATACANTES DEL POLIC\u00cdA FALLECIDO"},"content":{"rendered":"<h3>La Jefatura Central de Polic\u00eda inform\u00f3 que fue notificada del fallecimiento de <strong>Mauro Maximiliano Vieyra Villegas<\/strong>, de 29 a\u00f1os, \u00fanico detenido por la muerte del Oficial Principal <strong>Renato Mauricio Fuentes,<\/strong> en un hecho ocurrido el viernes por la noche.<\/h3>\n<h3>Vieyra Villegas estaba en el Hospital de la Villa de Merlo luego de que la Polic\u00eda lo encontrara herido cuando intentaba escapar del lugar donde se encontraba robando junto a otro delincuente, en un loteo de Cortaderas.<\/h3>\n<h3>El hecho de sangre se desencaden\u00f3 cuando Fuentes respondi\u00f3 a un llamado al 911 por el robo en una vivienda ubicada sobre la Ruta 1. Al llegar al lugar, \u00e9l y su compa\u00f1ero fueron recibidos a disparos por los delincuentes. Fuentes, que prestaba servicio en la Subcomisar\u00eda N\u00b022, result\u00f3 gravemente herido y falleci\u00f3 minutos despu\u00e9s.<\/h3>\n<h3>En las primeras horas del s\u00e1bado, la Polic\u00eda encontr\u00f3 a Vieyra Villegas herido en las cercan\u00edas del lugar donde tuvo lugar el robo, por lo que fue trasladado de urgencia al hospital de Merlo, donde finalmente se notific\u00f3 por la tarde que hab\u00eda fallecido.<\/h3>\n<p><img fetchpriority=\"high\" decoding=\"async\" class=\"wp-image-10074 aligncenter\" src=\"https:\/\/apuntesdesanluis.com\/wp-content\/uploads\/2024\/01\/HOSPITAL-MADRE-CATALINA-RODRIGUEZ-300x176.png\" alt=\"\" width=\"707\" height=\"415\" srcset=\"https:\/\/apuntesdesanluis.com\/wp-content\/uploads\/2024\/01\/HOSPITAL-MADRE-CATALINA-RODRIGUEZ-300x176.png 300w, https:\/\/apuntesdesanluis.com\/wp-content\/uploads\/2024\/01\/HOSPITAL-MADRE-CATALINA-RODRIGUEZ.png 600w\" sizes=\"(max-width: 707px) 100vw, 707px\" \/><\/p>\n<h3>Por estas horas la polic\u00eda busca intensamente a su c\u00f3mplice, el cual est\u00e1 identificado, sindicado como part\u00edcipe en la muerte del oficial Fuentes.<\/h3>\n<h3>Seg\u00fan se inform\u00f3, Vieyra Villegas no era ajeno a la actividad delictiva, puesto que contaba con antecedentes por delitos contra la propiedad y abuso de armas de fuego, aunque permanec\u00eda en libertad al momento del asesinato de Fuentes.<\/h3>\n<h3>Adem\u00e1s, se presume que ambos delincuentes formaban parte de una banda dedicada a robar en Cortaderas y en zonas aleda\u00f1as, lo que refuerza la hip\u00f3tesis de un grupo organizado operando en la regi\u00f3n.<\/h3>\n<h3><strong>\u00bfQUI\u00c9N ERA EL POLIC\u00cdA ASESINADO?<\/strong><\/h3>\n<h3>El oficial principal, Renato Mauricio Fuentes ten\u00eda 30 a\u00f1os, era oriundo de Villa Dolores, C\u00f3rdoba, pero estaba radicado en Los Cajones, localidad ubicada en el noreste puntano en el departamento Jun\u00edn.<\/h3>\n<h3 class=\"adserver-zonas-noticias\" data-index=\"1\"><img decoding=\"async\" class=\"wp-image-22614 aligncenter\" src=\"https:\/\/apuntesdesanluis.com\/wp-content\/uploads\/2024\/09\/RENATO-FUENTES-300x204.png\" alt=\"\" width=\"626\" height=\"426\" srcset=\"https:\/\/apuntesdesanluis.com\/wp-content\/uploads\/2024\/09\/RENATO-FUENTES-300x204.png 300w, https:\/\/apuntesdesanluis.com\/wp-content\/uploads\/2024\/09\/RENATO-FUENTES.png 700w\" sizes=\"(max-width: 626px) 100vw, 626px\" \/><\/h3>\n<h3>Fuentes ten\u00eda dos hijos, un nene de cinco a\u00f1os y otro de apenas un a\u00f1o.\u00a0Hab\u00eda ingresado a la fuerza en enero de 2008.<\/h3>\n<p>&nbsp;<\/p>\n<p>&nbsp;<\/p>\n<p>&nbsp;<\/p>\n<p>&nbsp;<\/p>\n<p>&nbsp;<\/p>\n<p>&nbsp;<\/p>\n<h3><\/h3>\n<p>&nbsp;<\/p>\n","protected":false},"excerpt":{"rendered":"<p>La Jefatura Central de Polic\u00eda inform\u00f3 que fue notificada del fallecimiento de Mauro Maximiliano Vieyra&#8230;<\/p>\n","protected":false},"author":1,"featured_media":22609,"comment_status":"closed","ping_status":"closed","sticky":false,"template":"","format":"standard","meta":{"footnotes":""},"categories":[6],"tags":[],"class_list":["post-22608","post","type-post","status-publish","format-standard","has-post-thumbnail","hentry","category-ciudad-provincia"],"yoast_head":"<!-- This site is optimized with the Yoast SEO plugin v26.1.1 - https:\/\/yoast.com\/wordpress\/plugins\/seo\/ -->\n<title>MURI\u00d3 UNO DE LOS ATACANTES DEL POLIC\u00cdA FALLECIDO - Apuntes de San Luis<\/title>\n<meta name=\"robots\" content=\"index, follow, max-snippet:-1, max-image-preview:large, max-video-preview:-1\" \/>\n<link rel=\"canonical\" href=\"https:\/\/apuntesdesanluis.com\/index.php\/2024\/09\/21\/murio-uno-de-los-atacantes-del-policia-fallecido\/\" \/>\n<meta property=\"og:locale\" content=\"es_ES\" \/>\n<meta property=\"og:type\" content=\"article\" \/>\n<meta property=\"og:title\" content=\"MURI\u00d3 UNO DE LOS ATACANTES DEL POLIC\u00cdA FALLECIDO - Apuntes de San Luis\" \/>\n<meta property=\"og:description\" content=\"La Jefatura Central de Polic\u00eda inform\u00f3 que fue notificada del fallecimiento de Mauro Maximiliano Vieyra...\" \/>\n<meta property=\"og:url\" content=\"https:\/\/apuntesdesanluis.com\/index.php\/2024\/09\/21\/murio-uno-de-los-atacantes-del-policia-fallecido\/\" \/>\n<meta property=\"og:site_name\" content=\"Apuntes de San Luis\" \/>\n<meta property=\"article:published_time\" content=\"2024-09-21T20:19:39+00:00\" \/>\n<meta property=\"article:modified_time\" content=\"2024-09-21T22:39:42+00:00\" \/>\n<meta property=\"og:image\" content=\"https:\/\/apuntesdesanluis.com\/wp-content\/uploads\/2024\/09\/villegas.png\" \/>\n\t<meta property=\"og:image:width\" content=\"700\" \/>\n\t<meta property=\"og:image:height\" content=\"406\" \/>\n\t<meta property=\"og:image:type\" content=\"image\/png\" \/>\n<meta name=\"author\" content=\"apuntesdesanluis.com\" \/>\n<meta name=\"twitter:card\" content=\"summary_large_image\" \/>\n<meta name=\"twitter:label1\" content=\"Escrito por\" \/>\n\t<meta name=\"twitter:data1\" content=\"apuntesdesanluis.com\" \/>\n\t<meta name=\"twitter:label2\" content=\"Tiempo de lectura\" \/>\n\t<meta name=\"twitter:data2\" content=\"3 minutos\" \/>\n<script type=\"application\/ld+json\" class=\"yoast-schema-graph\">{\"@context\":\"https:\/\/schema.org\",\"@graph\":[{\"@type\":\"Article\",\"@id\":\"https:\/\/apuntesdesanluis.com\/index.php\/2024\/09\/21\/murio-uno-de-los-atacantes-del-policia-fallecido\/#article\",\"isPartOf\":{\"@id\":\"https:\/\/apuntesdesanluis.com\/index.php\/2024\/09\/21\/murio-uno-de-los-atacantes-del-policia-fallecido\/\"},\"author\":{\"name\":\"apuntesdesanluis.com\",\"@id\":\"https:\/\/apuntesdesanluis.com\/#\/schema\/person\/b55151d52296fcce64d1a72538a70b90\"},\"headline\":\"MURI\u00d3 UNO DE LOS ATACANTES DEL POLIC\u00cdA FALLECIDO\",\"datePublished\":\"2024-09-21T20:19:39+00:00\",\"dateModified\":\"2024-09-21T22:39:42+00:00\",\"mainEntityOfPage\":{\"@id\":\"https:\/\/apuntesdesanluis.com\/index.php\/2024\/09\/21\/murio-uno-de-los-atacantes-del-policia-fallecido\/\"},\"wordCount\":369,\"publisher\":{\"@id\":\"https:\/\/apuntesdesanluis.com\/#\/schema\/person\/b55151d52296fcce64d1a72538a70b90\"},\"image\":{\"@id\":\"https:\/\/apuntesdesanluis.com\/index.php\/2024\/09\/21\/murio-uno-de-los-atacantes-del-policia-fallecido\/#primaryimage\"},\"thumbnailUrl\":\"https:\/\/apuntesdesanluis.com\/wp-content\/uploads\/2024\/09\/villegas.png\",\"articleSection\":[\"Ciudad\/Provincia\"],\"inLanguage\":\"es-AR\"},{\"@type\":\"WebPage\",\"@id\":\"https:\/\/apuntesdesanluis.com\/index.php\/2024\/09\/21\/murio-uno-de-los-atacantes-del-policia-fallecido\/\",\"url\":\"https:\/\/apuntesdesanluis.com\/index.php\/2024\/09\/21\/murio-uno-de-los-atacantes-del-policia-fallecido\/\",\"name\":\"MURI\u00d3 UNO DE LOS ATACANTES DEL POLIC\u00cdA FALLECIDO - Apuntes de San Luis\",\"isPartOf\":{\"@id\":\"https:\/\/apuntesdesanluis.com\/#website\"},\"primaryImageOfPage\":{\"@id\":\"https:\/\/apuntesdesanluis.com\/index.php\/2024\/09\/21\/murio-uno-de-los-atacantes-del-policia-fallecido\/#primaryimage\"},\"image\":{\"@id\":\"https:\/\/apuntesdesanluis.com\/index.php\/2024\/09\/21\/murio-uno-de-los-atacantes-del-policia-fallecido\/#primaryimage\"},\"thumbnailUrl\":\"https:\/\/apuntesdesanluis.com\/wp-content\/uploads\/2024\/09\/villegas.png\",\"datePublished\":\"2024-09-21T20:19:39+00:00\",\"dateModified\":\"2024-09-21T22:39:42+00:00\",\"breadcrumb\":{\"@id\":\"https:\/\/apuntesdesanluis.com\/index.php\/2024\/09\/21\/murio-uno-de-los-atacantes-del-policia-fallecido\/#breadcrumb\"},\"inLanguage\":\"es-AR\",\"potentialAction\":[{\"@type\":\"ReadAction\",\"target\":[\"https:\/\/apuntesdesanluis.com\/index.php\/2024\/09\/21\/murio-uno-de-los-atacantes-del-policia-fallecido\/\"]}]},{\"@type\":\"ImageObject\",\"inLanguage\":\"es-AR\",\"@id\":\"https:\/\/apuntesdesanluis.com\/index.php\/2024\/09\/21\/murio-uno-de-los-atacantes-del-policia-fallecido\/#primaryimage\",\"url\":\"https:\/\/apuntesdesanluis.com\/wp-content\/uploads\/2024\/09\/villegas.png\",\"contentUrl\":\"https:\/\/apuntesdesanluis.com\/wp-content\/uploads\/2024\/09\/villegas.png\",\"width\":700,\"height\":406},{\"@type\":\"BreadcrumbList\",\"@id\":\"https:\/\/apuntesdesanluis.com\/index.php\/2024\/09\/21\/murio-uno-de-los-atacantes-del-policia-fallecido\/#breadcrumb\",\"itemListElement\":[{\"@type\":\"ListItem\",\"position\":1,\"name\":\"Inicio\",\"item\":\"https:\/\/apuntesdesanluis.com\/\"},{\"@type\":\"ListItem\",\"position\":2,\"name\":\"MURI\u00d3 UNO DE LOS ATACANTES DEL POLIC\u00cdA FALLECIDO\"}]},{\"@type\":\"WebSite\",\"@id\":\"https:\/\/apuntesdesanluis.com\/#website\",\"url\":\"https:\/\/apuntesdesanluis.com\/\",\"name\":\"Apuntes de San Luis\",\"description\":\"\",\"publisher\":{\"@id\":\"https:\/\/apuntesdesanluis.com\/#\/schema\/person\/b55151d52296fcce64d1a72538a70b90\"},\"potentialAction\":[{\"@type\":\"SearchAction\",\"target\":{\"@type\":\"EntryPoint\",\"urlTemplate\":\"https:\/\/apuntesdesanluis.com\/?s={search_term_string}\"},\"query-input\":{\"@type\":\"PropertyValueSpecification\",\"valueRequired\":true,\"valueName\":\"search_term_string\"}}],\"inLanguage\":\"es-AR\"},{\"@type\":[\"Person\",\"Organization\"],\"@id\":\"https:\/\/apuntesdesanluis.com\/#\/schema\/person\/b55151d52296fcce64d1a72538a70b90\",\"name\":\"apuntesdesanluis.com\",\"image\":{\"@type\":\"ImageObject\",\"inLanguage\":\"es-AR\",\"@id\":\"https:\/\/apuntesdesanluis.com\/#\/schema\/person\/image\/\",\"url\":\"https:\/\/apuntesdesanluis.com\/wp-content\/uploads\/2023\/07\/cropped-apuntesdesanluis.png\",\"contentUrl\":\"https:\/\/apuntesdesanluis.com\/wp-content\/uploads\/2023\/07\/cropped-apuntesdesanluis.png\",\"width\":450,\"height\":112,\"caption\":\"apuntesdesanluis.com\"},\"logo\":{\"@id\":\"https:\/\/apuntesdesanluis.com\/#\/schema\/person\/image\/\"},\"sameAs\":[\"https:\/\/apuntesdesanluis.com\"],\"url\":\"https:\/\/apuntesdesanluis.com\/index.php\/author\/apuntesdesanluis-com\/\"}]}<\/script>\n<!-- \/ Yoast SEO plugin. -->","yoast_head_json":{"title":"MURI\u00d3 UNO DE LOS ATACANTES DEL POLIC\u00cdA FALLECIDO - Apuntes de San Luis","robots":{"index":"index","follow":"follow","max-snippet":"max-snippet:-1","max-image-preview":"max-image-preview:large","max-video-preview":"max-video-preview:-1"},"canonical":"https:\/\/apuntesdesanluis.com\/index.php\/2024\/09\/21\/murio-uno-de-los-atacantes-del-policia-fallecido\/","og_locale":"es_ES","og_type":"article","og_title":"MURI\u00d3 UNO DE LOS ATACANTES DEL POLIC\u00cdA FALLECIDO - Apuntes de San Luis","og_description":"La Jefatura Central de Polic\u00eda inform\u00f3 que fue notificada del fallecimiento de Mauro Maximiliano Vieyra...","og_url":"https:\/\/apuntesdesanluis.com\/index.php\/2024\/09\/21\/murio-uno-de-los-atacantes-del-policia-fallecido\/","og_site_name":"Apuntes de San Luis","article_published_time":"2024-09-21T20:19:39+00:00","article_modified_time":"2024-09-21T22:39:42+00:00","og_image":[{"width":700,"height":406,"url":"https:\/\/apuntesdesanluis.com\/wp-content\/uploads\/2024\/09\/villegas.png","type":"image\/png"}],"author":"apuntesdesanluis.com","twitter_card":"summary_large_image","twitter_misc":{"Escrito por":"apuntesdesanluis.com","Tiempo de lectura":"3 minutos"},"schema":{"@context":"https:\/\/schema.org","@graph":[{"@type":"Article","@id":"https:\/\/apuntesdesanluis.com\/index.php\/2024\/09\/21\/murio-uno-de-los-atacantes-del-policia-fallecido\/#article","isPartOf":{"@id":"https:\/\/apuntesdesanluis.com\/index.php\/2024\/09\/21\/murio-uno-de-los-atacantes-del-policia-fallecido\/"},"author":{"name":"apuntesdesanluis.com","@id":"https:\/\/apuntesdesanluis.com\/#\/schema\/person\/b55151d52296fcce64d1a72538a70b90"},"headline":"MURI\u00d3 UNO DE LOS ATACANTES DEL POLIC\u00cdA FALLECIDO","datePublished":"2024-09-21T20:19:39+00:00","dateModified":"2024-09-21T22:39:42+00:00","mainEntityOfPage":{"@id":"https:\/\/apuntesdesanluis.com\/index.php\/2024\/09\/21\/murio-uno-de-los-atacantes-del-policia-fallecido\/"},"wordCount":369,"publisher":{"@id":"https:\/\/apuntesdesanluis.com\/#\/schema\/person\/b55151d52296fcce64d1a72538a70b90"},"image":{"@id":"https:\/\/apuntesdesanluis.com\/index.php\/2024\/09\/21\/murio-uno-de-los-atacantes-del-policia-fallecido\/#primaryimage"},"thumbnailUrl":"https:\/\/apuntesdesanluis.com\/wp-content\/uploads\/2024\/09\/villegas.png","articleSection":["Ciudad\/Provincia"],"inLanguage":"es-AR"},{"@type":"WebPage","@id":"https:\/\/apuntesdesanluis.com\/index.php\/2024\/09\/21\/murio-uno-de-los-atacantes-del-policia-fallecido\/","url":"https:\/\/apuntesdesanluis.com\/index.php\/2024\/09\/21\/murio-uno-de-los-atacantes-del-policia-fallecido\/","name":"MURI\u00d3 UNO DE LOS ATACANTES DEL POLIC\u00cdA FALLECIDO - Apuntes de San Luis","isPartOf":{"@id":"https:\/\/apuntesdesanluis.com\/#website"},"primaryImageOfPage":{"@id":"https:\/\/apuntesdesanluis.com\/index.php\/2024\/09\/21\/murio-uno-de-los-atacantes-del-policia-fallecido\/#primaryimage"},"image":{"@id":"https:\/\/apuntesdesanluis.com\/index.php\/2024\/09\/21\/murio-uno-de-los-atacantes-del-policia-fallecido\/#primaryimage"},"thumbnailUrl":"https:\/\/apuntesdesanluis.com\/wp-content\/uploads\/2024\/09\/villegas.png","datePublished":"2024-09-21T20:19:39+00:00","dateModified":"2024-09-21T22:39:42+00:00","breadcrumb":{"@id":"https:\/\/apuntesdesanluis.com\/index.php\/2024\/09\/21\/murio-uno-de-los-atacantes-del-policia-fallecido\/#breadcrumb"},"inLanguage":"es-AR","potentialAction":[{"@type":"ReadAction","target":["https:\/\/apuntesdesanluis.com\/index.php\/2024\/09\/21\/murio-uno-de-los-atacantes-del-policia-fallecido\/"]}]},{"@type":"ImageObject","inLanguage":"es-AR","@id":"https:\/\/apuntesdesanluis.com\/index.php\/2024\/09\/21\/murio-uno-de-los-atacantes-del-policia-fallecido\/#primaryimage","url":"https:\/\/apuntesdesanluis.com\/wp-content\/uploads\/2024\/09\/villegas.png","contentUrl":"https:\/\/apuntesdesanluis.com\/wp-content\/uploads\/2024\/09\/villegas.png","width":700,"height":406},{"@type":"BreadcrumbList","@id":"https:\/\/apuntesdesanluis.com\/index.php\/2024\/09\/21\/murio-uno-de-los-atacantes-del-policia-fallecido\/#breadcrumb","itemListElement":[{"@type":"ListItem","position":1,"name":"Inicio","item":"https:\/\/apuntesdesanluis.com\/"},{"@type":"ListItem","position":2,"name":"MURI\u00d3 UNO DE LOS ATACANTES DEL POLIC\u00cdA FALLECIDO"}]},{"@type":"WebSite","@id":"https:\/\/apuntesdesanluis.com\/#website","url":"https:\/\/apuntesdesanluis.com\/","name":"Apuntes de San Luis","description":"","publisher":{"@id":"https:\/\/apuntesdesanluis.com\/#\/schema\/person\/b55151d52296fcce64d1a72538a70b90"},"potentialAction":[{"@type":"SearchAction","target":{"@type":"EntryPoint","urlTemplate":"https:\/\/apuntesdesanluis.com\/?s={search_term_string}"},"query-input":{"@type":"PropertyValueSpecification","valueRequired":true,"valueName":"search_term_string"}}],"inLanguage":"es-AR"},{"@type":["Person","Organization"],"@id":"https:\/\/apuntesdesanluis.com\/#\/schema\/person\/b55151d52296fcce64d1a72538a70b90","name":"apuntesdesanluis.com","image":{"@type":"ImageObject","inLanguage":"es-AR","@id":"https:\/\/apuntesdesanluis.com\/#\/schema\/person\/image\/","url":"https:\/\/apuntesdesanluis.com\/wp-content\/uploads\/2023\/07\/cropped-apuntesdesanluis.png","contentUrl":"https:\/\/apuntesdesanluis.com\/wp-content\/uploads\/2023\/07\/cropped-apuntesdesanluis.png","width":450,"height":112,"caption":"apuntesdesanluis.com"},"logo":{"@id":"https:\/\/apuntesdesanluis.com\/#\/schema\/person\/image\/"},"sameAs":["https:\/\/apuntesdesanluis.com"],"url":"https:\/\/apuntesdesanluis.com\/index.php\/author\/apuntesdesanluis-com\/"}]}},"featured_image_urls":{"full":["https:\/\/apuntesdesanluis.com\/wp-content\/uploads\/2024\/09\/villegas.png",700,406,false],"thumbnail":["https:\/\/apuntesdesanluis.com\/wp-content\/uploads\/2024\/09\/villegas-150x150.png",150,150,true],"medium":["https:\/\/apuntesdesanluis.com\/wp-content\/uploads\/2024\/09\/villegas-300x174.png",300,174,true],"medium_large":["https:\/\/apuntesdesanluis.com\/wp-content\/uploads\/2024\/09\/villegas.png",640,371,false],"large":["https:\/\/apuntesdesanluis.com\/wp-content\/uploads\/2024\/09\/villegas.png",640,371,false],"1536x1536":["https:\/\/apuntesdesanluis.com\/wp-content\/uploads\/2024\/09\/villegas.png",700,406,false],"2048x2048":["https:\/\/apuntesdesanluis.com\/wp-content\/uploads\/2024\/09\/villegas.png",700,406,false],"newsever-slider-full":["https:\/\/apuntesdesanluis.com\/wp-content\/uploads\/2024\/09\/villegas.png",700,406,false],"newsever-featured":["https:\/\/apuntesdesanluis.com\/wp-content\/uploads\/2024\/09\/villegas.png",700,406,false],"newsever-medium":["https:\/\/apuntesdesanluis.com\/wp-content\/uploads\/2024\/09\/villegas.png",700,406,false]},"author_info":{"display_name":"apuntesdesanluis.com","author_link":"https:\/\/apuntesdesanluis.com\/index.php\/author\/apuntesdesanluis-com\/"},"category_info":"<a href=\"https:\/\/apuntesdesanluis.com\/index.php\/category\/ciudad-provincia\/\" rel=\"category tag\">Ciudad\/Provincia<\/a>","tag_info":"Ciudad\/Provincia","comment_count":"0","_links":{"self":[{"href":"https:\/\/apuntesdesanluis.com\/index.php\/wp-json\/wp\/v2\/posts\/22608","targetHints":{"allow":["GET"]}}],"collection":[{"href":"https:\/\/apuntesdesanluis.com\/index.php\/wp-json\/wp\/v2\/posts"}],"about":[{"href":"https:\/\/apuntesdesanluis.com\/index.php\/wp-json\/wp\/v2\/types\/post"}],"author":[{"embeddable":true,"href":"https:\/\/apuntesdesanluis.com\/index.php\/wp-json\/wp\/v2\/users\/1"}],"replies":[{"embeddable":true,"href":"https:\/\/apuntesdesanluis.com\/index.php\/wp-json\/wp\/v2\/comments?post=22608"}],"version-history":[{"count":5,"href":"https:\/\/apuntesdesanluis.com\/index.php\/wp-json\/wp\/v2\/posts\/22608\/revisions"}],"predecessor-version":[{"id":22615,"href":"https:\/\/apuntesdesanluis.com\/index.php\/wp-json\/wp\/v2\/posts\/22608\/revisions\/22615"}],"wp:featuredmedia":[{"embeddable":true,"href":"https:\/\/apuntesdesanluis.com\/index.php\/wp-json\/wp\/v2\/media\/22609"}],"wp:attachment":[{"href":"https:\/\/apuntesdesanluis.com\/index.php\/wp-json\/wp\/v2\/media?parent=22608"}],"wp:term":[{"taxonomy":"category","embeddable":true,"href":"https:\/\/apuntesdesanluis.com\/index.php\/wp-json\/wp\/v2\/categories?post=22608"},{"taxonomy":"post_tag","embeddable":true,"href":"https:\/\/apuntesdesanluis.com\/index.php\/wp-json\/wp\/v2\/tags?post=22608"}],"curies":[{"name":"wp","href":"https:\/\/api.w.org\/{rel}","templated":true}]}}