{"id":22616,"date":"2024-09-21T19:47:46","date_gmt":"2024-09-21T22:47:46","guid":{"rendered":"https:\/\/apuntesdesanluis.com\/?p=22616"},"modified":"2024-09-21T19:52:31","modified_gmt":"2024-09-21T22:52:31","slug":"hay-incendios-activos-en-distintas-partes-de-san-luis","status":"publish","type":"post","link":"https:\/\/apuntesdesanluis.com\/index.php\/2024\/09\/21\/hay-incendios-activos-en-distintas-partes-de-san-luis\/","title":{"rendered":"HAY INCENDIOS ACTIVOS EN DISTINTAS PARTES DE SAN LUIS"},"content":{"rendered":"<h3>Las localidades afectadas por el fuego este s\u00e1bado son Las Lagunas, Paso Grande, Potrerillo y zonas aleda\u00f1as. Tambi\u00e9n Balcarce, Batavia, El Talita y la zona ubicada entre Fortuna y Uni\u00f3n.<\/h3>\n<h3>A pesar del arduo trabajo de los \u00faltimos d\u00edas, algunos focos siguen fuera de control.<\/h3>\n<h3>Desde la Direcci\u00f3n Prevenci\u00f3n y Gesti\u00f3n de Emergencias, dependiente del Ministerio de Seguridad, informaron la situaci\u00f3n actual de los incendios en la provincia de San Luis. Luego de una semana de arduo trabajo en distintos sectores del territorio, el panorama de los focos calientes no difiere mucho a lo que ha venido sucediendo en los \u00faltimos d\u00edas.<\/h3>\n<h3><img fetchpriority=\"high\" decoding=\"async\" class=\"wp-image-22618 aligncenter\" src=\"https:\/\/apuntesdesanluis.com\/wp-content\/uploads\/2024\/09\/incendio-1-1-300x159.png\" alt=\"\" width=\"713\" height=\"378\" srcset=\"https:\/\/apuntesdesanluis.com\/wp-content\/uploads\/2024\/09\/incendio-1-1-300x159.png 300w, https:\/\/apuntesdesanluis.com\/wp-content\/uploads\/2024\/09\/incendio-1-1.png 700w\" sizes=\"(max-width: 713px) 100vw, 713px\" \/><\/h3>\n<h3>El director de Prevenci\u00f3n y Gesti\u00f3n de la Emergencia, Marcos L\u00f3pez, comunic\u00f3 que el incendio del departamento San Mart\u00edn, que afecta varias localidades (Las Lagunas, Potrerillo, Paso Grande entre otras) estar\u00eda contenido en un 60%, y se refuerza el trabajo en la zona para obtener mejores resultados al final del d\u00eda. Debido a los fuertes vientos no se podr\u00e1 contar con los aviones hidrantes y solo infanter\u00eda estar\u00e1 en el terreno.<\/h3>\n<h3>Por otro lado, L\u00f3pez remarc\u00f3 la preocupaci\u00f3n en el incendio que se vive en el sur de la provincia, entre Fortuna y Unbi\u00f3n, que est\u00e1 descontrolado y donde se trabaja activamente con personal de la zona. Por el momento se eval\u00faa la posibilidad de disponer el trabajo de los aviones hidrantes, que tambi\u00e9n depender\u00e1 del estado e intensidad del viento.<\/h3>\n<h3>En tanto, el incendio de Balcarce se encuentra contenido, al igual que el de Batavia; el de la Villa de Merlo est\u00e1 extinguido y el de El Talita activo.<\/h3>\n<h3><strong>IM\u00c1GENES DESDE EL AIRE<\/strong><\/h3>\n<h3>Este s\u00e1bado, un equipo de la\u00a0<strong>Secretar\u00eda de Comunicaci\u00f3n del Gobierno de San Luis<\/strong>\u00a0registr\u00f3\u00a0<strong>im\u00e1genes a\u00e9reas<\/strong>\u00a0que reflejan el impacto de los incendios en el\u00a0<strong>departamento San Mart\u00edn<\/strong>\u00a0y que alcanzaron al\u00a0<strong>paraje Balcarce<\/strong>\u00a0y las localidades de\u00a0<strong>Paso Grande<\/strong>,\u00a0<strong>Potrerillos<\/strong>\u00a0y\u00a0<strong>Las Lagunas<\/strong>.<\/h3>\n<p><img decoding=\"async\" class=\"wp-image-22621 aligncenter\" src=\"https:\/\/apuntesdesanluis.com\/wp-content\/uploads\/2024\/09\/TRACTOR-300x200.png\" alt=\"\" width=\"710\" height=\"473\" srcset=\"https:\/\/apuntesdesanluis.com\/wp-content\/uploads\/2024\/09\/TRACTOR-300x200.png 300w, https:\/\/apuntesdesanluis.com\/wp-content\/uploads\/2024\/09\/TRACTOR.png 700w\" sizes=\"(max-width: 710px) 100vw, 710px\" \/><\/p>\n<h3>El recorrido es parte de la labor que realiza el personal de la Direcci\u00f3n y Gesti\u00f3n de la Emergencia y personal de Manejo del Fuego para dimensionar el tama\u00f1o de los focos \u00edgneos, su desplazamiento, magnitud y planificaci\u00f3n de tiros desde los aviones hidrantes. Adem\u00e1s, permite observar caminos alternativos, marcar sectores de calor, adem\u00e1s de viviendas y animales para que Gendarmer\u00eda y personal de las dotaciones de bomberos puedan acceder.<\/h3>\n<p><img decoding=\"async\" class=\"wp-image-22622 aligncenter\" src=\"https:\/\/apuntesdesanluis.com\/wp-content\/uploads\/2024\/09\/FUEGO-300x153.png\" alt=\"\" width=\"708\" height=\"361\" srcset=\"https:\/\/apuntesdesanluis.com\/wp-content\/uploads\/2024\/09\/FUEGO-300x153.png 300w, https:\/\/apuntesdesanluis.com\/wp-content\/uploads\/2024\/09\/FUEGO.png 700w\" sizes=\"(max-width: 708px) 100vw, 708px\" \/><\/p>\n<p>&nbsp;<\/p>\n<p>&nbsp;<\/p>\n<p>&nbsp;<\/p>\n<p>&nbsp;<\/p>\n<p>&nbsp;<\/p>\n","protected":false},"excerpt":{"rendered":"<p>Las localidades afectadas por el fuego este s\u00e1bado son Las Lagunas, Paso Grande, Potrerillo y&#8230;<\/p>\n","protected":false},"author":1,"featured_media":22617,"comment_status":"closed","ping_status":"closed","sticky":false,"template":"","format":"standard","meta":{"footnotes":""},"categories":[6],"tags":[],"class_list":["post-22616","post","type-post","status-publish","format-standard","has-post-thumbnail","hentry","category-ciudad-provincia"],"yoast_head":"<!-- This site is optimized with the Yoast SEO plugin v26.1.1 - https:\/\/yoast.com\/wordpress\/plugins\/seo\/ -->\n<title>HAY INCENDIOS ACTIVOS EN DISTINTAS PARTES DE SAN LUIS - Apuntes de San Luis<\/title>\n<meta name=\"robots\" content=\"index, follow, max-snippet:-1, max-image-preview:large, max-video-preview:-1\" \/>\n<link rel=\"canonical\" href=\"https:\/\/apuntesdesanluis.com\/index.php\/2024\/09\/21\/hay-incendios-activos-en-distintas-partes-de-san-luis\/\" \/>\n<meta property=\"og:locale\" content=\"es_ES\" \/>\n<meta property=\"og:type\" content=\"article\" \/>\n<meta property=\"og:title\" content=\"HAY INCENDIOS ACTIVOS EN DISTINTAS PARTES DE SAN LUIS - Apuntes de San Luis\" \/>\n<meta property=\"og:description\" content=\"Las localidades afectadas por el fuego este s\u00e1bado son Las Lagunas, Paso Grande, Potrerillo y...\" \/>\n<meta property=\"og:url\" content=\"https:\/\/apuntesdesanluis.com\/index.php\/2024\/09\/21\/hay-incendios-activos-en-distintas-partes-de-san-luis\/\" \/>\n<meta property=\"og:site_name\" content=\"Apuntes de San Luis\" \/>\n<meta property=\"article:published_time\" content=\"2024-09-21T22:47:46+00:00\" \/>\n<meta property=\"article:modified_time\" content=\"2024-09-21T22:52:31+00:00\" \/>\n<meta property=\"og:image\" content=\"https:\/\/apuntesdesanluis.com\/wp-content\/uploads\/2024\/09\/incendio-1.png\" \/>\n\t<meta property=\"og:image:width\" content=\"700\" \/>\n\t<meta property=\"og:image:height\" content=\"412\" \/>\n\t<meta property=\"og:image:type\" content=\"image\/png\" \/>\n<meta name=\"author\" content=\"apuntesdesanluis.com\" \/>\n<meta name=\"twitter:card\" content=\"summary_large_image\" \/>\n<meta name=\"twitter:label1\" content=\"Escrito por\" \/>\n\t<meta name=\"twitter:data1\" content=\"apuntesdesanluis.com\" \/>\n\t<meta name=\"twitter:label2\" content=\"Tiempo de lectura\" \/>\n\t<meta name=\"twitter:data2\" content=\"3 minutos\" \/>\n<script type=\"application\/ld+json\" class=\"yoast-schema-graph\">{\"@context\":\"https:\/\/schema.org\",\"@graph\":[{\"@type\":\"Article\",\"@id\":\"https:\/\/apuntesdesanluis.com\/index.php\/2024\/09\/21\/hay-incendios-activos-en-distintas-partes-de-san-luis\/#article\",\"isPartOf\":{\"@id\":\"https:\/\/apuntesdesanluis.com\/index.php\/2024\/09\/21\/hay-incendios-activos-en-distintas-partes-de-san-luis\/\"},\"author\":{\"name\":\"apuntesdesanluis.com\",\"@id\":\"https:\/\/apuntesdesanluis.com\/#\/schema\/person\/b55151d52296fcce64d1a72538a70b90\"},\"headline\":\"HAY INCENDIOS ACTIVOS EN DISTINTAS PARTES DE SAN LUIS\",\"datePublished\":\"2024-09-21T22:47:46+00:00\",\"dateModified\":\"2024-09-21T22:52:31+00:00\",\"mainEntityOfPage\":{\"@id\":\"https:\/\/apuntesdesanluis.com\/index.php\/2024\/09\/21\/hay-incendios-activos-en-distintas-partes-de-san-luis\/\"},\"wordCount\":430,\"publisher\":{\"@id\":\"https:\/\/apuntesdesanluis.com\/#\/schema\/person\/b55151d52296fcce64d1a72538a70b90\"},\"image\":{\"@id\":\"https:\/\/apuntesdesanluis.com\/index.php\/2024\/09\/21\/hay-incendios-activos-en-distintas-partes-de-san-luis\/#primaryimage\"},\"thumbnailUrl\":\"https:\/\/apuntesdesanluis.com\/wp-content\/uploads\/2024\/09\/incendio-1.png\",\"articleSection\":[\"Ciudad\/Provincia\"],\"inLanguage\":\"es-AR\"},{\"@type\":\"WebPage\",\"@id\":\"https:\/\/apuntesdesanluis.com\/index.php\/2024\/09\/21\/hay-incendios-activos-en-distintas-partes-de-san-luis\/\",\"url\":\"https:\/\/apuntesdesanluis.com\/index.php\/2024\/09\/21\/hay-incendios-activos-en-distintas-partes-de-san-luis\/\",\"name\":\"HAY INCENDIOS ACTIVOS EN DISTINTAS PARTES DE SAN LUIS - Apuntes de San Luis\",\"isPartOf\":{\"@id\":\"https:\/\/apuntesdesanluis.com\/#website\"},\"primaryImageOfPage\":{\"@id\":\"https:\/\/apuntesdesanluis.com\/index.php\/2024\/09\/21\/hay-incendios-activos-en-distintas-partes-de-san-luis\/#primaryimage\"},\"image\":{\"@id\":\"https:\/\/apuntesdesanluis.com\/index.php\/2024\/09\/21\/hay-incendios-activos-en-distintas-partes-de-san-luis\/#primaryimage\"},\"thumbnailUrl\":\"https:\/\/apuntesdesanluis.com\/wp-content\/uploads\/2024\/09\/incendio-1.png\",\"datePublished\":\"2024-09-21T22:47:46+00:00\",\"dateModified\":\"2024-09-21T22:52:31+00:00\",\"breadcrumb\":{\"@id\":\"https:\/\/apuntesdesanluis.com\/index.php\/2024\/09\/21\/hay-incendios-activos-en-distintas-partes-de-san-luis\/#breadcrumb\"},\"inLanguage\":\"es-AR\",\"potentialAction\":[{\"@type\":\"ReadAction\",\"target\":[\"https:\/\/apuntesdesanluis.com\/index.php\/2024\/09\/21\/hay-incendios-activos-en-distintas-partes-de-san-luis\/\"]}]},{\"@type\":\"ImageObject\",\"inLanguage\":\"es-AR\",\"@id\":\"https:\/\/apuntesdesanluis.com\/index.php\/2024\/09\/21\/hay-incendios-activos-en-distintas-partes-de-san-luis\/#primaryimage\",\"url\":\"https:\/\/apuntesdesanluis.com\/wp-content\/uploads\/2024\/09\/incendio-1.png\",\"contentUrl\":\"https:\/\/apuntesdesanluis.com\/wp-content\/uploads\/2024\/09\/incendio-1.png\",\"width\":700,\"height\":412},{\"@type\":\"BreadcrumbList\",\"@id\":\"https:\/\/apuntesdesanluis.com\/index.php\/2024\/09\/21\/hay-incendios-activos-en-distintas-partes-de-san-luis\/#breadcrumb\",\"itemListElement\":[{\"@type\":\"ListItem\",\"position\":1,\"name\":\"Inicio\",\"item\":\"https:\/\/apuntesdesanluis.com\/\"},{\"@type\":\"ListItem\",\"position\":2,\"name\":\"HAY INCENDIOS ACTIVOS EN DISTINTAS PARTES DE SAN LUIS\"}]},{\"@type\":\"WebSite\",\"@id\":\"https:\/\/apuntesdesanluis.com\/#website\",\"url\":\"https:\/\/apuntesdesanluis.com\/\",\"name\":\"Apuntes de San Luis\",\"description\":\"\",\"publisher\":{\"@id\":\"https:\/\/apuntesdesanluis.com\/#\/schema\/person\/b55151d52296fcce64d1a72538a70b90\"},\"potentialAction\":[{\"@type\":\"SearchAction\",\"target\":{\"@type\":\"EntryPoint\",\"urlTemplate\":\"https:\/\/apuntesdesanluis.com\/?s={search_term_string}\"},\"query-input\":{\"@type\":\"PropertyValueSpecification\",\"valueRequired\":true,\"valueName\":\"search_term_string\"}}],\"inLanguage\":\"es-AR\"},{\"@type\":[\"Person\",\"Organization\"],\"@id\":\"https:\/\/apuntesdesanluis.com\/#\/schema\/person\/b55151d52296fcce64d1a72538a70b90\",\"name\":\"apuntesdesanluis.com\",\"image\":{\"@type\":\"ImageObject\",\"inLanguage\":\"es-AR\",\"@id\":\"https:\/\/apuntesdesanluis.com\/#\/schema\/person\/image\/\",\"url\":\"https:\/\/apuntesdesanluis.com\/wp-content\/uploads\/2023\/07\/cropped-apuntesdesanluis.png\",\"contentUrl\":\"https:\/\/apuntesdesanluis.com\/wp-content\/uploads\/2023\/07\/cropped-apuntesdesanluis.png\",\"width\":450,\"height\":112,\"caption\":\"apuntesdesanluis.com\"},\"logo\":{\"@id\":\"https:\/\/apuntesdesanluis.com\/#\/schema\/person\/image\/\"},\"sameAs\":[\"https:\/\/apuntesdesanluis.com\"],\"url\":\"https:\/\/apuntesdesanluis.com\/index.php\/author\/apuntesdesanluis-com\/\"}]}<\/script>\n<!-- \/ Yoast SEO plugin. -->","yoast_head_json":{"title":"HAY INCENDIOS ACTIVOS EN DISTINTAS PARTES DE SAN LUIS - Apuntes de San Luis","robots":{"index":"index","follow":"follow","max-snippet":"max-snippet:-1","max-image-preview":"max-image-preview:large","max-video-preview":"max-video-preview:-1"},"canonical":"https:\/\/apuntesdesanluis.com\/index.php\/2024\/09\/21\/hay-incendios-activos-en-distintas-partes-de-san-luis\/","og_locale":"es_ES","og_type":"article","og_title":"HAY INCENDIOS ACTIVOS EN DISTINTAS PARTES DE SAN LUIS - Apuntes de San Luis","og_description":"Las localidades afectadas por el fuego este s\u00e1bado son Las Lagunas, Paso Grande, Potrerillo y...","og_url":"https:\/\/apuntesdesanluis.com\/index.php\/2024\/09\/21\/hay-incendios-activos-en-distintas-partes-de-san-luis\/","og_site_name":"Apuntes de San Luis","article_published_time":"2024-09-21T22:47:46+00:00","article_modified_time":"2024-09-21T22:52:31+00:00","og_image":[{"width":700,"height":412,"url":"https:\/\/apuntesdesanluis.com\/wp-content\/uploads\/2024\/09\/incendio-1.png","type":"image\/png"}],"author":"apuntesdesanluis.com","twitter_card":"summary_large_image","twitter_misc":{"Escrito por":"apuntesdesanluis.com","Tiempo de lectura":"3 minutos"},"schema":{"@context":"https:\/\/schema.org","@graph":[{"@type":"Article","@id":"https:\/\/apuntesdesanluis.com\/index.php\/2024\/09\/21\/hay-incendios-activos-en-distintas-partes-de-san-luis\/#article","isPartOf":{"@id":"https:\/\/apuntesdesanluis.com\/index.php\/2024\/09\/21\/hay-incendios-activos-en-distintas-partes-de-san-luis\/"},"author":{"name":"apuntesdesanluis.com","@id":"https:\/\/apuntesdesanluis.com\/#\/schema\/person\/b55151d52296fcce64d1a72538a70b90"},"headline":"HAY INCENDIOS ACTIVOS EN DISTINTAS PARTES DE SAN LUIS","datePublished":"2024-09-21T22:47:46+00:00","dateModified":"2024-09-21T22:52:31+00:00","mainEntityOfPage":{"@id":"https:\/\/apuntesdesanluis.com\/index.php\/2024\/09\/21\/hay-incendios-activos-en-distintas-partes-de-san-luis\/"},"wordCount":430,"publisher":{"@id":"https:\/\/apuntesdesanluis.com\/#\/schema\/person\/b55151d52296fcce64d1a72538a70b90"},"image":{"@id":"https:\/\/apuntesdesanluis.com\/index.php\/2024\/09\/21\/hay-incendios-activos-en-distintas-partes-de-san-luis\/#primaryimage"},"thumbnailUrl":"https:\/\/apuntesdesanluis.com\/wp-content\/uploads\/2024\/09\/incendio-1.png","articleSection":["Ciudad\/Provincia"],"inLanguage":"es-AR"},{"@type":"WebPage","@id":"https:\/\/apuntesdesanluis.com\/index.php\/2024\/09\/21\/hay-incendios-activos-en-distintas-partes-de-san-luis\/","url":"https:\/\/apuntesdesanluis.com\/index.php\/2024\/09\/21\/hay-incendios-activos-en-distintas-partes-de-san-luis\/","name":"HAY INCENDIOS ACTIVOS EN DISTINTAS PARTES DE SAN LUIS - Apuntes de San Luis","isPartOf":{"@id":"https:\/\/apuntesdesanluis.com\/#website"},"primaryImageOfPage":{"@id":"https:\/\/apuntesdesanluis.com\/index.php\/2024\/09\/21\/hay-incendios-activos-en-distintas-partes-de-san-luis\/#primaryimage"},"image":{"@id":"https:\/\/apuntesdesanluis.com\/index.php\/2024\/09\/21\/hay-incendios-activos-en-distintas-partes-de-san-luis\/#primaryimage"},"thumbnailUrl":"https:\/\/apuntesdesanluis.com\/wp-content\/uploads\/2024\/09\/incendio-1.png","datePublished":"2024-09-21T22:47:46+00:00","dateModified":"2024-09-21T22:52:31+00:00","breadcrumb":{"@id":"https:\/\/apuntesdesanluis.com\/index.php\/2024\/09\/21\/hay-incendios-activos-en-distintas-partes-de-san-luis\/#breadcrumb"},"inLanguage":"es-AR","potentialAction":[{"@type":"ReadAction","target":["https:\/\/apuntesdesanluis.com\/index.php\/2024\/09\/21\/hay-incendios-activos-en-distintas-partes-de-san-luis\/"]}]},{"@type":"ImageObject","inLanguage":"es-AR","@id":"https:\/\/apuntesdesanluis.com\/index.php\/2024\/09\/21\/hay-incendios-activos-en-distintas-partes-de-san-luis\/#primaryimage","url":"https:\/\/apuntesdesanluis.com\/wp-content\/uploads\/2024\/09\/incendio-1.png","contentUrl":"https:\/\/apuntesdesanluis.com\/wp-content\/uploads\/2024\/09\/incendio-1.png","width":700,"height":412},{"@type":"BreadcrumbList","@id":"https:\/\/apuntesdesanluis.com\/index.php\/2024\/09\/21\/hay-incendios-activos-en-distintas-partes-de-san-luis\/#breadcrumb","itemListElement":[{"@type":"ListItem","position":1,"name":"Inicio","item":"https:\/\/apuntesdesanluis.com\/"},{"@type":"ListItem","position":2,"name":"HAY INCENDIOS ACTIVOS EN DISTINTAS PARTES DE SAN LUIS"}]},{"@type":"WebSite","@id":"https:\/\/apuntesdesanluis.com\/#website","url":"https:\/\/apuntesdesanluis.com\/","name":"Apuntes de San Luis","description":"","publisher":{"@id":"https:\/\/apuntesdesanluis.com\/#\/schema\/person\/b55151d52296fcce64d1a72538a70b90"},"potentialAction":[{"@type":"SearchAction","target":{"@type":"EntryPoint","urlTemplate":"https:\/\/apuntesdesanluis.com\/?s={search_term_string}"},"query-input":{"@type":"PropertyValueSpecification","valueRequired":true,"valueName":"search_term_string"}}],"inLanguage":"es-AR"},{"@type":["Person","Organization"],"@id":"https:\/\/apuntesdesanluis.com\/#\/schema\/person\/b55151d52296fcce64d1a72538a70b90","name":"apuntesdesanluis.com","image":{"@type":"ImageObject","inLanguage":"es-AR","@id":"https:\/\/apuntesdesanluis.com\/#\/schema\/person\/image\/","url":"https:\/\/apuntesdesanluis.com\/wp-content\/uploads\/2023\/07\/cropped-apuntesdesanluis.png","contentUrl":"https:\/\/apuntesdesanluis.com\/wp-content\/uploads\/2023\/07\/cropped-apuntesdesanluis.png","width":450,"height":112,"caption":"apuntesdesanluis.com"},"logo":{"@id":"https:\/\/apuntesdesanluis.com\/#\/schema\/person\/image\/"},"sameAs":["https:\/\/apuntesdesanluis.com"],"url":"https:\/\/apuntesdesanluis.com\/index.php\/author\/apuntesdesanluis-com\/"}]}},"featured_image_urls":{"full":["https:\/\/apuntesdesanluis.com\/wp-content\/uploads\/2024\/09\/incendio-1.png",700,412,false],"thumbnail":["https:\/\/apuntesdesanluis.com\/wp-content\/uploads\/2024\/09\/incendio-1-150x150.png",150,150,true],"medium":["https:\/\/apuntesdesanluis.com\/wp-content\/uploads\/2024\/09\/incendio-1-300x177.png",300,177,true],"medium_large":["https:\/\/apuntesdesanluis.com\/wp-content\/uploads\/2024\/09\/incendio-1.png",640,377,false],"large":["https:\/\/apuntesdesanluis.com\/wp-content\/uploads\/2024\/09\/incendio-1.png",640,377,false],"1536x1536":["https:\/\/apuntesdesanluis.com\/wp-content\/uploads\/2024\/09\/incendio-1.png",700,412,false],"2048x2048":["https:\/\/apuntesdesanluis.com\/wp-content\/uploads\/2024\/09\/incendio-1.png",700,412,false],"newsever-slider-full":["https:\/\/apuntesdesanluis.com\/wp-content\/uploads\/2024\/09\/incendio-1.png",700,412,false],"newsever-featured":["https:\/\/apuntesdesanluis.com\/wp-content\/uploads\/2024\/09\/incendio-1.png",700,412,false],"newsever-medium":["https:\/\/apuntesdesanluis.com\/wp-content\/uploads\/2024\/09\/incendio-1.png",700,412,false]},"author_info":{"display_name":"apuntesdesanluis.com","author_link":"https:\/\/apuntesdesanluis.com\/index.php\/author\/apuntesdesanluis-com\/"},"category_info":"<a href=\"https:\/\/apuntesdesanluis.com\/index.php\/category\/ciudad-provincia\/\" rel=\"category tag\">Ciudad\/Provincia<\/a>","tag_info":"Ciudad\/Provincia","comment_count":"0","_links":{"self":[{"href":"https:\/\/apuntesdesanluis.com\/index.php\/wp-json\/wp\/v2\/posts\/22616","targetHints":{"allow":["GET"]}}],"collection":[{"href":"https:\/\/apuntesdesanluis.com\/index.php\/wp-json\/wp\/v2\/posts"}],"about":[{"href":"https:\/\/apuntesdesanluis.com\/index.php\/wp-json\/wp\/v2\/types\/post"}],"author":[{"embeddable":true,"href":"https:\/\/apuntesdesanluis.com\/index.php\/wp-json\/wp\/v2\/users\/1"}],"replies":[{"embeddable":true,"href":"https:\/\/apuntesdesanluis.com\/index.php\/wp-json\/wp\/v2\/comments?post=22616"}],"version-history":[{"count":3,"href":"https:\/\/apuntesdesanluis.com\/index.php\/wp-json\/wp\/v2\/posts\/22616\/revisions"}],"predecessor-version":[{"id":22623,"href":"https:\/\/apuntesdesanluis.com\/index.php\/wp-json\/wp\/v2\/posts\/22616\/revisions\/22623"}],"wp:featuredmedia":[{"embeddable":true,"href":"https:\/\/apuntesdesanluis.com\/index.php\/wp-json\/wp\/v2\/media\/22617"}],"wp:attachment":[{"href":"https:\/\/apuntesdesanluis.com\/index.php\/wp-json\/wp\/v2\/media?parent=22616"}],"wp:term":[{"taxonomy":"category","embeddable":true,"href":"https:\/\/apuntesdesanluis.com\/index.php\/wp-json\/wp\/v2\/categories?post=22616"},{"taxonomy":"post_tag","embeddable":true,"href":"https:\/\/apuntesdesanluis.com\/index.php\/wp-json\/wp\/v2\/tags?post=22616"}],"curies":[{"name":"wp","href":"https:\/\/api.w.org\/{rel}","templated":true}]}}