{"id":22624,"date":"2024-09-22T21:08:33","date_gmt":"2024-09-23T00:08:33","guid":{"rendered":"https:\/\/apuntesdesanluis.com\/?p=22624"},"modified":"2024-09-23T07:59:17","modified_gmt":"2024-09-23T10:59:17","slug":"ucelay-y-alvarez-pinto-dialogaron-sobre-el-servicio-de-agua-en-merlo","status":"publish","type":"post","link":"https:\/\/apuntesdesanluis.com\/index.php\/2024\/09\/22\/ucelay-y-alvarez-pinto-dialogaron-sobre-el-servicio-de-agua-en-merlo\/","title":{"rendered":"UCELAY Y \u00c1LVAREZ PINTO DIALOGARON SOBRE EL SERVICIO DE AGUA EN MERLO"},"content":{"rendered":"<h3>\u201cLa reuni\u00f3n se desarroll\u00f3 en un marco de absoluto respeto y desde\u00a0 nuestra parte ha quedado claro cu\u00e1l es la intenci\u00f3n del municipio de la Villa de Merlo con respecto al servicio de distribuci\u00f3n del agua en la localidad\u201d, sintetiz\u00f3 el S Secretario General del Sindicato de Trabajadores de Obras Sanitarias Mercedes, <strong>Jos\u00e9 Ucelay<\/strong>.<\/h3>\n<h3>El encuentro tuvo lugar el viernes \u00faltimo, en horas de la ma\u00f1ana, yse extendi\u00f3 por una hora aproximadamente. El dirigente se mostr\u00f3 satisfecho porque \u201cel intendente nos dej\u00f3 en claro cu\u00e1l es la intenci\u00f3n del\u00a0 proyecto de ordenanza que ha enviado al Concejo Deliberante, explic\u00e1ndonos\u00a0 a qu\u00e9 se refiere cuando habla de tercerizaci\u00f3n del servicio\u201d, agreg\u00f3.<\/h3>\n<h3>El intendente de la Villa de Merlo, <strong>Juan \u00c1lvarez Pinto<\/strong>, le manifest\u00f3 al dirigente gremial que su preocupaci\u00f3n es solucionar el abastecimiento de agua, en cantidad y calidad, &#8220;para que no se frene el progreso de la localidad&#8221;. En este sentido, indic\u00f3 que &#8220;est\u00e1 trabajando en conjunto con la provincia y tambi\u00e9n con el sector privado, en una planificaci\u00f3n que permita el crecimiento sostenible, dado que hay muchos planes de inversi\u00f3n y nuevos loteos, a los que el Estado Municipal debe dar respuesta y acompa\u00f1ar con las obras indispensables, como es la provisi\u00f3n de agua. Si no se cuentan con recursos propios, la idea es permitir que el sector privado intervenga y haga las inversiones necesarias&#8221;.<\/h3>\n<p><img fetchpriority=\"high\" decoding=\"async\" class=\"wp-image-22629 aligncenter\" src=\"https:\/\/apuntesdesanluis.com\/wp-content\/uploads\/2024\/09\/loteos-en-merlo-300x168.png\" alt=\"\" width=\"627\" height=\"351\" srcset=\"https:\/\/apuntesdesanluis.com\/wp-content\/uploads\/2024\/09\/loteos-en-merlo-300x168.png 300w, https:\/\/apuntesdesanluis.com\/wp-content\/uploads\/2024\/09\/loteos-en-merlo.png 604w\" sizes=\"(max-width: 627px) 100vw, 627px\" \/><\/p>\n<h3>Consultado por <span style=\"color: #0000ff;\"><strong>Apuntes de San Luis<\/strong><\/span>, Ucelay sostuvo: \u201cTodo a lo que se refiere a la posibilidad de privatizaci\u00f3n nada tiene que ver con las responsabilidades y obligaciones que debe cumplir el consejo de Administraci\u00f3n de la Cooperativa, que por ahora tiene todas las atribuciones para continuar cumpliendo con la prestaci\u00f3n del servicio\u201d.<\/h3>\n<h3>A\u00f1adi\u00f3 que \u201cesta ordenanza no afecta a la estabilidad laboral, la garant\u00eda de trabajo es la misma de siempre, ellos (la cooperativa) son un ente privado y se auto regulan. En cuanto a las medidas de Municipalizar y o tercerizar el servicio, es sobre obras nuevas de inversi\u00f3n privada o Estatal que no depender\u00e1n de la cooperativa\u201d.<\/h3>\n<h3>\u201cEn cuanto a las medidas que enmarca la ordenanza, de otorgar car\u00e1cter de \u00f3rgano auditor al Ente Regulador o a la comisi\u00f3n de Emergencia, consideramos que es m\u00e1s que coherente la mirada del Intendente\u201d, evalu\u00f3 el dirigente sanitarista.<\/h3>\n<p><img decoding=\"async\" class=\"wp-image-22628 aligncenter\" src=\"https:\/\/apuntesdesanluis.com\/wp-content\/uploads\/2024\/09\/cooperativa-de-merlo-300x151.png\" alt=\"\" width=\"634\" height=\"319\" srcset=\"https:\/\/apuntesdesanluis.com\/wp-content\/uploads\/2024\/09\/cooperativa-de-merlo-300x151.png 300w, https:\/\/apuntesdesanluis.com\/wp-content\/uploads\/2024\/09\/cooperativa-de-merlo.png 559w\" sizes=\"(max-width: 634px) 100vw, 634px\" \/><\/p>\n<h3>Agreg\u00f3 que la postura del gremio es que \u201clos consejos de administraci\u00f3n son verdaderamente los responsables del futuro de la cooperativa y de la fuente de trabajo del personal que presta el servicio. En este caso particular de la situaci\u00f3n de la cooperativa nos preocupa, porque observamos que est\u00e1 muy devaluada desde los aspectos econ\u00f3mico y profesional\u201d.<\/h3>\n<h3>Finalmente Ucelay opin\u00f3: \u201cLos trabajadores deber\u00e1n involucrarse en este tema y no dejar que los Consejos de turno hagan lo que les parece, porque de esto tambi\u00e9n se trata. Estamos hablando de una instituci\u00f3n que tiene m\u00e1s de 50 a\u00f1os de vida, para que pueda volver a tener el prestigio que la llev\u00f3 a ser una de las mejores cooperativas de agua de la provincia\u201d.<\/h3>\n<h3>\u201cComo Sindicato estaremos del lado que nos corresponde estar, que es del lado de los compa\u00f1eros, y vamos a propiciar que se involucren, participen y tomen posici\u00f3n\u201d, concluy\u00f3.<\/h3>\n<p>&nbsp;<\/p>\n<p>&nbsp;<\/p>\n<p>&nbsp;<\/p>\n","protected":false},"excerpt":{"rendered":"<p>\u201cLa reuni\u00f3n se desarroll\u00f3 en un marco de absoluto respeto y desde\u00a0 nuestra parte ha&#8230;<\/p>\n","protected":false},"author":1,"featured_media":22626,"comment_status":"closed","ping_status":"closed","sticky":false,"template":"","format":"standard","meta":{"footnotes":""},"categories":[6],"tags":[],"class_list":["post-22624","post","type-post","status-publish","format-standard","has-post-thumbnail","hentry","category-ciudad-provincia"],"yoast_head":"<!-- This site is optimized with the Yoast SEO plugin v26.1.1 - https:\/\/yoast.com\/wordpress\/plugins\/seo\/ -->\n<title>UCELAY Y \u00c1LVAREZ PINTO DIALOGARON SOBRE EL SERVICIO DE AGUA EN MERLO - Apuntes de San Luis<\/title>\n<meta name=\"robots\" content=\"index, follow, max-snippet:-1, max-image-preview:large, max-video-preview:-1\" \/>\n<link rel=\"canonical\" href=\"https:\/\/apuntesdesanluis.com\/index.php\/2024\/09\/22\/ucelay-y-alvarez-pinto-dialogaron-sobre-el-servicio-de-agua-en-merlo\/\" \/>\n<meta property=\"og:locale\" content=\"es_ES\" \/>\n<meta property=\"og:type\" content=\"article\" \/>\n<meta property=\"og:title\" content=\"UCELAY Y \u00c1LVAREZ PINTO DIALOGARON SOBRE EL SERVICIO DE AGUA EN MERLO - Apuntes de San Luis\" \/>\n<meta property=\"og:description\" content=\"\u201cLa reuni\u00f3n se desarroll\u00f3 en un marco de absoluto respeto y desde\u00a0 nuestra parte ha...\" \/>\n<meta property=\"og:url\" content=\"https:\/\/apuntesdesanluis.com\/index.php\/2024\/09\/22\/ucelay-y-alvarez-pinto-dialogaron-sobre-el-servicio-de-agua-en-merlo\/\" \/>\n<meta property=\"og:site_name\" content=\"Apuntes de San Luis\" \/>\n<meta property=\"article:published_time\" content=\"2024-09-23T00:08:33+00:00\" \/>\n<meta property=\"article:modified_time\" content=\"2024-09-23T10:59:17+00:00\" \/>\n<meta property=\"og:image\" content=\"https:\/\/apuntesdesanluis.com\/wp-content\/uploads\/2024\/09\/alvarez-pinto-y-ucelay.png\" \/>\n\t<meta property=\"og:image:width\" content=\"588\" \/>\n\t<meta property=\"og:image:height\" content=\"332\" \/>\n\t<meta property=\"og:image:type\" content=\"image\/png\" \/>\n<meta name=\"author\" content=\"apuntesdesanluis.com\" \/>\n<meta name=\"twitter:card\" content=\"summary_large_image\" \/>\n<meta name=\"twitter:label1\" content=\"Escrito por\" \/>\n\t<meta name=\"twitter:data1\" content=\"apuntesdesanluis.com\" \/>\n\t<meta name=\"twitter:label2\" content=\"Tiempo de lectura\" \/>\n\t<meta name=\"twitter:data2\" content=\"4 minutos\" \/>\n<script type=\"application\/ld+json\" class=\"yoast-schema-graph\">{\"@context\":\"https:\/\/schema.org\",\"@graph\":[{\"@type\":\"Article\",\"@id\":\"https:\/\/apuntesdesanluis.com\/index.php\/2024\/09\/22\/ucelay-y-alvarez-pinto-dialogaron-sobre-el-servicio-de-agua-en-merlo\/#article\",\"isPartOf\":{\"@id\":\"https:\/\/apuntesdesanluis.com\/index.php\/2024\/09\/22\/ucelay-y-alvarez-pinto-dialogaron-sobre-el-servicio-de-agua-en-merlo\/\"},\"author\":{\"name\":\"apuntesdesanluis.com\",\"@id\":\"https:\/\/apuntesdesanluis.com\/#\/schema\/person\/b55151d52296fcce64d1a72538a70b90\"},\"headline\":\"UCELAY Y \u00c1LVAREZ PINTO DIALOGARON SOBRE EL SERVICIO DE AGUA EN MERLO\",\"datePublished\":\"2024-09-23T00:08:33+00:00\",\"dateModified\":\"2024-09-23T10:59:17+00:00\",\"mainEntityOfPage\":{\"@id\":\"https:\/\/apuntesdesanluis.com\/index.php\/2024\/09\/22\/ucelay-y-alvarez-pinto-dialogaron-sobre-el-servicio-de-agua-en-merlo\/\"},\"wordCount\":573,\"publisher\":{\"@id\":\"https:\/\/apuntesdesanluis.com\/#\/schema\/person\/b55151d52296fcce64d1a72538a70b90\"},\"image\":{\"@id\":\"https:\/\/apuntesdesanluis.com\/index.php\/2024\/09\/22\/ucelay-y-alvarez-pinto-dialogaron-sobre-el-servicio-de-agua-en-merlo\/#primaryimage\"},\"thumbnailUrl\":\"https:\/\/apuntesdesanluis.com\/wp-content\/uploads\/2024\/09\/alvarez-pinto-y-ucelay.png\",\"articleSection\":[\"Ciudad\/Provincia\"],\"inLanguage\":\"es-AR\"},{\"@type\":\"WebPage\",\"@id\":\"https:\/\/apuntesdesanluis.com\/index.php\/2024\/09\/22\/ucelay-y-alvarez-pinto-dialogaron-sobre-el-servicio-de-agua-en-merlo\/\",\"url\":\"https:\/\/apuntesdesanluis.com\/index.php\/2024\/09\/22\/ucelay-y-alvarez-pinto-dialogaron-sobre-el-servicio-de-agua-en-merlo\/\",\"name\":\"UCELAY Y \u00c1LVAREZ PINTO DIALOGARON SOBRE EL SERVICIO DE AGUA EN MERLO - Apuntes de San Luis\",\"isPartOf\":{\"@id\":\"https:\/\/apuntesdesanluis.com\/#website\"},\"primaryImageOfPage\":{\"@id\":\"https:\/\/apuntesdesanluis.com\/index.php\/2024\/09\/22\/ucelay-y-alvarez-pinto-dialogaron-sobre-el-servicio-de-agua-en-merlo\/#primaryimage\"},\"image\":{\"@id\":\"https:\/\/apuntesdesanluis.com\/index.php\/2024\/09\/22\/ucelay-y-alvarez-pinto-dialogaron-sobre-el-servicio-de-agua-en-merlo\/#primaryimage\"},\"thumbnailUrl\":\"https:\/\/apuntesdesanluis.com\/wp-content\/uploads\/2024\/09\/alvarez-pinto-y-ucelay.png\",\"datePublished\":\"2024-09-23T00:08:33+00:00\",\"dateModified\":\"2024-09-23T10:59:17+00:00\",\"breadcrumb\":{\"@id\":\"https:\/\/apuntesdesanluis.com\/index.php\/2024\/09\/22\/ucelay-y-alvarez-pinto-dialogaron-sobre-el-servicio-de-agua-en-merlo\/#breadcrumb\"},\"inLanguage\":\"es-AR\",\"potentialAction\":[{\"@type\":\"ReadAction\",\"target\":[\"https:\/\/apuntesdesanluis.com\/index.php\/2024\/09\/22\/ucelay-y-alvarez-pinto-dialogaron-sobre-el-servicio-de-agua-en-merlo\/\"]}]},{\"@type\":\"ImageObject\",\"inLanguage\":\"es-AR\",\"@id\":\"https:\/\/apuntesdesanluis.com\/index.php\/2024\/09\/22\/ucelay-y-alvarez-pinto-dialogaron-sobre-el-servicio-de-agua-en-merlo\/#primaryimage\",\"url\":\"https:\/\/apuntesdesanluis.com\/wp-content\/uploads\/2024\/09\/alvarez-pinto-y-ucelay.png\",\"contentUrl\":\"https:\/\/apuntesdesanluis.com\/wp-content\/uploads\/2024\/09\/alvarez-pinto-y-ucelay.png\",\"width\":588,\"height\":332},{\"@type\":\"BreadcrumbList\",\"@id\":\"https:\/\/apuntesdesanluis.com\/index.php\/2024\/09\/22\/ucelay-y-alvarez-pinto-dialogaron-sobre-el-servicio-de-agua-en-merlo\/#breadcrumb\",\"itemListElement\":[{\"@type\":\"ListItem\",\"position\":1,\"name\":\"Inicio\",\"item\":\"https:\/\/apuntesdesanluis.com\/\"},{\"@type\":\"ListItem\",\"position\":2,\"name\":\"UCELAY Y \u00c1LVAREZ PINTO DIALOGARON SOBRE EL SERVICIO DE AGUA EN MERLO\"}]},{\"@type\":\"WebSite\",\"@id\":\"https:\/\/apuntesdesanluis.com\/#website\",\"url\":\"https:\/\/apuntesdesanluis.com\/\",\"name\":\"Apuntes de San Luis\",\"description\":\"\",\"publisher\":{\"@id\":\"https:\/\/apuntesdesanluis.com\/#\/schema\/person\/b55151d52296fcce64d1a72538a70b90\"},\"potentialAction\":[{\"@type\":\"SearchAction\",\"target\":{\"@type\":\"EntryPoint\",\"urlTemplate\":\"https:\/\/apuntesdesanluis.com\/?s={search_term_string}\"},\"query-input\":{\"@type\":\"PropertyValueSpecification\",\"valueRequired\":true,\"valueName\":\"search_term_string\"}}],\"inLanguage\":\"es-AR\"},{\"@type\":[\"Person\",\"Organization\"],\"@id\":\"https:\/\/apuntesdesanluis.com\/#\/schema\/person\/b55151d52296fcce64d1a72538a70b90\",\"name\":\"apuntesdesanluis.com\",\"image\":{\"@type\":\"ImageObject\",\"inLanguage\":\"es-AR\",\"@id\":\"https:\/\/apuntesdesanluis.com\/#\/schema\/person\/image\/\",\"url\":\"https:\/\/apuntesdesanluis.com\/wp-content\/uploads\/2023\/07\/cropped-apuntesdesanluis.png\",\"contentUrl\":\"https:\/\/apuntesdesanluis.com\/wp-content\/uploads\/2023\/07\/cropped-apuntesdesanluis.png\",\"width\":450,\"height\":112,\"caption\":\"apuntesdesanluis.com\"},\"logo\":{\"@id\":\"https:\/\/apuntesdesanluis.com\/#\/schema\/person\/image\/\"},\"sameAs\":[\"https:\/\/apuntesdesanluis.com\"],\"url\":\"https:\/\/apuntesdesanluis.com\/index.php\/author\/apuntesdesanluis-com\/\"}]}<\/script>\n<!-- \/ Yoast SEO plugin. -->","yoast_head_json":{"title":"UCELAY Y \u00c1LVAREZ PINTO DIALOGARON SOBRE EL SERVICIO DE AGUA EN MERLO - Apuntes de San Luis","robots":{"index":"index","follow":"follow","max-snippet":"max-snippet:-1","max-image-preview":"max-image-preview:large","max-video-preview":"max-video-preview:-1"},"canonical":"https:\/\/apuntesdesanluis.com\/index.php\/2024\/09\/22\/ucelay-y-alvarez-pinto-dialogaron-sobre-el-servicio-de-agua-en-merlo\/","og_locale":"es_ES","og_type":"article","og_title":"UCELAY Y \u00c1LVAREZ PINTO DIALOGARON SOBRE EL SERVICIO DE AGUA EN MERLO - Apuntes de San Luis","og_description":"\u201cLa reuni\u00f3n se desarroll\u00f3 en un marco de absoluto respeto y desde\u00a0 nuestra parte ha...","og_url":"https:\/\/apuntesdesanluis.com\/index.php\/2024\/09\/22\/ucelay-y-alvarez-pinto-dialogaron-sobre-el-servicio-de-agua-en-merlo\/","og_site_name":"Apuntes de San Luis","article_published_time":"2024-09-23T00:08:33+00:00","article_modified_time":"2024-09-23T10:59:17+00:00","og_image":[{"width":588,"height":332,"url":"https:\/\/apuntesdesanluis.com\/wp-content\/uploads\/2024\/09\/alvarez-pinto-y-ucelay.png","type":"image\/png"}],"author":"apuntesdesanluis.com","twitter_card":"summary_large_image","twitter_misc":{"Escrito por":"apuntesdesanluis.com","Tiempo de lectura":"4 minutos"},"schema":{"@context":"https:\/\/schema.org","@graph":[{"@type":"Article","@id":"https:\/\/apuntesdesanluis.com\/index.php\/2024\/09\/22\/ucelay-y-alvarez-pinto-dialogaron-sobre-el-servicio-de-agua-en-merlo\/#article","isPartOf":{"@id":"https:\/\/apuntesdesanluis.com\/index.php\/2024\/09\/22\/ucelay-y-alvarez-pinto-dialogaron-sobre-el-servicio-de-agua-en-merlo\/"},"author":{"name":"apuntesdesanluis.com","@id":"https:\/\/apuntesdesanluis.com\/#\/schema\/person\/b55151d52296fcce64d1a72538a70b90"},"headline":"UCELAY Y \u00c1LVAREZ PINTO DIALOGARON SOBRE EL SERVICIO DE AGUA EN MERLO","datePublished":"2024-09-23T00:08:33+00:00","dateModified":"2024-09-23T10:59:17+00:00","mainEntityOfPage":{"@id":"https:\/\/apuntesdesanluis.com\/index.php\/2024\/09\/22\/ucelay-y-alvarez-pinto-dialogaron-sobre-el-servicio-de-agua-en-merlo\/"},"wordCount":573,"publisher":{"@id":"https:\/\/apuntesdesanluis.com\/#\/schema\/person\/b55151d52296fcce64d1a72538a70b90"},"image":{"@id":"https:\/\/apuntesdesanluis.com\/index.php\/2024\/09\/22\/ucelay-y-alvarez-pinto-dialogaron-sobre-el-servicio-de-agua-en-merlo\/#primaryimage"},"thumbnailUrl":"https:\/\/apuntesdesanluis.com\/wp-content\/uploads\/2024\/09\/alvarez-pinto-y-ucelay.png","articleSection":["Ciudad\/Provincia"],"inLanguage":"es-AR"},{"@type":"WebPage","@id":"https:\/\/apuntesdesanluis.com\/index.php\/2024\/09\/22\/ucelay-y-alvarez-pinto-dialogaron-sobre-el-servicio-de-agua-en-merlo\/","url":"https:\/\/apuntesdesanluis.com\/index.php\/2024\/09\/22\/ucelay-y-alvarez-pinto-dialogaron-sobre-el-servicio-de-agua-en-merlo\/","name":"UCELAY Y \u00c1LVAREZ PINTO DIALOGARON SOBRE EL SERVICIO DE AGUA EN MERLO - Apuntes de San Luis","isPartOf":{"@id":"https:\/\/apuntesdesanluis.com\/#website"},"primaryImageOfPage":{"@id":"https:\/\/apuntesdesanluis.com\/index.php\/2024\/09\/22\/ucelay-y-alvarez-pinto-dialogaron-sobre-el-servicio-de-agua-en-merlo\/#primaryimage"},"image":{"@id":"https:\/\/apuntesdesanluis.com\/index.php\/2024\/09\/22\/ucelay-y-alvarez-pinto-dialogaron-sobre-el-servicio-de-agua-en-merlo\/#primaryimage"},"thumbnailUrl":"https:\/\/apuntesdesanluis.com\/wp-content\/uploads\/2024\/09\/alvarez-pinto-y-ucelay.png","datePublished":"2024-09-23T00:08:33+00:00","dateModified":"2024-09-23T10:59:17+00:00","breadcrumb":{"@id":"https:\/\/apuntesdesanluis.com\/index.php\/2024\/09\/22\/ucelay-y-alvarez-pinto-dialogaron-sobre-el-servicio-de-agua-en-merlo\/#breadcrumb"},"inLanguage":"es-AR","potentialAction":[{"@type":"ReadAction","target":["https:\/\/apuntesdesanluis.com\/index.php\/2024\/09\/22\/ucelay-y-alvarez-pinto-dialogaron-sobre-el-servicio-de-agua-en-merlo\/"]}]},{"@type":"ImageObject","inLanguage":"es-AR","@id":"https:\/\/apuntesdesanluis.com\/index.php\/2024\/09\/22\/ucelay-y-alvarez-pinto-dialogaron-sobre-el-servicio-de-agua-en-merlo\/#primaryimage","url":"https:\/\/apuntesdesanluis.com\/wp-content\/uploads\/2024\/09\/alvarez-pinto-y-ucelay.png","contentUrl":"https:\/\/apuntesdesanluis.com\/wp-content\/uploads\/2024\/09\/alvarez-pinto-y-ucelay.png","width":588,"height":332},{"@type":"BreadcrumbList","@id":"https:\/\/apuntesdesanluis.com\/index.php\/2024\/09\/22\/ucelay-y-alvarez-pinto-dialogaron-sobre-el-servicio-de-agua-en-merlo\/#breadcrumb","itemListElement":[{"@type":"ListItem","position":1,"name":"Inicio","item":"https:\/\/apuntesdesanluis.com\/"},{"@type":"ListItem","position":2,"name":"UCELAY Y \u00c1LVAREZ PINTO DIALOGARON SOBRE EL SERVICIO DE AGUA EN MERLO"}]},{"@type":"WebSite","@id":"https:\/\/apuntesdesanluis.com\/#website","url":"https:\/\/apuntesdesanluis.com\/","name":"Apuntes de San Luis","description":"","publisher":{"@id":"https:\/\/apuntesdesanluis.com\/#\/schema\/person\/b55151d52296fcce64d1a72538a70b90"},"potentialAction":[{"@type":"SearchAction","target":{"@type":"EntryPoint","urlTemplate":"https:\/\/apuntesdesanluis.com\/?s={search_term_string}"},"query-input":{"@type":"PropertyValueSpecification","valueRequired":true,"valueName":"search_term_string"}}],"inLanguage":"es-AR"},{"@type":["Person","Organization"],"@id":"https:\/\/apuntesdesanluis.com\/#\/schema\/person\/b55151d52296fcce64d1a72538a70b90","name":"apuntesdesanluis.com","image":{"@type":"ImageObject","inLanguage":"es-AR","@id":"https:\/\/apuntesdesanluis.com\/#\/schema\/person\/image\/","url":"https:\/\/apuntesdesanluis.com\/wp-content\/uploads\/2023\/07\/cropped-apuntesdesanluis.png","contentUrl":"https:\/\/apuntesdesanluis.com\/wp-content\/uploads\/2023\/07\/cropped-apuntesdesanluis.png","width":450,"height":112,"caption":"apuntesdesanluis.com"},"logo":{"@id":"https:\/\/apuntesdesanluis.com\/#\/schema\/person\/image\/"},"sameAs":["https:\/\/apuntesdesanluis.com"],"url":"https:\/\/apuntesdesanluis.com\/index.php\/author\/apuntesdesanluis-com\/"}]}},"featured_image_urls":{"full":["https:\/\/apuntesdesanluis.com\/wp-content\/uploads\/2024\/09\/alvarez-pinto-y-ucelay.png",588,332,false],"thumbnail":["https:\/\/apuntesdesanluis.com\/wp-content\/uploads\/2024\/09\/alvarez-pinto-y-ucelay-150x150.png",150,150,true],"medium":["https:\/\/apuntesdesanluis.com\/wp-content\/uploads\/2024\/09\/alvarez-pinto-y-ucelay-300x169.png",300,169,true],"medium_large":["https:\/\/apuntesdesanluis.com\/wp-content\/uploads\/2024\/09\/alvarez-pinto-y-ucelay.png",588,332,false],"large":["https:\/\/apuntesdesanluis.com\/wp-content\/uploads\/2024\/09\/alvarez-pinto-y-ucelay.png",588,332,false],"1536x1536":["https:\/\/apuntesdesanluis.com\/wp-content\/uploads\/2024\/09\/alvarez-pinto-y-ucelay.png",588,332,false],"2048x2048":["https:\/\/apuntesdesanluis.com\/wp-content\/uploads\/2024\/09\/alvarez-pinto-y-ucelay.png",588,332,false],"newsever-slider-full":["https:\/\/apuntesdesanluis.com\/wp-content\/uploads\/2024\/09\/alvarez-pinto-y-ucelay.png",588,332,false],"newsever-featured":["https:\/\/apuntesdesanluis.com\/wp-content\/uploads\/2024\/09\/alvarez-pinto-y-ucelay.png",588,332,false],"newsever-medium":["https:\/\/apuntesdesanluis.com\/wp-content\/uploads\/2024\/09\/alvarez-pinto-y-ucelay.png",588,332,false]},"author_info":{"display_name":"apuntesdesanluis.com","author_link":"https:\/\/apuntesdesanluis.com\/index.php\/author\/apuntesdesanluis-com\/"},"category_info":"<a href=\"https:\/\/apuntesdesanluis.com\/index.php\/category\/ciudad-provincia\/\" rel=\"category tag\">Ciudad\/Provincia<\/a>","tag_info":"Ciudad\/Provincia","comment_count":"0","_links":{"self":[{"href":"https:\/\/apuntesdesanluis.com\/index.php\/wp-json\/wp\/v2\/posts\/22624","targetHints":{"allow":["GET"]}}],"collection":[{"href":"https:\/\/apuntesdesanluis.com\/index.php\/wp-json\/wp\/v2\/posts"}],"about":[{"href":"https:\/\/apuntesdesanluis.com\/index.php\/wp-json\/wp\/v2\/types\/post"}],"author":[{"embeddable":true,"href":"https:\/\/apuntesdesanluis.com\/index.php\/wp-json\/wp\/v2\/users\/1"}],"replies":[{"embeddable":true,"href":"https:\/\/apuntesdesanluis.com\/index.php\/wp-json\/wp\/v2\/comments?post=22624"}],"version-history":[{"count":5,"href":"https:\/\/apuntesdesanluis.com\/index.php\/wp-json\/wp\/v2\/posts\/22624\/revisions"}],"predecessor-version":[{"id":22632,"href":"https:\/\/apuntesdesanluis.com\/index.php\/wp-json\/wp\/v2\/posts\/22624\/revisions\/22632"}],"wp:featuredmedia":[{"embeddable":true,"href":"https:\/\/apuntesdesanluis.com\/index.php\/wp-json\/wp\/v2\/media\/22626"}],"wp:attachment":[{"href":"https:\/\/apuntesdesanluis.com\/index.php\/wp-json\/wp\/v2\/media?parent=22624"}],"wp:term":[{"taxonomy":"category","embeddable":true,"href":"https:\/\/apuntesdesanluis.com\/index.php\/wp-json\/wp\/v2\/categories?post=22624"},{"taxonomy":"post_tag","embeddable":true,"href":"https:\/\/apuntesdesanluis.com\/index.php\/wp-json\/wp\/v2\/tags?post=22624"}],"curies":[{"name":"wp","href":"https:\/\/api.w.org\/{rel}","templated":true}]}}