{"id":2263,"date":"2023-08-28T23:53:25","date_gmt":"2023-08-29T02:53:25","guid":{"rendered":"https:\/\/apuntesdesanluis.com\/?p=2263"},"modified":"2023-08-28T23:54:25","modified_gmt":"2023-08-29T02:54:25","slug":"schiaretti-contrajo-covid-19-y-suspendio-sus-actividades-presenciales","status":"publish","type":"post","link":"https:\/\/apuntesdesanluis.com\/index.php\/2023\/08\/28\/schiaretti-contrajo-covid-19-y-suspendio-sus-actividades-presenciales\/","title":{"rendered":"SCHIARETTI CONTRAJO COVID-19 Y SUSPENDI\u00d3 SUS ACTIVIDADES PRESENCIALES"},"content":{"rendered":"<h3 class=\"yiv7409174924ydp6329976emsonormal\" style=\"text-align: justify; background: white;\"><span style=\"font-family: 'Arial','sans-serif'; color: #1d2228;\">El gobernador de C\u00f3rdoba y candidato presidencial de Hacemos por Nuestro Pa\u00eds, <strong>Juan Schiaretti<\/strong>, dio positivo por Covid-19 y debi\u00f3 suspender sus actividades presenciales de los pr\u00f3ximos d\u00edas.<\/span><\/h3>\n<h3 class=\"yiv7409174924ydp6329976emsonormal\" style=\"text-align: justify; background: white;\"><span style=\"font-family: 'Arial','sans-serif'; color: #1d2228;\">&#8220;Informamos que el gobernador @JSchiaretti durante esta semana suspender\u00e1 las actividades presenciales, debido a un cuadro de Covid-19, diagnosticado esta tarde. El gobernador se encuentra en buen estado de salud&#8221;, inform\u00f3 la cuenta de Twitter del gobierno de C\u00f3rdoba.<\/span><\/h3>\n<h3 class=\"yiv7409174924ydp6329976emsonormal\" style=\"text-align: justify; background: white;\"><span style=\"font-family: 'Arial','sans-serif'; color: #1d2228;\">Schiaretti obtuvo en las PASO el 3,83 por ciento de los votos, de acuerdo al escrutinio provisorio, y en las elecciones generales del 22 de octubre encabezar\u00e1 una de las cinco formulas presidenciales que competir\u00e1n en esa instancia.<\/span><\/h3>\n<h3 class=\"yiv7409174924ydp6329976emsonormal\" style=\"text-align: justify; background: white;\"><span style=\"font-family: 'Arial','sans-serif'; color: #1d2228;\">Por otra parte, en las \u00faltimas horas se conoci\u00f3 otro caso de un Covid-19 positivo en el \u00e1mbito pol\u00edtico, que fue el del candidato a intendente de la ciudad mendocina de San Rafael Omar F\u00e9lix, a menos de una semana de que se realicen los comicios.<\/span><\/h3>\n","protected":false},"excerpt":{"rendered":"<p>El gobernador de C\u00f3rdoba y candidato presidencial de Hacemos por Nuestro Pa\u00eds, Juan Schiaretti, dio&#8230;<\/p>\n","protected":false},"author":1,"featured_media":2264,"comment_status":"closed","ping_status":"closed","sticky":false,"template":"","format":"standard","meta":{"footnotes":""},"categories":[5],"tags":[],"class_list":["post-2263","post","type-post","status-publish","format-standard","has-post-thumbnail","hentry","category-nacionales-internacionales"],"yoast_head":"<!-- This site is optimized with the Yoast SEO plugin v26.1.1 - https:\/\/yoast.com\/wordpress\/plugins\/seo\/ -->\n<title>SCHIARETTI CONTRAJO COVID-19 Y SUSPENDI\u00d3 SUS ACTIVIDADES PRESENCIALES - Apuntes de San Luis<\/title>\n<meta name=\"robots\" content=\"index, follow, max-snippet:-1, max-image-preview:large, max-video-preview:-1\" \/>\n<link rel=\"canonical\" href=\"https:\/\/apuntesdesanluis.com\/index.php\/2023\/08\/28\/schiaretti-contrajo-covid-19-y-suspendio-sus-actividades-presenciales\/\" \/>\n<meta property=\"og:locale\" content=\"es_ES\" \/>\n<meta property=\"og:type\" content=\"article\" \/>\n<meta property=\"og:title\" content=\"SCHIARETTI CONTRAJO COVID-19 Y SUSPENDI\u00d3 SUS ACTIVIDADES PRESENCIALES - Apuntes de San Luis\" \/>\n<meta property=\"og:description\" content=\"El gobernador de C\u00f3rdoba y candidato presidencial de Hacemos por Nuestro Pa\u00eds, Juan Schiaretti, dio...\" \/>\n<meta property=\"og:url\" content=\"https:\/\/apuntesdesanluis.com\/index.php\/2023\/08\/28\/schiaretti-contrajo-covid-19-y-suspendio-sus-actividades-presenciales\/\" \/>\n<meta property=\"og:site_name\" content=\"Apuntes de San Luis\" \/>\n<meta property=\"article:published_time\" content=\"2023-08-29T02:53:25+00:00\" \/>\n<meta property=\"article:modified_time\" content=\"2023-08-29T02:54:25+00:00\" \/>\n<meta property=\"og:image\" content=\"https:\/\/apuntesdesanluis.com\/wp-content\/uploads\/2023\/08\/schiaretti.png\" \/>\n\t<meta property=\"og:image:width\" content=\"726\" \/>\n\t<meta property=\"og:image:height\" content=\"465\" \/>\n\t<meta property=\"og:image:type\" content=\"image\/png\" \/>\n<meta name=\"author\" content=\"apuntesdesanluis.com\" \/>\n<meta name=\"twitter:card\" content=\"summary_large_image\" \/>\n<meta name=\"twitter:label1\" content=\"Escrito por\" \/>\n\t<meta name=\"twitter:data1\" content=\"apuntesdesanluis.com\" \/>\n\t<meta name=\"twitter:label2\" content=\"Tiempo de lectura\" \/>\n\t<meta name=\"twitter:data2\" content=\"1 minuto\" \/>\n<script type=\"application\/ld+json\" class=\"yoast-schema-graph\">{\"@context\":\"https:\/\/schema.org\",\"@graph\":[{\"@type\":\"Article\",\"@id\":\"https:\/\/apuntesdesanluis.com\/index.php\/2023\/08\/28\/schiaretti-contrajo-covid-19-y-suspendio-sus-actividades-presenciales\/#article\",\"isPartOf\":{\"@id\":\"https:\/\/apuntesdesanluis.com\/index.php\/2023\/08\/28\/schiaretti-contrajo-covid-19-y-suspendio-sus-actividades-presenciales\/\"},\"author\":{\"name\":\"apuntesdesanluis.com\",\"@id\":\"https:\/\/apuntesdesanluis.com\/#\/schema\/person\/b55151d52296fcce64d1a72538a70b90\"},\"headline\":\"SCHIARETTI CONTRAJO COVID-19 Y SUSPENDI\u00d3 SUS ACTIVIDADES PRESENCIALES\",\"datePublished\":\"2023-08-29T02:53:25+00:00\",\"dateModified\":\"2023-08-29T02:54:25+00:00\",\"mainEntityOfPage\":{\"@id\":\"https:\/\/apuntesdesanluis.com\/index.php\/2023\/08\/28\/schiaretti-contrajo-covid-19-y-suspendio-sus-actividades-presenciales\/\"},\"wordCount\":165,\"publisher\":{\"@id\":\"https:\/\/apuntesdesanluis.com\/#\/schema\/person\/b55151d52296fcce64d1a72538a70b90\"},\"image\":{\"@id\":\"https:\/\/apuntesdesanluis.com\/index.php\/2023\/08\/28\/schiaretti-contrajo-covid-19-y-suspendio-sus-actividades-presenciales\/#primaryimage\"},\"thumbnailUrl\":\"https:\/\/apuntesdesanluis.com\/wp-content\/uploads\/2023\/08\/schiaretti.png\",\"articleSection\":[\"Nacionales\/Internacionales\"],\"inLanguage\":\"es-AR\"},{\"@type\":\"WebPage\",\"@id\":\"https:\/\/apuntesdesanluis.com\/index.php\/2023\/08\/28\/schiaretti-contrajo-covid-19-y-suspendio-sus-actividades-presenciales\/\",\"url\":\"https:\/\/apuntesdesanluis.com\/index.php\/2023\/08\/28\/schiaretti-contrajo-covid-19-y-suspendio-sus-actividades-presenciales\/\",\"name\":\"SCHIARETTI CONTRAJO COVID-19 Y SUSPENDI\u00d3 SUS ACTIVIDADES PRESENCIALES - Apuntes de San Luis\",\"isPartOf\":{\"@id\":\"https:\/\/apuntesdesanluis.com\/#website\"},\"primaryImageOfPage\":{\"@id\":\"https:\/\/apuntesdesanluis.com\/index.php\/2023\/08\/28\/schiaretti-contrajo-covid-19-y-suspendio-sus-actividades-presenciales\/#primaryimage\"},\"image\":{\"@id\":\"https:\/\/apuntesdesanluis.com\/index.php\/2023\/08\/28\/schiaretti-contrajo-covid-19-y-suspendio-sus-actividades-presenciales\/#primaryimage\"},\"thumbnailUrl\":\"https:\/\/apuntesdesanluis.com\/wp-content\/uploads\/2023\/08\/schiaretti.png\",\"datePublished\":\"2023-08-29T02:53:25+00:00\",\"dateModified\":\"2023-08-29T02:54:25+00:00\",\"breadcrumb\":{\"@id\":\"https:\/\/apuntesdesanluis.com\/index.php\/2023\/08\/28\/schiaretti-contrajo-covid-19-y-suspendio-sus-actividades-presenciales\/#breadcrumb\"},\"inLanguage\":\"es-AR\",\"potentialAction\":[{\"@type\":\"ReadAction\",\"target\":[\"https:\/\/apuntesdesanluis.com\/index.php\/2023\/08\/28\/schiaretti-contrajo-covid-19-y-suspendio-sus-actividades-presenciales\/\"]}]},{\"@type\":\"ImageObject\",\"inLanguage\":\"es-AR\",\"@id\":\"https:\/\/apuntesdesanluis.com\/index.php\/2023\/08\/28\/schiaretti-contrajo-covid-19-y-suspendio-sus-actividades-presenciales\/#primaryimage\",\"url\":\"https:\/\/apuntesdesanluis.com\/wp-content\/uploads\/2023\/08\/schiaretti.png\",\"contentUrl\":\"https:\/\/apuntesdesanluis.com\/wp-content\/uploads\/2023\/08\/schiaretti.png\",\"width\":726,\"height\":465},{\"@type\":\"BreadcrumbList\",\"@id\":\"https:\/\/apuntesdesanluis.com\/index.php\/2023\/08\/28\/schiaretti-contrajo-covid-19-y-suspendio-sus-actividades-presenciales\/#breadcrumb\",\"itemListElement\":[{\"@type\":\"ListItem\",\"position\":1,\"name\":\"Inicio\",\"item\":\"https:\/\/apuntesdesanluis.com\/\"},{\"@type\":\"ListItem\",\"position\":2,\"name\":\"SCHIARETTI CONTRAJO COVID-19 Y SUSPENDI\u00d3 SUS ACTIVIDADES PRESENCIALES\"}]},{\"@type\":\"WebSite\",\"@id\":\"https:\/\/apuntesdesanluis.com\/#website\",\"url\":\"https:\/\/apuntesdesanluis.com\/\",\"name\":\"Apuntes de San Luis\",\"description\":\"\",\"publisher\":{\"@id\":\"https:\/\/apuntesdesanluis.com\/#\/schema\/person\/b55151d52296fcce64d1a72538a70b90\"},\"potentialAction\":[{\"@type\":\"SearchAction\",\"target\":{\"@type\":\"EntryPoint\",\"urlTemplate\":\"https:\/\/apuntesdesanluis.com\/?s={search_term_string}\"},\"query-input\":{\"@type\":\"PropertyValueSpecification\",\"valueRequired\":true,\"valueName\":\"search_term_string\"}}],\"inLanguage\":\"es-AR\"},{\"@type\":[\"Person\",\"Organization\"],\"@id\":\"https:\/\/apuntesdesanluis.com\/#\/schema\/person\/b55151d52296fcce64d1a72538a70b90\",\"name\":\"apuntesdesanluis.com\",\"image\":{\"@type\":\"ImageObject\",\"inLanguage\":\"es-AR\",\"@id\":\"https:\/\/apuntesdesanluis.com\/#\/schema\/person\/image\/\",\"url\":\"https:\/\/apuntesdesanluis.com\/wp-content\/uploads\/2023\/07\/cropped-apuntesdesanluis.png\",\"contentUrl\":\"https:\/\/apuntesdesanluis.com\/wp-content\/uploads\/2023\/07\/cropped-apuntesdesanluis.png\",\"width\":450,\"height\":112,\"caption\":\"apuntesdesanluis.com\"},\"logo\":{\"@id\":\"https:\/\/apuntesdesanluis.com\/#\/schema\/person\/image\/\"},\"sameAs\":[\"https:\/\/apuntesdesanluis.com\"],\"url\":\"https:\/\/apuntesdesanluis.com\/index.php\/author\/apuntesdesanluis-com\/\"}]}<\/script>\n<!-- \/ Yoast SEO plugin. -->","yoast_head_json":{"title":"SCHIARETTI CONTRAJO COVID-19 Y SUSPENDI\u00d3 SUS ACTIVIDADES PRESENCIALES - Apuntes de San Luis","robots":{"index":"index","follow":"follow","max-snippet":"max-snippet:-1","max-image-preview":"max-image-preview:large","max-video-preview":"max-video-preview:-1"},"canonical":"https:\/\/apuntesdesanluis.com\/index.php\/2023\/08\/28\/schiaretti-contrajo-covid-19-y-suspendio-sus-actividades-presenciales\/","og_locale":"es_ES","og_type":"article","og_title":"SCHIARETTI CONTRAJO COVID-19 Y SUSPENDI\u00d3 SUS ACTIVIDADES PRESENCIALES - Apuntes de San Luis","og_description":"El gobernador de C\u00f3rdoba y candidato presidencial de Hacemos por Nuestro Pa\u00eds, Juan Schiaretti, dio...","og_url":"https:\/\/apuntesdesanluis.com\/index.php\/2023\/08\/28\/schiaretti-contrajo-covid-19-y-suspendio-sus-actividades-presenciales\/","og_site_name":"Apuntes de San Luis","article_published_time":"2023-08-29T02:53:25+00:00","article_modified_time":"2023-08-29T02:54:25+00:00","og_image":[{"width":726,"height":465,"url":"https:\/\/apuntesdesanluis.com\/wp-content\/uploads\/2023\/08\/schiaretti.png","type":"image\/png"}],"author":"apuntesdesanluis.com","twitter_card":"summary_large_image","twitter_misc":{"Escrito por":"apuntesdesanluis.com","Tiempo de lectura":"1 minuto"},"schema":{"@context":"https:\/\/schema.org","@graph":[{"@type":"Article","@id":"https:\/\/apuntesdesanluis.com\/index.php\/2023\/08\/28\/schiaretti-contrajo-covid-19-y-suspendio-sus-actividades-presenciales\/#article","isPartOf":{"@id":"https:\/\/apuntesdesanluis.com\/index.php\/2023\/08\/28\/schiaretti-contrajo-covid-19-y-suspendio-sus-actividades-presenciales\/"},"author":{"name":"apuntesdesanluis.com","@id":"https:\/\/apuntesdesanluis.com\/#\/schema\/person\/b55151d52296fcce64d1a72538a70b90"},"headline":"SCHIARETTI CONTRAJO COVID-19 Y SUSPENDI\u00d3 SUS ACTIVIDADES PRESENCIALES","datePublished":"2023-08-29T02:53:25+00:00","dateModified":"2023-08-29T02:54:25+00:00","mainEntityOfPage":{"@id":"https:\/\/apuntesdesanluis.com\/index.php\/2023\/08\/28\/schiaretti-contrajo-covid-19-y-suspendio-sus-actividades-presenciales\/"},"wordCount":165,"publisher":{"@id":"https:\/\/apuntesdesanluis.com\/#\/schema\/person\/b55151d52296fcce64d1a72538a70b90"},"image":{"@id":"https:\/\/apuntesdesanluis.com\/index.php\/2023\/08\/28\/schiaretti-contrajo-covid-19-y-suspendio-sus-actividades-presenciales\/#primaryimage"},"thumbnailUrl":"https:\/\/apuntesdesanluis.com\/wp-content\/uploads\/2023\/08\/schiaretti.png","articleSection":["Nacionales\/Internacionales"],"inLanguage":"es-AR"},{"@type":"WebPage","@id":"https:\/\/apuntesdesanluis.com\/index.php\/2023\/08\/28\/schiaretti-contrajo-covid-19-y-suspendio-sus-actividades-presenciales\/","url":"https:\/\/apuntesdesanluis.com\/index.php\/2023\/08\/28\/schiaretti-contrajo-covid-19-y-suspendio-sus-actividades-presenciales\/","name":"SCHIARETTI CONTRAJO COVID-19 Y SUSPENDI\u00d3 SUS ACTIVIDADES PRESENCIALES - Apuntes de San Luis","isPartOf":{"@id":"https:\/\/apuntesdesanluis.com\/#website"},"primaryImageOfPage":{"@id":"https:\/\/apuntesdesanluis.com\/index.php\/2023\/08\/28\/schiaretti-contrajo-covid-19-y-suspendio-sus-actividades-presenciales\/#primaryimage"},"image":{"@id":"https:\/\/apuntesdesanluis.com\/index.php\/2023\/08\/28\/schiaretti-contrajo-covid-19-y-suspendio-sus-actividades-presenciales\/#primaryimage"},"thumbnailUrl":"https:\/\/apuntesdesanluis.com\/wp-content\/uploads\/2023\/08\/schiaretti.png","datePublished":"2023-08-29T02:53:25+00:00","dateModified":"2023-08-29T02:54:25+00:00","breadcrumb":{"@id":"https:\/\/apuntesdesanluis.com\/index.php\/2023\/08\/28\/schiaretti-contrajo-covid-19-y-suspendio-sus-actividades-presenciales\/#breadcrumb"},"inLanguage":"es-AR","potentialAction":[{"@type":"ReadAction","target":["https:\/\/apuntesdesanluis.com\/index.php\/2023\/08\/28\/schiaretti-contrajo-covid-19-y-suspendio-sus-actividades-presenciales\/"]}]},{"@type":"ImageObject","inLanguage":"es-AR","@id":"https:\/\/apuntesdesanluis.com\/index.php\/2023\/08\/28\/schiaretti-contrajo-covid-19-y-suspendio-sus-actividades-presenciales\/#primaryimage","url":"https:\/\/apuntesdesanluis.com\/wp-content\/uploads\/2023\/08\/schiaretti.png","contentUrl":"https:\/\/apuntesdesanluis.com\/wp-content\/uploads\/2023\/08\/schiaretti.png","width":726,"height":465},{"@type":"BreadcrumbList","@id":"https:\/\/apuntesdesanluis.com\/index.php\/2023\/08\/28\/schiaretti-contrajo-covid-19-y-suspendio-sus-actividades-presenciales\/#breadcrumb","itemListElement":[{"@type":"ListItem","position":1,"name":"Inicio","item":"https:\/\/apuntesdesanluis.com\/"},{"@type":"ListItem","position":2,"name":"SCHIARETTI CONTRAJO COVID-19 Y SUSPENDI\u00d3 SUS ACTIVIDADES PRESENCIALES"}]},{"@type":"WebSite","@id":"https:\/\/apuntesdesanluis.com\/#website","url":"https:\/\/apuntesdesanluis.com\/","name":"Apuntes de San Luis","description":"","publisher":{"@id":"https:\/\/apuntesdesanluis.com\/#\/schema\/person\/b55151d52296fcce64d1a72538a70b90"},"potentialAction":[{"@type":"SearchAction","target":{"@type":"EntryPoint","urlTemplate":"https:\/\/apuntesdesanluis.com\/?s={search_term_string}"},"query-input":{"@type":"PropertyValueSpecification","valueRequired":true,"valueName":"search_term_string"}}],"inLanguage":"es-AR"},{"@type":["Person","Organization"],"@id":"https:\/\/apuntesdesanluis.com\/#\/schema\/person\/b55151d52296fcce64d1a72538a70b90","name":"apuntesdesanluis.com","image":{"@type":"ImageObject","inLanguage":"es-AR","@id":"https:\/\/apuntesdesanluis.com\/#\/schema\/person\/image\/","url":"https:\/\/apuntesdesanluis.com\/wp-content\/uploads\/2023\/07\/cropped-apuntesdesanluis.png","contentUrl":"https:\/\/apuntesdesanluis.com\/wp-content\/uploads\/2023\/07\/cropped-apuntesdesanluis.png","width":450,"height":112,"caption":"apuntesdesanluis.com"},"logo":{"@id":"https:\/\/apuntesdesanluis.com\/#\/schema\/person\/image\/"},"sameAs":["https:\/\/apuntesdesanluis.com"],"url":"https:\/\/apuntesdesanluis.com\/index.php\/author\/apuntesdesanluis-com\/"}]}},"featured_image_urls":{"full":["https:\/\/apuntesdesanluis.com\/wp-content\/uploads\/2023\/08\/schiaretti.png",726,465,false],"thumbnail":["https:\/\/apuntesdesanluis.com\/wp-content\/uploads\/2023\/08\/schiaretti-150x150.png",150,150,true],"medium":["https:\/\/apuntesdesanluis.com\/wp-content\/uploads\/2023\/08\/schiaretti-300x192.png",300,192,true],"medium_large":["https:\/\/apuntesdesanluis.com\/wp-content\/uploads\/2023\/08\/schiaretti.png",640,410,false],"large":["https:\/\/apuntesdesanluis.com\/wp-content\/uploads\/2023\/08\/schiaretti.png",640,410,false],"1536x1536":["https:\/\/apuntesdesanluis.com\/wp-content\/uploads\/2023\/08\/schiaretti.png",726,465,false],"2048x2048":["https:\/\/apuntesdesanluis.com\/wp-content\/uploads\/2023\/08\/schiaretti.png",726,465,false],"newsever-slider-full":["https:\/\/apuntesdesanluis.com\/wp-content\/uploads\/2023\/08\/schiaretti.png",726,465,false],"newsever-featured":["https:\/\/apuntesdesanluis.com\/wp-content\/uploads\/2023\/08\/schiaretti.png",726,465,false],"newsever-medium":["https:\/\/apuntesdesanluis.com\/wp-content\/uploads\/2023\/08\/schiaretti-720x465.png",720,465,true]},"author_info":{"display_name":"apuntesdesanluis.com","author_link":"https:\/\/apuntesdesanluis.com\/index.php\/author\/apuntesdesanluis-com\/"},"category_info":"<a href=\"https:\/\/apuntesdesanluis.com\/index.php\/category\/nacionales-internacionales\/\" rel=\"category tag\">Nacionales\/Internacionales<\/a>","tag_info":"Nacionales\/Internacionales","comment_count":"0","_links":{"self":[{"href":"https:\/\/apuntesdesanluis.com\/index.php\/wp-json\/wp\/v2\/posts\/2263","targetHints":{"allow":["GET"]}}],"collection":[{"href":"https:\/\/apuntesdesanluis.com\/index.php\/wp-json\/wp\/v2\/posts"}],"about":[{"href":"https:\/\/apuntesdesanluis.com\/index.php\/wp-json\/wp\/v2\/types\/post"}],"author":[{"embeddable":true,"href":"https:\/\/apuntesdesanluis.com\/index.php\/wp-json\/wp\/v2\/users\/1"}],"replies":[{"embeddable":true,"href":"https:\/\/apuntesdesanluis.com\/index.php\/wp-json\/wp\/v2\/comments?post=2263"}],"version-history":[{"count":3,"href":"https:\/\/apuntesdesanluis.com\/index.php\/wp-json\/wp\/v2\/posts\/2263\/revisions"}],"predecessor-version":[{"id":2267,"href":"https:\/\/apuntesdesanluis.com\/index.php\/wp-json\/wp\/v2\/posts\/2263\/revisions\/2267"}],"wp:featuredmedia":[{"embeddable":true,"href":"https:\/\/apuntesdesanluis.com\/index.php\/wp-json\/wp\/v2\/media\/2264"}],"wp:attachment":[{"href":"https:\/\/apuntesdesanluis.com\/index.php\/wp-json\/wp\/v2\/media?parent=2263"}],"wp:term":[{"taxonomy":"category","embeddable":true,"href":"https:\/\/apuntesdesanluis.com\/index.php\/wp-json\/wp\/v2\/categories?post=2263"},{"taxonomy":"post_tag","embeddable":true,"href":"https:\/\/apuntesdesanluis.com\/index.php\/wp-json\/wp\/v2\/tags?post=2263"}],"curies":[{"name":"wp","href":"https:\/\/api.w.org\/{rel}","templated":true}]}}