{"id":22641,"date":"2024-09-21T21:13:55","date_gmt":"2024-09-22T00:13:55","guid":{"rendered":"https:\/\/apuntesdesanluis.com\/?p=22641"},"modified":"2024-09-21T21:13:55","modified_gmt":"2024-09-22T00:13:55","slug":"decretan-dos-dias-de-duelo-provincial-por-el-fallecimiento-del-oficial-de-policia","status":"publish","type":"post","link":"https:\/\/apuntesdesanluis.com\/index.php\/2024\/09\/21\/decretan-dos-dias-de-duelo-provincial-por-el-fallecimiento-del-oficial-de-policia\/","title":{"rendered":"DECRETAN DOS D\u00cdAS DE DUELO PROVINCIAL POR EL FALLECIMIENTO DEL OFICIAL DE POLIC\u00cdA"},"content":{"rendered":"<h3>El gobernador <strong>Claudio Poggi<\/strong> estableci\u00f3 la medida en homenaje al Oficial Principal, <strong>Renato Fuentes<\/strong>. \u201cEs deber del Estado y de la comunidad en su conjunto, rendir un sentido homenaje y reconocimiento a quien, con su accionar valiente y heroica ofrenda, entreg\u00f3 su vida en defensa de los derechos y garant\u00edas de los ciudadanos puntanos\u201d, indica el documento.<\/h3>\n<h3>El efectivo se desempe\u00f1aba en la UROP VI de la localidad de Cortaderas, Subcomisar\u00eda 22 y fue asesinado el 20 de septiembre, \u201csuceso que enluta a toda la fuerza policial y a la sociedad\u201d, dice el escrito.<\/h3>\n<h3>La actividad de la administraci\u00f3n p\u00fablica se desarrollar\u00e1 normalmente con la bandera a media asta y todo lo que implique la simbolog\u00eda del duelo.<\/h3>\n<h3>El decreto adem\u00e1s destaca \u201csus cualidades humanas, responsabilidad, compromiso y vocaci\u00f3n de servicio\u201d y dispone que las banderas Nacional y de la Provincia de San Luis permanezcan izadas a media asta en las dependencias p\u00fablicas provinciales.<\/h3>\n<p>&nbsp;<\/p>\n<p>&nbsp;<\/p>\n<p>&nbsp;<\/p>\n<p>&nbsp;<\/p>\n<p>&nbsp;<\/p>\n<p>&nbsp;<\/p>\n<h3><\/h3>\n<h4><\/h4>\n<h4><\/h4>\n","protected":false},"excerpt":{"rendered":"<p>El gobernador Claudio Poggi estableci\u00f3 la medida en homenaje al Oficial Principal, Renato Fuentes. \u201cEs&#8230;<\/p>\n","protected":false},"author":1,"featured_media":22642,"comment_status":"closed","ping_status":"closed","sticky":false,"template":"","format":"standard","meta":{"footnotes":""},"categories":[6],"tags":[],"class_list":["post-22641","post","type-post","status-publish","format-standard","has-post-thumbnail","hentry","category-ciudad-provincia"],"yoast_head":"<!-- This site is optimized with the Yoast SEO plugin v26.1.1 - https:\/\/yoast.com\/wordpress\/plugins\/seo\/ -->\n<title>DECRETAN DOS D\u00cdAS DE DUELO PROVINCIAL POR EL FALLECIMIENTO DEL OFICIAL DE POLIC\u00cdA - Apuntes de San Luis<\/title>\n<meta name=\"robots\" content=\"index, follow, max-snippet:-1, max-image-preview:large, max-video-preview:-1\" \/>\n<link rel=\"canonical\" href=\"https:\/\/apuntesdesanluis.com\/index.php\/2024\/09\/21\/decretan-dos-dias-de-duelo-provincial-por-el-fallecimiento-del-oficial-de-policia\/\" \/>\n<meta property=\"og:locale\" content=\"es_ES\" \/>\n<meta property=\"og:type\" content=\"article\" \/>\n<meta property=\"og:title\" content=\"DECRETAN DOS D\u00cdAS DE DUELO PROVINCIAL POR EL FALLECIMIENTO DEL OFICIAL DE POLIC\u00cdA - Apuntes de San Luis\" \/>\n<meta property=\"og:description\" content=\"El gobernador Claudio Poggi estableci\u00f3 la medida en homenaje al Oficial Principal, Renato Fuentes. \u201cEs...\" \/>\n<meta property=\"og:url\" content=\"https:\/\/apuntesdesanluis.com\/index.php\/2024\/09\/21\/decretan-dos-dias-de-duelo-provincial-por-el-fallecimiento-del-oficial-de-policia\/\" \/>\n<meta property=\"og:site_name\" content=\"Apuntes de San Luis\" \/>\n<meta property=\"article:published_time\" content=\"2024-09-22T00:13:55+00:00\" \/>\n<meta property=\"og:image\" content=\"https:\/\/apuntesdesanluis.com\/wp-content\/uploads\/2024\/09\/merdia-asta.png\" \/>\n\t<meta property=\"og:image:width\" content=\"901\" \/>\n\t<meta property=\"og:image:height\" content=\"553\" \/>\n\t<meta property=\"og:image:type\" content=\"image\/png\" \/>\n<meta name=\"author\" content=\"apuntesdesanluis.com\" \/>\n<meta name=\"twitter:card\" content=\"summary_large_image\" \/>\n<meta name=\"twitter:label1\" content=\"Escrito por\" \/>\n\t<meta name=\"twitter:data1\" content=\"apuntesdesanluis.com\" \/>\n\t<meta name=\"twitter:label2\" content=\"Tiempo de lectura\" \/>\n\t<meta name=\"twitter:data2\" content=\"1 minuto\" \/>\n<script type=\"application\/ld+json\" class=\"yoast-schema-graph\">{\"@context\":\"https:\/\/schema.org\",\"@graph\":[{\"@type\":\"Article\",\"@id\":\"https:\/\/apuntesdesanluis.com\/index.php\/2024\/09\/21\/decretan-dos-dias-de-duelo-provincial-por-el-fallecimiento-del-oficial-de-policia\/#article\",\"isPartOf\":{\"@id\":\"https:\/\/apuntesdesanluis.com\/index.php\/2024\/09\/21\/decretan-dos-dias-de-duelo-provincial-por-el-fallecimiento-del-oficial-de-policia\/\"},\"author\":{\"name\":\"apuntesdesanluis.com\",\"@id\":\"https:\/\/apuntesdesanluis.com\/#\/schema\/person\/b55151d52296fcce64d1a72538a70b90\"},\"headline\":\"DECRETAN DOS D\u00cdAS DE DUELO PROVINCIAL POR EL FALLECIMIENTO DEL OFICIAL DE POLIC\u00cdA\",\"datePublished\":\"2024-09-22T00:13:55+00:00\",\"mainEntityOfPage\":{\"@id\":\"https:\/\/apuntesdesanluis.com\/index.php\/2024\/09\/21\/decretan-dos-dias-de-duelo-provincial-por-el-fallecimiento-del-oficial-de-policia\/\"},\"wordCount\":182,\"publisher\":{\"@id\":\"https:\/\/apuntesdesanluis.com\/#\/schema\/person\/b55151d52296fcce64d1a72538a70b90\"},\"image\":{\"@id\":\"https:\/\/apuntesdesanluis.com\/index.php\/2024\/09\/21\/decretan-dos-dias-de-duelo-provincial-por-el-fallecimiento-del-oficial-de-policia\/#primaryimage\"},\"thumbnailUrl\":\"https:\/\/apuntesdesanluis.com\/wp-content\/uploads\/2024\/09\/merdia-asta.png\",\"articleSection\":[\"Ciudad\/Provincia\"],\"inLanguage\":\"es-AR\"},{\"@type\":\"WebPage\",\"@id\":\"https:\/\/apuntesdesanluis.com\/index.php\/2024\/09\/21\/decretan-dos-dias-de-duelo-provincial-por-el-fallecimiento-del-oficial-de-policia\/\",\"url\":\"https:\/\/apuntesdesanluis.com\/index.php\/2024\/09\/21\/decretan-dos-dias-de-duelo-provincial-por-el-fallecimiento-del-oficial-de-policia\/\",\"name\":\"DECRETAN DOS D\u00cdAS DE DUELO PROVINCIAL POR EL FALLECIMIENTO DEL OFICIAL DE POLIC\u00cdA - Apuntes de San Luis\",\"isPartOf\":{\"@id\":\"https:\/\/apuntesdesanluis.com\/#website\"},\"primaryImageOfPage\":{\"@id\":\"https:\/\/apuntesdesanluis.com\/index.php\/2024\/09\/21\/decretan-dos-dias-de-duelo-provincial-por-el-fallecimiento-del-oficial-de-policia\/#primaryimage\"},\"image\":{\"@id\":\"https:\/\/apuntesdesanluis.com\/index.php\/2024\/09\/21\/decretan-dos-dias-de-duelo-provincial-por-el-fallecimiento-del-oficial-de-policia\/#primaryimage\"},\"thumbnailUrl\":\"https:\/\/apuntesdesanluis.com\/wp-content\/uploads\/2024\/09\/merdia-asta.png\",\"datePublished\":\"2024-09-22T00:13:55+00:00\",\"breadcrumb\":{\"@id\":\"https:\/\/apuntesdesanluis.com\/index.php\/2024\/09\/21\/decretan-dos-dias-de-duelo-provincial-por-el-fallecimiento-del-oficial-de-policia\/#breadcrumb\"},\"inLanguage\":\"es-AR\",\"potentialAction\":[{\"@type\":\"ReadAction\",\"target\":[\"https:\/\/apuntesdesanluis.com\/index.php\/2024\/09\/21\/decretan-dos-dias-de-duelo-provincial-por-el-fallecimiento-del-oficial-de-policia\/\"]}]},{\"@type\":\"ImageObject\",\"inLanguage\":\"es-AR\",\"@id\":\"https:\/\/apuntesdesanluis.com\/index.php\/2024\/09\/21\/decretan-dos-dias-de-duelo-provincial-por-el-fallecimiento-del-oficial-de-policia\/#primaryimage\",\"url\":\"https:\/\/apuntesdesanluis.com\/wp-content\/uploads\/2024\/09\/merdia-asta.png\",\"contentUrl\":\"https:\/\/apuntesdesanluis.com\/wp-content\/uploads\/2024\/09\/merdia-asta.png\",\"width\":901,\"height\":553},{\"@type\":\"BreadcrumbList\",\"@id\":\"https:\/\/apuntesdesanluis.com\/index.php\/2024\/09\/21\/decretan-dos-dias-de-duelo-provincial-por-el-fallecimiento-del-oficial-de-policia\/#breadcrumb\",\"itemListElement\":[{\"@type\":\"ListItem\",\"position\":1,\"name\":\"Inicio\",\"item\":\"https:\/\/apuntesdesanluis.com\/\"},{\"@type\":\"ListItem\",\"position\":2,\"name\":\"DECRETAN DOS D\u00cdAS DE DUELO PROVINCIAL POR EL FALLECIMIENTO DEL OFICIAL DE POLIC\u00cdA\"}]},{\"@type\":\"WebSite\",\"@id\":\"https:\/\/apuntesdesanluis.com\/#website\",\"url\":\"https:\/\/apuntesdesanluis.com\/\",\"name\":\"Apuntes de San Luis\",\"description\":\"\",\"publisher\":{\"@id\":\"https:\/\/apuntesdesanluis.com\/#\/schema\/person\/b55151d52296fcce64d1a72538a70b90\"},\"potentialAction\":[{\"@type\":\"SearchAction\",\"target\":{\"@type\":\"EntryPoint\",\"urlTemplate\":\"https:\/\/apuntesdesanluis.com\/?s={search_term_string}\"},\"query-input\":{\"@type\":\"PropertyValueSpecification\",\"valueRequired\":true,\"valueName\":\"search_term_string\"}}],\"inLanguage\":\"es-AR\"},{\"@type\":[\"Person\",\"Organization\"],\"@id\":\"https:\/\/apuntesdesanluis.com\/#\/schema\/person\/b55151d52296fcce64d1a72538a70b90\",\"name\":\"apuntesdesanluis.com\",\"image\":{\"@type\":\"ImageObject\",\"inLanguage\":\"es-AR\",\"@id\":\"https:\/\/apuntesdesanluis.com\/#\/schema\/person\/image\/\",\"url\":\"https:\/\/apuntesdesanluis.com\/wp-content\/uploads\/2023\/07\/cropped-apuntesdesanluis.png\",\"contentUrl\":\"https:\/\/apuntesdesanluis.com\/wp-content\/uploads\/2023\/07\/cropped-apuntesdesanluis.png\",\"width\":450,\"height\":112,\"caption\":\"apuntesdesanluis.com\"},\"logo\":{\"@id\":\"https:\/\/apuntesdesanluis.com\/#\/schema\/person\/image\/\"},\"sameAs\":[\"https:\/\/apuntesdesanluis.com\"],\"url\":\"https:\/\/apuntesdesanluis.com\/index.php\/author\/apuntesdesanluis-com\/\"}]}<\/script>\n<!-- \/ Yoast SEO plugin. -->","yoast_head_json":{"title":"DECRETAN DOS D\u00cdAS DE DUELO PROVINCIAL POR EL FALLECIMIENTO DEL OFICIAL DE POLIC\u00cdA - Apuntes de San Luis","robots":{"index":"index","follow":"follow","max-snippet":"max-snippet:-1","max-image-preview":"max-image-preview:large","max-video-preview":"max-video-preview:-1"},"canonical":"https:\/\/apuntesdesanluis.com\/index.php\/2024\/09\/21\/decretan-dos-dias-de-duelo-provincial-por-el-fallecimiento-del-oficial-de-policia\/","og_locale":"es_ES","og_type":"article","og_title":"DECRETAN DOS D\u00cdAS DE DUELO PROVINCIAL POR EL FALLECIMIENTO DEL OFICIAL DE POLIC\u00cdA - Apuntes de San Luis","og_description":"El gobernador Claudio Poggi estableci\u00f3 la medida en homenaje al Oficial Principal, Renato Fuentes. \u201cEs...","og_url":"https:\/\/apuntesdesanluis.com\/index.php\/2024\/09\/21\/decretan-dos-dias-de-duelo-provincial-por-el-fallecimiento-del-oficial-de-policia\/","og_site_name":"Apuntes de San Luis","article_published_time":"2024-09-22T00:13:55+00:00","og_image":[{"width":901,"height":553,"url":"https:\/\/apuntesdesanluis.com\/wp-content\/uploads\/2024\/09\/merdia-asta.png","type":"image\/png"}],"author":"apuntesdesanluis.com","twitter_card":"summary_large_image","twitter_misc":{"Escrito por":"apuntesdesanluis.com","Tiempo de lectura":"1 minuto"},"schema":{"@context":"https:\/\/schema.org","@graph":[{"@type":"Article","@id":"https:\/\/apuntesdesanluis.com\/index.php\/2024\/09\/21\/decretan-dos-dias-de-duelo-provincial-por-el-fallecimiento-del-oficial-de-policia\/#article","isPartOf":{"@id":"https:\/\/apuntesdesanluis.com\/index.php\/2024\/09\/21\/decretan-dos-dias-de-duelo-provincial-por-el-fallecimiento-del-oficial-de-policia\/"},"author":{"name":"apuntesdesanluis.com","@id":"https:\/\/apuntesdesanluis.com\/#\/schema\/person\/b55151d52296fcce64d1a72538a70b90"},"headline":"DECRETAN DOS D\u00cdAS DE DUELO PROVINCIAL POR EL FALLECIMIENTO DEL OFICIAL DE POLIC\u00cdA","datePublished":"2024-09-22T00:13:55+00:00","mainEntityOfPage":{"@id":"https:\/\/apuntesdesanluis.com\/index.php\/2024\/09\/21\/decretan-dos-dias-de-duelo-provincial-por-el-fallecimiento-del-oficial-de-policia\/"},"wordCount":182,"publisher":{"@id":"https:\/\/apuntesdesanluis.com\/#\/schema\/person\/b55151d52296fcce64d1a72538a70b90"},"image":{"@id":"https:\/\/apuntesdesanluis.com\/index.php\/2024\/09\/21\/decretan-dos-dias-de-duelo-provincial-por-el-fallecimiento-del-oficial-de-policia\/#primaryimage"},"thumbnailUrl":"https:\/\/apuntesdesanluis.com\/wp-content\/uploads\/2024\/09\/merdia-asta.png","articleSection":["Ciudad\/Provincia"],"inLanguage":"es-AR"},{"@type":"WebPage","@id":"https:\/\/apuntesdesanluis.com\/index.php\/2024\/09\/21\/decretan-dos-dias-de-duelo-provincial-por-el-fallecimiento-del-oficial-de-policia\/","url":"https:\/\/apuntesdesanluis.com\/index.php\/2024\/09\/21\/decretan-dos-dias-de-duelo-provincial-por-el-fallecimiento-del-oficial-de-policia\/","name":"DECRETAN DOS D\u00cdAS DE DUELO PROVINCIAL POR EL FALLECIMIENTO DEL OFICIAL DE POLIC\u00cdA - Apuntes de San Luis","isPartOf":{"@id":"https:\/\/apuntesdesanluis.com\/#website"},"primaryImageOfPage":{"@id":"https:\/\/apuntesdesanluis.com\/index.php\/2024\/09\/21\/decretan-dos-dias-de-duelo-provincial-por-el-fallecimiento-del-oficial-de-policia\/#primaryimage"},"image":{"@id":"https:\/\/apuntesdesanluis.com\/index.php\/2024\/09\/21\/decretan-dos-dias-de-duelo-provincial-por-el-fallecimiento-del-oficial-de-policia\/#primaryimage"},"thumbnailUrl":"https:\/\/apuntesdesanluis.com\/wp-content\/uploads\/2024\/09\/merdia-asta.png","datePublished":"2024-09-22T00:13:55+00:00","breadcrumb":{"@id":"https:\/\/apuntesdesanluis.com\/index.php\/2024\/09\/21\/decretan-dos-dias-de-duelo-provincial-por-el-fallecimiento-del-oficial-de-policia\/#breadcrumb"},"inLanguage":"es-AR","potentialAction":[{"@type":"ReadAction","target":["https:\/\/apuntesdesanluis.com\/index.php\/2024\/09\/21\/decretan-dos-dias-de-duelo-provincial-por-el-fallecimiento-del-oficial-de-policia\/"]}]},{"@type":"ImageObject","inLanguage":"es-AR","@id":"https:\/\/apuntesdesanluis.com\/index.php\/2024\/09\/21\/decretan-dos-dias-de-duelo-provincial-por-el-fallecimiento-del-oficial-de-policia\/#primaryimage","url":"https:\/\/apuntesdesanluis.com\/wp-content\/uploads\/2024\/09\/merdia-asta.png","contentUrl":"https:\/\/apuntesdesanluis.com\/wp-content\/uploads\/2024\/09\/merdia-asta.png","width":901,"height":553},{"@type":"BreadcrumbList","@id":"https:\/\/apuntesdesanluis.com\/index.php\/2024\/09\/21\/decretan-dos-dias-de-duelo-provincial-por-el-fallecimiento-del-oficial-de-policia\/#breadcrumb","itemListElement":[{"@type":"ListItem","position":1,"name":"Inicio","item":"https:\/\/apuntesdesanluis.com\/"},{"@type":"ListItem","position":2,"name":"DECRETAN DOS D\u00cdAS DE DUELO PROVINCIAL POR EL FALLECIMIENTO DEL OFICIAL DE POLIC\u00cdA"}]},{"@type":"WebSite","@id":"https:\/\/apuntesdesanluis.com\/#website","url":"https:\/\/apuntesdesanluis.com\/","name":"Apuntes de San Luis","description":"","publisher":{"@id":"https:\/\/apuntesdesanluis.com\/#\/schema\/person\/b55151d52296fcce64d1a72538a70b90"},"potentialAction":[{"@type":"SearchAction","target":{"@type":"EntryPoint","urlTemplate":"https:\/\/apuntesdesanluis.com\/?s={search_term_string}"},"query-input":{"@type":"PropertyValueSpecification","valueRequired":true,"valueName":"search_term_string"}}],"inLanguage":"es-AR"},{"@type":["Person","Organization"],"@id":"https:\/\/apuntesdesanluis.com\/#\/schema\/person\/b55151d52296fcce64d1a72538a70b90","name":"apuntesdesanluis.com","image":{"@type":"ImageObject","inLanguage":"es-AR","@id":"https:\/\/apuntesdesanluis.com\/#\/schema\/person\/image\/","url":"https:\/\/apuntesdesanluis.com\/wp-content\/uploads\/2023\/07\/cropped-apuntesdesanluis.png","contentUrl":"https:\/\/apuntesdesanluis.com\/wp-content\/uploads\/2023\/07\/cropped-apuntesdesanluis.png","width":450,"height":112,"caption":"apuntesdesanluis.com"},"logo":{"@id":"https:\/\/apuntesdesanluis.com\/#\/schema\/person\/image\/"},"sameAs":["https:\/\/apuntesdesanluis.com"],"url":"https:\/\/apuntesdesanluis.com\/index.php\/author\/apuntesdesanluis-com\/"}]}},"featured_image_urls":{"full":["https:\/\/apuntesdesanluis.com\/wp-content\/uploads\/2024\/09\/merdia-asta.png",901,553,false],"thumbnail":["https:\/\/apuntesdesanluis.com\/wp-content\/uploads\/2024\/09\/merdia-asta-150x150.png",150,150,true],"medium":["https:\/\/apuntesdesanluis.com\/wp-content\/uploads\/2024\/09\/merdia-asta-300x184.png",300,184,true],"medium_large":["https:\/\/apuntesdesanluis.com\/wp-content\/uploads\/2024\/09\/merdia-asta-768x471.png",640,393,true],"large":["https:\/\/apuntesdesanluis.com\/wp-content\/uploads\/2024\/09\/merdia-asta.png",640,393,false],"1536x1536":["https:\/\/apuntesdesanluis.com\/wp-content\/uploads\/2024\/09\/merdia-asta.png",901,553,false],"2048x2048":["https:\/\/apuntesdesanluis.com\/wp-content\/uploads\/2024\/09\/merdia-asta.png",901,553,false],"newsever-slider-full":["https:\/\/apuntesdesanluis.com\/wp-content\/uploads\/2024\/09\/merdia-asta.png",901,553,false],"newsever-featured":["https:\/\/apuntesdesanluis.com\/wp-content\/uploads\/2024\/09\/merdia-asta.png",901,553,false],"newsever-medium":["https:\/\/apuntesdesanluis.com\/wp-content\/uploads\/2024\/09\/merdia-asta-720x475.png",720,475,true]},"author_info":{"display_name":"apuntesdesanluis.com","author_link":"https:\/\/apuntesdesanluis.com\/index.php\/author\/apuntesdesanluis-com\/"},"category_info":"<a href=\"https:\/\/apuntesdesanluis.com\/index.php\/category\/ciudad-provincia\/\" rel=\"category tag\">Ciudad\/Provincia<\/a>","tag_info":"Ciudad\/Provincia","comment_count":"0","_links":{"self":[{"href":"https:\/\/apuntesdesanluis.com\/index.php\/wp-json\/wp\/v2\/posts\/22641","targetHints":{"allow":["GET"]}}],"collection":[{"href":"https:\/\/apuntesdesanluis.com\/index.php\/wp-json\/wp\/v2\/posts"}],"about":[{"href":"https:\/\/apuntesdesanluis.com\/index.php\/wp-json\/wp\/v2\/types\/post"}],"author":[{"embeddable":true,"href":"https:\/\/apuntesdesanluis.com\/index.php\/wp-json\/wp\/v2\/users\/1"}],"replies":[{"embeddable":true,"href":"https:\/\/apuntesdesanluis.com\/index.php\/wp-json\/wp\/v2\/comments?post=22641"}],"version-history":[{"count":1,"href":"https:\/\/apuntesdesanluis.com\/index.php\/wp-json\/wp\/v2\/posts\/22641\/revisions"}],"predecessor-version":[{"id":22643,"href":"https:\/\/apuntesdesanluis.com\/index.php\/wp-json\/wp\/v2\/posts\/22641\/revisions\/22643"}],"wp:featuredmedia":[{"embeddable":true,"href":"https:\/\/apuntesdesanluis.com\/index.php\/wp-json\/wp\/v2\/media\/22642"}],"wp:attachment":[{"href":"https:\/\/apuntesdesanluis.com\/index.php\/wp-json\/wp\/v2\/media?parent=22641"}],"wp:term":[{"taxonomy":"category","embeddable":true,"href":"https:\/\/apuntesdesanluis.com\/index.php\/wp-json\/wp\/v2\/categories?post=22641"},{"taxonomy":"post_tag","embeddable":true,"href":"https:\/\/apuntesdesanluis.com\/index.php\/wp-json\/wp\/v2\/tags?post=22641"}],"curies":[{"name":"wp","href":"https:\/\/api.w.org\/{rel}","templated":true}]}}