{"id":22644,"date":"2024-09-21T21:26:38","date_gmt":"2024-09-22T00:26:38","guid":{"rendered":"https:\/\/apuntesdesanluis.com\/?p=22644"},"modified":"2024-09-21T21:37:43","modified_gmt":"2024-09-22T00:37:43","slug":"sismo-de-6-grados-sacudio-a-san-luis-san-juan-y-mendoza","status":"publish","type":"post","link":"https:\/\/apuntesdesanluis.com\/index.php\/2024\/09\/21\/sismo-de-6-grados-sacudio-a-san-luis-san-juan-y-mendoza\/","title":{"rendered":"SISMO DE 6 GRADOS SACUDI\u00d3 A SAN LUIS, SAN JUAN Y MENDOZA"},"content":{"rendered":"<h3>El terremoto ocurri\u00f3 esta tarde pasadas las 18.00.<\/h3>\n<h3>En la tarde de este s\u00e1bado hubo un fuerte sismo, que ocasion\u00f3 un fuerte temblor en las provincias de San Juan, Mendoza y San Luis. El epicentro fue en la provincia de San Luis.<\/h3>\n<h3>El incidente ocurri\u00f3 a las 18.24 y seg\u00fan los datos reportados por el Instituto\u00a0 Nacional\u00a0 de Prevenci\u00f3n S\u00edsmica (INPRES), alcanz\u00f3 una magnitud de 6 y una profundidad de 140 kil\u00f3metros.<\/h3>\n<h3>En cuanto al epicentro, se registr\u00f3 en San Luis, en el l\u00edmite con San Juan. &#8220;156 km al E de San Juan; 163 km al N de San Luis; 64 km al SE de Marayes -31.920 (lat) -66.940 (long)&#8221; expuso el INPRES en su sitio oficial.<\/h3>\n<p><img fetchpriority=\"high\" decoding=\"async\" class=\"wp-image-22650 aligncenter\" src=\"https:\/\/apuntesdesanluis.com\/wp-content\/uploads\/2024\/09\/MAPA-300x211.png\" alt=\"\" width=\"688\" height=\"484\" srcset=\"https:\/\/apuntesdesanluis.com\/wp-content\/uploads\/2024\/09\/MAPA-300x211.png 300w, https:\/\/apuntesdesanluis.com\/wp-content\/uploads\/2024\/09\/MAPA-768x540.png 768w, https:\/\/apuntesdesanluis.com\/wp-content\/uploads\/2024\/09\/MAPA.png 800w\" sizes=\"(max-width: 688px) 100vw, 688px\" \/><\/p>\n<h3 class=\"paragraph\" data-mrf-recirculation=\"Links inline\">El acontecimiento ocurri\u00f3 a las 18.24 hora argentina, seg\u00fan registr\u00f3 el\u00a0<b>Instituto Nacional de Prevenci\u00f3n S\u00edsmica\u00a0<\/b>(INPRES). El epicentro se dio<b>\u00a0<\/b>76 kil\u00f3metros al sudoeste del pueblo de Ulape con una profundidad de 150 kil\u00f3metros, 163 kil\u00f3metros al norte de San Luis capital y 64 kil\u00f3metros al sudeste de Marayes, en San Juan.<\/h3>\n<h3 class=\"paragraph\" data-mrf-recirculation=\"Links inline\">De acuerdo con la informaci\u00f3n suministrada por el INPRES, la magnitud fue de escala \u201cMedia\u201d en San Luis, Mendoza, San Juan y C\u00f3rdoba. La intensidad Mercalli fue IV, es decir, que los\u00a0<b>\u201cobjetos colgantes oscilan\u201d<\/b>. Tambi\u00e9n se sinti\u00f3 en La Rioja pero de manera mucho m\u00e1s leve. Seg\u00fan esta misma escala el efecto pudo haberse sentido en personas en reposo. Seg\u00fan las primeras informaciones,\u00a0<b>no se registraron da\u00f1os de gravedad ni personas heridas<\/b>.<\/h3>\n<h3><\/h3>\n<p>&nbsp;<\/p>\n<p>&nbsp;<\/p>\n<p>&nbsp;<\/p>\n<p>&nbsp;<\/p>\n<p>&nbsp;<\/p>\n<p>&nbsp;<\/p>\n<p>&nbsp;<\/p>\n","protected":false},"excerpt":{"rendered":"<p>El terremoto ocurri\u00f3 esta tarde pasadas las 18.00. En la tarde de este s\u00e1bado hubo&#8230;<\/p>\n","protected":false},"author":1,"featured_media":22645,"comment_status":"closed","ping_status":"closed","sticky":false,"template":"","format":"standard","meta":{"footnotes":""},"categories":[5],"tags":[],"class_list":["post-22644","post","type-post","status-publish","format-standard","has-post-thumbnail","hentry","category-nacionales-internacionales"],"yoast_head":"<!-- This site is optimized with the Yoast SEO plugin v26.1.1 - https:\/\/yoast.com\/wordpress\/plugins\/seo\/ -->\n<title>SISMO DE 6 GRADOS SACUDI\u00d3 A SAN LUIS, SAN JUAN Y MENDOZA - Apuntes de San Luis<\/title>\n<meta name=\"robots\" content=\"index, follow, max-snippet:-1, max-image-preview:large, max-video-preview:-1\" \/>\n<link rel=\"canonical\" href=\"https:\/\/apuntesdesanluis.com\/index.php\/2024\/09\/21\/sismo-de-6-grados-sacudio-a-san-luis-san-juan-y-mendoza\/\" \/>\n<meta property=\"og:locale\" content=\"es_ES\" \/>\n<meta property=\"og:type\" content=\"article\" \/>\n<meta property=\"og:title\" content=\"SISMO DE 6 GRADOS SACUDI\u00d3 A SAN LUIS, SAN JUAN Y MENDOZA - Apuntes de San Luis\" \/>\n<meta property=\"og:description\" content=\"El terremoto ocurri\u00f3 esta tarde pasadas las 18.00. En la tarde de este s\u00e1bado hubo...\" \/>\n<meta property=\"og:url\" content=\"https:\/\/apuntesdesanluis.com\/index.php\/2024\/09\/21\/sismo-de-6-grados-sacudio-a-san-luis-san-juan-y-mendoza\/\" \/>\n<meta property=\"og:site_name\" content=\"Apuntes de San Luis\" \/>\n<meta property=\"article:published_time\" content=\"2024-09-22T00:26:38+00:00\" \/>\n<meta property=\"article:modified_time\" content=\"2024-09-22T00:37:43+00:00\" \/>\n<meta property=\"og:image\" content=\"https:\/\/apuntesdesanluis.com\/wp-content\/uploads\/2024\/09\/sismo.png\" \/>\n\t<meta property=\"og:image:width\" content=\"829\" \/>\n\t<meta property=\"og:image:height\" content=\"482\" \/>\n\t<meta property=\"og:image:type\" content=\"image\/png\" \/>\n<meta name=\"author\" content=\"apuntesdesanluis.com\" \/>\n<meta name=\"twitter:card\" content=\"summary_large_image\" \/>\n<meta name=\"twitter:label1\" content=\"Escrito por\" \/>\n\t<meta name=\"twitter:data1\" content=\"apuntesdesanluis.com\" \/>\n\t<meta name=\"twitter:label2\" content=\"Tiempo de lectura\" \/>\n\t<meta name=\"twitter:data2\" content=\"2 minutos\" \/>\n<script type=\"application\/ld+json\" class=\"yoast-schema-graph\">{\"@context\":\"https:\/\/schema.org\",\"@graph\":[{\"@type\":\"Article\",\"@id\":\"https:\/\/apuntesdesanluis.com\/index.php\/2024\/09\/21\/sismo-de-6-grados-sacudio-a-san-luis-san-juan-y-mendoza\/#article\",\"isPartOf\":{\"@id\":\"https:\/\/apuntesdesanluis.com\/index.php\/2024\/09\/21\/sismo-de-6-grados-sacudio-a-san-luis-san-juan-y-mendoza\/\"},\"author\":{\"name\":\"apuntesdesanluis.com\",\"@id\":\"https:\/\/apuntesdesanluis.com\/#\/schema\/person\/b55151d52296fcce64d1a72538a70b90\"},\"headline\":\"SISMO DE 6 GRADOS SACUDI\u00d3 A SAN LUIS, SAN JUAN Y MENDOZA\",\"datePublished\":\"2024-09-22T00:26:38+00:00\",\"dateModified\":\"2024-09-22T00:37:43+00:00\",\"mainEntityOfPage\":{\"@id\":\"https:\/\/apuntesdesanluis.com\/index.php\/2024\/09\/21\/sismo-de-6-grados-sacudio-a-san-luis-san-juan-y-mendoza\/\"},\"wordCount\":270,\"publisher\":{\"@id\":\"https:\/\/apuntesdesanluis.com\/#\/schema\/person\/b55151d52296fcce64d1a72538a70b90\"},\"image\":{\"@id\":\"https:\/\/apuntesdesanluis.com\/index.php\/2024\/09\/21\/sismo-de-6-grados-sacudio-a-san-luis-san-juan-y-mendoza\/#primaryimage\"},\"thumbnailUrl\":\"https:\/\/apuntesdesanluis.com\/wp-content\/uploads\/2024\/09\/sismo.png\",\"articleSection\":[\"Nacionales\/Internacionales\"],\"inLanguage\":\"es-AR\"},{\"@type\":\"WebPage\",\"@id\":\"https:\/\/apuntesdesanluis.com\/index.php\/2024\/09\/21\/sismo-de-6-grados-sacudio-a-san-luis-san-juan-y-mendoza\/\",\"url\":\"https:\/\/apuntesdesanluis.com\/index.php\/2024\/09\/21\/sismo-de-6-grados-sacudio-a-san-luis-san-juan-y-mendoza\/\",\"name\":\"SISMO DE 6 GRADOS SACUDI\u00d3 A SAN LUIS, SAN JUAN Y MENDOZA - Apuntes de San Luis\",\"isPartOf\":{\"@id\":\"https:\/\/apuntesdesanluis.com\/#website\"},\"primaryImageOfPage\":{\"@id\":\"https:\/\/apuntesdesanluis.com\/index.php\/2024\/09\/21\/sismo-de-6-grados-sacudio-a-san-luis-san-juan-y-mendoza\/#primaryimage\"},\"image\":{\"@id\":\"https:\/\/apuntesdesanluis.com\/index.php\/2024\/09\/21\/sismo-de-6-grados-sacudio-a-san-luis-san-juan-y-mendoza\/#primaryimage\"},\"thumbnailUrl\":\"https:\/\/apuntesdesanluis.com\/wp-content\/uploads\/2024\/09\/sismo.png\",\"datePublished\":\"2024-09-22T00:26:38+00:00\",\"dateModified\":\"2024-09-22T00:37:43+00:00\",\"breadcrumb\":{\"@id\":\"https:\/\/apuntesdesanluis.com\/index.php\/2024\/09\/21\/sismo-de-6-grados-sacudio-a-san-luis-san-juan-y-mendoza\/#breadcrumb\"},\"inLanguage\":\"es-AR\",\"potentialAction\":[{\"@type\":\"ReadAction\",\"target\":[\"https:\/\/apuntesdesanluis.com\/index.php\/2024\/09\/21\/sismo-de-6-grados-sacudio-a-san-luis-san-juan-y-mendoza\/\"]}]},{\"@type\":\"ImageObject\",\"inLanguage\":\"es-AR\",\"@id\":\"https:\/\/apuntesdesanluis.com\/index.php\/2024\/09\/21\/sismo-de-6-grados-sacudio-a-san-luis-san-juan-y-mendoza\/#primaryimage\",\"url\":\"https:\/\/apuntesdesanluis.com\/wp-content\/uploads\/2024\/09\/sismo.png\",\"contentUrl\":\"https:\/\/apuntesdesanluis.com\/wp-content\/uploads\/2024\/09\/sismo.png\",\"width\":829,\"height\":482},{\"@type\":\"BreadcrumbList\",\"@id\":\"https:\/\/apuntesdesanluis.com\/index.php\/2024\/09\/21\/sismo-de-6-grados-sacudio-a-san-luis-san-juan-y-mendoza\/#breadcrumb\",\"itemListElement\":[{\"@type\":\"ListItem\",\"position\":1,\"name\":\"Inicio\",\"item\":\"https:\/\/apuntesdesanluis.com\/\"},{\"@type\":\"ListItem\",\"position\":2,\"name\":\"SISMO DE 6 GRADOS SACUDI\u00d3 A SAN LUIS, SAN JUAN Y MENDOZA\"}]},{\"@type\":\"WebSite\",\"@id\":\"https:\/\/apuntesdesanluis.com\/#website\",\"url\":\"https:\/\/apuntesdesanluis.com\/\",\"name\":\"Apuntes de San Luis\",\"description\":\"\",\"publisher\":{\"@id\":\"https:\/\/apuntesdesanluis.com\/#\/schema\/person\/b55151d52296fcce64d1a72538a70b90\"},\"potentialAction\":[{\"@type\":\"SearchAction\",\"target\":{\"@type\":\"EntryPoint\",\"urlTemplate\":\"https:\/\/apuntesdesanluis.com\/?s={search_term_string}\"},\"query-input\":{\"@type\":\"PropertyValueSpecification\",\"valueRequired\":true,\"valueName\":\"search_term_string\"}}],\"inLanguage\":\"es-AR\"},{\"@type\":[\"Person\",\"Organization\"],\"@id\":\"https:\/\/apuntesdesanluis.com\/#\/schema\/person\/b55151d52296fcce64d1a72538a70b90\",\"name\":\"apuntesdesanluis.com\",\"image\":{\"@type\":\"ImageObject\",\"inLanguage\":\"es-AR\",\"@id\":\"https:\/\/apuntesdesanluis.com\/#\/schema\/person\/image\/\",\"url\":\"https:\/\/apuntesdesanluis.com\/wp-content\/uploads\/2023\/07\/cropped-apuntesdesanluis.png\",\"contentUrl\":\"https:\/\/apuntesdesanluis.com\/wp-content\/uploads\/2023\/07\/cropped-apuntesdesanluis.png\",\"width\":450,\"height\":112,\"caption\":\"apuntesdesanluis.com\"},\"logo\":{\"@id\":\"https:\/\/apuntesdesanluis.com\/#\/schema\/person\/image\/\"},\"sameAs\":[\"https:\/\/apuntesdesanluis.com\"],\"url\":\"https:\/\/apuntesdesanluis.com\/index.php\/author\/apuntesdesanluis-com\/\"}]}<\/script>\n<!-- \/ Yoast SEO plugin. -->","yoast_head_json":{"title":"SISMO DE 6 GRADOS SACUDI\u00d3 A SAN LUIS, SAN JUAN Y MENDOZA - Apuntes de San Luis","robots":{"index":"index","follow":"follow","max-snippet":"max-snippet:-1","max-image-preview":"max-image-preview:large","max-video-preview":"max-video-preview:-1"},"canonical":"https:\/\/apuntesdesanluis.com\/index.php\/2024\/09\/21\/sismo-de-6-grados-sacudio-a-san-luis-san-juan-y-mendoza\/","og_locale":"es_ES","og_type":"article","og_title":"SISMO DE 6 GRADOS SACUDI\u00d3 A SAN LUIS, SAN JUAN Y MENDOZA - Apuntes de San Luis","og_description":"El terremoto ocurri\u00f3 esta tarde pasadas las 18.00. En la tarde de este s\u00e1bado hubo...","og_url":"https:\/\/apuntesdesanluis.com\/index.php\/2024\/09\/21\/sismo-de-6-grados-sacudio-a-san-luis-san-juan-y-mendoza\/","og_site_name":"Apuntes de San Luis","article_published_time":"2024-09-22T00:26:38+00:00","article_modified_time":"2024-09-22T00:37:43+00:00","og_image":[{"width":829,"height":482,"url":"https:\/\/apuntesdesanluis.com\/wp-content\/uploads\/2024\/09\/sismo.png","type":"image\/png"}],"author":"apuntesdesanluis.com","twitter_card":"summary_large_image","twitter_misc":{"Escrito por":"apuntesdesanluis.com","Tiempo de lectura":"2 minutos"},"schema":{"@context":"https:\/\/schema.org","@graph":[{"@type":"Article","@id":"https:\/\/apuntesdesanluis.com\/index.php\/2024\/09\/21\/sismo-de-6-grados-sacudio-a-san-luis-san-juan-y-mendoza\/#article","isPartOf":{"@id":"https:\/\/apuntesdesanluis.com\/index.php\/2024\/09\/21\/sismo-de-6-grados-sacudio-a-san-luis-san-juan-y-mendoza\/"},"author":{"name":"apuntesdesanluis.com","@id":"https:\/\/apuntesdesanluis.com\/#\/schema\/person\/b55151d52296fcce64d1a72538a70b90"},"headline":"SISMO DE 6 GRADOS SACUDI\u00d3 A SAN LUIS, SAN JUAN Y MENDOZA","datePublished":"2024-09-22T00:26:38+00:00","dateModified":"2024-09-22T00:37:43+00:00","mainEntityOfPage":{"@id":"https:\/\/apuntesdesanluis.com\/index.php\/2024\/09\/21\/sismo-de-6-grados-sacudio-a-san-luis-san-juan-y-mendoza\/"},"wordCount":270,"publisher":{"@id":"https:\/\/apuntesdesanluis.com\/#\/schema\/person\/b55151d52296fcce64d1a72538a70b90"},"image":{"@id":"https:\/\/apuntesdesanluis.com\/index.php\/2024\/09\/21\/sismo-de-6-grados-sacudio-a-san-luis-san-juan-y-mendoza\/#primaryimage"},"thumbnailUrl":"https:\/\/apuntesdesanluis.com\/wp-content\/uploads\/2024\/09\/sismo.png","articleSection":["Nacionales\/Internacionales"],"inLanguage":"es-AR"},{"@type":"WebPage","@id":"https:\/\/apuntesdesanluis.com\/index.php\/2024\/09\/21\/sismo-de-6-grados-sacudio-a-san-luis-san-juan-y-mendoza\/","url":"https:\/\/apuntesdesanluis.com\/index.php\/2024\/09\/21\/sismo-de-6-grados-sacudio-a-san-luis-san-juan-y-mendoza\/","name":"SISMO DE 6 GRADOS SACUDI\u00d3 A SAN LUIS, SAN JUAN Y MENDOZA - Apuntes de San Luis","isPartOf":{"@id":"https:\/\/apuntesdesanluis.com\/#website"},"primaryImageOfPage":{"@id":"https:\/\/apuntesdesanluis.com\/index.php\/2024\/09\/21\/sismo-de-6-grados-sacudio-a-san-luis-san-juan-y-mendoza\/#primaryimage"},"image":{"@id":"https:\/\/apuntesdesanluis.com\/index.php\/2024\/09\/21\/sismo-de-6-grados-sacudio-a-san-luis-san-juan-y-mendoza\/#primaryimage"},"thumbnailUrl":"https:\/\/apuntesdesanluis.com\/wp-content\/uploads\/2024\/09\/sismo.png","datePublished":"2024-09-22T00:26:38+00:00","dateModified":"2024-09-22T00:37:43+00:00","breadcrumb":{"@id":"https:\/\/apuntesdesanluis.com\/index.php\/2024\/09\/21\/sismo-de-6-grados-sacudio-a-san-luis-san-juan-y-mendoza\/#breadcrumb"},"inLanguage":"es-AR","potentialAction":[{"@type":"ReadAction","target":["https:\/\/apuntesdesanluis.com\/index.php\/2024\/09\/21\/sismo-de-6-grados-sacudio-a-san-luis-san-juan-y-mendoza\/"]}]},{"@type":"ImageObject","inLanguage":"es-AR","@id":"https:\/\/apuntesdesanluis.com\/index.php\/2024\/09\/21\/sismo-de-6-grados-sacudio-a-san-luis-san-juan-y-mendoza\/#primaryimage","url":"https:\/\/apuntesdesanluis.com\/wp-content\/uploads\/2024\/09\/sismo.png","contentUrl":"https:\/\/apuntesdesanluis.com\/wp-content\/uploads\/2024\/09\/sismo.png","width":829,"height":482},{"@type":"BreadcrumbList","@id":"https:\/\/apuntesdesanluis.com\/index.php\/2024\/09\/21\/sismo-de-6-grados-sacudio-a-san-luis-san-juan-y-mendoza\/#breadcrumb","itemListElement":[{"@type":"ListItem","position":1,"name":"Inicio","item":"https:\/\/apuntesdesanluis.com\/"},{"@type":"ListItem","position":2,"name":"SISMO DE 6 GRADOS SACUDI\u00d3 A SAN LUIS, SAN JUAN Y MENDOZA"}]},{"@type":"WebSite","@id":"https:\/\/apuntesdesanluis.com\/#website","url":"https:\/\/apuntesdesanluis.com\/","name":"Apuntes de San Luis","description":"","publisher":{"@id":"https:\/\/apuntesdesanluis.com\/#\/schema\/person\/b55151d52296fcce64d1a72538a70b90"},"potentialAction":[{"@type":"SearchAction","target":{"@type":"EntryPoint","urlTemplate":"https:\/\/apuntesdesanluis.com\/?s={search_term_string}"},"query-input":{"@type":"PropertyValueSpecification","valueRequired":true,"valueName":"search_term_string"}}],"inLanguage":"es-AR"},{"@type":["Person","Organization"],"@id":"https:\/\/apuntesdesanluis.com\/#\/schema\/person\/b55151d52296fcce64d1a72538a70b90","name":"apuntesdesanluis.com","image":{"@type":"ImageObject","inLanguage":"es-AR","@id":"https:\/\/apuntesdesanluis.com\/#\/schema\/person\/image\/","url":"https:\/\/apuntesdesanluis.com\/wp-content\/uploads\/2023\/07\/cropped-apuntesdesanluis.png","contentUrl":"https:\/\/apuntesdesanluis.com\/wp-content\/uploads\/2023\/07\/cropped-apuntesdesanluis.png","width":450,"height":112,"caption":"apuntesdesanluis.com"},"logo":{"@id":"https:\/\/apuntesdesanluis.com\/#\/schema\/person\/image\/"},"sameAs":["https:\/\/apuntesdesanluis.com"],"url":"https:\/\/apuntesdesanluis.com\/index.php\/author\/apuntesdesanluis-com\/"}]}},"featured_image_urls":{"full":["https:\/\/apuntesdesanluis.com\/wp-content\/uploads\/2024\/09\/sismo.png",829,482,false],"thumbnail":["https:\/\/apuntesdesanluis.com\/wp-content\/uploads\/2024\/09\/sismo-150x150.png",150,150,true],"medium":["https:\/\/apuntesdesanluis.com\/wp-content\/uploads\/2024\/09\/sismo-300x174.png",300,174,true],"medium_large":["https:\/\/apuntesdesanluis.com\/wp-content\/uploads\/2024\/09\/sismo-768x447.png",640,373,true],"large":["https:\/\/apuntesdesanluis.com\/wp-content\/uploads\/2024\/09\/sismo.png",640,372,false],"1536x1536":["https:\/\/apuntesdesanluis.com\/wp-content\/uploads\/2024\/09\/sismo.png",829,482,false],"2048x2048":["https:\/\/apuntesdesanluis.com\/wp-content\/uploads\/2024\/09\/sismo.png",829,482,false],"newsever-slider-full":["https:\/\/apuntesdesanluis.com\/wp-content\/uploads\/2024\/09\/sismo.png",829,482,false],"newsever-featured":["https:\/\/apuntesdesanluis.com\/wp-content\/uploads\/2024\/09\/sismo.png",829,482,false],"newsever-medium":["https:\/\/apuntesdesanluis.com\/wp-content\/uploads\/2024\/09\/sismo-720x475.png",720,475,true]},"author_info":{"display_name":"apuntesdesanluis.com","author_link":"https:\/\/apuntesdesanluis.com\/index.php\/author\/apuntesdesanluis-com\/"},"category_info":"<a href=\"https:\/\/apuntesdesanluis.com\/index.php\/category\/nacionales-internacionales\/\" rel=\"category tag\">Nacionales\/Internacionales<\/a>","tag_info":"Nacionales\/Internacionales","comment_count":"0","_links":{"self":[{"href":"https:\/\/apuntesdesanluis.com\/index.php\/wp-json\/wp\/v2\/posts\/22644","targetHints":{"allow":["GET"]}}],"collection":[{"href":"https:\/\/apuntesdesanluis.com\/index.php\/wp-json\/wp\/v2\/posts"}],"about":[{"href":"https:\/\/apuntesdesanluis.com\/index.php\/wp-json\/wp\/v2\/types\/post"}],"author":[{"embeddable":true,"href":"https:\/\/apuntesdesanluis.com\/index.php\/wp-json\/wp\/v2\/users\/1"}],"replies":[{"embeddable":true,"href":"https:\/\/apuntesdesanluis.com\/index.php\/wp-json\/wp\/v2\/comments?post=22644"}],"version-history":[{"count":4,"href":"https:\/\/apuntesdesanluis.com\/index.php\/wp-json\/wp\/v2\/posts\/22644\/revisions"}],"predecessor-version":[{"id":22651,"href":"https:\/\/apuntesdesanluis.com\/index.php\/wp-json\/wp\/v2\/posts\/22644\/revisions\/22651"}],"wp:featuredmedia":[{"embeddable":true,"href":"https:\/\/apuntesdesanluis.com\/index.php\/wp-json\/wp\/v2\/media\/22645"}],"wp:attachment":[{"href":"https:\/\/apuntesdesanluis.com\/index.php\/wp-json\/wp\/v2\/media?parent=22644"}],"wp:term":[{"taxonomy":"category","embeddable":true,"href":"https:\/\/apuntesdesanluis.com\/index.php\/wp-json\/wp\/v2\/categories?post=22644"},{"taxonomy":"post_tag","embeddable":true,"href":"https:\/\/apuntesdesanluis.com\/index.php\/wp-json\/wp\/v2\/tags?post=22644"}],"curies":[{"name":"wp","href":"https:\/\/api.w.org\/{rel}","templated":true}]}}