{"id":22652,"date":"2024-09-22T13:33:18","date_gmt":"2024-09-22T16:33:18","guid":{"rendered":"https:\/\/apuntesdesanluis.com\/?p=22652"},"modified":"2024-09-22T13:33:18","modified_gmt":"2024-09-22T16:33:18","slug":"fue-capturado-el-otro-profugo-sospechado-de-matar-al-policia","status":"publish","type":"post","link":"https:\/\/apuntesdesanluis.com\/index.php\/2024\/09\/22\/fue-capturado-el-otro-profugo-sospechado-de-matar-al-policia\/","title":{"rendered":"FUE CAPTURADO EL OTRO PR\u00d3FUGO SOSPECHADO DE MATAR AL POLIC\u00cdA"},"content":{"rendered":"<h3>Este domingo la polic\u00eda comunic\u00f3 que en el puesto de control de La Punilla se detuvo al hombre que era intensamente buscado por participar en el robo de Cortaderas, en donde perdi\u00f3 la vida el Comisario <strong>Renato Fuentes<\/strong>.<\/h3>\n<h3>Fue identificado como <strong>Julio Daniel Lescano<\/strong>, conocido como &#8220;El Porte\u00f1o&#8221;, quien era intensamente buscado por su participaci\u00f3n en el robo en Cortaderas que result\u00f3 en el asesinato del comisario Renato Mauricio Fuentes. La captura tuvo lugar en el puesto de control de La Punilla, alrededor de las 10:30 horas, cuando el pr\u00f3fugo intentaba abandonar la provincia a bordo de una camioneta Berlingo blanca.<\/h3>\n<h3 class=\"adserver-zonas-noticias\" data-index=\"0\"><img fetchpriority=\"high\" decoding=\"async\" class=\"wp-image-22653 aligncenter\" src=\"https:\/\/apuntesdesanluis.com\/wp-content\/uploads\/2024\/09\/detenido-muerte-policia-300x206.jpg\" alt=\"\" width=\"655\" height=\"450\" srcset=\"https:\/\/apuntesdesanluis.com\/wp-content\/uploads\/2024\/09\/detenido-muerte-policia-300x206.jpg 300w, https:\/\/apuntesdesanluis.com\/wp-content\/uploads\/2024\/09\/detenido-muerte-policia.jpg 684w\" sizes=\"(max-width: 655px) 100vw, 655px\" \/><\/h3>\n<h3>Lescano, de 33 a\u00f1os y con antecedentes penales por robo, fue detenido junto a otra persona que lo acompa\u00f1aba en el veh\u00edculo. Ambos quedaron a disposici\u00f3n de la Justicia, y se espera que en las pr\u00f3ximas horas se brinden m\u00e1s detalles sobre su situaci\u00f3n judicial.<\/h3>\n<h3>El luctuoso hecho ocurri\u00f3 el viernes por la noche, cuando la v\u00edctima junto a otro efectivo concurrieron ante un llamado de emergencia, por el robo a una casa.<\/h3>\n<h3>El pr\u00f3fugo iba a bordo de un veh\u00edculo &#8211; una berlingo blanca &#8211; con otra persona e intentaba salir de la provincia. Su acompa\u00f1ante tambi\u00e9n qued\u00f3 detenido.<\/h3>\n<h3>Como se recordar \u00e1, en las primeras horas del s\u00e1bado la Polic\u00eda pudo dar con el otro delincuente buscado, Mauro Maximiliano Vieyra Villegas de 29 a\u00f1os. Estaba herido de un disparo en cercan\u00edas al lugar del hecho y por la tarde muri\u00f3 en el Hospital de la Villa de Merlo.<\/h3>\n<p>&nbsp;<\/p>\n<p>&nbsp;<\/p>\n<p>&nbsp;<\/p>\n<p>&nbsp;<\/p>\n<p>&nbsp;<\/p>\n<p>&nbsp;<\/p>\n","protected":false},"excerpt":{"rendered":"<p>Este domingo la polic\u00eda comunic\u00f3 que en el puesto de control de La Punilla se&#8230;<\/p>\n","protected":false},"author":1,"featured_media":22654,"comment_status":"closed","ping_status":"closed","sticky":false,"template":"","format":"standard","meta":{"footnotes":""},"categories":[6],"tags":[],"class_list":["post-22652","post","type-post","status-publish","format-standard","has-post-thumbnail","hentry","category-ciudad-provincia"],"yoast_head":"<!-- This site is optimized with the Yoast SEO plugin v26.1.1 - https:\/\/yoast.com\/wordpress\/plugins\/seo\/ -->\n<title>FUE CAPTURADO EL OTRO PR\u00d3FUGO SOSPECHADO DE MATAR AL POLIC\u00cdA - Apuntes de San Luis<\/title>\n<meta name=\"robots\" content=\"index, follow, max-snippet:-1, max-image-preview:large, max-video-preview:-1\" \/>\n<link rel=\"canonical\" href=\"https:\/\/apuntesdesanluis.com\/index.php\/2024\/09\/22\/fue-capturado-el-otro-profugo-sospechado-de-matar-al-policia\/\" \/>\n<meta property=\"og:locale\" content=\"es_ES\" \/>\n<meta property=\"og:type\" content=\"article\" \/>\n<meta property=\"og:title\" content=\"FUE CAPTURADO EL OTRO PR\u00d3FUGO SOSPECHADO DE MATAR AL POLIC\u00cdA - Apuntes de San Luis\" \/>\n<meta property=\"og:description\" content=\"Este domingo la polic\u00eda comunic\u00f3 que en el puesto de control de La Punilla se...\" \/>\n<meta property=\"og:url\" content=\"https:\/\/apuntesdesanluis.com\/index.php\/2024\/09\/22\/fue-capturado-el-otro-profugo-sospechado-de-matar-al-policia\/\" \/>\n<meta property=\"og:site_name\" content=\"Apuntes de San Luis\" \/>\n<meta property=\"article:published_time\" content=\"2024-09-22T16:33:18+00:00\" \/>\n<meta property=\"og:image\" content=\"https:\/\/apuntesdesanluis.com\/wp-content\/uploads\/2024\/09\/delincuente.png\" \/>\n\t<meta property=\"og:image:width\" content=\"676\" \/>\n\t<meta property=\"og:image:height\" content=\"405\" \/>\n\t<meta property=\"og:image:type\" content=\"image\/png\" \/>\n<meta name=\"author\" content=\"apuntesdesanluis.com\" \/>\n<meta name=\"twitter:card\" content=\"summary_large_image\" \/>\n<meta name=\"twitter:label1\" content=\"Escrito por\" \/>\n\t<meta name=\"twitter:data1\" content=\"apuntesdesanluis.com\" \/>\n\t<meta name=\"twitter:label2\" content=\"Tiempo de lectura\" \/>\n\t<meta name=\"twitter:data2\" content=\"2 minutos\" \/>\n<script type=\"application\/ld+json\" class=\"yoast-schema-graph\">{\"@context\":\"https:\/\/schema.org\",\"@graph\":[{\"@type\":\"Article\",\"@id\":\"https:\/\/apuntesdesanluis.com\/index.php\/2024\/09\/22\/fue-capturado-el-otro-profugo-sospechado-de-matar-al-policia\/#article\",\"isPartOf\":{\"@id\":\"https:\/\/apuntesdesanluis.com\/index.php\/2024\/09\/22\/fue-capturado-el-otro-profugo-sospechado-de-matar-al-policia\/\"},\"author\":{\"name\":\"apuntesdesanluis.com\",\"@id\":\"https:\/\/apuntesdesanluis.com\/#\/schema\/person\/b55151d52296fcce64d1a72538a70b90\"},\"headline\":\"FUE CAPTURADO EL OTRO PR\u00d3FUGO SOSPECHADO DE MATAR AL POLIC\u00cdA\",\"datePublished\":\"2024-09-22T16:33:18+00:00\",\"mainEntityOfPage\":{\"@id\":\"https:\/\/apuntesdesanluis.com\/index.php\/2024\/09\/22\/fue-capturado-el-otro-profugo-sospechado-de-matar-al-policia\/\"},\"wordCount\":285,\"publisher\":{\"@id\":\"https:\/\/apuntesdesanluis.com\/#\/schema\/person\/b55151d52296fcce64d1a72538a70b90\"},\"image\":{\"@id\":\"https:\/\/apuntesdesanluis.com\/index.php\/2024\/09\/22\/fue-capturado-el-otro-profugo-sospechado-de-matar-al-policia\/#primaryimage\"},\"thumbnailUrl\":\"https:\/\/apuntesdesanluis.com\/wp-content\/uploads\/2024\/09\/delincuente.png\",\"articleSection\":[\"Ciudad\/Provincia\"],\"inLanguage\":\"es-AR\"},{\"@type\":\"WebPage\",\"@id\":\"https:\/\/apuntesdesanluis.com\/index.php\/2024\/09\/22\/fue-capturado-el-otro-profugo-sospechado-de-matar-al-policia\/\",\"url\":\"https:\/\/apuntesdesanluis.com\/index.php\/2024\/09\/22\/fue-capturado-el-otro-profugo-sospechado-de-matar-al-policia\/\",\"name\":\"FUE CAPTURADO EL OTRO PR\u00d3FUGO SOSPECHADO DE MATAR AL POLIC\u00cdA - Apuntes de San Luis\",\"isPartOf\":{\"@id\":\"https:\/\/apuntesdesanluis.com\/#website\"},\"primaryImageOfPage\":{\"@id\":\"https:\/\/apuntesdesanluis.com\/index.php\/2024\/09\/22\/fue-capturado-el-otro-profugo-sospechado-de-matar-al-policia\/#primaryimage\"},\"image\":{\"@id\":\"https:\/\/apuntesdesanluis.com\/index.php\/2024\/09\/22\/fue-capturado-el-otro-profugo-sospechado-de-matar-al-policia\/#primaryimage\"},\"thumbnailUrl\":\"https:\/\/apuntesdesanluis.com\/wp-content\/uploads\/2024\/09\/delincuente.png\",\"datePublished\":\"2024-09-22T16:33:18+00:00\",\"breadcrumb\":{\"@id\":\"https:\/\/apuntesdesanluis.com\/index.php\/2024\/09\/22\/fue-capturado-el-otro-profugo-sospechado-de-matar-al-policia\/#breadcrumb\"},\"inLanguage\":\"es-AR\",\"potentialAction\":[{\"@type\":\"ReadAction\",\"target\":[\"https:\/\/apuntesdesanluis.com\/index.php\/2024\/09\/22\/fue-capturado-el-otro-profugo-sospechado-de-matar-al-policia\/\"]}]},{\"@type\":\"ImageObject\",\"inLanguage\":\"es-AR\",\"@id\":\"https:\/\/apuntesdesanluis.com\/index.php\/2024\/09\/22\/fue-capturado-el-otro-profugo-sospechado-de-matar-al-policia\/#primaryimage\",\"url\":\"https:\/\/apuntesdesanluis.com\/wp-content\/uploads\/2024\/09\/delincuente.png\",\"contentUrl\":\"https:\/\/apuntesdesanluis.com\/wp-content\/uploads\/2024\/09\/delincuente.png\",\"width\":676,\"height\":405},{\"@type\":\"BreadcrumbList\",\"@id\":\"https:\/\/apuntesdesanluis.com\/index.php\/2024\/09\/22\/fue-capturado-el-otro-profugo-sospechado-de-matar-al-policia\/#breadcrumb\",\"itemListElement\":[{\"@type\":\"ListItem\",\"position\":1,\"name\":\"Inicio\",\"item\":\"https:\/\/apuntesdesanluis.com\/\"},{\"@type\":\"ListItem\",\"position\":2,\"name\":\"FUE CAPTURADO EL OTRO PR\u00d3FUGO SOSPECHADO DE MATAR AL POLIC\u00cdA\"}]},{\"@type\":\"WebSite\",\"@id\":\"https:\/\/apuntesdesanluis.com\/#website\",\"url\":\"https:\/\/apuntesdesanluis.com\/\",\"name\":\"Apuntes de San Luis\",\"description\":\"\",\"publisher\":{\"@id\":\"https:\/\/apuntesdesanluis.com\/#\/schema\/person\/b55151d52296fcce64d1a72538a70b90\"},\"potentialAction\":[{\"@type\":\"SearchAction\",\"target\":{\"@type\":\"EntryPoint\",\"urlTemplate\":\"https:\/\/apuntesdesanluis.com\/?s={search_term_string}\"},\"query-input\":{\"@type\":\"PropertyValueSpecification\",\"valueRequired\":true,\"valueName\":\"search_term_string\"}}],\"inLanguage\":\"es-AR\"},{\"@type\":[\"Person\",\"Organization\"],\"@id\":\"https:\/\/apuntesdesanluis.com\/#\/schema\/person\/b55151d52296fcce64d1a72538a70b90\",\"name\":\"apuntesdesanluis.com\",\"image\":{\"@type\":\"ImageObject\",\"inLanguage\":\"es-AR\",\"@id\":\"https:\/\/apuntesdesanluis.com\/#\/schema\/person\/image\/\",\"url\":\"https:\/\/apuntesdesanluis.com\/wp-content\/uploads\/2023\/07\/cropped-apuntesdesanluis.png\",\"contentUrl\":\"https:\/\/apuntesdesanluis.com\/wp-content\/uploads\/2023\/07\/cropped-apuntesdesanluis.png\",\"width\":450,\"height\":112,\"caption\":\"apuntesdesanluis.com\"},\"logo\":{\"@id\":\"https:\/\/apuntesdesanluis.com\/#\/schema\/person\/image\/\"},\"sameAs\":[\"https:\/\/apuntesdesanluis.com\"],\"url\":\"https:\/\/apuntesdesanluis.com\/index.php\/author\/apuntesdesanluis-com\/\"}]}<\/script>\n<!-- \/ Yoast SEO plugin. -->","yoast_head_json":{"title":"FUE CAPTURADO EL OTRO PR\u00d3FUGO SOSPECHADO DE MATAR AL POLIC\u00cdA - Apuntes de San Luis","robots":{"index":"index","follow":"follow","max-snippet":"max-snippet:-1","max-image-preview":"max-image-preview:large","max-video-preview":"max-video-preview:-1"},"canonical":"https:\/\/apuntesdesanluis.com\/index.php\/2024\/09\/22\/fue-capturado-el-otro-profugo-sospechado-de-matar-al-policia\/","og_locale":"es_ES","og_type":"article","og_title":"FUE CAPTURADO EL OTRO PR\u00d3FUGO SOSPECHADO DE MATAR AL POLIC\u00cdA - Apuntes de San Luis","og_description":"Este domingo la polic\u00eda comunic\u00f3 que en el puesto de control de La Punilla se...","og_url":"https:\/\/apuntesdesanluis.com\/index.php\/2024\/09\/22\/fue-capturado-el-otro-profugo-sospechado-de-matar-al-policia\/","og_site_name":"Apuntes de San Luis","article_published_time":"2024-09-22T16:33:18+00:00","og_image":[{"width":676,"height":405,"url":"https:\/\/apuntesdesanluis.com\/wp-content\/uploads\/2024\/09\/delincuente.png","type":"image\/png"}],"author":"apuntesdesanluis.com","twitter_card":"summary_large_image","twitter_misc":{"Escrito por":"apuntesdesanluis.com","Tiempo de lectura":"2 minutos"},"schema":{"@context":"https:\/\/schema.org","@graph":[{"@type":"Article","@id":"https:\/\/apuntesdesanluis.com\/index.php\/2024\/09\/22\/fue-capturado-el-otro-profugo-sospechado-de-matar-al-policia\/#article","isPartOf":{"@id":"https:\/\/apuntesdesanluis.com\/index.php\/2024\/09\/22\/fue-capturado-el-otro-profugo-sospechado-de-matar-al-policia\/"},"author":{"name":"apuntesdesanluis.com","@id":"https:\/\/apuntesdesanluis.com\/#\/schema\/person\/b55151d52296fcce64d1a72538a70b90"},"headline":"FUE CAPTURADO EL OTRO PR\u00d3FUGO SOSPECHADO DE MATAR AL POLIC\u00cdA","datePublished":"2024-09-22T16:33:18+00:00","mainEntityOfPage":{"@id":"https:\/\/apuntesdesanluis.com\/index.php\/2024\/09\/22\/fue-capturado-el-otro-profugo-sospechado-de-matar-al-policia\/"},"wordCount":285,"publisher":{"@id":"https:\/\/apuntesdesanluis.com\/#\/schema\/person\/b55151d52296fcce64d1a72538a70b90"},"image":{"@id":"https:\/\/apuntesdesanluis.com\/index.php\/2024\/09\/22\/fue-capturado-el-otro-profugo-sospechado-de-matar-al-policia\/#primaryimage"},"thumbnailUrl":"https:\/\/apuntesdesanluis.com\/wp-content\/uploads\/2024\/09\/delincuente.png","articleSection":["Ciudad\/Provincia"],"inLanguage":"es-AR"},{"@type":"WebPage","@id":"https:\/\/apuntesdesanluis.com\/index.php\/2024\/09\/22\/fue-capturado-el-otro-profugo-sospechado-de-matar-al-policia\/","url":"https:\/\/apuntesdesanluis.com\/index.php\/2024\/09\/22\/fue-capturado-el-otro-profugo-sospechado-de-matar-al-policia\/","name":"FUE CAPTURADO EL OTRO PR\u00d3FUGO SOSPECHADO DE MATAR AL POLIC\u00cdA - Apuntes de San Luis","isPartOf":{"@id":"https:\/\/apuntesdesanluis.com\/#website"},"primaryImageOfPage":{"@id":"https:\/\/apuntesdesanluis.com\/index.php\/2024\/09\/22\/fue-capturado-el-otro-profugo-sospechado-de-matar-al-policia\/#primaryimage"},"image":{"@id":"https:\/\/apuntesdesanluis.com\/index.php\/2024\/09\/22\/fue-capturado-el-otro-profugo-sospechado-de-matar-al-policia\/#primaryimage"},"thumbnailUrl":"https:\/\/apuntesdesanluis.com\/wp-content\/uploads\/2024\/09\/delincuente.png","datePublished":"2024-09-22T16:33:18+00:00","breadcrumb":{"@id":"https:\/\/apuntesdesanluis.com\/index.php\/2024\/09\/22\/fue-capturado-el-otro-profugo-sospechado-de-matar-al-policia\/#breadcrumb"},"inLanguage":"es-AR","potentialAction":[{"@type":"ReadAction","target":["https:\/\/apuntesdesanluis.com\/index.php\/2024\/09\/22\/fue-capturado-el-otro-profugo-sospechado-de-matar-al-policia\/"]}]},{"@type":"ImageObject","inLanguage":"es-AR","@id":"https:\/\/apuntesdesanluis.com\/index.php\/2024\/09\/22\/fue-capturado-el-otro-profugo-sospechado-de-matar-al-policia\/#primaryimage","url":"https:\/\/apuntesdesanluis.com\/wp-content\/uploads\/2024\/09\/delincuente.png","contentUrl":"https:\/\/apuntesdesanluis.com\/wp-content\/uploads\/2024\/09\/delincuente.png","width":676,"height":405},{"@type":"BreadcrumbList","@id":"https:\/\/apuntesdesanluis.com\/index.php\/2024\/09\/22\/fue-capturado-el-otro-profugo-sospechado-de-matar-al-policia\/#breadcrumb","itemListElement":[{"@type":"ListItem","position":1,"name":"Inicio","item":"https:\/\/apuntesdesanluis.com\/"},{"@type":"ListItem","position":2,"name":"FUE CAPTURADO EL OTRO PR\u00d3FUGO SOSPECHADO DE MATAR AL POLIC\u00cdA"}]},{"@type":"WebSite","@id":"https:\/\/apuntesdesanluis.com\/#website","url":"https:\/\/apuntesdesanluis.com\/","name":"Apuntes de San Luis","description":"","publisher":{"@id":"https:\/\/apuntesdesanluis.com\/#\/schema\/person\/b55151d52296fcce64d1a72538a70b90"},"potentialAction":[{"@type":"SearchAction","target":{"@type":"EntryPoint","urlTemplate":"https:\/\/apuntesdesanluis.com\/?s={search_term_string}"},"query-input":{"@type":"PropertyValueSpecification","valueRequired":true,"valueName":"search_term_string"}}],"inLanguage":"es-AR"},{"@type":["Person","Organization"],"@id":"https:\/\/apuntesdesanluis.com\/#\/schema\/person\/b55151d52296fcce64d1a72538a70b90","name":"apuntesdesanluis.com","image":{"@type":"ImageObject","inLanguage":"es-AR","@id":"https:\/\/apuntesdesanluis.com\/#\/schema\/person\/image\/","url":"https:\/\/apuntesdesanluis.com\/wp-content\/uploads\/2023\/07\/cropped-apuntesdesanluis.png","contentUrl":"https:\/\/apuntesdesanluis.com\/wp-content\/uploads\/2023\/07\/cropped-apuntesdesanluis.png","width":450,"height":112,"caption":"apuntesdesanluis.com"},"logo":{"@id":"https:\/\/apuntesdesanluis.com\/#\/schema\/person\/image\/"},"sameAs":["https:\/\/apuntesdesanluis.com"],"url":"https:\/\/apuntesdesanluis.com\/index.php\/author\/apuntesdesanluis-com\/"}]}},"featured_image_urls":{"full":["https:\/\/apuntesdesanluis.com\/wp-content\/uploads\/2024\/09\/delincuente.png",676,405,false],"thumbnail":["https:\/\/apuntesdesanluis.com\/wp-content\/uploads\/2024\/09\/delincuente-150x150.png",150,150,true],"medium":["https:\/\/apuntesdesanluis.com\/wp-content\/uploads\/2024\/09\/delincuente-300x180.png",300,180,true],"medium_large":["https:\/\/apuntesdesanluis.com\/wp-content\/uploads\/2024\/09\/delincuente.png",640,383,false],"large":["https:\/\/apuntesdesanluis.com\/wp-content\/uploads\/2024\/09\/delincuente.png",640,383,false],"1536x1536":["https:\/\/apuntesdesanluis.com\/wp-content\/uploads\/2024\/09\/delincuente.png",676,405,false],"2048x2048":["https:\/\/apuntesdesanluis.com\/wp-content\/uploads\/2024\/09\/delincuente.png",676,405,false],"newsever-slider-full":["https:\/\/apuntesdesanluis.com\/wp-content\/uploads\/2024\/09\/delincuente.png",676,405,false],"newsever-featured":["https:\/\/apuntesdesanluis.com\/wp-content\/uploads\/2024\/09\/delincuente.png",676,405,false],"newsever-medium":["https:\/\/apuntesdesanluis.com\/wp-content\/uploads\/2024\/09\/delincuente.png",676,405,false]},"author_info":{"display_name":"apuntesdesanluis.com","author_link":"https:\/\/apuntesdesanluis.com\/index.php\/author\/apuntesdesanluis-com\/"},"category_info":"<a href=\"https:\/\/apuntesdesanluis.com\/index.php\/category\/ciudad-provincia\/\" rel=\"category tag\">Ciudad\/Provincia<\/a>","tag_info":"Ciudad\/Provincia","comment_count":"0","_links":{"self":[{"href":"https:\/\/apuntesdesanluis.com\/index.php\/wp-json\/wp\/v2\/posts\/22652","targetHints":{"allow":["GET"]}}],"collection":[{"href":"https:\/\/apuntesdesanluis.com\/index.php\/wp-json\/wp\/v2\/posts"}],"about":[{"href":"https:\/\/apuntesdesanluis.com\/index.php\/wp-json\/wp\/v2\/types\/post"}],"author":[{"embeddable":true,"href":"https:\/\/apuntesdesanluis.com\/index.php\/wp-json\/wp\/v2\/users\/1"}],"replies":[{"embeddable":true,"href":"https:\/\/apuntesdesanluis.com\/index.php\/wp-json\/wp\/v2\/comments?post=22652"}],"version-history":[{"count":1,"href":"https:\/\/apuntesdesanluis.com\/index.php\/wp-json\/wp\/v2\/posts\/22652\/revisions"}],"predecessor-version":[{"id":22655,"href":"https:\/\/apuntesdesanluis.com\/index.php\/wp-json\/wp\/v2\/posts\/22652\/revisions\/22655"}],"wp:featuredmedia":[{"embeddable":true,"href":"https:\/\/apuntesdesanluis.com\/index.php\/wp-json\/wp\/v2\/media\/22654"}],"wp:attachment":[{"href":"https:\/\/apuntesdesanluis.com\/index.php\/wp-json\/wp\/v2\/media?parent=22652"}],"wp:term":[{"taxonomy":"category","embeddable":true,"href":"https:\/\/apuntesdesanluis.com\/index.php\/wp-json\/wp\/v2\/categories?post=22652"},{"taxonomy":"post_tag","embeddable":true,"href":"https:\/\/apuntesdesanluis.com\/index.php\/wp-json\/wp\/v2\/tags?post=22652"}],"curies":[{"name":"wp","href":"https:\/\/api.w.org\/{rel}","templated":true}]}}