{"id":22659,"date":"2024-09-22T18:51:44","date_gmt":"2024-09-22T21:51:44","guid":{"rendered":"https:\/\/apuntesdesanluis.com\/?p=22659"},"modified":"2024-09-22T18:51:44","modified_gmt":"2024-09-22T21:51:44","slug":"agosto-cerro-con-superavit-pero-el-996-fue-a-pagar-deuda","status":"publish","type":"post","link":"https:\/\/apuntesdesanluis.com\/index.php\/2024\/09\/22\/agosto-cerro-con-superavit-pero-el-996-fue-a-pagar-deuda\/","title":{"rendered":"AGOSTO CERR\u00d3 CON SUPER\u00c1VIT PERO EL 99,6% FUE A PAGAR DEUDA"},"content":{"rendered":"<h3>El gobierno de Javier Milei cerr\u00f3 agosto de 2024 con un super\u00e1vit fiscal de $899.660 millones, seg\u00fan el \u00faltimo informe del Centro de Econom\u00eda Pol\u00edtica Argentina (CEPA).<\/h3>\n<h3>Sin embargo, este saldo positivo en las cuentas p\u00fablicas refleja un panorama complejo: el 99,6% de ese super\u00e1vit fue destinado al pago de intereses de la deuda, con un resultado neto de apenas $3.531 millones para el pa\u00eds.<\/h3>\n<h3>El equilibrio fiscal, es uno de los pilares de la pol\u00edtica econ\u00f3mica del gobierno. Mientras que en la calle el ajuste es cada vez m\u00e1s palpable, con 50% de pobreza en el primer semestre, los fondos se destinan casi por completo a cubrir los compromisos de deuda.<\/h3>\n<h3>De los $899.660 millones de super\u00e1vit, $896.130 millones fueron usados para pagar intereses. Esto deja poco margen para otras necesidades fiscales y, al excluir algunos pasivos, como los intereses de Letras del Tesoro (LEFI y LECAPS), el saldo real ser\u00eda deficitario.<\/h3>\n<h3>A pesar de las se\u00f1ales de super\u00e1vit, el ajuste en el gasto p\u00fablico es la principal raz\u00f3n de este equilibrio. En agosto, el gasto p\u00fablico se redujo a $7,8 billones, una ca\u00edda del 23,7% en t\u00e9rminos reales (ajustada por inflaci\u00f3n) en comparaci\u00f3n con el mismo mes de 2023.<\/h3>\n<h3>Esta fuerte contracci\u00f3n ha impactado de manera dr\u00e1stica en \u00e1reas clave como la educaci\u00f3n, con una reducci\u00f3n del 92%, y la vivienda, tambi\u00e9n con una ca\u00edda del 92%. El transporte (-73%), las transferencias a provincias (-41%) y a universidades (-31%) tambi\u00e9n se han visto gravemente afectados.<\/h3>\n<h3>A pesar de los ajustes generalizados, dos \u00e1reas lograron escapar de la tijera del gasto p\u00fablico: los subsidios al transporte y los fondos destinados a beneficiarios de la Asignaci\u00f3n Universal por Hijo (AUH). Ambos rubros experimentaron incrementos, aunque estos aumentos no compensan las dr\u00e1sticas reducciones en otras partidas.<\/h3>\n<h3><strong>DRAM\u00c1TICA CA\u00cdDA EN LOS INGRESOS DEL ESTADO<\/strong><\/h3>\n<h3>El informe del CEPA tambi\u00e9n se\u00f1ala una ca\u00edda preocupante en los ingresos del Sector P\u00fablico Nacional (SPN), que en agosto alcanzaron los $8,7 billones, lo que representa una disminuci\u00f3n del 13,9% interanual, ajustada por inflaci\u00f3n. Esta es la segunda ca\u00edda m\u00e1s significativa en lo que va del a\u00f1o y refleja el deterioro de la recaudaci\u00f3n en \u00e1reas clave.<\/h3>\n<h3>El principal componente de esta merma fue la baja en los aportes y contribuciones del sector privado y p\u00fablico a la seguridad social, que se desplomaron un 71% en t\u00e9rminos interanuales. Otras ca\u00eddas importantes incluyen las transferencias corrientes (-56%), los derechos de importaci\u00f3n (-33%) y la recaudaci\u00f3n de bienes personales (-29%).<\/h3>\n<h3>En contraste con la tendencia general, los derechos de exportaci\u00f3n fueron el \u00fanico \u00edtem que mostr\u00f3 un incremento en la recaudaci\u00f3n. Luego de una profunda ca\u00edda en junio (-43,7%), este apartado ha mostrado signos de recuperaci\u00f3n y en agosto creci\u00f3 un 24% en t\u00e9rminos interanuales. Este repunte, aunque positivo, no logra contrarrestar la magnitud de las ca\u00eddas en otros rubros de ingresos.<\/h3>\n<p>&nbsp;<\/p>\n<p>&nbsp;<\/p>\n<p>&nbsp;<\/p>\n<p>&nbsp;<\/p>\n<p>&nbsp;<\/p>\n<p>&nbsp;<\/p>\n","protected":false},"excerpt":{"rendered":"<p>El gobierno de Javier Milei cerr\u00f3 agosto de 2024 con un super\u00e1vit fiscal de $899.660&#8230;<\/p>\n","protected":false},"author":1,"featured_media":16020,"comment_status":"closed","ping_status":"closed","sticky":false,"template":"","format":"standard","meta":{"footnotes":""},"categories":[5],"tags":[],"class_list":["post-22659","post","type-post","status-publish","format-standard","has-post-thumbnail","hentry","category-nacionales-internacionales"],"yoast_head":"<!-- This site is optimized with the Yoast SEO plugin v26.1.1 - https:\/\/yoast.com\/wordpress\/plugins\/seo\/ -->\n<title>AGOSTO CERR\u00d3 CON SUPER\u00c1VIT PERO EL 99,6% FUE A PAGAR DEUDA - Apuntes de San Luis<\/title>\n<meta name=\"robots\" content=\"index, follow, max-snippet:-1, max-image-preview:large, max-video-preview:-1\" \/>\n<link rel=\"canonical\" href=\"https:\/\/apuntesdesanluis.com\/index.php\/2024\/09\/22\/agosto-cerro-con-superavit-pero-el-996-fue-a-pagar-deuda\/\" \/>\n<meta property=\"og:locale\" content=\"es_ES\" \/>\n<meta property=\"og:type\" content=\"article\" \/>\n<meta property=\"og:title\" content=\"AGOSTO CERR\u00d3 CON SUPER\u00c1VIT PERO EL 99,6% FUE A PAGAR DEUDA - Apuntes de San Luis\" \/>\n<meta property=\"og:description\" content=\"El gobierno de Javier Milei cerr\u00f3 agosto de 2024 con un super\u00e1vit fiscal de $899.660...\" \/>\n<meta property=\"og:url\" content=\"https:\/\/apuntesdesanluis.com\/index.php\/2024\/09\/22\/agosto-cerro-con-superavit-pero-el-996-fue-a-pagar-deuda\/\" \/>\n<meta property=\"og:site_name\" content=\"Apuntes de San Luis\" \/>\n<meta property=\"article:published_time\" content=\"2024-09-22T21:51:44+00:00\" \/>\n<meta property=\"og:image\" content=\"https:\/\/apuntesdesanluis.com\/wp-content\/uploads\/2024\/05\/MILEI-3.png\" \/>\n\t<meta property=\"og:image:width\" content=\"781\" \/>\n\t<meta property=\"og:image:height\" content=\"456\" \/>\n\t<meta property=\"og:image:type\" content=\"image\/png\" \/>\n<meta name=\"author\" content=\"apuntesdesanluis.com\" \/>\n<meta name=\"twitter:card\" content=\"summary_large_image\" \/>\n<meta name=\"twitter:label1\" content=\"Escrito por\" \/>\n\t<meta name=\"twitter:data1\" content=\"apuntesdesanluis.com\" \/>\n\t<meta name=\"twitter:label2\" content=\"Tiempo de lectura\" \/>\n\t<meta name=\"twitter:data2\" content=\"3 minutos\" \/>\n<script type=\"application\/ld+json\" class=\"yoast-schema-graph\">{\"@context\":\"https:\/\/schema.org\",\"@graph\":[{\"@type\":\"Article\",\"@id\":\"https:\/\/apuntesdesanluis.com\/index.php\/2024\/09\/22\/agosto-cerro-con-superavit-pero-el-996-fue-a-pagar-deuda\/#article\",\"isPartOf\":{\"@id\":\"https:\/\/apuntesdesanluis.com\/index.php\/2024\/09\/22\/agosto-cerro-con-superavit-pero-el-996-fue-a-pagar-deuda\/\"},\"author\":{\"name\":\"apuntesdesanluis.com\",\"@id\":\"https:\/\/apuntesdesanluis.com\/#\/schema\/person\/b55151d52296fcce64d1a72538a70b90\"},\"headline\":\"AGOSTO CERR\u00d3 CON SUPER\u00c1VIT PERO EL 99,6% FUE A PAGAR DEUDA\",\"datePublished\":\"2024-09-22T21:51:44+00:00\",\"mainEntityOfPage\":{\"@id\":\"https:\/\/apuntesdesanluis.com\/index.php\/2024\/09\/22\/agosto-cerro-con-superavit-pero-el-996-fue-a-pagar-deuda\/\"},\"wordCount\":528,\"publisher\":{\"@id\":\"https:\/\/apuntesdesanluis.com\/#\/schema\/person\/b55151d52296fcce64d1a72538a70b90\"},\"image\":{\"@id\":\"https:\/\/apuntesdesanluis.com\/index.php\/2024\/09\/22\/agosto-cerro-con-superavit-pero-el-996-fue-a-pagar-deuda\/#primaryimage\"},\"thumbnailUrl\":\"https:\/\/apuntesdesanluis.com\/wp-content\/uploads\/2024\/05\/MILEI-3.png\",\"articleSection\":[\"Nacionales\/Internacionales\"],\"inLanguage\":\"es-AR\"},{\"@type\":\"WebPage\",\"@id\":\"https:\/\/apuntesdesanluis.com\/index.php\/2024\/09\/22\/agosto-cerro-con-superavit-pero-el-996-fue-a-pagar-deuda\/\",\"url\":\"https:\/\/apuntesdesanluis.com\/index.php\/2024\/09\/22\/agosto-cerro-con-superavit-pero-el-996-fue-a-pagar-deuda\/\",\"name\":\"AGOSTO CERR\u00d3 CON SUPER\u00c1VIT PERO EL 99,6% FUE A PAGAR DEUDA - Apuntes de San Luis\",\"isPartOf\":{\"@id\":\"https:\/\/apuntesdesanluis.com\/#website\"},\"primaryImageOfPage\":{\"@id\":\"https:\/\/apuntesdesanluis.com\/index.php\/2024\/09\/22\/agosto-cerro-con-superavit-pero-el-996-fue-a-pagar-deuda\/#primaryimage\"},\"image\":{\"@id\":\"https:\/\/apuntesdesanluis.com\/index.php\/2024\/09\/22\/agosto-cerro-con-superavit-pero-el-996-fue-a-pagar-deuda\/#primaryimage\"},\"thumbnailUrl\":\"https:\/\/apuntesdesanluis.com\/wp-content\/uploads\/2024\/05\/MILEI-3.png\",\"datePublished\":\"2024-09-22T21:51:44+00:00\",\"breadcrumb\":{\"@id\":\"https:\/\/apuntesdesanluis.com\/index.php\/2024\/09\/22\/agosto-cerro-con-superavit-pero-el-996-fue-a-pagar-deuda\/#breadcrumb\"},\"inLanguage\":\"es-AR\",\"potentialAction\":[{\"@type\":\"ReadAction\",\"target\":[\"https:\/\/apuntesdesanluis.com\/index.php\/2024\/09\/22\/agosto-cerro-con-superavit-pero-el-996-fue-a-pagar-deuda\/\"]}]},{\"@type\":\"ImageObject\",\"inLanguage\":\"es-AR\",\"@id\":\"https:\/\/apuntesdesanluis.com\/index.php\/2024\/09\/22\/agosto-cerro-con-superavit-pero-el-996-fue-a-pagar-deuda\/#primaryimage\",\"url\":\"https:\/\/apuntesdesanluis.com\/wp-content\/uploads\/2024\/05\/MILEI-3.png\",\"contentUrl\":\"https:\/\/apuntesdesanluis.com\/wp-content\/uploads\/2024\/05\/MILEI-3.png\",\"width\":781,\"height\":456},{\"@type\":\"BreadcrumbList\",\"@id\":\"https:\/\/apuntesdesanluis.com\/index.php\/2024\/09\/22\/agosto-cerro-con-superavit-pero-el-996-fue-a-pagar-deuda\/#breadcrumb\",\"itemListElement\":[{\"@type\":\"ListItem\",\"position\":1,\"name\":\"Inicio\",\"item\":\"https:\/\/apuntesdesanluis.com\/\"},{\"@type\":\"ListItem\",\"position\":2,\"name\":\"AGOSTO CERR\u00d3 CON SUPER\u00c1VIT PERO EL 99,6% FUE A PAGAR DEUDA\"}]},{\"@type\":\"WebSite\",\"@id\":\"https:\/\/apuntesdesanluis.com\/#website\",\"url\":\"https:\/\/apuntesdesanluis.com\/\",\"name\":\"Apuntes de San Luis\",\"description\":\"\",\"publisher\":{\"@id\":\"https:\/\/apuntesdesanluis.com\/#\/schema\/person\/b55151d52296fcce64d1a72538a70b90\"},\"potentialAction\":[{\"@type\":\"SearchAction\",\"target\":{\"@type\":\"EntryPoint\",\"urlTemplate\":\"https:\/\/apuntesdesanluis.com\/?s={search_term_string}\"},\"query-input\":{\"@type\":\"PropertyValueSpecification\",\"valueRequired\":true,\"valueName\":\"search_term_string\"}}],\"inLanguage\":\"es-AR\"},{\"@type\":[\"Person\",\"Organization\"],\"@id\":\"https:\/\/apuntesdesanluis.com\/#\/schema\/person\/b55151d52296fcce64d1a72538a70b90\",\"name\":\"apuntesdesanluis.com\",\"image\":{\"@type\":\"ImageObject\",\"inLanguage\":\"es-AR\",\"@id\":\"https:\/\/apuntesdesanluis.com\/#\/schema\/person\/image\/\",\"url\":\"https:\/\/apuntesdesanluis.com\/wp-content\/uploads\/2023\/07\/cropped-apuntesdesanluis.png\",\"contentUrl\":\"https:\/\/apuntesdesanluis.com\/wp-content\/uploads\/2023\/07\/cropped-apuntesdesanluis.png\",\"width\":450,\"height\":112,\"caption\":\"apuntesdesanluis.com\"},\"logo\":{\"@id\":\"https:\/\/apuntesdesanluis.com\/#\/schema\/person\/image\/\"},\"sameAs\":[\"https:\/\/apuntesdesanluis.com\"],\"url\":\"https:\/\/apuntesdesanluis.com\/index.php\/author\/apuntesdesanluis-com\/\"}]}<\/script>\n<!-- \/ Yoast SEO plugin. -->","yoast_head_json":{"title":"AGOSTO CERR\u00d3 CON SUPER\u00c1VIT PERO EL 99,6% FUE A PAGAR DEUDA - Apuntes de San Luis","robots":{"index":"index","follow":"follow","max-snippet":"max-snippet:-1","max-image-preview":"max-image-preview:large","max-video-preview":"max-video-preview:-1"},"canonical":"https:\/\/apuntesdesanluis.com\/index.php\/2024\/09\/22\/agosto-cerro-con-superavit-pero-el-996-fue-a-pagar-deuda\/","og_locale":"es_ES","og_type":"article","og_title":"AGOSTO CERR\u00d3 CON SUPER\u00c1VIT PERO EL 99,6% FUE A PAGAR DEUDA - Apuntes de San Luis","og_description":"El gobierno de Javier Milei cerr\u00f3 agosto de 2024 con un super\u00e1vit fiscal de $899.660...","og_url":"https:\/\/apuntesdesanluis.com\/index.php\/2024\/09\/22\/agosto-cerro-con-superavit-pero-el-996-fue-a-pagar-deuda\/","og_site_name":"Apuntes de San Luis","article_published_time":"2024-09-22T21:51:44+00:00","og_image":[{"width":781,"height":456,"url":"https:\/\/apuntesdesanluis.com\/wp-content\/uploads\/2024\/05\/MILEI-3.png","type":"image\/png"}],"author":"apuntesdesanluis.com","twitter_card":"summary_large_image","twitter_misc":{"Escrito por":"apuntesdesanluis.com","Tiempo de lectura":"3 minutos"},"schema":{"@context":"https:\/\/schema.org","@graph":[{"@type":"Article","@id":"https:\/\/apuntesdesanluis.com\/index.php\/2024\/09\/22\/agosto-cerro-con-superavit-pero-el-996-fue-a-pagar-deuda\/#article","isPartOf":{"@id":"https:\/\/apuntesdesanluis.com\/index.php\/2024\/09\/22\/agosto-cerro-con-superavit-pero-el-996-fue-a-pagar-deuda\/"},"author":{"name":"apuntesdesanluis.com","@id":"https:\/\/apuntesdesanluis.com\/#\/schema\/person\/b55151d52296fcce64d1a72538a70b90"},"headline":"AGOSTO CERR\u00d3 CON SUPER\u00c1VIT PERO EL 99,6% FUE A PAGAR DEUDA","datePublished":"2024-09-22T21:51:44+00:00","mainEntityOfPage":{"@id":"https:\/\/apuntesdesanluis.com\/index.php\/2024\/09\/22\/agosto-cerro-con-superavit-pero-el-996-fue-a-pagar-deuda\/"},"wordCount":528,"publisher":{"@id":"https:\/\/apuntesdesanluis.com\/#\/schema\/person\/b55151d52296fcce64d1a72538a70b90"},"image":{"@id":"https:\/\/apuntesdesanluis.com\/index.php\/2024\/09\/22\/agosto-cerro-con-superavit-pero-el-996-fue-a-pagar-deuda\/#primaryimage"},"thumbnailUrl":"https:\/\/apuntesdesanluis.com\/wp-content\/uploads\/2024\/05\/MILEI-3.png","articleSection":["Nacionales\/Internacionales"],"inLanguage":"es-AR"},{"@type":"WebPage","@id":"https:\/\/apuntesdesanluis.com\/index.php\/2024\/09\/22\/agosto-cerro-con-superavit-pero-el-996-fue-a-pagar-deuda\/","url":"https:\/\/apuntesdesanluis.com\/index.php\/2024\/09\/22\/agosto-cerro-con-superavit-pero-el-996-fue-a-pagar-deuda\/","name":"AGOSTO CERR\u00d3 CON SUPER\u00c1VIT PERO EL 99,6% FUE A PAGAR DEUDA - Apuntes de San Luis","isPartOf":{"@id":"https:\/\/apuntesdesanluis.com\/#website"},"primaryImageOfPage":{"@id":"https:\/\/apuntesdesanluis.com\/index.php\/2024\/09\/22\/agosto-cerro-con-superavit-pero-el-996-fue-a-pagar-deuda\/#primaryimage"},"image":{"@id":"https:\/\/apuntesdesanluis.com\/index.php\/2024\/09\/22\/agosto-cerro-con-superavit-pero-el-996-fue-a-pagar-deuda\/#primaryimage"},"thumbnailUrl":"https:\/\/apuntesdesanluis.com\/wp-content\/uploads\/2024\/05\/MILEI-3.png","datePublished":"2024-09-22T21:51:44+00:00","breadcrumb":{"@id":"https:\/\/apuntesdesanluis.com\/index.php\/2024\/09\/22\/agosto-cerro-con-superavit-pero-el-996-fue-a-pagar-deuda\/#breadcrumb"},"inLanguage":"es-AR","potentialAction":[{"@type":"ReadAction","target":["https:\/\/apuntesdesanluis.com\/index.php\/2024\/09\/22\/agosto-cerro-con-superavit-pero-el-996-fue-a-pagar-deuda\/"]}]},{"@type":"ImageObject","inLanguage":"es-AR","@id":"https:\/\/apuntesdesanluis.com\/index.php\/2024\/09\/22\/agosto-cerro-con-superavit-pero-el-996-fue-a-pagar-deuda\/#primaryimage","url":"https:\/\/apuntesdesanluis.com\/wp-content\/uploads\/2024\/05\/MILEI-3.png","contentUrl":"https:\/\/apuntesdesanluis.com\/wp-content\/uploads\/2024\/05\/MILEI-3.png","width":781,"height":456},{"@type":"BreadcrumbList","@id":"https:\/\/apuntesdesanluis.com\/index.php\/2024\/09\/22\/agosto-cerro-con-superavit-pero-el-996-fue-a-pagar-deuda\/#breadcrumb","itemListElement":[{"@type":"ListItem","position":1,"name":"Inicio","item":"https:\/\/apuntesdesanluis.com\/"},{"@type":"ListItem","position":2,"name":"AGOSTO CERR\u00d3 CON SUPER\u00c1VIT PERO EL 99,6% FUE A PAGAR DEUDA"}]},{"@type":"WebSite","@id":"https:\/\/apuntesdesanluis.com\/#website","url":"https:\/\/apuntesdesanluis.com\/","name":"Apuntes de San Luis","description":"","publisher":{"@id":"https:\/\/apuntesdesanluis.com\/#\/schema\/person\/b55151d52296fcce64d1a72538a70b90"},"potentialAction":[{"@type":"SearchAction","target":{"@type":"EntryPoint","urlTemplate":"https:\/\/apuntesdesanluis.com\/?s={search_term_string}"},"query-input":{"@type":"PropertyValueSpecification","valueRequired":true,"valueName":"search_term_string"}}],"inLanguage":"es-AR"},{"@type":["Person","Organization"],"@id":"https:\/\/apuntesdesanluis.com\/#\/schema\/person\/b55151d52296fcce64d1a72538a70b90","name":"apuntesdesanluis.com","image":{"@type":"ImageObject","inLanguage":"es-AR","@id":"https:\/\/apuntesdesanluis.com\/#\/schema\/person\/image\/","url":"https:\/\/apuntesdesanluis.com\/wp-content\/uploads\/2023\/07\/cropped-apuntesdesanluis.png","contentUrl":"https:\/\/apuntesdesanluis.com\/wp-content\/uploads\/2023\/07\/cropped-apuntesdesanluis.png","width":450,"height":112,"caption":"apuntesdesanluis.com"},"logo":{"@id":"https:\/\/apuntesdesanluis.com\/#\/schema\/person\/image\/"},"sameAs":["https:\/\/apuntesdesanluis.com"],"url":"https:\/\/apuntesdesanluis.com\/index.php\/author\/apuntesdesanluis-com\/"}]}},"featured_image_urls":{"full":["https:\/\/apuntesdesanluis.com\/wp-content\/uploads\/2024\/05\/MILEI-3.png",781,456,false],"thumbnail":["https:\/\/apuntesdesanluis.com\/wp-content\/uploads\/2024\/05\/MILEI-3-150x150.png",150,150,true],"medium":["https:\/\/apuntesdesanluis.com\/wp-content\/uploads\/2024\/05\/MILEI-3-300x175.png",300,175,true],"medium_large":["https:\/\/apuntesdesanluis.com\/wp-content\/uploads\/2024\/05\/MILEI-3-768x448.png",640,373,true],"large":["https:\/\/apuntesdesanluis.com\/wp-content\/uploads\/2024\/05\/MILEI-3.png",640,374,false],"1536x1536":["https:\/\/apuntesdesanluis.com\/wp-content\/uploads\/2024\/05\/MILEI-3.png",781,456,false],"2048x2048":["https:\/\/apuntesdesanluis.com\/wp-content\/uploads\/2024\/05\/MILEI-3.png",781,456,false],"newsever-slider-full":["https:\/\/apuntesdesanluis.com\/wp-content\/uploads\/2024\/05\/MILEI-3.png",781,456,false],"newsever-featured":["https:\/\/apuntesdesanluis.com\/wp-content\/uploads\/2024\/05\/MILEI-3.png",781,456,false],"newsever-medium":["https:\/\/apuntesdesanluis.com\/wp-content\/uploads\/2024\/05\/MILEI-3-720x456.png",720,456,true]},"author_info":{"display_name":"apuntesdesanluis.com","author_link":"https:\/\/apuntesdesanluis.com\/index.php\/author\/apuntesdesanluis-com\/"},"category_info":"<a href=\"https:\/\/apuntesdesanluis.com\/index.php\/category\/nacionales-internacionales\/\" rel=\"category tag\">Nacionales\/Internacionales<\/a>","tag_info":"Nacionales\/Internacionales","comment_count":"0","_links":{"self":[{"href":"https:\/\/apuntesdesanluis.com\/index.php\/wp-json\/wp\/v2\/posts\/22659","targetHints":{"allow":["GET"]}}],"collection":[{"href":"https:\/\/apuntesdesanluis.com\/index.php\/wp-json\/wp\/v2\/posts"}],"about":[{"href":"https:\/\/apuntesdesanluis.com\/index.php\/wp-json\/wp\/v2\/types\/post"}],"author":[{"embeddable":true,"href":"https:\/\/apuntesdesanluis.com\/index.php\/wp-json\/wp\/v2\/users\/1"}],"replies":[{"embeddable":true,"href":"https:\/\/apuntesdesanluis.com\/index.php\/wp-json\/wp\/v2\/comments?post=22659"}],"version-history":[{"count":1,"href":"https:\/\/apuntesdesanluis.com\/index.php\/wp-json\/wp\/v2\/posts\/22659\/revisions"}],"predecessor-version":[{"id":22660,"href":"https:\/\/apuntesdesanluis.com\/index.php\/wp-json\/wp\/v2\/posts\/22659\/revisions\/22660"}],"wp:featuredmedia":[{"embeddable":true,"href":"https:\/\/apuntesdesanluis.com\/index.php\/wp-json\/wp\/v2\/media\/16020"}],"wp:attachment":[{"href":"https:\/\/apuntesdesanluis.com\/index.php\/wp-json\/wp\/v2\/media?parent=22659"}],"wp:term":[{"taxonomy":"category","embeddable":true,"href":"https:\/\/apuntesdesanluis.com\/index.php\/wp-json\/wp\/v2\/categories?post=22659"},{"taxonomy":"post_tag","embeddable":true,"href":"https:\/\/apuntesdesanluis.com\/index.php\/wp-json\/wp\/v2\/tags?post=22659"}],"curies":[{"name":"wp","href":"https:\/\/api.w.org\/{rel}","templated":true}]}}