{"id":22661,"date":"2024-09-22T18:59:36","date_gmt":"2024-09-22T21:59:36","guid":{"rendered":"https:\/\/apuntesdesanluis.com\/?p=22661"},"modified":"2024-09-22T18:59:36","modified_gmt":"2024-09-22T21:59:36","slug":"francos-confirmo-que-habra-cortes-de-luz-programados-y-defendio-los-aumentos-en-tarifas","status":"publish","type":"post","link":"https:\/\/apuntesdesanluis.com\/index.php\/2024\/09\/22\/francos-confirmo-que-habra-cortes-de-luz-programados-y-defendio-los-aumentos-en-tarifas\/","title":{"rendered":"FRANCOS CONFIRM\u00d3 QUE HABR\u00c1 CORTES DE LUZ PROGRAMADOS Y DEFENDI\u00d3 LOS AUMENTOS EN TARIFAS"},"content":{"rendered":"<h3>El Gobierno nacional anticip\u00f3 que habr\u00e1 cortes de luz programados durante el verano ante la alta demanda de electricidad y la falta de generaci\u00f3n que vaticinan para los primeros meses del 2025. &#8220;Va a haber una programaci\u00f3n, est\u00e1 analiz\u00e1ndose&#8221;, admiti\u00f3 el jefe de Gabinete, <strong>Guillermo Francos<\/strong>.<\/h3>\n<h3>&#8220;Si viene un verano de mucha temperatura, puede haber una demanda muy alta de electricidad. Lamentablemente, no han habido inversiones, va a faltar generaci\u00f3n y vamos a tener que programar alg\u00fan corte, sobre todo hacer algunos acuerdos con los sectores industriales&#8221;, especific\u00f3 en declaraciones radiales.<\/h3>\n<h3>En la misma l\u00ednea, aclar\u00f3: &#8220;Es una situaci\u00f3n que viene de a\u00f1os y que hay que encarar seriamente. Hay que encarar inversiones y eventualidades, no podemos estar sujeto a improvisar. La secretar\u00eda de Energ\u00eda est\u00e1 trabajando en el tema&#8221;.<\/h3>\n<h3>El titular de ministros defendi\u00f3 adem\u00e1s los aumentos de tarifas como medida para &#8220;sincerar&#8221; los valores y evitar que el Estado se haga cargo de un porcentaje de los costos a modo de subsidios.<\/h3>\n<h3>SUBSIDIOS Y TARIFAS<\/h3>\n<h3>&#8220;Una cosa no tiene que ver con la otra. Si no hay una generaci\u00f3n razonable, no se puede pedir inversi\u00f3n&#8221;, remarc\u00f3, y agreg\u00f3: &#8220;Hay que aumentar la tarifa porque si no debe subsidiar el Estado y hay que terminar con los subsidios para no tener que generar deuda, emisi\u00f3n, y no tener que generar inflaci\u00f3n, que es el objetivo fundamental&#8221;.<\/h3>\n<h3>Los dichos de Francos van en sinton\u00eda con el anticipo del secretario coordinador de Energ\u00eda y Miner\u00eda, Daniel Gonz\u00e1lez, quien plante\u00f3 que &#8220;va a ser un verano complicado&#8221;.<\/h3>\n<h3>&#8220;Tenemos restricciones del sector el\u00e9ctrico, en especial en transmisi\u00f3n. Va a ser un verano complicado&#8221;, sostuvo, al tiempo que identific\u00f3 que el problema energ\u00e9tico estar\u00e1 en la generaci\u00f3n que, seg\u00fan aclar\u00f3, &#8220;va a ser dif\u00edcil dependiendo de las temperaturas y de la situaci\u00f3n h\u00eddrica&#8221;.<\/h3>\n<h3>Por su parte, el secretario anunci\u00f3 la puesta en pie de un comit\u00e9 que &#8220;est\u00e1 trabajando en medidas de mitigaci\u00f3n&#8221;, al tiempo que aclar\u00f3 que esas soluciones deben ser &#8220;del mercado, las soluciones de fondo van a tomar tiempo&#8221;.<\/h3>\n<p>&nbsp;<\/p>\n<p>&nbsp;<\/p>\n<p>&nbsp;<\/p>\n<p>&nbsp;<\/p>\n<p>&nbsp;<\/p>\n<p>&nbsp;<\/p>\n","protected":false},"excerpt":{"rendered":"<p>El Gobierno nacional anticip\u00f3 que habr\u00e1 cortes de luz programados durante el verano ante la&#8230;<\/p>\n","protected":false},"author":1,"featured_media":22662,"comment_status":"closed","ping_status":"closed","sticky":false,"template":"","format":"standard","meta":{"footnotes":""},"categories":[5],"tags":[],"class_list":["post-22661","post","type-post","status-publish","format-standard","has-post-thumbnail","hentry","category-nacionales-internacionales"],"yoast_head":"<!-- This site is optimized with the Yoast SEO plugin v26.1.1 - https:\/\/yoast.com\/wordpress\/plugins\/seo\/ -->\n<title>FRANCOS CONFIRM\u00d3 QUE HABR\u00c1 CORTES DE LUZ PROGRAMADOS Y DEFENDI\u00d3 LOS AUMENTOS EN TARIFAS - Apuntes de San Luis<\/title>\n<meta name=\"robots\" content=\"index, follow, max-snippet:-1, max-image-preview:large, max-video-preview:-1\" \/>\n<link rel=\"canonical\" href=\"https:\/\/apuntesdesanluis.com\/index.php\/2024\/09\/22\/francos-confirmo-que-habra-cortes-de-luz-programados-y-defendio-los-aumentos-en-tarifas\/\" \/>\n<meta property=\"og:locale\" content=\"es_ES\" \/>\n<meta property=\"og:type\" content=\"article\" \/>\n<meta property=\"og:title\" content=\"FRANCOS CONFIRM\u00d3 QUE HABR\u00c1 CORTES DE LUZ PROGRAMADOS Y DEFENDI\u00d3 LOS AUMENTOS EN TARIFAS - Apuntes de San Luis\" \/>\n<meta property=\"og:description\" content=\"El Gobierno nacional anticip\u00f3 que habr\u00e1 cortes de luz programados durante el verano ante la...\" \/>\n<meta property=\"og:url\" content=\"https:\/\/apuntesdesanluis.com\/index.php\/2024\/09\/22\/francos-confirmo-que-habra-cortes-de-luz-programados-y-defendio-los-aumentos-en-tarifas\/\" \/>\n<meta property=\"og:site_name\" content=\"Apuntes de San Luis\" \/>\n<meta property=\"article:published_time\" content=\"2024-09-22T21:59:36+00:00\" \/>\n<meta property=\"og:image\" content=\"https:\/\/apuntesdesanluis.com\/wp-content\/uploads\/2024\/09\/cortes-de-luz-francos.png\" \/>\n\t<meta property=\"og:image:width\" content=\"538\" \/>\n\t<meta property=\"og:image:height\" content=\"346\" \/>\n\t<meta property=\"og:image:type\" content=\"image\/png\" \/>\n<meta name=\"author\" content=\"apuntesdesanluis.com\" \/>\n<meta name=\"twitter:card\" content=\"summary_large_image\" \/>\n<meta name=\"twitter:label1\" content=\"Escrito por\" \/>\n\t<meta name=\"twitter:data1\" content=\"apuntesdesanluis.com\" \/>\n\t<meta name=\"twitter:label2\" content=\"Tiempo de lectura\" \/>\n\t<meta name=\"twitter:data2\" content=\"2 minutos\" \/>\n<script type=\"application\/ld+json\" class=\"yoast-schema-graph\">{\"@context\":\"https:\/\/schema.org\",\"@graph\":[{\"@type\":\"Article\",\"@id\":\"https:\/\/apuntesdesanluis.com\/index.php\/2024\/09\/22\/francos-confirmo-que-habra-cortes-de-luz-programados-y-defendio-los-aumentos-en-tarifas\/#article\",\"isPartOf\":{\"@id\":\"https:\/\/apuntesdesanluis.com\/index.php\/2024\/09\/22\/francos-confirmo-que-habra-cortes-de-luz-programados-y-defendio-los-aumentos-en-tarifas\/\"},\"author\":{\"name\":\"apuntesdesanluis.com\",\"@id\":\"https:\/\/apuntesdesanluis.com\/#\/schema\/person\/b55151d52296fcce64d1a72538a70b90\"},\"headline\":\"FRANCOS CONFIRM\u00d3 QUE HABR\u00c1 CORTES DE LUZ PROGRAMADOS Y DEFENDI\u00d3 LOS AUMENTOS EN TARIFAS\",\"datePublished\":\"2024-09-22T21:59:36+00:00\",\"mainEntityOfPage\":{\"@id\":\"https:\/\/apuntesdesanluis.com\/index.php\/2024\/09\/22\/francos-confirmo-que-habra-cortes-de-luz-programados-y-defendio-los-aumentos-en-tarifas\/\"},\"wordCount\":385,\"publisher\":{\"@id\":\"https:\/\/apuntesdesanluis.com\/#\/schema\/person\/b55151d52296fcce64d1a72538a70b90\"},\"image\":{\"@id\":\"https:\/\/apuntesdesanluis.com\/index.php\/2024\/09\/22\/francos-confirmo-que-habra-cortes-de-luz-programados-y-defendio-los-aumentos-en-tarifas\/#primaryimage\"},\"thumbnailUrl\":\"https:\/\/apuntesdesanluis.com\/wp-content\/uploads\/2024\/09\/cortes-de-luz-francos.png\",\"articleSection\":[\"Nacionales\/Internacionales\"],\"inLanguage\":\"es-AR\"},{\"@type\":\"WebPage\",\"@id\":\"https:\/\/apuntesdesanluis.com\/index.php\/2024\/09\/22\/francos-confirmo-que-habra-cortes-de-luz-programados-y-defendio-los-aumentos-en-tarifas\/\",\"url\":\"https:\/\/apuntesdesanluis.com\/index.php\/2024\/09\/22\/francos-confirmo-que-habra-cortes-de-luz-programados-y-defendio-los-aumentos-en-tarifas\/\",\"name\":\"FRANCOS CONFIRM\u00d3 QUE HABR\u00c1 CORTES DE LUZ PROGRAMADOS Y DEFENDI\u00d3 LOS AUMENTOS EN TARIFAS - Apuntes de San Luis\",\"isPartOf\":{\"@id\":\"https:\/\/apuntesdesanluis.com\/#website\"},\"primaryImageOfPage\":{\"@id\":\"https:\/\/apuntesdesanluis.com\/index.php\/2024\/09\/22\/francos-confirmo-que-habra-cortes-de-luz-programados-y-defendio-los-aumentos-en-tarifas\/#primaryimage\"},\"image\":{\"@id\":\"https:\/\/apuntesdesanluis.com\/index.php\/2024\/09\/22\/francos-confirmo-que-habra-cortes-de-luz-programados-y-defendio-los-aumentos-en-tarifas\/#primaryimage\"},\"thumbnailUrl\":\"https:\/\/apuntesdesanluis.com\/wp-content\/uploads\/2024\/09\/cortes-de-luz-francos.png\",\"datePublished\":\"2024-09-22T21:59:36+00:00\",\"breadcrumb\":{\"@id\":\"https:\/\/apuntesdesanluis.com\/index.php\/2024\/09\/22\/francos-confirmo-que-habra-cortes-de-luz-programados-y-defendio-los-aumentos-en-tarifas\/#breadcrumb\"},\"inLanguage\":\"es-AR\",\"potentialAction\":[{\"@type\":\"ReadAction\",\"target\":[\"https:\/\/apuntesdesanluis.com\/index.php\/2024\/09\/22\/francos-confirmo-que-habra-cortes-de-luz-programados-y-defendio-los-aumentos-en-tarifas\/\"]}]},{\"@type\":\"ImageObject\",\"inLanguage\":\"es-AR\",\"@id\":\"https:\/\/apuntesdesanluis.com\/index.php\/2024\/09\/22\/francos-confirmo-que-habra-cortes-de-luz-programados-y-defendio-los-aumentos-en-tarifas\/#primaryimage\",\"url\":\"https:\/\/apuntesdesanluis.com\/wp-content\/uploads\/2024\/09\/cortes-de-luz-francos.png\",\"contentUrl\":\"https:\/\/apuntesdesanluis.com\/wp-content\/uploads\/2024\/09\/cortes-de-luz-francos.png\",\"width\":538,\"height\":346},{\"@type\":\"BreadcrumbList\",\"@id\":\"https:\/\/apuntesdesanluis.com\/index.php\/2024\/09\/22\/francos-confirmo-que-habra-cortes-de-luz-programados-y-defendio-los-aumentos-en-tarifas\/#breadcrumb\",\"itemListElement\":[{\"@type\":\"ListItem\",\"position\":1,\"name\":\"Inicio\",\"item\":\"https:\/\/apuntesdesanluis.com\/\"},{\"@type\":\"ListItem\",\"position\":2,\"name\":\"FRANCOS CONFIRM\u00d3 QUE HABR\u00c1 CORTES DE LUZ PROGRAMADOS Y DEFENDI\u00d3 LOS AUMENTOS EN TARIFAS\"}]},{\"@type\":\"WebSite\",\"@id\":\"https:\/\/apuntesdesanluis.com\/#website\",\"url\":\"https:\/\/apuntesdesanluis.com\/\",\"name\":\"Apuntes de San Luis\",\"description\":\"\",\"publisher\":{\"@id\":\"https:\/\/apuntesdesanluis.com\/#\/schema\/person\/b55151d52296fcce64d1a72538a70b90\"},\"potentialAction\":[{\"@type\":\"SearchAction\",\"target\":{\"@type\":\"EntryPoint\",\"urlTemplate\":\"https:\/\/apuntesdesanluis.com\/?s={search_term_string}\"},\"query-input\":{\"@type\":\"PropertyValueSpecification\",\"valueRequired\":true,\"valueName\":\"search_term_string\"}}],\"inLanguage\":\"es-AR\"},{\"@type\":[\"Person\",\"Organization\"],\"@id\":\"https:\/\/apuntesdesanluis.com\/#\/schema\/person\/b55151d52296fcce64d1a72538a70b90\",\"name\":\"apuntesdesanluis.com\",\"image\":{\"@type\":\"ImageObject\",\"inLanguage\":\"es-AR\",\"@id\":\"https:\/\/apuntesdesanluis.com\/#\/schema\/person\/image\/\",\"url\":\"https:\/\/apuntesdesanluis.com\/wp-content\/uploads\/2023\/07\/cropped-apuntesdesanluis.png\",\"contentUrl\":\"https:\/\/apuntesdesanluis.com\/wp-content\/uploads\/2023\/07\/cropped-apuntesdesanluis.png\",\"width\":450,\"height\":112,\"caption\":\"apuntesdesanluis.com\"},\"logo\":{\"@id\":\"https:\/\/apuntesdesanluis.com\/#\/schema\/person\/image\/\"},\"sameAs\":[\"https:\/\/apuntesdesanluis.com\"],\"url\":\"https:\/\/apuntesdesanluis.com\/index.php\/author\/apuntesdesanluis-com\/\"}]}<\/script>\n<!-- \/ Yoast SEO plugin. -->","yoast_head_json":{"title":"FRANCOS CONFIRM\u00d3 QUE HABR\u00c1 CORTES DE LUZ PROGRAMADOS Y DEFENDI\u00d3 LOS AUMENTOS EN TARIFAS - Apuntes de San Luis","robots":{"index":"index","follow":"follow","max-snippet":"max-snippet:-1","max-image-preview":"max-image-preview:large","max-video-preview":"max-video-preview:-1"},"canonical":"https:\/\/apuntesdesanluis.com\/index.php\/2024\/09\/22\/francos-confirmo-que-habra-cortes-de-luz-programados-y-defendio-los-aumentos-en-tarifas\/","og_locale":"es_ES","og_type":"article","og_title":"FRANCOS CONFIRM\u00d3 QUE HABR\u00c1 CORTES DE LUZ PROGRAMADOS Y DEFENDI\u00d3 LOS AUMENTOS EN TARIFAS - Apuntes de San Luis","og_description":"El Gobierno nacional anticip\u00f3 que habr\u00e1 cortes de luz programados durante el verano ante la...","og_url":"https:\/\/apuntesdesanluis.com\/index.php\/2024\/09\/22\/francos-confirmo-que-habra-cortes-de-luz-programados-y-defendio-los-aumentos-en-tarifas\/","og_site_name":"Apuntes de San Luis","article_published_time":"2024-09-22T21:59:36+00:00","og_image":[{"width":538,"height":346,"url":"https:\/\/apuntesdesanluis.com\/wp-content\/uploads\/2024\/09\/cortes-de-luz-francos.png","type":"image\/png"}],"author":"apuntesdesanluis.com","twitter_card":"summary_large_image","twitter_misc":{"Escrito por":"apuntesdesanluis.com","Tiempo de lectura":"2 minutos"},"schema":{"@context":"https:\/\/schema.org","@graph":[{"@type":"Article","@id":"https:\/\/apuntesdesanluis.com\/index.php\/2024\/09\/22\/francos-confirmo-que-habra-cortes-de-luz-programados-y-defendio-los-aumentos-en-tarifas\/#article","isPartOf":{"@id":"https:\/\/apuntesdesanluis.com\/index.php\/2024\/09\/22\/francos-confirmo-que-habra-cortes-de-luz-programados-y-defendio-los-aumentos-en-tarifas\/"},"author":{"name":"apuntesdesanluis.com","@id":"https:\/\/apuntesdesanluis.com\/#\/schema\/person\/b55151d52296fcce64d1a72538a70b90"},"headline":"FRANCOS CONFIRM\u00d3 QUE HABR\u00c1 CORTES DE LUZ PROGRAMADOS Y DEFENDI\u00d3 LOS AUMENTOS EN TARIFAS","datePublished":"2024-09-22T21:59:36+00:00","mainEntityOfPage":{"@id":"https:\/\/apuntesdesanluis.com\/index.php\/2024\/09\/22\/francos-confirmo-que-habra-cortes-de-luz-programados-y-defendio-los-aumentos-en-tarifas\/"},"wordCount":385,"publisher":{"@id":"https:\/\/apuntesdesanluis.com\/#\/schema\/person\/b55151d52296fcce64d1a72538a70b90"},"image":{"@id":"https:\/\/apuntesdesanluis.com\/index.php\/2024\/09\/22\/francos-confirmo-que-habra-cortes-de-luz-programados-y-defendio-los-aumentos-en-tarifas\/#primaryimage"},"thumbnailUrl":"https:\/\/apuntesdesanluis.com\/wp-content\/uploads\/2024\/09\/cortes-de-luz-francos.png","articleSection":["Nacionales\/Internacionales"],"inLanguage":"es-AR"},{"@type":"WebPage","@id":"https:\/\/apuntesdesanluis.com\/index.php\/2024\/09\/22\/francos-confirmo-que-habra-cortes-de-luz-programados-y-defendio-los-aumentos-en-tarifas\/","url":"https:\/\/apuntesdesanluis.com\/index.php\/2024\/09\/22\/francos-confirmo-que-habra-cortes-de-luz-programados-y-defendio-los-aumentos-en-tarifas\/","name":"FRANCOS CONFIRM\u00d3 QUE HABR\u00c1 CORTES DE LUZ PROGRAMADOS Y DEFENDI\u00d3 LOS AUMENTOS EN TARIFAS - Apuntes de San Luis","isPartOf":{"@id":"https:\/\/apuntesdesanluis.com\/#website"},"primaryImageOfPage":{"@id":"https:\/\/apuntesdesanluis.com\/index.php\/2024\/09\/22\/francos-confirmo-que-habra-cortes-de-luz-programados-y-defendio-los-aumentos-en-tarifas\/#primaryimage"},"image":{"@id":"https:\/\/apuntesdesanluis.com\/index.php\/2024\/09\/22\/francos-confirmo-que-habra-cortes-de-luz-programados-y-defendio-los-aumentos-en-tarifas\/#primaryimage"},"thumbnailUrl":"https:\/\/apuntesdesanluis.com\/wp-content\/uploads\/2024\/09\/cortes-de-luz-francos.png","datePublished":"2024-09-22T21:59:36+00:00","breadcrumb":{"@id":"https:\/\/apuntesdesanluis.com\/index.php\/2024\/09\/22\/francos-confirmo-que-habra-cortes-de-luz-programados-y-defendio-los-aumentos-en-tarifas\/#breadcrumb"},"inLanguage":"es-AR","potentialAction":[{"@type":"ReadAction","target":["https:\/\/apuntesdesanluis.com\/index.php\/2024\/09\/22\/francos-confirmo-que-habra-cortes-de-luz-programados-y-defendio-los-aumentos-en-tarifas\/"]}]},{"@type":"ImageObject","inLanguage":"es-AR","@id":"https:\/\/apuntesdesanluis.com\/index.php\/2024\/09\/22\/francos-confirmo-que-habra-cortes-de-luz-programados-y-defendio-los-aumentos-en-tarifas\/#primaryimage","url":"https:\/\/apuntesdesanluis.com\/wp-content\/uploads\/2024\/09\/cortes-de-luz-francos.png","contentUrl":"https:\/\/apuntesdesanluis.com\/wp-content\/uploads\/2024\/09\/cortes-de-luz-francos.png","width":538,"height":346},{"@type":"BreadcrumbList","@id":"https:\/\/apuntesdesanluis.com\/index.php\/2024\/09\/22\/francos-confirmo-que-habra-cortes-de-luz-programados-y-defendio-los-aumentos-en-tarifas\/#breadcrumb","itemListElement":[{"@type":"ListItem","position":1,"name":"Inicio","item":"https:\/\/apuntesdesanluis.com\/"},{"@type":"ListItem","position":2,"name":"FRANCOS CONFIRM\u00d3 QUE HABR\u00c1 CORTES DE LUZ PROGRAMADOS Y DEFENDI\u00d3 LOS AUMENTOS EN TARIFAS"}]},{"@type":"WebSite","@id":"https:\/\/apuntesdesanluis.com\/#website","url":"https:\/\/apuntesdesanluis.com\/","name":"Apuntes de San Luis","description":"","publisher":{"@id":"https:\/\/apuntesdesanluis.com\/#\/schema\/person\/b55151d52296fcce64d1a72538a70b90"},"potentialAction":[{"@type":"SearchAction","target":{"@type":"EntryPoint","urlTemplate":"https:\/\/apuntesdesanluis.com\/?s={search_term_string}"},"query-input":{"@type":"PropertyValueSpecification","valueRequired":true,"valueName":"search_term_string"}}],"inLanguage":"es-AR"},{"@type":["Person","Organization"],"@id":"https:\/\/apuntesdesanluis.com\/#\/schema\/person\/b55151d52296fcce64d1a72538a70b90","name":"apuntesdesanluis.com","image":{"@type":"ImageObject","inLanguage":"es-AR","@id":"https:\/\/apuntesdesanluis.com\/#\/schema\/person\/image\/","url":"https:\/\/apuntesdesanluis.com\/wp-content\/uploads\/2023\/07\/cropped-apuntesdesanluis.png","contentUrl":"https:\/\/apuntesdesanluis.com\/wp-content\/uploads\/2023\/07\/cropped-apuntesdesanluis.png","width":450,"height":112,"caption":"apuntesdesanluis.com"},"logo":{"@id":"https:\/\/apuntesdesanluis.com\/#\/schema\/person\/image\/"},"sameAs":["https:\/\/apuntesdesanluis.com"],"url":"https:\/\/apuntesdesanluis.com\/index.php\/author\/apuntesdesanluis-com\/"}]}},"featured_image_urls":{"full":["https:\/\/apuntesdesanluis.com\/wp-content\/uploads\/2024\/09\/cortes-de-luz-francos.png",538,346,false],"thumbnail":["https:\/\/apuntesdesanluis.com\/wp-content\/uploads\/2024\/09\/cortes-de-luz-francos-150x150.png",150,150,true],"medium":["https:\/\/apuntesdesanluis.com\/wp-content\/uploads\/2024\/09\/cortes-de-luz-francos-300x193.png",300,193,true],"medium_large":["https:\/\/apuntesdesanluis.com\/wp-content\/uploads\/2024\/09\/cortes-de-luz-francos.png",538,346,false],"large":["https:\/\/apuntesdesanluis.com\/wp-content\/uploads\/2024\/09\/cortes-de-luz-francos.png",538,346,false],"1536x1536":["https:\/\/apuntesdesanluis.com\/wp-content\/uploads\/2024\/09\/cortes-de-luz-francos.png",538,346,false],"2048x2048":["https:\/\/apuntesdesanluis.com\/wp-content\/uploads\/2024\/09\/cortes-de-luz-francos.png",538,346,false],"newsever-slider-full":["https:\/\/apuntesdesanluis.com\/wp-content\/uploads\/2024\/09\/cortes-de-luz-francos.png",538,346,false],"newsever-featured":["https:\/\/apuntesdesanluis.com\/wp-content\/uploads\/2024\/09\/cortes-de-luz-francos.png",538,346,false],"newsever-medium":["https:\/\/apuntesdesanluis.com\/wp-content\/uploads\/2024\/09\/cortes-de-luz-francos.png",538,346,false]},"author_info":{"display_name":"apuntesdesanluis.com","author_link":"https:\/\/apuntesdesanluis.com\/index.php\/author\/apuntesdesanluis-com\/"},"category_info":"<a href=\"https:\/\/apuntesdesanluis.com\/index.php\/category\/nacionales-internacionales\/\" rel=\"category tag\">Nacionales\/Internacionales<\/a>","tag_info":"Nacionales\/Internacionales","comment_count":"0","_links":{"self":[{"href":"https:\/\/apuntesdesanluis.com\/index.php\/wp-json\/wp\/v2\/posts\/22661","targetHints":{"allow":["GET"]}}],"collection":[{"href":"https:\/\/apuntesdesanluis.com\/index.php\/wp-json\/wp\/v2\/posts"}],"about":[{"href":"https:\/\/apuntesdesanluis.com\/index.php\/wp-json\/wp\/v2\/types\/post"}],"author":[{"embeddable":true,"href":"https:\/\/apuntesdesanluis.com\/index.php\/wp-json\/wp\/v2\/users\/1"}],"replies":[{"embeddable":true,"href":"https:\/\/apuntesdesanluis.com\/index.php\/wp-json\/wp\/v2\/comments?post=22661"}],"version-history":[{"count":1,"href":"https:\/\/apuntesdesanluis.com\/index.php\/wp-json\/wp\/v2\/posts\/22661\/revisions"}],"predecessor-version":[{"id":22663,"href":"https:\/\/apuntesdesanluis.com\/index.php\/wp-json\/wp\/v2\/posts\/22661\/revisions\/22663"}],"wp:featuredmedia":[{"embeddable":true,"href":"https:\/\/apuntesdesanluis.com\/index.php\/wp-json\/wp\/v2\/media\/22662"}],"wp:attachment":[{"href":"https:\/\/apuntesdesanluis.com\/index.php\/wp-json\/wp\/v2\/media?parent=22661"}],"wp:term":[{"taxonomy":"category","embeddable":true,"href":"https:\/\/apuntesdesanluis.com\/index.php\/wp-json\/wp\/v2\/categories?post=22661"},{"taxonomy":"post_tag","embeddable":true,"href":"https:\/\/apuntesdesanluis.com\/index.php\/wp-json\/wp\/v2\/tags?post=22661"}],"curies":[{"name":"wp","href":"https:\/\/api.w.org\/{rel}","templated":true}]}}