{"id":22669,"date":"2024-09-22T19:27:09","date_gmt":"2024-09-22T22:27:09","guid":{"rendered":"https:\/\/apuntesdesanluis.com\/?p=22669"},"modified":"2024-09-22T19:27:09","modified_gmt":"2024-09-22T22:27:09","slug":"autoridades-provinciales-acompanaron-a-la-familia-del-oficial-fuentes","status":"publish","type":"post","link":"https:\/\/apuntesdesanluis.com\/index.php\/2024\/09\/22\/autoridades-provinciales-acompanaron-a-la-familia-del-oficial-fuentes\/","title":{"rendered":"AUTORIDADES PROVINCIALES ACOMPA\u00d1ARON A LA FAMILIA DEL OFICIAL FUENTES"},"content":{"rendered":"<h3>El primer Mandatario <strong>Claudio Poggi<\/strong> estuvo presente este domingo en la despedida de los restos mortales del comisario (post morten), Renato Mauricio Fuentes.<\/h3>\n<h3>\u201dSu esposo falleci\u00f3 en un acto de servicio, salv\u00f3 la vida de otras personas; ahora s\u00f3lo tengo palabras de consuelo y de p\u00e9same; y me ocupar\u00e9 personalmente para que se haga justicia\u201d, le indic\u00f3 el gobernador a la viuda de Fuentes.<\/h3>\n<h3>Pasadas las 10:30 y en compa\u00f1\u00eda de la ministra de Seguridad, <strong>Nancy Sosa<\/strong>, el Gobernador arrib\u00f3 a la ceremonia y salud\u00f3 a los familiares directos de Fuentes. El sepelio se realiz\u00f3 en el cementerio La Lomita, en cercan\u00edas a la localidad de Lafinur.<\/h3>\n<p><img fetchpriority=\"high\" decoding=\"async\" class=\"wp-image-22672 aligncenter\" src=\"https:\/\/apuntesdesanluis.com\/wp-content\/uploads\/2024\/09\/sepelio-300x175.png\" alt=\"\" width=\"660\" height=\"385\" srcset=\"https:\/\/apuntesdesanluis.com\/wp-content\/uploads\/2024\/09\/sepelio-300x175.png 300w, https:\/\/apuntesdesanluis.com\/wp-content\/uploads\/2024\/09\/sepelio.png 711w\" sizes=\"(max-width: 660px) 100vw, 660px\" \/><\/p>\n<h3>Poggi ofreci\u00f3 sus condolencias a la esposa de polic\u00eda abatido, le hizo entrega en mano de una bandera argentina\u00a0 y le manifest\u00f3: \u201dSu esposo falleci\u00f3 en un acto de servicio, salv\u00f3 la vida de otras personas; ahora s\u00f3lo tengo palabras de consuelo y de p\u00e9same; y me ocupar\u00e9 personalmente para que se haga justicia\u201d.<\/h3>\n<h3>Fuentes, se desempe\u00f1aba en la UROP VI de la localidad de Cortaderas, Subcomisar\u00eda 22 y fue asesinado el 20 de septiembre cuando intent\u00f3 evitar un robo en una vivienda.<\/h3>\n<h3>Por su muerte, el Gobernador de San Luis decret\u00f3 dos d\u00edas de duelo y destac\u00f3 las \u201ccualidades humanas, responsabilidad, compromiso y vocaci\u00f3n de servicio\u201d del efectivo muerto.<\/h3>\n<p><img decoding=\"async\" class=\"wp-image-22673 aligncenter\" src=\"https:\/\/apuntesdesanluis.com\/wp-content\/uploads\/2024\/09\/entierro-300x169.png\" alt=\"\" width=\"680\" height=\"383\" srcset=\"https:\/\/apuntesdesanluis.com\/wp-content\/uploads\/2024\/09\/entierro-300x169.png 300w, https:\/\/apuntesdesanluis.com\/wp-content\/uploads\/2024\/09\/entierro.png 728w\" sizes=\"(max-width: 680px) 100vw, 680px\" \/><\/p>\n<h3>Las banderas Nacional y de la Provincia de San Luis permanecen izadas a media asta en todas las dependencias p\u00fablicas provinciales.<\/h3>\n<h3>ASCENSO A COMISARIO<\/h3>\n<h3>El Gobierno de San Luis, mediante el decreto firmado por Claudio Poggi, decidi\u00f3 el ascenso extraordinario post-mortem al grado de comisario del Oficial Principal Renato Mauricio Fuentes, quien fuera asesinado el viernes 20 cuando intent\u00f3 evitar un robo en la localidad de Cortaderas.<\/h3>\n<h3>Fuentes hab\u00eda ingresado a la instituci\u00f3n policial en el a\u00f1o 2008, y actualmente se desempe\u00f1aba en la Unidad Regional de Orden Publico VI, en la subcomisaria N\u00b022, justamente de Cortaderas.<\/h3>\n<p><img decoding=\"async\" class=\"wp-image-22674 aligncenter\" src=\"https:\/\/apuntesdesanluis.com\/wp-content\/uploads\/2024\/09\/renato-300x224.png\" alt=\"\" width=\"679\" height=\"507\" srcset=\"https:\/\/apuntesdesanluis.com\/wp-content\/uploads\/2024\/09\/renato-300x224.png 300w, https:\/\/apuntesdesanluis.com\/wp-content\/uploads\/2024\/09\/renato.png 735w\" sizes=\"(max-width: 679px) 100vw, 679px\" \/><\/p>\n<h3>\u201cEl suceso de marras enluta a toda la fuerza policial y a la comunidad sanluise\u00f1a y merece el reconocimiento propicio, ya que, con su accionar valiente y heroica ofrenda el Oficial Principal Renato Mauricio Fuetnes entreg\u00f3 su vida para resguardar la vida de terceros\u201d, dice una parte del texto del decreto, que agrega que \u201csu fallecimiento en acto de servicio constituye un hecho lamentable que no solo afecta a sus seres queridos, sino tambi\u00e9n a toda la comunidad policial y a la sociedad en general, evidenciando el sacrificio que los miembros de las fuerzas de seguridad est\u00e1n dispuestos a hacer en su labor diaria\u201d.<\/h3>\n<p>&nbsp;<\/p>\n<p>&nbsp;<\/p>\n<p>&nbsp;<\/p>\n<p>&nbsp;<\/p>\n<p>&nbsp;<\/p>\n<p>&nbsp;<\/p>\n<p>&nbsp;<\/p>\n","protected":false},"excerpt":{"rendered":"<p>El primer Mandatario Claudio Poggi estuvo presente este domingo en la despedida de los restos&#8230;<\/p>\n","protected":false},"author":1,"featured_media":22670,"comment_status":"closed","ping_status":"closed","sticky":false,"template":"","format":"standard","meta":{"footnotes":""},"categories":[6],"tags":[],"class_list":["post-22669","post","type-post","status-publish","format-standard","has-post-thumbnail","hentry","category-ciudad-provincia"],"yoast_head":"<!-- This site is optimized with the Yoast SEO plugin v26.1.1 - https:\/\/yoast.com\/wordpress\/plugins\/seo\/ -->\n<title>AUTORIDADES PROVINCIALES ACOMPA\u00d1ARON A LA FAMILIA DEL OFICIAL FUENTES - Apuntes de San Luis<\/title>\n<meta name=\"robots\" content=\"index, follow, max-snippet:-1, max-image-preview:large, max-video-preview:-1\" \/>\n<link rel=\"canonical\" href=\"https:\/\/apuntesdesanluis.com\/index.php\/2024\/09\/22\/autoridades-provinciales-acompanaron-a-la-familia-del-oficial-fuentes\/\" \/>\n<meta property=\"og:locale\" content=\"es_ES\" \/>\n<meta property=\"og:type\" content=\"article\" \/>\n<meta property=\"og:title\" content=\"AUTORIDADES PROVINCIALES ACOMPA\u00d1ARON A LA FAMILIA DEL OFICIAL FUENTES - Apuntes de San Luis\" \/>\n<meta property=\"og:description\" content=\"El primer Mandatario Claudio Poggi estuvo presente este domingo en la despedida de los restos...\" \/>\n<meta property=\"og:url\" content=\"https:\/\/apuntesdesanluis.com\/index.php\/2024\/09\/22\/autoridades-provinciales-acompanaron-a-la-familia-del-oficial-fuentes\/\" \/>\n<meta property=\"og:site_name\" content=\"Apuntes de San Luis\" \/>\n<meta property=\"article:published_time\" content=\"2024-09-22T22:27:09+00:00\" \/>\n<meta property=\"og:image\" content=\"https:\/\/apuntesdesanluis.com\/wp-content\/uploads\/2024\/09\/ministra-y-poggi.png\" \/>\n\t<meta property=\"og:image:width\" content=\"737\" \/>\n\t<meta property=\"og:image:height\" content=\"437\" \/>\n\t<meta property=\"og:image:type\" content=\"image\/png\" \/>\n<meta name=\"author\" content=\"apuntesdesanluis.com\" \/>\n<meta name=\"twitter:card\" content=\"summary_large_image\" \/>\n<meta name=\"twitter:label1\" content=\"Escrito por\" \/>\n\t<meta name=\"twitter:data1\" content=\"apuntesdesanluis.com\" \/>\n\t<meta name=\"twitter:label2\" content=\"Tiempo de lectura\" \/>\n\t<meta name=\"twitter:data2\" content=\"3 minutos\" \/>\n<script type=\"application\/ld+json\" class=\"yoast-schema-graph\">{\"@context\":\"https:\/\/schema.org\",\"@graph\":[{\"@type\":\"Article\",\"@id\":\"https:\/\/apuntesdesanluis.com\/index.php\/2024\/09\/22\/autoridades-provinciales-acompanaron-a-la-familia-del-oficial-fuentes\/#article\",\"isPartOf\":{\"@id\":\"https:\/\/apuntesdesanluis.com\/index.php\/2024\/09\/22\/autoridades-provinciales-acompanaron-a-la-familia-del-oficial-fuentes\/\"},\"author\":{\"name\":\"apuntesdesanluis.com\",\"@id\":\"https:\/\/apuntesdesanluis.com\/#\/schema\/person\/b55151d52296fcce64d1a72538a70b90\"},\"headline\":\"AUTORIDADES PROVINCIALES ACOMPA\u00d1ARON A LA FAMILIA DEL OFICIAL FUENTES\",\"datePublished\":\"2024-09-22T22:27:09+00:00\",\"mainEntityOfPage\":{\"@id\":\"https:\/\/apuntesdesanluis.com\/index.php\/2024\/09\/22\/autoridades-provinciales-acompanaron-a-la-familia-del-oficial-fuentes\/\"},\"wordCount\":449,\"publisher\":{\"@id\":\"https:\/\/apuntesdesanluis.com\/#\/schema\/person\/b55151d52296fcce64d1a72538a70b90\"},\"image\":{\"@id\":\"https:\/\/apuntesdesanluis.com\/index.php\/2024\/09\/22\/autoridades-provinciales-acompanaron-a-la-familia-del-oficial-fuentes\/#primaryimage\"},\"thumbnailUrl\":\"https:\/\/apuntesdesanluis.com\/wp-content\/uploads\/2024\/09\/ministra-y-poggi.png\",\"articleSection\":[\"Ciudad\/Provincia\"],\"inLanguage\":\"es-AR\"},{\"@type\":\"WebPage\",\"@id\":\"https:\/\/apuntesdesanluis.com\/index.php\/2024\/09\/22\/autoridades-provinciales-acompanaron-a-la-familia-del-oficial-fuentes\/\",\"url\":\"https:\/\/apuntesdesanluis.com\/index.php\/2024\/09\/22\/autoridades-provinciales-acompanaron-a-la-familia-del-oficial-fuentes\/\",\"name\":\"AUTORIDADES PROVINCIALES ACOMPA\u00d1ARON A LA FAMILIA DEL OFICIAL FUENTES - Apuntes de San Luis\",\"isPartOf\":{\"@id\":\"https:\/\/apuntesdesanluis.com\/#website\"},\"primaryImageOfPage\":{\"@id\":\"https:\/\/apuntesdesanluis.com\/index.php\/2024\/09\/22\/autoridades-provinciales-acompanaron-a-la-familia-del-oficial-fuentes\/#primaryimage\"},\"image\":{\"@id\":\"https:\/\/apuntesdesanluis.com\/index.php\/2024\/09\/22\/autoridades-provinciales-acompanaron-a-la-familia-del-oficial-fuentes\/#primaryimage\"},\"thumbnailUrl\":\"https:\/\/apuntesdesanluis.com\/wp-content\/uploads\/2024\/09\/ministra-y-poggi.png\",\"datePublished\":\"2024-09-22T22:27:09+00:00\",\"breadcrumb\":{\"@id\":\"https:\/\/apuntesdesanluis.com\/index.php\/2024\/09\/22\/autoridades-provinciales-acompanaron-a-la-familia-del-oficial-fuentes\/#breadcrumb\"},\"inLanguage\":\"es-AR\",\"potentialAction\":[{\"@type\":\"ReadAction\",\"target\":[\"https:\/\/apuntesdesanluis.com\/index.php\/2024\/09\/22\/autoridades-provinciales-acompanaron-a-la-familia-del-oficial-fuentes\/\"]}]},{\"@type\":\"ImageObject\",\"inLanguage\":\"es-AR\",\"@id\":\"https:\/\/apuntesdesanluis.com\/index.php\/2024\/09\/22\/autoridades-provinciales-acompanaron-a-la-familia-del-oficial-fuentes\/#primaryimage\",\"url\":\"https:\/\/apuntesdesanluis.com\/wp-content\/uploads\/2024\/09\/ministra-y-poggi.png\",\"contentUrl\":\"https:\/\/apuntesdesanluis.com\/wp-content\/uploads\/2024\/09\/ministra-y-poggi.png\",\"width\":737,\"height\":437},{\"@type\":\"BreadcrumbList\",\"@id\":\"https:\/\/apuntesdesanluis.com\/index.php\/2024\/09\/22\/autoridades-provinciales-acompanaron-a-la-familia-del-oficial-fuentes\/#breadcrumb\",\"itemListElement\":[{\"@type\":\"ListItem\",\"position\":1,\"name\":\"Inicio\",\"item\":\"https:\/\/apuntesdesanluis.com\/\"},{\"@type\":\"ListItem\",\"position\":2,\"name\":\"AUTORIDADES PROVINCIALES ACOMPA\u00d1ARON A LA FAMILIA DEL OFICIAL FUENTES\"}]},{\"@type\":\"WebSite\",\"@id\":\"https:\/\/apuntesdesanluis.com\/#website\",\"url\":\"https:\/\/apuntesdesanluis.com\/\",\"name\":\"Apuntes de San Luis\",\"description\":\"\",\"publisher\":{\"@id\":\"https:\/\/apuntesdesanluis.com\/#\/schema\/person\/b55151d52296fcce64d1a72538a70b90\"},\"potentialAction\":[{\"@type\":\"SearchAction\",\"target\":{\"@type\":\"EntryPoint\",\"urlTemplate\":\"https:\/\/apuntesdesanluis.com\/?s={search_term_string}\"},\"query-input\":{\"@type\":\"PropertyValueSpecification\",\"valueRequired\":true,\"valueName\":\"search_term_string\"}}],\"inLanguage\":\"es-AR\"},{\"@type\":[\"Person\",\"Organization\"],\"@id\":\"https:\/\/apuntesdesanluis.com\/#\/schema\/person\/b55151d52296fcce64d1a72538a70b90\",\"name\":\"apuntesdesanluis.com\",\"image\":{\"@type\":\"ImageObject\",\"inLanguage\":\"es-AR\",\"@id\":\"https:\/\/apuntesdesanluis.com\/#\/schema\/person\/image\/\",\"url\":\"https:\/\/apuntesdesanluis.com\/wp-content\/uploads\/2023\/07\/cropped-apuntesdesanluis.png\",\"contentUrl\":\"https:\/\/apuntesdesanluis.com\/wp-content\/uploads\/2023\/07\/cropped-apuntesdesanluis.png\",\"width\":450,\"height\":112,\"caption\":\"apuntesdesanluis.com\"},\"logo\":{\"@id\":\"https:\/\/apuntesdesanluis.com\/#\/schema\/person\/image\/\"},\"sameAs\":[\"https:\/\/apuntesdesanluis.com\"],\"url\":\"https:\/\/apuntesdesanluis.com\/index.php\/author\/apuntesdesanluis-com\/\"}]}<\/script>\n<!-- \/ Yoast SEO plugin. -->","yoast_head_json":{"title":"AUTORIDADES PROVINCIALES ACOMPA\u00d1ARON A LA FAMILIA DEL OFICIAL FUENTES - Apuntes de San Luis","robots":{"index":"index","follow":"follow","max-snippet":"max-snippet:-1","max-image-preview":"max-image-preview:large","max-video-preview":"max-video-preview:-1"},"canonical":"https:\/\/apuntesdesanluis.com\/index.php\/2024\/09\/22\/autoridades-provinciales-acompanaron-a-la-familia-del-oficial-fuentes\/","og_locale":"es_ES","og_type":"article","og_title":"AUTORIDADES PROVINCIALES ACOMPA\u00d1ARON A LA FAMILIA DEL OFICIAL FUENTES - Apuntes de San Luis","og_description":"El primer Mandatario Claudio Poggi estuvo presente este domingo en la despedida de los restos...","og_url":"https:\/\/apuntesdesanluis.com\/index.php\/2024\/09\/22\/autoridades-provinciales-acompanaron-a-la-familia-del-oficial-fuentes\/","og_site_name":"Apuntes de San Luis","article_published_time":"2024-09-22T22:27:09+00:00","og_image":[{"width":737,"height":437,"url":"https:\/\/apuntesdesanluis.com\/wp-content\/uploads\/2024\/09\/ministra-y-poggi.png","type":"image\/png"}],"author":"apuntesdesanluis.com","twitter_card":"summary_large_image","twitter_misc":{"Escrito por":"apuntesdesanluis.com","Tiempo de lectura":"3 minutos"},"schema":{"@context":"https:\/\/schema.org","@graph":[{"@type":"Article","@id":"https:\/\/apuntesdesanluis.com\/index.php\/2024\/09\/22\/autoridades-provinciales-acompanaron-a-la-familia-del-oficial-fuentes\/#article","isPartOf":{"@id":"https:\/\/apuntesdesanluis.com\/index.php\/2024\/09\/22\/autoridades-provinciales-acompanaron-a-la-familia-del-oficial-fuentes\/"},"author":{"name":"apuntesdesanluis.com","@id":"https:\/\/apuntesdesanluis.com\/#\/schema\/person\/b55151d52296fcce64d1a72538a70b90"},"headline":"AUTORIDADES PROVINCIALES ACOMPA\u00d1ARON A LA FAMILIA DEL OFICIAL FUENTES","datePublished":"2024-09-22T22:27:09+00:00","mainEntityOfPage":{"@id":"https:\/\/apuntesdesanluis.com\/index.php\/2024\/09\/22\/autoridades-provinciales-acompanaron-a-la-familia-del-oficial-fuentes\/"},"wordCount":449,"publisher":{"@id":"https:\/\/apuntesdesanluis.com\/#\/schema\/person\/b55151d52296fcce64d1a72538a70b90"},"image":{"@id":"https:\/\/apuntesdesanluis.com\/index.php\/2024\/09\/22\/autoridades-provinciales-acompanaron-a-la-familia-del-oficial-fuentes\/#primaryimage"},"thumbnailUrl":"https:\/\/apuntesdesanluis.com\/wp-content\/uploads\/2024\/09\/ministra-y-poggi.png","articleSection":["Ciudad\/Provincia"],"inLanguage":"es-AR"},{"@type":"WebPage","@id":"https:\/\/apuntesdesanluis.com\/index.php\/2024\/09\/22\/autoridades-provinciales-acompanaron-a-la-familia-del-oficial-fuentes\/","url":"https:\/\/apuntesdesanluis.com\/index.php\/2024\/09\/22\/autoridades-provinciales-acompanaron-a-la-familia-del-oficial-fuentes\/","name":"AUTORIDADES PROVINCIALES ACOMPA\u00d1ARON A LA FAMILIA DEL OFICIAL FUENTES - Apuntes de San Luis","isPartOf":{"@id":"https:\/\/apuntesdesanluis.com\/#website"},"primaryImageOfPage":{"@id":"https:\/\/apuntesdesanluis.com\/index.php\/2024\/09\/22\/autoridades-provinciales-acompanaron-a-la-familia-del-oficial-fuentes\/#primaryimage"},"image":{"@id":"https:\/\/apuntesdesanluis.com\/index.php\/2024\/09\/22\/autoridades-provinciales-acompanaron-a-la-familia-del-oficial-fuentes\/#primaryimage"},"thumbnailUrl":"https:\/\/apuntesdesanluis.com\/wp-content\/uploads\/2024\/09\/ministra-y-poggi.png","datePublished":"2024-09-22T22:27:09+00:00","breadcrumb":{"@id":"https:\/\/apuntesdesanluis.com\/index.php\/2024\/09\/22\/autoridades-provinciales-acompanaron-a-la-familia-del-oficial-fuentes\/#breadcrumb"},"inLanguage":"es-AR","potentialAction":[{"@type":"ReadAction","target":["https:\/\/apuntesdesanluis.com\/index.php\/2024\/09\/22\/autoridades-provinciales-acompanaron-a-la-familia-del-oficial-fuentes\/"]}]},{"@type":"ImageObject","inLanguage":"es-AR","@id":"https:\/\/apuntesdesanluis.com\/index.php\/2024\/09\/22\/autoridades-provinciales-acompanaron-a-la-familia-del-oficial-fuentes\/#primaryimage","url":"https:\/\/apuntesdesanluis.com\/wp-content\/uploads\/2024\/09\/ministra-y-poggi.png","contentUrl":"https:\/\/apuntesdesanluis.com\/wp-content\/uploads\/2024\/09\/ministra-y-poggi.png","width":737,"height":437},{"@type":"BreadcrumbList","@id":"https:\/\/apuntesdesanluis.com\/index.php\/2024\/09\/22\/autoridades-provinciales-acompanaron-a-la-familia-del-oficial-fuentes\/#breadcrumb","itemListElement":[{"@type":"ListItem","position":1,"name":"Inicio","item":"https:\/\/apuntesdesanluis.com\/"},{"@type":"ListItem","position":2,"name":"AUTORIDADES PROVINCIALES ACOMPA\u00d1ARON A LA FAMILIA DEL OFICIAL FUENTES"}]},{"@type":"WebSite","@id":"https:\/\/apuntesdesanluis.com\/#website","url":"https:\/\/apuntesdesanluis.com\/","name":"Apuntes de San Luis","description":"","publisher":{"@id":"https:\/\/apuntesdesanluis.com\/#\/schema\/person\/b55151d52296fcce64d1a72538a70b90"},"potentialAction":[{"@type":"SearchAction","target":{"@type":"EntryPoint","urlTemplate":"https:\/\/apuntesdesanluis.com\/?s={search_term_string}"},"query-input":{"@type":"PropertyValueSpecification","valueRequired":true,"valueName":"search_term_string"}}],"inLanguage":"es-AR"},{"@type":["Person","Organization"],"@id":"https:\/\/apuntesdesanluis.com\/#\/schema\/person\/b55151d52296fcce64d1a72538a70b90","name":"apuntesdesanluis.com","image":{"@type":"ImageObject","inLanguage":"es-AR","@id":"https:\/\/apuntesdesanluis.com\/#\/schema\/person\/image\/","url":"https:\/\/apuntesdesanluis.com\/wp-content\/uploads\/2023\/07\/cropped-apuntesdesanluis.png","contentUrl":"https:\/\/apuntesdesanluis.com\/wp-content\/uploads\/2023\/07\/cropped-apuntesdesanluis.png","width":450,"height":112,"caption":"apuntesdesanluis.com"},"logo":{"@id":"https:\/\/apuntesdesanluis.com\/#\/schema\/person\/image\/"},"sameAs":["https:\/\/apuntesdesanluis.com"],"url":"https:\/\/apuntesdesanluis.com\/index.php\/author\/apuntesdesanluis-com\/"}]}},"featured_image_urls":{"full":["https:\/\/apuntesdesanluis.com\/wp-content\/uploads\/2024\/09\/ministra-y-poggi.png",737,437,false],"thumbnail":["https:\/\/apuntesdesanluis.com\/wp-content\/uploads\/2024\/09\/ministra-y-poggi-150x150.png",150,150,true],"medium":["https:\/\/apuntesdesanluis.com\/wp-content\/uploads\/2024\/09\/ministra-y-poggi-300x178.png",300,178,true],"medium_large":["https:\/\/apuntesdesanluis.com\/wp-content\/uploads\/2024\/09\/ministra-y-poggi.png",640,379,false],"large":["https:\/\/apuntesdesanluis.com\/wp-content\/uploads\/2024\/09\/ministra-y-poggi.png",640,379,false],"1536x1536":["https:\/\/apuntesdesanluis.com\/wp-content\/uploads\/2024\/09\/ministra-y-poggi.png",737,437,false],"2048x2048":["https:\/\/apuntesdesanluis.com\/wp-content\/uploads\/2024\/09\/ministra-y-poggi.png",737,437,false],"newsever-slider-full":["https:\/\/apuntesdesanluis.com\/wp-content\/uploads\/2024\/09\/ministra-y-poggi.png",737,437,false],"newsever-featured":["https:\/\/apuntesdesanluis.com\/wp-content\/uploads\/2024\/09\/ministra-y-poggi.png",737,437,false],"newsever-medium":["https:\/\/apuntesdesanluis.com\/wp-content\/uploads\/2024\/09\/ministra-y-poggi-720x437.png",720,437,true]},"author_info":{"display_name":"apuntesdesanluis.com","author_link":"https:\/\/apuntesdesanluis.com\/index.php\/author\/apuntesdesanluis-com\/"},"category_info":"<a href=\"https:\/\/apuntesdesanluis.com\/index.php\/category\/ciudad-provincia\/\" rel=\"category tag\">Ciudad\/Provincia<\/a>","tag_info":"Ciudad\/Provincia","comment_count":"0","_links":{"self":[{"href":"https:\/\/apuntesdesanluis.com\/index.php\/wp-json\/wp\/v2\/posts\/22669","targetHints":{"allow":["GET"]}}],"collection":[{"href":"https:\/\/apuntesdesanluis.com\/index.php\/wp-json\/wp\/v2\/posts"}],"about":[{"href":"https:\/\/apuntesdesanluis.com\/index.php\/wp-json\/wp\/v2\/types\/post"}],"author":[{"embeddable":true,"href":"https:\/\/apuntesdesanluis.com\/index.php\/wp-json\/wp\/v2\/users\/1"}],"replies":[{"embeddable":true,"href":"https:\/\/apuntesdesanluis.com\/index.php\/wp-json\/wp\/v2\/comments?post=22669"}],"version-history":[{"count":1,"href":"https:\/\/apuntesdesanluis.com\/index.php\/wp-json\/wp\/v2\/posts\/22669\/revisions"}],"predecessor-version":[{"id":22675,"href":"https:\/\/apuntesdesanluis.com\/index.php\/wp-json\/wp\/v2\/posts\/22669\/revisions\/22675"}],"wp:featuredmedia":[{"embeddable":true,"href":"https:\/\/apuntesdesanluis.com\/index.php\/wp-json\/wp\/v2\/media\/22670"}],"wp:attachment":[{"href":"https:\/\/apuntesdesanluis.com\/index.php\/wp-json\/wp\/v2\/media?parent=22669"}],"wp:term":[{"taxonomy":"category","embeddable":true,"href":"https:\/\/apuntesdesanluis.com\/index.php\/wp-json\/wp\/v2\/categories?post=22669"},{"taxonomy":"post_tag","embeddable":true,"href":"https:\/\/apuntesdesanluis.com\/index.php\/wp-json\/wp\/v2\/tags?post=22669"}],"curies":[{"name":"wp","href":"https:\/\/api.w.org\/{rel}","templated":true}]}}