{"id":22676,"date":"2024-09-22T19:50:39","date_gmt":"2024-09-22T22:50:39","guid":{"rendered":"https:\/\/apuntesdesanluis.com\/?p=22676"},"modified":"2024-09-22T19:50:39","modified_gmt":"2024-09-22T22:50:39","slug":"milei-inicio-su-gira-por-estados-unidos-y-se-reunio-con-un-economista","status":"publish","type":"post","link":"https:\/\/apuntesdesanluis.com\/index.php\/2024\/09\/22\/milei-inicio-su-gira-por-estados-unidos-y-se-reunio-con-un-economista\/","title":{"rendered":"MILEI INICI\u00d3 SU GIRA POR ESTADOS UNIDOS Y SE REUNI\u00d3 CON UN ECONOMISTA"},"content":{"rendered":"<h3>El mandatario y su c\u00edrculo \u00edntimo le daban los toques finales al discurso del martes en la ONU.<\/h3>\n<h3>El presidente Javier Milei inici\u00f3 este domingo su gira por los Estados Unidos con una reuni\u00f3n con un economista argentino, mientras prepara su discurso para la Asamblea de Naciones Unidas.<\/h3>\n<h3>El encuentro se trat\u00f3 de un desayuno con el economista Alberto Ades, del que tambi\u00e9n participaron la secretaria general de la Presidencia, Karina Milei, y el embajador de la Argentina en Estados Unidos, Gerardo Werthein.<\/h3>\n<h3>&#8220;Desayuno de trabajo en NYC con mi gran amigo y presidente de todos los argentinos @JMilei, el embajador Gerardo Werthein, @dreidel1 y Karina&#8221;, sostuvo el economista.<\/h3>\n<h3>En su cuenta de la red social X, agreg\u00f3: &#8220;Un privilegio intercambiar opiniones con ellos sobre la coyuntura econ\u00f3mica y pol\u00edtica en nuestro pa\u00eds y los Estados Unidos&#8221;.<\/h3>\n<p><img fetchpriority=\"high\" decoding=\"async\" class=\"wp-image-22678 aligncenter\" src=\"https:\/\/apuntesdesanluis.com\/wp-content\/uploads\/2024\/09\/posteo-4-240x300.png\" alt=\"\" width=\"601\" height=\"751\" srcset=\"https:\/\/apuntesdesanluis.com\/wp-content\/uploads\/2024\/09\/posteo-4-240x300.png 240w, https:\/\/apuntesdesanluis.com\/wp-content\/uploads\/2024\/09\/posteo-4.png 599w\" sizes=\"(max-width: 601px) 100vw, 601px\" \/><\/p>\n<h3>Este domingo tambi\u00e9n tiene prevista una reuni\u00f3n con periodistas del New York Times.<\/h3>\n<h3>El evento central del viaje es la participaci\u00f3n del mandatario en la Asamblea Anual de Naciones Unidas en Nueva York el pr\u00f3ximo martes.<\/h3>\n<h3>Para ello, el c\u00edrculo \u00edntimo del Presidente se abocaba a darle los toques finales al discurso que presentar\u00e1 por primera vez ante la comunidad internacional.<\/h3>\n<p>&nbsp;<\/p>\n<p>&nbsp;<\/p>\n<p>&nbsp;<\/p>\n","protected":false},"excerpt":{"rendered":"<p>El mandatario y su c\u00edrculo \u00edntimo le daban los toques finales al discurso del martes&#8230;<\/p>\n","protected":false},"author":1,"featured_media":22677,"comment_status":"closed","ping_status":"closed","sticky":false,"template":"","format":"standard","meta":{"footnotes":""},"categories":[5],"tags":[],"class_list":["post-22676","post","type-post","status-publish","format-standard","has-post-thumbnail","hentry","category-nacionales-internacionales"],"yoast_head":"<!-- This site is optimized with the Yoast SEO plugin v26.1.1 - https:\/\/yoast.com\/wordpress\/plugins\/seo\/ -->\n<title>MILEI INICI\u00d3 SU GIRA POR ESTADOS UNIDOS Y SE REUNI\u00d3 CON UN ECONOMISTA - Apuntes de San Luis<\/title>\n<meta name=\"robots\" content=\"index, follow, max-snippet:-1, max-image-preview:large, max-video-preview:-1\" \/>\n<link rel=\"canonical\" href=\"https:\/\/apuntesdesanluis.com\/index.php\/2024\/09\/22\/milei-inicio-su-gira-por-estados-unidos-y-se-reunio-con-un-economista\/\" \/>\n<meta property=\"og:locale\" content=\"es_ES\" \/>\n<meta property=\"og:type\" content=\"article\" \/>\n<meta property=\"og:title\" content=\"MILEI INICI\u00d3 SU GIRA POR ESTADOS UNIDOS Y SE REUNI\u00d3 CON UN ECONOMISTA - Apuntes de San Luis\" \/>\n<meta property=\"og:description\" content=\"El mandatario y su c\u00edrculo \u00edntimo le daban los toques finales al discurso del martes...\" \/>\n<meta property=\"og:url\" content=\"https:\/\/apuntesdesanluis.com\/index.php\/2024\/09\/22\/milei-inicio-su-gira-por-estados-unidos-y-se-reunio-con-un-economista\/\" \/>\n<meta property=\"og:site_name\" content=\"Apuntes de San Luis\" \/>\n<meta property=\"article:published_time\" content=\"2024-09-22T22:50:39+00:00\" \/>\n<meta property=\"og:image\" content=\"https:\/\/apuntesdesanluis.com\/wp-content\/uploads\/2024\/09\/milei-5.png\" \/>\n\t<meta property=\"og:image:width\" content=\"822\" \/>\n\t<meta property=\"og:image:height\" content=\"472\" \/>\n\t<meta property=\"og:image:type\" content=\"image\/png\" \/>\n<meta name=\"author\" content=\"apuntesdesanluis.com\" \/>\n<meta name=\"twitter:card\" content=\"summary_large_image\" \/>\n<meta name=\"twitter:label1\" content=\"Escrito por\" \/>\n\t<meta name=\"twitter:data1\" content=\"apuntesdesanluis.com\" \/>\n\t<meta name=\"twitter:label2\" content=\"Tiempo de lectura\" \/>\n\t<meta name=\"twitter:data2\" content=\"2 minutos\" \/>\n<script type=\"application\/ld+json\" class=\"yoast-schema-graph\">{\"@context\":\"https:\/\/schema.org\",\"@graph\":[{\"@type\":\"Article\",\"@id\":\"https:\/\/apuntesdesanluis.com\/index.php\/2024\/09\/22\/milei-inicio-su-gira-por-estados-unidos-y-se-reunio-con-un-economista\/#article\",\"isPartOf\":{\"@id\":\"https:\/\/apuntesdesanluis.com\/index.php\/2024\/09\/22\/milei-inicio-su-gira-por-estados-unidos-y-se-reunio-con-un-economista\/\"},\"author\":{\"name\":\"apuntesdesanluis.com\",\"@id\":\"https:\/\/apuntesdesanluis.com\/#\/schema\/person\/b55151d52296fcce64d1a72538a70b90\"},\"headline\":\"MILEI INICI\u00d3 SU GIRA POR ESTADOS UNIDOS Y SE REUNI\u00d3 CON UN ECONOMISTA\",\"datePublished\":\"2024-09-22T22:50:39+00:00\",\"mainEntityOfPage\":{\"@id\":\"https:\/\/apuntesdesanluis.com\/index.php\/2024\/09\/22\/milei-inicio-su-gira-por-estados-unidos-y-se-reunio-con-un-economista\/\"},\"wordCount\":225,\"publisher\":{\"@id\":\"https:\/\/apuntesdesanluis.com\/#\/schema\/person\/b55151d52296fcce64d1a72538a70b90\"},\"image\":{\"@id\":\"https:\/\/apuntesdesanluis.com\/index.php\/2024\/09\/22\/milei-inicio-su-gira-por-estados-unidos-y-se-reunio-con-un-economista\/#primaryimage\"},\"thumbnailUrl\":\"https:\/\/apuntesdesanluis.com\/wp-content\/uploads\/2024\/09\/milei-5.png\",\"articleSection\":[\"Nacionales\/Internacionales\"],\"inLanguage\":\"es-AR\"},{\"@type\":\"WebPage\",\"@id\":\"https:\/\/apuntesdesanluis.com\/index.php\/2024\/09\/22\/milei-inicio-su-gira-por-estados-unidos-y-se-reunio-con-un-economista\/\",\"url\":\"https:\/\/apuntesdesanluis.com\/index.php\/2024\/09\/22\/milei-inicio-su-gira-por-estados-unidos-y-se-reunio-con-un-economista\/\",\"name\":\"MILEI INICI\u00d3 SU GIRA POR ESTADOS UNIDOS Y SE REUNI\u00d3 CON UN ECONOMISTA - Apuntes de San Luis\",\"isPartOf\":{\"@id\":\"https:\/\/apuntesdesanluis.com\/#website\"},\"primaryImageOfPage\":{\"@id\":\"https:\/\/apuntesdesanluis.com\/index.php\/2024\/09\/22\/milei-inicio-su-gira-por-estados-unidos-y-se-reunio-con-un-economista\/#primaryimage\"},\"image\":{\"@id\":\"https:\/\/apuntesdesanluis.com\/index.php\/2024\/09\/22\/milei-inicio-su-gira-por-estados-unidos-y-se-reunio-con-un-economista\/#primaryimage\"},\"thumbnailUrl\":\"https:\/\/apuntesdesanluis.com\/wp-content\/uploads\/2024\/09\/milei-5.png\",\"datePublished\":\"2024-09-22T22:50:39+00:00\",\"breadcrumb\":{\"@id\":\"https:\/\/apuntesdesanluis.com\/index.php\/2024\/09\/22\/milei-inicio-su-gira-por-estados-unidos-y-se-reunio-con-un-economista\/#breadcrumb\"},\"inLanguage\":\"es-AR\",\"potentialAction\":[{\"@type\":\"ReadAction\",\"target\":[\"https:\/\/apuntesdesanluis.com\/index.php\/2024\/09\/22\/milei-inicio-su-gira-por-estados-unidos-y-se-reunio-con-un-economista\/\"]}]},{\"@type\":\"ImageObject\",\"inLanguage\":\"es-AR\",\"@id\":\"https:\/\/apuntesdesanluis.com\/index.php\/2024\/09\/22\/milei-inicio-su-gira-por-estados-unidos-y-se-reunio-con-un-economista\/#primaryimage\",\"url\":\"https:\/\/apuntesdesanluis.com\/wp-content\/uploads\/2024\/09\/milei-5.png\",\"contentUrl\":\"https:\/\/apuntesdesanluis.com\/wp-content\/uploads\/2024\/09\/milei-5.png\",\"width\":822,\"height\":472},{\"@type\":\"BreadcrumbList\",\"@id\":\"https:\/\/apuntesdesanluis.com\/index.php\/2024\/09\/22\/milei-inicio-su-gira-por-estados-unidos-y-se-reunio-con-un-economista\/#breadcrumb\",\"itemListElement\":[{\"@type\":\"ListItem\",\"position\":1,\"name\":\"Inicio\",\"item\":\"https:\/\/apuntesdesanluis.com\/\"},{\"@type\":\"ListItem\",\"position\":2,\"name\":\"MILEI INICI\u00d3 SU GIRA POR ESTADOS UNIDOS Y SE REUNI\u00d3 CON UN ECONOMISTA\"}]},{\"@type\":\"WebSite\",\"@id\":\"https:\/\/apuntesdesanluis.com\/#website\",\"url\":\"https:\/\/apuntesdesanluis.com\/\",\"name\":\"Apuntes de San Luis\",\"description\":\"\",\"publisher\":{\"@id\":\"https:\/\/apuntesdesanluis.com\/#\/schema\/person\/b55151d52296fcce64d1a72538a70b90\"},\"potentialAction\":[{\"@type\":\"SearchAction\",\"target\":{\"@type\":\"EntryPoint\",\"urlTemplate\":\"https:\/\/apuntesdesanluis.com\/?s={search_term_string}\"},\"query-input\":{\"@type\":\"PropertyValueSpecification\",\"valueRequired\":true,\"valueName\":\"search_term_string\"}}],\"inLanguage\":\"es-AR\"},{\"@type\":[\"Person\",\"Organization\"],\"@id\":\"https:\/\/apuntesdesanluis.com\/#\/schema\/person\/b55151d52296fcce64d1a72538a70b90\",\"name\":\"apuntesdesanluis.com\",\"image\":{\"@type\":\"ImageObject\",\"inLanguage\":\"es-AR\",\"@id\":\"https:\/\/apuntesdesanluis.com\/#\/schema\/person\/image\/\",\"url\":\"https:\/\/apuntesdesanluis.com\/wp-content\/uploads\/2023\/07\/cropped-apuntesdesanluis.png\",\"contentUrl\":\"https:\/\/apuntesdesanluis.com\/wp-content\/uploads\/2023\/07\/cropped-apuntesdesanluis.png\",\"width\":450,\"height\":112,\"caption\":\"apuntesdesanluis.com\"},\"logo\":{\"@id\":\"https:\/\/apuntesdesanluis.com\/#\/schema\/person\/image\/\"},\"sameAs\":[\"https:\/\/apuntesdesanluis.com\"],\"url\":\"https:\/\/apuntesdesanluis.com\/index.php\/author\/apuntesdesanluis-com\/\"}]}<\/script>\n<!-- \/ Yoast SEO plugin. -->","yoast_head_json":{"title":"MILEI INICI\u00d3 SU GIRA POR ESTADOS UNIDOS Y SE REUNI\u00d3 CON UN ECONOMISTA - Apuntes de San Luis","robots":{"index":"index","follow":"follow","max-snippet":"max-snippet:-1","max-image-preview":"max-image-preview:large","max-video-preview":"max-video-preview:-1"},"canonical":"https:\/\/apuntesdesanluis.com\/index.php\/2024\/09\/22\/milei-inicio-su-gira-por-estados-unidos-y-se-reunio-con-un-economista\/","og_locale":"es_ES","og_type":"article","og_title":"MILEI INICI\u00d3 SU GIRA POR ESTADOS UNIDOS Y SE REUNI\u00d3 CON UN ECONOMISTA - Apuntes de San Luis","og_description":"El mandatario y su c\u00edrculo \u00edntimo le daban los toques finales al discurso del martes...","og_url":"https:\/\/apuntesdesanluis.com\/index.php\/2024\/09\/22\/milei-inicio-su-gira-por-estados-unidos-y-se-reunio-con-un-economista\/","og_site_name":"Apuntes de San Luis","article_published_time":"2024-09-22T22:50:39+00:00","og_image":[{"width":822,"height":472,"url":"https:\/\/apuntesdesanluis.com\/wp-content\/uploads\/2024\/09\/milei-5.png","type":"image\/png"}],"author":"apuntesdesanluis.com","twitter_card":"summary_large_image","twitter_misc":{"Escrito por":"apuntesdesanluis.com","Tiempo de lectura":"2 minutos"},"schema":{"@context":"https:\/\/schema.org","@graph":[{"@type":"Article","@id":"https:\/\/apuntesdesanluis.com\/index.php\/2024\/09\/22\/milei-inicio-su-gira-por-estados-unidos-y-se-reunio-con-un-economista\/#article","isPartOf":{"@id":"https:\/\/apuntesdesanluis.com\/index.php\/2024\/09\/22\/milei-inicio-su-gira-por-estados-unidos-y-se-reunio-con-un-economista\/"},"author":{"name":"apuntesdesanluis.com","@id":"https:\/\/apuntesdesanluis.com\/#\/schema\/person\/b55151d52296fcce64d1a72538a70b90"},"headline":"MILEI INICI\u00d3 SU GIRA POR ESTADOS UNIDOS Y SE REUNI\u00d3 CON UN ECONOMISTA","datePublished":"2024-09-22T22:50:39+00:00","mainEntityOfPage":{"@id":"https:\/\/apuntesdesanluis.com\/index.php\/2024\/09\/22\/milei-inicio-su-gira-por-estados-unidos-y-se-reunio-con-un-economista\/"},"wordCount":225,"publisher":{"@id":"https:\/\/apuntesdesanluis.com\/#\/schema\/person\/b55151d52296fcce64d1a72538a70b90"},"image":{"@id":"https:\/\/apuntesdesanluis.com\/index.php\/2024\/09\/22\/milei-inicio-su-gira-por-estados-unidos-y-se-reunio-con-un-economista\/#primaryimage"},"thumbnailUrl":"https:\/\/apuntesdesanluis.com\/wp-content\/uploads\/2024\/09\/milei-5.png","articleSection":["Nacionales\/Internacionales"],"inLanguage":"es-AR"},{"@type":"WebPage","@id":"https:\/\/apuntesdesanluis.com\/index.php\/2024\/09\/22\/milei-inicio-su-gira-por-estados-unidos-y-se-reunio-con-un-economista\/","url":"https:\/\/apuntesdesanluis.com\/index.php\/2024\/09\/22\/milei-inicio-su-gira-por-estados-unidos-y-se-reunio-con-un-economista\/","name":"MILEI INICI\u00d3 SU GIRA POR ESTADOS UNIDOS Y SE REUNI\u00d3 CON UN ECONOMISTA - Apuntes de San Luis","isPartOf":{"@id":"https:\/\/apuntesdesanluis.com\/#website"},"primaryImageOfPage":{"@id":"https:\/\/apuntesdesanluis.com\/index.php\/2024\/09\/22\/milei-inicio-su-gira-por-estados-unidos-y-se-reunio-con-un-economista\/#primaryimage"},"image":{"@id":"https:\/\/apuntesdesanluis.com\/index.php\/2024\/09\/22\/milei-inicio-su-gira-por-estados-unidos-y-se-reunio-con-un-economista\/#primaryimage"},"thumbnailUrl":"https:\/\/apuntesdesanluis.com\/wp-content\/uploads\/2024\/09\/milei-5.png","datePublished":"2024-09-22T22:50:39+00:00","breadcrumb":{"@id":"https:\/\/apuntesdesanluis.com\/index.php\/2024\/09\/22\/milei-inicio-su-gira-por-estados-unidos-y-se-reunio-con-un-economista\/#breadcrumb"},"inLanguage":"es-AR","potentialAction":[{"@type":"ReadAction","target":["https:\/\/apuntesdesanluis.com\/index.php\/2024\/09\/22\/milei-inicio-su-gira-por-estados-unidos-y-se-reunio-con-un-economista\/"]}]},{"@type":"ImageObject","inLanguage":"es-AR","@id":"https:\/\/apuntesdesanluis.com\/index.php\/2024\/09\/22\/milei-inicio-su-gira-por-estados-unidos-y-se-reunio-con-un-economista\/#primaryimage","url":"https:\/\/apuntesdesanluis.com\/wp-content\/uploads\/2024\/09\/milei-5.png","contentUrl":"https:\/\/apuntesdesanluis.com\/wp-content\/uploads\/2024\/09\/milei-5.png","width":822,"height":472},{"@type":"BreadcrumbList","@id":"https:\/\/apuntesdesanluis.com\/index.php\/2024\/09\/22\/milei-inicio-su-gira-por-estados-unidos-y-se-reunio-con-un-economista\/#breadcrumb","itemListElement":[{"@type":"ListItem","position":1,"name":"Inicio","item":"https:\/\/apuntesdesanluis.com\/"},{"@type":"ListItem","position":2,"name":"MILEI INICI\u00d3 SU GIRA POR ESTADOS UNIDOS Y SE REUNI\u00d3 CON UN ECONOMISTA"}]},{"@type":"WebSite","@id":"https:\/\/apuntesdesanluis.com\/#website","url":"https:\/\/apuntesdesanluis.com\/","name":"Apuntes de San Luis","description":"","publisher":{"@id":"https:\/\/apuntesdesanluis.com\/#\/schema\/person\/b55151d52296fcce64d1a72538a70b90"},"potentialAction":[{"@type":"SearchAction","target":{"@type":"EntryPoint","urlTemplate":"https:\/\/apuntesdesanluis.com\/?s={search_term_string}"},"query-input":{"@type":"PropertyValueSpecification","valueRequired":true,"valueName":"search_term_string"}}],"inLanguage":"es-AR"},{"@type":["Person","Organization"],"@id":"https:\/\/apuntesdesanluis.com\/#\/schema\/person\/b55151d52296fcce64d1a72538a70b90","name":"apuntesdesanluis.com","image":{"@type":"ImageObject","inLanguage":"es-AR","@id":"https:\/\/apuntesdesanluis.com\/#\/schema\/person\/image\/","url":"https:\/\/apuntesdesanluis.com\/wp-content\/uploads\/2023\/07\/cropped-apuntesdesanluis.png","contentUrl":"https:\/\/apuntesdesanluis.com\/wp-content\/uploads\/2023\/07\/cropped-apuntesdesanluis.png","width":450,"height":112,"caption":"apuntesdesanluis.com"},"logo":{"@id":"https:\/\/apuntesdesanluis.com\/#\/schema\/person\/image\/"},"sameAs":["https:\/\/apuntesdesanluis.com"],"url":"https:\/\/apuntesdesanluis.com\/index.php\/author\/apuntesdesanluis-com\/"}]}},"featured_image_urls":{"full":["https:\/\/apuntesdesanluis.com\/wp-content\/uploads\/2024\/09\/milei-5.png",822,472,false],"thumbnail":["https:\/\/apuntesdesanluis.com\/wp-content\/uploads\/2024\/09\/milei-5-150x150.png",150,150,true],"medium":["https:\/\/apuntesdesanluis.com\/wp-content\/uploads\/2024\/09\/milei-5-300x172.png",300,172,true],"medium_large":["https:\/\/apuntesdesanluis.com\/wp-content\/uploads\/2024\/09\/milei-5-768x441.png",640,368,true],"large":["https:\/\/apuntesdesanluis.com\/wp-content\/uploads\/2024\/09\/milei-5.png",640,367,false],"1536x1536":["https:\/\/apuntesdesanluis.com\/wp-content\/uploads\/2024\/09\/milei-5.png",822,472,false],"2048x2048":["https:\/\/apuntesdesanluis.com\/wp-content\/uploads\/2024\/09\/milei-5.png",822,472,false],"newsever-slider-full":["https:\/\/apuntesdesanluis.com\/wp-content\/uploads\/2024\/09\/milei-5.png",822,472,false],"newsever-featured":["https:\/\/apuntesdesanluis.com\/wp-content\/uploads\/2024\/09\/milei-5.png",822,472,false],"newsever-medium":["https:\/\/apuntesdesanluis.com\/wp-content\/uploads\/2024\/09\/milei-5-720x472.png",720,472,true]},"author_info":{"display_name":"apuntesdesanluis.com","author_link":"https:\/\/apuntesdesanluis.com\/index.php\/author\/apuntesdesanluis-com\/"},"category_info":"<a href=\"https:\/\/apuntesdesanluis.com\/index.php\/category\/nacionales-internacionales\/\" rel=\"category tag\">Nacionales\/Internacionales<\/a>","tag_info":"Nacionales\/Internacionales","comment_count":"0","_links":{"self":[{"href":"https:\/\/apuntesdesanluis.com\/index.php\/wp-json\/wp\/v2\/posts\/22676","targetHints":{"allow":["GET"]}}],"collection":[{"href":"https:\/\/apuntesdesanluis.com\/index.php\/wp-json\/wp\/v2\/posts"}],"about":[{"href":"https:\/\/apuntesdesanluis.com\/index.php\/wp-json\/wp\/v2\/types\/post"}],"author":[{"embeddable":true,"href":"https:\/\/apuntesdesanluis.com\/index.php\/wp-json\/wp\/v2\/users\/1"}],"replies":[{"embeddable":true,"href":"https:\/\/apuntesdesanluis.com\/index.php\/wp-json\/wp\/v2\/comments?post=22676"}],"version-history":[{"count":1,"href":"https:\/\/apuntesdesanluis.com\/index.php\/wp-json\/wp\/v2\/posts\/22676\/revisions"}],"predecessor-version":[{"id":22679,"href":"https:\/\/apuntesdesanluis.com\/index.php\/wp-json\/wp\/v2\/posts\/22676\/revisions\/22679"}],"wp:featuredmedia":[{"embeddable":true,"href":"https:\/\/apuntesdesanluis.com\/index.php\/wp-json\/wp\/v2\/media\/22677"}],"wp:attachment":[{"href":"https:\/\/apuntesdesanluis.com\/index.php\/wp-json\/wp\/v2\/media?parent=22676"}],"wp:term":[{"taxonomy":"category","embeddable":true,"href":"https:\/\/apuntesdesanluis.com\/index.php\/wp-json\/wp\/v2\/categories?post=22676"},{"taxonomy":"post_tag","embeddable":true,"href":"https:\/\/apuntesdesanluis.com\/index.php\/wp-json\/wp\/v2\/tags?post=22676"}],"curies":[{"name":"wp","href":"https:\/\/api.w.org\/{rel}","templated":true}]}}