{"id":22689,"date":"2024-09-25T12:43:40","date_gmt":"2024-09-25T15:43:40","guid":{"rendered":"https:\/\/apuntesdesanluis.com\/?p=22689"},"modified":"2024-09-25T14:50:10","modified_gmt":"2024-09-25T17:50:10","slug":"ciclo-de-capacitacion-para-emprendedores-de-la-economia-social-y-solidaria","status":"publish","type":"post","link":"https:\/\/apuntesdesanluis.com\/index.php\/2024\/09\/25\/ciclo-de-capacitacion-para-emprendedores-de-la-economia-social-y-solidaria\/","title":{"rendered":"CICLO DE CAPACITACI\u00d3N PARA EMPRENDEDORES DE LA ECONOM\u00cdA SOCIAL"},"content":{"rendered":"<h3>La Secretar\u00eda de Extensi\u00f3n Universitaria de la Facultad de Ciencias Econ\u00f3micas Jur\u00eddicas y Sociales (UNSL) invita al Ciclo de Capacitaci\u00f3n para Emprendedores de la Econom\u00eda Social y Solidaria, que comienza su dictado este mi\u00e9rcoles 25 a las 19 horas en el Centro de Atenci\u00f3n Municipal (calle Buenos Aires 40).<\/h3>\n<h3>Este ciclo es organizado por PROICO 15-0823 Patrones de acumulaci\u00f3n y pr\u00e1cticas territoriales en tensi\u00f3n. Abordaje de alternativas al modo de producci\u00f3n hegem\u00f3nico en el territorio de la provincia de San Luis. Posibilidades y l\u00edmites.<\/h3>\n<h3><img fetchpriority=\"high\" decoding=\"async\" class=\"wp-image-22691 aligncenter\" src=\"https:\/\/apuntesdesanluis.com\/wp-content\/uploads\/2024\/09\/ciclo-300x148.png\" alt=\"\" width=\"673\" height=\"332\" srcset=\"https:\/\/apuntesdesanluis.com\/wp-content\/uploads\/2024\/09\/ciclo-300x148.png 300w, https:\/\/apuntesdesanluis.com\/wp-content\/uploads\/2024\/09\/ciclo.png 700w\" sizes=\"(max-width: 673px) 100vw, 673px\" \/><\/h3>\n<h3>Tiene como finalidad fortalecer el desarrollo y crecimiento de los proyectos emprendedores de la Econom\u00eda Social y Solidaria de Villa Mercedes y contribuir a potenciar sus procesos de gesti\u00f3n asociada, de tal manera que les permita el mejoramiento de la calidad de vida a todos\/as sus integrantes.<\/h3>\n<h3>A lo largo de seis encuentros se trataran temas relacionados a la econom\u00eda social y solidaria; emprendedurismo; gesti\u00f3n de emprendimientos; asociativismo y trabajador autogestionado; cooperativas; asociaciones civiles y mutuales; proceso de comercializaci\u00f3n; ferias comerciales; proceso grupal; grupo y\/o Equipo; sistema legal regulatorio de organizaciones de bases asociativa; habilitaci\u00f3n legal y proceso de formalizaci\u00f3n.<\/h3>\n<p>&nbsp;<\/p>\n<p>&nbsp;<\/p>\n<p>&nbsp;<\/p>\n<p>&nbsp;<\/p>\n<p>&nbsp;<\/p>\n<p>&nbsp;<\/p>\n","protected":false},"excerpt":{"rendered":"<p>La Secretar\u00eda de Extensi\u00f3n Universitaria de la Facultad de Ciencias Econ\u00f3micas Jur\u00eddicas y Sociales (UNSL)&#8230;<\/p>\n","protected":false},"author":1,"featured_media":22690,"comment_status":"closed","ping_status":"closed","sticky":false,"template":"","format":"standard","meta":{"footnotes":""},"categories":[6],"tags":[],"class_list":["post-22689","post","type-post","status-publish","format-standard","has-post-thumbnail","hentry","category-ciudad-provincia"],"yoast_head":"<!-- This site is optimized with the Yoast SEO plugin v26.1.1 - https:\/\/yoast.com\/wordpress\/plugins\/seo\/ -->\n<title>CICLO DE CAPACITACI\u00d3N PARA EMPRENDEDORES DE LA ECONOM\u00cdA SOCIAL - Apuntes de San Luis<\/title>\n<meta name=\"robots\" content=\"index, follow, max-snippet:-1, max-image-preview:large, max-video-preview:-1\" \/>\n<link rel=\"canonical\" href=\"https:\/\/apuntesdesanluis.com\/index.php\/2024\/09\/25\/ciclo-de-capacitacion-para-emprendedores-de-la-economia-social-y-solidaria\/\" \/>\n<meta property=\"og:locale\" content=\"es_ES\" \/>\n<meta property=\"og:type\" content=\"article\" \/>\n<meta property=\"og:title\" content=\"CICLO DE CAPACITACI\u00d3N PARA EMPRENDEDORES DE LA ECONOM\u00cdA SOCIAL - Apuntes de San Luis\" \/>\n<meta property=\"og:description\" content=\"La Secretar\u00eda de Extensi\u00f3n Universitaria de la Facultad de Ciencias Econ\u00f3micas Jur\u00eddicas y Sociales (UNSL)...\" \/>\n<meta property=\"og:url\" content=\"https:\/\/apuntesdesanluis.com\/index.php\/2024\/09\/25\/ciclo-de-capacitacion-para-emprendedores-de-la-economia-social-y-solidaria\/\" \/>\n<meta property=\"og:site_name\" content=\"Apuntes de San Luis\" \/>\n<meta property=\"article:published_time\" content=\"2024-09-25T15:43:40+00:00\" \/>\n<meta property=\"article:modified_time\" content=\"2024-09-25T17:50:10+00:00\" \/>\n<meta property=\"og:image\" content=\"https:\/\/apuntesdesanluis.com\/wp-content\/uploads\/2024\/09\/emprendedor.png\" \/>\n\t<meta property=\"og:image:width\" content=\"884\" \/>\n\t<meta property=\"og:image:height\" content=\"610\" \/>\n\t<meta property=\"og:image:type\" content=\"image\/png\" \/>\n<meta name=\"author\" content=\"apuntesdesanluis.com\" \/>\n<meta name=\"twitter:card\" content=\"summary_large_image\" \/>\n<meta name=\"twitter:label1\" content=\"Escrito por\" \/>\n\t<meta name=\"twitter:data1\" content=\"apuntesdesanluis.com\" \/>\n\t<meta name=\"twitter:label2\" content=\"Tiempo de lectura\" \/>\n\t<meta name=\"twitter:data2\" content=\"2 minutos\" \/>\n<script type=\"application\/ld+json\" class=\"yoast-schema-graph\">{\"@context\":\"https:\/\/schema.org\",\"@graph\":[{\"@type\":\"Article\",\"@id\":\"https:\/\/apuntesdesanluis.com\/index.php\/2024\/09\/25\/ciclo-de-capacitacion-para-emprendedores-de-la-economia-social-y-solidaria\/#article\",\"isPartOf\":{\"@id\":\"https:\/\/apuntesdesanluis.com\/index.php\/2024\/09\/25\/ciclo-de-capacitacion-para-emprendedores-de-la-economia-social-y-solidaria\/\"},\"author\":{\"name\":\"apuntesdesanluis.com\",\"@id\":\"https:\/\/apuntesdesanluis.com\/#\/schema\/person\/b55151d52296fcce64d1a72538a70b90\"},\"headline\":\"CICLO DE CAPACITACI\u00d3N PARA EMPRENDEDORES DE LA ECONOM\u00cdA SOCIAL\",\"datePublished\":\"2024-09-25T15:43:40+00:00\",\"dateModified\":\"2024-09-25T17:50:10+00:00\",\"mainEntityOfPage\":{\"@id\":\"https:\/\/apuntesdesanluis.com\/index.php\/2024\/09\/25\/ciclo-de-capacitacion-para-emprendedores-de-la-economia-social-y-solidaria\/\"},\"wordCount\":221,\"publisher\":{\"@id\":\"https:\/\/apuntesdesanluis.com\/#\/schema\/person\/b55151d52296fcce64d1a72538a70b90\"},\"image\":{\"@id\":\"https:\/\/apuntesdesanluis.com\/index.php\/2024\/09\/25\/ciclo-de-capacitacion-para-emprendedores-de-la-economia-social-y-solidaria\/#primaryimage\"},\"thumbnailUrl\":\"https:\/\/apuntesdesanluis.com\/wp-content\/uploads\/2024\/09\/emprendedor.png\",\"articleSection\":[\"Ciudad\/Provincia\"],\"inLanguage\":\"es-AR\"},{\"@type\":\"WebPage\",\"@id\":\"https:\/\/apuntesdesanluis.com\/index.php\/2024\/09\/25\/ciclo-de-capacitacion-para-emprendedores-de-la-economia-social-y-solidaria\/\",\"url\":\"https:\/\/apuntesdesanluis.com\/index.php\/2024\/09\/25\/ciclo-de-capacitacion-para-emprendedores-de-la-economia-social-y-solidaria\/\",\"name\":\"CICLO DE CAPACITACI\u00d3N PARA EMPRENDEDORES DE LA ECONOM\u00cdA SOCIAL - Apuntes de San Luis\",\"isPartOf\":{\"@id\":\"https:\/\/apuntesdesanluis.com\/#website\"},\"primaryImageOfPage\":{\"@id\":\"https:\/\/apuntesdesanluis.com\/index.php\/2024\/09\/25\/ciclo-de-capacitacion-para-emprendedores-de-la-economia-social-y-solidaria\/#primaryimage\"},\"image\":{\"@id\":\"https:\/\/apuntesdesanluis.com\/index.php\/2024\/09\/25\/ciclo-de-capacitacion-para-emprendedores-de-la-economia-social-y-solidaria\/#primaryimage\"},\"thumbnailUrl\":\"https:\/\/apuntesdesanluis.com\/wp-content\/uploads\/2024\/09\/emprendedor.png\",\"datePublished\":\"2024-09-25T15:43:40+00:00\",\"dateModified\":\"2024-09-25T17:50:10+00:00\",\"breadcrumb\":{\"@id\":\"https:\/\/apuntesdesanluis.com\/index.php\/2024\/09\/25\/ciclo-de-capacitacion-para-emprendedores-de-la-economia-social-y-solidaria\/#breadcrumb\"},\"inLanguage\":\"es-AR\",\"potentialAction\":[{\"@type\":\"ReadAction\",\"target\":[\"https:\/\/apuntesdesanluis.com\/index.php\/2024\/09\/25\/ciclo-de-capacitacion-para-emprendedores-de-la-economia-social-y-solidaria\/\"]}]},{\"@type\":\"ImageObject\",\"inLanguage\":\"es-AR\",\"@id\":\"https:\/\/apuntesdesanluis.com\/index.php\/2024\/09\/25\/ciclo-de-capacitacion-para-emprendedores-de-la-economia-social-y-solidaria\/#primaryimage\",\"url\":\"https:\/\/apuntesdesanluis.com\/wp-content\/uploads\/2024\/09\/emprendedor.png\",\"contentUrl\":\"https:\/\/apuntesdesanluis.com\/wp-content\/uploads\/2024\/09\/emprendedor.png\",\"width\":884,\"height\":610},{\"@type\":\"BreadcrumbList\",\"@id\":\"https:\/\/apuntesdesanluis.com\/index.php\/2024\/09\/25\/ciclo-de-capacitacion-para-emprendedores-de-la-economia-social-y-solidaria\/#breadcrumb\",\"itemListElement\":[{\"@type\":\"ListItem\",\"position\":1,\"name\":\"Inicio\",\"item\":\"https:\/\/apuntesdesanluis.com\/\"},{\"@type\":\"ListItem\",\"position\":2,\"name\":\"CICLO DE CAPACITACI\u00d3N PARA EMPRENDEDORES DE LA ECONOM\u00cdA SOCIAL\"}]},{\"@type\":\"WebSite\",\"@id\":\"https:\/\/apuntesdesanluis.com\/#website\",\"url\":\"https:\/\/apuntesdesanluis.com\/\",\"name\":\"Apuntes de San Luis\",\"description\":\"\",\"publisher\":{\"@id\":\"https:\/\/apuntesdesanluis.com\/#\/schema\/person\/b55151d52296fcce64d1a72538a70b90\"},\"potentialAction\":[{\"@type\":\"SearchAction\",\"target\":{\"@type\":\"EntryPoint\",\"urlTemplate\":\"https:\/\/apuntesdesanluis.com\/?s={search_term_string}\"},\"query-input\":{\"@type\":\"PropertyValueSpecification\",\"valueRequired\":true,\"valueName\":\"search_term_string\"}}],\"inLanguage\":\"es-AR\"},{\"@type\":[\"Person\",\"Organization\"],\"@id\":\"https:\/\/apuntesdesanluis.com\/#\/schema\/person\/b55151d52296fcce64d1a72538a70b90\",\"name\":\"apuntesdesanluis.com\",\"image\":{\"@type\":\"ImageObject\",\"inLanguage\":\"es-AR\",\"@id\":\"https:\/\/apuntesdesanluis.com\/#\/schema\/person\/image\/\",\"url\":\"https:\/\/apuntesdesanluis.com\/wp-content\/uploads\/2023\/07\/cropped-apuntesdesanluis.png\",\"contentUrl\":\"https:\/\/apuntesdesanluis.com\/wp-content\/uploads\/2023\/07\/cropped-apuntesdesanluis.png\",\"width\":450,\"height\":112,\"caption\":\"apuntesdesanluis.com\"},\"logo\":{\"@id\":\"https:\/\/apuntesdesanluis.com\/#\/schema\/person\/image\/\"},\"sameAs\":[\"https:\/\/apuntesdesanluis.com\"],\"url\":\"https:\/\/apuntesdesanluis.com\/index.php\/author\/apuntesdesanluis-com\/\"}]}<\/script>\n<!-- \/ Yoast SEO plugin. -->","yoast_head_json":{"title":"CICLO DE CAPACITACI\u00d3N PARA EMPRENDEDORES DE LA ECONOM\u00cdA SOCIAL - Apuntes de San Luis","robots":{"index":"index","follow":"follow","max-snippet":"max-snippet:-1","max-image-preview":"max-image-preview:large","max-video-preview":"max-video-preview:-1"},"canonical":"https:\/\/apuntesdesanluis.com\/index.php\/2024\/09\/25\/ciclo-de-capacitacion-para-emprendedores-de-la-economia-social-y-solidaria\/","og_locale":"es_ES","og_type":"article","og_title":"CICLO DE CAPACITACI\u00d3N PARA EMPRENDEDORES DE LA ECONOM\u00cdA SOCIAL - Apuntes de San Luis","og_description":"La Secretar\u00eda de Extensi\u00f3n Universitaria de la Facultad de Ciencias Econ\u00f3micas Jur\u00eddicas y Sociales (UNSL)...","og_url":"https:\/\/apuntesdesanluis.com\/index.php\/2024\/09\/25\/ciclo-de-capacitacion-para-emprendedores-de-la-economia-social-y-solidaria\/","og_site_name":"Apuntes de San Luis","article_published_time":"2024-09-25T15:43:40+00:00","article_modified_time":"2024-09-25T17:50:10+00:00","og_image":[{"width":884,"height":610,"url":"https:\/\/apuntesdesanluis.com\/wp-content\/uploads\/2024\/09\/emprendedor.png","type":"image\/png"}],"author":"apuntesdesanluis.com","twitter_card":"summary_large_image","twitter_misc":{"Escrito por":"apuntesdesanluis.com","Tiempo de lectura":"2 minutos"},"schema":{"@context":"https:\/\/schema.org","@graph":[{"@type":"Article","@id":"https:\/\/apuntesdesanluis.com\/index.php\/2024\/09\/25\/ciclo-de-capacitacion-para-emprendedores-de-la-economia-social-y-solidaria\/#article","isPartOf":{"@id":"https:\/\/apuntesdesanluis.com\/index.php\/2024\/09\/25\/ciclo-de-capacitacion-para-emprendedores-de-la-economia-social-y-solidaria\/"},"author":{"name":"apuntesdesanluis.com","@id":"https:\/\/apuntesdesanluis.com\/#\/schema\/person\/b55151d52296fcce64d1a72538a70b90"},"headline":"CICLO DE CAPACITACI\u00d3N PARA EMPRENDEDORES DE LA ECONOM\u00cdA SOCIAL","datePublished":"2024-09-25T15:43:40+00:00","dateModified":"2024-09-25T17:50:10+00:00","mainEntityOfPage":{"@id":"https:\/\/apuntesdesanluis.com\/index.php\/2024\/09\/25\/ciclo-de-capacitacion-para-emprendedores-de-la-economia-social-y-solidaria\/"},"wordCount":221,"publisher":{"@id":"https:\/\/apuntesdesanluis.com\/#\/schema\/person\/b55151d52296fcce64d1a72538a70b90"},"image":{"@id":"https:\/\/apuntesdesanluis.com\/index.php\/2024\/09\/25\/ciclo-de-capacitacion-para-emprendedores-de-la-economia-social-y-solidaria\/#primaryimage"},"thumbnailUrl":"https:\/\/apuntesdesanluis.com\/wp-content\/uploads\/2024\/09\/emprendedor.png","articleSection":["Ciudad\/Provincia"],"inLanguage":"es-AR"},{"@type":"WebPage","@id":"https:\/\/apuntesdesanluis.com\/index.php\/2024\/09\/25\/ciclo-de-capacitacion-para-emprendedores-de-la-economia-social-y-solidaria\/","url":"https:\/\/apuntesdesanluis.com\/index.php\/2024\/09\/25\/ciclo-de-capacitacion-para-emprendedores-de-la-economia-social-y-solidaria\/","name":"CICLO DE CAPACITACI\u00d3N PARA EMPRENDEDORES DE LA ECONOM\u00cdA SOCIAL - Apuntes de San Luis","isPartOf":{"@id":"https:\/\/apuntesdesanluis.com\/#website"},"primaryImageOfPage":{"@id":"https:\/\/apuntesdesanluis.com\/index.php\/2024\/09\/25\/ciclo-de-capacitacion-para-emprendedores-de-la-economia-social-y-solidaria\/#primaryimage"},"image":{"@id":"https:\/\/apuntesdesanluis.com\/index.php\/2024\/09\/25\/ciclo-de-capacitacion-para-emprendedores-de-la-economia-social-y-solidaria\/#primaryimage"},"thumbnailUrl":"https:\/\/apuntesdesanluis.com\/wp-content\/uploads\/2024\/09\/emprendedor.png","datePublished":"2024-09-25T15:43:40+00:00","dateModified":"2024-09-25T17:50:10+00:00","breadcrumb":{"@id":"https:\/\/apuntesdesanluis.com\/index.php\/2024\/09\/25\/ciclo-de-capacitacion-para-emprendedores-de-la-economia-social-y-solidaria\/#breadcrumb"},"inLanguage":"es-AR","potentialAction":[{"@type":"ReadAction","target":["https:\/\/apuntesdesanluis.com\/index.php\/2024\/09\/25\/ciclo-de-capacitacion-para-emprendedores-de-la-economia-social-y-solidaria\/"]}]},{"@type":"ImageObject","inLanguage":"es-AR","@id":"https:\/\/apuntesdesanluis.com\/index.php\/2024\/09\/25\/ciclo-de-capacitacion-para-emprendedores-de-la-economia-social-y-solidaria\/#primaryimage","url":"https:\/\/apuntesdesanluis.com\/wp-content\/uploads\/2024\/09\/emprendedor.png","contentUrl":"https:\/\/apuntesdesanluis.com\/wp-content\/uploads\/2024\/09\/emprendedor.png","width":884,"height":610},{"@type":"BreadcrumbList","@id":"https:\/\/apuntesdesanluis.com\/index.php\/2024\/09\/25\/ciclo-de-capacitacion-para-emprendedores-de-la-economia-social-y-solidaria\/#breadcrumb","itemListElement":[{"@type":"ListItem","position":1,"name":"Inicio","item":"https:\/\/apuntesdesanluis.com\/"},{"@type":"ListItem","position":2,"name":"CICLO DE CAPACITACI\u00d3N PARA EMPRENDEDORES DE LA ECONOM\u00cdA SOCIAL"}]},{"@type":"WebSite","@id":"https:\/\/apuntesdesanluis.com\/#website","url":"https:\/\/apuntesdesanluis.com\/","name":"Apuntes de San Luis","description":"","publisher":{"@id":"https:\/\/apuntesdesanluis.com\/#\/schema\/person\/b55151d52296fcce64d1a72538a70b90"},"potentialAction":[{"@type":"SearchAction","target":{"@type":"EntryPoint","urlTemplate":"https:\/\/apuntesdesanluis.com\/?s={search_term_string}"},"query-input":{"@type":"PropertyValueSpecification","valueRequired":true,"valueName":"search_term_string"}}],"inLanguage":"es-AR"},{"@type":["Person","Organization"],"@id":"https:\/\/apuntesdesanluis.com\/#\/schema\/person\/b55151d52296fcce64d1a72538a70b90","name":"apuntesdesanluis.com","image":{"@type":"ImageObject","inLanguage":"es-AR","@id":"https:\/\/apuntesdesanluis.com\/#\/schema\/person\/image\/","url":"https:\/\/apuntesdesanluis.com\/wp-content\/uploads\/2023\/07\/cropped-apuntesdesanluis.png","contentUrl":"https:\/\/apuntesdesanluis.com\/wp-content\/uploads\/2023\/07\/cropped-apuntesdesanluis.png","width":450,"height":112,"caption":"apuntesdesanluis.com"},"logo":{"@id":"https:\/\/apuntesdesanluis.com\/#\/schema\/person\/image\/"},"sameAs":["https:\/\/apuntesdesanluis.com"],"url":"https:\/\/apuntesdesanluis.com\/index.php\/author\/apuntesdesanluis-com\/"}]}},"featured_image_urls":{"full":["https:\/\/apuntesdesanluis.com\/wp-content\/uploads\/2024\/09\/emprendedor.png",884,610,false],"thumbnail":["https:\/\/apuntesdesanluis.com\/wp-content\/uploads\/2024\/09\/emprendedor-150x150.png",150,150,true],"medium":["https:\/\/apuntesdesanluis.com\/wp-content\/uploads\/2024\/09\/emprendedor-300x207.png",300,207,true],"medium_large":["https:\/\/apuntesdesanluis.com\/wp-content\/uploads\/2024\/09\/emprendedor-768x530.png",640,442,true],"large":["https:\/\/apuntesdesanluis.com\/wp-content\/uploads\/2024\/09\/emprendedor.png",640,442,false],"1536x1536":["https:\/\/apuntesdesanluis.com\/wp-content\/uploads\/2024\/09\/emprendedor.png",884,610,false],"2048x2048":["https:\/\/apuntesdesanluis.com\/wp-content\/uploads\/2024\/09\/emprendedor.png",884,610,false],"newsever-slider-full":["https:\/\/apuntesdesanluis.com\/wp-content\/uploads\/2024\/09\/emprendedor.png",884,610,false],"newsever-featured":["https:\/\/apuntesdesanluis.com\/wp-content\/uploads\/2024\/09\/emprendedor.png",884,610,false],"newsever-medium":["https:\/\/apuntesdesanluis.com\/wp-content\/uploads\/2024\/09\/emprendedor-720x475.png",720,475,true]},"author_info":{"display_name":"apuntesdesanluis.com","author_link":"https:\/\/apuntesdesanluis.com\/index.php\/author\/apuntesdesanluis-com\/"},"category_info":"<a href=\"https:\/\/apuntesdesanluis.com\/index.php\/category\/ciudad-provincia\/\" rel=\"category tag\">Ciudad\/Provincia<\/a>","tag_info":"Ciudad\/Provincia","comment_count":"0","_links":{"self":[{"href":"https:\/\/apuntesdesanluis.com\/index.php\/wp-json\/wp\/v2\/posts\/22689","targetHints":{"allow":["GET"]}}],"collection":[{"href":"https:\/\/apuntesdesanluis.com\/index.php\/wp-json\/wp\/v2\/posts"}],"about":[{"href":"https:\/\/apuntesdesanluis.com\/index.php\/wp-json\/wp\/v2\/types\/post"}],"author":[{"embeddable":true,"href":"https:\/\/apuntesdesanluis.com\/index.php\/wp-json\/wp\/v2\/users\/1"}],"replies":[{"embeddable":true,"href":"https:\/\/apuntesdesanluis.com\/index.php\/wp-json\/wp\/v2\/comments?post=22689"}],"version-history":[{"count":3,"href":"https:\/\/apuntesdesanluis.com\/index.php\/wp-json\/wp\/v2\/posts\/22689\/revisions"}],"predecessor-version":[{"id":22882,"href":"https:\/\/apuntesdesanluis.com\/index.php\/wp-json\/wp\/v2\/posts\/22689\/revisions\/22882"}],"wp:featuredmedia":[{"embeddable":true,"href":"https:\/\/apuntesdesanluis.com\/index.php\/wp-json\/wp\/v2\/media\/22690"}],"wp:attachment":[{"href":"https:\/\/apuntesdesanluis.com\/index.php\/wp-json\/wp\/v2\/media?parent=22689"}],"wp:term":[{"taxonomy":"category","embeddable":true,"href":"https:\/\/apuntesdesanluis.com\/index.php\/wp-json\/wp\/v2\/categories?post=22689"},{"taxonomy":"post_tag","embeddable":true,"href":"https:\/\/apuntesdesanluis.com\/index.php\/wp-json\/wp\/v2\/tags?post=22689"}],"curies":[{"name":"wp","href":"https:\/\/api.w.org\/{rel}","templated":true}]}}