{"id":22705,"date":"2024-09-22T23:32:47","date_gmt":"2024-09-23T02:32:47","guid":{"rendered":"https:\/\/apuntesdesanluis.com\/?p=22705"},"modified":"2024-09-22T23:45:32","modified_gmt":"2024-09-23T02:45:32","slug":"avanza-el-dialogo-con-los-partidos-politicos-para-implementar-la-reforma-electoral","status":"publish","type":"post","link":"https:\/\/apuntesdesanluis.com\/index.php\/2024\/09\/22\/avanza-el-dialogo-con-los-partidos-politicos-para-implementar-la-reforma-electoral\/","title":{"rendered":"AVANZA EL DI\u00c1LOGO CON LOS PARTIDOS POL\u00cdTICOS PARA IMPLEMENTAR LA REFORMA ELECTORAL"},"content":{"rendered":"<h3>La Secretar\u00eda de Asuntos Institucionales y Enlace Parlamentario, encabezada por <strong>Jos\u00e9 Giraudo<\/strong>, sigue avanzando en las reuniones para debatir la reforma electoral propuesta por el Ejecutivo provincial. En este marco, se realiz\u00f3 un encuentro con el <strong>Movimiento Vecinal Independiente Provincial<\/strong> (Movipro), en el que participaron su vicepresidente <strong>Marcelo Silvera<\/strong>, y <strong>Ricardo Orellana<\/strong>, apoderado del partido,<\/h3>\n<h3>El objetivo de la reuni\u00f3n fue buscar consenso sobre las modificaciones al sistema electoral. Giraudo subray\u00f3 la importancia de este di\u00e1logo plural que permitir\u00e1 a los partidos presentar sus opiniones por escrito sobre los temas abordados, con el fin de lograr un acuerdo s\u00f3lido y participativo. En esta l\u00ednea, se busca que las propuestas est\u00e9n alineadas con las necesidades reales de la provincia y reflejen el compromiso de todas las fuerzas pol\u00edticas, dejando claro que no se busca imponer la reforma, sino que se tratar\u00e1 de una construcci\u00f3n conjunta.<\/h3>\n<h3>Entre los temas clave que se discutieron destacaron la paridad de g\u00e9nero, la derogaci\u00f3n de la Ley de Lemas, la implementaci\u00f3n de la boleta \u00fanica papel, la posibilidad de realizar votaciones cada cuatro a\u00f1os para todos los cargos y aspectos vinculados a los padrones y votantes extranjeros.<\/h3>\n<p><img fetchpriority=\"high\" decoding=\"async\" class=\"wp-image-22707 aligncenter\" src=\"https:\/\/apuntesdesanluis.com\/wp-content\/uploads\/2024\/09\/dialogo-politico-grupal-300x180.png\" alt=\"\" width=\"702\" height=\"421\" srcset=\"https:\/\/apuntesdesanluis.com\/wp-content\/uploads\/2024\/09\/dialogo-politico-grupal-300x180.png 300w, https:\/\/apuntesdesanluis.com\/wp-content\/uploads\/2024\/09\/dialogo-politico-grupal.png 700w\" sizes=\"(max-width: 702px) 100vw, 702px\" \/><\/p>\n<h3>La reforma busca simplificar y transparentar el sistema electoral, que en su formato actual presenta desaf\u00edos en t\u00e9rminos de fiscalizaci\u00f3n, altos costos en la impresi\u00f3n de boletas y riesgos de confusi\u00f3n entre los votantes. La eliminaci\u00f3n de la Ley de Lemas es uno de los puntos m\u00e1s discutidos, ya que se considera que este mecanismo distorsiona la voluntad popular y genera un proceso electoral engorroso.<\/h3>\n<h3>Orellana subray\u00f3 la importancia de que los partidos pol\u00edticos tengan un rol activo en la discusi\u00f3n de estas reformas: \u201cEst\u00e1 bueno que se les consulte c\u00f3mo puede ser el sistema de electores de ahora en adelante\u201d. Tambi\u00e9n manifest\u00f3 que han perdido protagonismo en la vida democr\u00e1tica y que este proceso puede ser una oportunidad para revertir esa situaci\u00f3n. \u201cLa problem\u00e1tica es la p\u00e9rdida de visi\u00f3n de las fuerzas pol\u00edticas\u201d, reflexion\u00f3.<\/h3>\n<h3>El dirigente tambi\u00e9n expres\u00f3 optimismo respecto al futuro y resalt\u00f3 la importancia de adaptar la reforma al contexto local: \u201cTenemos buenas proyecciones, podemos ser protagonistas. Debemos hacer algo nuestro, que nos sirva, acorde a nuestra realidad\u201d.<\/h3>\n<h3>Silvera, vicepresidente del Movipro, celebr\u00f3 la iniciativa de la Secretar\u00eda de abrir este espacio de di\u00e1logo: \u201cFelicito el \u00e1mbito de di\u00e1logo y participaci\u00f3n. Jam\u00e1s hemos sido invitados a una mesa para tratar estos temas\u201d, afirm\u00f3.<\/h3>\n<p><img decoding=\"async\" class=\"wp-image-22708 aligncenter\" src=\"https:\/\/apuntesdesanluis.com\/wp-content\/uploads\/2024\/09\/orellana-giraudo-300x183.png\" alt=\"\" width=\"725\" height=\"442\" srcset=\"https:\/\/apuntesdesanluis.com\/wp-content\/uploads\/2024\/09\/orellana-giraudo-300x183.png 300w, https:\/\/apuntesdesanluis.com\/wp-content\/uploads\/2024\/09\/orellana-giraudo.png 700w\" sizes=\"(max-width: 725px) 100vw, 725px\" \/><\/p>\n<h3>Finalmente, Giraudo concluy\u00f3 que tras los primeros encuentros \u201cexiste un consenso entre los partidos con los que nos reunimos en derogar la Ley de Lemas e ir a un sistema de votaci\u00f3n de boleta \u00fanica papel. Continuaremos dialogando para saber qu\u00e9 opiniones tienen las restantes fuerzas pol\u00edticas sobre esta iniciativa\u201d.<\/h3>\n<p>&nbsp;<\/p>\n<p>&nbsp;<\/p>\n<p>&nbsp;<\/p>\n<p>&nbsp;<\/p>\n","protected":false},"excerpt":{"rendered":"<p>La Secretar\u00eda de Asuntos Institucionales y Enlace Parlamentario, encabezada por Jos\u00e9 Giraudo, sigue avanzando en&#8230;<\/p>\n","protected":false},"author":1,"featured_media":22706,"comment_status":"closed","ping_status":"closed","sticky":false,"template":"","format":"standard","meta":{"footnotes":""},"categories":[6],"tags":[],"class_list":["post-22705","post","type-post","status-publish","format-standard","has-post-thumbnail","hentry","category-ciudad-provincia"],"yoast_head":"<!-- This site is optimized with the Yoast SEO plugin v26.1.1 - https:\/\/yoast.com\/wordpress\/plugins\/seo\/ -->\n<title>AVANZA EL DI\u00c1LOGO CON LOS PARTIDOS POL\u00cdTICOS PARA IMPLEMENTAR LA REFORMA ELECTORAL - Apuntes de San Luis<\/title>\n<meta name=\"robots\" content=\"index, follow, max-snippet:-1, max-image-preview:large, max-video-preview:-1\" \/>\n<link rel=\"canonical\" href=\"https:\/\/apuntesdesanluis.com\/index.php\/2024\/09\/22\/avanza-el-dialogo-con-los-partidos-politicos-para-implementar-la-reforma-electoral\/\" \/>\n<meta property=\"og:locale\" content=\"es_ES\" \/>\n<meta property=\"og:type\" content=\"article\" \/>\n<meta property=\"og:title\" content=\"AVANZA EL DI\u00c1LOGO CON LOS PARTIDOS POL\u00cdTICOS PARA IMPLEMENTAR LA REFORMA ELECTORAL - Apuntes de San Luis\" \/>\n<meta property=\"og:description\" content=\"La Secretar\u00eda de Asuntos Institucionales y Enlace Parlamentario, encabezada por Jos\u00e9 Giraudo, sigue avanzando en...\" \/>\n<meta property=\"og:url\" content=\"https:\/\/apuntesdesanluis.com\/index.php\/2024\/09\/22\/avanza-el-dialogo-con-los-partidos-politicos-para-implementar-la-reforma-electoral\/\" \/>\n<meta property=\"og:site_name\" content=\"Apuntes de San Luis\" \/>\n<meta property=\"article:published_time\" content=\"2024-09-23T02:32:47+00:00\" \/>\n<meta property=\"article:modified_time\" content=\"2024-09-23T02:45:32+00:00\" \/>\n<meta property=\"og:image\" content=\"https:\/\/apuntesdesanluis.com\/wp-content\/uploads\/2024\/09\/dialogo-politico-giraudo.png\" \/>\n\t<meta property=\"og:image:width\" content=\"700\" \/>\n\t<meta property=\"og:image:height\" content=\"446\" \/>\n\t<meta property=\"og:image:type\" content=\"image\/png\" \/>\n<meta name=\"author\" content=\"apuntesdesanluis.com\" \/>\n<meta name=\"twitter:card\" content=\"summary_large_image\" \/>\n<meta name=\"twitter:label1\" content=\"Escrito por\" \/>\n\t<meta name=\"twitter:data1\" content=\"apuntesdesanluis.com\" \/>\n\t<meta name=\"twitter:label2\" content=\"Tiempo de lectura\" \/>\n\t<meta name=\"twitter:data2\" content=\"3 minutos\" \/>\n<script type=\"application\/ld+json\" class=\"yoast-schema-graph\">{\"@context\":\"https:\/\/schema.org\",\"@graph\":[{\"@type\":\"Article\",\"@id\":\"https:\/\/apuntesdesanluis.com\/index.php\/2024\/09\/22\/avanza-el-dialogo-con-los-partidos-politicos-para-implementar-la-reforma-electoral\/#article\",\"isPartOf\":{\"@id\":\"https:\/\/apuntesdesanluis.com\/index.php\/2024\/09\/22\/avanza-el-dialogo-con-los-partidos-politicos-para-implementar-la-reforma-electoral\/\"},\"author\":{\"name\":\"apuntesdesanluis.com\",\"@id\":\"https:\/\/apuntesdesanluis.com\/#\/schema\/person\/b55151d52296fcce64d1a72538a70b90\"},\"headline\":\"AVANZA EL DI\u00c1LOGO CON LOS PARTIDOS POL\u00cdTICOS PARA IMPLEMENTAR LA REFORMA ELECTORAL\",\"datePublished\":\"2024-09-23T02:32:47+00:00\",\"dateModified\":\"2024-09-23T02:45:32+00:00\",\"mainEntityOfPage\":{\"@id\":\"https:\/\/apuntesdesanluis.com\/index.php\/2024\/09\/22\/avanza-el-dialogo-con-los-partidos-politicos-para-implementar-la-reforma-electoral\/\"},\"wordCount\":502,\"publisher\":{\"@id\":\"https:\/\/apuntesdesanluis.com\/#\/schema\/person\/b55151d52296fcce64d1a72538a70b90\"},\"image\":{\"@id\":\"https:\/\/apuntesdesanluis.com\/index.php\/2024\/09\/22\/avanza-el-dialogo-con-los-partidos-politicos-para-implementar-la-reforma-electoral\/#primaryimage\"},\"thumbnailUrl\":\"https:\/\/apuntesdesanluis.com\/wp-content\/uploads\/2024\/09\/dialogo-politico-giraudo.png\",\"articleSection\":[\"Ciudad\/Provincia\"],\"inLanguage\":\"es-AR\"},{\"@type\":\"WebPage\",\"@id\":\"https:\/\/apuntesdesanluis.com\/index.php\/2024\/09\/22\/avanza-el-dialogo-con-los-partidos-politicos-para-implementar-la-reforma-electoral\/\",\"url\":\"https:\/\/apuntesdesanluis.com\/index.php\/2024\/09\/22\/avanza-el-dialogo-con-los-partidos-politicos-para-implementar-la-reforma-electoral\/\",\"name\":\"AVANZA EL DI\u00c1LOGO CON LOS PARTIDOS POL\u00cdTICOS PARA IMPLEMENTAR LA REFORMA ELECTORAL - Apuntes de San Luis\",\"isPartOf\":{\"@id\":\"https:\/\/apuntesdesanluis.com\/#website\"},\"primaryImageOfPage\":{\"@id\":\"https:\/\/apuntesdesanluis.com\/index.php\/2024\/09\/22\/avanza-el-dialogo-con-los-partidos-politicos-para-implementar-la-reforma-electoral\/#primaryimage\"},\"image\":{\"@id\":\"https:\/\/apuntesdesanluis.com\/index.php\/2024\/09\/22\/avanza-el-dialogo-con-los-partidos-politicos-para-implementar-la-reforma-electoral\/#primaryimage\"},\"thumbnailUrl\":\"https:\/\/apuntesdesanluis.com\/wp-content\/uploads\/2024\/09\/dialogo-politico-giraudo.png\",\"datePublished\":\"2024-09-23T02:32:47+00:00\",\"dateModified\":\"2024-09-23T02:45:32+00:00\",\"breadcrumb\":{\"@id\":\"https:\/\/apuntesdesanluis.com\/index.php\/2024\/09\/22\/avanza-el-dialogo-con-los-partidos-politicos-para-implementar-la-reforma-electoral\/#breadcrumb\"},\"inLanguage\":\"es-AR\",\"potentialAction\":[{\"@type\":\"ReadAction\",\"target\":[\"https:\/\/apuntesdesanluis.com\/index.php\/2024\/09\/22\/avanza-el-dialogo-con-los-partidos-politicos-para-implementar-la-reforma-electoral\/\"]}]},{\"@type\":\"ImageObject\",\"inLanguage\":\"es-AR\",\"@id\":\"https:\/\/apuntesdesanluis.com\/index.php\/2024\/09\/22\/avanza-el-dialogo-con-los-partidos-politicos-para-implementar-la-reforma-electoral\/#primaryimage\",\"url\":\"https:\/\/apuntesdesanluis.com\/wp-content\/uploads\/2024\/09\/dialogo-politico-giraudo.png\",\"contentUrl\":\"https:\/\/apuntesdesanluis.com\/wp-content\/uploads\/2024\/09\/dialogo-politico-giraudo.png\",\"width\":700,\"height\":446},{\"@type\":\"BreadcrumbList\",\"@id\":\"https:\/\/apuntesdesanluis.com\/index.php\/2024\/09\/22\/avanza-el-dialogo-con-los-partidos-politicos-para-implementar-la-reforma-electoral\/#breadcrumb\",\"itemListElement\":[{\"@type\":\"ListItem\",\"position\":1,\"name\":\"Inicio\",\"item\":\"https:\/\/apuntesdesanluis.com\/\"},{\"@type\":\"ListItem\",\"position\":2,\"name\":\"AVANZA EL DI\u00c1LOGO CON LOS PARTIDOS POL\u00cdTICOS PARA IMPLEMENTAR LA REFORMA ELECTORAL\"}]},{\"@type\":\"WebSite\",\"@id\":\"https:\/\/apuntesdesanluis.com\/#website\",\"url\":\"https:\/\/apuntesdesanluis.com\/\",\"name\":\"Apuntes de San Luis\",\"description\":\"\",\"publisher\":{\"@id\":\"https:\/\/apuntesdesanluis.com\/#\/schema\/person\/b55151d52296fcce64d1a72538a70b90\"},\"potentialAction\":[{\"@type\":\"SearchAction\",\"target\":{\"@type\":\"EntryPoint\",\"urlTemplate\":\"https:\/\/apuntesdesanluis.com\/?s={search_term_string}\"},\"query-input\":{\"@type\":\"PropertyValueSpecification\",\"valueRequired\":true,\"valueName\":\"search_term_string\"}}],\"inLanguage\":\"es-AR\"},{\"@type\":[\"Person\",\"Organization\"],\"@id\":\"https:\/\/apuntesdesanluis.com\/#\/schema\/person\/b55151d52296fcce64d1a72538a70b90\",\"name\":\"apuntesdesanluis.com\",\"image\":{\"@type\":\"ImageObject\",\"inLanguage\":\"es-AR\",\"@id\":\"https:\/\/apuntesdesanluis.com\/#\/schema\/person\/image\/\",\"url\":\"https:\/\/apuntesdesanluis.com\/wp-content\/uploads\/2023\/07\/cropped-apuntesdesanluis.png\",\"contentUrl\":\"https:\/\/apuntesdesanluis.com\/wp-content\/uploads\/2023\/07\/cropped-apuntesdesanluis.png\",\"width\":450,\"height\":112,\"caption\":\"apuntesdesanluis.com\"},\"logo\":{\"@id\":\"https:\/\/apuntesdesanluis.com\/#\/schema\/person\/image\/\"},\"sameAs\":[\"https:\/\/apuntesdesanluis.com\"],\"url\":\"https:\/\/apuntesdesanluis.com\/index.php\/author\/apuntesdesanluis-com\/\"}]}<\/script>\n<!-- \/ Yoast SEO plugin. -->","yoast_head_json":{"title":"AVANZA EL DI\u00c1LOGO CON LOS PARTIDOS POL\u00cdTICOS PARA IMPLEMENTAR LA REFORMA ELECTORAL - Apuntes de San Luis","robots":{"index":"index","follow":"follow","max-snippet":"max-snippet:-1","max-image-preview":"max-image-preview:large","max-video-preview":"max-video-preview:-1"},"canonical":"https:\/\/apuntesdesanluis.com\/index.php\/2024\/09\/22\/avanza-el-dialogo-con-los-partidos-politicos-para-implementar-la-reforma-electoral\/","og_locale":"es_ES","og_type":"article","og_title":"AVANZA EL DI\u00c1LOGO CON LOS PARTIDOS POL\u00cdTICOS PARA IMPLEMENTAR LA REFORMA ELECTORAL - Apuntes de San Luis","og_description":"La Secretar\u00eda de Asuntos Institucionales y Enlace Parlamentario, encabezada por Jos\u00e9 Giraudo, sigue avanzando en...","og_url":"https:\/\/apuntesdesanluis.com\/index.php\/2024\/09\/22\/avanza-el-dialogo-con-los-partidos-politicos-para-implementar-la-reforma-electoral\/","og_site_name":"Apuntes de San Luis","article_published_time":"2024-09-23T02:32:47+00:00","article_modified_time":"2024-09-23T02:45:32+00:00","og_image":[{"width":700,"height":446,"url":"https:\/\/apuntesdesanluis.com\/wp-content\/uploads\/2024\/09\/dialogo-politico-giraudo.png","type":"image\/png"}],"author":"apuntesdesanluis.com","twitter_card":"summary_large_image","twitter_misc":{"Escrito por":"apuntesdesanluis.com","Tiempo de lectura":"3 minutos"},"schema":{"@context":"https:\/\/schema.org","@graph":[{"@type":"Article","@id":"https:\/\/apuntesdesanluis.com\/index.php\/2024\/09\/22\/avanza-el-dialogo-con-los-partidos-politicos-para-implementar-la-reforma-electoral\/#article","isPartOf":{"@id":"https:\/\/apuntesdesanluis.com\/index.php\/2024\/09\/22\/avanza-el-dialogo-con-los-partidos-politicos-para-implementar-la-reforma-electoral\/"},"author":{"name":"apuntesdesanluis.com","@id":"https:\/\/apuntesdesanluis.com\/#\/schema\/person\/b55151d52296fcce64d1a72538a70b90"},"headline":"AVANZA EL DI\u00c1LOGO CON LOS PARTIDOS POL\u00cdTICOS PARA IMPLEMENTAR LA REFORMA ELECTORAL","datePublished":"2024-09-23T02:32:47+00:00","dateModified":"2024-09-23T02:45:32+00:00","mainEntityOfPage":{"@id":"https:\/\/apuntesdesanluis.com\/index.php\/2024\/09\/22\/avanza-el-dialogo-con-los-partidos-politicos-para-implementar-la-reforma-electoral\/"},"wordCount":502,"publisher":{"@id":"https:\/\/apuntesdesanluis.com\/#\/schema\/person\/b55151d52296fcce64d1a72538a70b90"},"image":{"@id":"https:\/\/apuntesdesanluis.com\/index.php\/2024\/09\/22\/avanza-el-dialogo-con-los-partidos-politicos-para-implementar-la-reforma-electoral\/#primaryimage"},"thumbnailUrl":"https:\/\/apuntesdesanluis.com\/wp-content\/uploads\/2024\/09\/dialogo-politico-giraudo.png","articleSection":["Ciudad\/Provincia"],"inLanguage":"es-AR"},{"@type":"WebPage","@id":"https:\/\/apuntesdesanluis.com\/index.php\/2024\/09\/22\/avanza-el-dialogo-con-los-partidos-politicos-para-implementar-la-reforma-electoral\/","url":"https:\/\/apuntesdesanluis.com\/index.php\/2024\/09\/22\/avanza-el-dialogo-con-los-partidos-politicos-para-implementar-la-reforma-electoral\/","name":"AVANZA EL DI\u00c1LOGO CON LOS PARTIDOS POL\u00cdTICOS PARA IMPLEMENTAR LA REFORMA ELECTORAL - Apuntes de San Luis","isPartOf":{"@id":"https:\/\/apuntesdesanluis.com\/#website"},"primaryImageOfPage":{"@id":"https:\/\/apuntesdesanluis.com\/index.php\/2024\/09\/22\/avanza-el-dialogo-con-los-partidos-politicos-para-implementar-la-reforma-electoral\/#primaryimage"},"image":{"@id":"https:\/\/apuntesdesanluis.com\/index.php\/2024\/09\/22\/avanza-el-dialogo-con-los-partidos-politicos-para-implementar-la-reforma-electoral\/#primaryimage"},"thumbnailUrl":"https:\/\/apuntesdesanluis.com\/wp-content\/uploads\/2024\/09\/dialogo-politico-giraudo.png","datePublished":"2024-09-23T02:32:47+00:00","dateModified":"2024-09-23T02:45:32+00:00","breadcrumb":{"@id":"https:\/\/apuntesdesanluis.com\/index.php\/2024\/09\/22\/avanza-el-dialogo-con-los-partidos-politicos-para-implementar-la-reforma-electoral\/#breadcrumb"},"inLanguage":"es-AR","potentialAction":[{"@type":"ReadAction","target":["https:\/\/apuntesdesanluis.com\/index.php\/2024\/09\/22\/avanza-el-dialogo-con-los-partidos-politicos-para-implementar-la-reforma-electoral\/"]}]},{"@type":"ImageObject","inLanguage":"es-AR","@id":"https:\/\/apuntesdesanluis.com\/index.php\/2024\/09\/22\/avanza-el-dialogo-con-los-partidos-politicos-para-implementar-la-reforma-electoral\/#primaryimage","url":"https:\/\/apuntesdesanluis.com\/wp-content\/uploads\/2024\/09\/dialogo-politico-giraudo.png","contentUrl":"https:\/\/apuntesdesanluis.com\/wp-content\/uploads\/2024\/09\/dialogo-politico-giraudo.png","width":700,"height":446},{"@type":"BreadcrumbList","@id":"https:\/\/apuntesdesanluis.com\/index.php\/2024\/09\/22\/avanza-el-dialogo-con-los-partidos-politicos-para-implementar-la-reforma-electoral\/#breadcrumb","itemListElement":[{"@type":"ListItem","position":1,"name":"Inicio","item":"https:\/\/apuntesdesanluis.com\/"},{"@type":"ListItem","position":2,"name":"AVANZA EL DI\u00c1LOGO CON LOS PARTIDOS POL\u00cdTICOS PARA IMPLEMENTAR LA REFORMA ELECTORAL"}]},{"@type":"WebSite","@id":"https:\/\/apuntesdesanluis.com\/#website","url":"https:\/\/apuntesdesanluis.com\/","name":"Apuntes de San Luis","description":"","publisher":{"@id":"https:\/\/apuntesdesanluis.com\/#\/schema\/person\/b55151d52296fcce64d1a72538a70b90"},"potentialAction":[{"@type":"SearchAction","target":{"@type":"EntryPoint","urlTemplate":"https:\/\/apuntesdesanluis.com\/?s={search_term_string}"},"query-input":{"@type":"PropertyValueSpecification","valueRequired":true,"valueName":"search_term_string"}}],"inLanguage":"es-AR"},{"@type":["Person","Organization"],"@id":"https:\/\/apuntesdesanluis.com\/#\/schema\/person\/b55151d52296fcce64d1a72538a70b90","name":"apuntesdesanluis.com","image":{"@type":"ImageObject","inLanguage":"es-AR","@id":"https:\/\/apuntesdesanluis.com\/#\/schema\/person\/image\/","url":"https:\/\/apuntesdesanluis.com\/wp-content\/uploads\/2023\/07\/cropped-apuntesdesanluis.png","contentUrl":"https:\/\/apuntesdesanluis.com\/wp-content\/uploads\/2023\/07\/cropped-apuntesdesanluis.png","width":450,"height":112,"caption":"apuntesdesanluis.com"},"logo":{"@id":"https:\/\/apuntesdesanluis.com\/#\/schema\/person\/image\/"},"sameAs":["https:\/\/apuntesdesanluis.com"],"url":"https:\/\/apuntesdesanluis.com\/index.php\/author\/apuntesdesanluis-com\/"}]}},"featured_image_urls":{"full":["https:\/\/apuntesdesanluis.com\/wp-content\/uploads\/2024\/09\/dialogo-politico-giraudo.png",700,446,false],"thumbnail":["https:\/\/apuntesdesanluis.com\/wp-content\/uploads\/2024\/09\/dialogo-politico-giraudo-150x150.png",150,150,true],"medium":["https:\/\/apuntesdesanluis.com\/wp-content\/uploads\/2024\/09\/dialogo-politico-giraudo-300x191.png",300,191,true],"medium_large":["https:\/\/apuntesdesanluis.com\/wp-content\/uploads\/2024\/09\/dialogo-politico-giraudo.png",640,408,false],"large":["https:\/\/apuntesdesanluis.com\/wp-content\/uploads\/2024\/09\/dialogo-politico-giraudo.png",640,408,false],"1536x1536":["https:\/\/apuntesdesanluis.com\/wp-content\/uploads\/2024\/09\/dialogo-politico-giraudo.png",700,446,false],"2048x2048":["https:\/\/apuntesdesanluis.com\/wp-content\/uploads\/2024\/09\/dialogo-politico-giraudo.png",700,446,false],"newsever-slider-full":["https:\/\/apuntesdesanluis.com\/wp-content\/uploads\/2024\/09\/dialogo-politico-giraudo.png",700,446,false],"newsever-featured":["https:\/\/apuntesdesanluis.com\/wp-content\/uploads\/2024\/09\/dialogo-politico-giraudo.png",700,446,false],"newsever-medium":["https:\/\/apuntesdesanluis.com\/wp-content\/uploads\/2024\/09\/dialogo-politico-giraudo.png",700,446,false]},"author_info":{"display_name":"apuntesdesanluis.com","author_link":"https:\/\/apuntesdesanluis.com\/index.php\/author\/apuntesdesanluis-com\/"},"category_info":"<a href=\"https:\/\/apuntesdesanluis.com\/index.php\/category\/ciudad-provincia\/\" rel=\"category tag\">Ciudad\/Provincia<\/a>","tag_info":"Ciudad\/Provincia","comment_count":"0","_links":{"self":[{"href":"https:\/\/apuntesdesanluis.com\/index.php\/wp-json\/wp\/v2\/posts\/22705","targetHints":{"allow":["GET"]}}],"collection":[{"href":"https:\/\/apuntesdesanluis.com\/index.php\/wp-json\/wp\/v2\/posts"}],"about":[{"href":"https:\/\/apuntesdesanluis.com\/index.php\/wp-json\/wp\/v2\/types\/post"}],"author":[{"embeddable":true,"href":"https:\/\/apuntesdesanluis.com\/index.php\/wp-json\/wp\/v2\/users\/1"}],"replies":[{"embeddable":true,"href":"https:\/\/apuntesdesanluis.com\/index.php\/wp-json\/wp\/v2\/comments?post=22705"}],"version-history":[{"count":3,"href":"https:\/\/apuntesdesanluis.com\/index.php\/wp-json\/wp\/v2\/posts\/22705\/revisions"}],"predecessor-version":[{"id":22711,"href":"https:\/\/apuntesdesanluis.com\/index.php\/wp-json\/wp\/v2\/posts\/22705\/revisions\/22711"}],"wp:featuredmedia":[{"embeddable":true,"href":"https:\/\/apuntesdesanluis.com\/index.php\/wp-json\/wp\/v2\/media\/22706"}],"wp:attachment":[{"href":"https:\/\/apuntesdesanluis.com\/index.php\/wp-json\/wp\/v2\/media?parent=22705"}],"wp:term":[{"taxonomy":"category","embeddable":true,"href":"https:\/\/apuntesdesanluis.com\/index.php\/wp-json\/wp\/v2\/categories?post=22705"},{"taxonomy":"post_tag","embeddable":true,"href":"https:\/\/apuntesdesanluis.com\/index.php\/wp-json\/wp\/v2\/tags?post=22705"}],"curies":[{"name":"wp","href":"https:\/\/api.w.org\/{rel}","templated":true}]}}