{"id":2271,"date":"2023-08-29T14:50:12","date_gmt":"2023-08-29T17:50:12","guid":{"rendered":"https:\/\/apuntesdesanluis.com\/?p=2271"},"modified":"2023-08-29T14:52:33","modified_gmt":"2023-08-29T17:52:33","slug":"el-intendente-maximiliano-frontera-recibio-el-titulo-de-escribano","status":"publish","type":"post","link":"https:\/\/apuntesdesanluis.com\/index.php\/2023\/08\/29\/el-intendente-maximiliano-frontera-recibio-el-titulo-de-escribano\/","title":{"rendered":"EL INTENDENTE MAXIMILIANO FRONTERA RECIBI\u00d3 EL T\u00cdTULO DE ESCRIBANO"},"content":{"rendered":"<h3>Este martes a media ma\u00f1ana el jefe comunal cumpli\u00f3 un nuevo paso en su capacitaci\u00f3n profesional, al recibir el t\u00edtulo de escribano en la Universidad Siglo XXI.<\/h3>\n<h3>Acompa\u00f1ado por familiares, pareja y amigos, Maximiliano Frontera expres\u00f3 su satisfacci\u00f3n por alcanzar el objetivo de conseguir su segundo t\u00edtulo universitario, dado que cuando ten\u00eda 27 a\u00f1os se recibi\u00f3 de abogado en la Universidad de Lomas de Zamora, en el a\u00f1o 2007.<\/h3>\n<h3>El a\u00f1o pasado se supo que se encontraba estudiando Escriban\u00eda cuando el propio intendente lo coment\u00f3 en un conversatorio que se desarroll\u00f3 el 9 de noviembre en la Escuela N\u00b0 30 General Pedernera, ocasi\u00f3n en la que precis\u00f3 que en los pr\u00f3ximos d\u00edas rendir\u00eda la \u00faltima asignatura.<\/h3>\n<p><img fetchpriority=\"high\" decoding=\"async\" class=\"wp-image-2273 aligncenter\" src=\"https:\/\/apuntesdesanluis.com\/wp-content\/uploads\/2023\/08\/dos-de-maxi-300x170.png\" alt=\"\" width=\"551\" height=\"312\" srcset=\"https:\/\/apuntesdesanluis.com\/wp-content\/uploads\/2023\/08\/dos-de-maxi-300x170.png 300w, https:\/\/apuntesdesanluis.com\/wp-content\/uploads\/2023\/08\/dos-de-maxi.png 566w\" sizes=\"(max-width: 551px) 100vw, 551px\" \/><\/p>\n<h3>El lunes 28 de noviembre aprob\u00f3 la materia\u00a0\u201cNuevas Manifestaciones de la Propiedad\u201d y este martes recibi\u00f3 finalmente el ansiado t\u00edtulo.<\/h3>\n<h3>\u201cSiempre digo y repito que no soy ejemplo ni modelo de nada, pero s\u00ed la prueba de que con perseverancia y esfuerzo las cosas se consiguen. Fijate todo lo que he debido enfrentar: la muerte de Vero Bailone, mi querida amiga, viceintendenta; la pandemia, la feroz tormenta que nos azot\u00f3 en enero, la crisis econ\u00f3mica\u2026. En fin, a pesar de todo eso siempre tuve el deseo de seguir estudiando y encontr\u00e9 el tiempo, en medio de la gesti\u00f3n, para alcanzar este objetivo que me hab\u00eda impuesto\u201d.<\/h3>\n<h3>Los tiempos a los que hace referencia eran a la ma\u00f1ana temprano, despu\u00e9s de llevar sus hijos al colegio, y por la noche, despu\u00e9s de cenar, cont\u00f3 alguna vez acerca de su rutina.<\/h3>\n<h3>En medio de las felicitaciones, los besos y abrazos, Maxi Frontera aprovecha para agradecer: \u201cSi no fuera por el apoyo de mi familia, de mis hijos, de Roc\u00edo, de mis amigos que me alentaban, nada de esto habr\u00eda sido posible. Si de algo sirve esto, es para que mis hijos y cualquier persona se convenza que todo se puede lograr si existe la convicci\u00f3n y el esfuerzo en pos de un objetivo\u201d, concluy\u00f3.<\/h3>\n<p><img decoding=\"async\" class=\"wp-image-2272 aligncenter\" src=\"https:\/\/apuntesdesanluis.com\/wp-content\/uploads\/2023\/08\/posteo-4-300x295.png\" alt=\"\" width=\"487\" height=\"479\" srcset=\"https:\/\/apuntesdesanluis.com\/wp-content\/uploads\/2023\/08\/posteo-4-300x295.png 300w, https:\/\/apuntesdesanluis.com\/wp-content\/uploads\/2023\/08\/posteo-4.png 501w\" sizes=\"(max-width: 487px) 100vw, 487px\" \/><\/p>\n","protected":false},"excerpt":{"rendered":"<p>Este martes a media ma\u00f1ana el jefe comunal cumpli\u00f3 un nuevo paso en su capacitaci\u00f3n&#8230;<\/p>\n","protected":false},"author":1,"featured_media":2274,"comment_status":"closed","ping_status":"closed","sticky":false,"template":"","format":"standard","meta":{"footnotes":""},"categories":[6],"tags":[],"class_list":["post-2271","post","type-post","status-publish","format-standard","has-post-thumbnail","hentry","category-ciudad-provincia"],"yoast_head":"<!-- This site is optimized with the Yoast SEO plugin v26.1.1 - https:\/\/yoast.com\/wordpress\/plugins\/seo\/ -->\n<title>EL INTENDENTE MAXIMILIANO FRONTERA RECIBI\u00d3 EL T\u00cdTULO DE ESCRIBANO - Apuntes de San Luis<\/title>\n<meta name=\"robots\" content=\"index, follow, max-snippet:-1, max-image-preview:large, max-video-preview:-1\" \/>\n<link rel=\"canonical\" href=\"https:\/\/apuntesdesanluis.com\/index.php\/2023\/08\/29\/el-intendente-maximiliano-frontera-recibio-el-titulo-de-escribano\/\" \/>\n<meta property=\"og:locale\" content=\"es_ES\" \/>\n<meta property=\"og:type\" content=\"article\" \/>\n<meta property=\"og:title\" content=\"EL INTENDENTE MAXIMILIANO FRONTERA RECIBI\u00d3 EL T\u00cdTULO DE ESCRIBANO - Apuntes de San Luis\" \/>\n<meta property=\"og:description\" content=\"Este martes a media ma\u00f1ana el jefe comunal cumpli\u00f3 un nuevo paso en su capacitaci\u00f3n...\" \/>\n<meta property=\"og:url\" content=\"https:\/\/apuntesdesanluis.com\/index.php\/2023\/08\/29\/el-intendente-maximiliano-frontera-recibio-el-titulo-de-escribano\/\" \/>\n<meta property=\"og:site_name\" content=\"Apuntes de San Luis\" \/>\n<meta property=\"article:published_time\" content=\"2023-08-29T17:50:12+00:00\" \/>\n<meta property=\"article:modified_time\" content=\"2023-08-29T17:52:33+00:00\" \/>\n<meta property=\"og:image\" content=\"https:\/\/apuntesdesanluis.com\/wp-content\/uploads\/2023\/08\/maxi-1.png\" \/>\n\t<meta property=\"og:image:width\" content=\"561\" \/>\n\t<meta property=\"og:image:height\" content=\"366\" \/>\n\t<meta property=\"og:image:type\" content=\"image\/png\" \/>\n<meta name=\"author\" content=\"apuntesdesanluis.com\" \/>\n<meta name=\"twitter:card\" content=\"summary_large_image\" \/>\n<meta name=\"twitter:label1\" content=\"Escrito por\" \/>\n\t<meta name=\"twitter:data1\" content=\"apuntesdesanluis.com\" \/>\n\t<meta name=\"twitter:label2\" content=\"Tiempo de lectura\" \/>\n\t<meta name=\"twitter:data2\" content=\"2 minutos\" \/>\n<script type=\"application\/ld+json\" class=\"yoast-schema-graph\">{\"@context\":\"https:\/\/schema.org\",\"@graph\":[{\"@type\":\"Article\",\"@id\":\"https:\/\/apuntesdesanluis.com\/index.php\/2023\/08\/29\/el-intendente-maximiliano-frontera-recibio-el-titulo-de-escribano\/#article\",\"isPartOf\":{\"@id\":\"https:\/\/apuntesdesanluis.com\/index.php\/2023\/08\/29\/el-intendente-maximiliano-frontera-recibio-el-titulo-de-escribano\/\"},\"author\":{\"name\":\"apuntesdesanluis.com\",\"@id\":\"https:\/\/apuntesdesanluis.com\/#\/schema\/person\/b55151d52296fcce64d1a72538a70b90\"},\"headline\":\"EL INTENDENTE MAXIMILIANO FRONTERA RECIBI\u00d3 EL T\u00cdTULO DE ESCRIBANO\",\"datePublished\":\"2023-08-29T17:50:12+00:00\",\"dateModified\":\"2023-08-29T17:52:33+00:00\",\"mainEntityOfPage\":{\"@id\":\"https:\/\/apuntesdesanluis.com\/index.php\/2023\/08\/29\/el-intendente-maximiliano-frontera-recibio-el-titulo-de-escribano\/\"},\"wordCount\":359,\"publisher\":{\"@id\":\"https:\/\/apuntesdesanluis.com\/#\/schema\/person\/b55151d52296fcce64d1a72538a70b90\"},\"image\":{\"@id\":\"https:\/\/apuntesdesanluis.com\/index.php\/2023\/08\/29\/el-intendente-maximiliano-frontera-recibio-el-titulo-de-escribano\/#primaryimage\"},\"thumbnailUrl\":\"https:\/\/apuntesdesanluis.com\/wp-content\/uploads\/2023\/08\/maxi-1.png\",\"articleSection\":[\"Ciudad\/Provincia\"],\"inLanguage\":\"es-AR\"},{\"@type\":\"WebPage\",\"@id\":\"https:\/\/apuntesdesanluis.com\/index.php\/2023\/08\/29\/el-intendente-maximiliano-frontera-recibio-el-titulo-de-escribano\/\",\"url\":\"https:\/\/apuntesdesanluis.com\/index.php\/2023\/08\/29\/el-intendente-maximiliano-frontera-recibio-el-titulo-de-escribano\/\",\"name\":\"EL INTENDENTE MAXIMILIANO FRONTERA RECIBI\u00d3 EL T\u00cdTULO DE ESCRIBANO - Apuntes de San Luis\",\"isPartOf\":{\"@id\":\"https:\/\/apuntesdesanluis.com\/#website\"},\"primaryImageOfPage\":{\"@id\":\"https:\/\/apuntesdesanluis.com\/index.php\/2023\/08\/29\/el-intendente-maximiliano-frontera-recibio-el-titulo-de-escribano\/#primaryimage\"},\"image\":{\"@id\":\"https:\/\/apuntesdesanluis.com\/index.php\/2023\/08\/29\/el-intendente-maximiliano-frontera-recibio-el-titulo-de-escribano\/#primaryimage\"},\"thumbnailUrl\":\"https:\/\/apuntesdesanluis.com\/wp-content\/uploads\/2023\/08\/maxi-1.png\",\"datePublished\":\"2023-08-29T17:50:12+00:00\",\"dateModified\":\"2023-08-29T17:52:33+00:00\",\"breadcrumb\":{\"@id\":\"https:\/\/apuntesdesanluis.com\/index.php\/2023\/08\/29\/el-intendente-maximiliano-frontera-recibio-el-titulo-de-escribano\/#breadcrumb\"},\"inLanguage\":\"es-AR\",\"potentialAction\":[{\"@type\":\"ReadAction\",\"target\":[\"https:\/\/apuntesdesanluis.com\/index.php\/2023\/08\/29\/el-intendente-maximiliano-frontera-recibio-el-titulo-de-escribano\/\"]}]},{\"@type\":\"ImageObject\",\"inLanguage\":\"es-AR\",\"@id\":\"https:\/\/apuntesdesanluis.com\/index.php\/2023\/08\/29\/el-intendente-maximiliano-frontera-recibio-el-titulo-de-escribano\/#primaryimage\",\"url\":\"https:\/\/apuntesdesanluis.com\/wp-content\/uploads\/2023\/08\/maxi-1.png\",\"contentUrl\":\"https:\/\/apuntesdesanluis.com\/wp-content\/uploads\/2023\/08\/maxi-1.png\",\"width\":561,\"height\":366},{\"@type\":\"BreadcrumbList\",\"@id\":\"https:\/\/apuntesdesanluis.com\/index.php\/2023\/08\/29\/el-intendente-maximiliano-frontera-recibio-el-titulo-de-escribano\/#breadcrumb\",\"itemListElement\":[{\"@type\":\"ListItem\",\"position\":1,\"name\":\"Inicio\",\"item\":\"https:\/\/apuntesdesanluis.com\/\"},{\"@type\":\"ListItem\",\"position\":2,\"name\":\"EL INTENDENTE MAXIMILIANO FRONTERA RECIBI\u00d3 EL T\u00cdTULO DE ESCRIBANO\"}]},{\"@type\":\"WebSite\",\"@id\":\"https:\/\/apuntesdesanluis.com\/#website\",\"url\":\"https:\/\/apuntesdesanluis.com\/\",\"name\":\"Apuntes de San Luis\",\"description\":\"\",\"publisher\":{\"@id\":\"https:\/\/apuntesdesanluis.com\/#\/schema\/person\/b55151d52296fcce64d1a72538a70b90\"},\"potentialAction\":[{\"@type\":\"SearchAction\",\"target\":{\"@type\":\"EntryPoint\",\"urlTemplate\":\"https:\/\/apuntesdesanluis.com\/?s={search_term_string}\"},\"query-input\":{\"@type\":\"PropertyValueSpecification\",\"valueRequired\":true,\"valueName\":\"search_term_string\"}}],\"inLanguage\":\"es-AR\"},{\"@type\":[\"Person\",\"Organization\"],\"@id\":\"https:\/\/apuntesdesanluis.com\/#\/schema\/person\/b55151d52296fcce64d1a72538a70b90\",\"name\":\"apuntesdesanluis.com\",\"image\":{\"@type\":\"ImageObject\",\"inLanguage\":\"es-AR\",\"@id\":\"https:\/\/apuntesdesanluis.com\/#\/schema\/person\/image\/\",\"url\":\"https:\/\/apuntesdesanluis.com\/wp-content\/uploads\/2023\/07\/cropped-apuntesdesanluis.png\",\"contentUrl\":\"https:\/\/apuntesdesanluis.com\/wp-content\/uploads\/2023\/07\/cropped-apuntesdesanluis.png\",\"width\":450,\"height\":112,\"caption\":\"apuntesdesanluis.com\"},\"logo\":{\"@id\":\"https:\/\/apuntesdesanluis.com\/#\/schema\/person\/image\/\"},\"sameAs\":[\"https:\/\/apuntesdesanluis.com\"],\"url\":\"https:\/\/apuntesdesanluis.com\/index.php\/author\/apuntesdesanluis-com\/\"}]}<\/script>\n<!-- \/ Yoast SEO plugin. -->","yoast_head_json":{"title":"EL INTENDENTE MAXIMILIANO FRONTERA RECIBI\u00d3 EL T\u00cdTULO DE ESCRIBANO - Apuntes de San Luis","robots":{"index":"index","follow":"follow","max-snippet":"max-snippet:-1","max-image-preview":"max-image-preview:large","max-video-preview":"max-video-preview:-1"},"canonical":"https:\/\/apuntesdesanluis.com\/index.php\/2023\/08\/29\/el-intendente-maximiliano-frontera-recibio-el-titulo-de-escribano\/","og_locale":"es_ES","og_type":"article","og_title":"EL INTENDENTE MAXIMILIANO FRONTERA RECIBI\u00d3 EL T\u00cdTULO DE ESCRIBANO - Apuntes de San Luis","og_description":"Este martes a media ma\u00f1ana el jefe comunal cumpli\u00f3 un nuevo paso en su capacitaci\u00f3n...","og_url":"https:\/\/apuntesdesanluis.com\/index.php\/2023\/08\/29\/el-intendente-maximiliano-frontera-recibio-el-titulo-de-escribano\/","og_site_name":"Apuntes de San Luis","article_published_time":"2023-08-29T17:50:12+00:00","article_modified_time":"2023-08-29T17:52:33+00:00","og_image":[{"width":561,"height":366,"url":"https:\/\/apuntesdesanluis.com\/wp-content\/uploads\/2023\/08\/maxi-1.png","type":"image\/png"}],"author":"apuntesdesanluis.com","twitter_card":"summary_large_image","twitter_misc":{"Escrito por":"apuntesdesanluis.com","Tiempo de lectura":"2 minutos"},"schema":{"@context":"https:\/\/schema.org","@graph":[{"@type":"Article","@id":"https:\/\/apuntesdesanluis.com\/index.php\/2023\/08\/29\/el-intendente-maximiliano-frontera-recibio-el-titulo-de-escribano\/#article","isPartOf":{"@id":"https:\/\/apuntesdesanluis.com\/index.php\/2023\/08\/29\/el-intendente-maximiliano-frontera-recibio-el-titulo-de-escribano\/"},"author":{"name":"apuntesdesanluis.com","@id":"https:\/\/apuntesdesanluis.com\/#\/schema\/person\/b55151d52296fcce64d1a72538a70b90"},"headline":"EL INTENDENTE MAXIMILIANO FRONTERA RECIBI\u00d3 EL T\u00cdTULO DE ESCRIBANO","datePublished":"2023-08-29T17:50:12+00:00","dateModified":"2023-08-29T17:52:33+00:00","mainEntityOfPage":{"@id":"https:\/\/apuntesdesanluis.com\/index.php\/2023\/08\/29\/el-intendente-maximiliano-frontera-recibio-el-titulo-de-escribano\/"},"wordCount":359,"publisher":{"@id":"https:\/\/apuntesdesanluis.com\/#\/schema\/person\/b55151d52296fcce64d1a72538a70b90"},"image":{"@id":"https:\/\/apuntesdesanluis.com\/index.php\/2023\/08\/29\/el-intendente-maximiliano-frontera-recibio-el-titulo-de-escribano\/#primaryimage"},"thumbnailUrl":"https:\/\/apuntesdesanluis.com\/wp-content\/uploads\/2023\/08\/maxi-1.png","articleSection":["Ciudad\/Provincia"],"inLanguage":"es-AR"},{"@type":"WebPage","@id":"https:\/\/apuntesdesanluis.com\/index.php\/2023\/08\/29\/el-intendente-maximiliano-frontera-recibio-el-titulo-de-escribano\/","url":"https:\/\/apuntesdesanluis.com\/index.php\/2023\/08\/29\/el-intendente-maximiliano-frontera-recibio-el-titulo-de-escribano\/","name":"EL INTENDENTE MAXIMILIANO FRONTERA RECIBI\u00d3 EL T\u00cdTULO DE ESCRIBANO - Apuntes de San Luis","isPartOf":{"@id":"https:\/\/apuntesdesanluis.com\/#website"},"primaryImageOfPage":{"@id":"https:\/\/apuntesdesanluis.com\/index.php\/2023\/08\/29\/el-intendente-maximiliano-frontera-recibio-el-titulo-de-escribano\/#primaryimage"},"image":{"@id":"https:\/\/apuntesdesanluis.com\/index.php\/2023\/08\/29\/el-intendente-maximiliano-frontera-recibio-el-titulo-de-escribano\/#primaryimage"},"thumbnailUrl":"https:\/\/apuntesdesanluis.com\/wp-content\/uploads\/2023\/08\/maxi-1.png","datePublished":"2023-08-29T17:50:12+00:00","dateModified":"2023-08-29T17:52:33+00:00","breadcrumb":{"@id":"https:\/\/apuntesdesanluis.com\/index.php\/2023\/08\/29\/el-intendente-maximiliano-frontera-recibio-el-titulo-de-escribano\/#breadcrumb"},"inLanguage":"es-AR","potentialAction":[{"@type":"ReadAction","target":["https:\/\/apuntesdesanluis.com\/index.php\/2023\/08\/29\/el-intendente-maximiliano-frontera-recibio-el-titulo-de-escribano\/"]}]},{"@type":"ImageObject","inLanguage":"es-AR","@id":"https:\/\/apuntesdesanluis.com\/index.php\/2023\/08\/29\/el-intendente-maximiliano-frontera-recibio-el-titulo-de-escribano\/#primaryimage","url":"https:\/\/apuntesdesanluis.com\/wp-content\/uploads\/2023\/08\/maxi-1.png","contentUrl":"https:\/\/apuntesdesanluis.com\/wp-content\/uploads\/2023\/08\/maxi-1.png","width":561,"height":366},{"@type":"BreadcrumbList","@id":"https:\/\/apuntesdesanluis.com\/index.php\/2023\/08\/29\/el-intendente-maximiliano-frontera-recibio-el-titulo-de-escribano\/#breadcrumb","itemListElement":[{"@type":"ListItem","position":1,"name":"Inicio","item":"https:\/\/apuntesdesanluis.com\/"},{"@type":"ListItem","position":2,"name":"EL INTENDENTE MAXIMILIANO FRONTERA RECIBI\u00d3 EL T\u00cdTULO DE ESCRIBANO"}]},{"@type":"WebSite","@id":"https:\/\/apuntesdesanluis.com\/#website","url":"https:\/\/apuntesdesanluis.com\/","name":"Apuntes de San Luis","description":"","publisher":{"@id":"https:\/\/apuntesdesanluis.com\/#\/schema\/person\/b55151d52296fcce64d1a72538a70b90"},"potentialAction":[{"@type":"SearchAction","target":{"@type":"EntryPoint","urlTemplate":"https:\/\/apuntesdesanluis.com\/?s={search_term_string}"},"query-input":{"@type":"PropertyValueSpecification","valueRequired":true,"valueName":"search_term_string"}}],"inLanguage":"es-AR"},{"@type":["Person","Organization"],"@id":"https:\/\/apuntesdesanluis.com\/#\/schema\/person\/b55151d52296fcce64d1a72538a70b90","name":"apuntesdesanluis.com","image":{"@type":"ImageObject","inLanguage":"es-AR","@id":"https:\/\/apuntesdesanluis.com\/#\/schema\/person\/image\/","url":"https:\/\/apuntesdesanluis.com\/wp-content\/uploads\/2023\/07\/cropped-apuntesdesanluis.png","contentUrl":"https:\/\/apuntesdesanluis.com\/wp-content\/uploads\/2023\/07\/cropped-apuntesdesanluis.png","width":450,"height":112,"caption":"apuntesdesanluis.com"},"logo":{"@id":"https:\/\/apuntesdesanluis.com\/#\/schema\/person\/image\/"},"sameAs":["https:\/\/apuntesdesanluis.com"],"url":"https:\/\/apuntesdesanluis.com\/index.php\/author\/apuntesdesanluis-com\/"}]}},"featured_image_urls":{"full":["https:\/\/apuntesdesanluis.com\/wp-content\/uploads\/2023\/08\/maxi-1.png",561,366,false],"thumbnail":["https:\/\/apuntesdesanluis.com\/wp-content\/uploads\/2023\/08\/maxi-1-150x150.png",150,150,true],"medium":["https:\/\/apuntesdesanluis.com\/wp-content\/uploads\/2023\/08\/maxi-1-300x196.png",300,196,true],"medium_large":["https:\/\/apuntesdesanluis.com\/wp-content\/uploads\/2023\/08\/maxi-1.png",561,366,false],"large":["https:\/\/apuntesdesanluis.com\/wp-content\/uploads\/2023\/08\/maxi-1.png",561,366,false],"1536x1536":["https:\/\/apuntesdesanluis.com\/wp-content\/uploads\/2023\/08\/maxi-1.png",561,366,false],"2048x2048":["https:\/\/apuntesdesanluis.com\/wp-content\/uploads\/2023\/08\/maxi-1.png",561,366,false],"newsever-slider-full":["https:\/\/apuntesdesanluis.com\/wp-content\/uploads\/2023\/08\/maxi-1.png",561,366,false],"newsever-featured":["https:\/\/apuntesdesanluis.com\/wp-content\/uploads\/2023\/08\/maxi-1.png",561,366,false],"newsever-medium":["https:\/\/apuntesdesanluis.com\/wp-content\/uploads\/2023\/08\/maxi-1.png",561,366,false]},"author_info":{"display_name":"apuntesdesanluis.com","author_link":"https:\/\/apuntesdesanluis.com\/index.php\/author\/apuntesdesanluis-com\/"},"category_info":"<a href=\"https:\/\/apuntesdesanluis.com\/index.php\/category\/ciudad-provincia\/\" rel=\"category tag\">Ciudad\/Provincia<\/a>","tag_info":"Ciudad\/Provincia","comment_count":"0","_links":{"self":[{"href":"https:\/\/apuntesdesanluis.com\/index.php\/wp-json\/wp\/v2\/posts\/2271","targetHints":{"allow":["GET"]}}],"collection":[{"href":"https:\/\/apuntesdesanluis.com\/index.php\/wp-json\/wp\/v2\/posts"}],"about":[{"href":"https:\/\/apuntesdesanluis.com\/index.php\/wp-json\/wp\/v2\/types\/post"}],"author":[{"embeddable":true,"href":"https:\/\/apuntesdesanluis.com\/index.php\/wp-json\/wp\/v2\/users\/1"}],"replies":[{"embeddable":true,"href":"https:\/\/apuntesdesanluis.com\/index.php\/wp-json\/wp\/v2\/comments?post=2271"}],"version-history":[{"count":4,"href":"https:\/\/apuntesdesanluis.com\/index.php\/wp-json\/wp\/v2\/posts\/2271\/revisions"}],"predecessor-version":[{"id":2278,"href":"https:\/\/apuntesdesanluis.com\/index.php\/wp-json\/wp\/v2\/posts\/2271\/revisions\/2278"}],"wp:featuredmedia":[{"embeddable":true,"href":"https:\/\/apuntesdesanluis.com\/index.php\/wp-json\/wp\/v2\/media\/2274"}],"wp:attachment":[{"href":"https:\/\/apuntesdesanluis.com\/index.php\/wp-json\/wp\/v2\/media?parent=2271"}],"wp:term":[{"taxonomy":"category","embeddable":true,"href":"https:\/\/apuntesdesanluis.com\/index.php\/wp-json\/wp\/v2\/categories?post=2271"},{"taxonomy":"post_tag","embeddable":true,"href":"https:\/\/apuntesdesanluis.com\/index.php\/wp-json\/wp\/v2\/tags?post=2271"}],"curies":[{"name":"wp","href":"https:\/\/api.w.org\/{rel}","templated":true}]}}