{"id":22732,"date":"2024-09-22T20:58:00","date_gmt":"2024-09-22T23:58:00","guid":{"rendered":"https:\/\/apuntesdesanluis.com\/?p=22732"},"modified":"2024-09-23T11:58:25","modified_gmt":"2024-09-23T14:58:25","slug":"miles-de-personas-disfrutaron-la-6-edicion-de-la-fiesta-de-la-amargura","status":"publish","type":"post","link":"https:\/\/apuntesdesanluis.com\/index.php\/2024\/09\/22\/miles-de-personas-disfrutaron-la-6-edicion-de-la-fiesta-de-la-amargura\/","title":{"rendered":"MILES DE PERSONAS DISFRUTARON LA 6\u00b0 EDICI\u00d3N DE LA FIESTA DE LA AMARGURA"},"content":{"rendered":"<h3>La primavera en la villa tur\u00edstica se recibi\u00f3 el s\u00e1bado con una noche espectacular. Miles de merlinos y turistas de todo el pa\u00eds se reunieron en la Plaza Sobremonte para compartir este encuentro cl\u00e1sico de la regi\u00f3n, que se destac\u00f3 por su ambiente festivo y familiar, con la mejor cerveza artesanal y riqu\u00edsimos productos de la gastronom\u00eda local y regional.<\/h3>\n<h3>Una vez m\u00e1s, el Municipio de Villa de Merlo, la Asociaci\u00f3n de Cerveceros del Norte y el Ministerio de Turismo y Cultura de San Luis trabajaron en conjunto para brindar una experiencia \u00fanica, posicionando a la Fiesta de la Amargura como uno de los eventos m\u00e1s importantes de la regi\u00f3n. La sexta edici\u00f3n consolid\u00f3 su prestigio, superando las expectativas.<\/h3>\n<h3><img fetchpriority=\"high\" decoding=\"async\" class=\"wp-image-22734 aligncenter\" src=\"https:\/\/apuntesdesanluis.com\/wp-content\/uploads\/2024\/09\/fiesta-de-la-amargura-300x200.jpg\" alt=\"\" width=\"600\" height=\"400\" srcset=\"https:\/\/apuntesdesanluis.com\/wp-content\/uploads\/2024\/09\/fiesta-de-la-amargura-300x200.jpg 300w, https:\/\/apuntesdesanluis.com\/wp-content\/uploads\/2024\/09\/fiesta-de-la-amargura-768x512.jpg 768w, https:\/\/apuntesdesanluis.com\/wp-content\/uploads\/2024\/09\/fiesta-de-la-amargura.jpg 800w\" sizes=\"(max-width: 600px) 100vw, 600px\" \/><\/h3>\n<h3>Los asistentes pudieron deleitarse con las distintas variedades de cerveza artesanal, servidas por los productores locales pertenecientes a la Asociaci\u00f3n de Cerveceros del Norte. Adem\u00e1s, los food trucks ofrecieron una amplia selecci\u00f3n de platos que completaron la propuesta gastron\u00f3mica, atrayendo a un p\u00fablico entusiasta y diverso.<\/h3>\n<h3>La jornada estuvo marcada por la m\u00fasica en vivo, con la participaci\u00f3n de bandas como Valeriana, Paradigma, Verde Cabeza, Chingones, Off Beat, y el reconocido DJ Dar\u00edo Orrego, quienes hicieron vibrar al p\u00fablico con sus presentaciones. Los asistentes, exultantes de alegr\u00eda, bailaron y corearon las canciones, creando una atm\u00f3sfera de celebraci\u00f3n y unidad.<\/h3>\n<p><img decoding=\"async\" class=\"wp-image-22735 aligncenter\" src=\"https:\/\/apuntesdesanluis.com\/wp-content\/uploads\/2024\/09\/fiesta-de-la-amargur-aerea-300x200.jpg\" alt=\"\" width=\"605\" height=\"403\" srcset=\"https:\/\/apuntesdesanluis.com\/wp-content\/uploads\/2024\/09\/fiesta-de-la-amargur-aerea-300x200.jpg 300w, https:\/\/apuntesdesanluis.com\/wp-content\/uploads\/2024\/09\/fiesta-de-la-amargur-aerea-768x512.jpg 768w, https:\/\/apuntesdesanluis.com\/wp-content\/uploads\/2024\/09\/fiesta-de-la-amargur-aerea.jpg 800w\" sizes=\"(max-width: 605px) 100vw, 605px\" \/><\/p>\n<h3>El clima familiar durante el evento fue destacable. Las familias, grupos de amigos y turistas disfrutaron de una noche sin contratiempos, con un despliegue log\u00edstico que garantiz\u00f3 el \u00e9xito de la fiesta.<\/h3>\n<p>&nbsp;<\/p>\n<p>&nbsp;<\/p>\n<p>&nbsp;<\/p>\n","protected":false},"excerpt":{"rendered":"<p>La primavera en la villa tur\u00edstica se recibi\u00f3 el s\u00e1bado con una noche espectacular. Miles&#8230;<\/p>\n","protected":false},"author":1,"featured_media":22733,"comment_status":"closed","ping_status":"closed","sticky":false,"template":"","format":"standard","meta":{"footnotes":""},"categories":[6],"tags":[],"class_list":["post-22732","post","type-post","status-publish","format-standard","has-post-thumbnail","hentry","category-ciudad-provincia"],"yoast_head":"<!-- This site is optimized with the Yoast SEO plugin v26.1.1 - https:\/\/yoast.com\/wordpress\/plugins\/seo\/ -->\n<title>MILES DE PERSONAS DISFRUTARON LA 6\u00b0 EDICI\u00d3N DE LA FIESTA DE LA AMARGURA - Apuntes de San Luis<\/title>\n<meta name=\"robots\" content=\"index, follow, max-snippet:-1, max-image-preview:large, max-video-preview:-1\" \/>\n<link rel=\"canonical\" href=\"https:\/\/apuntesdesanluis.com\/index.php\/2024\/09\/22\/miles-de-personas-disfrutaron-la-6-edicion-de-la-fiesta-de-la-amargura\/\" \/>\n<meta property=\"og:locale\" content=\"es_ES\" \/>\n<meta property=\"og:type\" content=\"article\" \/>\n<meta property=\"og:title\" content=\"MILES DE PERSONAS DISFRUTARON LA 6\u00b0 EDICI\u00d3N DE LA FIESTA DE LA AMARGURA - Apuntes de San Luis\" \/>\n<meta property=\"og:description\" content=\"La primavera en la villa tur\u00edstica se recibi\u00f3 el s\u00e1bado con una noche espectacular. Miles...\" \/>\n<meta property=\"og:url\" content=\"https:\/\/apuntesdesanluis.com\/index.php\/2024\/09\/22\/miles-de-personas-disfrutaron-la-6-edicion-de-la-fiesta-de-la-amargura\/\" \/>\n<meta property=\"og:site_name\" content=\"Apuntes de San Luis\" \/>\n<meta property=\"article:published_time\" content=\"2024-09-22T23:58:00+00:00\" \/>\n<meta property=\"article:modified_time\" content=\"2024-09-23T14:58:25+00:00\" \/>\n<meta property=\"og:image\" content=\"https:\/\/apuntesdesanluis.com\/wp-content\/uploads\/2024\/09\/fiesta-de-la-amargura-publico.jpg\" \/>\n\t<meta property=\"og:image:width\" content=\"700\" \/>\n\t<meta property=\"og:image:height\" content=\"450\" \/>\n\t<meta property=\"og:image:type\" content=\"image\/jpeg\" \/>\n<meta name=\"author\" content=\"apuntesdesanluis.com\" \/>\n<meta name=\"twitter:card\" content=\"summary_large_image\" \/>\n<meta name=\"twitter:label1\" content=\"Escrito por\" \/>\n\t<meta name=\"twitter:data1\" content=\"apuntesdesanluis.com\" \/>\n\t<meta name=\"twitter:label2\" content=\"Tiempo de lectura\" \/>\n\t<meta name=\"twitter:data2\" content=\"2 minutos\" \/>\n<script type=\"application\/ld+json\" class=\"yoast-schema-graph\">{\"@context\":\"https:\/\/schema.org\",\"@graph\":[{\"@type\":\"Article\",\"@id\":\"https:\/\/apuntesdesanluis.com\/index.php\/2024\/09\/22\/miles-de-personas-disfrutaron-la-6-edicion-de-la-fiesta-de-la-amargura\/#article\",\"isPartOf\":{\"@id\":\"https:\/\/apuntesdesanluis.com\/index.php\/2024\/09\/22\/miles-de-personas-disfrutaron-la-6-edicion-de-la-fiesta-de-la-amargura\/\"},\"author\":{\"name\":\"apuntesdesanluis.com\",\"@id\":\"https:\/\/apuntesdesanluis.com\/#\/schema\/person\/b55151d52296fcce64d1a72538a70b90\"},\"headline\":\"MILES DE PERSONAS DISFRUTARON LA 6\u00b0 EDICI\u00d3N DE LA FIESTA DE LA AMARGURA\",\"datePublished\":\"2024-09-22T23:58:00+00:00\",\"dateModified\":\"2024-09-23T14:58:25+00:00\",\"mainEntityOfPage\":{\"@id\":\"https:\/\/apuntesdesanluis.com\/index.php\/2024\/09\/22\/miles-de-personas-disfrutaron-la-6-edicion-de-la-fiesta-de-la-amargura\/\"},\"wordCount\":291,\"publisher\":{\"@id\":\"https:\/\/apuntesdesanluis.com\/#\/schema\/person\/b55151d52296fcce64d1a72538a70b90\"},\"image\":{\"@id\":\"https:\/\/apuntesdesanluis.com\/index.php\/2024\/09\/22\/miles-de-personas-disfrutaron-la-6-edicion-de-la-fiesta-de-la-amargura\/#primaryimage\"},\"thumbnailUrl\":\"https:\/\/apuntesdesanluis.com\/wp-content\/uploads\/2024\/09\/fiesta-de-la-amargura-publico.jpg\",\"articleSection\":[\"Ciudad\/Provincia\"],\"inLanguage\":\"es-AR\"},{\"@type\":\"WebPage\",\"@id\":\"https:\/\/apuntesdesanluis.com\/index.php\/2024\/09\/22\/miles-de-personas-disfrutaron-la-6-edicion-de-la-fiesta-de-la-amargura\/\",\"url\":\"https:\/\/apuntesdesanluis.com\/index.php\/2024\/09\/22\/miles-de-personas-disfrutaron-la-6-edicion-de-la-fiesta-de-la-amargura\/\",\"name\":\"MILES DE PERSONAS DISFRUTARON LA 6\u00b0 EDICI\u00d3N DE LA FIESTA DE LA AMARGURA - Apuntes de San Luis\",\"isPartOf\":{\"@id\":\"https:\/\/apuntesdesanluis.com\/#website\"},\"primaryImageOfPage\":{\"@id\":\"https:\/\/apuntesdesanluis.com\/index.php\/2024\/09\/22\/miles-de-personas-disfrutaron-la-6-edicion-de-la-fiesta-de-la-amargura\/#primaryimage\"},\"image\":{\"@id\":\"https:\/\/apuntesdesanluis.com\/index.php\/2024\/09\/22\/miles-de-personas-disfrutaron-la-6-edicion-de-la-fiesta-de-la-amargura\/#primaryimage\"},\"thumbnailUrl\":\"https:\/\/apuntesdesanluis.com\/wp-content\/uploads\/2024\/09\/fiesta-de-la-amargura-publico.jpg\",\"datePublished\":\"2024-09-22T23:58:00+00:00\",\"dateModified\":\"2024-09-23T14:58:25+00:00\",\"breadcrumb\":{\"@id\":\"https:\/\/apuntesdesanluis.com\/index.php\/2024\/09\/22\/miles-de-personas-disfrutaron-la-6-edicion-de-la-fiesta-de-la-amargura\/#breadcrumb\"},\"inLanguage\":\"es-AR\",\"potentialAction\":[{\"@type\":\"ReadAction\",\"target\":[\"https:\/\/apuntesdesanluis.com\/index.php\/2024\/09\/22\/miles-de-personas-disfrutaron-la-6-edicion-de-la-fiesta-de-la-amargura\/\"]}]},{\"@type\":\"ImageObject\",\"inLanguage\":\"es-AR\",\"@id\":\"https:\/\/apuntesdesanluis.com\/index.php\/2024\/09\/22\/miles-de-personas-disfrutaron-la-6-edicion-de-la-fiesta-de-la-amargura\/#primaryimage\",\"url\":\"https:\/\/apuntesdesanluis.com\/wp-content\/uploads\/2024\/09\/fiesta-de-la-amargura-publico.jpg\",\"contentUrl\":\"https:\/\/apuntesdesanluis.com\/wp-content\/uploads\/2024\/09\/fiesta-de-la-amargura-publico.jpg\",\"width\":700,\"height\":450},{\"@type\":\"BreadcrumbList\",\"@id\":\"https:\/\/apuntesdesanluis.com\/index.php\/2024\/09\/22\/miles-de-personas-disfrutaron-la-6-edicion-de-la-fiesta-de-la-amargura\/#breadcrumb\",\"itemListElement\":[{\"@type\":\"ListItem\",\"position\":1,\"name\":\"Inicio\",\"item\":\"https:\/\/apuntesdesanluis.com\/\"},{\"@type\":\"ListItem\",\"position\":2,\"name\":\"MILES DE PERSONAS DISFRUTARON LA 6\u00b0 EDICI\u00d3N DE LA FIESTA DE LA AMARGURA\"}]},{\"@type\":\"WebSite\",\"@id\":\"https:\/\/apuntesdesanluis.com\/#website\",\"url\":\"https:\/\/apuntesdesanluis.com\/\",\"name\":\"Apuntes de San Luis\",\"description\":\"\",\"publisher\":{\"@id\":\"https:\/\/apuntesdesanluis.com\/#\/schema\/person\/b55151d52296fcce64d1a72538a70b90\"},\"potentialAction\":[{\"@type\":\"SearchAction\",\"target\":{\"@type\":\"EntryPoint\",\"urlTemplate\":\"https:\/\/apuntesdesanluis.com\/?s={search_term_string}\"},\"query-input\":{\"@type\":\"PropertyValueSpecification\",\"valueRequired\":true,\"valueName\":\"search_term_string\"}}],\"inLanguage\":\"es-AR\"},{\"@type\":[\"Person\",\"Organization\"],\"@id\":\"https:\/\/apuntesdesanluis.com\/#\/schema\/person\/b55151d52296fcce64d1a72538a70b90\",\"name\":\"apuntesdesanluis.com\",\"image\":{\"@type\":\"ImageObject\",\"inLanguage\":\"es-AR\",\"@id\":\"https:\/\/apuntesdesanluis.com\/#\/schema\/person\/image\/\",\"url\":\"https:\/\/apuntesdesanluis.com\/wp-content\/uploads\/2023\/07\/cropped-apuntesdesanluis.png\",\"contentUrl\":\"https:\/\/apuntesdesanluis.com\/wp-content\/uploads\/2023\/07\/cropped-apuntesdesanluis.png\",\"width\":450,\"height\":112,\"caption\":\"apuntesdesanluis.com\"},\"logo\":{\"@id\":\"https:\/\/apuntesdesanluis.com\/#\/schema\/person\/image\/\"},\"sameAs\":[\"https:\/\/apuntesdesanluis.com\"],\"url\":\"https:\/\/apuntesdesanluis.com\/index.php\/author\/apuntesdesanluis-com\/\"}]}<\/script>\n<!-- \/ Yoast SEO plugin. -->","yoast_head_json":{"title":"MILES DE PERSONAS DISFRUTARON LA 6\u00b0 EDICI\u00d3N DE LA FIESTA DE LA AMARGURA - Apuntes de San Luis","robots":{"index":"index","follow":"follow","max-snippet":"max-snippet:-1","max-image-preview":"max-image-preview:large","max-video-preview":"max-video-preview:-1"},"canonical":"https:\/\/apuntesdesanluis.com\/index.php\/2024\/09\/22\/miles-de-personas-disfrutaron-la-6-edicion-de-la-fiesta-de-la-amargura\/","og_locale":"es_ES","og_type":"article","og_title":"MILES DE PERSONAS DISFRUTARON LA 6\u00b0 EDICI\u00d3N DE LA FIESTA DE LA AMARGURA - Apuntes de San Luis","og_description":"La primavera en la villa tur\u00edstica se recibi\u00f3 el s\u00e1bado con una noche espectacular. Miles...","og_url":"https:\/\/apuntesdesanluis.com\/index.php\/2024\/09\/22\/miles-de-personas-disfrutaron-la-6-edicion-de-la-fiesta-de-la-amargura\/","og_site_name":"Apuntes de San Luis","article_published_time":"2024-09-22T23:58:00+00:00","article_modified_time":"2024-09-23T14:58:25+00:00","og_image":[{"width":700,"height":450,"url":"https:\/\/apuntesdesanluis.com\/wp-content\/uploads\/2024\/09\/fiesta-de-la-amargura-publico.jpg","type":"image\/jpeg"}],"author":"apuntesdesanluis.com","twitter_card":"summary_large_image","twitter_misc":{"Escrito por":"apuntesdesanluis.com","Tiempo de lectura":"2 minutos"},"schema":{"@context":"https:\/\/schema.org","@graph":[{"@type":"Article","@id":"https:\/\/apuntesdesanluis.com\/index.php\/2024\/09\/22\/miles-de-personas-disfrutaron-la-6-edicion-de-la-fiesta-de-la-amargura\/#article","isPartOf":{"@id":"https:\/\/apuntesdesanluis.com\/index.php\/2024\/09\/22\/miles-de-personas-disfrutaron-la-6-edicion-de-la-fiesta-de-la-amargura\/"},"author":{"name":"apuntesdesanluis.com","@id":"https:\/\/apuntesdesanluis.com\/#\/schema\/person\/b55151d52296fcce64d1a72538a70b90"},"headline":"MILES DE PERSONAS DISFRUTARON LA 6\u00b0 EDICI\u00d3N DE LA FIESTA DE LA AMARGURA","datePublished":"2024-09-22T23:58:00+00:00","dateModified":"2024-09-23T14:58:25+00:00","mainEntityOfPage":{"@id":"https:\/\/apuntesdesanluis.com\/index.php\/2024\/09\/22\/miles-de-personas-disfrutaron-la-6-edicion-de-la-fiesta-de-la-amargura\/"},"wordCount":291,"publisher":{"@id":"https:\/\/apuntesdesanluis.com\/#\/schema\/person\/b55151d52296fcce64d1a72538a70b90"},"image":{"@id":"https:\/\/apuntesdesanluis.com\/index.php\/2024\/09\/22\/miles-de-personas-disfrutaron-la-6-edicion-de-la-fiesta-de-la-amargura\/#primaryimage"},"thumbnailUrl":"https:\/\/apuntesdesanluis.com\/wp-content\/uploads\/2024\/09\/fiesta-de-la-amargura-publico.jpg","articleSection":["Ciudad\/Provincia"],"inLanguage":"es-AR"},{"@type":"WebPage","@id":"https:\/\/apuntesdesanluis.com\/index.php\/2024\/09\/22\/miles-de-personas-disfrutaron-la-6-edicion-de-la-fiesta-de-la-amargura\/","url":"https:\/\/apuntesdesanluis.com\/index.php\/2024\/09\/22\/miles-de-personas-disfrutaron-la-6-edicion-de-la-fiesta-de-la-amargura\/","name":"MILES DE PERSONAS DISFRUTARON LA 6\u00b0 EDICI\u00d3N DE LA FIESTA DE LA AMARGURA - Apuntes de San Luis","isPartOf":{"@id":"https:\/\/apuntesdesanluis.com\/#website"},"primaryImageOfPage":{"@id":"https:\/\/apuntesdesanluis.com\/index.php\/2024\/09\/22\/miles-de-personas-disfrutaron-la-6-edicion-de-la-fiesta-de-la-amargura\/#primaryimage"},"image":{"@id":"https:\/\/apuntesdesanluis.com\/index.php\/2024\/09\/22\/miles-de-personas-disfrutaron-la-6-edicion-de-la-fiesta-de-la-amargura\/#primaryimage"},"thumbnailUrl":"https:\/\/apuntesdesanluis.com\/wp-content\/uploads\/2024\/09\/fiesta-de-la-amargura-publico.jpg","datePublished":"2024-09-22T23:58:00+00:00","dateModified":"2024-09-23T14:58:25+00:00","breadcrumb":{"@id":"https:\/\/apuntesdesanluis.com\/index.php\/2024\/09\/22\/miles-de-personas-disfrutaron-la-6-edicion-de-la-fiesta-de-la-amargura\/#breadcrumb"},"inLanguage":"es-AR","potentialAction":[{"@type":"ReadAction","target":["https:\/\/apuntesdesanluis.com\/index.php\/2024\/09\/22\/miles-de-personas-disfrutaron-la-6-edicion-de-la-fiesta-de-la-amargura\/"]}]},{"@type":"ImageObject","inLanguage":"es-AR","@id":"https:\/\/apuntesdesanluis.com\/index.php\/2024\/09\/22\/miles-de-personas-disfrutaron-la-6-edicion-de-la-fiesta-de-la-amargura\/#primaryimage","url":"https:\/\/apuntesdesanluis.com\/wp-content\/uploads\/2024\/09\/fiesta-de-la-amargura-publico.jpg","contentUrl":"https:\/\/apuntesdesanluis.com\/wp-content\/uploads\/2024\/09\/fiesta-de-la-amargura-publico.jpg","width":700,"height":450},{"@type":"BreadcrumbList","@id":"https:\/\/apuntesdesanluis.com\/index.php\/2024\/09\/22\/miles-de-personas-disfrutaron-la-6-edicion-de-la-fiesta-de-la-amargura\/#breadcrumb","itemListElement":[{"@type":"ListItem","position":1,"name":"Inicio","item":"https:\/\/apuntesdesanluis.com\/"},{"@type":"ListItem","position":2,"name":"MILES DE PERSONAS DISFRUTARON LA 6\u00b0 EDICI\u00d3N DE LA FIESTA DE LA AMARGURA"}]},{"@type":"WebSite","@id":"https:\/\/apuntesdesanluis.com\/#website","url":"https:\/\/apuntesdesanluis.com\/","name":"Apuntes de San Luis","description":"","publisher":{"@id":"https:\/\/apuntesdesanluis.com\/#\/schema\/person\/b55151d52296fcce64d1a72538a70b90"},"potentialAction":[{"@type":"SearchAction","target":{"@type":"EntryPoint","urlTemplate":"https:\/\/apuntesdesanluis.com\/?s={search_term_string}"},"query-input":{"@type":"PropertyValueSpecification","valueRequired":true,"valueName":"search_term_string"}}],"inLanguage":"es-AR"},{"@type":["Person","Organization"],"@id":"https:\/\/apuntesdesanluis.com\/#\/schema\/person\/b55151d52296fcce64d1a72538a70b90","name":"apuntesdesanluis.com","image":{"@type":"ImageObject","inLanguage":"es-AR","@id":"https:\/\/apuntesdesanluis.com\/#\/schema\/person\/image\/","url":"https:\/\/apuntesdesanluis.com\/wp-content\/uploads\/2023\/07\/cropped-apuntesdesanluis.png","contentUrl":"https:\/\/apuntesdesanluis.com\/wp-content\/uploads\/2023\/07\/cropped-apuntesdesanluis.png","width":450,"height":112,"caption":"apuntesdesanluis.com"},"logo":{"@id":"https:\/\/apuntesdesanluis.com\/#\/schema\/person\/image\/"},"sameAs":["https:\/\/apuntesdesanluis.com"],"url":"https:\/\/apuntesdesanluis.com\/index.php\/author\/apuntesdesanluis-com\/"}]}},"featured_image_urls":{"full":["https:\/\/apuntesdesanluis.com\/wp-content\/uploads\/2024\/09\/fiesta-de-la-amargura-publico.jpg",700,450,false],"thumbnail":["https:\/\/apuntesdesanluis.com\/wp-content\/uploads\/2024\/09\/fiesta-de-la-amargura-publico-150x150.jpg",150,150,true],"medium":["https:\/\/apuntesdesanluis.com\/wp-content\/uploads\/2024\/09\/fiesta-de-la-amargura-publico-300x193.jpg",300,193,true],"medium_large":["https:\/\/apuntesdesanluis.com\/wp-content\/uploads\/2024\/09\/fiesta-de-la-amargura-publico.jpg",640,411,false],"large":["https:\/\/apuntesdesanluis.com\/wp-content\/uploads\/2024\/09\/fiesta-de-la-amargura-publico.jpg",640,411,false],"1536x1536":["https:\/\/apuntesdesanluis.com\/wp-content\/uploads\/2024\/09\/fiesta-de-la-amargura-publico.jpg",700,450,false],"2048x2048":["https:\/\/apuntesdesanluis.com\/wp-content\/uploads\/2024\/09\/fiesta-de-la-amargura-publico.jpg",700,450,false],"newsever-slider-full":["https:\/\/apuntesdesanluis.com\/wp-content\/uploads\/2024\/09\/fiesta-de-la-amargura-publico.jpg",700,450,false],"newsever-featured":["https:\/\/apuntesdesanluis.com\/wp-content\/uploads\/2024\/09\/fiesta-de-la-amargura-publico.jpg",700,450,false],"newsever-medium":["https:\/\/apuntesdesanluis.com\/wp-content\/uploads\/2024\/09\/fiesta-de-la-amargura-publico.jpg",700,450,false]},"author_info":{"display_name":"apuntesdesanluis.com","author_link":"https:\/\/apuntesdesanluis.com\/index.php\/author\/apuntesdesanluis-com\/"},"category_info":"<a href=\"https:\/\/apuntesdesanluis.com\/index.php\/category\/ciudad-provincia\/\" rel=\"category tag\">Ciudad\/Provincia<\/a>","tag_info":"Ciudad\/Provincia","comment_count":"0","_links":{"self":[{"href":"https:\/\/apuntesdesanluis.com\/index.php\/wp-json\/wp\/v2\/posts\/22732","targetHints":{"allow":["GET"]}}],"collection":[{"href":"https:\/\/apuntesdesanluis.com\/index.php\/wp-json\/wp\/v2\/posts"}],"about":[{"href":"https:\/\/apuntesdesanluis.com\/index.php\/wp-json\/wp\/v2\/types\/post"}],"author":[{"embeddable":true,"href":"https:\/\/apuntesdesanluis.com\/index.php\/wp-json\/wp\/v2\/users\/1"}],"replies":[{"embeddable":true,"href":"https:\/\/apuntesdesanluis.com\/index.php\/wp-json\/wp\/v2\/comments?post=22732"}],"version-history":[{"count":1,"href":"https:\/\/apuntesdesanluis.com\/index.php\/wp-json\/wp\/v2\/posts\/22732\/revisions"}],"predecessor-version":[{"id":22736,"href":"https:\/\/apuntesdesanluis.com\/index.php\/wp-json\/wp\/v2\/posts\/22732\/revisions\/22736"}],"wp:featuredmedia":[{"embeddable":true,"href":"https:\/\/apuntesdesanluis.com\/index.php\/wp-json\/wp\/v2\/media\/22733"}],"wp:attachment":[{"href":"https:\/\/apuntesdesanluis.com\/index.php\/wp-json\/wp\/v2\/media?parent=22732"}],"wp:term":[{"taxonomy":"category","embeddable":true,"href":"https:\/\/apuntesdesanluis.com\/index.php\/wp-json\/wp\/v2\/categories?post=22732"},{"taxonomy":"post_tag","embeddable":true,"href":"https:\/\/apuntesdesanluis.com\/index.php\/wp-json\/wp\/v2\/tags?post=22732"}],"curies":[{"name":"wp","href":"https:\/\/api.w.org\/{rel}","templated":true}]}}