{"id":22737,"date":"2024-09-23T10:09:13","date_gmt":"2024-09-23T13:09:13","guid":{"rendered":"https:\/\/apuntesdesanluis.com\/?p=22737"},"modified":"2024-09-23T12:12:46","modified_gmt":"2024-09-23T15:12:46","slug":"increible-disturbio-tras-volcar-un-camion-que-transportaba-cajas-con-pollos-12-detenidos","status":"publish","type":"post","link":"https:\/\/apuntesdesanluis.com\/index.php\/2024\/09\/23\/increible-disturbio-tras-volcar-un-camion-que-transportaba-cajas-con-pollos-12-detenidos\/","title":{"rendered":"INCREIBLE DISTURBIO TRAS VOLCAR UN CAMI\u00d3N QUE TRANSPORTABA CAJAS CON POLLOS: 12 DETENIDOS"},"content":{"rendered":"<h3>Este domingo, alrededor de las 19:30, se produjo el vuelco de un cami\u00f3n Scania R112 que trasladaba un semirremolque cargado con cajones de pollo, en avenida Jos\u00e9 Santos Ortiz, en la rotonda frente a la f\u00e1brica Exo Log\u00edstica, en cercan\u00edas al aut\u00f3dromo Rosendo Hern\u00e1ndez.<\/h3>\n<h3>El cami\u00f3n era conducido por un hombre de 26 a\u00f1os, quien iba en compa\u00f1\u00eda de otro de 40, ambos con domicilio en la provincia de Entre R\u00edos.<\/h3>\n<h3>Efectivos de la secci\u00f3n motorizada del Comando Radioel\u00e9ctrico acudieron al lugar, donde tambi\u00e9n se hizo presente personal de salud en una ambulancia del Sempro, quienes trasladaron al conductor y al acompa\u00f1ante hacia el Hospital Central \u201cDr. Ram\u00f3n Carrillo\u201d.<\/h3>\n<h3>Posteriormente se aglomer\u00f3 una gran cantidad de personas (m\u00e1s de 100 aproximadamente en ese momento) que comenzaron llevarse parte de la carga.<\/h3>\n<p><img fetchpriority=\"high\" decoding=\"async\" class=\"wp-image-22739 aligncenter\" src=\"https:\/\/apuntesdesanluis.com\/wp-content\/uploads\/2024\/09\/f49e0838-b3d3-4153-8b5a-8f1b9cad2122-300x186.jpg\" alt=\"\" width=\"668\" height=\"414\" srcset=\"https:\/\/apuntesdesanluis.com\/wp-content\/uploads\/2024\/09\/f49e0838-b3d3-4153-8b5a-8f1b9cad2122-300x186.jpg 300w, https:\/\/apuntesdesanluis.com\/wp-content\/uploads\/2024\/09\/f49e0838-b3d3-4153-8b5a-8f1b9cad2122.jpg 700w\" sizes=\"(max-width: 668px) 100vw, 668px\" \/><\/p>\n<h3>Adem\u00e1s, durante ese tumulto varias personas hab\u00edan quedado atrapadas y fueron golpeadas por la misma gente, por lo que al lugar llegaron m\u00e1s polic\u00edas para llevar a cabo tareas de protecci\u00f3n de esas personas y prevenci\u00f3n ante el disturbio que se hab\u00eda originado.<\/h3>\n<h3>Posteriormente, un grupo de individuos comenz\u00f3 a arrojar piedras hacia los efectivos, provocando lesiones en cuatro uniformados y da\u00f1os en varias de las motocicletas policiales.<\/h3>\n<h3>En ese momento, varias personas se abalanzaron para sustraer elementos que se encontraban dentro de la cabina, como as\u00ed tambi\u00e9n bater\u00edas y ruedas.<\/h3>\n<h3>Por ese hecho, los polic\u00edas demoraron a 12 personas: una mujer de 32 a\u00f1os; un joven de 18 a\u00f1os; un joven de 19 a\u00f1os; un hombre de 24 a\u00f1os; un hombre de 25 a\u00f1os; dos hombres de 26 a\u00f1os; un hombre de 28 a\u00f1os; un hombre de 31 a\u00f1os; un hombre de 38 a\u00f1os; un hombre de 39 a\u00f1os; y un hombre de 41 a\u00f1os; los cuales fueron trasladados a la dependencia policial.<\/h3>\n<h3>Cabe se\u00f1alar que dos de las personas demoradas recibieron atenci\u00f3n m\u00e9dica (una de ellas por el golpe de una piedra que arrojaron los individuos durante el disturbio). Adem\u00e1s, se secuestr\u00f3 preventivamente una motocicleta Zanella ZR 250 sin dominio visible.<\/h3>\n<div style=\"width: 480px;\" class=\"wp-video\"><!--[if lt IE 9]><script>document.createElement('video');<\/script><![endif]-->\n<video class=\"wp-video-shortcode\" id=\"video-22737-1\" width=\"480\" height=\"848\" preload=\"metadata\" controls=\"controls\"><source type=\"video\/mp4\" src=\"https:\/\/apuntesdesanluis.com\/wp-content\/uploads\/2024\/09\/AQNS_Gkh4mC9QCOc9gH3ETygKvD4rak6dbhL2KswyPP49YM8KMNrUYCAmGyxIw3uv4fDDMtGI2_xR03LqHbgO3QR.mp4?_=1\" \/><a href=\"https:\/\/apuntesdesanluis.com\/wp-content\/uploads\/2024\/09\/AQNS_Gkh4mC9QCOc9gH3ETygKvD4rak6dbhL2KswyPP49YM8KMNrUYCAmGyxIw3uv4fDDMtGI2_xR03LqHbgO3QR.mp4\">https:\/\/apuntesdesanluis.com\/wp-content\/uploads\/2024\/09\/AQNS_Gkh4mC9QCOc9gH3ETygKvD4rak6dbhL2KswyPP49YM8KMNrUYCAmGyxIw3uv4fDDMtGI2_xR03LqHbgO3QR.mp4<\/a><\/video><\/div>\n<h4><em><span style=\"color: #3366ff;\"><strong>(Im\u00e1genes: Gustavo Castro)<\/strong><\/span><\/em><\/h4>\n<p>&nbsp;<\/p>\n<p>&nbsp;<\/p>\n<p>&nbsp;<\/p>\n<p>&nbsp;<\/p>\n<p>&nbsp;<\/p>\n<p>&nbsp;<\/p>\n<p>&nbsp;<\/p>\n<p>&nbsp;<\/p>\n","protected":false},"excerpt":{"rendered":"<p>Este domingo, alrededor de las 19:30, se produjo el vuelco de un cami\u00f3n Scania R112&#8230;<\/p>\n","protected":false},"author":1,"featured_media":22738,"comment_status":"closed","ping_status":"closed","sticky":false,"template":"","format":"standard","meta":{"footnotes":""},"categories":[6],"tags":[],"class_list":["post-22737","post","type-post","status-publish","format-standard","has-post-thumbnail","hentry","category-ciudad-provincia"],"yoast_head":"<!-- This site is optimized with the Yoast SEO plugin v26.1.1 - https:\/\/yoast.com\/wordpress\/plugins\/seo\/ -->\n<title>INCREIBLE DISTURBIO TRAS VOLCAR UN CAMI\u00d3N QUE TRANSPORTABA CAJAS CON POLLOS: 12 DETENIDOS - Apuntes de San Luis<\/title>\n<meta name=\"robots\" content=\"index, follow, max-snippet:-1, max-image-preview:large, max-video-preview:-1\" \/>\n<link rel=\"canonical\" href=\"https:\/\/apuntesdesanluis.com\/index.php\/2024\/09\/23\/increible-disturbio-tras-volcar-un-camion-que-transportaba-cajas-con-pollos-12-detenidos\/\" \/>\n<meta property=\"og:locale\" content=\"es_ES\" \/>\n<meta property=\"og:type\" content=\"article\" \/>\n<meta property=\"og:title\" content=\"INCREIBLE DISTURBIO TRAS VOLCAR UN CAMI\u00d3N QUE TRANSPORTABA CAJAS CON POLLOS: 12 DETENIDOS - Apuntes de San Luis\" \/>\n<meta property=\"og:description\" content=\"Este domingo, alrededor de las 19:30, se produjo el vuelco de un cami\u00f3n Scania R112...\" \/>\n<meta property=\"og:url\" content=\"https:\/\/apuntesdesanluis.com\/index.php\/2024\/09\/23\/increible-disturbio-tras-volcar-un-camion-que-transportaba-cajas-con-pollos-12-detenidos\/\" \/>\n<meta property=\"og:site_name\" content=\"Apuntes de San Luis\" \/>\n<meta property=\"article:published_time\" content=\"2024-09-23T13:09:13+00:00\" \/>\n<meta property=\"article:modified_time\" content=\"2024-09-23T15:12:46+00:00\" \/>\n<meta property=\"og:image\" content=\"https:\/\/apuntesdesanluis.com\/wp-content\/uploads\/2024\/09\/57cc5d9e-950a-4770-a698-63d16876fcd8.jpg\" \/>\n\t<meta property=\"og:image:width\" content=\"700\" \/>\n\t<meta property=\"og:image:height\" content=\"447\" \/>\n\t<meta property=\"og:image:type\" content=\"image\/jpeg\" \/>\n<meta name=\"author\" content=\"apuntesdesanluis.com\" \/>\n<meta name=\"twitter:card\" content=\"summary_large_image\" \/>\n<meta name=\"twitter:label1\" content=\"Escrito por\" \/>\n\t<meta name=\"twitter:data1\" content=\"apuntesdesanluis.com\" \/>\n\t<meta name=\"twitter:label2\" content=\"Tiempo de lectura\" \/>\n\t<meta name=\"twitter:data2\" content=\"2 minutos\" \/>\n<script type=\"application\/ld+json\" class=\"yoast-schema-graph\">{\"@context\":\"https:\/\/schema.org\",\"@graph\":[{\"@type\":\"Article\",\"@id\":\"https:\/\/apuntesdesanluis.com\/index.php\/2024\/09\/23\/increible-disturbio-tras-volcar-un-camion-que-transportaba-cajas-con-pollos-12-detenidos\/#article\",\"isPartOf\":{\"@id\":\"https:\/\/apuntesdesanluis.com\/index.php\/2024\/09\/23\/increible-disturbio-tras-volcar-un-camion-que-transportaba-cajas-con-pollos-12-detenidos\/\"},\"author\":{\"name\":\"apuntesdesanluis.com\",\"@id\":\"https:\/\/apuntesdesanluis.com\/#\/schema\/person\/b55151d52296fcce64d1a72538a70b90\"},\"headline\":\"INCREIBLE DISTURBIO TRAS VOLCAR UN CAMI\u00d3N QUE TRANSPORTABA CAJAS CON POLLOS: 12 DETENIDOS\",\"datePublished\":\"2024-09-23T13:09:13+00:00\",\"dateModified\":\"2024-09-23T15:12:46+00:00\",\"mainEntityOfPage\":{\"@id\":\"https:\/\/apuntesdesanluis.com\/index.php\/2024\/09\/23\/increible-disturbio-tras-volcar-un-camion-que-transportaba-cajas-con-pollos-12-detenidos\/\"},\"wordCount\":411,\"publisher\":{\"@id\":\"https:\/\/apuntesdesanluis.com\/#\/schema\/person\/b55151d52296fcce64d1a72538a70b90\"},\"image\":{\"@id\":\"https:\/\/apuntesdesanluis.com\/index.php\/2024\/09\/23\/increible-disturbio-tras-volcar-un-camion-que-transportaba-cajas-con-pollos-12-detenidos\/#primaryimage\"},\"thumbnailUrl\":\"https:\/\/apuntesdesanluis.com\/wp-content\/uploads\/2024\/09\/57cc5d9e-950a-4770-a698-63d16876fcd8.jpg\",\"articleSection\":[\"Ciudad\/Provincia\"],\"inLanguage\":\"es-AR\"},{\"@type\":\"WebPage\",\"@id\":\"https:\/\/apuntesdesanluis.com\/index.php\/2024\/09\/23\/increible-disturbio-tras-volcar-un-camion-que-transportaba-cajas-con-pollos-12-detenidos\/\",\"url\":\"https:\/\/apuntesdesanluis.com\/index.php\/2024\/09\/23\/increible-disturbio-tras-volcar-un-camion-que-transportaba-cajas-con-pollos-12-detenidos\/\",\"name\":\"INCREIBLE DISTURBIO TRAS VOLCAR UN CAMI\u00d3N QUE TRANSPORTABA CAJAS CON POLLOS: 12 DETENIDOS - Apuntes de San Luis\",\"isPartOf\":{\"@id\":\"https:\/\/apuntesdesanluis.com\/#website\"},\"primaryImageOfPage\":{\"@id\":\"https:\/\/apuntesdesanluis.com\/index.php\/2024\/09\/23\/increible-disturbio-tras-volcar-un-camion-que-transportaba-cajas-con-pollos-12-detenidos\/#primaryimage\"},\"image\":{\"@id\":\"https:\/\/apuntesdesanluis.com\/index.php\/2024\/09\/23\/increible-disturbio-tras-volcar-un-camion-que-transportaba-cajas-con-pollos-12-detenidos\/#primaryimage\"},\"thumbnailUrl\":\"https:\/\/apuntesdesanluis.com\/wp-content\/uploads\/2024\/09\/57cc5d9e-950a-4770-a698-63d16876fcd8.jpg\",\"datePublished\":\"2024-09-23T13:09:13+00:00\",\"dateModified\":\"2024-09-23T15:12:46+00:00\",\"breadcrumb\":{\"@id\":\"https:\/\/apuntesdesanluis.com\/index.php\/2024\/09\/23\/increible-disturbio-tras-volcar-un-camion-que-transportaba-cajas-con-pollos-12-detenidos\/#breadcrumb\"},\"inLanguage\":\"es-AR\",\"potentialAction\":[{\"@type\":\"ReadAction\",\"target\":[\"https:\/\/apuntesdesanluis.com\/index.php\/2024\/09\/23\/increible-disturbio-tras-volcar-un-camion-que-transportaba-cajas-con-pollos-12-detenidos\/\"]}]},{\"@type\":\"ImageObject\",\"inLanguage\":\"es-AR\",\"@id\":\"https:\/\/apuntesdesanluis.com\/index.php\/2024\/09\/23\/increible-disturbio-tras-volcar-un-camion-que-transportaba-cajas-con-pollos-12-detenidos\/#primaryimage\",\"url\":\"https:\/\/apuntesdesanluis.com\/wp-content\/uploads\/2024\/09\/57cc5d9e-950a-4770-a698-63d16876fcd8.jpg\",\"contentUrl\":\"https:\/\/apuntesdesanluis.com\/wp-content\/uploads\/2024\/09\/57cc5d9e-950a-4770-a698-63d16876fcd8.jpg\",\"width\":700,\"height\":447},{\"@type\":\"BreadcrumbList\",\"@id\":\"https:\/\/apuntesdesanluis.com\/index.php\/2024\/09\/23\/increible-disturbio-tras-volcar-un-camion-que-transportaba-cajas-con-pollos-12-detenidos\/#breadcrumb\",\"itemListElement\":[{\"@type\":\"ListItem\",\"position\":1,\"name\":\"Inicio\",\"item\":\"https:\/\/apuntesdesanluis.com\/\"},{\"@type\":\"ListItem\",\"position\":2,\"name\":\"INCREIBLE DISTURBIO TRAS VOLCAR UN CAMI\u00d3N QUE TRANSPORTABA CAJAS CON POLLOS: 12 DETENIDOS\"}]},{\"@type\":\"WebSite\",\"@id\":\"https:\/\/apuntesdesanluis.com\/#website\",\"url\":\"https:\/\/apuntesdesanluis.com\/\",\"name\":\"Apuntes de San Luis\",\"description\":\"\",\"publisher\":{\"@id\":\"https:\/\/apuntesdesanluis.com\/#\/schema\/person\/b55151d52296fcce64d1a72538a70b90\"},\"potentialAction\":[{\"@type\":\"SearchAction\",\"target\":{\"@type\":\"EntryPoint\",\"urlTemplate\":\"https:\/\/apuntesdesanluis.com\/?s={search_term_string}\"},\"query-input\":{\"@type\":\"PropertyValueSpecification\",\"valueRequired\":true,\"valueName\":\"search_term_string\"}}],\"inLanguage\":\"es-AR\"},{\"@type\":[\"Person\",\"Organization\"],\"@id\":\"https:\/\/apuntesdesanluis.com\/#\/schema\/person\/b55151d52296fcce64d1a72538a70b90\",\"name\":\"apuntesdesanluis.com\",\"image\":{\"@type\":\"ImageObject\",\"inLanguage\":\"es-AR\",\"@id\":\"https:\/\/apuntesdesanluis.com\/#\/schema\/person\/image\/\",\"url\":\"https:\/\/apuntesdesanluis.com\/wp-content\/uploads\/2023\/07\/cropped-apuntesdesanluis.png\",\"contentUrl\":\"https:\/\/apuntesdesanluis.com\/wp-content\/uploads\/2023\/07\/cropped-apuntesdesanluis.png\",\"width\":450,\"height\":112,\"caption\":\"apuntesdesanluis.com\"},\"logo\":{\"@id\":\"https:\/\/apuntesdesanluis.com\/#\/schema\/person\/image\/\"},\"sameAs\":[\"https:\/\/apuntesdesanluis.com\"],\"url\":\"https:\/\/apuntesdesanluis.com\/index.php\/author\/apuntesdesanluis-com\/\"}]}<\/script>\n<!-- \/ Yoast SEO plugin. -->","yoast_head_json":{"title":"INCREIBLE DISTURBIO TRAS VOLCAR UN CAMI\u00d3N QUE TRANSPORTABA CAJAS CON POLLOS: 12 DETENIDOS - Apuntes de San Luis","robots":{"index":"index","follow":"follow","max-snippet":"max-snippet:-1","max-image-preview":"max-image-preview:large","max-video-preview":"max-video-preview:-1"},"canonical":"https:\/\/apuntesdesanluis.com\/index.php\/2024\/09\/23\/increible-disturbio-tras-volcar-un-camion-que-transportaba-cajas-con-pollos-12-detenidos\/","og_locale":"es_ES","og_type":"article","og_title":"INCREIBLE DISTURBIO TRAS VOLCAR UN CAMI\u00d3N QUE TRANSPORTABA CAJAS CON POLLOS: 12 DETENIDOS - Apuntes de San Luis","og_description":"Este domingo, alrededor de las 19:30, se produjo el vuelco de un cami\u00f3n Scania R112...","og_url":"https:\/\/apuntesdesanluis.com\/index.php\/2024\/09\/23\/increible-disturbio-tras-volcar-un-camion-que-transportaba-cajas-con-pollos-12-detenidos\/","og_site_name":"Apuntes de San Luis","article_published_time":"2024-09-23T13:09:13+00:00","article_modified_time":"2024-09-23T15:12:46+00:00","og_image":[{"width":700,"height":447,"url":"https:\/\/apuntesdesanluis.com\/wp-content\/uploads\/2024\/09\/57cc5d9e-950a-4770-a698-63d16876fcd8.jpg","type":"image\/jpeg"}],"author":"apuntesdesanluis.com","twitter_card":"summary_large_image","twitter_misc":{"Escrito por":"apuntesdesanluis.com","Tiempo de lectura":"2 minutos"},"schema":{"@context":"https:\/\/schema.org","@graph":[{"@type":"Article","@id":"https:\/\/apuntesdesanluis.com\/index.php\/2024\/09\/23\/increible-disturbio-tras-volcar-un-camion-que-transportaba-cajas-con-pollos-12-detenidos\/#article","isPartOf":{"@id":"https:\/\/apuntesdesanluis.com\/index.php\/2024\/09\/23\/increible-disturbio-tras-volcar-un-camion-que-transportaba-cajas-con-pollos-12-detenidos\/"},"author":{"name":"apuntesdesanluis.com","@id":"https:\/\/apuntesdesanluis.com\/#\/schema\/person\/b55151d52296fcce64d1a72538a70b90"},"headline":"INCREIBLE DISTURBIO TRAS VOLCAR UN CAMI\u00d3N QUE TRANSPORTABA CAJAS CON POLLOS: 12 DETENIDOS","datePublished":"2024-09-23T13:09:13+00:00","dateModified":"2024-09-23T15:12:46+00:00","mainEntityOfPage":{"@id":"https:\/\/apuntesdesanluis.com\/index.php\/2024\/09\/23\/increible-disturbio-tras-volcar-un-camion-que-transportaba-cajas-con-pollos-12-detenidos\/"},"wordCount":411,"publisher":{"@id":"https:\/\/apuntesdesanluis.com\/#\/schema\/person\/b55151d52296fcce64d1a72538a70b90"},"image":{"@id":"https:\/\/apuntesdesanluis.com\/index.php\/2024\/09\/23\/increible-disturbio-tras-volcar-un-camion-que-transportaba-cajas-con-pollos-12-detenidos\/#primaryimage"},"thumbnailUrl":"https:\/\/apuntesdesanluis.com\/wp-content\/uploads\/2024\/09\/57cc5d9e-950a-4770-a698-63d16876fcd8.jpg","articleSection":["Ciudad\/Provincia"],"inLanguage":"es-AR"},{"@type":"WebPage","@id":"https:\/\/apuntesdesanluis.com\/index.php\/2024\/09\/23\/increible-disturbio-tras-volcar-un-camion-que-transportaba-cajas-con-pollos-12-detenidos\/","url":"https:\/\/apuntesdesanluis.com\/index.php\/2024\/09\/23\/increible-disturbio-tras-volcar-un-camion-que-transportaba-cajas-con-pollos-12-detenidos\/","name":"INCREIBLE DISTURBIO TRAS VOLCAR UN CAMI\u00d3N QUE TRANSPORTABA CAJAS CON POLLOS: 12 DETENIDOS - Apuntes de San Luis","isPartOf":{"@id":"https:\/\/apuntesdesanluis.com\/#website"},"primaryImageOfPage":{"@id":"https:\/\/apuntesdesanluis.com\/index.php\/2024\/09\/23\/increible-disturbio-tras-volcar-un-camion-que-transportaba-cajas-con-pollos-12-detenidos\/#primaryimage"},"image":{"@id":"https:\/\/apuntesdesanluis.com\/index.php\/2024\/09\/23\/increible-disturbio-tras-volcar-un-camion-que-transportaba-cajas-con-pollos-12-detenidos\/#primaryimage"},"thumbnailUrl":"https:\/\/apuntesdesanluis.com\/wp-content\/uploads\/2024\/09\/57cc5d9e-950a-4770-a698-63d16876fcd8.jpg","datePublished":"2024-09-23T13:09:13+00:00","dateModified":"2024-09-23T15:12:46+00:00","breadcrumb":{"@id":"https:\/\/apuntesdesanluis.com\/index.php\/2024\/09\/23\/increible-disturbio-tras-volcar-un-camion-que-transportaba-cajas-con-pollos-12-detenidos\/#breadcrumb"},"inLanguage":"es-AR","potentialAction":[{"@type":"ReadAction","target":["https:\/\/apuntesdesanluis.com\/index.php\/2024\/09\/23\/increible-disturbio-tras-volcar-un-camion-que-transportaba-cajas-con-pollos-12-detenidos\/"]}]},{"@type":"ImageObject","inLanguage":"es-AR","@id":"https:\/\/apuntesdesanluis.com\/index.php\/2024\/09\/23\/increible-disturbio-tras-volcar-un-camion-que-transportaba-cajas-con-pollos-12-detenidos\/#primaryimage","url":"https:\/\/apuntesdesanluis.com\/wp-content\/uploads\/2024\/09\/57cc5d9e-950a-4770-a698-63d16876fcd8.jpg","contentUrl":"https:\/\/apuntesdesanluis.com\/wp-content\/uploads\/2024\/09\/57cc5d9e-950a-4770-a698-63d16876fcd8.jpg","width":700,"height":447},{"@type":"BreadcrumbList","@id":"https:\/\/apuntesdesanluis.com\/index.php\/2024\/09\/23\/increible-disturbio-tras-volcar-un-camion-que-transportaba-cajas-con-pollos-12-detenidos\/#breadcrumb","itemListElement":[{"@type":"ListItem","position":1,"name":"Inicio","item":"https:\/\/apuntesdesanluis.com\/"},{"@type":"ListItem","position":2,"name":"INCREIBLE DISTURBIO TRAS VOLCAR UN CAMI\u00d3N QUE TRANSPORTABA CAJAS CON POLLOS: 12 DETENIDOS"}]},{"@type":"WebSite","@id":"https:\/\/apuntesdesanluis.com\/#website","url":"https:\/\/apuntesdesanluis.com\/","name":"Apuntes de San Luis","description":"","publisher":{"@id":"https:\/\/apuntesdesanluis.com\/#\/schema\/person\/b55151d52296fcce64d1a72538a70b90"},"potentialAction":[{"@type":"SearchAction","target":{"@type":"EntryPoint","urlTemplate":"https:\/\/apuntesdesanluis.com\/?s={search_term_string}"},"query-input":{"@type":"PropertyValueSpecification","valueRequired":true,"valueName":"search_term_string"}}],"inLanguage":"es-AR"},{"@type":["Person","Organization"],"@id":"https:\/\/apuntesdesanluis.com\/#\/schema\/person\/b55151d52296fcce64d1a72538a70b90","name":"apuntesdesanluis.com","image":{"@type":"ImageObject","inLanguage":"es-AR","@id":"https:\/\/apuntesdesanluis.com\/#\/schema\/person\/image\/","url":"https:\/\/apuntesdesanluis.com\/wp-content\/uploads\/2023\/07\/cropped-apuntesdesanluis.png","contentUrl":"https:\/\/apuntesdesanluis.com\/wp-content\/uploads\/2023\/07\/cropped-apuntesdesanluis.png","width":450,"height":112,"caption":"apuntesdesanluis.com"},"logo":{"@id":"https:\/\/apuntesdesanluis.com\/#\/schema\/person\/image\/"},"sameAs":["https:\/\/apuntesdesanluis.com"],"url":"https:\/\/apuntesdesanluis.com\/index.php\/author\/apuntesdesanluis-com\/"}]}},"featured_image_urls":{"full":["https:\/\/apuntesdesanluis.com\/wp-content\/uploads\/2024\/09\/57cc5d9e-950a-4770-a698-63d16876fcd8.jpg",700,447,false],"thumbnail":["https:\/\/apuntesdesanluis.com\/wp-content\/uploads\/2024\/09\/57cc5d9e-950a-4770-a698-63d16876fcd8-150x150.jpg",150,150,true],"medium":["https:\/\/apuntesdesanluis.com\/wp-content\/uploads\/2024\/09\/57cc5d9e-950a-4770-a698-63d16876fcd8-300x192.jpg",300,192,true],"medium_large":["https:\/\/apuntesdesanluis.com\/wp-content\/uploads\/2024\/09\/57cc5d9e-950a-4770-a698-63d16876fcd8.jpg",640,409,false],"large":["https:\/\/apuntesdesanluis.com\/wp-content\/uploads\/2024\/09\/57cc5d9e-950a-4770-a698-63d16876fcd8.jpg",640,409,false],"1536x1536":["https:\/\/apuntesdesanluis.com\/wp-content\/uploads\/2024\/09\/57cc5d9e-950a-4770-a698-63d16876fcd8.jpg",700,447,false],"2048x2048":["https:\/\/apuntesdesanluis.com\/wp-content\/uploads\/2024\/09\/57cc5d9e-950a-4770-a698-63d16876fcd8.jpg",700,447,false],"newsever-slider-full":["https:\/\/apuntesdesanluis.com\/wp-content\/uploads\/2024\/09\/57cc5d9e-950a-4770-a698-63d16876fcd8.jpg",700,447,false],"newsever-featured":["https:\/\/apuntesdesanluis.com\/wp-content\/uploads\/2024\/09\/57cc5d9e-950a-4770-a698-63d16876fcd8.jpg",700,447,false],"newsever-medium":["https:\/\/apuntesdesanluis.com\/wp-content\/uploads\/2024\/09\/57cc5d9e-950a-4770-a698-63d16876fcd8.jpg",700,447,false]},"author_info":{"display_name":"apuntesdesanluis.com","author_link":"https:\/\/apuntesdesanluis.com\/index.php\/author\/apuntesdesanluis-com\/"},"category_info":"<a href=\"https:\/\/apuntesdesanluis.com\/index.php\/category\/ciudad-provincia\/\" rel=\"category tag\">Ciudad\/Provincia<\/a>","tag_info":"Ciudad\/Provincia","comment_count":"0","_links":{"self":[{"href":"https:\/\/apuntesdesanluis.com\/index.php\/wp-json\/wp\/v2\/posts\/22737","targetHints":{"allow":["GET"]}}],"collection":[{"href":"https:\/\/apuntesdesanluis.com\/index.php\/wp-json\/wp\/v2\/posts"}],"about":[{"href":"https:\/\/apuntesdesanluis.com\/index.php\/wp-json\/wp\/v2\/types\/post"}],"author":[{"embeddable":true,"href":"https:\/\/apuntesdesanluis.com\/index.php\/wp-json\/wp\/v2\/users\/1"}],"replies":[{"embeddable":true,"href":"https:\/\/apuntesdesanluis.com\/index.php\/wp-json\/wp\/v2\/comments?post=22737"}],"version-history":[{"count":3,"href":"https:\/\/apuntesdesanluis.com\/index.php\/wp-json\/wp\/v2\/posts\/22737\/revisions"}],"predecessor-version":[{"id":22743,"href":"https:\/\/apuntesdesanluis.com\/index.php\/wp-json\/wp\/v2\/posts\/22737\/revisions\/22743"}],"wp:featuredmedia":[{"embeddable":true,"href":"https:\/\/apuntesdesanluis.com\/index.php\/wp-json\/wp\/v2\/media\/22738"}],"wp:attachment":[{"href":"https:\/\/apuntesdesanluis.com\/index.php\/wp-json\/wp\/v2\/media?parent=22737"}],"wp:term":[{"taxonomy":"category","embeddable":true,"href":"https:\/\/apuntesdesanluis.com\/index.php\/wp-json\/wp\/v2\/categories?post=22737"},{"taxonomy":"post_tag","embeddable":true,"href":"https:\/\/apuntesdesanluis.com\/index.php\/wp-json\/wp\/v2\/tags?post=22737"}],"curies":[{"name":"wp","href":"https:\/\/api.w.org\/{rel}","templated":true}]}}