{"id":22746,"date":"2024-09-23T14:40:14","date_gmt":"2024-09-23T17:40:14","guid":{"rendered":"https:\/\/apuntesdesanluis.com\/?p=22746"},"modified":"2024-09-23T14:40:14","modified_gmt":"2024-09-23T17:40:14","slug":"celos-enfermizos-un-detenido-por-privacion-ilegitima-de-la-libertad","status":"publish","type":"post","link":"https:\/\/apuntesdesanluis.com\/index.php\/2024\/09\/23\/celos-enfermizos-un-detenido-por-privacion-ilegitima-de-la-libertad\/","title":{"rendered":"CELOS ENFERMIZOS: UN DETENIDO POR PRIVACI\u00d3N ILEG\u00cdTIMA DE LA LIBERTAD"},"content":{"rendered":"<h3>Este lunes por la ma\u00f1ana se desarroll\u00f3 la audiencia de formulaci\u00f3n de cargos en el Juzgado de Garant\u00edas N\u00ba 2 de la Segunda Circunscripci\u00f3n Judicial.<\/h3>\n<h3>Este lunes se realiz\u00f3 una audiencia en donde formularon cargos a un hombre por un\u00a0 hecho ocurrido el\u00a0 pasado 20 de septiembre, cuando el imputado habr\u00eda privado de su libertad a su novia, ejerciendo adem\u00e1s violencia f\u00edsica y moral.<\/h3>\n<h3>El Dr. Maximiliano Bazla Cassina \u2013 Fiscal de Instrucci\u00f3n N\u00ba 1 \u2013\u00a0 relat\u00f3 que\u00a0 ese d\u00eda, aproximadamente a las 18 horas, el imputado pas\u00f3 a buscar a la damnificada por su domicilio. Cabe se\u00f1alar que, seg\u00fan lo relatado en la audiencia de formulaci\u00f3n de cargos, la v\u00edctima y el imputado manten\u00edan una relaci\u00f3n de noviazgo. En representaci\u00f3n del Ministerio P\u00fablico Fiscal tambi\u00e9n intervino la Dra. Cecilia Framini.<\/h3>\n<h3>Luego de haber estado en las plazas de Pedernera y de San Mart\u00edn, aproximadamente a las 18:30, el imputado y la v\u00edctima se subieron al auto \u2013 de propiedad del hombre \u2013 para dirigirse al domicilio de la mujer, pero se produjo una discusi\u00f3n y se desencaden\u00f3 un ataque de celos por parte del imputado, quien en medio de reproches termin\u00f3 ejerciendo violencia sobre su novia.<\/h3>\n<h3>El Fiscal detall\u00f3 todo el recorrido realizado por el imputado hacia las afueras de la ciudad, hasta que se detuvo en la intersecci\u00f3n de la Circunvalaci\u00f3n y Ruta 33. Fue all\u00ed que nuevamente ejerci\u00f3 violencia sobre la mujer, aunque a pocos metros personal de la Polic\u00eda efectuaba un control y al ver movimientos sospechosos, se acercaron.\u00a0 La mujer aprovech\u00f3 la oportunidad para solicitar auxilio.<\/h3>\n<h3>El Fiscal detall\u00f3 que la violencia ejercida por el imputado restringi\u00f3 la libertad ambulatoria de la mujer. Adem\u00e1s, precis\u00f3 que mientras iban en el auto, el imputado le sac\u00f3 a la mujer el celular y las llaves de su casa.<\/h3>\n<h3>Calific\u00f3 al hecho como privaci\u00f3n ileg\u00edtima de la libertad agravado por la violencia f\u00edsica y moral desplegada, en contexto de violencia de g\u00e9nero. Mencion\u00f3 evidencias incorporadas al legajo y anticip\u00f3 que solicitar\u00eda prisi\u00f3n preventiva para el imputado.<\/h3>\n<h3>En tanto la Defensa, representada por la Dra. Cecilia Mithiaux \u2013 y por la Dra. Noelia P\u00e1ez \u2013\u00a0 solicit\u00f3 la pr\u00f3rroga de la detenci\u00f3n por el plazo de 8 d\u00edas,\u00a0 a finde realizar pruebas de descargo\u00a0 y presentar su teor\u00eda del caso.<\/h3>\n<h3>Luego de escuchar a las partes, el Dr. Mat\u00edas Farinazzo Tempestini tuvo por admitida la formulaci\u00f3n de cargos por el delito de privaci\u00f3n ileg\u00edtima de la libertad agravada por la violencia desplegada en contexto de violencia de g\u00e9nero y concedi\u00f3 la pr\u00f3rroga de la detenci\u00f3n solicitada por la Defensa. Asimismo, dispuso la celebraci\u00f3n de una nueva audiencia el pr\u00f3ximo 1\u00ba de octubre, cuando se definir\u00e1 situaci\u00f3n procesal del imputado. La Dra. Claudia Su\u00e1rez intervino como secretaria en esta audiencia.<\/h3>\n<p>&nbsp;<\/p>\n<p>&nbsp;<\/p>\n<p>&nbsp;<\/p>\n<p>&nbsp;<\/p>\n<p>&nbsp;<\/p>\n<p>&nbsp;<\/p>\n","protected":false},"excerpt":{"rendered":"<p>Este lunes por la ma\u00f1ana se desarroll\u00f3 la audiencia de formulaci\u00f3n de cargos en el&#8230;<\/p>\n","protected":false},"author":1,"featured_media":22747,"comment_status":"closed","ping_status":"closed","sticky":false,"template":"","format":"standard","meta":{"footnotes":""},"categories":[6],"tags":[],"class_list":["post-22746","post","type-post","status-publish","format-standard","has-post-thumbnail","hentry","category-ciudad-provincia"],"yoast_head":"<!-- This site is optimized with the Yoast SEO plugin v26.1.1 - https:\/\/yoast.com\/wordpress\/plugins\/seo\/ -->\n<title>CELOS ENFERMIZOS: UN DETENIDO POR PRIVACI\u00d3N ILEG\u00cdTIMA DE LA LIBERTAD - Apuntes de San Luis<\/title>\n<meta name=\"robots\" content=\"index, follow, max-snippet:-1, max-image-preview:large, max-video-preview:-1\" \/>\n<link rel=\"canonical\" href=\"https:\/\/apuntesdesanluis.com\/index.php\/2024\/09\/23\/celos-enfermizos-un-detenido-por-privacion-ilegitima-de-la-libertad\/\" \/>\n<meta property=\"og:locale\" content=\"es_ES\" \/>\n<meta property=\"og:type\" content=\"article\" \/>\n<meta property=\"og:title\" content=\"CELOS ENFERMIZOS: UN DETENIDO POR PRIVACI\u00d3N ILEG\u00cdTIMA DE LA LIBERTAD - Apuntes de San Luis\" \/>\n<meta property=\"og:description\" content=\"Este lunes por la ma\u00f1ana se desarroll\u00f3 la audiencia de formulaci\u00f3n de cargos en el...\" \/>\n<meta property=\"og:url\" content=\"https:\/\/apuntesdesanluis.com\/index.php\/2024\/09\/23\/celos-enfermizos-un-detenido-por-privacion-ilegitima-de-la-libertad\/\" \/>\n<meta property=\"og:site_name\" content=\"Apuntes de San Luis\" \/>\n<meta property=\"article:published_time\" content=\"2024-09-23T17:40:14+00:00\" \/>\n<meta property=\"og:image\" content=\"https:\/\/apuntesdesanluis.com\/wp-content\/uploads\/2024\/09\/JUEZ-1.png\" \/>\n\t<meta property=\"og:image:width\" content=\"643\" \/>\n\t<meta property=\"og:image:height\" content=\"393\" \/>\n\t<meta property=\"og:image:type\" content=\"image\/png\" \/>\n<meta name=\"author\" content=\"apuntesdesanluis.com\" \/>\n<meta name=\"twitter:card\" content=\"summary_large_image\" \/>\n<meta name=\"twitter:label1\" content=\"Escrito por\" \/>\n\t<meta name=\"twitter:data1\" content=\"apuntesdesanluis.com\" \/>\n\t<meta name=\"twitter:label2\" content=\"Tiempo de lectura\" \/>\n\t<meta name=\"twitter:data2\" content=\"3 minutos\" \/>\n<script type=\"application\/ld+json\" class=\"yoast-schema-graph\">{\"@context\":\"https:\/\/schema.org\",\"@graph\":[{\"@type\":\"Article\",\"@id\":\"https:\/\/apuntesdesanluis.com\/index.php\/2024\/09\/23\/celos-enfermizos-un-detenido-por-privacion-ilegitima-de-la-libertad\/#article\",\"isPartOf\":{\"@id\":\"https:\/\/apuntesdesanluis.com\/index.php\/2024\/09\/23\/celos-enfermizos-un-detenido-por-privacion-ilegitima-de-la-libertad\/\"},\"author\":{\"name\":\"apuntesdesanluis.com\",\"@id\":\"https:\/\/apuntesdesanluis.com\/#\/schema\/person\/b55151d52296fcce64d1a72538a70b90\"},\"headline\":\"CELOS ENFERMIZOS: UN DETENIDO POR PRIVACI\u00d3N ILEG\u00cdTIMA DE LA LIBERTAD\",\"datePublished\":\"2024-09-23T17:40:14+00:00\",\"mainEntityOfPage\":{\"@id\":\"https:\/\/apuntesdesanluis.com\/index.php\/2024\/09\/23\/celos-enfermizos-un-detenido-por-privacion-ilegitima-de-la-libertad\/\"},\"wordCount\":510,\"publisher\":{\"@id\":\"https:\/\/apuntesdesanluis.com\/#\/schema\/person\/b55151d52296fcce64d1a72538a70b90\"},\"image\":{\"@id\":\"https:\/\/apuntesdesanluis.com\/index.php\/2024\/09\/23\/celos-enfermizos-un-detenido-por-privacion-ilegitima-de-la-libertad\/#primaryimage\"},\"thumbnailUrl\":\"https:\/\/apuntesdesanluis.com\/wp-content\/uploads\/2024\/09\/JUEZ-1.png\",\"articleSection\":[\"Ciudad\/Provincia\"],\"inLanguage\":\"es-AR\"},{\"@type\":\"WebPage\",\"@id\":\"https:\/\/apuntesdesanluis.com\/index.php\/2024\/09\/23\/celos-enfermizos-un-detenido-por-privacion-ilegitima-de-la-libertad\/\",\"url\":\"https:\/\/apuntesdesanluis.com\/index.php\/2024\/09\/23\/celos-enfermizos-un-detenido-por-privacion-ilegitima-de-la-libertad\/\",\"name\":\"CELOS ENFERMIZOS: UN DETENIDO POR PRIVACI\u00d3N ILEG\u00cdTIMA DE LA LIBERTAD - Apuntes de San Luis\",\"isPartOf\":{\"@id\":\"https:\/\/apuntesdesanluis.com\/#website\"},\"primaryImageOfPage\":{\"@id\":\"https:\/\/apuntesdesanluis.com\/index.php\/2024\/09\/23\/celos-enfermizos-un-detenido-por-privacion-ilegitima-de-la-libertad\/#primaryimage\"},\"image\":{\"@id\":\"https:\/\/apuntesdesanluis.com\/index.php\/2024\/09\/23\/celos-enfermizos-un-detenido-por-privacion-ilegitima-de-la-libertad\/#primaryimage\"},\"thumbnailUrl\":\"https:\/\/apuntesdesanluis.com\/wp-content\/uploads\/2024\/09\/JUEZ-1.png\",\"datePublished\":\"2024-09-23T17:40:14+00:00\",\"breadcrumb\":{\"@id\":\"https:\/\/apuntesdesanluis.com\/index.php\/2024\/09\/23\/celos-enfermizos-un-detenido-por-privacion-ilegitima-de-la-libertad\/#breadcrumb\"},\"inLanguage\":\"es-AR\",\"potentialAction\":[{\"@type\":\"ReadAction\",\"target\":[\"https:\/\/apuntesdesanluis.com\/index.php\/2024\/09\/23\/celos-enfermizos-un-detenido-por-privacion-ilegitima-de-la-libertad\/\"]}]},{\"@type\":\"ImageObject\",\"inLanguage\":\"es-AR\",\"@id\":\"https:\/\/apuntesdesanluis.com\/index.php\/2024\/09\/23\/celos-enfermizos-un-detenido-por-privacion-ilegitima-de-la-libertad\/#primaryimage\",\"url\":\"https:\/\/apuntesdesanluis.com\/wp-content\/uploads\/2024\/09\/JUEZ-1.png\",\"contentUrl\":\"https:\/\/apuntesdesanluis.com\/wp-content\/uploads\/2024\/09\/JUEZ-1.png\",\"width\":643,\"height\":393},{\"@type\":\"BreadcrumbList\",\"@id\":\"https:\/\/apuntesdesanluis.com\/index.php\/2024\/09\/23\/celos-enfermizos-un-detenido-por-privacion-ilegitima-de-la-libertad\/#breadcrumb\",\"itemListElement\":[{\"@type\":\"ListItem\",\"position\":1,\"name\":\"Inicio\",\"item\":\"https:\/\/apuntesdesanluis.com\/\"},{\"@type\":\"ListItem\",\"position\":2,\"name\":\"CELOS ENFERMIZOS: UN DETENIDO POR PRIVACI\u00d3N ILEG\u00cdTIMA DE LA LIBERTAD\"}]},{\"@type\":\"WebSite\",\"@id\":\"https:\/\/apuntesdesanluis.com\/#website\",\"url\":\"https:\/\/apuntesdesanluis.com\/\",\"name\":\"Apuntes de San Luis\",\"description\":\"\",\"publisher\":{\"@id\":\"https:\/\/apuntesdesanluis.com\/#\/schema\/person\/b55151d52296fcce64d1a72538a70b90\"},\"potentialAction\":[{\"@type\":\"SearchAction\",\"target\":{\"@type\":\"EntryPoint\",\"urlTemplate\":\"https:\/\/apuntesdesanluis.com\/?s={search_term_string}\"},\"query-input\":{\"@type\":\"PropertyValueSpecification\",\"valueRequired\":true,\"valueName\":\"search_term_string\"}}],\"inLanguage\":\"es-AR\"},{\"@type\":[\"Person\",\"Organization\"],\"@id\":\"https:\/\/apuntesdesanluis.com\/#\/schema\/person\/b55151d52296fcce64d1a72538a70b90\",\"name\":\"apuntesdesanluis.com\",\"image\":{\"@type\":\"ImageObject\",\"inLanguage\":\"es-AR\",\"@id\":\"https:\/\/apuntesdesanluis.com\/#\/schema\/person\/image\/\",\"url\":\"https:\/\/apuntesdesanluis.com\/wp-content\/uploads\/2023\/07\/cropped-apuntesdesanluis.png\",\"contentUrl\":\"https:\/\/apuntesdesanluis.com\/wp-content\/uploads\/2023\/07\/cropped-apuntesdesanluis.png\",\"width\":450,\"height\":112,\"caption\":\"apuntesdesanluis.com\"},\"logo\":{\"@id\":\"https:\/\/apuntesdesanluis.com\/#\/schema\/person\/image\/\"},\"sameAs\":[\"https:\/\/apuntesdesanluis.com\"],\"url\":\"https:\/\/apuntesdesanluis.com\/index.php\/author\/apuntesdesanluis-com\/\"}]}<\/script>\n<!-- \/ Yoast SEO plugin. -->","yoast_head_json":{"title":"CELOS ENFERMIZOS: UN DETENIDO POR PRIVACI\u00d3N ILEG\u00cdTIMA DE LA LIBERTAD - Apuntes de San Luis","robots":{"index":"index","follow":"follow","max-snippet":"max-snippet:-1","max-image-preview":"max-image-preview:large","max-video-preview":"max-video-preview:-1"},"canonical":"https:\/\/apuntesdesanluis.com\/index.php\/2024\/09\/23\/celos-enfermizos-un-detenido-por-privacion-ilegitima-de-la-libertad\/","og_locale":"es_ES","og_type":"article","og_title":"CELOS ENFERMIZOS: UN DETENIDO POR PRIVACI\u00d3N ILEG\u00cdTIMA DE LA LIBERTAD - Apuntes de San Luis","og_description":"Este lunes por la ma\u00f1ana se desarroll\u00f3 la audiencia de formulaci\u00f3n de cargos en el...","og_url":"https:\/\/apuntesdesanluis.com\/index.php\/2024\/09\/23\/celos-enfermizos-un-detenido-por-privacion-ilegitima-de-la-libertad\/","og_site_name":"Apuntes de San Luis","article_published_time":"2024-09-23T17:40:14+00:00","og_image":[{"width":643,"height":393,"url":"https:\/\/apuntesdesanluis.com\/wp-content\/uploads\/2024\/09\/JUEZ-1.png","type":"image\/png"}],"author":"apuntesdesanluis.com","twitter_card":"summary_large_image","twitter_misc":{"Escrito por":"apuntesdesanluis.com","Tiempo de lectura":"3 minutos"},"schema":{"@context":"https:\/\/schema.org","@graph":[{"@type":"Article","@id":"https:\/\/apuntesdesanluis.com\/index.php\/2024\/09\/23\/celos-enfermizos-un-detenido-por-privacion-ilegitima-de-la-libertad\/#article","isPartOf":{"@id":"https:\/\/apuntesdesanluis.com\/index.php\/2024\/09\/23\/celos-enfermizos-un-detenido-por-privacion-ilegitima-de-la-libertad\/"},"author":{"name":"apuntesdesanluis.com","@id":"https:\/\/apuntesdesanluis.com\/#\/schema\/person\/b55151d52296fcce64d1a72538a70b90"},"headline":"CELOS ENFERMIZOS: UN DETENIDO POR PRIVACI\u00d3N ILEG\u00cdTIMA DE LA LIBERTAD","datePublished":"2024-09-23T17:40:14+00:00","mainEntityOfPage":{"@id":"https:\/\/apuntesdesanluis.com\/index.php\/2024\/09\/23\/celos-enfermizos-un-detenido-por-privacion-ilegitima-de-la-libertad\/"},"wordCount":510,"publisher":{"@id":"https:\/\/apuntesdesanluis.com\/#\/schema\/person\/b55151d52296fcce64d1a72538a70b90"},"image":{"@id":"https:\/\/apuntesdesanluis.com\/index.php\/2024\/09\/23\/celos-enfermizos-un-detenido-por-privacion-ilegitima-de-la-libertad\/#primaryimage"},"thumbnailUrl":"https:\/\/apuntesdesanluis.com\/wp-content\/uploads\/2024\/09\/JUEZ-1.png","articleSection":["Ciudad\/Provincia"],"inLanguage":"es-AR"},{"@type":"WebPage","@id":"https:\/\/apuntesdesanluis.com\/index.php\/2024\/09\/23\/celos-enfermizos-un-detenido-por-privacion-ilegitima-de-la-libertad\/","url":"https:\/\/apuntesdesanluis.com\/index.php\/2024\/09\/23\/celos-enfermizos-un-detenido-por-privacion-ilegitima-de-la-libertad\/","name":"CELOS ENFERMIZOS: UN DETENIDO POR PRIVACI\u00d3N ILEG\u00cdTIMA DE LA LIBERTAD - Apuntes de San Luis","isPartOf":{"@id":"https:\/\/apuntesdesanluis.com\/#website"},"primaryImageOfPage":{"@id":"https:\/\/apuntesdesanluis.com\/index.php\/2024\/09\/23\/celos-enfermizos-un-detenido-por-privacion-ilegitima-de-la-libertad\/#primaryimage"},"image":{"@id":"https:\/\/apuntesdesanluis.com\/index.php\/2024\/09\/23\/celos-enfermizos-un-detenido-por-privacion-ilegitima-de-la-libertad\/#primaryimage"},"thumbnailUrl":"https:\/\/apuntesdesanluis.com\/wp-content\/uploads\/2024\/09\/JUEZ-1.png","datePublished":"2024-09-23T17:40:14+00:00","breadcrumb":{"@id":"https:\/\/apuntesdesanluis.com\/index.php\/2024\/09\/23\/celos-enfermizos-un-detenido-por-privacion-ilegitima-de-la-libertad\/#breadcrumb"},"inLanguage":"es-AR","potentialAction":[{"@type":"ReadAction","target":["https:\/\/apuntesdesanluis.com\/index.php\/2024\/09\/23\/celos-enfermizos-un-detenido-por-privacion-ilegitima-de-la-libertad\/"]}]},{"@type":"ImageObject","inLanguage":"es-AR","@id":"https:\/\/apuntesdesanluis.com\/index.php\/2024\/09\/23\/celos-enfermizos-un-detenido-por-privacion-ilegitima-de-la-libertad\/#primaryimage","url":"https:\/\/apuntesdesanluis.com\/wp-content\/uploads\/2024\/09\/JUEZ-1.png","contentUrl":"https:\/\/apuntesdesanluis.com\/wp-content\/uploads\/2024\/09\/JUEZ-1.png","width":643,"height":393},{"@type":"BreadcrumbList","@id":"https:\/\/apuntesdesanluis.com\/index.php\/2024\/09\/23\/celos-enfermizos-un-detenido-por-privacion-ilegitima-de-la-libertad\/#breadcrumb","itemListElement":[{"@type":"ListItem","position":1,"name":"Inicio","item":"https:\/\/apuntesdesanluis.com\/"},{"@type":"ListItem","position":2,"name":"CELOS ENFERMIZOS: UN DETENIDO POR PRIVACI\u00d3N ILEG\u00cdTIMA DE LA LIBERTAD"}]},{"@type":"WebSite","@id":"https:\/\/apuntesdesanluis.com\/#website","url":"https:\/\/apuntesdesanluis.com\/","name":"Apuntes de San Luis","description":"","publisher":{"@id":"https:\/\/apuntesdesanluis.com\/#\/schema\/person\/b55151d52296fcce64d1a72538a70b90"},"potentialAction":[{"@type":"SearchAction","target":{"@type":"EntryPoint","urlTemplate":"https:\/\/apuntesdesanluis.com\/?s={search_term_string}"},"query-input":{"@type":"PropertyValueSpecification","valueRequired":true,"valueName":"search_term_string"}}],"inLanguage":"es-AR"},{"@type":["Person","Organization"],"@id":"https:\/\/apuntesdesanluis.com\/#\/schema\/person\/b55151d52296fcce64d1a72538a70b90","name":"apuntesdesanluis.com","image":{"@type":"ImageObject","inLanguage":"es-AR","@id":"https:\/\/apuntesdesanluis.com\/#\/schema\/person\/image\/","url":"https:\/\/apuntesdesanluis.com\/wp-content\/uploads\/2023\/07\/cropped-apuntesdesanluis.png","contentUrl":"https:\/\/apuntesdesanluis.com\/wp-content\/uploads\/2023\/07\/cropped-apuntesdesanluis.png","width":450,"height":112,"caption":"apuntesdesanluis.com"},"logo":{"@id":"https:\/\/apuntesdesanluis.com\/#\/schema\/person\/image\/"},"sameAs":["https:\/\/apuntesdesanluis.com"],"url":"https:\/\/apuntesdesanluis.com\/index.php\/author\/apuntesdesanluis-com\/"}]}},"featured_image_urls":{"full":["https:\/\/apuntesdesanluis.com\/wp-content\/uploads\/2024\/09\/JUEZ-1.png",643,393,false],"thumbnail":["https:\/\/apuntesdesanluis.com\/wp-content\/uploads\/2024\/09\/JUEZ-1-150x150.png",150,150,true],"medium":["https:\/\/apuntesdesanluis.com\/wp-content\/uploads\/2024\/09\/JUEZ-1-300x183.png",300,183,true],"medium_large":["https:\/\/apuntesdesanluis.com\/wp-content\/uploads\/2024\/09\/JUEZ-1.png",640,391,false],"large":["https:\/\/apuntesdesanluis.com\/wp-content\/uploads\/2024\/09\/JUEZ-1.png",640,391,false],"1536x1536":["https:\/\/apuntesdesanluis.com\/wp-content\/uploads\/2024\/09\/JUEZ-1.png",643,393,false],"2048x2048":["https:\/\/apuntesdesanluis.com\/wp-content\/uploads\/2024\/09\/JUEZ-1.png",643,393,false],"newsever-slider-full":["https:\/\/apuntesdesanluis.com\/wp-content\/uploads\/2024\/09\/JUEZ-1.png",643,393,false],"newsever-featured":["https:\/\/apuntesdesanluis.com\/wp-content\/uploads\/2024\/09\/JUEZ-1.png",643,393,false],"newsever-medium":["https:\/\/apuntesdesanluis.com\/wp-content\/uploads\/2024\/09\/JUEZ-1.png",643,393,false]},"author_info":{"display_name":"apuntesdesanluis.com","author_link":"https:\/\/apuntesdesanluis.com\/index.php\/author\/apuntesdesanluis-com\/"},"category_info":"<a href=\"https:\/\/apuntesdesanluis.com\/index.php\/category\/ciudad-provincia\/\" rel=\"category tag\">Ciudad\/Provincia<\/a>","tag_info":"Ciudad\/Provincia","comment_count":"0","_links":{"self":[{"href":"https:\/\/apuntesdesanluis.com\/index.php\/wp-json\/wp\/v2\/posts\/22746","targetHints":{"allow":["GET"]}}],"collection":[{"href":"https:\/\/apuntesdesanluis.com\/index.php\/wp-json\/wp\/v2\/posts"}],"about":[{"href":"https:\/\/apuntesdesanluis.com\/index.php\/wp-json\/wp\/v2\/types\/post"}],"author":[{"embeddable":true,"href":"https:\/\/apuntesdesanluis.com\/index.php\/wp-json\/wp\/v2\/users\/1"}],"replies":[{"embeddable":true,"href":"https:\/\/apuntesdesanluis.com\/index.php\/wp-json\/wp\/v2\/comments?post=22746"}],"version-history":[{"count":1,"href":"https:\/\/apuntesdesanluis.com\/index.php\/wp-json\/wp\/v2\/posts\/22746\/revisions"}],"predecessor-version":[{"id":22748,"href":"https:\/\/apuntesdesanluis.com\/index.php\/wp-json\/wp\/v2\/posts\/22746\/revisions\/22748"}],"wp:featuredmedia":[{"embeddable":true,"href":"https:\/\/apuntesdesanluis.com\/index.php\/wp-json\/wp\/v2\/media\/22747"}],"wp:attachment":[{"href":"https:\/\/apuntesdesanluis.com\/index.php\/wp-json\/wp\/v2\/media?parent=22746"}],"wp:term":[{"taxonomy":"category","embeddable":true,"href":"https:\/\/apuntesdesanluis.com\/index.php\/wp-json\/wp\/v2\/categories?post=22746"},{"taxonomy":"post_tag","embeddable":true,"href":"https:\/\/apuntesdesanluis.com\/index.php\/wp-json\/wp\/v2\/tags?post=22746"}],"curies":[{"name":"wp","href":"https:\/\/api.w.org\/{rel}","templated":true}]}}