{"id":22759,"date":"2024-09-23T15:01:36","date_gmt":"2024-09-23T18:01:36","guid":{"rendered":"https:\/\/apuntesdesanluis.com\/?p=22759"},"modified":"2024-09-23T15:01:36","modified_gmt":"2024-09-23T18:01:36","slug":"diputados-comienza-a-debatir-el-miercoles-la-privatizacion-de-aerolineas-en-medio-del-conflicto-con-los-gremios","status":"publish","type":"post","link":"https:\/\/apuntesdesanluis.com\/index.php\/2024\/09\/23\/diputados-comienza-a-debatir-el-miercoles-la-privatizacion-de-aerolineas-en-medio-del-conflicto-con-los-gremios\/","title":{"rendered":"DIPUTADOS COMIENZA A DEBATIR EL MI\u00c9RCOLES LA PRIVATIZACI\u00d3N DE AEROL\u00cdNEAS EN MEDIO DEL CONFLICTO CON LOS GREMIOS"},"content":{"rendered":"<h3>El oficialismo cit\u00f3 para este mi\u00e9rcoles a las 11 a un plenario de las comisiones de Transporte y de Presupuesto y Hacienda de la C\u00e1mara baja.<\/h3>\n<h3>La C\u00e1mara de Diputados comenzar\u00e1 a discutir este mi\u00e9rcoles en un plenario de comisiones la privatizaci\u00f3n de Aerol\u00edneas Argentinas, en medio del conflicto que mantienen las autoridades con los gremios del sector.<\/h3>\n<h3>El oficialismo decidi\u00f3 un fuerte impulso al tratamiento del proyecto -dise\u00f1ado por el macrista Hern\u00e1n Lombardi- que autoriza a vender Aerol\u00edneas, tras agravarse el enfrentamiento entre las autoridades y los gremios, que viene provocando en las \u00faltimas semanas paros y demoras en el servicio que brinda la l\u00ednea \u00e1rea estatal.<\/h3>\n<h3>El oficialismo formaliz\u00f3 la citaci\u00f3n para este mi\u00e9rcoles a las 11 a un plenario de las comisiones de Transporte y de Presupuesto y Hacienda, que presiden la radical Pamela Verasay y el libertario Jos\u00e9 Luis Espert.<\/h3>\n<h3>Para la ocasi\u00f3n fueron citados a exponer el vicejefe de Gabinete, Jos\u00e9 Rolandi, el presidente de Aerol\u00edneas Argentinas, Fabi\u00e1n Lombardo, y el secretario de Transporte, Franco Mogetta.<\/h3>\n<p>&nbsp;<\/p>\n<p>&nbsp;<\/p>\n<p>&nbsp;<\/p>\n<p>&nbsp;<\/p>\n<p>&nbsp;<\/p>\n<p>&nbsp;<\/p>\n<p>&nbsp;<\/p>\n","protected":false},"excerpt":{"rendered":"<p>El oficialismo cit\u00f3 para este mi\u00e9rcoles a las 11 a un plenario de las comisiones&#8230;<\/p>\n","protected":false},"author":1,"featured_media":22760,"comment_status":"closed","ping_status":"closed","sticky":false,"template":"","format":"standard","meta":{"footnotes":""},"categories":[5],"tags":[],"class_list":["post-22759","post","type-post","status-publish","format-standard","has-post-thumbnail","hentry","category-nacionales-internacionales"],"yoast_head":"<!-- This site is optimized with the Yoast SEO plugin v26.1.1 - https:\/\/yoast.com\/wordpress\/plugins\/seo\/ -->\n<title>DIPUTADOS COMIENZA A DEBATIR EL MI\u00c9RCOLES LA PRIVATIZACI\u00d3N DE AEROL\u00cdNEAS EN MEDIO DEL CONFLICTO CON LOS GREMIOS - Apuntes de San Luis<\/title>\n<meta name=\"robots\" content=\"index, follow, max-snippet:-1, max-image-preview:large, max-video-preview:-1\" \/>\n<link rel=\"canonical\" href=\"https:\/\/apuntesdesanluis.com\/index.php\/2024\/09\/23\/diputados-comienza-a-debatir-el-miercoles-la-privatizacion-de-aerolineas-en-medio-del-conflicto-con-los-gremios\/\" \/>\n<meta property=\"og:locale\" content=\"es_ES\" \/>\n<meta property=\"og:type\" content=\"article\" \/>\n<meta property=\"og:title\" content=\"DIPUTADOS COMIENZA A DEBATIR EL MI\u00c9RCOLES LA PRIVATIZACI\u00d3N DE AEROL\u00cdNEAS EN MEDIO DEL CONFLICTO CON LOS GREMIOS - Apuntes de San Luis\" \/>\n<meta property=\"og:description\" content=\"El oficialismo cit\u00f3 para este mi\u00e9rcoles a las 11 a un plenario de las comisiones...\" \/>\n<meta property=\"og:url\" content=\"https:\/\/apuntesdesanluis.com\/index.php\/2024\/09\/23\/diputados-comienza-a-debatir-el-miercoles-la-privatizacion-de-aerolineas-en-medio-del-conflicto-con-los-gremios\/\" \/>\n<meta property=\"og:site_name\" content=\"Apuntes de San Luis\" \/>\n<meta property=\"article:published_time\" content=\"2024-09-23T18:01:36+00:00\" \/>\n<meta property=\"og:image\" content=\"https:\/\/apuntesdesanluis.com\/wp-content\/uploads\/2024\/09\/AEROLINEAS.png\" \/>\n\t<meta property=\"og:image:width\" content=\"715\" \/>\n\t<meta property=\"og:image:height\" content=\"434\" \/>\n\t<meta property=\"og:image:type\" content=\"image\/png\" \/>\n<meta name=\"author\" content=\"apuntesdesanluis.com\" \/>\n<meta name=\"twitter:card\" content=\"summary_large_image\" \/>\n<meta name=\"twitter:label1\" content=\"Escrito por\" \/>\n\t<meta name=\"twitter:data1\" content=\"apuntesdesanluis.com\" \/>\n\t<meta name=\"twitter:label2\" content=\"Tiempo de lectura\" \/>\n\t<meta name=\"twitter:data2\" content=\"1 minuto\" \/>\n<script type=\"application\/ld+json\" class=\"yoast-schema-graph\">{\"@context\":\"https:\/\/schema.org\",\"@graph\":[{\"@type\":\"Article\",\"@id\":\"https:\/\/apuntesdesanluis.com\/index.php\/2024\/09\/23\/diputados-comienza-a-debatir-el-miercoles-la-privatizacion-de-aerolineas-en-medio-del-conflicto-con-los-gremios\/#article\",\"isPartOf\":{\"@id\":\"https:\/\/apuntesdesanluis.com\/index.php\/2024\/09\/23\/diputados-comienza-a-debatir-el-miercoles-la-privatizacion-de-aerolineas-en-medio-del-conflicto-con-los-gremios\/\"},\"author\":{\"name\":\"apuntesdesanluis.com\",\"@id\":\"https:\/\/apuntesdesanluis.com\/#\/schema\/person\/b55151d52296fcce64d1a72538a70b90\"},\"headline\":\"DIPUTADOS COMIENZA A DEBATIR EL MI\u00c9RCOLES LA PRIVATIZACI\u00d3N DE AEROL\u00cdNEAS EN MEDIO DEL CONFLICTO CON LOS GREMIOS\",\"datePublished\":\"2024-09-23T18:01:36+00:00\",\"mainEntityOfPage\":{\"@id\":\"https:\/\/apuntesdesanluis.com\/index.php\/2024\/09\/23\/diputados-comienza-a-debatir-el-miercoles-la-privatizacion-de-aerolineas-en-medio-del-conflicto-con-los-gremios\/\"},\"wordCount\":211,\"publisher\":{\"@id\":\"https:\/\/apuntesdesanluis.com\/#\/schema\/person\/b55151d52296fcce64d1a72538a70b90\"},\"image\":{\"@id\":\"https:\/\/apuntesdesanluis.com\/index.php\/2024\/09\/23\/diputados-comienza-a-debatir-el-miercoles-la-privatizacion-de-aerolineas-en-medio-del-conflicto-con-los-gremios\/#primaryimage\"},\"thumbnailUrl\":\"https:\/\/apuntesdesanluis.com\/wp-content\/uploads\/2024\/09\/AEROLINEAS.png\",\"articleSection\":[\"Nacionales\/Internacionales\"],\"inLanguage\":\"es-AR\"},{\"@type\":\"WebPage\",\"@id\":\"https:\/\/apuntesdesanluis.com\/index.php\/2024\/09\/23\/diputados-comienza-a-debatir-el-miercoles-la-privatizacion-de-aerolineas-en-medio-del-conflicto-con-los-gremios\/\",\"url\":\"https:\/\/apuntesdesanluis.com\/index.php\/2024\/09\/23\/diputados-comienza-a-debatir-el-miercoles-la-privatizacion-de-aerolineas-en-medio-del-conflicto-con-los-gremios\/\",\"name\":\"DIPUTADOS COMIENZA A DEBATIR EL MI\u00c9RCOLES LA PRIVATIZACI\u00d3N DE AEROL\u00cdNEAS EN MEDIO DEL CONFLICTO CON LOS GREMIOS - Apuntes de San Luis\",\"isPartOf\":{\"@id\":\"https:\/\/apuntesdesanluis.com\/#website\"},\"primaryImageOfPage\":{\"@id\":\"https:\/\/apuntesdesanluis.com\/index.php\/2024\/09\/23\/diputados-comienza-a-debatir-el-miercoles-la-privatizacion-de-aerolineas-en-medio-del-conflicto-con-los-gremios\/#primaryimage\"},\"image\":{\"@id\":\"https:\/\/apuntesdesanluis.com\/index.php\/2024\/09\/23\/diputados-comienza-a-debatir-el-miercoles-la-privatizacion-de-aerolineas-en-medio-del-conflicto-con-los-gremios\/#primaryimage\"},\"thumbnailUrl\":\"https:\/\/apuntesdesanluis.com\/wp-content\/uploads\/2024\/09\/AEROLINEAS.png\",\"datePublished\":\"2024-09-23T18:01:36+00:00\",\"breadcrumb\":{\"@id\":\"https:\/\/apuntesdesanluis.com\/index.php\/2024\/09\/23\/diputados-comienza-a-debatir-el-miercoles-la-privatizacion-de-aerolineas-en-medio-del-conflicto-con-los-gremios\/#breadcrumb\"},\"inLanguage\":\"es-AR\",\"potentialAction\":[{\"@type\":\"ReadAction\",\"target\":[\"https:\/\/apuntesdesanluis.com\/index.php\/2024\/09\/23\/diputados-comienza-a-debatir-el-miercoles-la-privatizacion-de-aerolineas-en-medio-del-conflicto-con-los-gremios\/\"]}]},{\"@type\":\"ImageObject\",\"inLanguage\":\"es-AR\",\"@id\":\"https:\/\/apuntesdesanluis.com\/index.php\/2024\/09\/23\/diputados-comienza-a-debatir-el-miercoles-la-privatizacion-de-aerolineas-en-medio-del-conflicto-con-los-gremios\/#primaryimage\",\"url\":\"https:\/\/apuntesdesanluis.com\/wp-content\/uploads\/2024\/09\/AEROLINEAS.png\",\"contentUrl\":\"https:\/\/apuntesdesanluis.com\/wp-content\/uploads\/2024\/09\/AEROLINEAS.png\",\"width\":715,\"height\":434},{\"@type\":\"BreadcrumbList\",\"@id\":\"https:\/\/apuntesdesanluis.com\/index.php\/2024\/09\/23\/diputados-comienza-a-debatir-el-miercoles-la-privatizacion-de-aerolineas-en-medio-del-conflicto-con-los-gremios\/#breadcrumb\",\"itemListElement\":[{\"@type\":\"ListItem\",\"position\":1,\"name\":\"Inicio\",\"item\":\"https:\/\/apuntesdesanluis.com\/\"},{\"@type\":\"ListItem\",\"position\":2,\"name\":\"DIPUTADOS COMIENZA A DEBATIR EL MI\u00c9RCOLES LA PRIVATIZACI\u00d3N DE AEROL\u00cdNEAS EN MEDIO DEL CONFLICTO CON LOS GREMIOS\"}]},{\"@type\":\"WebSite\",\"@id\":\"https:\/\/apuntesdesanluis.com\/#website\",\"url\":\"https:\/\/apuntesdesanluis.com\/\",\"name\":\"Apuntes de San Luis\",\"description\":\"\",\"publisher\":{\"@id\":\"https:\/\/apuntesdesanluis.com\/#\/schema\/person\/b55151d52296fcce64d1a72538a70b90\"},\"potentialAction\":[{\"@type\":\"SearchAction\",\"target\":{\"@type\":\"EntryPoint\",\"urlTemplate\":\"https:\/\/apuntesdesanluis.com\/?s={search_term_string}\"},\"query-input\":{\"@type\":\"PropertyValueSpecification\",\"valueRequired\":true,\"valueName\":\"search_term_string\"}}],\"inLanguage\":\"es-AR\"},{\"@type\":[\"Person\",\"Organization\"],\"@id\":\"https:\/\/apuntesdesanluis.com\/#\/schema\/person\/b55151d52296fcce64d1a72538a70b90\",\"name\":\"apuntesdesanluis.com\",\"image\":{\"@type\":\"ImageObject\",\"inLanguage\":\"es-AR\",\"@id\":\"https:\/\/apuntesdesanluis.com\/#\/schema\/person\/image\/\",\"url\":\"https:\/\/apuntesdesanluis.com\/wp-content\/uploads\/2023\/07\/cropped-apuntesdesanluis.png\",\"contentUrl\":\"https:\/\/apuntesdesanluis.com\/wp-content\/uploads\/2023\/07\/cropped-apuntesdesanluis.png\",\"width\":450,\"height\":112,\"caption\":\"apuntesdesanluis.com\"},\"logo\":{\"@id\":\"https:\/\/apuntesdesanluis.com\/#\/schema\/person\/image\/\"},\"sameAs\":[\"https:\/\/apuntesdesanluis.com\"],\"url\":\"https:\/\/apuntesdesanluis.com\/index.php\/author\/apuntesdesanluis-com\/\"}]}<\/script>\n<!-- \/ Yoast SEO plugin. -->","yoast_head_json":{"title":"DIPUTADOS COMIENZA A DEBATIR EL MI\u00c9RCOLES LA PRIVATIZACI\u00d3N DE AEROL\u00cdNEAS EN MEDIO DEL CONFLICTO CON LOS GREMIOS - Apuntes de San Luis","robots":{"index":"index","follow":"follow","max-snippet":"max-snippet:-1","max-image-preview":"max-image-preview:large","max-video-preview":"max-video-preview:-1"},"canonical":"https:\/\/apuntesdesanluis.com\/index.php\/2024\/09\/23\/diputados-comienza-a-debatir-el-miercoles-la-privatizacion-de-aerolineas-en-medio-del-conflicto-con-los-gremios\/","og_locale":"es_ES","og_type":"article","og_title":"DIPUTADOS COMIENZA A DEBATIR EL MI\u00c9RCOLES LA PRIVATIZACI\u00d3N DE AEROL\u00cdNEAS EN MEDIO DEL CONFLICTO CON LOS GREMIOS - Apuntes de San Luis","og_description":"El oficialismo cit\u00f3 para este mi\u00e9rcoles a las 11 a un plenario de las comisiones...","og_url":"https:\/\/apuntesdesanluis.com\/index.php\/2024\/09\/23\/diputados-comienza-a-debatir-el-miercoles-la-privatizacion-de-aerolineas-en-medio-del-conflicto-con-los-gremios\/","og_site_name":"Apuntes de San Luis","article_published_time":"2024-09-23T18:01:36+00:00","og_image":[{"width":715,"height":434,"url":"https:\/\/apuntesdesanluis.com\/wp-content\/uploads\/2024\/09\/AEROLINEAS.png","type":"image\/png"}],"author":"apuntesdesanluis.com","twitter_card":"summary_large_image","twitter_misc":{"Escrito por":"apuntesdesanluis.com","Tiempo de lectura":"1 minuto"},"schema":{"@context":"https:\/\/schema.org","@graph":[{"@type":"Article","@id":"https:\/\/apuntesdesanluis.com\/index.php\/2024\/09\/23\/diputados-comienza-a-debatir-el-miercoles-la-privatizacion-de-aerolineas-en-medio-del-conflicto-con-los-gremios\/#article","isPartOf":{"@id":"https:\/\/apuntesdesanluis.com\/index.php\/2024\/09\/23\/diputados-comienza-a-debatir-el-miercoles-la-privatizacion-de-aerolineas-en-medio-del-conflicto-con-los-gremios\/"},"author":{"name":"apuntesdesanluis.com","@id":"https:\/\/apuntesdesanluis.com\/#\/schema\/person\/b55151d52296fcce64d1a72538a70b90"},"headline":"DIPUTADOS COMIENZA A DEBATIR EL MI\u00c9RCOLES LA PRIVATIZACI\u00d3N DE AEROL\u00cdNEAS EN MEDIO DEL CONFLICTO CON LOS GREMIOS","datePublished":"2024-09-23T18:01:36+00:00","mainEntityOfPage":{"@id":"https:\/\/apuntesdesanluis.com\/index.php\/2024\/09\/23\/diputados-comienza-a-debatir-el-miercoles-la-privatizacion-de-aerolineas-en-medio-del-conflicto-con-los-gremios\/"},"wordCount":211,"publisher":{"@id":"https:\/\/apuntesdesanluis.com\/#\/schema\/person\/b55151d52296fcce64d1a72538a70b90"},"image":{"@id":"https:\/\/apuntesdesanluis.com\/index.php\/2024\/09\/23\/diputados-comienza-a-debatir-el-miercoles-la-privatizacion-de-aerolineas-en-medio-del-conflicto-con-los-gremios\/#primaryimage"},"thumbnailUrl":"https:\/\/apuntesdesanluis.com\/wp-content\/uploads\/2024\/09\/AEROLINEAS.png","articleSection":["Nacionales\/Internacionales"],"inLanguage":"es-AR"},{"@type":"WebPage","@id":"https:\/\/apuntesdesanluis.com\/index.php\/2024\/09\/23\/diputados-comienza-a-debatir-el-miercoles-la-privatizacion-de-aerolineas-en-medio-del-conflicto-con-los-gremios\/","url":"https:\/\/apuntesdesanluis.com\/index.php\/2024\/09\/23\/diputados-comienza-a-debatir-el-miercoles-la-privatizacion-de-aerolineas-en-medio-del-conflicto-con-los-gremios\/","name":"DIPUTADOS COMIENZA A DEBATIR EL MI\u00c9RCOLES LA PRIVATIZACI\u00d3N DE AEROL\u00cdNEAS EN MEDIO DEL CONFLICTO CON LOS GREMIOS - Apuntes de San Luis","isPartOf":{"@id":"https:\/\/apuntesdesanluis.com\/#website"},"primaryImageOfPage":{"@id":"https:\/\/apuntesdesanluis.com\/index.php\/2024\/09\/23\/diputados-comienza-a-debatir-el-miercoles-la-privatizacion-de-aerolineas-en-medio-del-conflicto-con-los-gremios\/#primaryimage"},"image":{"@id":"https:\/\/apuntesdesanluis.com\/index.php\/2024\/09\/23\/diputados-comienza-a-debatir-el-miercoles-la-privatizacion-de-aerolineas-en-medio-del-conflicto-con-los-gremios\/#primaryimage"},"thumbnailUrl":"https:\/\/apuntesdesanluis.com\/wp-content\/uploads\/2024\/09\/AEROLINEAS.png","datePublished":"2024-09-23T18:01:36+00:00","breadcrumb":{"@id":"https:\/\/apuntesdesanluis.com\/index.php\/2024\/09\/23\/diputados-comienza-a-debatir-el-miercoles-la-privatizacion-de-aerolineas-en-medio-del-conflicto-con-los-gremios\/#breadcrumb"},"inLanguage":"es-AR","potentialAction":[{"@type":"ReadAction","target":["https:\/\/apuntesdesanluis.com\/index.php\/2024\/09\/23\/diputados-comienza-a-debatir-el-miercoles-la-privatizacion-de-aerolineas-en-medio-del-conflicto-con-los-gremios\/"]}]},{"@type":"ImageObject","inLanguage":"es-AR","@id":"https:\/\/apuntesdesanluis.com\/index.php\/2024\/09\/23\/diputados-comienza-a-debatir-el-miercoles-la-privatizacion-de-aerolineas-en-medio-del-conflicto-con-los-gremios\/#primaryimage","url":"https:\/\/apuntesdesanluis.com\/wp-content\/uploads\/2024\/09\/AEROLINEAS.png","contentUrl":"https:\/\/apuntesdesanluis.com\/wp-content\/uploads\/2024\/09\/AEROLINEAS.png","width":715,"height":434},{"@type":"BreadcrumbList","@id":"https:\/\/apuntesdesanluis.com\/index.php\/2024\/09\/23\/diputados-comienza-a-debatir-el-miercoles-la-privatizacion-de-aerolineas-en-medio-del-conflicto-con-los-gremios\/#breadcrumb","itemListElement":[{"@type":"ListItem","position":1,"name":"Inicio","item":"https:\/\/apuntesdesanluis.com\/"},{"@type":"ListItem","position":2,"name":"DIPUTADOS COMIENZA A DEBATIR EL MI\u00c9RCOLES LA PRIVATIZACI\u00d3N DE AEROL\u00cdNEAS EN MEDIO DEL CONFLICTO CON LOS GREMIOS"}]},{"@type":"WebSite","@id":"https:\/\/apuntesdesanluis.com\/#website","url":"https:\/\/apuntesdesanluis.com\/","name":"Apuntes de San Luis","description":"","publisher":{"@id":"https:\/\/apuntesdesanluis.com\/#\/schema\/person\/b55151d52296fcce64d1a72538a70b90"},"potentialAction":[{"@type":"SearchAction","target":{"@type":"EntryPoint","urlTemplate":"https:\/\/apuntesdesanluis.com\/?s={search_term_string}"},"query-input":{"@type":"PropertyValueSpecification","valueRequired":true,"valueName":"search_term_string"}}],"inLanguage":"es-AR"},{"@type":["Person","Organization"],"@id":"https:\/\/apuntesdesanluis.com\/#\/schema\/person\/b55151d52296fcce64d1a72538a70b90","name":"apuntesdesanluis.com","image":{"@type":"ImageObject","inLanguage":"es-AR","@id":"https:\/\/apuntesdesanluis.com\/#\/schema\/person\/image\/","url":"https:\/\/apuntesdesanluis.com\/wp-content\/uploads\/2023\/07\/cropped-apuntesdesanluis.png","contentUrl":"https:\/\/apuntesdesanluis.com\/wp-content\/uploads\/2023\/07\/cropped-apuntesdesanluis.png","width":450,"height":112,"caption":"apuntesdesanluis.com"},"logo":{"@id":"https:\/\/apuntesdesanluis.com\/#\/schema\/person\/image\/"},"sameAs":["https:\/\/apuntesdesanluis.com"],"url":"https:\/\/apuntesdesanluis.com\/index.php\/author\/apuntesdesanluis-com\/"}]}},"featured_image_urls":{"full":["https:\/\/apuntesdesanluis.com\/wp-content\/uploads\/2024\/09\/AEROLINEAS.png",715,434,false],"thumbnail":["https:\/\/apuntesdesanluis.com\/wp-content\/uploads\/2024\/09\/AEROLINEAS-150x150.png",150,150,true],"medium":["https:\/\/apuntesdesanluis.com\/wp-content\/uploads\/2024\/09\/AEROLINEAS-300x182.png",300,182,true],"medium_large":["https:\/\/apuntesdesanluis.com\/wp-content\/uploads\/2024\/09\/AEROLINEAS.png",640,388,false],"large":["https:\/\/apuntesdesanluis.com\/wp-content\/uploads\/2024\/09\/AEROLINEAS.png",640,388,false],"1536x1536":["https:\/\/apuntesdesanluis.com\/wp-content\/uploads\/2024\/09\/AEROLINEAS.png",715,434,false],"2048x2048":["https:\/\/apuntesdesanluis.com\/wp-content\/uploads\/2024\/09\/AEROLINEAS.png",715,434,false],"newsever-slider-full":["https:\/\/apuntesdesanluis.com\/wp-content\/uploads\/2024\/09\/AEROLINEAS.png",715,434,false],"newsever-featured":["https:\/\/apuntesdesanluis.com\/wp-content\/uploads\/2024\/09\/AEROLINEAS.png",715,434,false],"newsever-medium":["https:\/\/apuntesdesanluis.com\/wp-content\/uploads\/2024\/09\/AEROLINEAS.png",715,434,false]},"author_info":{"display_name":"apuntesdesanluis.com","author_link":"https:\/\/apuntesdesanluis.com\/index.php\/author\/apuntesdesanluis-com\/"},"category_info":"<a href=\"https:\/\/apuntesdesanluis.com\/index.php\/category\/nacionales-internacionales\/\" rel=\"category tag\">Nacionales\/Internacionales<\/a>","tag_info":"Nacionales\/Internacionales","comment_count":"0","_links":{"self":[{"href":"https:\/\/apuntesdesanluis.com\/index.php\/wp-json\/wp\/v2\/posts\/22759","targetHints":{"allow":["GET"]}}],"collection":[{"href":"https:\/\/apuntesdesanluis.com\/index.php\/wp-json\/wp\/v2\/posts"}],"about":[{"href":"https:\/\/apuntesdesanluis.com\/index.php\/wp-json\/wp\/v2\/types\/post"}],"author":[{"embeddable":true,"href":"https:\/\/apuntesdesanluis.com\/index.php\/wp-json\/wp\/v2\/users\/1"}],"replies":[{"embeddable":true,"href":"https:\/\/apuntesdesanluis.com\/index.php\/wp-json\/wp\/v2\/comments?post=22759"}],"version-history":[{"count":1,"href":"https:\/\/apuntesdesanluis.com\/index.php\/wp-json\/wp\/v2\/posts\/22759\/revisions"}],"predecessor-version":[{"id":22761,"href":"https:\/\/apuntesdesanluis.com\/index.php\/wp-json\/wp\/v2\/posts\/22759\/revisions\/22761"}],"wp:featuredmedia":[{"embeddable":true,"href":"https:\/\/apuntesdesanluis.com\/index.php\/wp-json\/wp\/v2\/media\/22760"}],"wp:attachment":[{"href":"https:\/\/apuntesdesanluis.com\/index.php\/wp-json\/wp\/v2\/media?parent=22759"}],"wp:term":[{"taxonomy":"category","embeddable":true,"href":"https:\/\/apuntesdesanluis.com\/index.php\/wp-json\/wp\/v2\/categories?post=22759"},{"taxonomy":"post_tag","embeddable":true,"href":"https:\/\/apuntesdesanluis.com\/index.php\/wp-json\/wp\/v2\/tags?post=22759"}],"curies":[{"name":"wp","href":"https:\/\/api.w.org\/{rel}","templated":true}]}}