{"id":22762,"date":"2024-09-23T15:06:10","date_gmt":"2024-09-23T18:06:10","guid":{"rendered":"https:\/\/apuntesdesanluis.com\/?p=22762"},"modified":"2024-09-23T15:06:10","modified_gmt":"2024-09-23T18:06:10","slug":"milei-toco-la-campana-en-wall-street-no-estoy-dispuesto-a-sacrificar-el-deficit-fiscal","status":"publish","type":"post","link":"https:\/\/apuntesdesanluis.com\/index.php\/2024\/09\/23\/milei-toco-la-campana-en-wall-street-no-estoy-dispuesto-a-sacrificar-el-deficit-fiscal\/","title":{"rendered":"MILEI TOC\u00d3 LA CAMPANA EN WALL STREET: \u201cNO ESTOY DISPUESTO A SACRIFICAR EL D\u00c9FICIT FISCAL\u201d"},"content":{"rendered":"<h3>El Presidente hizo sonar la campana que da lugar a la apertura de la jornada burs\u00e1til en la Bolsa de Valores en Nueva York, e insisti\u00f3 en que liberar\u00e1 el cepo &#8220;cuando la tasa de inflaci\u00f3n sea cero\u201d.<\/h3>\n<h3>El presidente Javier Milei disert\u00f3 ante inversores tras la apertura de la jornada burs\u00e1til en la Bolsa de Valores en Nueva York, desde donde asegur\u00f3 que no est\u00e1 &#8220;dispuesto a sacrificar el d\u00e9ficit fiscal\u201d.<\/h3>\n<h3>\u201cAl momento de arribar al gobierno, la Argentina estaba al borde de lo que hubiera sido la peor crisis de su historia y combinaba los elementos de las tres m\u00e1s grandes crisis de la historia argentina\u201d, plante\u00f3 luego de hacer sonar la campana en Wall Street que da inicio a las operaciones.<\/h3>\n<h3>Asimismo, ante la mirada atenta de inversores que grababan su exposici\u00f3n destac\u00f3 que su gesti\u00f3n radicaliz\u00f3 \u201cel corte de la emisi\u00f3n monetaria\u201d, y plante\u00f3 que &#8220;ahora la inflaci\u00f3n mayorista es del 2,1% mensual\u201d.<\/h3>\n<h3>\u00a0\u201cPor eso, (el ministro de Econom\u00eda, Luis) Caputo va a ser recordado como el mejor ministro de econom\u00eda de la historia&#8221;, subray\u00f3 al tiempo que prometi\u00f3 \u201cdomar la inflaci\u00f3n\u201d. &#8220;Eso est\u00e1 en marcha\u201d, aclar\u00f3.<\/h3>\n<h3>El mandatario tambi\u00e9n hizo alusi\u00f3n a la salida del cepo, una de sus promesas, al plantear que \u201ccuando la inflaci\u00f3n inducida por el programa dado por control de capitales desaparezca\u201d, la Argentina saldr\u00e1 del cepo \u201csin ning\u00fan tipo de problemas\u201d, debido a que &#8220;no tendr\u00e1n balas para cargar las armas que puedan tirar la estabilidad macroecon\u00f3mica\u201d.<\/h3>\n<h3>\u201cEl cepo lo vamos a liberar cuando la tasa de inflaci\u00f3n que tiene el programa macroecon\u00f3mico sea cero\u201d, insisti\u00f3 el libertario.<\/h3>\n<h3>Adem\u00e1s, aclar\u00f3: \u201cA diferencia de todas las otras experiencias que salieron con el tipo de cambio oficial hacia el paralelo, estamos demostrando que se puede hacer desde el paralelo hacia el oficial&#8221;.<\/h3>\n<h3>Para Milei, el d\u00eda que su Gobierno elimine la restricci\u00f3n a la divisa \u201cse cerrar\u00e1 el exceso de demanda de divisas y, por ende, se cerrar\u00e1 el exceso de oferta en el mercado de bonos\u201d, tambi\u00e9n &#8220;habr\u00e1 una expansi\u00f3n adicional de la actividad econ\u00f3mica y tambi\u00e9n se cerrar\u00e1 el exceso de oferta de trabajo\u201d.<\/h3>\n<h3>\u201cCuando decimos que se va a cerrar la brecha desde arriba hacia abajo, lo estamos cumpliendo. Hoy la brecha se est\u00e1 comprimiendo a menos del 10%\u201d, remarc\u00f3 el Presidente y precis\u00f3 que ese d\u00eda llegar\u00e1 \u201ccuando ya no haya ning\u00fan riesgo de desestabilizaci\u00f3n, cuando el exceso de pesos en la econom\u00eda haya desaparecido por completo\u201d. &#8220;El levantamiento del cepo va a permitir que el pa\u00eds acelere la acumulaci\u00f3n de capital, lo que llevar\u00e1 a una expansi\u00f3n econ\u00f3mica, mayor empleo y mejores salarios\u201d, concluy\u00f3 el mandatario.<\/h3>\n<h3>El jefe de Estado fue recibido por la Presidenta de la Bolsa de Valores de Nueva York, Lynn Martin, y se mostr\u00f3 acompa\u00f1ado por la secretaria General de la Presidencia, Karina Milei; el ministro de Econom\u00eda, Luis Caputo; la ministra de Seguridad, Patricia Bullrich; la canciller, Diana Mondino; y el embajador de la Argentina ante los Estados Unidos, Gerardo Werthein.<\/h3>\n<h3><img fetchpriority=\"high\" decoding=\"async\" class=\"wp-image-22764 aligncenter\" src=\"https:\/\/apuntesdesanluis.com\/wp-content\/uploads\/2024\/09\/MILEI-Y-LOS-NEGOCIOS-300x212.png\" alt=\"\" width=\"689\" height=\"487\" srcset=\"https:\/\/apuntesdesanluis.com\/wp-content\/uploads\/2024\/09\/MILEI-Y-LOS-NEGOCIOS-300x212.png 300w, https:\/\/apuntesdesanluis.com\/wp-content\/uploads\/2024\/09\/MILEI-Y-LOS-NEGOCIOS.png 666w\" sizes=\"(max-width: 689px) 100vw, 689px\" \/><\/h3>\n<h3><strong>LA DEFENSA A LA POL\u00cdTICA SOCIAL<\/strong><\/h3>\n<h3>En otro pasaje de su exposici\u00f3n, Milei se hizo eco de las cr\u00edticas a la pol\u00edtica social de su administraci\u00f3n y destac\u00f3 la tarea de alguno de sus ministros.<\/h3>\n<h3>\u201cMuchos me cuestionan la pol\u00edtica social. Dicen que no tenemos coraz\u00f3n, yo dir\u00eda que no tienen cerebro los que hacen ese comentario\u201d, sentenci\u00f3 en lo que puede ser interpretado como una respuesta a los recientes cuestionamientos del Papa Francisco.<\/h3>\n<h3>El libertario celebr\u00f3 el protocolo de seguridad que dise\u00f1\u00f3 e impuls\u00f3 la ministra de Seguridad, Patricia Bullrich, al remarcar que se cumplen \u201ccuatro meses sin que haya un piquete\u201d, pese a que el Sumo Pont\u00edfice rechaz\u00f3 el uso del gas pimienta contra los manifestantes.<\/h3>\n<h3>Tambi\u00e9n hubo elogios para el jefe de gabinete, Guillermo Francos, por su articulaci\u00f3n con el Congreso y por \u201cconseguir tama\u00f1os resultados en las reformas\u201d, y para el ministro de Desregulaci\u00f3n y Transformaci\u00f3n del Estado, Federico Sturzenegger, al que mencion\u00f3 como \u201cotro grandioso ministro\u201d.<\/h3>\n<p><img decoding=\"async\" class=\"wp-image-22765 aligncenter\" src=\"https:\/\/apuntesdesanluis.com\/wp-content\/uploads\/2024\/09\/MILEI-EN-WALT-STREET-300x185.png\" alt=\"\" width=\"637\" height=\"393\" srcset=\"https:\/\/apuntesdesanluis.com\/wp-content\/uploads\/2024\/09\/MILEI-EN-WALT-STREET-300x185.png 300w, https:\/\/apuntesdesanluis.com\/wp-content\/uploads\/2024\/09\/MILEI-EN-WALT-STREET.png 730w\" sizes=\"(max-width: 637px) 100vw, 637px\" \/><\/p>\n<h3>\u201cLo vamos a dar todo para ser el pa\u00eds m\u00e1s libre del mundo\u201d, confes\u00f3, y agreg\u00f3: \u201cLo que necesitamos es coraje, y si hay algo que me sobra es coraje\u201d.<\/h3>\n<h3>Por \u00faltimo, y antes de cerrar con su habitual \u201cViva la Libertad, Carajo\u201d, afirm\u00f3 que \u201cla Argentina se est\u00e1 poniendo de pie, abrazando las ideas de la libertad\u201d y resalt\u00f3 su compromiso de protagonizar \u201cel mejor gobierno de la historia\u201d. &#8220;Queremos ser un faro de luz para que dejen las ideas socialistas\u201d, concluy\u00f3.<\/h3>\n<h3>En su sexta visita a Estados Unidos, el mandatario tiene previsto entrevistarse este mediod\u00eda por tercera vez con el Director Ejecutivo de Tesla, Elon Musk, luego de sus intercambios en Texas, en la f\u00e1brica de Tesla, y en Los \u00c1ngeles, en el marco del encuentro convocado por el Instituto Blinken.<\/h3>\n<h3>La jornada concluir\u00e1 con un encuentro con el Consejo de Relaciones Exteriores de Estados Unidos. All\u00ed se espera que tome la palabra en un extenso discurso que durar\u00e1 en torno a los setenta y cinco minutos.<\/h3>\n<p>&nbsp;<\/p>\n<p>&nbsp;<\/p>\n<p>&nbsp;<\/p>\n","protected":false},"excerpt":{"rendered":"<p>El Presidente hizo sonar la campana que da lugar a la apertura de la jornada&#8230;<\/p>\n","protected":false},"author":1,"featured_media":22763,"comment_status":"closed","ping_status":"closed","sticky":false,"template":"","format":"standard","meta":{"footnotes":""},"categories":[5],"tags":[],"class_list":["post-22762","post","type-post","status-publish","format-standard","has-post-thumbnail","hentry","category-nacionales-internacionales"],"yoast_head":"<!-- This site is optimized with the Yoast SEO plugin v26.1.1 - https:\/\/yoast.com\/wordpress\/plugins\/seo\/ -->\n<title>MILEI TOC\u00d3 LA CAMPANA EN WALL STREET: \u201cNO ESTOY DISPUESTO A SACRIFICAR EL D\u00c9FICIT FISCAL\u201d - Apuntes de San Luis<\/title>\n<meta name=\"robots\" content=\"index, follow, max-snippet:-1, max-image-preview:large, max-video-preview:-1\" \/>\n<link rel=\"canonical\" href=\"https:\/\/apuntesdesanluis.com\/index.php\/2024\/09\/23\/milei-toco-la-campana-en-wall-street-no-estoy-dispuesto-a-sacrificar-el-deficit-fiscal\/\" \/>\n<meta property=\"og:locale\" content=\"es_ES\" \/>\n<meta property=\"og:type\" content=\"article\" \/>\n<meta property=\"og:title\" content=\"MILEI TOC\u00d3 LA CAMPANA EN WALL STREET: \u201cNO ESTOY DISPUESTO A SACRIFICAR EL D\u00c9FICIT FISCAL\u201d - Apuntes de San Luis\" \/>\n<meta property=\"og:description\" content=\"El Presidente hizo sonar la campana que da lugar a la apertura de la jornada...\" \/>\n<meta property=\"og:url\" content=\"https:\/\/apuntesdesanluis.com\/index.php\/2024\/09\/23\/milei-toco-la-campana-en-wall-street-no-estoy-dispuesto-a-sacrificar-el-deficit-fiscal\/\" \/>\n<meta property=\"og:site_name\" content=\"Apuntes de San Luis\" \/>\n<meta property=\"article:published_time\" content=\"2024-09-23T18:06:10+00:00\" \/>\n<meta property=\"og:image\" content=\"https:\/\/apuntesdesanluis.com\/wp-content\/uploads\/2024\/09\/MILEI-TOCANDO-LA-CAMPANA.png\" \/>\n\t<meta property=\"og:image:width\" content=\"741\" \/>\n\t<meta property=\"og:image:height\" content=\"481\" \/>\n\t<meta property=\"og:image:type\" content=\"image\/png\" \/>\n<meta name=\"author\" content=\"apuntesdesanluis.com\" \/>\n<meta name=\"twitter:card\" content=\"summary_large_image\" \/>\n<meta name=\"twitter:label1\" content=\"Escrito por\" \/>\n\t<meta name=\"twitter:data1\" content=\"apuntesdesanluis.com\" \/>\n\t<meta name=\"twitter:label2\" content=\"Tiempo de lectura\" \/>\n\t<meta name=\"twitter:data2\" content=\"5 minutos\" \/>\n<script type=\"application\/ld+json\" class=\"yoast-schema-graph\">{\"@context\":\"https:\/\/schema.org\",\"@graph\":[{\"@type\":\"Article\",\"@id\":\"https:\/\/apuntesdesanluis.com\/index.php\/2024\/09\/23\/milei-toco-la-campana-en-wall-street-no-estoy-dispuesto-a-sacrificar-el-deficit-fiscal\/#article\",\"isPartOf\":{\"@id\":\"https:\/\/apuntesdesanluis.com\/index.php\/2024\/09\/23\/milei-toco-la-campana-en-wall-street-no-estoy-dispuesto-a-sacrificar-el-deficit-fiscal\/\"},\"author\":{\"name\":\"apuntesdesanluis.com\",\"@id\":\"https:\/\/apuntesdesanluis.com\/#\/schema\/person\/b55151d52296fcce64d1a72538a70b90\"},\"headline\":\"MILEI TOC\u00d3 LA CAMPANA EN WALL STREET: \u201cNO ESTOY DISPUESTO A SACRIFICAR EL D\u00c9FICIT FISCAL\u201d\",\"datePublished\":\"2024-09-23T18:06:10+00:00\",\"mainEntityOfPage\":{\"@id\":\"https:\/\/apuntesdesanluis.com\/index.php\/2024\/09\/23\/milei-toco-la-campana-en-wall-street-no-estoy-dispuesto-a-sacrificar-el-deficit-fiscal\/\"},\"wordCount\":901,\"publisher\":{\"@id\":\"https:\/\/apuntesdesanluis.com\/#\/schema\/person\/b55151d52296fcce64d1a72538a70b90\"},\"image\":{\"@id\":\"https:\/\/apuntesdesanluis.com\/index.php\/2024\/09\/23\/milei-toco-la-campana-en-wall-street-no-estoy-dispuesto-a-sacrificar-el-deficit-fiscal\/#primaryimage\"},\"thumbnailUrl\":\"https:\/\/apuntesdesanluis.com\/wp-content\/uploads\/2024\/09\/MILEI-TOCANDO-LA-CAMPANA.png\",\"articleSection\":[\"Nacionales\/Internacionales\"],\"inLanguage\":\"es-AR\"},{\"@type\":\"WebPage\",\"@id\":\"https:\/\/apuntesdesanluis.com\/index.php\/2024\/09\/23\/milei-toco-la-campana-en-wall-street-no-estoy-dispuesto-a-sacrificar-el-deficit-fiscal\/\",\"url\":\"https:\/\/apuntesdesanluis.com\/index.php\/2024\/09\/23\/milei-toco-la-campana-en-wall-street-no-estoy-dispuesto-a-sacrificar-el-deficit-fiscal\/\",\"name\":\"MILEI TOC\u00d3 LA CAMPANA EN WALL STREET: \u201cNO ESTOY DISPUESTO A SACRIFICAR EL D\u00c9FICIT FISCAL\u201d - Apuntes de San Luis\",\"isPartOf\":{\"@id\":\"https:\/\/apuntesdesanluis.com\/#website\"},\"primaryImageOfPage\":{\"@id\":\"https:\/\/apuntesdesanluis.com\/index.php\/2024\/09\/23\/milei-toco-la-campana-en-wall-street-no-estoy-dispuesto-a-sacrificar-el-deficit-fiscal\/#primaryimage\"},\"image\":{\"@id\":\"https:\/\/apuntesdesanluis.com\/index.php\/2024\/09\/23\/milei-toco-la-campana-en-wall-street-no-estoy-dispuesto-a-sacrificar-el-deficit-fiscal\/#primaryimage\"},\"thumbnailUrl\":\"https:\/\/apuntesdesanluis.com\/wp-content\/uploads\/2024\/09\/MILEI-TOCANDO-LA-CAMPANA.png\",\"datePublished\":\"2024-09-23T18:06:10+00:00\",\"breadcrumb\":{\"@id\":\"https:\/\/apuntesdesanluis.com\/index.php\/2024\/09\/23\/milei-toco-la-campana-en-wall-street-no-estoy-dispuesto-a-sacrificar-el-deficit-fiscal\/#breadcrumb\"},\"inLanguage\":\"es-AR\",\"potentialAction\":[{\"@type\":\"ReadAction\",\"target\":[\"https:\/\/apuntesdesanluis.com\/index.php\/2024\/09\/23\/milei-toco-la-campana-en-wall-street-no-estoy-dispuesto-a-sacrificar-el-deficit-fiscal\/\"]}]},{\"@type\":\"ImageObject\",\"inLanguage\":\"es-AR\",\"@id\":\"https:\/\/apuntesdesanluis.com\/index.php\/2024\/09\/23\/milei-toco-la-campana-en-wall-street-no-estoy-dispuesto-a-sacrificar-el-deficit-fiscal\/#primaryimage\",\"url\":\"https:\/\/apuntesdesanluis.com\/wp-content\/uploads\/2024\/09\/MILEI-TOCANDO-LA-CAMPANA.png\",\"contentUrl\":\"https:\/\/apuntesdesanluis.com\/wp-content\/uploads\/2024\/09\/MILEI-TOCANDO-LA-CAMPANA.png\",\"width\":741,\"height\":481},{\"@type\":\"BreadcrumbList\",\"@id\":\"https:\/\/apuntesdesanluis.com\/index.php\/2024\/09\/23\/milei-toco-la-campana-en-wall-street-no-estoy-dispuesto-a-sacrificar-el-deficit-fiscal\/#breadcrumb\",\"itemListElement\":[{\"@type\":\"ListItem\",\"position\":1,\"name\":\"Inicio\",\"item\":\"https:\/\/apuntesdesanluis.com\/\"},{\"@type\":\"ListItem\",\"position\":2,\"name\":\"MILEI TOC\u00d3 LA CAMPANA EN WALL STREET: \u201cNO ESTOY DISPUESTO A SACRIFICAR EL D\u00c9FICIT FISCAL\u201d\"}]},{\"@type\":\"WebSite\",\"@id\":\"https:\/\/apuntesdesanluis.com\/#website\",\"url\":\"https:\/\/apuntesdesanluis.com\/\",\"name\":\"Apuntes de San Luis\",\"description\":\"\",\"publisher\":{\"@id\":\"https:\/\/apuntesdesanluis.com\/#\/schema\/person\/b55151d52296fcce64d1a72538a70b90\"},\"potentialAction\":[{\"@type\":\"SearchAction\",\"target\":{\"@type\":\"EntryPoint\",\"urlTemplate\":\"https:\/\/apuntesdesanluis.com\/?s={search_term_string}\"},\"query-input\":{\"@type\":\"PropertyValueSpecification\",\"valueRequired\":true,\"valueName\":\"search_term_string\"}}],\"inLanguage\":\"es-AR\"},{\"@type\":[\"Person\",\"Organization\"],\"@id\":\"https:\/\/apuntesdesanluis.com\/#\/schema\/person\/b55151d52296fcce64d1a72538a70b90\",\"name\":\"apuntesdesanluis.com\",\"image\":{\"@type\":\"ImageObject\",\"inLanguage\":\"es-AR\",\"@id\":\"https:\/\/apuntesdesanluis.com\/#\/schema\/person\/image\/\",\"url\":\"https:\/\/apuntesdesanluis.com\/wp-content\/uploads\/2023\/07\/cropped-apuntesdesanluis.png\",\"contentUrl\":\"https:\/\/apuntesdesanluis.com\/wp-content\/uploads\/2023\/07\/cropped-apuntesdesanluis.png\",\"width\":450,\"height\":112,\"caption\":\"apuntesdesanluis.com\"},\"logo\":{\"@id\":\"https:\/\/apuntesdesanluis.com\/#\/schema\/person\/image\/\"},\"sameAs\":[\"https:\/\/apuntesdesanluis.com\"],\"url\":\"https:\/\/apuntesdesanluis.com\/index.php\/author\/apuntesdesanluis-com\/\"}]}<\/script>\n<!-- \/ Yoast SEO plugin. -->","yoast_head_json":{"title":"MILEI TOC\u00d3 LA CAMPANA EN WALL STREET: \u201cNO ESTOY DISPUESTO A SACRIFICAR EL D\u00c9FICIT FISCAL\u201d - Apuntes de San Luis","robots":{"index":"index","follow":"follow","max-snippet":"max-snippet:-1","max-image-preview":"max-image-preview:large","max-video-preview":"max-video-preview:-1"},"canonical":"https:\/\/apuntesdesanluis.com\/index.php\/2024\/09\/23\/milei-toco-la-campana-en-wall-street-no-estoy-dispuesto-a-sacrificar-el-deficit-fiscal\/","og_locale":"es_ES","og_type":"article","og_title":"MILEI TOC\u00d3 LA CAMPANA EN WALL STREET: \u201cNO ESTOY DISPUESTO A SACRIFICAR EL D\u00c9FICIT FISCAL\u201d - Apuntes de San Luis","og_description":"El Presidente hizo sonar la campana que da lugar a la apertura de la jornada...","og_url":"https:\/\/apuntesdesanluis.com\/index.php\/2024\/09\/23\/milei-toco-la-campana-en-wall-street-no-estoy-dispuesto-a-sacrificar-el-deficit-fiscal\/","og_site_name":"Apuntes de San Luis","article_published_time":"2024-09-23T18:06:10+00:00","og_image":[{"width":741,"height":481,"url":"https:\/\/apuntesdesanluis.com\/wp-content\/uploads\/2024\/09\/MILEI-TOCANDO-LA-CAMPANA.png","type":"image\/png"}],"author":"apuntesdesanluis.com","twitter_card":"summary_large_image","twitter_misc":{"Escrito por":"apuntesdesanluis.com","Tiempo de lectura":"5 minutos"},"schema":{"@context":"https:\/\/schema.org","@graph":[{"@type":"Article","@id":"https:\/\/apuntesdesanluis.com\/index.php\/2024\/09\/23\/milei-toco-la-campana-en-wall-street-no-estoy-dispuesto-a-sacrificar-el-deficit-fiscal\/#article","isPartOf":{"@id":"https:\/\/apuntesdesanluis.com\/index.php\/2024\/09\/23\/milei-toco-la-campana-en-wall-street-no-estoy-dispuesto-a-sacrificar-el-deficit-fiscal\/"},"author":{"name":"apuntesdesanluis.com","@id":"https:\/\/apuntesdesanluis.com\/#\/schema\/person\/b55151d52296fcce64d1a72538a70b90"},"headline":"MILEI TOC\u00d3 LA CAMPANA EN WALL STREET: \u201cNO ESTOY DISPUESTO A SACRIFICAR EL D\u00c9FICIT FISCAL\u201d","datePublished":"2024-09-23T18:06:10+00:00","mainEntityOfPage":{"@id":"https:\/\/apuntesdesanluis.com\/index.php\/2024\/09\/23\/milei-toco-la-campana-en-wall-street-no-estoy-dispuesto-a-sacrificar-el-deficit-fiscal\/"},"wordCount":901,"publisher":{"@id":"https:\/\/apuntesdesanluis.com\/#\/schema\/person\/b55151d52296fcce64d1a72538a70b90"},"image":{"@id":"https:\/\/apuntesdesanluis.com\/index.php\/2024\/09\/23\/milei-toco-la-campana-en-wall-street-no-estoy-dispuesto-a-sacrificar-el-deficit-fiscal\/#primaryimage"},"thumbnailUrl":"https:\/\/apuntesdesanluis.com\/wp-content\/uploads\/2024\/09\/MILEI-TOCANDO-LA-CAMPANA.png","articleSection":["Nacionales\/Internacionales"],"inLanguage":"es-AR"},{"@type":"WebPage","@id":"https:\/\/apuntesdesanluis.com\/index.php\/2024\/09\/23\/milei-toco-la-campana-en-wall-street-no-estoy-dispuesto-a-sacrificar-el-deficit-fiscal\/","url":"https:\/\/apuntesdesanluis.com\/index.php\/2024\/09\/23\/milei-toco-la-campana-en-wall-street-no-estoy-dispuesto-a-sacrificar-el-deficit-fiscal\/","name":"MILEI TOC\u00d3 LA CAMPANA EN WALL STREET: \u201cNO ESTOY DISPUESTO A SACRIFICAR EL D\u00c9FICIT FISCAL\u201d - Apuntes de San Luis","isPartOf":{"@id":"https:\/\/apuntesdesanluis.com\/#website"},"primaryImageOfPage":{"@id":"https:\/\/apuntesdesanluis.com\/index.php\/2024\/09\/23\/milei-toco-la-campana-en-wall-street-no-estoy-dispuesto-a-sacrificar-el-deficit-fiscal\/#primaryimage"},"image":{"@id":"https:\/\/apuntesdesanluis.com\/index.php\/2024\/09\/23\/milei-toco-la-campana-en-wall-street-no-estoy-dispuesto-a-sacrificar-el-deficit-fiscal\/#primaryimage"},"thumbnailUrl":"https:\/\/apuntesdesanluis.com\/wp-content\/uploads\/2024\/09\/MILEI-TOCANDO-LA-CAMPANA.png","datePublished":"2024-09-23T18:06:10+00:00","breadcrumb":{"@id":"https:\/\/apuntesdesanluis.com\/index.php\/2024\/09\/23\/milei-toco-la-campana-en-wall-street-no-estoy-dispuesto-a-sacrificar-el-deficit-fiscal\/#breadcrumb"},"inLanguage":"es-AR","potentialAction":[{"@type":"ReadAction","target":["https:\/\/apuntesdesanluis.com\/index.php\/2024\/09\/23\/milei-toco-la-campana-en-wall-street-no-estoy-dispuesto-a-sacrificar-el-deficit-fiscal\/"]}]},{"@type":"ImageObject","inLanguage":"es-AR","@id":"https:\/\/apuntesdesanluis.com\/index.php\/2024\/09\/23\/milei-toco-la-campana-en-wall-street-no-estoy-dispuesto-a-sacrificar-el-deficit-fiscal\/#primaryimage","url":"https:\/\/apuntesdesanluis.com\/wp-content\/uploads\/2024\/09\/MILEI-TOCANDO-LA-CAMPANA.png","contentUrl":"https:\/\/apuntesdesanluis.com\/wp-content\/uploads\/2024\/09\/MILEI-TOCANDO-LA-CAMPANA.png","width":741,"height":481},{"@type":"BreadcrumbList","@id":"https:\/\/apuntesdesanluis.com\/index.php\/2024\/09\/23\/milei-toco-la-campana-en-wall-street-no-estoy-dispuesto-a-sacrificar-el-deficit-fiscal\/#breadcrumb","itemListElement":[{"@type":"ListItem","position":1,"name":"Inicio","item":"https:\/\/apuntesdesanluis.com\/"},{"@type":"ListItem","position":2,"name":"MILEI TOC\u00d3 LA CAMPANA EN WALL STREET: \u201cNO ESTOY DISPUESTO A SACRIFICAR EL D\u00c9FICIT FISCAL\u201d"}]},{"@type":"WebSite","@id":"https:\/\/apuntesdesanluis.com\/#website","url":"https:\/\/apuntesdesanluis.com\/","name":"Apuntes de San Luis","description":"","publisher":{"@id":"https:\/\/apuntesdesanluis.com\/#\/schema\/person\/b55151d52296fcce64d1a72538a70b90"},"potentialAction":[{"@type":"SearchAction","target":{"@type":"EntryPoint","urlTemplate":"https:\/\/apuntesdesanluis.com\/?s={search_term_string}"},"query-input":{"@type":"PropertyValueSpecification","valueRequired":true,"valueName":"search_term_string"}}],"inLanguage":"es-AR"},{"@type":["Person","Organization"],"@id":"https:\/\/apuntesdesanluis.com\/#\/schema\/person\/b55151d52296fcce64d1a72538a70b90","name":"apuntesdesanluis.com","image":{"@type":"ImageObject","inLanguage":"es-AR","@id":"https:\/\/apuntesdesanluis.com\/#\/schema\/person\/image\/","url":"https:\/\/apuntesdesanluis.com\/wp-content\/uploads\/2023\/07\/cropped-apuntesdesanluis.png","contentUrl":"https:\/\/apuntesdesanluis.com\/wp-content\/uploads\/2023\/07\/cropped-apuntesdesanluis.png","width":450,"height":112,"caption":"apuntesdesanluis.com"},"logo":{"@id":"https:\/\/apuntesdesanluis.com\/#\/schema\/person\/image\/"},"sameAs":["https:\/\/apuntesdesanluis.com"],"url":"https:\/\/apuntesdesanluis.com\/index.php\/author\/apuntesdesanluis-com\/"}]}},"featured_image_urls":{"full":["https:\/\/apuntesdesanluis.com\/wp-content\/uploads\/2024\/09\/MILEI-TOCANDO-LA-CAMPANA.png",741,481,false],"thumbnail":["https:\/\/apuntesdesanluis.com\/wp-content\/uploads\/2024\/09\/MILEI-TOCANDO-LA-CAMPANA-150x150.png",150,150,true],"medium":["https:\/\/apuntesdesanluis.com\/wp-content\/uploads\/2024\/09\/MILEI-TOCANDO-LA-CAMPANA-300x195.png",300,195,true],"medium_large":["https:\/\/apuntesdesanluis.com\/wp-content\/uploads\/2024\/09\/MILEI-TOCANDO-LA-CAMPANA.png",640,415,false],"large":["https:\/\/apuntesdesanluis.com\/wp-content\/uploads\/2024\/09\/MILEI-TOCANDO-LA-CAMPANA.png",640,415,false],"1536x1536":["https:\/\/apuntesdesanluis.com\/wp-content\/uploads\/2024\/09\/MILEI-TOCANDO-LA-CAMPANA.png",741,481,false],"2048x2048":["https:\/\/apuntesdesanluis.com\/wp-content\/uploads\/2024\/09\/MILEI-TOCANDO-LA-CAMPANA.png",741,481,false],"newsever-slider-full":["https:\/\/apuntesdesanluis.com\/wp-content\/uploads\/2024\/09\/MILEI-TOCANDO-LA-CAMPANA.png",741,481,false],"newsever-featured":["https:\/\/apuntesdesanluis.com\/wp-content\/uploads\/2024\/09\/MILEI-TOCANDO-LA-CAMPANA.png",741,481,false],"newsever-medium":["https:\/\/apuntesdesanluis.com\/wp-content\/uploads\/2024\/09\/MILEI-TOCANDO-LA-CAMPANA-720x475.png",720,475,true]},"author_info":{"display_name":"apuntesdesanluis.com","author_link":"https:\/\/apuntesdesanluis.com\/index.php\/author\/apuntesdesanluis-com\/"},"category_info":"<a href=\"https:\/\/apuntesdesanluis.com\/index.php\/category\/nacionales-internacionales\/\" rel=\"category tag\">Nacionales\/Internacionales<\/a>","tag_info":"Nacionales\/Internacionales","comment_count":"0","_links":{"self":[{"href":"https:\/\/apuntesdesanluis.com\/index.php\/wp-json\/wp\/v2\/posts\/22762","targetHints":{"allow":["GET"]}}],"collection":[{"href":"https:\/\/apuntesdesanluis.com\/index.php\/wp-json\/wp\/v2\/posts"}],"about":[{"href":"https:\/\/apuntesdesanluis.com\/index.php\/wp-json\/wp\/v2\/types\/post"}],"author":[{"embeddable":true,"href":"https:\/\/apuntesdesanluis.com\/index.php\/wp-json\/wp\/v2\/users\/1"}],"replies":[{"embeddable":true,"href":"https:\/\/apuntesdesanluis.com\/index.php\/wp-json\/wp\/v2\/comments?post=22762"}],"version-history":[{"count":1,"href":"https:\/\/apuntesdesanluis.com\/index.php\/wp-json\/wp\/v2\/posts\/22762\/revisions"}],"predecessor-version":[{"id":22766,"href":"https:\/\/apuntesdesanluis.com\/index.php\/wp-json\/wp\/v2\/posts\/22762\/revisions\/22766"}],"wp:featuredmedia":[{"embeddable":true,"href":"https:\/\/apuntesdesanluis.com\/index.php\/wp-json\/wp\/v2\/media\/22763"}],"wp:attachment":[{"href":"https:\/\/apuntesdesanluis.com\/index.php\/wp-json\/wp\/v2\/media?parent=22762"}],"wp:term":[{"taxonomy":"category","embeddable":true,"href":"https:\/\/apuntesdesanluis.com\/index.php\/wp-json\/wp\/v2\/categories?post=22762"},{"taxonomy":"post_tag","embeddable":true,"href":"https:\/\/apuntesdesanluis.com\/index.php\/wp-json\/wp\/v2\/tags?post=22762"}],"curies":[{"name":"wp","href":"https:\/\/api.w.org\/{rel}","templated":true}]}}