{"id":22792,"date":"2024-09-24T19:21:39","date_gmt":"2024-09-24T22:21:39","guid":{"rendered":"https:\/\/apuntesdesanluis.com\/?p=22792"},"modified":"2024-09-24T22:40:37","modified_gmt":"2024-09-25T01:40:37","slug":"cardarelli-el-gobierno-no-quiere-que-la-justicia-funcione","status":"publish","type":"post","link":"https:\/\/apuntesdesanluis.com\/index.php\/2024\/09\/24\/cardarelli-el-gobierno-no-quiere-que-la-justicia-funcione\/","title":{"rendered":"\u201cCARDARELLI: \u201cEL GOBIERNO NO QUIERE QUE LA JUSTICIA FUNCIONE\u201d"},"content":{"rendered":"<h3>El Secretario General del Sindicato Judiciales Puntanos, <strong>Luciano Cardarelli<\/strong>, sali\u00f3 con los tapones de punta, luego que la C\u00e1mara de Diputados aprobara el presupuesto provincial 2025, afirmando que el mismo \u201ces inconstitucional\u201d, porque no respeta las necesidades planteadas por el Poder Judicial.<\/h3>\n<h3>Entrevistado por el periodista <strong>Fito Carranza<\/strong>, en el programa \u201cNo es lo mismo\u201d (90.9 FM La Uno), se quej\u00f3 respecto de que \u201clos legisladores recibieron un lunes al Superior Tribunal de Justicia, que les plante\u00f3 cu\u00e1l era el presupuesto para funcionar, y el mi\u00e9rcoles aprobaron el proyecto del Ejecutivo con el despacho de comisi\u00f3n elaborado una semana antes\u201d.<\/h3>\n<h3>En este sentido, adelant\u00f3 que van a hacer responsable al gobierno por el mal funcionamiento de la justicia y fustig\u00f3 que \u201choy la mayor\u00eda de la C\u00e1mara de Diputados de la provincia es la escriban\u00eda general del gobierno, ni siguiera leyeron la propuesta, ratificaron el proyecto del gobernador. Hoy esa mayor\u00eda no representa al pueblo de la provincia que los vot\u00f3, sino al gobierno\u201d.<\/h3>\n<div style=\"width: 276px;\" class=\"wp-video\"><!--[if lt IE 9]><script>document.createElement('video');<\/script><![endif]-->\n<video class=\"wp-video-shortcode\" id=\"video-22792-1\" width=\"276\" height=\"184\" preload=\"metadata\" controls=\"controls\"><source type=\"video\/mp4\" src=\"https:\/\/apuntesdesanluis.com\/wp-content\/uploads\/2024\/09\/caradrelli-1.mp4?_=1\" \/><a href=\"https:\/\/apuntesdesanluis.com\/wp-content\/uploads\/2024\/09\/caradrelli-1.mp4\">https:\/\/apuntesdesanluis.com\/wp-content\/uploads\/2024\/09\/caradrelli-1.mp4<\/a><\/video><\/div>\n<h3>\u201cPor eso afirmo que es inconstitucional lo que han\u00a0 hecho, porque han violado el Art\u00edculo 189, el cual establece que el Poder Judicial tiene todo el imperio necesario para mantener su inviolabilidad funcional e independencia de los otros Poderes del Estado. Y tambi\u00e9n el art. 214, inc. 4, donde dice que el Superior Tribunal tiene la atribuci\u00f3n de fijar el presupuesto del Poder Judicial y remitirlo en su oportunidad al Poder Ejecutivo, para que \u00e9ste lo incorpore al proyecto de presupuesto respectivo\u201d, fundament\u00f3.<\/h3>\n<h3>Cardarelli sostuvo que en los \u00faltimos a\u00f1os se hab\u00eda establecido como norma que el Poder Judicial recibir\u00eda el 4% de los recursos totales presupuestados por la provincia, pero en esta oportunidad apenas llegan al 3%, lo que no permite contemplar todas las necesidades de recursos materiales y de personal para su funcionamiento.<\/h3>\n<h3>Aclar\u00f3 que desde el gremio se pusieron a disposici\u00f3n de la justicia, \u201cpara trabajar coordinadamente con los colegios de magistrados, el Superior Tribunal, los legisladores y el propio ejecutivo, elevando propuestas, solicitando la creaci\u00f3n de nuevos juzgados, la designaci\u00f3n de personal, el llamado a concursos para cubrir nuevas vacantes, etc., pero nos encontramos ahora con un gobierno que pareciera que quiere que la justicia no funcione\u201d.<\/h3>\n<h3>\u201cY encima \u2013agreg\u00f3- vemos ahora que el gobierno culpa a la justicia de todos los males, como cuando se escapa un preso y le echan la culpa a un juez por su salida transitoria. Eso est\u00e1 contemplado en el C\u00f3digo Penal y en el C\u00f3digo de Procedimiento, el magistrado lo que hace es cumplir con la ley, que si est\u00e1 mal el poder legislativo tendr\u00e1 que cambiarla. Pero se le echa la culpa a la justicia y nada se dice de la polic\u00eda a la que se le escap\u00f3\u2026\u201d, enfatiz\u00f3.<\/h3>\n<h3>El titular del SiJuPu aclar\u00f3 que \u201csi falla la seguridad no es responsabilidad de la justicia, que act\u00faa luego que el delito se consum\u00f3; sino de la prevenci\u00f3n, que es responsabilidad de la polic\u00eda que maneja el gobierno. \u00bfA vos no te llama la atenci\u00f3n que a los \u00fanicos que se les sale a pegar es a la justicia? \u00bfSer\u00e1 porque es el \u00fanico lugar donde no pudo poner ministro?\u201d, se pregunt\u00f3, a diferencia de lo que ocurre con Salud o Educaci\u00f3n, \u201cdonde los ministros son de \u00e9l, ahora de la justicia habla libremente.<\/h3>\n<div style=\"width: 276px;\" class=\"wp-video\"><video class=\"wp-video-shortcode\" id=\"video-22792-2\" width=\"276\" height=\"184\" preload=\"metadata\" controls=\"controls\"><source type=\"video\/mp4\" src=\"https:\/\/apuntesdesanluis.com\/wp-content\/uploads\/2024\/09\/cardadrelli-2.mp4?_=2\" \/><a href=\"https:\/\/apuntesdesanluis.com\/wp-content\/uploads\/2024\/09\/cardadrelli-2.mp4\">https:\/\/apuntesdesanluis.com\/wp-content\/uploads\/2024\/09\/cardadrelli-2.mp4<\/a><\/video><\/div>\n<h3>\u201cEst\u00e1 claro que el gobierno no quiere que la justicia funcione y\u00a0 le pone palos en la rueda. No remite las partidas para el nombramiento de personal. Fijate en los \u00faltimos meses ha dejado caer por lo menos 7 ternas de jueces, no da presupuesto para crear los juzgados que se necesitan y encima aprueban un presupuesto insuficiente\u201d.<\/h3>\n<h3>Puso como ejemplo que &#8220;reci\u00e9n este a\u00f1o, despu\u00e9s de 20 a\u00f1os, conseguimos crear un tercer juzgado laboral en Villa Mercedes, con todo lo que ha aumentado la poblaci\u00f3n y la ligitiosidad en esto este tiempo&#8221;. Tambi\u00e9n sum\u00f3: &#8220;C\u00f3mo se explica que algunas dependencias como como la Universidad de La Punta o la UPrO\u00a0 tendr\u00e1n un incremento de entre un 200 y un 300% m\u00e1s de presupuesto, pero a la justicia solo le dan para el a\u00f1o que viene un 96%. \u00bfPor qu\u00e9 para los otros sectores o dependencias hay plata y\u00a0 para justicia no?&#8221;.<\/h3>\n<h3><\/h3>\n<p>&nbsp;<\/p>\n<p>&nbsp;<\/p>\n<p>&nbsp;<\/p>\n<p>&nbsp;<\/p>\n<p>&nbsp;<\/p>\n<p>&nbsp;<\/p>\n<p>&nbsp;<\/p>\n<p>&nbsp;<\/p>\n<p>&nbsp;<\/p>\n","protected":false},"excerpt":{"rendered":"<p>El Secretario General del Sindicato Judiciales Puntanos, Luciano Cardarelli, sali\u00f3 con los tapones de punta,&#8230;<\/p>\n","protected":false},"author":1,"featured_media":22795,"comment_status":"closed","ping_status":"closed","sticky":false,"template":"","format":"standard","meta":{"footnotes":""},"categories":[9],"tags":[],"class_list":["post-22792","post","type-post","status-publish","format-standard","has-post-thumbnail","hentry","category-opinion"],"yoast_head":"<!-- This site is optimized with the Yoast SEO plugin v26.1.1 - https:\/\/yoast.com\/wordpress\/plugins\/seo\/ -->\n<title>\u201cCARDARELLI: \u201cEL GOBIERNO NO QUIERE QUE LA JUSTICIA FUNCIONE\u201d - Apuntes de San Luis<\/title>\n<meta name=\"robots\" content=\"index, follow, max-snippet:-1, max-image-preview:large, max-video-preview:-1\" \/>\n<link rel=\"canonical\" href=\"https:\/\/apuntesdesanluis.com\/index.php\/2024\/09\/24\/cardarelli-el-gobierno-no-quiere-que-la-justicia-funcione\/\" \/>\n<meta property=\"og:locale\" content=\"es_ES\" \/>\n<meta property=\"og:type\" content=\"article\" \/>\n<meta property=\"og:title\" content=\"\u201cCARDARELLI: \u201cEL GOBIERNO NO QUIERE QUE LA JUSTICIA FUNCIONE\u201d - Apuntes de San Luis\" \/>\n<meta property=\"og:description\" content=\"El Secretario General del Sindicato Judiciales Puntanos, Luciano Cardarelli, sali\u00f3 con los tapones de punta,...\" \/>\n<meta property=\"og:url\" content=\"https:\/\/apuntesdesanluis.com\/index.php\/2024\/09\/24\/cardarelli-el-gobierno-no-quiere-que-la-justicia-funcione\/\" \/>\n<meta property=\"og:site_name\" content=\"Apuntes de San Luis\" \/>\n<meta property=\"article:published_time\" content=\"2024-09-24T22:21:39+00:00\" \/>\n<meta property=\"article:modified_time\" content=\"2024-09-25T01:40:37+00:00\" \/>\n<meta property=\"og:image\" content=\"https:\/\/apuntesdesanluis.com\/wp-content\/uploads\/2024\/09\/cardarelli.png\" \/>\n\t<meta property=\"og:image:width\" content=\"538\" \/>\n\t<meta property=\"og:image:height\" content=\"331\" \/>\n\t<meta property=\"og:image:type\" content=\"image\/png\" \/>\n<meta name=\"author\" content=\"apuntesdesanluis.com\" \/>\n<meta name=\"twitter:card\" content=\"summary_large_image\" \/>\n<meta name=\"twitter:label1\" content=\"Escrito por\" \/>\n\t<meta name=\"twitter:data1\" content=\"apuntesdesanluis.com\" \/>\n\t<meta name=\"twitter:label2\" content=\"Tiempo de lectura\" \/>\n\t<meta name=\"twitter:data2\" content=\"4 minutos\" \/>\n<script type=\"application\/ld+json\" class=\"yoast-schema-graph\">{\"@context\":\"https:\/\/schema.org\",\"@graph\":[{\"@type\":\"Article\",\"@id\":\"https:\/\/apuntesdesanluis.com\/index.php\/2024\/09\/24\/cardarelli-el-gobierno-no-quiere-que-la-justicia-funcione\/#article\",\"isPartOf\":{\"@id\":\"https:\/\/apuntesdesanluis.com\/index.php\/2024\/09\/24\/cardarelli-el-gobierno-no-quiere-que-la-justicia-funcione\/\"},\"author\":{\"name\":\"apuntesdesanluis.com\",\"@id\":\"https:\/\/apuntesdesanluis.com\/#\/schema\/person\/b55151d52296fcce64d1a72538a70b90\"},\"headline\":\"\u201cCARDARELLI: \u201cEL GOBIERNO NO QUIERE QUE LA JUSTICIA FUNCIONE\u201d\",\"datePublished\":\"2024-09-24T22:21:39+00:00\",\"dateModified\":\"2024-09-25T01:40:37+00:00\",\"mainEntityOfPage\":{\"@id\":\"https:\/\/apuntesdesanluis.com\/index.php\/2024\/09\/24\/cardarelli-el-gobierno-no-quiere-que-la-justicia-funcione\/\"},\"wordCount\":767,\"publisher\":{\"@id\":\"https:\/\/apuntesdesanluis.com\/#\/schema\/person\/b55151d52296fcce64d1a72538a70b90\"},\"image\":{\"@id\":\"https:\/\/apuntesdesanluis.com\/index.php\/2024\/09\/24\/cardarelli-el-gobierno-no-quiere-que-la-justicia-funcione\/#primaryimage\"},\"thumbnailUrl\":\"https:\/\/apuntesdesanluis.com\/wp-content\/uploads\/2024\/09\/cardarelli.png\",\"articleSection\":[\"Opini\u00f3n\"],\"inLanguage\":\"es-AR\"},{\"@type\":\"WebPage\",\"@id\":\"https:\/\/apuntesdesanluis.com\/index.php\/2024\/09\/24\/cardarelli-el-gobierno-no-quiere-que-la-justicia-funcione\/\",\"url\":\"https:\/\/apuntesdesanluis.com\/index.php\/2024\/09\/24\/cardarelli-el-gobierno-no-quiere-que-la-justicia-funcione\/\",\"name\":\"\u201cCARDARELLI: \u201cEL GOBIERNO NO QUIERE QUE LA JUSTICIA FUNCIONE\u201d - Apuntes de San Luis\",\"isPartOf\":{\"@id\":\"https:\/\/apuntesdesanluis.com\/#website\"},\"primaryImageOfPage\":{\"@id\":\"https:\/\/apuntesdesanluis.com\/index.php\/2024\/09\/24\/cardarelli-el-gobierno-no-quiere-que-la-justicia-funcione\/#primaryimage\"},\"image\":{\"@id\":\"https:\/\/apuntesdesanluis.com\/index.php\/2024\/09\/24\/cardarelli-el-gobierno-no-quiere-que-la-justicia-funcione\/#primaryimage\"},\"thumbnailUrl\":\"https:\/\/apuntesdesanluis.com\/wp-content\/uploads\/2024\/09\/cardarelli.png\",\"datePublished\":\"2024-09-24T22:21:39+00:00\",\"dateModified\":\"2024-09-25T01:40:37+00:00\",\"breadcrumb\":{\"@id\":\"https:\/\/apuntesdesanluis.com\/index.php\/2024\/09\/24\/cardarelli-el-gobierno-no-quiere-que-la-justicia-funcione\/#breadcrumb\"},\"inLanguage\":\"es-AR\",\"potentialAction\":[{\"@type\":\"ReadAction\",\"target\":[\"https:\/\/apuntesdesanluis.com\/index.php\/2024\/09\/24\/cardarelli-el-gobierno-no-quiere-que-la-justicia-funcione\/\"]}]},{\"@type\":\"ImageObject\",\"inLanguage\":\"es-AR\",\"@id\":\"https:\/\/apuntesdesanluis.com\/index.php\/2024\/09\/24\/cardarelli-el-gobierno-no-quiere-que-la-justicia-funcione\/#primaryimage\",\"url\":\"https:\/\/apuntesdesanluis.com\/wp-content\/uploads\/2024\/09\/cardarelli.png\",\"contentUrl\":\"https:\/\/apuntesdesanluis.com\/wp-content\/uploads\/2024\/09\/cardarelli.png\",\"width\":538,\"height\":331},{\"@type\":\"BreadcrumbList\",\"@id\":\"https:\/\/apuntesdesanluis.com\/index.php\/2024\/09\/24\/cardarelli-el-gobierno-no-quiere-que-la-justicia-funcione\/#breadcrumb\",\"itemListElement\":[{\"@type\":\"ListItem\",\"position\":1,\"name\":\"Inicio\",\"item\":\"https:\/\/apuntesdesanluis.com\/\"},{\"@type\":\"ListItem\",\"position\":2,\"name\":\"\u201cCARDARELLI: \u201cEL GOBIERNO NO QUIERE QUE LA JUSTICIA FUNCIONE\u201d\"}]},{\"@type\":\"WebSite\",\"@id\":\"https:\/\/apuntesdesanluis.com\/#website\",\"url\":\"https:\/\/apuntesdesanluis.com\/\",\"name\":\"Apuntes de San Luis\",\"description\":\"\",\"publisher\":{\"@id\":\"https:\/\/apuntesdesanluis.com\/#\/schema\/person\/b55151d52296fcce64d1a72538a70b90\"},\"potentialAction\":[{\"@type\":\"SearchAction\",\"target\":{\"@type\":\"EntryPoint\",\"urlTemplate\":\"https:\/\/apuntesdesanluis.com\/?s={search_term_string}\"},\"query-input\":{\"@type\":\"PropertyValueSpecification\",\"valueRequired\":true,\"valueName\":\"search_term_string\"}}],\"inLanguage\":\"es-AR\"},{\"@type\":[\"Person\",\"Organization\"],\"@id\":\"https:\/\/apuntesdesanluis.com\/#\/schema\/person\/b55151d52296fcce64d1a72538a70b90\",\"name\":\"apuntesdesanluis.com\",\"image\":{\"@type\":\"ImageObject\",\"inLanguage\":\"es-AR\",\"@id\":\"https:\/\/apuntesdesanluis.com\/#\/schema\/person\/image\/\",\"url\":\"https:\/\/apuntesdesanluis.com\/wp-content\/uploads\/2023\/07\/cropped-apuntesdesanluis.png\",\"contentUrl\":\"https:\/\/apuntesdesanluis.com\/wp-content\/uploads\/2023\/07\/cropped-apuntesdesanluis.png\",\"width\":450,\"height\":112,\"caption\":\"apuntesdesanluis.com\"},\"logo\":{\"@id\":\"https:\/\/apuntesdesanluis.com\/#\/schema\/person\/image\/\"},\"sameAs\":[\"https:\/\/apuntesdesanluis.com\"],\"url\":\"https:\/\/apuntesdesanluis.com\/index.php\/author\/apuntesdesanluis-com\/\"}]}<\/script>\n<!-- \/ Yoast SEO plugin. -->","yoast_head_json":{"title":"\u201cCARDARELLI: \u201cEL GOBIERNO NO QUIERE QUE LA JUSTICIA FUNCIONE\u201d - Apuntes de San Luis","robots":{"index":"index","follow":"follow","max-snippet":"max-snippet:-1","max-image-preview":"max-image-preview:large","max-video-preview":"max-video-preview:-1"},"canonical":"https:\/\/apuntesdesanluis.com\/index.php\/2024\/09\/24\/cardarelli-el-gobierno-no-quiere-que-la-justicia-funcione\/","og_locale":"es_ES","og_type":"article","og_title":"\u201cCARDARELLI: \u201cEL GOBIERNO NO QUIERE QUE LA JUSTICIA FUNCIONE\u201d - Apuntes de San Luis","og_description":"El Secretario General del Sindicato Judiciales Puntanos, Luciano Cardarelli, sali\u00f3 con los tapones de punta,...","og_url":"https:\/\/apuntesdesanluis.com\/index.php\/2024\/09\/24\/cardarelli-el-gobierno-no-quiere-que-la-justicia-funcione\/","og_site_name":"Apuntes de San Luis","article_published_time":"2024-09-24T22:21:39+00:00","article_modified_time":"2024-09-25T01:40:37+00:00","og_image":[{"width":538,"height":331,"url":"https:\/\/apuntesdesanluis.com\/wp-content\/uploads\/2024\/09\/cardarelli.png","type":"image\/png"}],"author":"apuntesdesanluis.com","twitter_card":"summary_large_image","twitter_misc":{"Escrito por":"apuntesdesanluis.com","Tiempo de lectura":"4 minutos"},"schema":{"@context":"https:\/\/schema.org","@graph":[{"@type":"Article","@id":"https:\/\/apuntesdesanluis.com\/index.php\/2024\/09\/24\/cardarelli-el-gobierno-no-quiere-que-la-justicia-funcione\/#article","isPartOf":{"@id":"https:\/\/apuntesdesanluis.com\/index.php\/2024\/09\/24\/cardarelli-el-gobierno-no-quiere-que-la-justicia-funcione\/"},"author":{"name":"apuntesdesanluis.com","@id":"https:\/\/apuntesdesanluis.com\/#\/schema\/person\/b55151d52296fcce64d1a72538a70b90"},"headline":"\u201cCARDARELLI: \u201cEL GOBIERNO NO QUIERE QUE LA JUSTICIA FUNCIONE\u201d","datePublished":"2024-09-24T22:21:39+00:00","dateModified":"2024-09-25T01:40:37+00:00","mainEntityOfPage":{"@id":"https:\/\/apuntesdesanluis.com\/index.php\/2024\/09\/24\/cardarelli-el-gobierno-no-quiere-que-la-justicia-funcione\/"},"wordCount":767,"publisher":{"@id":"https:\/\/apuntesdesanluis.com\/#\/schema\/person\/b55151d52296fcce64d1a72538a70b90"},"image":{"@id":"https:\/\/apuntesdesanluis.com\/index.php\/2024\/09\/24\/cardarelli-el-gobierno-no-quiere-que-la-justicia-funcione\/#primaryimage"},"thumbnailUrl":"https:\/\/apuntesdesanluis.com\/wp-content\/uploads\/2024\/09\/cardarelli.png","articleSection":["Opini\u00f3n"],"inLanguage":"es-AR"},{"@type":"WebPage","@id":"https:\/\/apuntesdesanluis.com\/index.php\/2024\/09\/24\/cardarelli-el-gobierno-no-quiere-que-la-justicia-funcione\/","url":"https:\/\/apuntesdesanluis.com\/index.php\/2024\/09\/24\/cardarelli-el-gobierno-no-quiere-que-la-justicia-funcione\/","name":"\u201cCARDARELLI: \u201cEL GOBIERNO NO QUIERE QUE LA JUSTICIA FUNCIONE\u201d - Apuntes de San Luis","isPartOf":{"@id":"https:\/\/apuntesdesanluis.com\/#website"},"primaryImageOfPage":{"@id":"https:\/\/apuntesdesanluis.com\/index.php\/2024\/09\/24\/cardarelli-el-gobierno-no-quiere-que-la-justicia-funcione\/#primaryimage"},"image":{"@id":"https:\/\/apuntesdesanluis.com\/index.php\/2024\/09\/24\/cardarelli-el-gobierno-no-quiere-que-la-justicia-funcione\/#primaryimage"},"thumbnailUrl":"https:\/\/apuntesdesanluis.com\/wp-content\/uploads\/2024\/09\/cardarelli.png","datePublished":"2024-09-24T22:21:39+00:00","dateModified":"2024-09-25T01:40:37+00:00","breadcrumb":{"@id":"https:\/\/apuntesdesanluis.com\/index.php\/2024\/09\/24\/cardarelli-el-gobierno-no-quiere-que-la-justicia-funcione\/#breadcrumb"},"inLanguage":"es-AR","potentialAction":[{"@type":"ReadAction","target":["https:\/\/apuntesdesanluis.com\/index.php\/2024\/09\/24\/cardarelli-el-gobierno-no-quiere-que-la-justicia-funcione\/"]}]},{"@type":"ImageObject","inLanguage":"es-AR","@id":"https:\/\/apuntesdesanluis.com\/index.php\/2024\/09\/24\/cardarelli-el-gobierno-no-quiere-que-la-justicia-funcione\/#primaryimage","url":"https:\/\/apuntesdesanluis.com\/wp-content\/uploads\/2024\/09\/cardarelli.png","contentUrl":"https:\/\/apuntesdesanluis.com\/wp-content\/uploads\/2024\/09\/cardarelli.png","width":538,"height":331},{"@type":"BreadcrumbList","@id":"https:\/\/apuntesdesanluis.com\/index.php\/2024\/09\/24\/cardarelli-el-gobierno-no-quiere-que-la-justicia-funcione\/#breadcrumb","itemListElement":[{"@type":"ListItem","position":1,"name":"Inicio","item":"https:\/\/apuntesdesanluis.com\/"},{"@type":"ListItem","position":2,"name":"\u201cCARDARELLI: \u201cEL GOBIERNO NO QUIERE QUE LA JUSTICIA FUNCIONE\u201d"}]},{"@type":"WebSite","@id":"https:\/\/apuntesdesanluis.com\/#website","url":"https:\/\/apuntesdesanluis.com\/","name":"Apuntes de San Luis","description":"","publisher":{"@id":"https:\/\/apuntesdesanluis.com\/#\/schema\/person\/b55151d52296fcce64d1a72538a70b90"},"potentialAction":[{"@type":"SearchAction","target":{"@type":"EntryPoint","urlTemplate":"https:\/\/apuntesdesanluis.com\/?s={search_term_string}"},"query-input":{"@type":"PropertyValueSpecification","valueRequired":true,"valueName":"search_term_string"}}],"inLanguage":"es-AR"},{"@type":["Person","Organization"],"@id":"https:\/\/apuntesdesanluis.com\/#\/schema\/person\/b55151d52296fcce64d1a72538a70b90","name":"apuntesdesanluis.com","image":{"@type":"ImageObject","inLanguage":"es-AR","@id":"https:\/\/apuntesdesanluis.com\/#\/schema\/person\/image\/","url":"https:\/\/apuntesdesanluis.com\/wp-content\/uploads\/2023\/07\/cropped-apuntesdesanluis.png","contentUrl":"https:\/\/apuntesdesanluis.com\/wp-content\/uploads\/2023\/07\/cropped-apuntesdesanluis.png","width":450,"height":112,"caption":"apuntesdesanluis.com"},"logo":{"@id":"https:\/\/apuntesdesanluis.com\/#\/schema\/person\/image\/"},"sameAs":["https:\/\/apuntesdesanluis.com"],"url":"https:\/\/apuntesdesanluis.com\/index.php\/author\/apuntesdesanluis-com\/"}]}},"featured_image_urls":{"full":["https:\/\/apuntesdesanluis.com\/wp-content\/uploads\/2024\/09\/cardarelli.png",538,331,false],"thumbnail":["https:\/\/apuntesdesanluis.com\/wp-content\/uploads\/2024\/09\/cardarelli-150x150.png",150,150,true],"medium":["https:\/\/apuntesdesanluis.com\/wp-content\/uploads\/2024\/09\/cardarelli-300x185.png",300,185,true],"medium_large":["https:\/\/apuntesdesanluis.com\/wp-content\/uploads\/2024\/09\/cardarelli.png",538,331,false],"large":["https:\/\/apuntesdesanluis.com\/wp-content\/uploads\/2024\/09\/cardarelli.png",538,331,false],"1536x1536":["https:\/\/apuntesdesanluis.com\/wp-content\/uploads\/2024\/09\/cardarelli.png",538,331,false],"2048x2048":["https:\/\/apuntesdesanluis.com\/wp-content\/uploads\/2024\/09\/cardarelli.png",538,331,false],"newsever-slider-full":["https:\/\/apuntesdesanluis.com\/wp-content\/uploads\/2024\/09\/cardarelli.png",538,331,false],"newsever-featured":["https:\/\/apuntesdesanluis.com\/wp-content\/uploads\/2024\/09\/cardarelli.png",538,331,false],"newsever-medium":["https:\/\/apuntesdesanluis.com\/wp-content\/uploads\/2024\/09\/cardarelli.png",538,331,false]},"author_info":{"display_name":"apuntesdesanluis.com","author_link":"https:\/\/apuntesdesanluis.com\/index.php\/author\/apuntesdesanluis-com\/"},"category_info":"<a href=\"https:\/\/apuntesdesanluis.com\/index.php\/category\/opinion\/\" rel=\"category tag\">Opini\u00f3n<\/a>","tag_info":"Opini\u00f3n","comment_count":"0","_links":{"self":[{"href":"https:\/\/apuntesdesanluis.com\/index.php\/wp-json\/wp\/v2\/posts\/22792","targetHints":{"allow":["GET"]}}],"collection":[{"href":"https:\/\/apuntesdesanluis.com\/index.php\/wp-json\/wp\/v2\/posts"}],"about":[{"href":"https:\/\/apuntesdesanluis.com\/index.php\/wp-json\/wp\/v2\/types\/post"}],"author":[{"embeddable":true,"href":"https:\/\/apuntesdesanluis.com\/index.php\/wp-json\/wp\/v2\/users\/1"}],"replies":[{"embeddable":true,"href":"https:\/\/apuntesdesanluis.com\/index.php\/wp-json\/wp\/v2\/comments?post=22792"}],"version-history":[{"count":7,"href":"https:\/\/apuntesdesanluis.com\/index.php\/wp-json\/wp\/v2\/posts\/22792\/revisions"}],"predecessor-version":[{"id":22855,"href":"https:\/\/apuntesdesanluis.com\/index.php\/wp-json\/wp\/v2\/posts\/22792\/revisions\/22855"}],"wp:featuredmedia":[{"embeddable":true,"href":"https:\/\/apuntesdesanluis.com\/index.php\/wp-json\/wp\/v2\/media\/22795"}],"wp:attachment":[{"href":"https:\/\/apuntesdesanluis.com\/index.php\/wp-json\/wp\/v2\/media?parent=22792"}],"wp:term":[{"taxonomy":"category","embeddable":true,"href":"https:\/\/apuntesdesanluis.com\/index.php\/wp-json\/wp\/v2\/categories?post=22792"},{"taxonomy":"post_tag","embeddable":true,"href":"https:\/\/apuntesdesanluis.com\/index.php\/wp-json\/wp\/v2\/tags?post=22792"}],"curies":[{"name":"wp","href":"https:\/\/api.w.org\/{rel}","templated":true}]}}