{"id":22838,"date":"2024-09-24T21:44:09","date_gmt":"2024-09-25T00:44:09","guid":{"rendered":"https:\/\/apuntesdesanluis.com\/?p=22838"},"modified":"2024-09-24T21:44:09","modified_gmt":"2024-09-25T00:44:09","slug":"mondino-acordo-con-el-reino-unido-reanudar-los-vuelos-a-las-islas-malvinas","status":"publish","type":"post","link":"https:\/\/apuntesdesanluis.com\/index.php\/2024\/09\/24\/mondino-acordo-con-el-reino-unido-reanudar-los-vuelos-a-las-islas-malvinas\/","title":{"rendered":"MONDINO ACORD\u00d3 CON EL REINO UNIDO REANUDAR LOS VUELOS A LAS ISLAS MALVINAS"},"content":{"rendered":"<h3>La canciller <strong>Diana Mondino<\/strong> acord\u00f3 hoy con su par brit\u00e1nico,<strong> David Lammy<\/strong>, la reanudaci\u00f3n del vuelo semanal desde San Pablo a las Islas Malvinas, que realizaba una escala mensual en C\u00f3rdoba y hab\u00eda sido discontinuado en 2020.<\/h3>\n<h3>Tambi\u00e9n acordaron &#8220;organizar un viaje de familiares de ca\u00eddos a las Islas antes de fin de 2024, para que puedan visitar las tumbas de los soldados que all\u00ed descansan&#8221;, se inform\u00f3 oficialmente.<\/h3>\n<h3>As\u00ed lo establecieron Mondino y Lammy tras la reuni\u00f3n que ambos mantuvieron en Nueva York York en el marco de la Cumbre de la ONU.<\/h3>\n<h3>La Canciller\u00eda argentina destac\u00f3 que estas medidas permitir\u00e1n avanzar en una agenda &#8220;m\u00e1s ambiciosa de cooperaci\u00f3n en diferentes \u00e1mbitos y bajo f\u00f3rmula de soberan\u00eda, tendientes a promover el desarrollo humano y econ\u00f3mico y estrechar lazos entre las Islas y el continente&#8221;.<\/h3>\n<h3>En tanto, Mondino y Lammy acogieron con &#8220;benepl\u00e1cito las medidas que est\u00e1n siendo adoptadas para alcanzar una mejor relaci\u00f3n bilateral y acordaron hablar nuevamente en una oportunidad futura&#8221;.<\/h3>\n<h3>&#8220;Se estableci\u00f3 la necesidad de avanzar con medidas concretas en materia de conservaci\u00f3n de pesquer\u00edas y en favor de una mejor conectividad, en virtud de los arreglos alcanzados en 2018, incluida la reanudaci\u00f3n del vuelo semanal de San Pablo a las Islas, que realizaba una escala mensual en C\u00f3rdoba&#8221;, manifest\u00f3 la Canciller\u00eda argentina en un comunicado.<\/h3>\n<h3>A su vez, se resolvi\u00f3 &#8220;retomar las negociaciones tendientes a finalizar la tercera fase del Plan Proyecto Humanitario conjuntamente con la Cruz Roja Internacional&#8221;.<\/h3>\n<h3>Luego de que se hiciera p\u00fablico el acuerdo entre ambos pa\u00edses, la embajadora brit\u00e1nica en Argentina, Christie Hayes, asegur\u00f3 que este pacto va a &#8220;facilitar las visitas organizadas desde territorio argentino a las Islas&#8221; y tambi\u00e9n la reactivaci\u00f3n de las &#8220;negociaciones del proyecto humanitario para identificar a los ca\u00eddos&#8221; en Malvinas.<\/h3>\n<h3>&#8220;La gran mayor\u00eda de los ca\u00eddos hab\u00edan sido identificados en los proyectos anteriores. Pero, para los familiares de los que quedan, ser identificados todav\u00eda es un \u00e1rea muy dolorosa&#8221;, explic\u00f3 la diplom\u00e1tica brit\u00e1nica en declaraciones a Radio Rivadavia AM630.<\/h3>\n<h3>Estos acuerdos se alcanzaron bajo la f\u00f3rmula de soberan\u00eda sobre la Islas, por tanto, la Argentina &#8220;mantiene firme su reclamo sobre las Malvinas y lo mismo sucede con la posici\u00f3n del Reino Unido&#8221;, destac\u00f3 el Ministerio de Relaciones Exteriores.<\/h3>\n<h3>&#8220;Nuestra posici\u00f3n no ha cambiado y la de Argentina tampoco. Va a continuar siendo un \u00e1rea muy sensible entre nosotros. Pero tenemos muchos intereses en com\u00fan tambi\u00e9n y este anuncio muestra que, a pesar de nuestras diferencias, podemos hacer cosas positivas&#8221;, destac\u00f3 Hayes.<\/h3>\n<h3>Los vuelos desde la ciudad de San Pablo, Brasil, que realizaban una escala en C\u00f3rdoba y ten\u00edan como destino final las Islas Malvinas se aprobaron en noviembre de 2018 y entraron en vigencia en 2019.<\/h3>\n<h3>Durante la pandemia de coronavirus, en 2020, el Gobierno brit\u00e1nico decidi\u00f3 interrumpir la conexi\u00f3n entre territorio nacional y las Islas, mientras que la Canciller\u00eda argentina, por entonces a cargo de Felipe Sol\u00e1, busc\u00f3 que se reanudaran en octubre del mismo a\u00f1o.<\/h3>\n<h3>En diciembre de 2021, el entonces canciller Santiago Cafiero insisti\u00f3 para que se restablezcan los vuelos, pero su solicitud de dos vuelos humanitarios con l\u00ednea de bandera desde territorio argentino hacia Malvinas fue denegada.<\/h3>\n<h3>Luego, en julio de 2022, se retomaron vuelos regulares desde Punta Arenas a las Islas, sin mayores progresos para que se llevaran a cabo los viajes desde territorio argentino.<\/h3>\n<p>&nbsp;<\/p>\n<p>&nbsp;<\/p>\n<p>&nbsp;<\/p>\n<p>&nbsp;<\/p>\n","protected":false},"excerpt":{"rendered":"<p>La canciller Diana Mondino acord\u00f3 hoy con su par brit\u00e1nico, David Lammy, la reanudaci\u00f3n del&#8230;<\/p>\n","protected":false},"author":1,"featured_media":22839,"comment_status":"closed","ping_status":"closed","sticky":false,"template":"","format":"standard","meta":{"footnotes":""},"categories":[5],"tags":[],"class_list":["post-22838","post","type-post","status-publish","format-standard","has-post-thumbnail","hentry","category-nacionales-internacionales"],"yoast_head":"<!-- This site is optimized with the Yoast SEO plugin v26.1.1 - https:\/\/yoast.com\/wordpress\/plugins\/seo\/ -->\n<title>MONDINO ACORD\u00d3 CON EL REINO UNIDO REANUDAR LOS VUELOS A LAS ISLAS MALVINAS - Apuntes de San Luis<\/title>\n<meta name=\"robots\" content=\"index, follow, max-snippet:-1, max-image-preview:large, max-video-preview:-1\" \/>\n<link rel=\"canonical\" href=\"https:\/\/apuntesdesanluis.com\/index.php\/2024\/09\/24\/mondino-acordo-con-el-reino-unido-reanudar-los-vuelos-a-las-islas-malvinas\/\" \/>\n<meta property=\"og:locale\" content=\"es_ES\" \/>\n<meta property=\"og:type\" content=\"article\" \/>\n<meta property=\"og:title\" content=\"MONDINO ACORD\u00d3 CON EL REINO UNIDO REANUDAR LOS VUELOS A LAS ISLAS MALVINAS - Apuntes de San Luis\" \/>\n<meta property=\"og:description\" content=\"La canciller Diana Mondino acord\u00f3 hoy con su par brit\u00e1nico, David Lammy, la reanudaci\u00f3n del...\" \/>\n<meta property=\"og:url\" content=\"https:\/\/apuntesdesanluis.com\/index.php\/2024\/09\/24\/mondino-acordo-con-el-reino-unido-reanudar-los-vuelos-a-las-islas-malvinas\/\" \/>\n<meta property=\"og:site_name\" content=\"Apuntes de San Luis\" \/>\n<meta property=\"article:published_time\" content=\"2024-09-25T00:44:09+00:00\" \/>\n<meta property=\"og:image\" content=\"https:\/\/apuntesdesanluis.com\/wp-content\/uploads\/2024\/09\/DIANA-MONDINO.png\" \/>\n\t<meta property=\"og:image:width\" content=\"626\" \/>\n\t<meta property=\"og:image:height\" content=\"421\" \/>\n\t<meta property=\"og:image:type\" content=\"image\/png\" \/>\n<meta name=\"author\" content=\"apuntesdesanluis.com\" \/>\n<meta name=\"twitter:card\" content=\"summary_large_image\" \/>\n<meta name=\"twitter:label1\" content=\"Escrito por\" \/>\n\t<meta name=\"twitter:data1\" content=\"apuntesdesanluis.com\" \/>\n\t<meta name=\"twitter:label2\" content=\"Tiempo de lectura\" \/>\n\t<meta name=\"twitter:data2\" content=\"3 minutos\" \/>\n<script type=\"application\/ld+json\" class=\"yoast-schema-graph\">{\"@context\":\"https:\/\/schema.org\",\"@graph\":[{\"@type\":\"Article\",\"@id\":\"https:\/\/apuntesdesanluis.com\/index.php\/2024\/09\/24\/mondino-acordo-con-el-reino-unido-reanudar-los-vuelos-a-las-islas-malvinas\/#article\",\"isPartOf\":{\"@id\":\"https:\/\/apuntesdesanluis.com\/index.php\/2024\/09\/24\/mondino-acordo-con-el-reino-unido-reanudar-los-vuelos-a-las-islas-malvinas\/\"},\"author\":{\"name\":\"apuntesdesanluis.com\",\"@id\":\"https:\/\/apuntesdesanluis.com\/#\/schema\/person\/b55151d52296fcce64d1a72538a70b90\"},\"headline\":\"MONDINO ACORD\u00d3 CON EL REINO UNIDO REANUDAR LOS VUELOS A LAS ISLAS MALVINAS\",\"datePublished\":\"2024-09-25T00:44:09+00:00\",\"mainEntityOfPage\":{\"@id\":\"https:\/\/apuntesdesanluis.com\/index.php\/2024\/09\/24\/mondino-acordo-con-el-reino-unido-reanudar-los-vuelos-a-las-islas-malvinas\/\"},\"wordCount\":610,\"publisher\":{\"@id\":\"https:\/\/apuntesdesanluis.com\/#\/schema\/person\/b55151d52296fcce64d1a72538a70b90\"},\"image\":{\"@id\":\"https:\/\/apuntesdesanluis.com\/index.php\/2024\/09\/24\/mondino-acordo-con-el-reino-unido-reanudar-los-vuelos-a-las-islas-malvinas\/#primaryimage\"},\"thumbnailUrl\":\"https:\/\/apuntesdesanluis.com\/wp-content\/uploads\/2024\/09\/DIANA-MONDINO.png\",\"articleSection\":[\"Nacionales\/Internacionales\"],\"inLanguage\":\"es-AR\"},{\"@type\":\"WebPage\",\"@id\":\"https:\/\/apuntesdesanluis.com\/index.php\/2024\/09\/24\/mondino-acordo-con-el-reino-unido-reanudar-los-vuelos-a-las-islas-malvinas\/\",\"url\":\"https:\/\/apuntesdesanluis.com\/index.php\/2024\/09\/24\/mondino-acordo-con-el-reino-unido-reanudar-los-vuelos-a-las-islas-malvinas\/\",\"name\":\"MONDINO ACORD\u00d3 CON EL REINO UNIDO REANUDAR LOS VUELOS A LAS ISLAS MALVINAS - Apuntes de San Luis\",\"isPartOf\":{\"@id\":\"https:\/\/apuntesdesanluis.com\/#website\"},\"primaryImageOfPage\":{\"@id\":\"https:\/\/apuntesdesanluis.com\/index.php\/2024\/09\/24\/mondino-acordo-con-el-reino-unido-reanudar-los-vuelos-a-las-islas-malvinas\/#primaryimage\"},\"image\":{\"@id\":\"https:\/\/apuntesdesanluis.com\/index.php\/2024\/09\/24\/mondino-acordo-con-el-reino-unido-reanudar-los-vuelos-a-las-islas-malvinas\/#primaryimage\"},\"thumbnailUrl\":\"https:\/\/apuntesdesanluis.com\/wp-content\/uploads\/2024\/09\/DIANA-MONDINO.png\",\"datePublished\":\"2024-09-25T00:44:09+00:00\",\"breadcrumb\":{\"@id\":\"https:\/\/apuntesdesanluis.com\/index.php\/2024\/09\/24\/mondino-acordo-con-el-reino-unido-reanudar-los-vuelos-a-las-islas-malvinas\/#breadcrumb\"},\"inLanguage\":\"es-AR\",\"potentialAction\":[{\"@type\":\"ReadAction\",\"target\":[\"https:\/\/apuntesdesanluis.com\/index.php\/2024\/09\/24\/mondino-acordo-con-el-reino-unido-reanudar-los-vuelos-a-las-islas-malvinas\/\"]}]},{\"@type\":\"ImageObject\",\"inLanguage\":\"es-AR\",\"@id\":\"https:\/\/apuntesdesanluis.com\/index.php\/2024\/09\/24\/mondino-acordo-con-el-reino-unido-reanudar-los-vuelos-a-las-islas-malvinas\/#primaryimage\",\"url\":\"https:\/\/apuntesdesanluis.com\/wp-content\/uploads\/2024\/09\/DIANA-MONDINO.png\",\"contentUrl\":\"https:\/\/apuntesdesanluis.com\/wp-content\/uploads\/2024\/09\/DIANA-MONDINO.png\",\"width\":626,\"height\":421},{\"@type\":\"BreadcrumbList\",\"@id\":\"https:\/\/apuntesdesanluis.com\/index.php\/2024\/09\/24\/mondino-acordo-con-el-reino-unido-reanudar-los-vuelos-a-las-islas-malvinas\/#breadcrumb\",\"itemListElement\":[{\"@type\":\"ListItem\",\"position\":1,\"name\":\"Inicio\",\"item\":\"https:\/\/apuntesdesanluis.com\/\"},{\"@type\":\"ListItem\",\"position\":2,\"name\":\"MONDINO ACORD\u00d3 CON EL REINO UNIDO REANUDAR LOS VUELOS A LAS ISLAS MALVINAS\"}]},{\"@type\":\"WebSite\",\"@id\":\"https:\/\/apuntesdesanluis.com\/#website\",\"url\":\"https:\/\/apuntesdesanluis.com\/\",\"name\":\"Apuntes de San Luis\",\"description\":\"\",\"publisher\":{\"@id\":\"https:\/\/apuntesdesanluis.com\/#\/schema\/person\/b55151d52296fcce64d1a72538a70b90\"},\"potentialAction\":[{\"@type\":\"SearchAction\",\"target\":{\"@type\":\"EntryPoint\",\"urlTemplate\":\"https:\/\/apuntesdesanluis.com\/?s={search_term_string}\"},\"query-input\":{\"@type\":\"PropertyValueSpecification\",\"valueRequired\":true,\"valueName\":\"search_term_string\"}}],\"inLanguage\":\"es-AR\"},{\"@type\":[\"Person\",\"Organization\"],\"@id\":\"https:\/\/apuntesdesanluis.com\/#\/schema\/person\/b55151d52296fcce64d1a72538a70b90\",\"name\":\"apuntesdesanluis.com\",\"image\":{\"@type\":\"ImageObject\",\"inLanguage\":\"es-AR\",\"@id\":\"https:\/\/apuntesdesanluis.com\/#\/schema\/person\/image\/\",\"url\":\"https:\/\/apuntesdesanluis.com\/wp-content\/uploads\/2023\/07\/cropped-apuntesdesanluis.png\",\"contentUrl\":\"https:\/\/apuntesdesanluis.com\/wp-content\/uploads\/2023\/07\/cropped-apuntesdesanluis.png\",\"width\":450,\"height\":112,\"caption\":\"apuntesdesanluis.com\"},\"logo\":{\"@id\":\"https:\/\/apuntesdesanluis.com\/#\/schema\/person\/image\/\"},\"sameAs\":[\"https:\/\/apuntesdesanluis.com\"],\"url\":\"https:\/\/apuntesdesanluis.com\/index.php\/author\/apuntesdesanluis-com\/\"}]}<\/script>\n<!-- \/ Yoast SEO plugin. -->","yoast_head_json":{"title":"MONDINO ACORD\u00d3 CON EL REINO UNIDO REANUDAR LOS VUELOS A LAS ISLAS MALVINAS - Apuntes de San Luis","robots":{"index":"index","follow":"follow","max-snippet":"max-snippet:-1","max-image-preview":"max-image-preview:large","max-video-preview":"max-video-preview:-1"},"canonical":"https:\/\/apuntesdesanluis.com\/index.php\/2024\/09\/24\/mondino-acordo-con-el-reino-unido-reanudar-los-vuelos-a-las-islas-malvinas\/","og_locale":"es_ES","og_type":"article","og_title":"MONDINO ACORD\u00d3 CON EL REINO UNIDO REANUDAR LOS VUELOS A LAS ISLAS MALVINAS - Apuntes de San Luis","og_description":"La canciller Diana Mondino acord\u00f3 hoy con su par brit\u00e1nico, David Lammy, la reanudaci\u00f3n del...","og_url":"https:\/\/apuntesdesanluis.com\/index.php\/2024\/09\/24\/mondino-acordo-con-el-reino-unido-reanudar-los-vuelos-a-las-islas-malvinas\/","og_site_name":"Apuntes de San Luis","article_published_time":"2024-09-25T00:44:09+00:00","og_image":[{"width":626,"height":421,"url":"https:\/\/apuntesdesanluis.com\/wp-content\/uploads\/2024\/09\/DIANA-MONDINO.png","type":"image\/png"}],"author":"apuntesdesanluis.com","twitter_card":"summary_large_image","twitter_misc":{"Escrito por":"apuntesdesanluis.com","Tiempo de lectura":"3 minutos"},"schema":{"@context":"https:\/\/schema.org","@graph":[{"@type":"Article","@id":"https:\/\/apuntesdesanluis.com\/index.php\/2024\/09\/24\/mondino-acordo-con-el-reino-unido-reanudar-los-vuelos-a-las-islas-malvinas\/#article","isPartOf":{"@id":"https:\/\/apuntesdesanluis.com\/index.php\/2024\/09\/24\/mondino-acordo-con-el-reino-unido-reanudar-los-vuelos-a-las-islas-malvinas\/"},"author":{"name":"apuntesdesanluis.com","@id":"https:\/\/apuntesdesanluis.com\/#\/schema\/person\/b55151d52296fcce64d1a72538a70b90"},"headline":"MONDINO ACORD\u00d3 CON EL REINO UNIDO REANUDAR LOS VUELOS A LAS ISLAS MALVINAS","datePublished":"2024-09-25T00:44:09+00:00","mainEntityOfPage":{"@id":"https:\/\/apuntesdesanluis.com\/index.php\/2024\/09\/24\/mondino-acordo-con-el-reino-unido-reanudar-los-vuelos-a-las-islas-malvinas\/"},"wordCount":610,"publisher":{"@id":"https:\/\/apuntesdesanluis.com\/#\/schema\/person\/b55151d52296fcce64d1a72538a70b90"},"image":{"@id":"https:\/\/apuntesdesanluis.com\/index.php\/2024\/09\/24\/mondino-acordo-con-el-reino-unido-reanudar-los-vuelos-a-las-islas-malvinas\/#primaryimage"},"thumbnailUrl":"https:\/\/apuntesdesanluis.com\/wp-content\/uploads\/2024\/09\/DIANA-MONDINO.png","articleSection":["Nacionales\/Internacionales"],"inLanguage":"es-AR"},{"@type":"WebPage","@id":"https:\/\/apuntesdesanluis.com\/index.php\/2024\/09\/24\/mondino-acordo-con-el-reino-unido-reanudar-los-vuelos-a-las-islas-malvinas\/","url":"https:\/\/apuntesdesanluis.com\/index.php\/2024\/09\/24\/mondino-acordo-con-el-reino-unido-reanudar-los-vuelos-a-las-islas-malvinas\/","name":"MONDINO ACORD\u00d3 CON EL REINO UNIDO REANUDAR LOS VUELOS A LAS ISLAS MALVINAS - Apuntes de San Luis","isPartOf":{"@id":"https:\/\/apuntesdesanluis.com\/#website"},"primaryImageOfPage":{"@id":"https:\/\/apuntesdesanluis.com\/index.php\/2024\/09\/24\/mondino-acordo-con-el-reino-unido-reanudar-los-vuelos-a-las-islas-malvinas\/#primaryimage"},"image":{"@id":"https:\/\/apuntesdesanluis.com\/index.php\/2024\/09\/24\/mondino-acordo-con-el-reino-unido-reanudar-los-vuelos-a-las-islas-malvinas\/#primaryimage"},"thumbnailUrl":"https:\/\/apuntesdesanluis.com\/wp-content\/uploads\/2024\/09\/DIANA-MONDINO.png","datePublished":"2024-09-25T00:44:09+00:00","breadcrumb":{"@id":"https:\/\/apuntesdesanluis.com\/index.php\/2024\/09\/24\/mondino-acordo-con-el-reino-unido-reanudar-los-vuelos-a-las-islas-malvinas\/#breadcrumb"},"inLanguage":"es-AR","potentialAction":[{"@type":"ReadAction","target":["https:\/\/apuntesdesanluis.com\/index.php\/2024\/09\/24\/mondino-acordo-con-el-reino-unido-reanudar-los-vuelos-a-las-islas-malvinas\/"]}]},{"@type":"ImageObject","inLanguage":"es-AR","@id":"https:\/\/apuntesdesanluis.com\/index.php\/2024\/09\/24\/mondino-acordo-con-el-reino-unido-reanudar-los-vuelos-a-las-islas-malvinas\/#primaryimage","url":"https:\/\/apuntesdesanluis.com\/wp-content\/uploads\/2024\/09\/DIANA-MONDINO.png","contentUrl":"https:\/\/apuntesdesanluis.com\/wp-content\/uploads\/2024\/09\/DIANA-MONDINO.png","width":626,"height":421},{"@type":"BreadcrumbList","@id":"https:\/\/apuntesdesanluis.com\/index.php\/2024\/09\/24\/mondino-acordo-con-el-reino-unido-reanudar-los-vuelos-a-las-islas-malvinas\/#breadcrumb","itemListElement":[{"@type":"ListItem","position":1,"name":"Inicio","item":"https:\/\/apuntesdesanluis.com\/"},{"@type":"ListItem","position":2,"name":"MONDINO ACORD\u00d3 CON EL REINO UNIDO REANUDAR LOS VUELOS A LAS ISLAS MALVINAS"}]},{"@type":"WebSite","@id":"https:\/\/apuntesdesanluis.com\/#website","url":"https:\/\/apuntesdesanluis.com\/","name":"Apuntes de San Luis","description":"","publisher":{"@id":"https:\/\/apuntesdesanluis.com\/#\/schema\/person\/b55151d52296fcce64d1a72538a70b90"},"potentialAction":[{"@type":"SearchAction","target":{"@type":"EntryPoint","urlTemplate":"https:\/\/apuntesdesanluis.com\/?s={search_term_string}"},"query-input":{"@type":"PropertyValueSpecification","valueRequired":true,"valueName":"search_term_string"}}],"inLanguage":"es-AR"},{"@type":["Person","Organization"],"@id":"https:\/\/apuntesdesanluis.com\/#\/schema\/person\/b55151d52296fcce64d1a72538a70b90","name":"apuntesdesanluis.com","image":{"@type":"ImageObject","inLanguage":"es-AR","@id":"https:\/\/apuntesdesanluis.com\/#\/schema\/person\/image\/","url":"https:\/\/apuntesdesanluis.com\/wp-content\/uploads\/2023\/07\/cropped-apuntesdesanluis.png","contentUrl":"https:\/\/apuntesdesanluis.com\/wp-content\/uploads\/2023\/07\/cropped-apuntesdesanluis.png","width":450,"height":112,"caption":"apuntesdesanluis.com"},"logo":{"@id":"https:\/\/apuntesdesanluis.com\/#\/schema\/person\/image\/"},"sameAs":["https:\/\/apuntesdesanluis.com"],"url":"https:\/\/apuntesdesanluis.com\/index.php\/author\/apuntesdesanluis-com\/"}]}},"featured_image_urls":{"full":["https:\/\/apuntesdesanluis.com\/wp-content\/uploads\/2024\/09\/DIANA-MONDINO.png",626,421,false],"thumbnail":["https:\/\/apuntesdesanluis.com\/wp-content\/uploads\/2024\/09\/DIANA-MONDINO-150x150.png",150,150,true],"medium":["https:\/\/apuntesdesanluis.com\/wp-content\/uploads\/2024\/09\/DIANA-MONDINO-300x202.png",300,202,true],"medium_large":["https:\/\/apuntesdesanluis.com\/wp-content\/uploads\/2024\/09\/DIANA-MONDINO.png",626,421,false],"large":["https:\/\/apuntesdesanluis.com\/wp-content\/uploads\/2024\/09\/DIANA-MONDINO.png",626,421,false],"1536x1536":["https:\/\/apuntesdesanluis.com\/wp-content\/uploads\/2024\/09\/DIANA-MONDINO.png",626,421,false],"2048x2048":["https:\/\/apuntesdesanluis.com\/wp-content\/uploads\/2024\/09\/DIANA-MONDINO.png",626,421,false],"newsever-slider-full":["https:\/\/apuntesdesanluis.com\/wp-content\/uploads\/2024\/09\/DIANA-MONDINO.png",626,421,false],"newsever-featured":["https:\/\/apuntesdesanluis.com\/wp-content\/uploads\/2024\/09\/DIANA-MONDINO.png",626,421,false],"newsever-medium":["https:\/\/apuntesdesanluis.com\/wp-content\/uploads\/2024\/09\/DIANA-MONDINO.png",626,421,false]},"author_info":{"display_name":"apuntesdesanluis.com","author_link":"https:\/\/apuntesdesanluis.com\/index.php\/author\/apuntesdesanluis-com\/"},"category_info":"<a href=\"https:\/\/apuntesdesanluis.com\/index.php\/category\/nacionales-internacionales\/\" rel=\"category tag\">Nacionales\/Internacionales<\/a>","tag_info":"Nacionales\/Internacionales","comment_count":"0","_links":{"self":[{"href":"https:\/\/apuntesdesanluis.com\/index.php\/wp-json\/wp\/v2\/posts\/22838","targetHints":{"allow":["GET"]}}],"collection":[{"href":"https:\/\/apuntesdesanluis.com\/index.php\/wp-json\/wp\/v2\/posts"}],"about":[{"href":"https:\/\/apuntesdesanluis.com\/index.php\/wp-json\/wp\/v2\/types\/post"}],"author":[{"embeddable":true,"href":"https:\/\/apuntesdesanluis.com\/index.php\/wp-json\/wp\/v2\/users\/1"}],"replies":[{"embeddable":true,"href":"https:\/\/apuntesdesanluis.com\/index.php\/wp-json\/wp\/v2\/comments?post=22838"}],"version-history":[{"count":1,"href":"https:\/\/apuntesdesanluis.com\/index.php\/wp-json\/wp\/v2\/posts\/22838\/revisions"}],"predecessor-version":[{"id":22840,"href":"https:\/\/apuntesdesanluis.com\/index.php\/wp-json\/wp\/v2\/posts\/22838\/revisions\/22840"}],"wp:featuredmedia":[{"embeddable":true,"href":"https:\/\/apuntesdesanluis.com\/index.php\/wp-json\/wp\/v2\/media\/22839"}],"wp:attachment":[{"href":"https:\/\/apuntesdesanluis.com\/index.php\/wp-json\/wp\/v2\/media?parent=22838"}],"wp:term":[{"taxonomy":"category","embeddable":true,"href":"https:\/\/apuntesdesanluis.com\/index.php\/wp-json\/wp\/v2\/categories?post=22838"},{"taxonomy":"post_tag","embeddable":true,"href":"https:\/\/apuntesdesanluis.com\/index.php\/wp-json\/wp\/v2\/tags?post=22838"}],"curies":[{"name":"wp","href":"https:\/\/api.w.org\/{rel}","templated":true}]}}