{"id":22841,"date":"2024-09-24T21:50:28","date_gmt":"2024-09-25T00:50:28","guid":{"rendered":"https:\/\/apuntesdesanluis.com\/?p=22841"},"modified":"2024-09-24T21:50:28","modified_gmt":"2024-09-25T00:50:28","slug":"el-consumo-cayo-78-en-agosto-por-un-desplome-del-poder-de-compra-los-rubros-mas-afectados","status":"publish","type":"post","link":"https:\/\/apuntesdesanluis.com\/index.php\/2024\/09\/24\/el-consumo-cayo-78-en-agosto-por-un-desplome-del-poder-de-compra-los-rubros-mas-afectados\/","title":{"rendered":"EL CONSUMO CAY\u00d3 7,8% EN AGOSTO POR UN DESPLOME DEL PODER DE COMPRA: LOS RUBROS M\u00c1S AFECTADOS"},"content":{"rendered":"<h3>La recuperaci\u00f3n que evidenciaron algunos sectores de la econom\u00eda en agosto no alcanz\u00f3 para revertir la ca\u00edda del consumo, que experiment\u00f3 un retroceso de 7,8% en t\u00e9rminos interanuales y frente a julio, el decrecimiento desestacionalizado alcanz\u00f3 el 1,8%.<\/h3>\n<h3>As\u00ed se desprende del Indicador de Consumo (IC) que elabora C\u00e1mara Argentina de Comercio y Servicios (CAC) de forma mensual. El \u00edndice estim\u00f3 un ingreso promedio por hogar de $1.374.000 durante el mes anterior, lo que se traduce en una ca\u00edda de 15,6% en su poder de compra.<\/h3>\n<h3>El ejercicio del periodismo profesional y cr\u00edtico es un pilar fundamental de la democracia. Por eso molesta a quienes creen ser los due\u00f1os de la verdad.<\/h3>\n<h3>&#8220;Si bien la inflaci\u00f3n se estabiliz\u00f3 durante los \u00faltimos cuatro meses, el ingreso real se mantiene en niveles bajos y el consumo no muestra se\u00f1ales de recuperaci\u00f3n&#8221;, dictamina el trabajo de la entidad empresaria sobre uno de los segmentos m\u00e1s sensibles de la actividad econ\u00f3mica junto a las exportaciones y las inversiones.<\/h3>\n<h3>A lo largo de los primeros ocho meses de 2024, el IC anot\u00f3 una contracci\u00f3n acumulada de 6,4% respecto al mismo per\u00edodo del a\u00f1o anterior y los analistas destacaron &#8220;la magnitud y el signo negativo en las variaciones interanuales de recreaci\u00f3n e indumentaria, mostrando una disminuci\u00f3n del 21,7% y 17,0%, respectivamente&#8221;.<\/h3>\n<h3>Por otra parte, remarcaron que los datos obtenidos por el Instituto Nacional de Estad\u00edstica y Censos (INDEC) correspondientes a junio en lo que hace a recreaci\u00f3n y cultura &#8220;fueron bastante mejores de lo esperado&#8221; en un primer momento.<\/h3>\n<h3>El \u00edndice refleja la evoluci\u00f3n del consumo de los hogares en bienes y servicios finales con una periodicidad mensual, expandiendo y complementando los aportes de informaci\u00f3n que realiza la C\u00e1mara al seguimiento del comercio y la actividad econ\u00f3mica.<\/h3>\n<h3><strong>EL IMPACTO DE LA INFLACI\u00d3N EN LA CA\u00cdDA DEL CONSUMO<\/strong><\/h3>\n<h3>Para la CAC, la leve aceleraci\u00f3n de la inflaci\u00f3n en agosto contra julio (4,2% vs. 4%) afect\u00f3 negativamente al consumo de las familias: &#8220;Si bien el sostenimiento del crawling peg indica que la inflaci\u00f3n podr\u00eda estabilizarse relativamente en 2024, el aumento en las tarifas de transporte p\u00fablico y agua para septiembre podr\u00eda acelerarla nuevamente&#8221;.<\/h3>\n<h3>&#8220;En este escenario, ser\u00e1 determinante la evoluci\u00f3n del tipo de cambio y de las tarifas de servicios p\u00fablicos para establecer el impacto neto que tendr\u00e1 la inflaci\u00f3n en el ingreso real de los hogares y, por tanto, en el nivel de consumo al cual puedan alcanzar&#8221;, a\u00f1ade el an\u00e1lisis.<\/h3>\n<h3>Por otra parte, las estad\u00edsticas exhiben que la econom\u00eda argentina y el consumo se mueven de forma similar, lo cual implica que las tasas de variaci\u00f3n interanual crecen o se reducen en una misma l\u00ednea.<\/h3>\n<h3>&#8220;En gran parte del 2024, las interanuales tanto del IC como del Estimador Mensual de Actividad Econ\u00f3mica (EMAE) presentaron un comportamiento negativo: el del consumo contin\u00faa hasta la actualidad, pero el de la actividad se interrumpi\u00f3 en mayo. En junio, el EMAE registr\u00f3 una ca\u00edda interanual del 3,9%, en contraste con el excepcional desempe\u00f1o de mayo. Esta baja en el indicador de actividad estuvo alineada con lo ocurrido con el IC en el octavo mes del a\u00f1o&#8221;, plantea el reporte.<\/h3>\n<h3><strong>LOS RUBROS M\u00c1S AFECTADOS<\/strong><\/h3>\n<h3>Hacia adentro de las categor\u00edas que conforman el indicador de la CAC, se observa una din\u00e1mica generalizada de ca\u00edda interanual a excepci\u00f3n de los rubros vivienda, alquileres y servicios p\u00fablicos.<\/h3>\n<h3>Uno de los sectores m\u00e1s golpeados por la recesi\u00f3n es indumentaria y calzado, que marc\u00f3 un decrecimiento interanual de 17% y una incidencia negativa de 1 punto porcentual al nivel general. Las ventas siguen deprimidas y cayeron a la par del desplome del ingreso real de los hogares.<\/h3>\n<h3>En cuanto al cap\u00edtulo de transporte y veh\u00edculos, se redujo 13,8% en agosto, contribuyendo negativamente en un 1,7% a la variaci\u00f3n interanual del IC. La tenue retracci\u00f3n de los patentamientos de autos para consumo y el encarecimiento de la nafta explicaron el comportamiento del \u00edndice.<\/h3>\n<h3>&#8220;Recreaci\u00f3n y cultura mostr\u00f3 en agosto un decrecimiento de 21,7% i.a. (con una contribuci\u00f3n negativa de 1,6 p.p. al IC). La din\u00e1mica del consumo en recreaci\u00f3n y cultura es la esperable: con un ingreso real en niveles bajos el consumo de ocio se ha postergado&#8221;, suma el informe.<\/h3>\n<h3>Respecto al apartado de vivienda, alquileres y servicios p\u00fablicos, exhibi\u00f3 una din\u00e1mica neutra con una variaci\u00f3n de 0% durante el mes pasado. Si bien el ingreso disponible de los hogares merm\u00f3, la demanda de energ\u00eda el\u00e9ctrica subi\u00f3 y mantuvo constante el consumo en este rubro.<\/h3>\n<p>&nbsp;<\/p>\n<p>&nbsp;<\/p>\n<p>&nbsp;<\/p>\n<p>&nbsp;<\/p>\n","protected":false},"excerpt":{"rendered":"<p>La recuperaci\u00f3n que evidenciaron algunos sectores de la econom\u00eda en agosto no alcanz\u00f3 para revertir&#8230;<\/p>\n","protected":false},"author":1,"featured_media":22842,"comment_status":"closed","ping_status":"closed","sticky":false,"template":"","format":"standard","meta":{"footnotes":""},"categories":[5],"tags":[],"class_list":["post-22841","post","type-post","status-publish","format-standard","has-post-thumbnail","hentry","category-nacionales-internacionales"],"yoast_head":"<!-- This site is optimized with the Yoast SEO plugin v26.1.1 - https:\/\/yoast.com\/wordpress\/plugins\/seo\/ -->\n<title>EL CONSUMO CAY\u00d3 7,8% EN AGOSTO POR UN DESPLOME DEL PODER DE COMPRA: LOS RUBROS M\u00c1S AFECTADOS - Apuntes de San Luis<\/title>\n<meta name=\"robots\" content=\"index, follow, max-snippet:-1, max-image-preview:large, max-video-preview:-1\" \/>\n<link rel=\"canonical\" href=\"https:\/\/apuntesdesanluis.com\/index.php\/2024\/09\/24\/el-consumo-cayo-78-en-agosto-por-un-desplome-del-poder-de-compra-los-rubros-mas-afectados\/\" \/>\n<meta property=\"og:locale\" content=\"es_ES\" \/>\n<meta property=\"og:type\" content=\"article\" \/>\n<meta property=\"og:title\" content=\"EL CONSUMO CAY\u00d3 7,8% EN AGOSTO POR UN DESPLOME DEL PODER DE COMPRA: LOS RUBROS M\u00c1S AFECTADOS - Apuntes de San Luis\" \/>\n<meta property=\"og:description\" content=\"La recuperaci\u00f3n que evidenciaron algunos sectores de la econom\u00eda en agosto no alcanz\u00f3 para revertir...\" \/>\n<meta property=\"og:url\" content=\"https:\/\/apuntesdesanluis.com\/index.php\/2024\/09\/24\/el-consumo-cayo-78-en-agosto-por-un-desplome-del-poder-de-compra-los-rubros-mas-afectados\/\" \/>\n<meta property=\"og:site_name\" content=\"Apuntes de San Luis\" \/>\n<meta property=\"article:published_time\" content=\"2024-09-25T00:50:28+00:00\" \/>\n<meta property=\"og:image\" content=\"https:\/\/apuntesdesanluis.com\/wp-content\/uploads\/2024\/09\/CAE-EL-CONSUMO.png\" \/>\n\t<meta property=\"og:image:width\" content=\"550\" \/>\n\t<meta property=\"og:image:height\" content=\"321\" \/>\n\t<meta property=\"og:image:type\" content=\"image\/png\" \/>\n<meta name=\"author\" content=\"apuntesdesanluis.com\" \/>\n<meta name=\"twitter:card\" content=\"summary_large_image\" \/>\n<meta name=\"twitter:label1\" content=\"Escrito por\" \/>\n\t<meta name=\"twitter:data1\" content=\"apuntesdesanluis.com\" \/>\n\t<meta name=\"twitter:label2\" content=\"Tiempo de lectura\" \/>\n\t<meta name=\"twitter:data2\" content=\"4 minutos\" \/>\n<script type=\"application\/ld+json\" class=\"yoast-schema-graph\">{\"@context\":\"https:\/\/schema.org\",\"@graph\":[{\"@type\":\"Article\",\"@id\":\"https:\/\/apuntesdesanluis.com\/index.php\/2024\/09\/24\/el-consumo-cayo-78-en-agosto-por-un-desplome-del-poder-de-compra-los-rubros-mas-afectados\/#article\",\"isPartOf\":{\"@id\":\"https:\/\/apuntesdesanluis.com\/index.php\/2024\/09\/24\/el-consumo-cayo-78-en-agosto-por-un-desplome-del-poder-de-compra-los-rubros-mas-afectados\/\"},\"author\":{\"name\":\"apuntesdesanluis.com\",\"@id\":\"https:\/\/apuntesdesanluis.com\/#\/schema\/person\/b55151d52296fcce64d1a72538a70b90\"},\"headline\":\"EL CONSUMO CAY\u00d3 7,8% EN AGOSTO POR UN DESPLOME DEL PODER DE COMPRA: LOS RUBROS M\u00c1S AFECTADOS\",\"datePublished\":\"2024-09-25T00:50:28+00:00\",\"mainEntityOfPage\":{\"@id\":\"https:\/\/apuntesdesanluis.com\/index.php\/2024\/09\/24\/el-consumo-cayo-78-en-agosto-por-un-desplome-del-poder-de-compra-los-rubros-mas-afectados\/\"},\"wordCount\":809,\"publisher\":{\"@id\":\"https:\/\/apuntesdesanluis.com\/#\/schema\/person\/b55151d52296fcce64d1a72538a70b90\"},\"image\":{\"@id\":\"https:\/\/apuntesdesanluis.com\/index.php\/2024\/09\/24\/el-consumo-cayo-78-en-agosto-por-un-desplome-del-poder-de-compra-los-rubros-mas-afectados\/#primaryimage\"},\"thumbnailUrl\":\"https:\/\/apuntesdesanluis.com\/wp-content\/uploads\/2024\/09\/CAE-EL-CONSUMO.png\",\"articleSection\":[\"Nacionales\/Internacionales\"],\"inLanguage\":\"es-AR\"},{\"@type\":\"WebPage\",\"@id\":\"https:\/\/apuntesdesanluis.com\/index.php\/2024\/09\/24\/el-consumo-cayo-78-en-agosto-por-un-desplome-del-poder-de-compra-los-rubros-mas-afectados\/\",\"url\":\"https:\/\/apuntesdesanluis.com\/index.php\/2024\/09\/24\/el-consumo-cayo-78-en-agosto-por-un-desplome-del-poder-de-compra-los-rubros-mas-afectados\/\",\"name\":\"EL CONSUMO CAY\u00d3 7,8% EN AGOSTO POR UN DESPLOME DEL PODER DE COMPRA: LOS RUBROS M\u00c1S AFECTADOS - Apuntes de San Luis\",\"isPartOf\":{\"@id\":\"https:\/\/apuntesdesanluis.com\/#website\"},\"primaryImageOfPage\":{\"@id\":\"https:\/\/apuntesdesanluis.com\/index.php\/2024\/09\/24\/el-consumo-cayo-78-en-agosto-por-un-desplome-del-poder-de-compra-los-rubros-mas-afectados\/#primaryimage\"},\"image\":{\"@id\":\"https:\/\/apuntesdesanluis.com\/index.php\/2024\/09\/24\/el-consumo-cayo-78-en-agosto-por-un-desplome-del-poder-de-compra-los-rubros-mas-afectados\/#primaryimage\"},\"thumbnailUrl\":\"https:\/\/apuntesdesanluis.com\/wp-content\/uploads\/2024\/09\/CAE-EL-CONSUMO.png\",\"datePublished\":\"2024-09-25T00:50:28+00:00\",\"breadcrumb\":{\"@id\":\"https:\/\/apuntesdesanluis.com\/index.php\/2024\/09\/24\/el-consumo-cayo-78-en-agosto-por-un-desplome-del-poder-de-compra-los-rubros-mas-afectados\/#breadcrumb\"},\"inLanguage\":\"es-AR\",\"potentialAction\":[{\"@type\":\"ReadAction\",\"target\":[\"https:\/\/apuntesdesanluis.com\/index.php\/2024\/09\/24\/el-consumo-cayo-78-en-agosto-por-un-desplome-del-poder-de-compra-los-rubros-mas-afectados\/\"]}]},{\"@type\":\"ImageObject\",\"inLanguage\":\"es-AR\",\"@id\":\"https:\/\/apuntesdesanluis.com\/index.php\/2024\/09\/24\/el-consumo-cayo-78-en-agosto-por-un-desplome-del-poder-de-compra-los-rubros-mas-afectados\/#primaryimage\",\"url\":\"https:\/\/apuntesdesanluis.com\/wp-content\/uploads\/2024\/09\/CAE-EL-CONSUMO.png\",\"contentUrl\":\"https:\/\/apuntesdesanluis.com\/wp-content\/uploads\/2024\/09\/CAE-EL-CONSUMO.png\",\"width\":550,\"height\":321},{\"@type\":\"BreadcrumbList\",\"@id\":\"https:\/\/apuntesdesanluis.com\/index.php\/2024\/09\/24\/el-consumo-cayo-78-en-agosto-por-un-desplome-del-poder-de-compra-los-rubros-mas-afectados\/#breadcrumb\",\"itemListElement\":[{\"@type\":\"ListItem\",\"position\":1,\"name\":\"Inicio\",\"item\":\"https:\/\/apuntesdesanluis.com\/\"},{\"@type\":\"ListItem\",\"position\":2,\"name\":\"EL CONSUMO CAY\u00d3 7,8% EN AGOSTO POR UN DESPLOME DEL PODER DE COMPRA: LOS RUBROS M\u00c1S AFECTADOS\"}]},{\"@type\":\"WebSite\",\"@id\":\"https:\/\/apuntesdesanluis.com\/#website\",\"url\":\"https:\/\/apuntesdesanluis.com\/\",\"name\":\"Apuntes de San Luis\",\"description\":\"\",\"publisher\":{\"@id\":\"https:\/\/apuntesdesanluis.com\/#\/schema\/person\/b55151d52296fcce64d1a72538a70b90\"},\"potentialAction\":[{\"@type\":\"SearchAction\",\"target\":{\"@type\":\"EntryPoint\",\"urlTemplate\":\"https:\/\/apuntesdesanluis.com\/?s={search_term_string}\"},\"query-input\":{\"@type\":\"PropertyValueSpecification\",\"valueRequired\":true,\"valueName\":\"search_term_string\"}}],\"inLanguage\":\"es-AR\"},{\"@type\":[\"Person\",\"Organization\"],\"@id\":\"https:\/\/apuntesdesanluis.com\/#\/schema\/person\/b55151d52296fcce64d1a72538a70b90\",\"name\":\"apuntesdesanluis.com\",\"image\":{\"@type\":\"ImageObject\",\"inLanguage\":\"es-AR\",\"@id\":\"https:\/\/apuntesdesanluis.com\/#\/schema\/person\/image\/\",\"url\":\"https:\/\/apuntesdesanluis.com\/wp-content\/uploads\/2023\/07\/cropped-apuntesdesanluis.png\",\"contentUrl\":\"https:\/\/apuntesdesanluis.com\/wp-content\/uploads\/2023\/07\/cropped-apuntesdesanluis.png\",\"width\":450,\"height\":112,\"caption\":\"apuntesdesanluis.com\"},\"logo\":{\"@id\":\"https:\/\/apuntesdesanluis.com\/#\/schema\/person\/image\/\"},\"sameAs\":[\"https:\/\/apuntesdesanluis.com\"],\"url\":\"https:\/\/apuntesdesanluis.com\/index.php\/author\/apuntesdesanluis-com\/\"}]}<\/script>\n<!-- \/ Yoast SEO plugin. -->","yoast_head_json":{"title":"EL CONSUMO CAY\u00d3 7,8% EN AGOSTO POR UN DESPLOME DEL PODER DE COMPRA: LOS RUBROS M\u00c1S AFECTADOS - Apuntes de San Luis","robots":{"index":"index","follow":"follow","max-snippet":"max-snippet:-1","max-image-preview":"max-image-preview:large","max-video-preview":"max-video-preview:-1"},"canonical":"https:\/\/apuntesdesanluis.com\/index.php\/2024\/09\/24\/el-consumo-cayo-78-en-agosto-por-un-desplome-del-poder-de-compra-los-rubros-mas-afectados\/","og_locale":"es_ES","og_type":"article","og_title":"EL CONSUMO CAY\u00d3 7,8% EN AGOSTO POR UN DESPLOME DEL PODER DE COMPRA: LOS RUBROS M\u00c1S AFECTADOS - Apuntes de San Luis","og_description":"La recuperaci\u00f3n que evidenciaron algunos sectores de la econom\u00eda en agosto no alcanz\u00f3 para revertir...","og_url":"https:\/\/apuntesdesanluis.com\/index.php\/2024\/09\/24\/el-consumo-cayo-78-en-agosto-por-un-desplome-del-poder-de-compra-los-rubros-mas-afectados\/","og_site_name":"Apuntes de San Luis","article_published_time":"2024-09-25T00:50:28+00:00","og_image":[{"width":550,"height":321,"url":"https:\/\/apuntesdesanluis.com\/wp-content\/uploads\/2024\/09\/CAE-EL-CONSUMO.png","type":"image\/png"}],"author":"apuntesdesanluis.com","twitter_card":"summary_large_image","twitter_misc":{"Escrito por":"apuntesdesanluis.com","Tiempo de lectura":"4 minutos"},"schema":{"@context":"https:\/\/schema.org","@graph":[{"@type":"Article","@id":"https:\/\/apuntesdesanluis.com\/index.php\/2024\/09\/24\/el-consumo-cayo-78-en-agosto-por-un-desplome-del-poder-de-compra-los-rubros-mas-afectados\/#article","isPartOf":{"@id":"https:\/\/apuntesdesanluis.com\/index.php\/2024\/09\/24\/el-consumo-cayo-78-en-agosto-por-un-desplome-del-poder-de-compra-los-rubros-mas-afectados\/"},"author":{"name":"apuntesdesanluis.com","@id":"https:\/\/apuntesdesanluis.com\/#\/schema\/person\/b55151d52296fcce64d1a72538a70b90"},"headline":"EL CONSUMO CAY\u00d3 7,8% EN AGOSTO POR UN DESPLOME DEL PODER DE COMPRA: LOS RUBROS M\u00c1S AFECTADOS","datePublished":"2024-09-25T00:50:28+00:00","mainEntityOfPage":{"@id":"https:\/\/apuntesdesanluis.com\/index.php\/2024\/09\/24\/el-consumo-cayo-78-en-agosto-por-un-desplome-del-poder-de-compra-los-rubros-mas-afectados\/"},"wordCount":809,"publisher":{"@id":"https:\/\/apuntesdesanluis.com\/#\/schema\/person\/b55151d52296fcce64d1a72538a70b90"},"image":{"@id":"https:\/\/apuntesdesanluis.com\/index.php\/2024\/09\/24\/el-consumo-cayo-78-en-agosto-por-un-desplome-del-poder-de-compra-los-rubros-mas-afectados\/#primaryimage"},"thumbnailUrl":"https:\/\/apuntesdesanluis.com\/wp-content\/uploads\/2024\/09\/CAE-EL-CONSUMO.png","articleSection":["Nacionales\/Internacionales"],"inLanguage":"es-AR"},{"@type":"WebPage","@id":"https:\/\/apuntesdesanluis.com\/index.php\/2024\/09\/24\/el-consumo-cayo-78-en-agosto-por-un-desplome-del-poder-de-compra-los-rubros-mas-afectados\/","url":"https:\/\/apuntesdesanluis.com\/index.php\/2024\/09\/24\/el-consumo-cayo-78-en-agosto-por-un-desplome-del-poder-de-compra-los-rubros-mas-afectados\/","name":"EL CONSUMO CAY\u00d3 7,8% EN AGOSTO POR UN DESPLOME DEL PODER DE COMPRA: LOS RUBROS M\u00c1S AFECTADOS - Apuntes de San Luis","isPartOf":{"@id":"https:\/\/apuntesdesanluis.com\/#website"},"primaryImageOfPage":{"@id":"https:\/\/apuntesdesanluis.com\/index.php\/2024\/09\/24\/el-consumo-cayo-78-en-agosto-por-un-desplome-del-poder-de-compra-los-rubros-mas-afectados\/#primaryimage"},"image":{"@id":"https:\/\/apuntesdesanluis.com\/index.php\/2024\/09\/24\/el-consumo-cayo-78-en-agosto-por-un-desplome-del-poder-de-compra-los-rubros-mas-afectados\/#primaryimage"},"thumbnailUrl":"https:\/\/apuntesdesanluis.com\/wp-content\/uploads\/2024\/09\/CAE-EL-CONSUMO.png","datePublished":"2024-09-25T00:50:28+00:00","breadcrumb":{"@id":"https:\/\/apuntesdesanluis.com\/index.php\/2024\/09\/24\/el-consumo-cayo-78-en-agosto-por-un-desplome-del-poder-de-compra-los-rubros-mas-afectados\/#breadcrumb"},"inLanguage":"es-AR","potentialAction":[{"@type":"ReadAction","target":["https:\/\/apuntesdesanluis.com\/index.php\/2024\/09\/24\/el-consumo-cayo-78-en-agosto-por-un-desplome-del-poder-de-compra-los-rubros-mas-afectados\/"]}]},{"@type":"ImageObject","inLanguage":"es-AR","@id":"https:\/\/apuntesdesanluis.com\/index.php\/2024\/09\/24\/el-consumo-cayo-78-en-agosto-por-un-desplome-del-poder-de-compra-los-rubros-mas-afectados\/#primaryimage","url":"https:\/\/apuntesdesanluis.com\/wp-content\/uploads\/2024\/09\/CAE-EL-CONSUMO.png","contentUrl":"https:\/\/apuntesdesanluis.com\/wp-content\/uploads\/2024\/09\/CAE-EL-CONSUMO.png","width":550,"height":321},{"@type":"BreadcrumbList","@id":"https:\/\/apuntesdesanluis.com\/index.php\/2024\/09\/24\/el-consumo-cayo-78-en-agosto-por-un-desplome-del-poder-de-compra-los-rubros-mas-afectados\/#breadcrumb","itemListElement":[{"@type":"ListItem","position":1,"name":"Inicio","item":"https:\/\/apuntesdesanluis.com\/"},{"@type":"ListItem","position":2,"name":"EL CONSUMO CAY\u00d3 7,8% EN AGOSTO POR UN DESPLOME DEL PODER DE COMPRA: LOS RUBROS M\u00c1S AFECTADOS"}]},{"@type":"WebSite","@id":"https:\/\/apuntesdesanluis.com\/#website","url":"https:\/\/apuntesdesanluis.com\/","name":"Apuntes de San Luis","description":"","publisher":{"@id":"https:\/\/apuntesdesanluis.com\/#\/schema\/person\/b55151d52296fcce64d1a72538a70b90"},"potentialAction":[{"@type":"SearchAction","target":{"@type":"EntryPoint","urlTemplate":"https:\/\/apuntesdesanluis.com\/?s={search_term_string}"},"query-input":{"@type":"PropertyValueSpecification","valueRequired":true,"valueName":"search_term_string"}}],"inLanguage":"es-AR"},{"@type":["Person","Organization"],"@id":"https:\/\/apuntesdesanluis.com\/#\/schema\/person\/b55151d52296fcce64d1a72538a70b90","name":"apuntesdesanluis.com","image":{"@type":"ImageObject","inLanguage":"es-AR","@id":"https:\/\/apuntesdesanluis.com\/#\/schema\/person\/image\/","url":"https:\/\/apuntesdesanluis.com\/wp-content\/uploads\/2023\/07\/cropped-apuntesdesanluis.png","contentUrl":"https:\/\/apuntesdesanluis.com\/wp-content\/uploads\/2023\/07\/cropped-apuntesdesanluis.png","width":450,"height":112,"caption":"apuntesdesanluis.com"},"logo":{"@id":"https:\/\/apuntesdesanluis.com\/#\/schema\/person\/image\/"},"sameAs":["https:\/\/apuntesdesanluis.com"],"url":"https:\/\/apuntesdesanluis.com\/index.php\/author\/apuntesdesanluis-com\/"}]}},"featured_image_urls":{"full":["https:\/\/apuntesdesanluis.com\/wp-content\/uploads\/2024\/09\/CAE-EL-CONSUMO.png",550,321,false],"thumbnail":["https:\/\/apuntesdesanluis.com\/wp-content\/uploads\/2024\/09\/CAE-EL-CONSUMO-150x150.png",150,150,true],"medium":["https:\/\/apuntesdesanluis.com\/wp-content\/uploads\/2024\/09\/CAE-EL-CONSUMO-300x175.png",300,175,true],"medium_large":["https:\/\/apuntesdesanluis.com\/wp-content\/uploads\/2024\/09\/CAE-EL-CONSUMO.png",550,321,false],"large":["https:\/\/apuntesdesanluis.com\/wp-content\/uploads\/2024\/09\/CAE-EL-CONSUMO.png",550,321,false],"1536x1536":["https:\/\/apuntesdesanluis.com\/wp-content\/uploads\/2024\/09\/CAE-EL-CONSUMO.png",550,321,false],"2048x2048":["https:\/\/apuntesdesanluis.com\/wp-content\/uploads\/2024\/09\/CAE-EL-CONSUMO.png",550,321,false],"newsever-slider-full":["https:\/\/apuntesdesanluis.com\/wp-content\/uploads\/2024\/09\/CAE-EL-CONSUMO.png",550,321,false],"newsever-featured":["https:\/\/apuntesdesanluis.com\/wp-content\/uploads\/2024\/09\/CAE-EL-CONSUMO.png",550,321,false],"newsever-medium":["https:\/\/apuntesdesanluis.com\/wp-content\/uploads\/2024\/09\/CAE-EL-CONSUMO.png",550,321,false]},"author_info":{"display_name":"apuntesdesanluis.com","author_link":"https:\/\/apuntesdesanluis.com\/index.php\/author\/apuntesdesanluis-com\/"},"category_info":"<a href=\"https:\/\/apuntesdesanluis.com\/index.php\/category\/nacionales-internacionales\/\" rel=\"category tag\">Nacionales\/Internacionales<\/a>","tag_info":"Nacionales\/Internacionales","comment_count":"0","_links":{"self":[{"href":"https:\/\/apuntesdesanluis.com\/index.php\/wp-json\/wp\/v2\/posts\/22841","targetHints":{"allow":["GET"]}}],"collection":[{"href":"https:\/\/apuntesdesanluis.com\/index.php\/wp-json\/wp\/v2\/posts"}],"about":[{"href":"https:\/\/apuntesdesanluis.com\/index.php\/wp-json\/wp\/v2\/types\/post"}],"author":[{"embeddable":true,"href":"https:\/\/apuntesdesanluis.com\/index.php\/wp-json\/wp\/v2\/users\/1"}],"replies":[{"embeddable":true,"href":"https:\/\/apuntesdesanluis.com\/index.php\/wp-json\/wp\/v2\/comments?post=22841"}],"version-history":[{"count":1,"href":"https:\/\/apuntesdesanluis.com\/index.php\/wp-json\/wp\/v2\/posts\/22841\/revisions"}],"predecessor-version":[{"id":22843,"href":"https:\/\/apuntesdesanluis.com\/index.php\/wp-json\/wp\/v2\/posts\/22841\/revisions\/22843"}],"wp:featuredmedia":[{"embeddable":true,"href":"https:\/\/apuntesdesanluis.com\/index.php\/wp-json\/wp\/v2\/media\/22842"}],"wp:attachment":[{"href":"https:\/\/apuntesdesanluis.com\/index.php\/wp-json\/wp\/v2\/media?parent=22841"}],"wp:term":[{"taxonomy":"category","embeddable":true,"href":"https:\/\/apuntesdesanluis.com\/index.php\/wp-json\/wp\/v2\/categories?post=22841"},{"taxonomy":"post_tag","embeddable":true,"href":"https:\/\/apuntesdesanluis.com\/index.php\/wp-json\/wp\/v2\/tags?post=22841"}],"curies":[{"name":"wp","href":"https:\/\/api.w.org\/{rel}","templated":true}]}}