{"id":22871,"date":"2024-09-25T14:32:01","date_gmt":"2024-09-25T17:32:01","guid":{"rendered":"https:\/\/apuntesdesanluis.com\/?p=22871"},"modified":"2024-09-25T14:37:39","modified_gmt":"2024-09-25T17:37:39","slug":"incendios-queda-un-foco-activo-en-quines-y-una-guardia-de-cenizas-en-el-departamento-san-martin","status":"publish","type":"post","link":"https:\/\/apuntesdesanluis.com\/index.php\/2024\/09\/25\/incendios-queda-un-foco-activo-en-quines-y-una-guardia-de-cenizas-en-el-departamento-san-martin\/","title":{"rendered":"INCENDIOS: QUEDA UN FOCO ACTIVO EN QUINES Y UNA GUARDIA DE CENIZAS EN EL DEPARTAMENTO SAN MART\u00cdN"},"content":{"rendered":"<h3>El \u00fanico incendio activo que persiste en la provincia, se encuentra en el departamento Ayacucho, donde el cuartel de Bomberos Voluntarios trabaja desde hace m\u00e1s de dos d\u00edas. Junto con el personal de la Direcci\u00f3n de Prevenci\u00f3n y Gesti\u00f3n de la Emergencia (DPYGE), est\u00e1n llevando a cabo un relevamiento exhaustivo en la zona.<\/h3>\n<h3>Por otro lado, se inform\u00f3 que ninguna escuela cercana a los incendios sufri\u00f3 da\u00f1os.<\/h3>\n<h3>En toda la provincia, se ha trabajado con persistencia en la extinci\u00f3n de los incendios forestales.<\/h3>\n<p><img fetchpriority=\"high\" decoding=\"async\" class=\"wp-image-22876 aligncenter\" src=\"https:\/\/apuntesdesanluis.com\/wp-content\/uploads\/2024\/09\/inendio-en-san-martin-300x188.png\" alt=\"\" width=\"570\" height=\"357\" srcset=\"https:\/\/apuntesdesanluis.com\/wp-content\/uploads\/2024\/09\/inendio-en-san-martin-300x188.png 300w, https:\/\/apuntesdesanluis.com\/wp-content\/uploads\/2024\/09\/inendio-en-san-martin.png 699w\" sizes=\"(max-width: 570px) 100vw, 570px\" \/><\/p>\n<h3>Los equipos est\u00e1n trabajando arduamente en la localidad del departamento Ayacucho para contener el fuego. Debido a la falta de se\u00f1al telef\u00f3nica, que dificulta la comunicaci\u00f3n entre quienes coordinan la log\u00edstica, el operativo enfrenta complicaciones.<\/h3>\n<h3>Mientras tanto, en el departamento de San Mart\u00edn el fuego ha sido contenido. All\u00ed, una dotaci\u00f3n de Bomberos Voluntarios de Tilisarao, junto con tres dotaciones de la direcci\u00f3n de Prevenci\u00f3n y Gesti\u00f3n de la Emergencia (DPYGE) y Bomberos de la Polic\u00eda, recorren las \u00e1reas afectadas, espec\u00edficamente en Las Vertientes y el resto del departamento. Hasta el momento, hay 16 efectivos asignados a la guardia de cenizas y no se observan columnas de humo ni actividad significativa en la regi\u00f3n.<\/h3>\n<h3>Desde la DPYGE, informaron que se contin\u00faa supervisando las acciones implementadas para controlar todas las \u00e1reas que fueron afectadas en estos d\u00edas y garantizar la seguridad los per\u00edmetros del \u00e1rea quemada.<\/h3>\n<h3><strong>NINGUNA ESCUELA SUFRI\u00d3 DA\u00d1OS<\/strong><\/h3>\n<h3>Con la intenci\u00f3n de prevenir y garantizar el bienestar la comunidad educativa, la cuadrilla de la direcci\u00f3n de Infraestructura Escolar comenz\u00f3 el lunes una gira de evaluaci\u00f3n en varios establecimientos del departamento San Mart\u00edn. Las tareas continuar\u00e1n durante la semana.<\/h3>\n<h3>La cuadrilla recorrer\u00e1 toda la semana las escuelas del departamento San Mart\u00edn.<\/h3>\n<p><img decoding=\"async\" class=\"wp-image-22875 aligncenter\" src=\"https:\/\/apuntesdesanluis.com\/wp-content\/uploads\/2024\/09\/escuela-1-300x215.png\" alt=\"\" width=\"569\" height=\"408\" srcset=\"https:\/\/apuntesdesanluis.com\/wp-content\/uploads\/2024\/09\/escuela-1-300x215.png 300w, https:\/\/apuntesdesanluis.com\/wp-content\/uploads\/2024\/09\/escuela-1.png 669w\" sizes=\"(max-width: 569px) 100vw, 569px\" \/><\/p>\n<h3>Durante esta semana, la direcci\u00f3n de Infraestructura Escolar viene realizando un relevamiento para conocer el estado de las instalaciones educativas cercanas a los incendios que sufri\u00f3 el departamento San Mart\u00edn. Seg\u00fan informaron, ninguna sufri\u00f3 da\u00f1os, pero de todas maneras continuar\u00e1n las recorridas con la intenci\u00f3n de prevenir y garantizar el bienestar de la comunidad.<\/h3>\n<h3>Seg\u00fan explicaron desde el ministerio de Educaci\u00f3n, estas tareas son para estar en contacto directo con las comunidades educativas, ofreciendo apoyo y soluciones adecuadas en caso de que surjan requerimientos adicionales para el correcto dictado de las clases.<\/h3>\n<h3>Las escuelas que se visitaron son:<\/h3>\n<h3>Esc. N\u00b0247 \u2018Granadero Jos\u00e9 Doroteo Arias\u2019 de El Paraguay-Paso Grande; la N\u00b0442 \u2018Dr. Adolfo Rodr\u00edguez Sa\u00e1\u2019 de La Vertiente; la N\u00b0 326 \u2018Ingeniero Jorge Newbery\u2019 de Los Comederos; la N\u00b0389 \u2018Granadero Sim\u00f3n Serares\u2019 de San Fernando; la N\u00b0178 \u2018Jos\u00e9 In\u00e9s Pedernera\u2019 de Potrerillos; la N\u00b0286 \u2018Juan Bautista Alberdi\u2019 de Laguna Larga; la N\u00b0283 \u2018Marcos Sastre\u2019 de La Totora; la N\u00b0177 \u2018Granadero Manuel Antonio Fern\u00e1ndez\u2019 de La Ramada; y la N\u00b0156 \u2018Granadero Jos\u00e9 Gabriel Bustos\u2019 de La Cocha. Esc. N\u00b015 \u2018Santa Catalina de Siena\u2019 de Tala Verde; la N\u00b094 \u2018Granadero Francisco Gatica\u2019 de El Puesto; la N\u00b0125 \u2018Fray Luis Beltr\u00e1n\u2019 de Casa de Los Tigres; la N\u00b0213 \u2018Maestros Sanluise\u00f1os\u2019 de Las Aguadas; la N\u00b0215 \u2018ministro Andr\u00e9s Matilde Garro\u2019 de Las Lagunas; la N\u00b0361 \u2018Granadero Jos\u00e9 Mart\u00edn Lucero\u2019 de Rinc\u00f3n del Carmen y la N\u00b0362 \u2018Granadero Mauricio P\u00e9rez\u2019 de Puerta Colorada.<\/h3>\n<p>&nbsp;<\/p>\n<p>&nbsp;<\/p>\n<p>&nbsp;<\/p>\n<p>&nbsp;<\/p>\n<p>&nbsp;<\/p>\n<p>&nbsp;<\/p>\n<p>&nbsp;<\/p>\n<p>&nbsp;<\/p>\n<p>&nbsp;<\/p>\n","protected":false},"excerpt":{"rendered":"<p>El \u00fanico incendio activo que persiste en la provincia, se encuentra en el departamento Ayacucho,&#8230;<\/p>\n","protected":false},"author":1,"featured_media":22872,"comment_status":"closed","ping_status":"closed","sticky":false,"template":"","format":"standard","meta":{"footnotes":""},"categories":[6],"tags":[],"class_list":["post-22871","post","type-post","status-publish","format-standard","has-post-thumbnail","hentry","category-ciudad-provincia"],"yoast_head":"<!-- This site is optimized with the Yoast SEO plugin v26.1.1 - https:\/\/yoast.com\/wordpress\/plugins\/seo\/ -->\n<title>INCENDIOS: QUEDA UN FOCO ACTIVO EN QUINES Y UNA GUARDIA DE CENIZAS EN EL DEPARTAMENTO SAN MART\u00cdN - Apuntes de San Luis<\/title>\n<meta name=\"robots\" content=\"index, follow, max-snippet:-1, max-image-preview:large, max-video-preview:-1\" \/>\n<link rel=\"canonical\" href=\"https:\/\/apuntesdesanluis.com\/index.php\/2024\/09\/25\/incendios-queda-un-foco-activo-en-quines-y-una-guardia-de-cenizas-en-el-departamento-san-martin\/\" \/>\n<meta property=\"og:locale\" content=\"es_ES\" \/>\n<meta property=\"og:type\" content=\"article\" \/>\n<meta property=\"og:title\" content=\"INCENDIOS: QUEDA UN FOCO ACTIVO EN QUINES Y UNA GUARDIA DE CENIZAS EN EL DEPARTAMENTO SAN MART\u00cdN - Apuntes de San Luis\" \/>\n<meta property=\"og:description\" content=\"El \u00fanico incendio activo que persiste en la provincia, se encuentra en el departamento Ayacucho,...\" \/>\n<meta property=\"og:url\" content=\"https:\/\/apuntesdesanluis.com\/index.php\/2024\/09\/25\/incendios-queda-un-foco-activo-en-quines-y-una-guardia-de-cenizas-en-el-departamento-san-martin\/\" \/>\n<meta property=\"og:site_name\" content=\"Apuntes de San Luis\" \/>\n<meta property=\"article:published_time\" content=\"2024-09-25T17:32:01+00:00\" \/>\n<meta property=\"article:modified_time\" content=\"2024-09-25T17:37:39+00:00\" \/>\n<meta property=\"og:image\" content=\"https:\/\/apuntesdesanluis.com\/wp-content\/uploads\/2024\/09\/foco-activo-de-incendio.png\" \/>\n\t<meta property=\"og:image:width\" content=\"619\" \/>\n\t<meta property=\"og:image:height\" content=\"382\" \/>\n\t<meta property=\"og:image:type\" content=\"image\/png\" \/>\n<meta name=\"author\" content=\"apuntesdesanluis.com\" \/>\n<meta name=\"twitter:card\" content=\"summary_large_image\" \/>\n<meta name=\"twitter:label1\" content=\"Escrito por\" \/>\n\t<meta name=\"twitter:data1\" content=\"apuntesdesanluis.com\" \/>\n\t<meta name=\"twitter:label2\" content=\"Tiempo de lectura\" \/>\n\t<meta name=\"twitter:data2\" content=\"3 minutos\" \/>\n<script type=\"application\/ld+json\" class=\"yoast-schema-graph\">{\"@context\":\"https:\/\/schema.org\",\"@graph\":[{\"@type\":\"Article\",\"@id\":\"https:\/\/apuntesdesanluis.com\/index.php\/2024\/09\/25\/incendios-queda-un-foco-activo-en-quines-y-una-guardia-de-cenizas-en-el-departamento-san-martin\/#article\",\"isPartOf\":{\"@id\":\"https:\/\/apuntesdesanluis.com\/index.php\/2024\/09\/25\/incendios-queda-un-foco-activo-en-quines-y-una-guardia-de-cenizas-en-el-departamento-san-martin\/\"},\"author\":{\"name\":\"apuntesdesanluis.com\",\"@id\":\"https:\/\/apuntesdesanluis.com\/#\/schema\/person\/b55151d52296fcce64d1a72538a70b90\"},\"headline\":\"INCENDIOS: QUEDA UN FOCO ACTIVO EN QUINES Y UNA GUARDIA DE CENIZAS EN EL DEPARTAMENTO SAN MART\u00cdN\",\"datePublished\":\"2024-09-25T17:32:01+00:00\",\"dateModified\":\"2024-09-25T17:37:39+00:00\",\"mainEntityOfPage\":{\"@id\":\"https:\/\/apuntesdesanluis.com\/index.php\/2024\/09\/25\/incendios-queda-un-foco-activo-en-quines-y-una-guardia-de-cenizas-en-el-departamento-san-martin\/\"},\"wordCount\":595,\"publisher\":{\"@id\":\"https:\/\/apuntesdesanluis.com\/#\/schema\/person\/b55151d52296fcce64d1a72538a70b90\"},\"image\":{\"@id\":\"https:\/\/apuntesdesanluis.com\/index.php\/2024\/09\/25\/incendios-queda-un-foco-activo-en-quines-y-una-guardia-de-cenizas-en-el-departamento-san-martin\/#primaryimage\"},\"thumbnailUrl\":\"https:\/\/apuntesdesanluis.com\/wp-content\/uploads\/2024\/09\/foco-activo-de-incendio.png\",\"articleSection\":[\"Ciudad\/Provincia\"],\"inLanguage\":\"es-AR\"},{\"@type\":\"WebPage\",\"@id\":\"https:\/\/apuntesdesanluis.com\/index.php\/2024\/09\/25\/incendios-queda-un-foco-activo-en-quines-y-una-guardia-de-cenizas-en-el-departamento-san-martin\/\",\"url\":\"https:\/\/apuntesdesanluis.com\/index.php\/2024\/09\/25\/incendios-queda-un-foco-activo-en-quines-y-una-guardia-de-cenizas-en-el-departamento-san-martin\/\",\"name\":\"INCENDIOS: QUEDA UN FOCO ACTIVO EN QUINES Y UNA GUARDIA DE CENIZAS EN EL DEPARTAMENTO SAN MART\u00cdN - Apuntes de San Luis\",\"isPartOf\":{\"@id\":\"https:\/\/apuntesdesanluis.com\/#website\"},\"primaryImageOfPage\":{\"@id\":\"https:\/\/apuntesdesanluis.com\/index.php\/2024\/09\/25\/incendios-queda-un-foco-activo-en-quines-y-una-guardia-de-cenizas-en-el-departamento-san-martin\/#primaryimage\"},\"image\":{\"@id\":\"https:\/\/apuntesdesanluis.com\/index.php\/2024\/09\/25\/incendios-queda-un-foco-activo-en-quines-y-una-guardia-de-cenizas-en-el-departamento-san-martin\/#primaryimage\"},\"thumbnailUrl\":\"https:\/\/apuntesdesanluis.com\/wp-content\/uploads\/2024\/09\/foco-activo-de-incendio.png\",\"datePublished\":\"2024-09-25T17:32:01+00:00\",\"dateModified\":\"2024-09-25T17:37:39+00:00\",\"breadcrumb\":{\"@id\":\"https:\/\/apuntesdesanluis.com\/index.php\/2024\/09\/25\/incendios-queda-un-foco-activo-en-quines-y-una-guardia-de-cenizas-en-el-departamento-san-martin\/#breadcrumb\"},\"inLanguage\":\"es-AR\",\"potentialAction\":[{\"@type\":\"ReadAction\",\"target\":[\"https:\/\/apuntesdesanluis.com\/index.php\/2024\/09\/25\/incendios-queda-un-foco-activo-en-quines-y-una-guardia-de-cenizas-en-el-departamento-san-martin\/\"]}]},{\"@type\":\"ImageObject\",\"inLanguage\":\"es-AR\",\"@id\":\"https:\/\/apuntesdesanluis.com\/index.php\/2024\/09\/25\/incendios-queda-un-foco-activo-en-quines-y-una-guardia-de-cenizas-en-el-departamento-san-martin\/#primaryimage\",\"url\":\"https:\/\/apuntesdesanluis.com\/wp-content\/uploads\/2024\/09\/foco-activo-de-incendio.png\",\"contentUrl\":\"https:\/\/apuntesdesanluis.com\/wp-content\/uploads\/2024\/09\/foco-activo-de-incendio.png\",\"width\":619,\"height\":382},{\"@type\":\"BreadcrumbList\",\"@id\":\"https:\/\/apuntesdesanluis.com\/index.php\/2024\/09\/25\/incendios-queda-un-foco-activo-en-quines-y-una-guardia-de-cenizas-en-el-departamento-san-martin\/#breadcrumb\",\"itemListElement\":[{\"@type\":\"ListItem\",\"position\":1,\"name\":\"Inicio\",\"item\":\"https:\/\/apuntesdesanluis.com\/\"},{\"@type\":\"ListItem\",\"position\":2,\"name\":\"INCENDIOS: QUEDA UN FOCO ACTIVO EN QUINES Y UNA GUARDIA DE CENIZAS EN EL DEPARTAMENTO SAN MART\u00cdN\"}]},{\"@type\":\"WebSite\",\"@id\":\"https:\/\/apuntesdesanluis.com\/#website\",\"url\":\"https:\/\/apuntesdesanluis.com\/\",\"name\":\"Apuntes de San Luis\",\"description\":\"\",\"publisher\":{\"@id\":\"https:\/\/apuntesdesanluis.com\/#\/schema\/person\/b55151d52296fcce64d1a72538a70b90\"},\"potentialAction\":[{\"@type\":\"SearchAction\",\"target\":{\"@type\":\"EntryPoint\",\"urlTemplate\":\"https:\/\/apuntesdesanluis.com\/?s={search_term_string}\"},\"query-input\":{\"@type\":\"PropertyValueSpecification\",\"valueRequired\":true,\"valueName\":\"search_term_string\"}}],\"inLanguage\":\"es-AR\"},{\"@type\":[\"Person\",\"Organization\"],\"@id\":\"https:\/\/apuntesdesanluis.com\/#\/schema\/person\/b55151d52296fcce64d1a72538a70b90\",\"name\":\"apuntesdesanluis.com\",\"image\":{\"@type\":\"ImageObject\",\"inLanguage\":\"es-AR\",\"@id\":\"https:\/\/apuntesdesanluis.com\/#\/schema\/person\/image\/\",\"url\":\"https:\/\/apuntesdesanluis.com\/wp-content\/uploads\/2023\/07\/cropped-apuntesdesanluis.png\",\"contentUrl\":\"https:\/\/apuntesdesanluis.com\/wp-content\/uploads\/2023\/07\/cropped-apuntesdesanluis.png\",\"width\":450,\"height\":112,\"caption\":\"apuntesdesanluis.com\"},\"logo\":{\"@id\":\"https:\/\/apuntesdesanluis.com\/#\/schema\/person\/image\/\"},\"sameAs\":[\"https:\/\/apuntesdesanluis.com\"],\"url\":\"https:\/\/apuntesdesanluis.com\/index.php\/author\/apuntesdesanluis-com\/\"}]}<\/script>\n<!-- \/ Yoast SEO plugin. -->","yoast_head_json":{"title":"INCENDIOS: QUEDA UN FOCO ACTIVO EN QUINES Y UNA GUARDIA DE CENIZAS EN EL DEPARTAMENTO SAN MART\u00cdN - Apuntes de San Luis","robots":{"index":"index","follow":"follow","max-snippet":"max-snippet:-1","max-image-preview":"max-image-preview:large","max-video-preview":"max-video-preview:-1"},"canonical":"https:\/\/apuntesdesanluis.com\/index.php\/2024\/09\/25\/incendios-queda-un-foco-activo-en-quines-y-una-guardia-de-cenizas-en-el-departamento-san-martin\/","og_locale":"es_ES","og_type":"article","og_title":"INCENDIOS: QUEDA UN FOCO ACTIVO EN QUINES Y UNA GUARDIA DE CENIZAS EN EL DEPARTAMENTO SAN MART\u00cdN - Apuntes de San Luis","og_description":"El \u00fanico incendio activo que persiste en la provincia, se encuentra en el departamento Ayacucho,...","og_url":"https:\/\/apuntesdesanluis.com\/index.php\/2024\/09\/25\/incendios-queda-un-foco-activo-en-quines-y-una-guardia-de-cenizas-en-el-departamento-san-martin\/","og_site_name":"Apuntes de San Luis","article_published_time":"2024-09-25T17:32:01+00:00","article_modified_time":"2024-09-25T17:37:39+00:00","og_image":[{"width":619,"height":382,"url":"https:\/\/apuntesdesanluis.com\/wp-content\/uploads\/2024\/09\/foco-activo-de-incendio.png","type":"image\/png"}],"author":"apuntesdesanluis.com","twitter_card":"summary_large_image","twitter_misc":{"Escrito por":"apuntesdesanluis.com","Tiempo de lectura":"3 minutos"},"schema":{"@context":"https:\/\/schema.org","@graph":[{"@type":"Article","@id":"https:\/\/apuntesdesanluis.com\/index.php\/2024\/09\/25\/incendios-queda-un-foco-activo-en-quines-y-una-guardia-de-cenizas-en-el-departamento-san-martin\/#article","isPartOf":{"@id":"https:\/\/apuntesdesanluis.com\/index.php\/2024\/09\/25\/incendios-queda-un-foco-activo-en-quines-y-una-guardia-de-cenizas-en-el-departamento-san-martin\/"},"author":{"name":"apuntesdesanluis.com","@id":"https:\/\/apuntesdesanluis.com\/#\/schema\/person\/b55151d52296fcce64d1a72538a70b90"},"headline":"INCENDIOS: QUEDA UN FOCO ACTIVO EN QUINES Y UNA GUARDIA DE CENIZAS EN EL DEPARTAMENTO SAN MART\u00cdN","datePublished":"2024-09-25T17:32:01+00:00","dateModified":"2024-09-25T17:37:39+00:00","mainEntityOfPage":{"@id":"https:\/\/apuntesdesanluis.com\/index.php\/2024\/09\/25\/incendios-queda-un-foco-activo-en-quines-y-una-guardia-de-cenizas-en-el-departamento-san-martin\/"},"wordCount":595,"publisher":{"@id":"https:\/\/apuntesdesanluis.com\/#\/schema\/person\/b55151d52296fcce64d1a72538a70b90"},"image":{"@id":"https:\/\/apuntesdesanluis.com\/index.php\/2024\/09\/25\/incendios-queda-un-foco-activo-en-quines-y-una-guardia-de-cenizas-en-el-departamento-san-martin\/#primaryimage"},"thumbnailUrl":"https:\/\/apuntesdesanluis.com\/wp-content\/uploads\/2024\/09\/foco-activo-de-incendio.png","articleSection":["Ciudad\/Provincia"],"inLanguage":"es-AR"},{"@type":"WebPage","@id":"https:\/\/apuntesdesanluis.com\/index.php\/2024\/09\/25\/incendios-queda-un-foco-activo-en-quines-y-una-guardia-de-cenizas-en-el-departamento-san-martin\/","url":"https:\/\/apuntesdesanluis.com\/index.php\/2024\/09\/25\/incendios-queda-un-foco-activo-en-quines-y-una-guardia-de-cenizas-en-el-departamento-san-martin\/","name":"INCENDIOS: QUEDA UN FOCO ACTIVO EN QUINES Y UNA GUARDIA DE CENIZAS EN EL DEPARTAMENTO SAN MART\u00cdN - Apuntes de San Luis","isPartOf":{"@id":"https:\/\/apuntesdesanluis.com\/#website"},"primaryImageOfPage":{"@id":"https:\/\/apuntesdesanluis.com\/index.php\/2024\/09\/25\/incendios-queda-un-foco-activo-en-quines-y-una-guardia-de-cenizas-en-el-departamento-san-martin\/#primaryimage"},"image":{"@id":"https:\/\/apuntesdesanluis.com\/index.php\/2024\/09\/25\/incendios-queda-un-foco-activo-en-quines-y-una-guardia-de-cenizas-en-el-departamento-san-martin\/#primaryimage"},"thumbnailUrl":"https:\/\/apuntesdesanluis.com\/wp-content\/uploads\/2024\/09\/foco-activo-de-incendio.png","datePublished":"2024-09-25T17:32:01+00:00","dateModified":"2024-09-25T17:37:39+00:00","breadcrumb":{"@id":"https:\/\/apuntesdesanluis.com\/index.php\/2024\/09\/25\/incendios-queda-un-foco-activo-en-quines-y-una-guardia-de-cenizas-en-el-departamento-san-martin\/#breadcrumb"},"inLanguage":"es-AR","potentialAction":[{"@type":"ReadAction","target":["https:\/\/apuntesdesanluis.com\/index.php\/2024\/09\/25\/incendios-queda-un-foco-activo-en-quines-y-una-guardia-de-cenizas-en-el-departamento-san-martin\/"]}]},{"@type":"ImageObject","inLanguage":"es-AR","@id":"https:\/\/apuntesdesanluis.com\/index.php\/2024\/09\/25\/incendios-queda-un-foco-activo-en-quines-y-una-guardia-de-cenizas-en-el-departamento-san-martin\/#primaryimage","url":"https:\/\/apuntesdesanluis.com\/wp-content\/uploads\/2024\/09\/foco-activo-de-incendio.png","contentUrl":"https:\/\/apuntesdesanluis.com\/wp-content\/uploads\/2024\/09\/foco-activo-de-incendio.png","width":619,"height":382},{"@type":"BreadcrumbList","@id":"https:\/\/apuntesdesanluis.com\/index.php\/2024\/09\/25\/incendios-queda-un-foco-activo-en-quines-y-una-guardia-de-cenizas-en-el-departamento-san-martin\/#breadcrumb","itemListElement":[{"@type":"ListItem","position":1,"name":"Inicio","item":"https:\/\/apuntesdesanluis.com\/"},{"@type":"ListItem","position":2,"name":"INCENDIOS: QUEDA UN FOCO ACTIVO EN QUINES Y UNA GUARDIA DE CENIZAS EN EL DEPARTAMENTO SAN MART\u00cdN"}]},{"@type":"WebSite","@id":"https:\/\/apuntesdesanluis.com\/#website","url":"https:\/\/apuntesdesanluis.com\/","name":"Apuntes de San Luis","description":"","publisher":{"@id":"https:\/\/apuntesdesanluis.com\/#\/schema\/person\/b55151d52296fcce64d1a72538a70b90"},"potentialAction":[{"@type":"SearchAction","target":{"@type":"EntryPoint","urlTemplate":"https:\/\/apuntesdesanluis.com\/?s={search_term_string}"},"query-input":{"@type":"PropertyValueSpecification","valueRequired":true,"valueName":"search_term_string"}}],"inLanguage":"es-AR"},{"@type":["Person","Organization"],"@id":"https:\/\/apuntesdesanluis.com\/#\/schema\/person\/b55151d52296fcce64d1a72538a70b90","name":"apuntesdesanluis.com","image":{"@type":"ImageObject","inLanguage":"es-AR","@id":"https:\/\/apuntesdesanluis.com\/#\/schema\/person\/image\/","url":"https:\/\/apuntesdesanluis.com\/wp-content\/uploads\/2023\/07\/cropped-apuntesdesanluis.png","contentUrl":"https:\/\/apuntesdesanluis.com\/wp-content\/uploads\/2023\/07\/cropped-apuntesdesanluis.png","width":450,"height":112,"caption":"apuntesdesanluis.com"},"logo":{"@id":"https:\/\/apuntesdesanluis.com\/#\/schema\/person\/image\/"},"sameAs":["https:\/\/apuntesdesanluis.com"],"url":"https:\/\/apuntesdesanluis.com\/index.php\/author\/apuntesdesanluis-com\/"}]}},"featured_image_urls":{"full":["https:\/\/apuntesdesanluis.com\/wp-content\/uploads\/2024\/09\/foco-activo-de-incendio.png",619,382,false],"thumbnail":["https:\/\/apuntesdesanluis.com\/wp-content\/uploads\/2024\/09\/foco-activo-de-incendio-150x150.png",150,150,true],"medium":["https:\/\/apuntesdesanluis.com\/wp-content\/uploads\/2024\/09\/foco-activo-de-incendio-300x185.png",300,185,true],"medium_large":["https:\/\/apuntesdesanluis.com\/wp-content\/uploads\/2024\/09\/foco-activo-de-incendio.png",619,382,false],"large":["https:\/\/apuntesdesanluis.com\/wp-content\/uploads\/2024\/09\/foco-activo-de-incendio.png",619,382,false],"1536x1536":["https:\/\/apuntesdesanluis.com\/wp-content\/uploads\/2024\/09\/foco-activo-de-incendio.png",619,382,false],"2048x2048":["https:\/\/apuntesdesanluis.com\/wp-content\/uploads\/2024\/09\/foco-activo-de-incendio.png",619,382,false],"newsever-slider-full":["https:\/\/apuntesdesanluis.com\/wp-content\/uploads\/2024\/09\/foco-activo-de-incendio.png",619,382,false],"newsever-featured":["https:\/\/apuntesdesanluis.com\/wp-content\/uploads\/2024\/09\/foco-activo-de-incendio.png",619,382,false],"newsever-medium":["https:\/\/apuntesdesanluis.com\/wp-content\/uploads\/2024\/09\/foco-activo-de-incendio.png",619,382,false]},"author_info":{"display_name":"apuntesdesanluis.com","author_link":"https:\/\/apuntesdesanluis.com\/index.php\/author\/apuntesdesanluis-com\/"},"category_info":"<a href=\"https:\/\/apuntesdesanluis.com\/index.php\/category\/ciudad-provincia\/\" rel=\"category tag\">Ciudad\/Provincia<\/a>","tag_info":"Ciudad\/Provincia","comment_count":"0","_links":{"self":[{"href":"https:\/\/apuntesdesanluis.com\/index.php\/wp-json\/wp\/v2\/posts\/22871","targetHints":{"allow":["GET"]}}],"collection":[{"href":"https:\/\/apuntesdesanluis.com\/index.php\/wp-json\/wp\/v2\/posts"}],"about":[{"href":"https:\/\/apuntesdesanluis.com\/index.php\/wp-json\/wp\/v2\/types\/post"}],"author":[{"embeddable":true,"href":"https:\/\/apuntesdesanluis.com\/index.php\/wp-json\/wp\/v2\/users\/1"}],"replies":[{"embeddable":true,"href":"https:\/\/apuntesdesanluis.com\/index.php\/wp-json\/wp\/v2\/comments?post=22871"}],"version-history":[{"count":3,"href":"https:\/\/apuntesdesanluis.com\/index.php\/wp-json\/wp\/v2\/posts\/22871\/revisions"}],"predecessor-version":[{"id":22877,"href":"https:\/\/apuntesdesanluis.com\/index.php\/wp-json\/wp\/v2\/posts\/22871\/revisions\/22877"}],"wp:featuredmedia":[{"embeddable":true,"href":"https:\/\/apuntesdesanluis.com\/index.php\/wp-json\/wp\/v2\/media\/22872"}],"wp:attachment":[{"href":"https:\/\/apuntesdesanluis.com\/index.php\/wp-json\/wp\/v2\/media?parent=22871"}],"wp:term":[{"taxonomy":"category","embeddable":true,"href":"https:\/\/apuntesdesanluis.com\/index.php\/wp-json\/wp\/v2\/categories?post=22871"},{"taxonomy":"post_tag","embeddable":true,"href":"https:\/\/apuntesdesanluis.com\/index.php\/wp-json\/wp\/v2\/tags?post=22871"}],"curies":[{"name":"wp","href":"https:\/\/api.w.org\/{rel}","templated":true}]}}