{"id":22883,"date":"2024-09-25T18:52:32","date_gmt":"2024-09-25T21:52:32","guid":{"rendered":"https:\/\/apuntesdesanluis.com\/?p=22883"},"modified":"2024-09-25T18:52:32","modified_gmt":"2024-09-25T21:52:32","slug":"despues-de-43-mil-ha-quemadas-y-en-el-sexto-dia-milei-viajo-a-cordoba","status":"publish","type":"post","link":"https:\/\/apuntesdesanluis.com\/index.php\/2024\/09\/25\/despues-de-43-mil-ha-quemadas-y-en-el-sexto-dia-milei-viajo-a-cordoba\/","title":{"rendered":"DESPU\u00c9S DE 43 MIL HA QUEMADAS, Y EN EL SEXTO D\u00cdA, MILEI VIAJ\u00d3 A C\u00d3RDOBA"},"content":{"rendered":"<h3>El presidente <strong>Javier Milei<\/strong> visit\u00f3 hoy la provincia de C\u00f3rdoba, donde analiz\u00f3 la situaci\u00f3n de los incendios forestales que afectan a la provincia con el gobernador, Mart\u00edn Llaryora, y sobrevol\u00f3 las zonas afectadas.<\/h3>\n<h3>El mandatario fue recibido en el aeropuerto por Llaryora, adonde lleg\u00f3 pasadas las 15, luego de haber aterrizado en la Argentina a las 9 de la ma\u00f1ana procedente de Nueva York donde el d\u00eda anterior habl\u00f3 ante la Asamblea General de Naciones Unidas.<\/h3>\n<h3>Lo hizo acompa\u00f1ado por la secretaria General de la Presidencia, Karina Milei; el jefe de Gabinete, Guillermo Francos; la ministra de Seguridad, Patricia Bullrich; y el de Defensa, Luis Petri.<\/h3>\n<h3>&#8220;Recib\u00ed al presidente de la Naci\u00f3n @JMilei, en la Escuela de Aviaci\u00f3n Militar, en el marco de los operativos que llevamos adelante para combatir y contener los incendios forestales en C\u00f3rdoba. Junto a la comitiva nacional sobrevolaremos las zonas afectadas&#8221;, inform\u00f3 Llaryora en la red social X apenas arrib\u00f3 el jefe de Estado.<\/h3>\n<p><img fetchpriority=\"high\" decoding=\"async\" class=\"wp-image-22886 aligncenter\" src=\"https:\/\/apuntesdesanluis.com\/wp-content\/uploads\/2024\/09\/incendio-en-cordoba-de-noche-300x189.png\" alt=\"\" width=\"675\" height=\"425\" srcset=\"https:\/\/apuntesdesanluis.com\/wp-content\/uploads\/2024\/09\/incendio-en-cordoba-de-noche-300x189.png 300w, https:\/\/apuntesdesanluis.com\/wp-content\/uploads\/2024\/09\/incendio-en-cordoba-de-noche.png 602w\" sizes=\"(max-width: 675px) 100vw, 675px\" \/><\/p>\n<h3>Luciendo ropa de fajina, Milei supervis\u00f3 con el mandatario cordob\u00e9s y sus funcionarios las tareas de asistencia y rescate por los incendios en las Sierras. Posteriormente sobrevolaron los incendios, que llevan arrasadas m\u00e1s de 16 mil hect\u00e1reas.<\/h3>\n<h3>Actualmente hay cinco focos activos: Capilla del Monte, Villa Berna, Chacan\u00ed, Salsacate y La Granja, en donde cerca de 800 bomberos pelean contra las llamas.<\/h3>\n<h3>A trav\u00e9s del Servicio Nacional de Manejo del Fuego (SNMF), con recursos propios y otros convocados por el Sistema Federal de Manejo del Fuego, y de la Administraci\u00f3n de Parques Nacionales, el Gobierno Nacional -a partir del \u00faltimo pedido realizado por la provincia de C\u00f3rdoba- convoc\u00f3 y sum\u00f3 entre el martes y la madrugada de este mi\u00e9rcoles 62 personas en total (12 de San Juan, 8 de Santiago del Estero, 22 de Parques Nacionales y 20 de la Brigada Forestal de Polic\u00eda Federal).<\/h3>\n<h3>Desde la Administraci\u00f3n de Parques Nacionales incorporaron este mi\u00e9rcoles al combate del fuego en C\u00f3rdoba 2 nuevos agentes, \u20601 binomio de dron y \u20601 camioneta, se detall\u00f3.<\/h3>\n<h3>El total desplegado a la fecha por este organismo es de 41 agentes (37 brigadistas y 3 t\u00e9cnicos), \u20609 veh\u00edculos (2 autobombas, 3 camionetas con kit de ataque r\u00e1pido y 3 pick-up y 1 minibus), adem\u00e1s de maquinaria y herramientas t\u00e9cnicas.<\/h3>\n<p><img decoding=\"async\" class=\"wp-image-22887 aligncenter\" src=\"https:\/\/apuntesdesanluis.com\/wp-content\/uploads\/2024\/09\/incendio-en-cordoba-300x187.png\" alt=\"\" width=\"717\" height=\"447\" srcset=\"https:\/\/apuntesdesanluis.com\/wp-content\/uploads\/2024\/09\/incendio-en-cordoba-300x187.png 300w, https:\/\/apuntesdesanluis.com\/wp-content\/uploads\/2024\/09\/incendio-en-cordoba.png 626w\" sizes=\"(max-width: 717px) 100vw, 717px\" \/><\/p>\n<h3><strong>SITUACI\u00d3N ACTUAL<\/strong><\/h3>\n<h3>El gobierno de C\u00f3rdoba anunci\u00f3 que contin\u00faan los focos activos pero con menor actividad, aunque sostienen que \u201cno est\u00e1n contenidos ni controlados\u201d.<\/h3>\n<h3>Ya se quemaron alrededor de 43 mil hect\u00e1reas, aunque en lo que va del 2024 se vieron afectadas casi 70 mil. Fotograf\u00eda: Agencia Noticias Argentinas<\/h3>\n<h3>El gobierno de C\u00f3rdoba dio a conocer la \u00faltima actualizaci\u00f3n de los incendios que azotan a la provincia y aunque informaron que \u201ccontin\u00faan los focos activos pero con menor actividad\u201d, todav\u00eda \u201cno est\u00e1n contenidos ni controlados\u201d.<\/h3>\n<p><img decoding=\"async\" class=\"wp-image-22885 aligncenter\" src=\"https:\/\/apuntesdesanluis.com\/wp-content\/uploads\/2024\/09\/bomberos-300x169.png\" alt=\"\" width=\"680\" height=\"383\" srcset=\"https:\/\/apuntesdesanluis.com\/wp-content\/uploads\/2024\/09\/bomberos-300x169.png 300w, https:\/\/apuntesdesanluis.com\/wp-content\/uploads\/2024\/09\/bomberos-768x432.png 768w, https:\/\/apuntesdesanluis.com\/wp-content\/uploads\/2024\/09\/bomberos.png 802w\" sizes=\"(max-width: 680px) 100vw, 680px\" \/><\/p>\n<h3>\u201cLos bomberos lograron avanzar en la lucha contra el fuego y contin\u00faan trabajando en algunos per\u00edmetros inestables. Por el momento no est\u00e1n contenidos ni controlados\u201d, destaca el comunicado publicado en la noche del martes.<\/h3>\n<h3>En este sentido, indicaron que el foco \u00edgneo de Villa Berna presenta menos actividad y contin\u00faa la lucha cuerpo a cuerpo, mientras que en Capilla del Monte, del lado oeste en direcci\u00f3n a San Marcos Sierras, est\u00e1n trabajando bomberos voluntarios.<\/h3>\n<h3>Por otro lado, en La Granja ha disminuido la actividad del fuego y el incendio de Chancan\u00ed sigue con actividad por lo que contin\u00faa el trabajo de los bomberos.<\/h3>\n<h3>\u201cEste mi\u00e9rcoles ser\u00e1n reemplazados los 800 bomberos por nuevos efectivos. Cabe destacar que el personal cuenta con el apoyo de todas las fuerzas especializadas, con la ayuda de bomberos de otras ciudades y como as\u00ed tambi\u00e9n de cuarteles de otras provincias\u201d, explicaron.<\/h3>\n<h3>Seg\u00fan un informe de la Comisi\u00f3n Nacional de Actividades Espaciales (CONAE), ya se quemaron alrededor de 43 mil hect\u00e1reas, aunque en lo que va del 2024 se vieron afectadas casi 70 mil.<\/h3>\n<p>&nbsp;<\/p>\n<p>&nbsp;<\/p>\n<p>&nbsp;<\/p>\n","protected":false},"excerpt":{"rendered":"<p>El presidente Javier Milei visit\u00f3 hoy la provincia de C\u00f3rdoba, donde analiz\u00f3 la situaci\u00f3n de&#8230;<\/p>\n","protected":false},"author":1,"featured_media":22884,"comment_status":"closed","ping_status":"closed","sticky":false,"template":"","format":"standard","meta":{"footnotes":""},"categories":[5],"tags":[],"class_list":["post-22883","post","type-post","status-publish","format-standard","has-post-thumbnail","hentry","category-nacionales-internacionales"],"yoast_head":"<!-- This site is optimized with the Yoast SEO plugin v26.1.1 - https:\/\/yoast.com\/wordpress\/plugins\/seo\/ -->\n<title>DESPU\u00c9S DE 43 MIL HA QUEMADAS, Y EN EL SEXTO D\u00cdA, MILEI VIAJ\u00d3 A C\u00d3RDOBA - Apuntes de San Luis<\/title>\n<meta name=\"robots\" content=\"index, follow, max-snippet:-1, max-image-preview:large, max-video-preview:-1\" \/>\n<link rel=\"canonical\" href=\"https:\/\/apuntesdesanluis.com\/index.php\/2024\/09\/25\/despues-de-43-mil-ha-quemadas-y-en-el-sexto-dia-milei-viajo-a-cordoba\/\" \/>\n<meta property=\"og:locale\" content=\"es_ES\" \/>\n<meta property=\"og:type\" content=\"article\" \/>\n<meta property=\"og:title\" content=\"DESPU\u00c9S DE 43 MIL HA QUEMADAS, Y EN EL SEXTO D\u00cdA, MILEI VIAJ\u00d3 A C\u00d3RDOBA - Apuntes de San Luis\" \/>\n<meta property=\"og:description\" content=\"El presidente Javier Milei visit\u00f3 hoy la provincia de C\u00f3rdoba, donde analiz\u00f3 la situaci\u00f3n de...\" \/>\n<meta property=\"og:url\" content=\"https:\/\/apuntesdesanluis.com\/index.php\/2024\/09\/25\/despues-de-43-mil-ha-quemadas-y-en-el-sexto-dia-milei-viajo-a-cordoba\/\" \/>\n<meta property=\"og:site_name\" content=\"Apuntes de San Luis\" \/>\n<meta property=\"article:published_time\" content=\"2024-09-25T21:52:32+00:00\" \/>\n<meta property=\"og:image\" content=\"https:\/\/apuntesdesanluis.com\/wp-content\/uploads\/2024\/09\/MILEI-CON-LLARYORA.png\" \/>\n\t<meta property=\"og:image:width\" content=\"815\" \/>\n\t<meta property=\"og:image:height\" content=\"500\" \/>\n\t<meta property=\"og:image:type\" content=\"image\/png\" \/>\n<meta name=\"author\" content=\"apuntesdesanluis.com\" \/>\n<meta name=\"twitter:card\" content=\"summary_large_image\" \/>\n<meta name=\"twitter:label1\" content=\"Escrito por\" \/>\n\t<meta name=\"twitter:data1\" content=\"apuntesdesanluis.com\" \/>\n\t<meta name=\"twitter:label2\" content=\"Tiempo de lectura\" \/>\n\t<meta name=\"twitter:data2\" content=\"4 minutos\" \/>\n<script type=\"application\/ld+json\" class=\"yoast-schema-graph\">{\"@context\":\"https:\/\/schema.org\",\"@graph\":[{\"@type\":\"Article\",\"@id\":\"https:\/\/apuntesdesanluis.com\/index.php\/2024\/09\/25\/despues-de-43-mil-ha-quemadas-y-en-el-sexto-dia-milei-viajo-a-cordoba\/#article\",\"isPartOf\":{\"@id\":\"https:\/\/apuntesdesanluis.com\/index.php\/2024\/09\/25\/despues-de-43-mil-ha-quemadas-y-en-el-sexto-dia-milei-viajo-a-cordoba\/\"},\"author\":{\"name\":\"apuntesdesanluis.com\",\"@id\":\"https:\/\/apuntesdesanluis.com\/#\/schema\/person\/b55151d52296fcce64d1a72538a70b90\"},\"headline\":\"DESPU\u00c9S DE 43 MIL HA QUEMADAS, Y EN EL SEXTO D\u00cdA, MILEI VIAJ\u00d3 A C\u00d3RDOBA\",\"datePublished\":\"2024-09-25T21:52:32+00:00\",\"mainEntityOfPage\":{\"@id\":\"https:\/\/apuntesdesanluis.com\/index.php\/2024\/09\/25\/despues-de-43-mil-ha-quemadas-y-en-el-sexto-dia-milei-viajo-a-cordoba\/\"},\"wordCount\":676,\"publisher\":{\"@id\":\"https:\/\/apuntesdesanluis.com\/#\/schema\/person\/b55151d52296fcce64d1a72538a70b90\"},\"image\":{\"@id\":\"https:\/\/apuntesdesanluis.com\/index.php\/2024\/09\/25\/despues-de-43-mil-ha-quemadas-y-en-el-sexto-dia-milei-viajo-a-cordoba\/#primaryimage\"},\"thumbnailUrl\":\"https:\/\/apuntesdesanluis.com\/wp-content\/uploads\/2024\/09\/MILEI-CON-LLARYORA.png\",\"articleSection\":[\"Nacionales\/Internacionales\"],\"inLanguage\":\"es-AR\"},{\"@type\":\"WebPage\",\"@id\":\"https:\/\/apuntesdesanluis.com\/index.php\/2024\/09\/25\/despues-de-43-mil-ha-quemadas-y-en-el-sexto-dia-milei-viajo-a-cordoba\/\",\"url\":\"https:\/\/apuntesdesanluis.com\/index.php\/2024\/09\/25\/despues-de-43-mil-ha-quemadas-y-en-el-sexto-dia-milei-viajo-a-cordoba\/\",\"name\":\"DESPU\u00c9S DE 43 MIL HA QUEMADAS, Y EN EL SEXTO D\u00cdA, MILEI VIAJ\u00d3 A C\u00d3RDOBA - Apuntes de San Luis\",\"isPartOf\":{\"@id\":\"https:\/\/apuntesdesanluis.com\/#website\"},\"primaryImageOfPage\":{\"@id\":\"https:\/\/apuntesdesanluis.com\/index.php\/2024\/09\/25\/despues-de-43-mil-ha-quemadas-y-en-el-sexto-dia-milei-viajo-a-cordoba\/#primaryimage\"},\"image\":{\"@id\":\"https:\/\/apuntesdesanluis.com\/index.php\/2024\/09\/25\/despues-de-43-mil-ha-quemadas-y-en-el-sexto-dia-milei-viajo-a-cordoba\/#primaryimage\"},\"thumbnailUrl\":\"https:\/\/apuntesdesanluis.com\/wp-content\/uploads\/2024\/09\/MILEI-CON-LLARYORA.png\",\"datePublished\":\"2024-09-25T21:52:32+00:00\",\"breadcrumb\":{\"@id\":\"https:\/\/apuntesdesanluis.com\/index.php\/2024\/09\/25\/despues-de-43-mil-ha-quemadas-y-en-el-sexto-dia-milei-viajo-a-cordoba\/#breadcrumb\"},\"inLanguage\":\"es-AR\",\"potentialAction\":[{\"@type\":\"ReadAction\",\"target\":[\"https:\/\/apuntesdesanluis.com\/index.php\/2024\/09\/25\/despues-de-43-mil-ha-quemadas-y-en-el-sexto-dia-milei-viajo-a-cordoba\/\"]}]},{\"@type\":\"ImageObject\",\"inLanguage\":\"es-AR\",\"@id\":\"https:\/\/apuntesdesanluis.com\/index.php\/2024\/09\/25\/despues-de-43-mil-ha-quemadas-y-en-el-sexto-dia-milei-viajo-a-cordoba\/#primaryimage\",\"url\":\"https:\/\/apuntesdesanluis.com\/wp-content\/uploads\/2024\/09\/MILEI-CON-LLARYORA.png\",\"contentUrl\":\"https:\/\/apuntesdesanluis.com\/wp-content\/uploads\/2024\/09\/MILEI-CON-LLARYORA.png\",\"width\":815,\"height\":500},{\"@type\":\"BreadcrumbList\",\"@id\":\"https:\/\/apuntesdesanluis.com\/index.php\/2024\/09\/25\/despues-de-43-mil-ha-quemadas-y-en-el-sexto-dia-milei-viajo-a-cordoba\/#breadcrumb\",\"itemListElement\":[{\"@type\":\"ListItem\",\"position\":1,\"name\":\"Inicio\",\"item\":\"https:\/\/apuntesdesanluis.com\/\"},{\"@type\":\"ListItem\",\"position\":2,\"name\":\"DESPU\u00c9S DE 43 MIL HA QUEMADAS, Y EN EL SEXTO D\u00cdA, MILEI VIAJ\u00d3 A C\u00d3RDOBA\"}]},{\"@type\":\"WebSite\",\"@id\":\"https:\/\/apuntesdesanluis.com\/#website\",\"url\":\"https:\/\/apuntesdesanluis.com\/\",\"name\":\"Apuntes de San Luis\",\"description\":\"\",\"publisher\":{\"@id\":\"https:\/\/apuntesdesanluis.com\/#\/schema\/person\/b55151d52296fcce64d1a72538a70b90\"},\"potentialAction\":[{\"@type\":\"SearchAction\",\"target\":{\"@type\":\"EntryPoint\",\"urlTemplate\":\"https:\/\/apuntesdesanluis.com\/?s={search_term_string}\"},\"query-input\":{\"@type\":\"PropertyValueSpecification\",\"valueRequired\":true,\"valueName\":\"search_term_string\"}}],\"inLanguage\":\"es-AR\"},{\"@type\":[\"Person\",\"Organization\"],\"@id\":\"https:\/\/apuntesdesanluis.com\/#\/schema\/person\/b55151d52296fcce64d1a72538a70b90\",\"name\":\"apuntesdesanluis.com\",\"image\":{\"@type\":\"ImageObject\",\"inLanguage\":\"es-AR\",\"@id\":\"https:\/\/apuntesdesanluis.com\/#\/schema\/person\/image\/\",\"url\":\"https:\/\/apuntesdesanluis.com\/wp-content\/uploads\/2023\/07\/cropped-apuntesdesanluis.png\",\"contentUrl\":\"https:\/\/apuntesdesanluis.com\/wp-content\/uploads\/2023\/07\/cropped-apuntesdesanluis.png\",\"width\":450,\"height\":112,\"caption\":\"apuntesdesanluis.com\"},\"logo\":{\"@id\":\"https:\/\/apuntesdesanluis.com\/#\/schema\/person\/image\/\"},\"sameAs\":[\"https:\/\/apuntesdesanluis.com\"],\"url\":\"https:\/\/apuntesdesanluis.com\/index.php\/author\/apuntesdesanluis-com\/\"}]}<\/script>\n<!-- \/ Yoast SEO plugin. -->","yoast_head_json":{"title":"DESPU\u00c9S DE 43 MIL HA QUEMADAS, Y EN EL SEXTO D\u00cdA, MILEI VIAJ\u00d3 A C\u00d3RDOBA - Apuntes de San Luis","robots":{"index":"index","follow":"follow","max-snippet":"max-snippet:-1","max-image-preview":"max-image-preview:large","max-video-preview":"max-video-preview:-1"},"canonical":"https:\/\/apuntesdesanluis.com\/index.php\/2024\/09\/25\/despues-de-43-mil-ha-quemadas-y-en-el-sexto-dia-milei-viajo-a-cordoba\/","og_locale":"es_ES","og_type":"article","og_title":"DESPU\u00c9S DE 43 MIL HA QUEMADAS, Y EN EL SEXTO D\u00cdA, MILEI VIAJ\u00d3 A C\u00d3RDOBA - Apuntes de San Luis","og_description":"El presidente Javier Milei visit\u00f3 hoy la provincia de C\u00f3rdoba, donde analiz\u00f3 la situaci\u00f3n de...","og_url":"https:\/\/apuntesdesanluis.com\/index.php\/2024\/09\/25\/despues-de-43-mil-ha-quemadas-y-en-el-sexto-dia-milei-viajo-a-cordoba\/","og_site_name":"Apuntes de San Luis","article_published_time":"2024-09-25T21:52:32+00:00","og_image":[{"width":815,"height":500,"url":"https:\/\/apuntesdesanluis.com\/wp-content\/uploads\/2024\/09\/MILEI-CON-LLARYORA.png","type":"image\/png"}],"author":"apuntesdesanluis.com","twitter_card":"summary_large_image","twitter_misc":{"Escrito por":"apuntesdesanluis.com","Tiempo de lectura":"4 minutos"},"schema":{"@context":"https:\/\/schema.org","@graph":[{"@type":"Article","@id":"https:\/\/apuntesdesanluis.com\/index.php\/2024\/09\/25\/despues-de-43-mil-ha-quemadas-y-en-el-sexto-dia-milei-viajo-a-cordoba\/#article","isPartOf":{"@id":"https:\/\/apuntesdesanluis.com\/index.php\/2024\/09\/25\/despues-de-43-mil-ha-quemadas-y-en-el-sexto-dia-milei-viajo-a-cordoba\/"},"author":{"name":"apuntesdesanluis.com","@id":"https:\/\/apuntesdesanluis.com\/#\/schema\/person\/b55151d52296fcce64d1a72538a70b90"},"headline":"DESPU\u00c9S DE 43 MIL HA QUEMADAS, Y EN EL SEXTO D\u00cdA, MILEI VIAJ\u00d3 A C\u00d3RDOBA","datePublished":"2024-09-25T21:52:32+00:00","mainEntityOfPage":{"@id":"https:\/\/apuntesdesanluis.com\/index.php\/2024\/09\/25\/despues-de-43-mil-ha-quemadas-y-en-el-sexto-dia-milei-viajo-a-cordoba\/"},"wordCount":676,"publisher":{"@id":"https:\/\/apuntesdesanluis.com\/#\/schema\/person\/b55151d52296fcce64d1a72538a70b90"},"image":{"@id":"https:\/\/apuntesdesanluis.com\/index.php\/2024\/09\/25\/despues-de-43-mil-ha-quemadas-y-en-el-sexto-dia-milei-viajo-a-cordoba\/#primaryimage"},"thumbnailUrl":"https:\/\/apuntesdesanluis.com\/wp-content\/uploads\/2024\/09\/MILEI-CON-LLARYORA.png","articleSection":["Nacionales\/Internacionales"],"inLanguage":"es-AR"},{"@type":"WebPage","@id":"https:\/\/apuntesdesanluis.com\/index.php\/2024\/09\/25\/despues-de-43-mil-ha-quemadas-y-en-el-sexto-dia-milei-viajo-a-cordoba\/","url":"https:\/\/apuntesdesanluis.com\/index.php\/2024\/09\/25\/despues-de-43-mil-ha-quemadas-y-en-el-sexto-dia-milei-viajo-a-cordoba\/","name":"DESPU\u00c9S DE 43 MIL HA QUEMADAS, Y EN EL SEXTO D\u00cdA, MILEI VIAJ\u00d3 A C\u00d3RDOBA - Apuntes de San Luis","isPartOf":{"@id":"https:\/\/apuntesdesanluis.com\/#website"},"primaryImageOfPage":{"@id":"https:\/\/apuntesdesanluis.com\/index.php\/2024\/09\/25\/despues-de-43-mil-ha-quemadas-y-en-el-sexto-dia-milei-viajo-a-cordoba\/#primaryimage"},"image":{"@id":"https:\/\/apuntesdesanluis.com\/index.php\/2024\/09\/25\/despues-de-43-mil-ha-quemadas-y-en-el-sexto-dia-milei-viajo-a-cordoba\/#primaryimage"},"thumbnailUrl":"https:\/\/apuntesdesanluis.com\/wp-content\/uploads\/2024\/09\/MILEI-CON-LLARYORA.png","datePublished":"2024-09-25T21:52:32+00:00","breadcrumb":{"@id":"https:\/\/apuntesdesanluis.com\/index.php\/2024\/09\/25\/despues-de-43-mil-ha-quemadas-y-en-el-sexto-dia-milei-viajo-a-cordoba\/#breadcrumb"},"inLanguage":"es-AR","potentialAction":[{"@type":"ReadAction","target":["https:\/\/apuntesdesanluis.com\/index.php\/2024\/09\/25\/despues-de-43-mil-ha-quemadas-y-en-el-sexto-dia-milei-viajo-a-cordoba\/"]}]},{"@type":"ImageObject","inLanguage":"es-AR","@id":"https:\/\/apuntesdesanluis.com\/index.php\/2024\/09\/25\/despues-de-43-mil-ha-quemadas-y-en-el-sexto-dia-milei-viajo-a-cordoba\/#primaryimage","url":"https:\/\/apuntesdesanluis.com\/wp-content\/uploads\/2024\/09\/MILEI-CON-LLARYORA.png","contentUrl":"https:\/\/apuntesdesanluis.com\/wp-content\/uploads\/2024\/09\/MILEI-CON-LLARYORA.png","width":815,"height":500},{"@type":"BreadcrumbList","@id":"https:\/\/apuntesdesanluis.com\/index.php\/2024\/09\/25\/despues-de-43-mil-ha-quemadas-y-en-el-sexto-dia-milei-viajo-a-cordoba\/#breadcrumb","itemListElement":[{"@type":"ListItem","position":1,"name":"Inicio","item":"https:\/\/apuntesdesanluis.com\/"},{"@type":"ListItem","position":2,"name":"DESPU\u00c9S DE 43 MIL HA QUEMADAS, Y EN EL SEXTO D\u00cdA, MILEI VIAJ\u00d3 A C\u00d3RDOBA"}]},{"@type":"WebSite","@id":"https:\/\/apuntesdesanluis.com\/#website","url":"https:\/\/apuntesdesanluis.com\/","name":"Apuntes de San Luis","description":"","publisher":{"@id":"https:\/\/apuntesdesanluis.com\/#\/schema\/person\/b55151d52296fcce64d1a72538a70b90"},"potentialAction":[{"@type":"SearchAction","target":{"@type":"EntryPoint","urlTemplate":"https:\/\/apuntesdesanluis.com\/?s={search_term_string}"},"query-input":{"@type":"PropertyValueSpecification","valueRequired":true,"valueName":"search_term_string"}}],"inLanguage":"es-AR"},{"@type":["Person","Organization"],"@id":"https:\/\/apuntesdesanluis.com\/#\/schema\/person\/b55151d52296fcce64d1a72538a70b90","name":"apuntesdesanluis.com","image":{"@type":"ImageObject","inLanguage":"es-AR","@id":"https:\/\/apuntesdesanluis.com\/#\/schema\/person\/image\/","url":"https:\/\/apuntesdesanluis.com\/wp-content\/uploads\/2023\/07\/cropped-apuntesdesanluis.png","contentUrl":"https:\/\/apuntesdesanluis.com\/wp-content\/uploads\/2023\/07\/cropped-apuntesdesanluis.png","width":450,"height":112,"caption":"apuntesdesanluis.com"},"logo":{"@id":"https:\/\/apuntesdesanluis.com\/#\/schema\/person\/image\/"},"sameAs":["https:\/\/apuntesdesanluis.com"],"url":"https:\/\/apuntesdesanluis.com\/index.php\/author\/apuntesdesanluis-com\/"}]}},"featured_image_urls":{"full":["https:\/\/apuntesdesanluis.com\/wp-content\/uploads\/2024\/09\/MILEI-CON-LLARYORA.png",815,500,false],"thumbnail":["https:\/\/apuntesdesanluis.com\/wp-content\/uploads\/2024\/09\/MILEI-CON-LLARYORA-150x150.png",150,150,true],"medium":["https:\/\/apuntesdesanluis.com\/wp-content\/uploads\/2024\/09\/MILEI-CON-LLARYORA-300x184.png",300,184,true],"medium_large":["https:\/\/apuntesdesanluis.com\/wp-content\/uploads\/2024\/09\/MILEI-CON-LLARYORA-768x471.png",640,393,true],"large":["https:\/\/apuntesdesanluis.com\/wp-content\/uploads\/2024\/09\/MILEI-CON-LLARYORA.png",640,393,false],"1536x1536":["https:\/\/apuntesdesanluis.com\/wp-content\/uploads\/2024\/09\/MILEI-CON-LLARYORA.png",815,500,false],"2048x2048":["https:\/\/apuntesdesanluis.com\/wp-content\/uploads\/2024\/09\/MILEI-CON-LLARYORA.png",815,500,false],"newsever-slider-full":["https:\/\/apuntesdesanluis.com\/wp-content\/uploads\/2024\/09\/MILEI-CON-LLARYORA.png",815,500,false],"newsever-featured":["https:\/\/apuntesdesanluis.com\/wp-content\/uploads\/2024\/09\/MILEI-CON-LLARYORA.png",815,500,false],"newsever-medium":["https:\/\/apuntesdesanluis.com\/wp-content\/uploads\/2024\/09\/MILEI-CON-LLARYORA-720x475.png",720,475,true]},"author_info":{"display_name":"apuntesdesanluis.com","author_link":"https:\/\/apuntesdesanluis.com\/index.php\/author\/apuntesdesanluis-com\/"},"category_info":"<a href=\"https:\/\/apuntesdesanluis.com\/index.php\/category\/nacionales-internacionales\/\" rel=\"category tag\">Nacionales\/Internacionales<\/a>","tag_info":"Nacionales\/Internacionales","comment_count":"0","_links":{"self":[{"href":"https:\/\/apuntesdesanluis.com\/index.php\/wp-json\/wp\/v2\/posts\/22883","targetHints":{"allow":["GET"]}}],"collection":[{"href":"https:\/\/apuntesdesanluis.com\/index.php\/wp-json\/wp\/v2\/posts"}],"about":[{"href":"https:\/\/apuntesdesanluis.com\/index.php\/wp-json\/wp\/v2\/types\/post"}],"author":[{"embeddable":true,"href":"https:\/\/apuntesdesanluis.com\/index.php\/wp-json\/wp\/v2\/users\/1"}],"replies":[{"embeddable":true,"href":"https:\/\/apuntesdesanluis.com\/index.php\/wp-json\/wp\/v2\/comments?post=22883"}],"version-history":[{"count":1,"href":"https:\/\/apuntesdesanluis.com\/index.php\/wp-json\/wp\/v2\/posts\/22883\/revisions"}],"predecessor-version":[{"id":22888,"href":"https:\/\/apuntesdesanluis.com\/index.php\/wp-json\/wp\/v2\/posts\/22883\/revisions\/22888"}],"wp:featuredmedia":[{"embeddable":true,"href":"https:\/\/apuntesdesanluis.com\/index.php\/wp-json\/wp\/v2\/media\/22884"}],"wp:attachment":[{"href":"https:\/\/apuntesdesanluis.com\/index.php\/wp-json\/wp\/v2\/media?parent=22883"}],"wp:term":[{"taxonomy":"category","embeddable":true,"href":"https:\/\/apuntesdesanluis.com\/index.php\/wp-json\/wp\/v2\/categories?post=22883"},{"taxonomy":"post_tag","embeddable":true,"href":"https:\/\/apuntesdesanluis.com\/index.php\/wp-json\/wp\/v2\/tags?post=22883"}],"curies":[{"name":"wp","href":"https:\/\/api.w.org\/{rel}","templated":true}]}}