{"id":22899,"date":"2024-09-25T20:06:18","date_gmt":"2024-09-25T23:06:18","guid":{"rendered":"https:\/\/apuntesdesanluis.com\/?p=22899"},"modified":"2024-09-25T20:50:56","modified_gmt":"2024-09-25T23:50:56","slug":"atsa-confirmo-que-con-el-aumento-del-5-se-pagara-el-bono-por-el-dia-de-la-sanidad","status":"publish","type":"post","link":"https:\/\/apuntesdesanluis.com\/index.php\/2024\/09\/25\/atsa-confirmo-que-con-el-aumento-del-5-se-pagara-el-bono-por-el-dia-de-la-sanidad\/","title":{"rendered":"ATSA CONFIRM\u00d3 QUE CON EL AUMENTO DEL 5% SE PAGAR\u00c1 EL BONO POR EL D\u00cdA DE LA SANIDAD"},"content":{"rendered":"<h3>La <strong>Comisi\u00f3n Directiva de ATSA San Luis<\/strong> confirm\u00f3 que tras las gestiones realizadas por el gremio, el gobierno provincial acept\u00f3 abonar el bono acordado en negociaciones paritarias nacionales, por el <strong>D\u00eda de la Sanidad<\/strong>.<\/h3>\n<h3>Como se recordar\u00e1, el D\u00eda de la Sanidad se celebr\u00f3 el pasado 21 de setiembre.<\/h3>\n<h3><strong>ATSA<\/strong> precis\u00f3 que se trata de una \u201casignaci\u00f3n de car\u00e1cter excepcional no remunerativa de $44.613 mil pesos, que se abonar\u00e1 junto con los haberes de setiembre, con el aumento salarial del 5% dispuesto por la provincia\u201d.<\/h3>\n<h3>El gremio de la Sanidad sostuvo que \u201chist\u00f3ricamente se ha logrado mantener este reconocimiento, que alcanza a todos los trabajadores encuadrados en el Convenio Colectivo de Trabajo 122\/75, con independencia de la categor\u00eda y\/o antig\u00fcedad que posean los compa\u00f1eros\u201d.<\/h3>\n<h3>Finalmente indicaron que continuar\u00e1n reclamando del pago de las nuevas escalas salariales presentadas oportunamente, para lo cual se encuentran \u201ctramitando una audiencia con el ministro de Hacienda e Infraestructura de la provincia para tratar este tema que nos preocupa, considerando la grave crisis econ\u00f3mica por la que estamos atravesando\u201d.<\/h3>\n<p>&nbsp;<\/p>\n<p>&nbsp;<\/p>\n<p>&nbsp;<\/p>\n<p>&nbsp;<\/p>\n<p>&nbsp;<\/p>\n<p>&nbsp;<\/p>\n","protected":false},"excerpt":{"rendered":"<p>La Comisi\u00f3n Directiva de ATSA San Luis confirm\u00f3 que tras las gestiones realizadas por el&#8230;<\/p>\n","protected":false},"author":1,"featured_media":22900,"comment_status":"closed","ping_status":"closed","sticky":false,"template":"","format":"standard","meta":{"footnotes":""},"categories":[6],"tags":[],"class_list":["post-22899","post","type-post","status-publish","format-standard","has-post-thumbnail","hentry","category-ciudad-provincia"],"yoast_head":"<!-- This site is optimized with the Yoast SEO plugin v26.1.1 - https:\/\/yoast.com\/wordpress\/plugins\/seo\/ -->\n<title>ATSA CONFIRM\u00d3 QUE CON EL AUMENTO DEL 5% SE PAGAR\u00c1 EL BONO POR EL D\u00cdA DE LA SANIDAD - Apuntes de San Luis<\/title>\n<meta name=\"robots\" content=\"index, follow, max-snippet:-1, max-image-preview:large, max-video-preview:-1\" \/>\n<link rel=\"canonical\" href=\"https:\/\/apuntesdesanluis.com\/index.php\/2024\/09\/25\/atsa-confirmo-que-con-el-aumento-del-5-se-pagara-el-bono-por-el-dia-de-la-sanidad\/\" \/>\n<meta property=\"og:locale\" content=\"es_ES\" \/>\n<meta property=\"og:type\" content=\"article\" \/>\n<meta property=\"og:title\" content=\"ATSA CONFIRM\u00d3 QUE CON EL AUMENTO DEL 5% SE PAGAR\u00c1 EL BONO POR EL D\u00cdA DE LA SANIDAD - Apuntes de San Luis\" \/>\n<meta property=\"og:description\" content=\"La Comisi\u00f3n Directiva de ATSA San Luis confirm\u00f3 que tras las gestiones realizadas por el...\" \/>\n<meta property=\"og:url\" content=\"https:\/\/apuntesdesanluis.com\/index.php\/2024\/09\/25\/atsa-confirmo-que-con-el-aumento-del-5-se-pagara-el-bono-por-el-dia-de-la-sanidad\/\" \/>\n<meta property=\"og:site_name\" content=\"Apuntes de San Luis\" \/>\n<meta property=\"article:published_time\" content=\"2024-09-25T23:06:18+00:00\" \/>\n<meta property=\"article:modified_time\" content=\"2024-09-25T23:50:56+00:00\" \/>\n<meta property=\"og:image\" content=\"https:\/\/apuntesdesanluis.com\/wp-content\/uploads\/2024\/09\/atsa-san-luis.png\" \/>\n\t<meta property=\"og:image:width\" content=\"491\" \/>\n\t<meta property=\"og:image:height\" content=\"291\" \/>\n\t<meta property=\"og:image:type\" content=\"image\/png\" \/>\n<meta name=\"author\" content=\"apuntesdesanluis.com\" \/>\n<meta name=\"twitter:card\" content=\"summary_large_image\" \/>\n<meta name=\"twitter:label1\" content=\"Escrito por\" \/>\n\t<meta name=\"twitter:data1\" content=\"apuntesdesanluis.com\" \/>\n\t<meta name=\"twitter:label2\" content=\"Tiempo de lectura\" \/>\n\t<meta name=\"twitter:data2\" content=\"1 minuto\" \/>\n<script type=\"application\/ld+json\" class=\"yoast-schema-graph\">{\"@context\":\"https:\/\/schema.org\",\"@graph\":[{\"@type\":\"Article\",\"@id\":\"https:\/\/apuntesdesanluis.com\/index.php\/2024\/09\/25\/atsa-confirmo-que-con-el-aumento-del-5-se-pagara-el-bono-por-el-dia-de-la-sanidad\/#article\",\"isPartOf\":{\"@id\":\"https:\/\/apuntesdesanluis.com\/index.php\/2024\/09\/25\/atsa-confirmo-que-con-el-aumento-del-5-se-pagara-el-bono-por-el-dia-de-la-sanidad\/\"},\"author\":{\"name\":\"apuntesdesanluis.com\",\"@id\":\"https:\/\/apuntesdesanluis.com\/#\/schema\/person\/b55151d52296fcce64d1a72538a70b90\"},\"headline\":\"ATSA CONFIRM\u00d3 QUE CON EL AUMENTO DEL 5% SE PAGAR\u00c1 EL BONO POR EL D\u00cdA DE LA SANIDAD\",\"datePublished\":\"2024-09-25T23:06:18+00:00\",\"dateModified\":\"2024-09-25T23:50:56+00:00\",\"mainEntityOfPage\":{\"@id\":\"https:\/\/apuntesdesanluis.com\/index.php\/2024\/09\/25\/atsa-confirmo-que-con-el-aumento-del-5-se-pagara-el-bono-por-el-dia-de-la-sanidad\/\"},\"wordCount\":205,\"publisher\":{\"@id\":\"https:\/\/apuntesdesanluis.com\/#\/schema\/person\/b55151d52296fcce64d1a72538a70b90\"},\"image\":{\"@id\":\"https:\/\/apuntesdesanluis.com\/index.php\/2024\/09\/25\/atsa-confirmo-que-con-el-aumento-del-5-se-pagara-el-bono-por-el-dia-de-la-sanidad\/#primaryimage\"},\"thumbnailUrl\":\"https:\/\/apuntesdesanluis.com\/wp-content\/uploads\/2024\/09\/atsa-san-luis.png\",\"articleSection\":[\"Ciudad\/Provincia\"],\"inLanguage\":\"es-AR\"},{\"@type\":\"WebPage\",\"@id\":\"https:\/\/apuntesdesanluis.com\/index.php\/2024\/09\/25\/atsa-confirmo-que-con-el-aumento-del-5-se-pagara-el-bono-por-el-dia-de-la-sanidad\/\",\"url\":\"https:\/\/apuntesdesanluis.com\/index.php\/2024\/09\/25\/atsa-confirmo-que-con-el-aumento-del-5-se-pagara-el-bono-por-el-dia-de-la-sanidad\/\",\"name\":\"ATSA CONFIRM\u00d3 QUE CON EL AUMENTO DEL 5% SE PAGAR\u00c1 EL BONO POR EL D\u00cdA DE LA SANIDAD - Apuntes de San Luis\",\"isPartOf\":{\"@id\":\"https:\/\/apuntesdesanluis.com\/#website\"},\"primaryImageOfPage\":{\"@id\":\"https:\/\/apuntesdesanluis.com\/index.php\/2024\/09\/25\/atsa-confirmo-que-con-el-aumento-del-5-se-pagara-el-bono-por-el-dia-de-la-sanidad\/#primaryimage\"},\"image\":{\"@id\":\"https:\/\/apuntesdesanluis.com\/index.php\/2024\/09\/25\/atsa-confirmo-que-con-el-aumento-del-5-se-pagara-el-bono-por-el-dia-de-la-sanidad\/#primaryimage\"},\"thumbnailUrl\":\"https:\/\/apuntesdesanluis.com\/wp-content\/uploads\/2024\/09\/atsa-san-luis.png\",\"datePublished\":\"2024-09-25T23:06:18+00:00\",\"dateModified\":\"2024-09-25T23:50:56+00:00\",\"breadcrumb\":{\"@id\":\"https:\/\/apuntesdesanluis.com\/index.php\/2024\/09\/25\/atsa-confirmo-que-con-el-aumento-del-5-se-pagara-el-bono-por-el-dia-de-la-sanidad\/#breadcrumb\"},\"inLanguage\":\"es-AR\",\"potentialAction\":[{\"@type\":\"ReadAction\",\"target\":[\"https:\/\/apuntesdesanluis.com\/index.php\/2024\/09\/25\/atsa-confirmo-que-con-el-aumento-del-5-se-pagara-el-bono-por-el-dia-de-la-sanidad\/\"]}]},{\"@type\":\"ImageObject\",\"inLanguage\":\"es-AR\",\"@id\":\"https:\/\/apuntesdesanluis.com\/index.php\/2024\/09\/25\/atsa-confirmo-que-con-el-aumento-del-5-se-pagara-el-bono-por-el-dia-de-la-sanidad\/#primaryimage\",\"url\":\"https:\/\/apuntesdesanluis.com\/wp-content\/uploads\/2024\/09\/atsa-san-luis.png\",\"contentUrl\":\"https:\/\/apuntesdesanluis.com\/wp-content\/uploads\/2024\/09\/atsa-san-luis.png\",\"width\":491,\"height\":291},{\"@type\":\"BreadcrumbList\",\"@id\":\"https:\/\/apuntesdesanluis.com\/index.php\/2024\/09\/25\/atsa-confirmo-que-con-el-aumento-del-5-se-pagara-el-bono-por-el-dia-de-la-sanidad\/#breadcrumb\",\"itemListElement\":[{\"@type\":\"ListItem\",\"position\":1,\"name\":\"Inicio\",\"item\":\"https:\/\/apuntesdesanluis.com\/\"},{\"@type\":\"ListItem\",\"position\":2,\"name\":\"ATSA CONFIRM\u00d3 QUE CON EL AUMENTO DEL 5% SE PAGAR\u00c1 EL BONO POR EL D\u00cdA DE LA SANIDAD\"}]},{\"@type\":\"WebSite\",\"@id\":\"https:\/\/apuntesdesanluis.com\/#website\",\"url\":\"https:\/\/apuntesdesanluis.com\/\",\"name\":\"Apuntes de San Luis\",\"description\":\"\",\"publisher\":{\"@id\":\"https:\/\/apuntesdesanluis.com\/#\/schema\/person\/b55151d52296fcce64d1a72538a70b90\"},\"potentialAction\":[{\"@type\":\"SearchAction\",\"target\":{\"@type\":\"EntryPoint\",\"urlTemplate\":\"https:\/\/apuntesdesanluis.com\/?s={search_term_string}\"},\"query-input\":{\"@type\":\"PropertyValueSpecification\",\"valueRequired\":true,\"valueName\":\"search_term_string\"}}],\"inLanguage\":\"es-AR\"},{\"@type\":[\"Person\",\"Organization\"],\"@id\":\"https:\/\/apuntesdesanluis.com\/#\/schema\/person\/b55151d52296fcce64d1a72538a70b90\",\"name\":\"apuntesdesanluis.com\",\"image\":{\"@type\":\"ImageObject\",\"inLanguage\":\"es-AR\",\"@id\":\"https:\/\/apuntesdesanluis.com\/#\/schema\/person\/image\/\",\"url\":\"https:\/\/apuntesdesanluis.com\/wp-content\/uploads\/2023\/07\/cropped-apuntesdesanluis.png\",\"contentUrl\":\"https:\/\/apuntesdesanluis.com\/wp-content\/uploads\/2023\/07\/cropped-apuntesdesanluis.png\",\"width\":450,\"height\":112,\"caption\":\"apuntesdesanluis.com\"},\"logo\":{\"@id\":\"https:\/\/apuntesdesanluis.com\/#\/schema\/person\/image\/\"},\"sameAs\":[\"https:\/\/apuntesdesanluis.com\"],\"url\":\"https:\/\/apuntesdesanluis.com\/index.php\/author\/apuntesdesanluis-com\/\"}]}<\/script>\n<!-- \/ Yoast SEO plugin. -->","yoast_head_json":{"title":"ATSA CONFIRM\u00d3 QUE CON EL AUMENTO DEL 5% SE PAGAR\u00c1 EL BONO POR EL D\u00cdA DE LA SANIDAD - Apuntes de San Luis","robots":{"index":"index","follow":"follow","max-snippet":"max-snippet:-1","max-image-preview":"max-image-preview:large","max-video-preview":"max-video-preview:-1"},"canonical":"https:\/\/apuntesdesanluis.com\/index.php\/2024\/09\/25\/atsa-confirmo-que-con-el-aumento-del-5-se-pagara-el-bono-por-el-dia-de-la-sanidad\/","og_locale":"es_ES","og_type":"article","og_title":"ATSA CONFIRM\u00d3 QUE CON EL AUMENTO DEL 5% SE PAGAR\u00c1 EL BONO POR EL D\u00cdA DE LA SANIDAD - Apuntes de San Luis","og_description":"La Comisi\u00f3n Directiva de ATSA San Luis confirm\u00f3 que tras las gestiones realizadas por el...","og_url":"https:\/\/apuntesdesanluis.com\/index.php\/2024\/09\/25\/atsa-confirmo-que-con-el-aumento-del-5-se-pagara-el-bono-por-el-dia-de-la-sanidad\/","og_site_name":"Apuntes de San Luis","article_published_time":"2024-09-25T23:06:18+00:00","article_modified_time":"2024-09-25T23:50:56+00:00","og_image":[{"width":491,"height":291,"url":"https:\/\/apuntesdesanluis.com\/wp-content\/uploads\/2024\/09\/atsa-san-luis.png","type":"image\/png"}],"author":"apuntesdesanluis.com","twitter_card":"summary_large_image","twitter_misc":{"Escrito por":"apuntesdesanluis.com","Tiempo de lectura":"1 minuto"},"schema":{"@context":"https:\/\/schema.org","@graph":[{"@type":"Article","@id":"https:\/\/apuntesdesanluis.com\/index.php\/2024\/09\/25\/atsa-confirmo-que-con-el-aumento-del-5-se-pagara-el-bono-por-el-dia-de-la-sanidad\/#article","isPartOf":{"@id":"https:\/\/apuntesdesanluis.com\/index.php\/2024\/09\/25\/atsa-confirmo-que-con-el-aumento-del-5-se-pagara-el-bono-por-el-dia-de-la-sanidad\/"},"author":{"name":"apuntesdesanluis.com","@id":"https:\/\/apuntesdesanluis.com\/#\/schema\/person\/b55151d52296fcce64d1a72538a70b90"},"headline":"ATSA CONFIRM\u00d3 QUE CON EL AUMENTO DEL 5% SE PAGAR\u00c1 EL BONO POR EL D\u00cdA DE LA SANIDAD","datePublished":"2024-09-25T23:06:18+00:00","dateModified":"2024-09-25T23:50:56+00:00","mainEntityOfPage":{"@id":"https:\/\/apuntesdesanluis.com\/index.php\/2024\/09\/25\/atsa-confirmo-que-con-el-aumento-del-5-se-pagara-el-bono-por-el-dia-de-la-sanidad\/"},"wordCount":205,"publisher":{"@id":"https:\/\/apuntesdesanluis.com\/#\/schema\/person\/b55151d52296fcce64d1a72538a70b90"},"image":{"@id":"https:\/\/apuntesdesanluis.com\/index.php\/2024\/09\/25\/atsa-confirmo-que-con-el-aumento-del-5-se-pagara-el-bono-por-el-dia-de-la-sanidad\/#primaryimage"},"thumbnailUrl":"https:\/\/apuntesdesanluis.com\/wp-content\/uploads\/2024\/09\/atsa-san-luis.png","articleSection":["Ciudad\/Provincia"],"inLanguage":"es-AR"},{"@type":"WebPage","@id":"https:\/\/apuntesdesanluis.com\/index.php\/2024\/09\/25\/atsa-confirmo-que-con-el-aumento-del-5-se-pagara-el-bono-por-el-dia-de-la-sanidad\/","url":"https:\/\/apuntesdesanluis.com\/index.php\/2024\/09\/25\/atsa-confirmo-que-con-el-aumento-del-5-se-pagara-el-bono-por-el-dia-de-la-sanidad\/","name":"ATSA CONFIRM\u00d3 QUE CON EL AUMENTO DEL 5% SE PAGAR\u00c1 EL BONO POR EL D\u00cdA DE LA SANIDAD - Apuntes de San Luis","isPartOf":{"@id":"https:\/\/apuntesdesanluis.com\/#website"},"primaryImageOfPage":{"@id":"https:\/\/apuntesdesanluis.com\/index.php\/2024\/09\/25\/atsa-confirmo-que-con-el-aumento-del-5-se-pagara-el-bono-por-el-dia-de-la-sanidad\/#primaryimage"},"image":{"@id":"https:\/\/apuntesdesanluis.com\/index.php\/2024\/09\/25\/atsa-confirmo-que-con-el-aumento-del-5-se-pagara-el-bono-por-el-dia-de-la-sanidad\/#primaryimage"},"thumbnailUrl":"https:\/\/apuntesdesanluis.com\/wp-content\/uploads\/2024\/09\/atsa-san-luis.png","datePublished":"2024-09-25T23:06:18+00:00","dateModified":"2024-09-25T23:50:56+00:00","breadcrumb":{"@id":"https:\/\/apuntesdesanluis.com\/index.php\/2024\/09\/25\/atsa-confirmo-que-con-el-aumento-del-5-se-pagara-el-bono-por-el-dia-de-la-sanidad\/#breadcrumb"},"inLanguage":"es-AR","potentialAction":[{"@type":"ReadAction","target":["https:\/\/apuntesdesanluis.com\/index.php\/2024\/09\/25\/atsa-confirmo-que-con-el-aumento-del-5-se-pagara-el-bono-por-el-dia-de-la-sanidad\/"]}]},{"@type":"ImageObject","inLanguage":"es-AR","@id":"https:\/\/apuntesdesanluis.com\/index.php\/2024\/09\/25\/atsa-confirmo-que-con-el-aumento-del-5-se-pagara-el-bono-por-el-dia-de-la-sanidad\/#primaryimage","url":"https:\/\/apuntesdesanluis.com\/wp-content\/uploads\/2024\/09\/atsa-san-luis.png","contentUrl":"https:\/\/apuntesdesanluis.com\/wp-content\/uploads\/2024\/09\/atsa-san-luis.png","width":491,"height":291},{"@type":"BreadcrumbList","@id":"https:\/\/apuntesdesanluis.com\/index.php\/2024\/09\/25\/atsa-confirmo-que-con-el-aumento-del-5-se-pagara-el-bono-por-el-dia-de-la-sanidad\/#breadcrumb","itemListElement":[{"@type":"ListItem","position":1,"name":"Inicio","item":"https:\/\/apuntesdesanluis.com\/"},{"@type":"ListItem","position":2,"name":"ATSA CONFIRM\u00d3 QUE CON EL AUMENTO DEL 5% SE PAGAR\u00c1 EL BONO POR EL D\u00cdA DE LA SANIDAD"}]},{"@type":"WebSite","@id":"https:\/\/apuntesdesanluis.com\/#website","url":"https:\/\/apuntesdesanluis.com\/","name":"Apuntes de San Luis","description":"","publisher":{"@id":"https:\/\/apuntesdesanluis.com\/#\/schema\/person\/b55151d52296fcce64d1a72538a70b90"},"potentialAction":[{"@type":"SearchAction","target":{"@type":"EntryPoint","urlTemplate":"https:\/\/apuntesdesanluis.com\/?s={search_term_string}"},"query-input":{"@type":"PropertyValueSpecification","valueRequired":true,"valueName":"search_term_string"}}],"inLanguage":"es-AR"},{"@type":["Person","Organization"],"@id":"https:\/\/apuntesdesanluis.com\/#\/schema\/person\/b55151d52296fcce64d1a72538a70b90","name":"apuntesdesanluis.com","image":{"@type":"ImageObject","inLanguage":"es-AR","@id":"https:\/\/apuntesdesanluis.com\/#\/schema\/person\/image\/","url":"https:\/\/apuntesdesanluis.com\/wp-content\/uploads\/2023\/07\/cropped-apuntesdesanluis.png","contentUrl":"https:\/\/apuntesdesanluis.com\/wp-content\/uploads\/2023\/07\/cropped-apuntesdesanluis.png","width":450,"height":112,"caption":"apuntesdesanluis.com"},"logo":{"@id":"https:\/\/apuntesdesanluis.com\/#\/schema\/person\/image\/"},"sameAs":["https:\/\/apuntesdesanluis.com"],"url":"https:\/\/apuntesdesanluis.com\/index.php\/author\/apuntesdesanluis-com\/"}]}},"featured_image_urls":{"full":["https:\/\/apuntesdesanluis.com\/wp-content\/uploads\/2024\/09\/atsa-san-luis.png",491,291,false],"thumbnail":["https:\/\/apuntesdesanluis.com\/wp-content\/uploads\/2024\/09\/atsa-san-luis-150x150.png",150,150,true],"medium":["https:\/\/apuntesdesanluis.com\/wp-content\/uploads\/2024\/09\/atsa-san-luis-300x178.png",300,178,true],"medium_large":["https:\/\/apuntesdesanluis.com\/wp-content\/uploads\/2024\/09\/atsa-san-luis.png",491,291,false],"large":["https:\/\/apuntesdesanluis.com\/wp-content\/uploads\/2024\/09\/atsa-san-luis.png",491,291,false],"1536x1536":["https:\/\/apuntesdesanluis.com\/wp-content\/uploads\/2024\/09\/atsa-san-luis.png",491,291,false],"2048x2048":["https:\/\/apuntesdesanluis.com\/wp-content\/uploads\/2024\/09\/atsa-san-luis.png",491,291,false],"newsever-slider-full":["https:\/\/apuntesdesanluis.com\/wp-content\/uploads\/2024\/09\/atsa-san-luis.png",491,291,false],"newsever-featured":["https:\/\/apuntesdesanluis.com\/wp-content\/uploads\/2024\/09\/atsa-san-luis.png",491,291,false],"newsever-medium":["https:\/\/apuntesdesanluis.com\/wp-content\/uploads\/2024\/09\/atsa-san-luis.png",491,291,false]},"author_info":{"display_name":"apuntesdesanluis.com","author_link":"https:\/\/apuntesdesanluis.com\/index.php\/author\/apuntesdesanluis-com\/"},"category_info":"<a href=\"https:\/\/apuntesdesanluis.com\/index.php\/category\/ciudad-provincia\/\" rel=\"category tag\">Ciudad\/Provincia<\/a>","tag_info":"Ciudad\/Provincia","comment_count":"0","_links":{"self":[{"href":"https:\/\/apuntesdesanluis.com\/index.php\/wp-json\/wp\/v2\/posts\/22899","targetHints":{"allow":["GET"]}}],"collection":[{"href":"https:\/\/apuntesdesanluis.com\/index.php\/wp-json\/wp\/v2\/posts"}],"about":[{"href":"https:\/\/apuntesdesanluis.com\/index.php\/wp-json\/wp\/v2\/types\/post"}],"author":[{"embeddable":true,"href":"https:\/\/apuntesdesanluis.com\/index.php\/wp-json\/wp\/v2\/users\/1"}],"replies":[{"embeddable":true,"href":"https:\/\/apuntesdesanluis.com\/index.php\/wp-json\/wp\/v2\/comments?post=22899"}],"version-history":[{"count":4,"href":"https:\/\/apuntesdesanluis.com\/index.php\/wp-json\/wp\/v2\/posts\/22899\/revisions"}],"predecessor-version":[{"id":22917,"href":"https:\/\/apuntesdesanluis.com\/index.php\/wp-json\/wp\/v2\/posts\/22899\/revisions\/22917"}],"wp:featuredmedia":[{"embeddable":true,"href":"https:\/\/apuntesdesanluis.com\/index.php\/wp-json\/wp\/v2\/media\/22900"}],"wp:attachment":[{"href":"https:\/\/apuntesdesanluis.com\/index.php\/wp-json\/wp\/v2\/media?parent=22899"}],"wp:term":[{"taxonomy":"category","embeddable":true,"href":"https:\/\/apuntesdesanluis.com\/index.php\/wp-json\/wp\/v2\/categories?post=22899"},{"taxonomy":"post_tag","embeddable":true,"href":"https:\/\/apuntesdesanluis.com\/index.php\/wp-json\/wp\/v2\/tags?post=22899"}],"curies":[{"name":"wp","href":"https:\/\/api.w.org\/{rel}","templated":true}]}}