{"id":22908,"date":"2024-09-25T20:19:44","date_gmt":"2024-09-25T23:19:44","guid":{"rendered":"https:\/\/apuntesdesanluis.com\/?p=22908"},"modified":"2024-09-25T20:19:44","modified_gmt":"2024-09-25T23:19:44","slug":"choco-la-camioneta-de-la-policia-federal-en-la-que-viajaba-bullrich","status":"publish","type":"post","link":"https:\/\/apuntesdesanluis.com\/index.php\/2024\/09\/25\/choco-la-camioneta-de-la-policia-federal-en-la-que-viajaba-bullrich\/","title":{"rendered":"CHOC\u00d3 LA CAMIONETA DE LA POLIC\u00cdA FEDERAL EN LA QUE VIAJABA BULLRICH"},"content":{"rendered":"<h3>Una camioneta de la Polic\u00eda Federal en la que viajaba la ministra de Seguridad, <strong>Patricia Bullrich<\/strong>, choc\u00f3 con una moto en el barrio porte\u00f1o de Palermo y el motociclista fue derivado al Hospital Fern\u00e1ndez.<\/h3>\n<h3>Fuentes policiales revelaron a la Agencia Noticias Argentinas que el accidente vial entre el veh\u00edculo Toyota SW4 de la Polic\u00eda Federal y la motocicleta Rowser NS 200 se produjo en la intersecci\u00f3n de Avenida del Libertador y Rep\u00fablica de Siria.<\/h3>\n<h3>Al mismo tiempo, la titular de la cartera, que se encuentra ilesa, continu\u00f3 su trayecto en la misma camioneta hasta Aeroparque donde tom\u00f3 un viaje con destino a C\u00f3rdoba para acompa\u00f1ar al presidente Javier Milei, quien se encuentra all\u00ed por los incendios forestales que se desarrollan en distintas ciudades.<\/h3>\n<h3>Mientras tanto, el motociclista fue trasladado en una ambulancia del SAME al Hospital Fern\u00e1ndez donde le diagnosticaron un traumatismo en la pierna derecha, aunque no tiene riesgo de vida.<\/h3>\n<p>&nbsp;<\/p>\n<p>&nbsp;<\/p>\n<p>&nbsp;<\/p>\n","protected":false},"excerpt":{"rendered":"<p>Una camioneta de la Polic\u00eda Federal en la que viajaba la ministra de Seguridad, Patricia&#8230;<\/p>\n","protected":false},"author":1,"featured_media":22909,"comment_status":"closed","ping_status":"closed","sticky":false,"template":"","format":"standard","meta":{"footnotes":""},"categories":[5],"tags":[],"class_list":["post-22908","post","type-post","status-publish","format-standard","has-post-thumbnail","hentry","category-nacionales-internacionales"],"yoast_head":"<!-- This site is optimized with the Yoast SEO plugin v26.1.1 - https:\/\/yoast.com\/wordpress\/plugins\/seo\/ -->\n<title>CHOC\u00d3 LA CAMIONETA DE LA POLIC\u00cdA FEDERAL EN LA QUE VIAJABA BULLRICH - Apuntes de San Luis<\/title>\n<meta name=\"robots\" content=\"index, follow, max-snippet:-1, max-image-preview:large, max-video-preview:-1\" \/>\n<link rel=\"canonical\" href=\"https:\/\/apuntesdesanluis.com\/index.php\/2024\/09\/25\/choco-la-camioneta-de-la-policia-federal-en-la-que-viajaba-bullrich\/\" \/>\n<meta property=\"og:locale\" content=\"es_ES\" \/>\n<meta property=\"og:type\" content=\"article\" \/>\n<meta property=\"og:title\" content=\"CHOC\u00d3 LA CAMIONETA DE LA POLIC\u00cdA FEDERAL EN LA QUE VIAJABA BULLRICH - Apuntes de San Luis\" \/>\n<meta property=\"og:description\" content=\"Una camioneta de la Polic\u00eda Federal en la que viajaba la ministra de Seguridad, Patricia...\" \/>\n<meta property=\"og:url\" content=\"https:\/\/apuntesdesanluis.com\/index.php\/2024\/09\/25\/choco-la-camioneta-de-la-policia-federal-en-la-que-viajaba-bullrich\/\" \/>\n<meta property=\"og:site_name\" content=\"Apuntes de San Luis\" \/>\n<meta property=\"article:published_time\" content=\"2024-09-25T23:19:44+00:00\" \/>\n<meta property=\"og:image\" content=\"https:\/\/apuntesdesanluis.com\/wp-content\/uploads\/2024\/09\/bullrich.png\" \/>\n\t<meta property=\"og:image:width\" content=\"698\" \/>\n\t<meta property=\"og:image:height\" content=\"468\" \/>\n\t<meta property=\"og:image:type\" content=\"image\/png\" \/>\n<meta name=\"author\" content=\"apuntesdesanluis.com\" \/>\n<meta name=\"twitter:card\" content=\"summary_large_image\" \/>\n<meta name=\"twitter:label1\" content=\"Escrito por\" \/>\n\t<meta name=\"twitter:data1\" content=\"apuntesdesanluis.com\" \/>\n\t<meta name=\"twitter:label2\" content=\"Tiempo de lectura\" \/>\n\t<meta name=\"twitter:data2\" content=\"1 minuto\" \/>\n<script type=\"application\/ld+json\" class=\"yoast-schema-graph\">{\"@context\":\"https:\/\/schema.org\",\"@graph\":[{\"@type\":\"Article\",\"@id\":\"https:\/\/apuntesdesanluis.com\/index.php\/2024\/09\/25\/choco-la-camioneta-de-la-policia-federal-en-la-que-viajaba-bullrich\/#article\",\"isPartOf\":{\"@id\":\"https:\/\/apuntesdesanluis.com\/index.php\/2024\/09\/25\/choco-la-camioneta-de-la-policia-federal-en-la-que-viajaba-bullrich\/\"},\"author\":{\"name\":\"apuntesdesanluis.com\",\"@id\":\"https:\/\/apuntesdesanluis.com\/#\/schema\/person\/b55151d52296fcce64d1a72538a70b90\"},\"headline\":\"CHOC\u00d3 LA CAMIONETA DE LA POLIC\u00cdA FEDERAL EN LA QUE VIAJABA BULLRICH\",\"datePublished\":\"2024-09-25T23:19:44+00:00\",\"mainEntityOfPage\":{\"@id\":\"https:\/\/apuntesdesanluis.com\/index.php\/2024\/09\/25\/choco-la-camioneta-de-la-policia-federal-en-la-que-viajaba-bullrich\/\"},\"wordCount\":177,\"publisher\":{\"@id\":\"https:\/\/apuntesdesanluis.com\/#\/schema\/person\/b55151d52296fcce64d1a72538a70b90\"},\"image\":{\"@id\":\"https:\/\/apuntesdesanluis.com\/index.php\/2024\/09\/25\/choco-la-camioneta-de-la-policia-federal-en-la-que-viajaba-bullrich\/#primaryimage\"},\"thumbnailUrl\":\"https:\/\/apuntesdesanluis.com\/wp-content\/uploads\/2024\/09\/bullrich.png\",\"articleSection\":[\"Nacionales\/Internacionales\"],\"inLanguage\":\"es-AR\"},{\"@type\":\"WebPage\",\"@id\":\"https:\/\/apuntesdesanluis.com\/index.php\/2024\/09\/25\/choco-la-camioneta-de-la-policia-federal-en-la-que-viajaba-bullrich\/\",\"url\":\"https:\/\/apuntesdesanluis.com\/index.php\/2024\/09\/25\/choco-la-camioneta-de-la-policia-federal-en-la-que-viajaba-bullrich\/\",\"name\":\"CHOC\u00d3 LA CAMIONETA DE LA POLIC\u00cdA FEDERAL EN LA QUE VIAJABA BULLRICH - Apuntes de San Luis\",\"isPartOf\":{\"@id\":\"https:\/\/apuntesdesanluis.com\/#website\"},\"primaryImageOfPage\":{\"@id\":\"https:\/\/apuntesdesanluis.com\/index.php\/2024\/09\/25\/choco-la-camioneta-de-la-policia-federal-en-la-que-viajaba-bullrich\/#primaryimage\"},\"image\":{\"@id\":\"https:\/\/apuntesdesanluis.com\/index.php\/2024\/09\/25\/choco-la-camioneta-de-la-policia-federal-en-la-que-viajaba-bullrich\/#primaryimage\"},\"thumbnailUrl\":\"https:\/\/apuntesdesanluis.com\/wp-content\/uploads\/2024\/09\/bullrich.png\",\"datePublished\":\"2024-09-25T23:19:44+00:00\",\"breadcrumb\":{\"@id\":\"https:\/\/apuntesdesanluis.com\/index.php\/2024\/09\/25\/choco-la-camioneta-de-la-policia-federal-en-la-que-viajaba-bullrich\/#breadcrumb\"},\"inLanguage\":\"es-AR\",\"potentialAction\":[{\"@type\":\"ReadAction\",\"target\":[\"https:\/\/apuntesdesanluis.com\/index.php\/2024\/09\/25\/choco-la-camioneta-de-la-policia-federal-en-la-que-viajaba-bullrich\/\"]}]},{\"@type\":\"ImageObject\",\"inLanguage\":\"es-AR\",\"@id\":\"https:\/\/apuntesdesanluis.com\/index.php\/2024\/09\/25\/choco-la-camioneta-de-la-policia-federal-en-la-que-viajaba-bullrich\/#primaryimage\",\"url\":\"https:\/\/apuntesdesanluis.com\/wp-content\/uploads\/2024\/09\/bullrich.png\",\"contentUrl\":\"https:\/\/apuntesdesanluis.com\/wp-content\/uploads\/2024\/09\/bullrich.png\",\"width\":698,\"height\":468},{\"@type\":\"BreadcrumbList\",\"@id\":\"https:\/\/apuntesdesanluis.com\/index.php\/2024\/09\/25\/choco-la-camioneta-de-la-policia-federal-en-la-que-viajaba-bullrich\/#breadcrumb\",\"itemListElement\":[{\"@type\":\"ListItem\",\"position\":1,\"name\":\"Inicio\",\"item\":\"https:\/\/apuntesdesanluis.com\/\"},{\"@type\":\"ListItem\",\"position\":2,\"name\":\"CHOC\u00d3 LA CAMIONETA DE LA POLIC\u00cdA FEDERAL EN LA QUE VIAJABA BULLRICH\"}]},{\"@type\":\"WebSite\",\"@id\":\"https:\/\/apuntesdesanluis.com\/#website\",\"url\":\"https:\/\/apuntesdesanluis.com\/\",\"name\":\"Apuntes de San Luis\",\"description\":\"\",\"publisher\":{\"@id\":\"https:\/\/apuntesdesanluis.com\/#\/schema\/person\/b55151d52296fcce64d1a72538a70b90\"},\"potentialAction\":[{\"@type\":\"SearchAction\",\"target\":{\"@type\":\"EntryPoint\",\"urlTemplate\":\"https:\/\/apuntesdesanluis.com\/?s={search_term_string}\"},\"query-input\":{\"@type\":\"PropertyValueSpecification\",\"valueRequired\":true,\"valueName\":\"search_term_string\"}}],\"inLanguage\":\"es-AR\"},{\"@type\":[\"Person\",\"Organization\"],\"@id\":\"https:\/\/apuntesdesanluis.com\/#\/schema\/person\/b55151d52296fcce64d1a72538a70b90\",\"name\":\"apuntesdesanluis.com\",\"image\":{\"@type\":\"ImageObject\",\"inLanguage\":\"es-AR\",\"@id\":\"https:\/\/apuntesdesanluis.com\/#\/schema\/person\/image\/\",\"url\":\"https:\/\/apuntesdesanluis.com\/wp-content\/uploads\/2023\/07\/cropped-apuntesdesanluis.png\",\"contentUrl\":\"https:\/\/apuntesdesanluis.com\/wp-content\/uploads\/2023\/07\/cropped-apuntesdesanluis.png\",\"width\":450,\"height\":112,\"caption\":\"apuntesdesanluis.com\"},\"logo\":{\"@id\":\"https:\/\/apuntesdesanluis.com\/#\/schema\/person\/image\/\"},\"sameAs\":[\"https:\/\/apuntesdesanluis.com\"],\"url\":\"https:\/\/apuntesdesanluis.com\/index.php\/author\/apuntesdesanluis-com\/\"}]}<\/script>\n<!-- \/ Yoast SEO plugin. -->","yoast_head_json":{"title":"CHOC\u00d3 LA CAMIONETA DE LA POLIC\u00cdA FEDERAL EN LA QUE VIAJABA BULLRICH - Apuntes de San Luis","robots":{"index":"index","follow":"follow","max-snippet":"max-snippet:-1","max-image-preview":"max-image-preview:large","max-video-preview":"max-video-preview:-1"},"canonical":"https:\/\/apuntesdesanluis.com\/index.php\/2024\/09\/25\/choco-la-camioneta-de-la-policia-federal-en-la-que-viajaba-bullrich\/","og_locale":"es_ES","og_type":"article","og_title":"CHOC\u00d3 LA CAMIONETA DE LA POLIC\u00cdA FEDERAL EN LA QUE VIAJABA BULLRICH - Apuntes de San Luis","og_description":"Una camioneta de la Polic\u00eda Federal en la que viajaba la ministra de Seguridad, Patricia...","og_url":"https:\/\/apuntesdesanluis.com\/index.php\/2024\/09\/25\/choco-la-camioneta-de-la-policia-federal-en-la-que-viajaba-bullrich\/","og_site_name":"Apuntes de San Luis","article_published_time":"2024-09-25T23:19:44+00:00","og_image":[{"width":698,"height":468,"url":"https:\/\/apuntesdesanluis.com\/wp-content\/uploads\/2024\/09\/bullrich.png","type":"image\/png"}],"author":"apuntesdesanluis.com","twitter_card":"summary_large_image","twitter_misc":{"Escrito por":"apuntesdesanluis.com","Tiempo de lectura":"1 minuto"},"schema":{"@context":"https:\/\/schema.org","@graph":[{"@type":"Article","@id":"https:\/\/apuntesdesanluis.com\/index.php\/2024\/09\/25\/choco-la-camioneta-de-la-policia-federal-en-la-que-viajaba-bullrich\/#article","isPartOf":{"@id":"https:\/\/apuntesdesanluis.com\/index.php\/2024\/09\/25\/choco-la-camioneta-de-la-policia-federal-en-la-que-viajaba-bullrich\/"},"author":{"name":"apuntesdesanluis.com","@id":"https:\/\/apuntesdesanluis.com\/#\/schema\/person\/b55151d52296fcce64d1a72538a70b90"},"headline":"CHOC\u00d3 LA CAMIONETA DE LA POLIC\u00cdA FEDERAL EN LA QUE VIAJABA BULLRICH","datePublished":"2024-09-25T23:19:44+00:00","mainEntityOfPage":{"@id":"https:\/\/apuntesdesanluis.com\/index.php\/2024\/09\/25\/choco-la-camioneta-de-la-policia-federal-en-la-que-viajaba-bullrich\/"},"wordCount":177,"publisher":{"@id":"https:\/\/apuntesdesanluis.com\/#\/schema\/person\/b55151d52296fcce64d1a72538a70b90"},"image":{"@id":"https:\/\/apuntesdesanluis.com\/index.php\/2024\/09\/25\/choco-la-camioneta-de-la-policia-federal-en-la-que-viajaba-bullrich\/#primaryimage"},"thumbnailUrl":"https:\/\/apuntesdesanluis.com\/wp-content\/uploads\/2024\/09\/bullrich.png","articleSection":["Nacionales\/Internacionales"],"inLanguage":"es-AR"},{"@type":"WebPage","@id":"https:\/\/apuntesdesanluis.com\/index.php\/2024\/09\/25\/choco-la-camioneta-de-la-policia-federal-en-la-que-viajaba-bullrich\/","url":"https:\/\/apuntesdesanluis.com\/index.php\/2024\/09\/25\/choco-la-camioneta-de-la-policia-federal-en-la-que-viajaba-bullrich\/","name":"CHOC\u00d3 LA CAMIONETA DE LA POLIC\u00cdA FEDERAL EN LA QUE VIAJABA BULLRICH - Apuntes de San Luis","isPartOf":{"@id":"https:\/\/apuntesdesanluis.com\/#website"},"primaryImageOfPage":{"@id":"https:\/\/apuntesdesanluis.com\/index.php\/2024\/09\/25\/choco-la-camioneta-de-la-policia-federal-en-la-que-viajaba-bullrich\/#primaryimage"},"image":{"@id":"https:\/\/apuntesdesanluis.com\/index.php\/2024\/09\/25\/choco-la-camioneta-de-la-policia-federal-en-la-que-viajaba-bullrich\/#primaryimage"},"thumbnailUrl":"https:\/\/apuntesdesanluis.com\/wp-content\/uploads\/2024\/09\/bullrich.png","datePublished":"2024-09-25T23:19:44+00:00","breadcrumb":{"@id":"https:\/\/apuntesdesanluis.com\/index.php\/2024\/09\/25\/choco-la-camioneta-de-la-policia-federal-en-la-que-viajaba-bullrich\/#breadcrumb"},"inLanguage":"es-AR","potentialAction":[{"@type":"ReadAction","target":["https:\/\/apuntesdesanluis.com\/index.php\/2024\/09\/25\/choco-la-camioneta-de-la-policia-federal-en-la-que-viajaba-bullrich\/"]}]},{"@type":"ImageObject","inLanguage":"es-AR","@id":"https:\/\/apuntesdesanluis.com\/index.php\/2024\/09\/25\/choco-la-camioneta-de-la-policia-federal-en-la-que-viajaba-bullrich\/#primaryimage","url":"https:\/\/apuntesdesanluis.com\/wp-content\/uploads\/2024\/09\/bullrich.png","contentUrl":"https:\/\/apuntesdesanluis.com\/wp-content\/uploads\/2024\/09\/bullrich.png","width":698,"height":468},{"@type":"BreadcrumbList","@id":"https:\/\/apuntesdesanluis.com\/index.php\/2024\/09\/25\/choco-la-camioneta-de-la-policia-federal-en-la-que-viajaba-bullrich\/#breadcrumb","itemListElement":[{"@type":"ListItem","position":1,"name":"Inicio","item":"https:\/\/apuntesdesanluis.com\/"},{"@type":"ListItem","position":2,"name":"CHOC\u00d3 LA CAMIONETA DE LA POLIC\u00cdA FEDERAL EN LA QUE VIAJABA BULLRICH"}]},{"@type":"WebSite","@id":"https:\/\/apuntesdesanluis.com\/#website","url":"https:\/\/apuntesdesanluis.com\/","name":"Apuntes de San Luis","description":"","publisher":{"@id":"https:\/\/apuntesdesanluis.com\/#\/schema\/person\/b55151d52296fcce64d1a72538a70b90"},"potentialAction":[{"@type":"SearchAction","target":{"@type":"EntryPoint","urlTemplate":"https:\/\/apuntesdesanluis.com\/?s={search_term_string}"},"query-input":{"@type":"PropertyValueSpecification","valueRequired":true,"valueName":"search_term_string"}}],"inLanguage":"es-AR"},{"@type":["Person","Organization"],"@id":"https:\/\/apuntesdesanluis.com\/#\/schema\/person\/b55151d52296fcce64d1a72538a70b90","name":"apuntesdesanluis.com","image":{"@type":"ImageObject","inLanguage":"es-AR","@id":"https:\/\/apuntesdesanluis.com\/#\/schema\/person\/image\/","url":"https:\/\/apuntesdesanluis.com\/wp-content\/uploads\/2023\/07\/cropped-apuntesdesanluis.png","contentUrl":"https:\/\/apuntesdesanluis.com\/wp-content\/uploads\/2023\/07\/cropped-apuntesdesanluis.png","width":450,"height":112,"caption":"apuntesdesanluis.com"},"logo":{"@id":"https:\/\/apuntesdesanluis.com\/#\/schema\/person\/image\/"},"sameAs":["https:\/\/apuntesdesanluis.com"],"url":"https:\/\/apuntesdesanluis.com\/index.php\/author\/apuntesdesanluis-com\/"}]}},"featured_image_urls":{"full":["https:\/\/apuntesdesanluis.com\/wp-content\/uploads\/2024\/09\/bullrich.png",698,468,false],"thumbnail":["https:\/\/apuntesdesanluis.com\/wp-content\/uploads\/2024\/09\/bullrich-150x150.png",150,150,true],"medium":["https:\/\/apuntesdesanluis.com\/wp-content\/uploads\/2024\/09\/bullrich-300x201.png",300,201,true],"medium_large":["https:\/\/apuntesdesanluis.com\/wp-content\/uploads\/2024\/09\/bullrich.png",640,429,false],"large":["https:\/\/apuntesdesanluis.com\/wp-content\/uploads\/2024\/09\/bullrich.png",640,429,false],"1536x1536":["https:\/\/apuntesdesanluis.com\/wp-content\/uploads\/2024\/09\/bullrich.png",698,468,false],"2048x2048":["https:\/\/apuntesdesanluis.com\/wp-content\/uploads\/2024\/09\/bullrich.png",698,468,false],"newsever-slider-full":["https:\/\/apuntesdesanluis.com\/wp-content\/uploads\/2024\/09\/bullrich.png",698,468,false],"newsever-featured":["https:\/\/apuntesdesanluis.com\/wp-content\/uploads\/2024\/09\/bullrich.png",698,468,false],"newsever-medium":["https:\/\/apuntesdesanluis.com\/wp-content\/uploads\/2024\/09\/bullrich.png",698,468,false]},"author_info":{"display_name":"apuntesdesanluis.com","author_link":"https:\/\/apuntesdesanluis.com\/index.php\/author\/apuntesdesanluis-com\/"},"category_info":"<a href=\"https:\/\/apuntesdesanluis.com\/index.php\/category\/nacionales-internacionales\/\" rel=\"category tag\">Nacionales\/Internacionales<\/a>","tag_info":"Nacionales\/Internacionales","comment_count":"0","_links":{"self":[{"href":"https:\/\/apuntesdesanluis.com\/index.php\/wp-json\/wp\/v2\/posts\/22908","targetHints":{"allow":["GET"]}}],"collection":[{"href":"https:\/\/apuntesdesanluis.com\/index.php\/wp-json\/wp\/v2\/posts"}],"about":[{"href":"https:\/\/apuntesdesanluis.com\/index.php\/wp-json\/wp\/v2\/types\/post"}],"author":[{"embeddable":true,"href":"https:\/\/apuntesdesanluis.com\/index.php\/wp-json\/wp\/v2\/users\/1"}],"replies":[{"embeddable":true,"href":"https:\/\/apuntesdesanluis.com\/index.php\/wp-json\/wp\/v2\/comments?post=22908"}],"version-history":[{"count":1,"href":"https:\/\/apuntesdesanluis.com\/index.php\/wp-json\/wp\/v2\/posts\/22908\/revisions"}],"predecessor-version":[{"id":22910,"href":"https:\/\/apuntesdesanluis.com\/index.php\/wp-json\/wp\/v2\/posts\/22908\/revisions\/22910"}],"wp:featuredmedia":[{"embeddable":true,"href":"https:\/\/apuntesdesanluis.com\/index.php\/wp-json\/wp\/v2\/media\/22909"}],"wp:attachment":[{"href":"https:\/\/apuntesdesanluis.com\/index.php\/wp-json\/wp\/v2\/media?parent=22908"}],"wp:term":[{"taxonomy":"category","embeddable":true,"href":"https:\/\/apuntesdesanluis.com\/index.php\/wp-json\/wp\/v2\/categories?post=22908"},{"taxonomy":"post_tag","embeddable":true,"href":"https:\/\/apuntesdesanluis.com\/index.php\/wp-json\/wp\/v2\/tags?post=22908"}],"curies":[{"name":"wp","href":"https:\/\/api.w.org\/{rel}","templated":true}]}}