{"id":22911,"date":"2024-09-25T20:27:08","date_gmt":"2024-09-25T23:27:08","guid":{"rendered":"https:\/\/apuntesdesanluis.com\/?p=22911"},"modified":"2024-09-25T20:27:08","modified_gmt":"2024-09-25T23:27:08","slug":"el-gobierno-en-alerta-por-la-marcha-universitaria-posterga-al-limite-la-publicacion-del-veto-al-presupuesto-universitario","status":"publish","type":"post","link":"https:\/\/apuntesdesanluis.com\/index.php\/2024\/09\/25\/el-gobierno-en-alerta-por-la-marcha-universitaria-posterga-al-limite-la-publicacion-del-veto-al-presupuesto-universitario\/","title":{"rendered":"EL GOBIERNO, EN ALERTA POR LA MARCHA UNIVERSITARIA, POSTERGA &#8220;AL L\u00cdMITE&#8221; LA PUBLICACI\u00d3N DEL VETO AL PRESUPUESTO UNIVERSITARIO"},"content":{"rendered":"<h3>En Casa Rosada aseguran que aspiran a cerrar paritarias primero. Adem\u00e1s, admiten que la aceptaci\u00f3n de Javier Milei se redujo, pero lo ligan a los aumentos en los servicios y en el trasporte.<\/h3>\n<h3>Con la <strong>movilizaci\u00f3n del 2 de octubre<\/strong> en el horizonte, el Gobierno nacional se mantiene en alerta y admite que uno de los temas m\u00e1s sensibles en la poblaci\u00f3n es la fuerte defensa a la educaci\u00f3n p\u00fablica, en especial, en torno al reclamo presupuestario de las universidades nacionales.<\/h3>\n<h3>Por eso, monitorean la convocatoria que tendr\u00e1 lugar el pr\u00f3ximo mi\u00e9rcoles y en la que se espera fuerte adhesi\u00f3n de la clase media, que ya protest\u00f3 el pasado 23 de abril y dej\u00f3 una foto que encendi\u00f3 las alarmas al nuclear a casi un mill\u00f3n de personas a nivel nacional.<\/h3>\n<h3>Mientras tanto, el equipo de Legal y T\u00e9cnica aguarda la decisi\u00f3n final para publicar en el Bolet\u00edn Oficial el veto a la ley de financiamiento universitario, que se mantiene congelado a la espera de las negociaciones abiertas con las autoridades de las altas casas de estudio parar cerrar las paritarias y acordar antes del 3 de octubre, fecha l\u00edmite para su oficializaci\u00f3n.<\/h3>\n<h3>&#8220;La idea es arreglar el tema paritario antes de sacar el veto&#8221;, confes\u00f3 ante la agencia Noticias Argentinas uno de los negociadores.<\/h3>\n<h3>Si bien es un tema al que la administraci\u00f3n libertaria le prestan especial atenci\u00f3n, incluso el Ministerio de Capital Humano sali\u00f3 a aclarar hoy que el di\u00e1logo con las autoridades universitarias \u201cnunca se ha interrumpido\u201d y que las transferencias, en comparaci\u00f3n con gestiones anteriores, \u201cse ejecutan en tiempo y forma\u201d, desestiman que afecte directamente a la imagen del presidente Javier Milei.<\/h3>\n<h3>Con varias encuestas que reflejan una significativa reducci\u00f3n en la aprobaci\u00f3n de la gesti\u00f3n, un alfil de la mesa chica admiti\u00f3 la ca\u00edda de 4 puntos en la imagen y la vincul\u00f3 a los aumentos tarifarios en el AMBA, la zona urbana conformada por la Ciudad de Buenos Aires y 40 municipios de la provincia de Buenos Aires.<\/h3>\n<h3>Seg\u00fan detallan, el incremento en las boletas de luz, gas y agua sumado al aumento en las tarifas de transporte -consumo que a diferencia de los servicios, no puede regularse- impact\u00f3 de lleno en la opini\u00f3n de un sector de la poblaci\u00f3n que alberg\u00f3 esperanzas en el Gobierno.<\/h3>\n<h3>Pese a que el mandatario se mostr\u00f3 a gusto con las encuestas que reflejaban su alto apoyo, tras la publicaci\u00f3n de al menos cinco sondeos que lo daban con acciones a la baja, en Casa Rosada minimizan su impacto y aseguran que los n\u00fameros \u201cno van a cambiar el rumbo\u201d del programa.<\/h3>\n<h3>Al respecto, un funcionario con despacho en Balcarce 50 admiti\u00f3 que toman nota de los reclamos, pero asegura que se respetar\u00e1n a raja tabla las recetas de ajuste. A ese panorama, otro integrante del c\u00edrculo rojo vaticin\u00f3 un repunte econ\u00f3mico considerable reci\u00e9n para el mes de octubre del a\u00f1o 2025, en la previa a las elecciones legislativas.<\/h3>\n<h3><strong>LAS OPCIONES EN ESTUDIO PARA LAS UNIVERSIDADES<\/strong><\/h3>\n<h3>El secretario de Educaci\u00f3n, <strong>Carlos Torrendell<\/strong>, se refiri\u00f3 hoy a la problem\u00e1tica de las altas casas de estudio al plantear que es central \u201cpasar de universidades dependientes de la pol\u00edtica partidaria a universidades independientes, con autarqu\u00eda\u201d, y remarc\u00f3 que &#8220;tienen que tener sus propios recursos para tener sus din\u00e1micas de libertad, la universidad se vuelve esclava cuando depende de pedir recursos al Congreso&#8221;.<\/h3>\n<p><img fetchpriority=\"high\" decoding=\"async\" class=\"wp-image-15204 aligncenter\" src=\"https:\/\/apuntesdesanluis.com\/wp-content\/uploads\/2024\/04\/carlos-torrendell-300x183.png\" alt=\"\" width=\"667\" height=\"407\" srcset=\"https:\/\/apuntesdesanluis.com\/wp-content\/uploads\/2024\/04\/carlos-torrendell-300x183.png 300w, https:\/\/apuntesdesanluis.com\/wp-content\/uploads\/2024\/04\/carlos-torrendell.png 600w\" sizes=\"(max-width: 667px) 100vw, 667px\" \/><\/p>\n<h3>&#8220;Estoy citando a Estrada, no estoy diciendo que el Poder Ejecutivo no tiene que destinar fondos a las universidades&#8221;, aclar\u00f3 en el marco de un almuerzo del Rotary Club de Buenos Aires.<\/h3>\n<h3>Bajo esa premisa, en la mesa pol\u00edtica que sintetiza al Poder Ejecutivo estudian la posibilidad de traspasar las universidades nacionales, con un presupuesto m\u00ednimo, a las provincias para que sean los gobiernos provinciales los que se hagan cargo de su funcionamiento y centralmente de su financiamiento, con la posibilidad de avanzar en un potencial arancelamiento si as\u00ed lo dispone cada jurisdicci\u00f3n.<\/h3>\n<h3>\u201cLas universidades eligen sus autoridades como quieren, arman plan de estudio y le mandan la factura a la Naci\u00f3n. As\u00ed cualquiera\u201d, se jactan por los pasillos de Casa Rosada al tiempo que confiesan lo que hasta ahora es solo una idea a la que le hace falta pulir.<\/h3>\n<h3>Para poder efectivizar la incipiente voluntad, se debe enviar una Ley Nacional para aprobar el traspaso, y conquistar el visto bueno de cada gobernador.<\/h3>\n<p>&nbsp;<\/p>\n<p>&nbsp;<\/p>\n<p>&nbsp;<\/p>\n<p>&nbsp;<\/p>\n","protected":false},"excerpt":{"rendered":"<p>En Casa Rosada aseguran que aspiran a cerrar paritarias primero. Adem\u00e1s, admiten que la aceptaci\u00f3n&#8230;<\/p>\n","protected":false},"author":1,"featured_media":20451,"comment_status":"closed","ping_status":"closed","sticky":false,"template":"","format":"standard","meta":{"footnotes":""},"categories":[5],"tags":[],"class_list":["post-22911","post","type-post","status-publish","format-standard","has-post-thumbnail","hentry","category-nacionales-internacionales"],"yoast_head":"<!-- This site is optimized with the Yoast SEO plugin v26.1.1 - https:\/\/yoast.com\/wordpress\/plugins\/seo\/ -->\n<title>EL GOBIERNO, EN ALERTA POR LA MARCHA UNIVERSITARIA, POSTERGA &quot;AL L\u00cdMITE&quot; LA PUBLICACI\u00d3N DEL VETO AL PRESUPUESTO UNIVERSITARIO - Apuntes de San Luis<\/title>\n<meta name=\"robots\" content=\"index, follow, max-snippet:-1, max-image-preview:large, max-video-preview:-1\" \/>\n<link rel=\"canonical\" href=\"https:\/\/apuntesdesanluis.com\/index.php\/2024\/09\/25\/el-gobierno-en-alerta-por-la-marcha-universitaria-posterga-al-limite-la-publicacion-del-veto-al-presupuesto-universitario\/\" \/>\n<meta property=\"og:locale\" content=\"es_ES\" \/>\n<meta property=\"og:type\" content=\"article\" \/>\n<meta property=\"og:title\" content=\"EL GOBIERNO, EN ALERTA POR LA MARCHA UNIVERSITARIA, POSTERGA &quot;AL L\u00cdMITE&quot; LA PUBLICACI\u00d3N DEL VETO AL PRESUPUESTO UNIVERSITARIO - Apuntes de San Luis\" \/>\n<meta property=\"og:description\" content=\"En Casa Rosada aseguran que aspiran a cerrar paritarias primero. Adem\u00e1s, admiten que la aceptaci\u00f3n...\" \/>\n<meta property=\"og:url\" content=\"https:\/\/apuntesdesanluis.com\/index.php\/2024\/09\/25\/el-gobierno-en-alerta-por-la-marcha-universitaria-posterga-al-limite-la-publicacion-del-veto-al-presupuesto-universitario\/\" \/>\n<meta property=\"og:site_name\" content=\"Apuntes de San Luis\" \/>\n<meta property=\"article:published_time\" content=\"2024-09-25T23:27:08+00:00\" \/>\n<meta property=\"og:image\" content=\"https:\/\/apuntesdesanluis.com\/wp-content\/uploads\/2024\/08\/paro-de-universidades.png\" \/>\n\t<meta property=\"og:image:width\" content=\"693\" \/>\n\t<meta property=\"og:image:height\" content=\"419\" \/>\n\t<meta property=\"og:image:type\" content=\"image\/png\" \/>\n<meta name=\"author\" content=\"apuntesdesanluis.com\" \/>\n<meta name=\"twitter:card\" content=\"summary_large_image\" \/>\n<meta name=\"twitter:label1\" content=\"Escrito por\" \/>\n\t<meta name=\"twitter:data1\" content=\"apuntesdesanluis.com\" \/>\n\t<meta name=\"twitter:label2\" content=\"Tiempo de lectura\" \/>\n\t<meta name=\"twitter:data2\" content=\"4 minutos\" \/>\n<script type=\"application\/ld+json\" class=\"yoast-schema-graph\">{\"@context\":\"https:\/\/schema.org\",\"@graph\":[{\"@type\":\"Article\",\"@id\":\"https:\/\/apuntesdesanluis.com\/index.php\/2024\/09\/25\/el-gobierno-en-alerta-por-la-marcha-universitaria-posterga-al-limite-la-publicacion-del-veto-al-presupuesto-universitario\/#article\",\"isPartOf\":{\"@id\":\"https:\/\/apuntesdesanluis.com\/index.php\/2024\/09\/25\/el-gobierno-en-alerta-por-la-marcha-universitaria-posterga-al-limite-la-publicacion-del-veto-al-presupuesto-universitario\/\"},\"author\":{\"name\":\"apuntesdesanluis.com\",\"@id\":\"https:\/\/apuntesdesanluis.com\/#\/schema\/person\/b55151d52296fcce64d1a72538a70b90\"},\"headline\":\"EL GOBIERNO, EN ALERTA POR LA MARCHA UNIVERSITARIA, POSTERGA &#8220;AL L\u00cdMITE&#8221; LA PUBLICACI\u00d3N DEL VETO AL PRESUPUESTO UNIVERSITARIO\",\"datePublished\":\"2024-09-25T23:27:08+00:00\",\"mainEntityOfPage\":{\"@id\":\"https:\/\/apuntesdesanluis.com\/index.php\/2024\/09\/25\/el-gobierno-en-alerta-por-la-marcha-universitaria-posterga-al-limite-la-publicacion-del-veto-al-presupuesto-universitario\/\"},\"wordCount\":786,\"publisher\":{\"@id\":\"https:\/\/apuntesdesanluis.com\/#\/schema\/person\/b55151d52296fcce64d1a72538a70b90\"},\"image\":{\"@id\":\"https:\/\/apuntesdesanluis.com\/index.php\/2024\/09\/25\/el-gobierno-en-alerta-por-la-marcha-universitaria-posterga-al-limite-la-publicacion-del-veto-al-presupuesto-universitario\/#primaryimage\"},\"thumbnailUrl\":\"https:\/\/apuntesdesanluis.com\/wp-content\/uploads\/2024\/08\/paro-de-universidades.png\",\"articleSection\":[\"Nacionales\/Internacionales\"],\"inLanguage\":\"es-AR\"},{\"@type\":\"WebPage\",\"@id\":\"https:\/\/apuntesdesanluis.com\/index.php\/2024\/09\/25\/el-gobierno-en-alerta-por-la-marcha-universitaria-posterga-al-limite-la-publicacion-del-veto-al-presupuesto-universitario\/\",\"url\":\"https:\/\/apuntesdesanluis.com\/index.php\/2024\/09\/25\/el-gobierno-en-alerta-por-la-marcha-universitaria-posterga-al-limite-la-publicacion-del-veto-al-presupuesto-universitario\/\",\"name\":\"EL GOBIERNO, EN ALERTA POR LA MARCHA UNIVERSITARIA, POSTERGA \\\"AL L\u00cdMITE\\\" LA PUBLICACI\u00d3N DEL VETO AL PRESUPUESTO UNIVERSITARIO - Apuntes de San Luis\",\"isPartOf\":{\"@id\":\"https:\/\/apuntesdesanluis.com\/#website\"},\"primaryImageOfPage\":{\"@id\":\"https:\/\/apuntesdesanluis.com\/index.php\/2024\/09\/25\/el-gobierno-en-alerta-por-la-marcha-universitaria-posterga-al-limite-la-publicacion-del-veto-al-presupuesto-universitario\/#primaryimage\"},\"image\":{\"@id\":\"https:\/\/apuntesdesanluis.com\/index.php\/2024\/09\/25\/el-gobierno-en-alerta-por-la-marcha-universitaria-posterga-al-limite-la-publicacion-del-veto-al-presupuesto-universitario\/#primaryimage\"},\"thumbnailUrl\":\"https:\/\/apuntesdesanluis.com\/wp-content\/uploads\/2024\/08\/paro-de-universidades.png\",\"datePublished\":\"2024-09-25T23:27:08+00:00\",\"breadcrumb\":{\"@id\":\"https:\/\/apuntesdesanluis.com\/index.php\/2024\/09\/25\/el-gobierno-en-alerta-por-la-marcha-universitaria-posterga-al-limite-la-publicacion-del-veto-al-presupuesto-universitario\/#breadcrumb\"},\"inLanguage\":\"es-AR\",\"potentialAction\":[{\"@type\":\"ReadAction\",\"target\":[\"https:\/\/apuntesdesanluis.com\/index.php\/2024\/09\/25\/el-gobierno-en-alerta-por-la-marcha-universitaria-posterga-al-limite-la-publicacion-del-veto-al-presupuesto-universitario\/\"]}]},{\"@type\":\"ImageObject\",\"inLanguage\":\"es-AR\",\"@id\":\"https:\/\/apuntesdesanluis.com\/index.php\/2024\/09\/25\/el-gobierno-en-alerta-por-la-marcha-universitaria-posterga-al-limite-la-publicacion-del-veto-al-presupuesto-universitario\/#primaryimage\",\"url\":\"https:\/\/apuntesdesanluis.com\/wp-content\/uploads\/2024\/08\/paro-de-universidades.png\",\"contentUrl\":\"https:\/\/apuntesdesanluis.com\/wp-content\/uploads\/2024\/08\/paro-de-universidades.png\",\"width\":693,\"height\":419},{\"@type\":\"BreadcrumbList\",\"@id\":\"https:\/\/apuntesdesanluis.com\/index.php\/2024\/09\/25\/el-gobierno-en-alerta-por-la-marcha-universitaria-posterga-al-limite-la-publicacion-del-veto-al-presupuesto-universitario\/#breadcrumb\",\"itemListElement\":[{\"@type\":\"ListItem\",\"position\":1,\"name\":\"Inicio\",\"item\":\"https:\/\/apuntesdesanluis.com\/\"},{\"@type\":\"ListItem\",\"position\":2,\"name\":\"EL GOBIERNO, EN ALERTA POR LA MARCHA UNIVERSITARIA, POSTERGA &#8220;AL L\u00cdMITE&#8221; LA PUBLICACI\u00d3N DEL VETO AL PRESUPUESTO UNIVERSITARIO\"}]},{\"@type\":\"WebSite\",\"@id\":\"https:\/\/apuntesdesanluis.com\/#website\",\"url\":\"https:\/\/apuntesdesanluis.com\/\",\"name\":\"Apuntes de San Luis\",\"description\":\"\",\"publisher\":{\"@id\":\"https:\/\/apuntesdesanluis.com\/#\/schema\/person\/b55151d52296fcce64d1a72538a70b90\"},\"potentialAction\":[{\"@type\":\"SearchAction\",\"target\":{\"@type\":\"EntryPoint\",\"urlTemplate\":\"https:\/\/apuntesdesanluis.com\/?s={search_term_string}\"},\"query-input\":{\"@type\":\"PropertyValueSpecification\",\"valueRequired\":true,\"valueName\":\"search_term_string\"}}],\"inLanguage\":\"es-AR\"},{\"@type\":[\"Person\",\"Organization\"],\"@id\":\"https:\/\/apuntesdesanluis.com\/#\/schema\/person\/b55151d52296fcce64d1a72538a70b90\",\"name\":\"apuntesdesanluis.com\",\"image\":{\"@type\":\"ImageObject\",\"inLanguage\":\"es-AR\",\"@id\":\"https:\/\/apuntesdesanluis.com\/#\/schema\/person\/image\/\",\"url\":\"https:\/\/apuntesdesanluis.com\/wp-content\/uploads\/2023\/07\/cropped-apuntesdesanluis.png\",\"contentUrl\":\"https:\/\/apuntesdesanluis.com\/wp-content\/uploads\/2023\/07\/cropped-apuntesdesanluis.png\",\"width\":450,\"height\":112,\"caption\":\"apuntesdesanluis.com\"},\"logo\":{\"@id\":\"https:\/\/apuntesdesanluis.com\/#\/schema\/person\/image\/\"},\"sameAs\":[\"https:\/\/apuntesdesanluis.com\"],\"url\":\"https:\/\/apuntesdesanluis.com\/index.php\/author\/apuntesdesanluis-com\/\"}]}<\/script>\n<!-- \/ Yoast SEO plugin. -->","yoast_head_json":{"title":"EL GOBIERNO, EN ALERTA POR LA MARCHA UNIVERSITARIA, POSTERGA \"AL L\u00cdMITE\" LA PUBLICACI\u00d3N DEL VETO AL PRESUPUESTO UNIVERSITARIO - Apuntes de San Luis","robots":{"index":"index","follow":"follow","max-snippet":"max-snippet:-1","max-image-preview":"max-image-preview:large","max-video-preview":"max-video-preview:-1"},"canonical":"https:\/\/apuntesdesanluis.com\/index.php\/2024\/09\/25\/el-gobierno-en-alerta-por-la-marcha-universitaria-posterga-al-limite-la-publicacion-del-veto-al-presupuesto-universitario\/","og_locale":"es_ES","og_type":"article","og_title":"EL GOBIERNO, EN ALERTA POR LA MARCHA UNIVERSITARIA, POSTERGA \"AL L\u00cdMITE\" LA PUBLICACI\u00d3N DEL VETO AL PRESUPUESTO UNIVERSITARIO - Apuntes de San Luis","og_description":"En Casa Rosada aseguran que aspiran a cerrar paritarias primero. Adem\u00e1s, admiten que la aceptaci\u00f3n...","og_url":"https:\/\/apuntesdesanluis.com\/index.php\/2024\/09\/25\/el-gobierno-en-alerta-por-la-marcha-universitaria-posterga-al-limite-la-publicacion-del-veto-al-presupuesto-universitario\/","og_site_name":"Apuntes de San Luis","article_published_time":"2024-09-25T23:27:08+00:00","og_image":[{"width":693,"height":419,"url":"https:\/\/apuntesdesanluis.com\/wp-content\/uploads\/2024\/08\/paro-de-universidades.png","type":"image\/png"}],"author":"apuntesdesanluis.com","twitter_card":"summary_large_image","twitter_misc":{"Escrito por":"apuntesdesanluis.com","Tiempo de lectura":"4 minutos"},"schema":{"@context":"https:\/\/schema.org","@graph":[{"@type":"Article","@id":"https:\/\/apuntesdesanluis.com\/index.php\/2024\/09\/25\/el-gobierno-en-alerta-por-la-marcha-universitaria-posterga-al-limite-la-publicacion-del-veto-al-presupuesto-universitario\/#article","isPartOf":{"@id":"https:\/\/apuntesdesanluis.com\/index.php\/2024\/09\/25\/el-gobierno-en-alerta-por-la-marcha-universitaria-posterga-al-limite-la-publicacion-del-veto-al-presupuesto-universitario\/"},"author":{"name":"apuntesdesanluis.com","@id":"https:\/\/apuntesdesanluis.com\/#\/schema\/person\/b55151d52296fcce64d1a72538a70b90"},"headline":"EL GOBIERNO, EN ALERTA POR LA MARCHA UNIVERSITARIA, POSTERGA &#8220;AL L\u00cdMITE&#8221; LA PUBLICACI\u00d3N DEL VETO AL PRESUPUESTO UNIVERSITARIO","datePublished":"2024-09-25T23:27:08+00:00","mainEntityOfPage":{"@id":"https:\/\/apuntesdesanluis.com\/index.php\/2024\/09\/25\/el-gobierno-en-alerta-por-la-marcha-universitaria-posterga-al-limite-la-publicacion-del-veto-al-presupuesto-universitario\/"},"wordCount":786,"publisher":{"@id":"https:\/\/apuntesdesanluis.com\/#\/schema\/person\/b55151d52296fcce64d1a72538a70b90"},"image":{"@id":"https:\/\/apuntesdesanluis.com\/index.php\/2024\/09\/25\/el-gobierno-en-alerta-por-la-marcha-universitaria-posterga-al-limite-la-publicacion-del-veto-al-presupuesto-universitario\/#primaryimage"},"thumbnailUrl":"https:\/\/apuntesdesanluis.com\/wp-content\/uploads\/2024\/08\/paro-de-universidades.png","articleSection":["Nacionales\/Internacionales"],"inLanguage":"es-AR"},{"@type":"WebPage","@id":"https:\/\/apuntesdesanluis.com\/index.php\/2024\/09\/25\/el-gobierno-en-alerta-por-la-marcha-universitaria-posterga-al-limite-la-publicacion-del-veto-al-presupuesto-universitario\/","url":"https:\/\/apuntesdesanluis.com\/index.php\/2024\/09\/25\/el-gobierno-en-alerta-por-la-marcha-universitaria-posterga-al-limite-la-publicacion-del-veto-al-presupuesto-universitario\/","name":"EL GOBIERNO, EN ALERTA POR LA MARCHA UNIVERSITARIA, POSTERGA \"AL L\u00cdMITE\" LA PUBLICACI\u00d3N DEL VETO AL PRESUPUESTO UNIVERSITARIO - Apuntes de San Luis","isPartOf":{"@id":"https:\/\/apuntesdesanluis.com\/#website"},"primaryImageOfPage":{"@id":"https:\/\/apuntesdesanluis.com\/index.php\/2024\/09\/25\/el-gobierno-en-alerta-por-la-marcha-universitaria-posterga-al-limite-la-publicacion-del-veto-al-presupuesto-universitario\/#primaryimage"},"image":{"@id":"https:\/\/apuntesdesanluis.com\/index.php\/2024\/09\/25\/el-gobierno-en-alerta-por-la-marcha-universitaria-posterga-al-limite-la-publicacion-del-veto-al-presupuesto-universitario\/#primaryimage"},"thumbnailUrl":"https:\/\/apuntesdesanluis.com\/wp-content\/uploads\/2024\/08\/paro-de-universidades.png","datePublished":"2024-09-25T23:27:08+00:00","breadcrumb":{"@id":"https:\/\/apuntesdesanluis.com\/index.php\/2024\/09\/25\/el-gobierno-en-alerta-por-la-marcha-universitaria-posterga-al-limite-la-publicacion-del-veto-al-presupuesto-universitario\/#breadcrumb"},"inLanguage":"es-AR","potentialAction":[{"@type":"ReadAction","target":["https:\/\/apuntesdesanluis.com\/index.php\/2024\/09\/25\/el-gobierno-en-alerta-por-la-marcha-universitaria-posterga-al-limite-la-publicacion-del-veto-al-presupuesto-universitario\/"]}]},{"@type":"ImageObject","inLanguage":"es-AR","@id":"https:\/\/apuntesdesanluis.com\/index.php\/2024\/09\/25\/el-gobierno-en-alerta-por-la-marcha-universitaria-posterga-al-limite-la-publicacion-del-veto-al-presupuesto-universitario\/#primaryimage","url":"https:\/\/apuntesdesanluis.com\/wp-content\/uploads\/2024\/08\/paro-de-universidades.png","contentUrl":"https:\/\/apuntesdesanluis.com\/wp-content\/uploads\/2024\/08\/paro-de-universidades.png","width":693,"height":419},{"@type":"BreadcrumbList","@id":"https:\/\/apuntesdesanluis.com\/index.php\/2024\/09\/25\/el-gobierno-en-alerta-por-la-marcha-universitaria-posterga-al-limite-la-publicacion-del-veto-al-presupuesto-universitario\/#breadcrumb","itemListElement":[{"@type":"ListItem","position":1,"name":"Inicio","item":"https:\/\/apuntesdesanluis.com\/"},{"@type":"ListItem","position":2,"name":"EL GOBIERNO, EN ALERTA POR LA MARCHA UNIVERSITARIA, POSTERGA &#8220;AL L\u00cdMITE&#8221; LA PUBLICACI\u00d3N DEL VETO AL PRESUPUESTO UNIVERSITARIO"}]},{"@type":"WebSite","@id":"https:\/\/apuntesdesanluis.com\/#website","url":"https:\/\/apuntesdesanluis.com\/","name":"Apuntes de San Luis","description":"","publisher":{"@id":"https:\/\/apuntesdesanluis.com\/#\/schema\/person\/b55151d52296fcce64d1a72538a70b90"},"potentialAction":[{"@type":"SearchAction","target":{"@type":"EntryPoint","urlTemplate":"https:\/\/apuntesdesanluis.com\/?s={search_term_string}"},"query-input":{"@type":"PropertyValueSpecification","valueRequired":true,"valueName":"search_term_string"}}],"inLanguage":"es-AR"},{"@type":["Person","Organization"],"@id":"https:\/\/apuntesdesanluis.com\/#\/schema\/person\/b55151d52296fcce64d1a72538a70b90","name":"apuntesdesanluis.com","image":{"@type":"ImageObject","inLanguage":"es-AR","@id":"https:\/\/apuntesdesanluis.com\/#\/schema\/person\/image\/","url":"https:\/\/apuntesdesanluis.com\/wp-content\/uploads\/2023\/07\/cropped-apuntesdesanluis.png","contentUrl":"https:\/\/apuntesdesanluis.com\/wp-content\/uploads\/2023\/07\/cropped-apuntesdesanluis.png","width":450,"height":112,"caption":"apuntesdesanluis.com"},"logo":{"@id":"https:\/\/apuntesdesanluis.com\/#\/schema\/person\/image\/"},"sameAs":["https:\/\/apuntesdesanluis.com"],"url":"https:\/\/apuntesdesanluis.com\/index.php\/author\/apuntesdesanluis-com\/"}]}},"featured_image_urls":{"full":["https:\/\/apuntesdesanluis.com\/wp-content\/uploads\/2024\/08\/paro-de-universidades.png",693,419,false],"thumbnail":["https:\/\/apuntesdesanluis.com\/wp-content\/uploads\/2024\/08\/paro-de-universidades-150x150.png",150,150,true],"medium":["https:\/\/apuntesdesanluis.com\/wp-content\/uploads\/2024\/08\/paro-de-universidades-300x181.png",300,181,true],"medium_large":["https:\/\/apuntesdesanluis.com\/wp-content\/uploads\/2024\/08\/paro-de-universidades.png",640,387,false],"large":["https:\/\/apuntesdesanluis.com\/wp-content\/uploads\/2024\/08\/paro-de-universidades.png",640,387,false],"1536x1536":["https:\/\/apuntesdesanluis.com\/wp-content\/uploads\/2024\/08\/paro-de-universidades.png",693,419,false],"2048x2048":["https:\/\/apuntesdesanluis.com\/wp-content\/uploads\/2024\/08\/paro-de-universidades.png",693,419,false],"newsever-slider-full":["https:\/\/apuntesdesanluis.com\/wp-content\/uploads\/2024\/08\/paro-de-universidades.png",693,419,false],"newsever-featured":["https:\/\/apuntesdesanluis.com\/wp-content\/uploads\/2024\/08\/paro-de-universidades.png",693,419,false],"newsever-medium":["https:\/\/apuntesdesanluis.com\/wp-content\/uploads\/2024\/08\/paro-de-universidades.png",693,419,false]},"author_info":{"display_name":"apuntesdesanluis.com","author_link":"https:\/\/apuntesdesanluis.com\/index.php\/author\/apuntesdesanluis-com\/"},"category_info":"<a href=\"https:\/\/apuntesdesanluis.com\/index.php\/category\/nacionales-internacionales\/\" rel=\"category tag\">Nacionales\/Internacionales<\/a>","tag_info":"Nacionales\/Internacionales","comment_count":"0","_links":{"self":[{"href":"https:\/\/apuntesdesanluis.com\/index.php\/wp-json\/wp\/v2\/posts\/22911","targetHints":{"allow":["GET"]}}],"collection":[{"href":"https:\/\/apuntesdesanluis.com\/index.php\/wp-json\/wp\/v2\/posts"}],"about":[{"href":"https:\/\/apuntesdesanluis.com\/index.php\/wp-json\/wp\/v2\/types\/post"}],"author":[{"embeddable":true,"href":"https:\/\/apuntesdesanluis.com\/index.php\/wp-json\/wp\/v2\/users\/1"}],"replies":[{"embeddable":true,"href":"https:\/\/apuntesdesanluis.com\/index.php\/wp-json\/wp\/v2\/comments?post=22911"}],"version-history":[{"count":1,"href":"https:\/\/apuntesdesanluis.com\/index.php\/wp-json\/wp\/v2\/posts\/22911\/revisions"}],"predecessor-version":[{"id":22912,"href":"https:\/\/apuntesdesanluis.com\/index.php\/wp-json\/wp\/v2\/posts\/22911\/revisions\/22912"}],"wp:featuredmedia":[{"embeddable":true,"href":"https:\/\/apuntesdesanluis.com\/index.php\/wp-json\/wp\/v2\/media\/20451"}],"wp:attachment":[{"href":"https:\/\/apuntesdesanluis.com\/index.php\/wp-json\/wp\/v2\/media?parent=22911"}],"wp:term":[{"taxonomy":"category","embeddable":true,"href":"https:\/\/apuntesdesanluis.com\/index.php\/wp-json\/wp\/v2\/categories?post=22911"},{"taxonomy":"post_tag","embeddable":true,"href":"https:\/\/apuntesdesanluis.com\/index.php\/wp-json\/wp\/v2\/tags?post=22911"}],"curies":[{"name":"wp","href":"https:\/\/api.w.org\/{rel}","templated":true}]}}