{"id":22913,"date":"2024-09-25T14:35:55","date_gmt":"2024-09-25T17:35:55","guid":{"rendered":"https:\/\/apuntesdesanluis.com\/?p=22913"},"modified":"2024-09-25T20:41:33","modified_gmt":"2024-09-25T23:41:33","slug":"encuentran-joyas-robadas-en-la-casa-de-uno-de-los-acusados-por-la-muerte-del-policia","status":"publish","type":"post","link":"https:\/\/apuntesdesanluis.com\/index.php\/2024\/09\/25\/encuentran-joyas-robadas-en-la-casa-de-uno-de-los-acusados-por-la-muerte-del-policia\/","title":{"rendered":"ENCUENTRAN JOYAS ROBADAS EN LA CASA DE UNO DE LOS ACUSADOS POR LA MUERTE DEL POLIC\u00cdA"},"content":{"rendered":"<h3>En el marco de un allanamiento realizado en Cortaderas en la vivienda de\u00a0<strong>Mauro Vieyra\u00a0Villegas<\/strong> (uno de los acusados por la muerte del efectivo de la Polic\u00eda Renato Fuentes y que despu\u00e9s muri\u00f3 a ra\u00edz de una herida de arma de fuego), efectivos del Departamento de Investigaciones Merlo secuestraron un par de aros de oro y un par de aros de plata.<\/h3>\n<p><img fetchpriority=\"high\" decoding=\"async\" class=\"wp-image-22609 aligncenter\" src=\"https:\/\/apuntesdesanluis.com\/wp-content\/uploads\/2024\/09\/villegas-300x174.png\" alt=\"\" width=\"685\" height=\"397\" srcset=\"https:\/\/apuntesdesanluis.com\/wp-content\/uploads\/2024\/09\/villegas-300x174.png 300w, https:\/\/apuntesdesanluis.com\/wp-content\/uploads\/2024\/09\/villegas.png 700w\" sizes=\"(max-width: 685px) 100vw, 685px\" \/><\/p>\n<h3>Tras el secuestro, se estableci\u00f3 que las joyas pertenec\u00edan a una mujer mayor de edad, con domicilio en Villa de Merlo, quien a principio de agosto hab\u00eda denunciado que mientras se encontraba sola en su casa fue abordada por dos sujetos, de los cuales uno de ellos la tom\u00f3 del cuello y la apret\u00f3 con mucha fuerza hasta que se desvaneci\u00f3.<\/h3>\n<h3>La damnificada hab\u00eda comentado que en esa ocasi\u00f3n uno de los delincuentes la cuidaba para que no se escape o grite, mientras que el otro delincuente tom\u00f3 joyas y dinero en efectivo para luego darse a la fuga ambos.<\/h3>\n<h3>Las joyas secuestradas en la casa de Vieyra quedaron a disposici\u00f3n de la Fiscal\u00eda de Instrucci\u00f3n de turno de la Tercera Circunscripci\u00f3n Judicial, a cargo de la Dra. Silvina Arg\u00fcello (fiscal adjunta), en el marco de la causa investigada.<\/h3>\n<p>&nbsp;<\/p>\n<p>&nbsp;<\/p>\n<p>&nbsp;<\/p>\n<p>&nbsp;<\/p>\n<p>&nbsp;<\/p>\n<p>&nbsp;<\/p>\n","protected":false},"excerpt":{"rendered":"<p>En el marco de un allanamiento realizado en Cortaderas en la vivienda de\u00a0Mauro Vieyra\u00a0Villegas (uno&#8230;<\/p>\n","protected":false},"author":1,"featured_media":22914,"comment_status":"closed","ping_status":"closed","sticky":false,"template":"","format":"standard","meta":{"footnotes":""},"categories":[6],"tags":[],"class_list":["post-22913","post","type-post","status-publish","format-standard","has-post-thumbnail","hentry","category-ciudad-provincia"],"yoast_head":"<!-- This site is optimized with the Yoast SEO plugin v26.1.1 - https:\/\/yoast.com\/wordpress\/plugins\/seo\/ -->\n<title>ENCUENTRAN JOYAS ROBADAS EN LA CASA DE UNO DE LOS ACUSADOS POR LA MUERTE DEL POLIC\u00cdA - Apuntes de San Luis<\/title>\n<meta name=\"robots\" content=\"index, follow, max-snippet:-1, max-image-preview:large, max-video-preview:-1\" \/>\n<link rel=\"canonical\" href=\"https:\/\/apuntesdesanluis.com\/index.php\/2024\/09\/25\/encuentran-joyas-robadas-en-la-casa-de-uno-de-los-acusados-por-la-muerte-del-policia\/\" \/>\n<meta property=\"og:locale\" content=\"es_ES\" \/>\n<meta property=\"og:type\" content=\"article\" \/>\n<meta property=\"og:title\" content=\"ENCUENTRAN JOYAS ROBADAS EN LA CASA DE UNO DE LOS ACUSADOS POR LA MUERTE DEL POLIC\u00cdA - Apuntes de San Luis\" \/>\n<meta property=\"og:description\" content=\"En el marco de un allanamiento realizado en Cortaderas en la vivienda de\u00a0Mauro Vieyra\u00a0Villegas (uno...\" \/>\n<meta property=\"og:url\" content=\"https:\/\/apuntesdesanluis.com\/index.php\/2024\/09\/25\/encuentran-joyas-robadas-en-la-casa-de-uno-de-los-acusados-por-la-muerte-del-policia\/\" \/>\n<meta property=\"og:site_name\" content=\"Apuntes de San Luis\" \/>\n<meta property=\"article:published_time\" content=\"2024-09-25T17:35:55+00:00\" \/>\n<meta property=\"article:modified_time\" content=\"2024-09-25T23:41:33+00:00\" \/>\n<meta property=\"og:image\" content=\"https:\/\/apuntesdesanluis.com\/wp-content\/uploads\/2024\/09\/Imagen-de-WhatsApp-2024-09-24-a-las-16.46.30_2c005e35.jpg\" \/>\n\t<meta property=\"og:image:width\" content=\"700\" \/>\n\t<meta property=\"og:image:height\" content=\"433\" \/>\n\t<meta property=\"og:image:type\" content=\"image\/jpeg\" \/>\n<meta name=\"author\" content=\"apuntesdesanluis.com\" \/>\n<meta name=\"twitter:card\" content=\"summary_large_image\" \/>\n<meta name=\"twitter:label1\" content=\"Escrito por\" \/>\n\t<meta name=\"twitter:data1\" content=\"apuntesdesanluis.com\" \/>\n\t<meta name=\"twitter:label2\" content=\"Tiempo de lectura\" \/>\n\t<meta name=\"twitter:data2\" content=\"2 minutos\" \/>\n<script type=\"application\/ld+json\" class=\"yoast-schema-graph\">{\"@context\":\"https:\/\/schema.org\",\"@graph\":[{\"@type\":\"Article\",\"@id\":\"https:\/\/apuntesdesanluis.com\/index.php\/2024\/09\/25\/encuentran-joyas-robadas-en-la-casa-de-uno-de-los-acusados-por-la-muerte-del-policia\/#article\",\"isPartOf\":{\"@id\":\"https:\/\/apuntesdesanluis.com\/index.php\/2024\/09\/25\/encuentran-joyas-robadas-en-la-casa-de-uno-de-los-acusados-por-la-muerte-del-policia\/\"},\"author\":{\"name\":\"apuntesdesanluis.com\",\"@id\":\"https:\/\/apuntesdesanluis.com\/#\/schema\/person\/b55151d52296fcce64d1a72538a70b90\"},\"headline\":\"ENCUENTRAN JOYAS ROBADAS EN LA CASA DE UNO DE LOS ACUSADOS POR LA MUERTE DEL POLIC\u00cdA\",\"datePublished\":\"2024-09-25T17:35:55+00:00\",\"dateModified\":\"2024-09-25T23:41:33+00:00\",\"mainEntityOfPage\":{\"@id\":\"https:\/\/apuntesdesanluis.com\/index.php\/2024\/09\/25\/encuentran-joyas-robadas-en-la-casa-de-uno-de-los-acusados-por-la-muerte-del-policia\/\"},\"wordCount\":237,\"publisher\":{\"@id\":\"https:\/\/apuntesdesanluis.com\/#\/schema\/person\/b55151d52296fcce64d1a72538a70b90\"},\"image\":{\"@id\":\"https:\/\/apuntesdesanluis.com\/index.php\/2024\/09\/25\/encuentran-joyas-robadas-en-la-casa-de-uno-de-los-acusados-por-la-muerte-del-policia\/#primaryimage\"},\"thumbnailUrl\":\"https:\/\/apuntesdesanluis.com\/wp-content\/uploads\/2024\/09\/Imagen-de-WhatsApp-2024-09-24-a-las-16.46.30_2c005e35.jpg\",\"articleSection\":[\"Ciudad\/Provincia\"],\"inLanguage\":\"es-AR\"},{\"@type\":\"WebPage\",\"@id\":\"https:\/\/apuntesdesanluis.com\/index.php\/2024\/09\/25\/encuentran-joyas-robadas-en-la-casa-de-uno-de-los-acusados-por-la-muerte-del-policia\/\",\"url\":\"https:\/\/apuntesdesanluis.com\/index.php\/2024\/09\/25\/encuentran-joyas-robadas-en-la-casa-de-uno-de-los-acusados-por-la-muerte-del-policia\/\",\"name\":\"ENCUENTRAN JOYAS ROBADAS EN LA CASA DE UNO DE LOS ACUSADOS POR LA MUERTE DEL POLIC\u00cdA - Apuntes de San Luis\",\"isPartOf\":{\"@id\":\"https:\/\/apuntesdesanluis.com\/#website\"},\"primaryImageOfPage\":{\"@id\":\"https:\/\/apuntesdesanluis.com\/index.php\/2024\/09\/25\/encuentran-joyas-robadas-en-la-casa-de-uno-de-los-acusados-por-la-muerte-del-policia\/#primaryimage\"},\"image\":{\"@id\":\"https:\/\/apuntesdesanluis.com\/index.php\/2024\/09\/25\/encuentran-joyas-robadas-en-la-casa-de-uno-de-los-acusados-por-la-muerte-del-policia\/#primaryimage\"},\"thumbnailUrl\":\"https:\/\/apuntesdesanluis.com\/wp-content\/uploads\/2024\/09\/Imagen-de-WhatsApp-2024-09-24-a-las-16.46.30_2c005e35.jpg\",\"datePublished\":\"2024-09-25T17:35:55+00:00\",\"dateModified\":\"2024-09-25T23:41:33+00:00\",\"breadcrumb\":{\"@id\":\"https:\/\/apuntesdesanluis.com\/index.php\/2024\/09\/25\/encuentran-joyas-robadas-en-la-casa-de-uno-de-los-acusados-por-la-muerte-del-policia\/#breadcrumb\"},\"inLanguage\":\"es-AR\",\"potentialAction\":[{\"@type\":\"ReadAction\",\"target\":[\"https:\/\/apuntesdesanluis.com\/index.php\/2024\/09\/25\/encuentran-joyas-robadas-en-la-casa-de-uno-de-los-acusados-por-la-muerte-del-policia\/\"]}]},{\"@type\":\"ImageObject\",\"inLanguage\":\"es-AR\",\"@id\":\"https:\/\/apuntesdesanluis.com\/index.php\/2024\/09\/25\/encuentran-joyas-robadas-en-la-casa-de-uno-de-los-acusados-por-la-muerte-del-policia\/#primaryimage\",\"url\":\"https:\/\/apuntesdesanluis.com\/wp-content\/uploads\/2024\/09\/Imagen-de-WhatsApp-2024-09-24-a-las-16.46.30_2c005e35.jpg\",\"contentUrl\":\"https:\/\/apuntesdesanluis.com\/wp-content\/uploads\/2024\/09\/Imagen-de-WhatsApp-2024-09-24-a-las-16.46.30_2c005e35.jpg\",\"width\":700,\"height\":433},{\"@type\":\"BreadcrumbList\",\"@id\":\"https:\/\/apuntesdesanluis.com\/index.php\/2024\/09\/25\/encuentran-joyas-robadas-en-la-casa-de-uno-de-los-acusados-por-la-muerte-del-policia\/#breadcrumb\",\"itemListElement\":[{\"@type\":\"ListItem\",\"position\":1,\"name\":\"Inicio\",\"item\":\"https:\/\/apuntesdesanluis.com\/\"},{\"@type\":\"ListItem\",\"position\":2,\"name\":\"ENCUENTRAN JOYAS ROBADAS EN LA CASA DE UNO DE LOS ACUSADOS POR LA MUERTE DEL POLIC\u00cdA\"}]},{\"@type\":\"WebSite\",\"@id\":\"https:\/\/apuntesdesanluis.com\/#website\",\"url\":\"https:\/\/apuntesdesanluis.com\/\",\"name\":\"Apuntes de San Luis\",\"description\":\"\",\"publisher\":{\"@id\":\"https:\/\/apuntesdesanluis.com\/#\/schema\/person\/b55151d52296fcce64d1a72538a70b90\"},\"potentialAction\":[{\"@type\":\"SearchAction\",\"target\":{\"@type\":\"EntryPoint\",\"urlTemplate\":\"https:\/\/apuntesdesanluis.com\/?s={search_term_string}\"},\"query-input\":{\"@type\":\"PropertyValueSpecification\",\"valueRequired\":true,\"valueName\":\"search_term_string\"}}],\"inLanguage\":\"es-AR\"},{\"@type\":[\"Person\",\"Organization\"],\"@id\":\"https:\/\/apuntesdesanluis.com\/#\/schema\/person\/b55151d52296fcce64d1a72538a70b90\",\"name\":\"apuntesdesanluis.com\",\"image\":{\"@type\":\"ImageObject\",\"inLanguage\":\"es-AR\",\"@id\":\"https:\/\/apuntesdesanluis.com\/#\/schema\/person\/image\/\",\"url\":\"https:\/\/apuntesdesanluis.com\/wp-content\/uploads\/2023\/07\/cropped-apuntesdesanluis.png\",\"contentUrl\":\"https:\/\/apuntesdesanluis.com\/wp-content\/uploads\/2023\/07\/cropped-apuntesdesanluis.png\",\"width\":450,\"height\":112,\"caption\":\"apuntesdesanluis.com\"},\"logo\":{\"@id\":\"https:\/\/apuntesdesanluis.com\/#\/schema\/person\/image\/\"},\"sameAs\":[\"https:\/\/apuntesdesanluis.com\"],\"url\":\"https:\/\/apuntesdesanluis.com\/index.php\/author\/apuntesdesanluis-com\/\"}]}<\/script>\n<!-- \/ Yoast SEO plugin. -->","yoast_head_json":{"title":"ENCUENTRAN JOYAS ROBADAS EN LA CASA DE UNO DE LOS ACUSADOS POR LA MUERTE DEL POLIC\u00cdA - Apuntes de San Luis","robots":{"index":"index","follow":"follow","max-snippet":"max-snippet:-1","max-image-preview":"max-image-preview:large","max-video-preview":"max-video-preview:-1"},"canonical":"https:\/\/apuntesdesanluis.com\/index.php\/2024\/09\/25\/encuentran-joyas-robadas-en-la-casa-de-uno-de-los-acusados-por-la-muerte-del-policia\/","og_locale":"es_ES","og_type":"article","og_title":"ENCUENTRAN JOYAS ROBADAS EN LA CASA DE UNO DE LOS ACUSADOS POR LA MUERTE DEL POLIC\u00cdA - Apuntes de San Luis","og_description":"En el marco de un allanamiento realizado en Cortaderas en la vivienda de\u00a0Mauro Vieyra\u00a0Villegas (uno...","og_url":"https:\/\/apuntesdesanluis.com\/index.php\/2024\/09\/25\/encuentran-joyas-robadas-en-la-casa-de-uno-de-los-acusados-por-la-muerte-del-policia\/","og_site_name":"Apuntes de San Luis","article_published_time":"2024-09-25T17:35:55+00:00","article_modified_time":"2024-09-25T23:41:33+00:00","og_image":[{"width":700,"height":433,"url":"https:\/\/apuntesdesanluis.com\/wp-content\/uploads\/2024\/09\/Imagen-de-WhatsApp-2024-09-24-a-las-16.46.30_2c005e35.jpg","type":"image\/jpeg"}],"author":"apuntesdesanluis.com","twitter_card":"summary_large_image","twitter_misc":{"Escrito por":"apuntesdesanluis.com","Tiempo de lectura":"2 minutos"},"schema":{"@context":"https:\/\/schema.org","@graph":[{"@type":"Article","@id":"https:\/\/apuntesdesanluis.com\/index.php\/2024\/09\/25\/encuentran-joyas-robadas-en-la-casa-de-uno-de-los-acusados-por-la-muerte-del-policia\/#article","isPartOf":{"@id":"https:\/\/apuntesdesanluis.com\/index.php\/2024\/09\/25\/encuentran-joyas-robadas-en-la-casa-de-uno-de-los-acusados-por-la-muerte-del-policia\/"},"author":{"name":"apuntesdesanluis.com","@id":"https:\/\/apuntesdesanluis.com\/#\/schema\/person\/b55151d52296fcce64d1a72538a70b90"},"headline":"ENCUENTRAN JOYAS ROBADAS EN LA CASA DE UNO DE LOS ACUSADOS POR LA MUERTE DEL POLIC\u00cdA","datePublished":"2024-09-25T17:35:55+00:00","dateModified":"2024-09-25T23:41:33+00:00","mainEntityOfPage":{"@id":"https:\/\/apuntesdesanluis.com\/index.php\/2024\/09\/25\/encuentran-joyas-robadas-en-la-casa-de-uno-de-los-acusados-por-la-muerte-del-policia\/"},"wordCount":237,"publisher":{"@id":"https:\/\/apuntesdesanluis.com\/#\/schema\/person\/b55151d52296fcce64d1a72538a70b90"},"image":{"@id":"https:\/\/apuntesdesanluis.com\/index.php\/2024\/09\/25\/encuentran-joyas-robadas-en-la-casa-de-uno-de-los-acusados-por-la-muerte-del-policia\/#primaryimage"},"thumbnailUrl":"https:\/\/apuntesdesanluis.com\/wp-content\/uploads\/2024\/09\/Imagen-de-WhatsApp-2024-09-24-a-las-16.46.30_2c005e35.jpg","articleSection":["Ciudad\/Provincia"],"inLanguage":"es-AR"},{"@type":"WebPage","@id":"https:\/\/apuntesdesanluis.com\/index.php\/2024\/09\/25\/encuentran-joyas-robadas-en-la-casa-de-uno-de-los-acusados-por-la-muerte-del-policia\/","url":"https:\/\/apuntesdesanluis.com\/index.php\/2024\/09\/25\/encuentran-joyas-robadas-en-la-casa-de-uno-de-los-acusados-por-la-muerte-del-policia\/","name":"ENCUENTRAN JOYAS ROBADAS EN LA CASA DE UNO DE LOS ACUSADOS POR LA MUERTE DEL POLIC\u00cdA - Apuntes de San Luis","isPartOf":{"@id":"https:\/\/apuntesdesanluis.com\/#website"},"primaryImageOfPage":{"@id":"https:\/\/apuntesdesanluis.com\/index.php\/2024\/09\/25\/encuentran-joyas-robadas-en-la-casa-de-uno-de-los-acusados-por-la-muerte-del-policia\/#primaryimage"},"image":{"@id":"https:\/\/apuntesdesanluis.com\/index.php\/2024\/09\/25\/encuentran-joyas-robadas-en-la-casa-de-uno-de-los-acusados-por-la-muerte-del-policia\/#primaryimage"},"thumbnailUrl":"https:\/\/apuntesdesanluis.com\/wp-content\/uploads\/2024\/09\/Imagen-de-WhatsApp-2024-09-24-a-las-16.46.30_2c005e35.jpg","datePublished":"2024-09-25T17:35:55+00:00","dateModified":"2024-09-25T23:41:33+00:00","breadcrumb":{"@id":"https:\/\/apuntesdesanluis.com\/index.php\/2024\/09\/25\/encuentran-joyas-robadas-en-la-casa-de-uno-de-los-acusados-por-la-muerte-del-policia\/#breadcrumb"},"inLanguage":"es-AR","potentialAction":[{"@type":"ReadAction","target":["https:\/\/apuntesdesanluis.com\/index.php\/2024\/09\/25\/encuentran-joyas-robadas-en-la-casa-de-uno-de-los-acusados-por-la-muerte-del-policia\/"]}]},{"@type":"ImageObject","inLanguage":"es-AR","@id":"https:\/\/apuntesdesanluis.com\/index.php\/2024\/09\/25\/encuentran-joyas-robadas-en-la-casa-de-uno-de-los-acusados-por-la-muerte-del-policia\/#primaryimage","url":"https:\/\/apuntesdesanluis.com\/wp-content\/uploads\/2024\/09\/Imagen-de-WhatsApp-2024-09-24-a-las-16.46.30_2c005e35.jpg","contentUrl":"https:\/\/apuntesdesanluis.com\/wp-content\/uploads\/2024\/09\/Imagen-de-WhatsApp-2024-09-24-a-las-16.46.30_2c005e35.jpg","width":700,"height":433},{"@type":"BreadcrumbList","@id":"https:\/\/apuntesdesanluis.com\/index.php\/2024\/09\/25\/encuentran-joyas-robadas-en-la-casa-de-uno-de-los-acusados-por-la-muerte-del-policia\/#breadcrumb","itemListElement":[{"@type":"ListItem","position":1,"name":"Inicio","item":"https:\/\/apuntesdesanluis.com\/"},{"@type":"ListItem","position":2,"name":"ENCUENTRAN JOYAS ROBADAS EN LA CASA DE UNO DE LOS ACUSADOS POR LA MUERTE DEL POLIC\u00cdA"}]},{"@type":"WebSite","@id":"https:\/\/apuntesdesanluis.com\/#website","url":"https:\/\/apuntesdesanluis.com\/","name":"Apuntes de San Luis","description":"","publisher":{"@id":"https:\/\/apuntesdesanluis.com\/#\/schema\/person\/b55151d52296fcce64d1a72538a70b90"},"potentialAction":[{"@type":"SearchAction","target":{"@type":"EntryPoint","urlTemplate":"https:\/\/apuntesdesanluis.com\/?s={search_term_string}"},"query-input":{"@type":"PropertyValueSpecification","valueRequired":true,"valueName":"search_term_string"}}],"inLanguage":"es-AR"},{"@type":["Person","Organization"],"@id":"https:\/\/apuntesdesanluis.com\/#\/schema\/person\/b55151d52296fcce64d1a72538a70b90","name":"apuntesdesanluis.com","image":{"@type":"ImageObject","inLanguage":"es-AR","@id":"https:\/\/apuntesdesanluis.com\/#\/schema\/person\/image\/","url":"https:\/\/apuntesdesanluis.com\/wp-content\/uploads\/2023\/07\/cropped-apuntesdesanluis.png","contentUrl":"https:\/\/apuntesdesanluis.com\/wp-content\/uploads\/2023\/07\/cropped-apuntesdesanluis.png","width":450,"height":112,"caption":"apuntesdesanluis.com"},"logo":{"@id":"https:\/\/apuntesdesanluis.com\/#\/schema\/person\/image\/"},"sameAs":["https:\/\/apuntesdesanluis.com"],"url":"https:\/\/apuntesdesanluis.com\/index.php\/author\/apuntesdesanluis-com\/"}]}},"featured_image_urls":{"full":["https:\/\/apuntesdesanluis.com\/wp-content\/uploads\/2024\/09\/Imagen-de-WhatsApp-2024-09-24-a-las-16.46.30_2c005e35.jpg",700,433,false],"thumbnail":["https:\/\/apuntesdesanluis.com\/wp-content\/uploads\/2024\/09\/Imagen-de-WhatsApp-2024-09-24-a-las-16.46.30_2c005e35-150x150.jpg",150,150,true],"medium":["https:\/\/apuntesdesanluis.com\/wp-content\/uploads\/2024\/09\/Imagen-de-WhatsApp-2024-09-24-a-las-16.46.30_2c005e35-300x186.jpg",300,186,true],"medium_large":["https:\/\/apuntesdesanluis.com\/wp-content\/uploads\/2024\/09\/Imagen-de-WhatsApp-2024-09-24-a-las-16.46.30_2c005e35.jpg",640,396,false],"large":["https:\/\/apuntesdesanluis.com\/wp-content\/uploads\/2024\/09\/Imagen-de-WhatsApp-2024-09-24-a-las-16.46.30_2c005e35.jpg",640,396,false],"1536x1536":["https:\/\/apuntesdesanluis.com\/wp-content\/uploads\/2024\/09\/Imagen-de-WhatsApp-2024-09-24-a-las-16.46.30_2c005e35.jpg",700,433,false],"2048x2048":["https:\/\/apuntesdesanluis.com\/wp-content\/uploads\/2024\/09\/Imagen-de-WhatsApp-2024-09-24-a-las-16.46.30_2c005e35.jpg",700,433,false],"newsever-slider-full":["https:\/\/apuntesdesanluis.com\/wp-content\/uploads\/2024\/09\/Imagen-de-WhatsApp-2024-09-24-a-las-16.46.30_2c005e35.jpg",700,433,false],"newsever-featured":["https:\/\/apuntesdesanluis.com\/wp-content\/uploads\/2024\/09\/Imagen-de-WhatsApp-2024-09-24-a-las-16.46.30_2c005e35.jpg",700,433,false],"newsever-medium":["https:\/\/apuntesdesanluis.com\/wp-content\/uploads\/2024\/09\/Imagen-de-WhatsApp-2024-09-24-a-las-16.46.30_2c005e35.jpg",700,433,false]},"author_info":{"display_name":"apuntesdesanluis.com","author_link":"https:\/\/apuntesdesanluis.com\/index.php\/author\/apuntesdesanluis-com\/"},"category_info":"<a href=\"https:\/\/apuntesdesanluis.com\/index.php\/category\/ciudad-provincia\/\" rel=\"category tag\">Ciudad\/Provincia<\/a>","tag_info":"Ciudad\/Provincia","comment_count":"0","_links":{"self":[{"href":"https:\/\/apuntesdesanluis.com\/index.php\/wp-json\/wp\/v2\/posts\/22913","targetHints":{"allow":["GET"]}}],"collection":[{"href":"https:\/\/apuntesdesanluis.com\/index.php\/wp-json\/wp\/v2\/posts"}],"about":[{"href":"https:\/\/apuntesdesanluis.com\/index.php\/wp-json\/wp\/v2\/types\/post"}],"author":[{"embeddable":true,"href":"https:\/\/apuntesdesanluis.com\/index.php\/wp-json\/wp\/v2\/users\/1"}],"replies":[{"embeddable":true,"href":"https:\/\/apuntesdesanluis.com\/index.php\/wp-json\/wp\/v2\/comments?post=22913"}],"version-history":[{"count":1,"href":"https:\/\/apuntesdesanluis.com\/index.php\/wp-json\/wp\/v2\/posts\/22913\/revisions"}],"predecessor-version":[{"id":22915,"href":"https:\/\/apuntesdesanluis.com\/index.php\/wp-json\/wp\/v2\/posts\/22913\/revisions\/22915"}],"wp:featuredmedia":[{"embeddable":true,"href":"https:\/\/apuntesdesanluis.com\/index.php\/wp-json\/wp\/v2\/media\/22914"}],"wp:attachment":[{"href":"https:\/\/apuntesdesanluis.com\/index.php\/wp-json\/wp\/v2\/media?parent=22913"}],"wp:term":[{"taxonomy":"category","embeddable":true,"href":"https:\/\/apuntesdesanluis.com\/index.php\/wp-json\/wp\/v2\/categories?post=22913"},{"taxonomy":"post_tag","embeddable":true,"href":"https:\/\/apuntesdesanluis.com\/index.php\/wp-json\/wp\/v2\/tags?post=22913"}],"curies":[{"name":"wp","href":"https:\/\/api.w.org\/{rel}","templated":true}]}}