{"id":22949,"date":"2024-09-25T22:14:52","date_gmt":"2024-09-26T01:14:52","guid":{"rendered":"https:\/\/apuntesdesanluis.com\/?p=22949"},"modified":"2024-09-25T22:14:52","modified_gmt":"2024-09-26T01:14:52","slug":"el-gobierno-lanzo-una-bateria-de-medidas-para-el-desarrollo-del-sector-turistico","status":"publish","type":"post","link":"https:\/\/apuntesdesanluis.com\/index.php\/2024\/09\/25\/el-gobierno-lanzo-una-bateria-de-medidas-para-el-desarrollo-del-sector-turistico\/","title":{"rendered":"EL GOBIERNO LANZ\u00d3 UNA BATER\u00cdA DE MEDIDAS PARA EL DESARROLLO DEL SECTOR TUR\u00cdSTICO"},"content":{"rendered":"<h3>En v\u00edsperas de la temporada alta, el gobernador Claudio Poggi present\u00f3 un conjunto de pol\u00edticas de Estado destinadas al crecimiento de la econom\u00eda y la generaci\u00f3n de empleo a partir del aprovechamiento del potencial natural de la provincia. Una nueva marca (\u2018Conexi\u00f3n San Luis\u2019), comunicaci\u00f3n, promoci\u00f3n de actividades y programas de cr\u00e9ditos y capacitaci\u00f3n, son algunas de las iniciativas que pusieron a disposici\u00f3n.<\/h3>\n<h3>Con una combinaci\u00f3n \u00fanica de naturaleza exuberante, rica historia y una creciente infraestructura tur\u00edstica, San Luis ofrece experiencias que cautivan a todo tipo de visitantes, desde los amantes de la aventura hasta aquellos que buscan paz y tranquilidad. El reciente incremento en la afluencia de turistas no solo est\u00e1 impulsando la econom\u00eda local, sino que tambi\u00e9n est\u00e1 poniendo a la provincia en el mapa como uno de los destinos m\u00e1s prometedores del pa\u00eds.<\/h3>\n<h3>Para acompa\u00f1ar ese impulso, el Gobierno provincial present\u00f3 una bater\u00eda de medidas para el desarrollo del sector tur\u00edstico y sobre todo una marca que comenzar\u00e1 a distinguir a la provincia: \u2018Conexi\u00f3n San Luis\u2019.<\/h3>\n<h3>El acto estuvo encabezado por el gobernador <strong>Claudio Poggi<\/strong>, pero tambi\u00e9n tuvieron la palabra para explicar de qu\u00e9 se trata el programa el secretario de Comunicaci\u00f3n, Diego Masci; el ministro de Turismo y Cultura, Juan Manuel Rigau; y el director de Desarrollo de Proveedores (DePro), Fernando Mallea. Asistieron intendentes, representantes y titulares de asociaciones de hoteleros, caba\u00f1eros, agencias de viajes y oficinas tur\u00edsticas de distintos municipios.<\/h3>\n<h3>El ministro <strong>Rigau<\/strong> explic\u00f3 las acciones destinadas al sector tur\u00edstico, incluyendo pol\u00edticas de promoci\u00f3n segmentadas por audiencias y otras iniciativas para incrementar la ocupaci\u00f3n hotelera a lo largo del a\u00f1o. \u201cEl sector privado hace que el turismo sea un movilizador de la econom\u00eda\u201d, expres\u00f3 el funcionario, quien mencion\u00f3 que dispondr\u00e1n de dos agendas: una que promocionar\u00e1 los atractivos de la provincia y otra de eventos, en la que ya han cargado m\u00e1s de 2.000 acontecimientos.<\/h3>\n<h3><img fetchpriority=\"high\" decoding=\"async\" class=\"wp-image-22951 aligncenter\" src=\"https:\/\/apuntesdesanluis.com\/wp-content\/uploads\/2024\/09\/rigau-300x199.png\" alt=\"\" width=\"656\" height=\"435\" srcset=\"https:\/\/apuntesdesanluis.com\/wp-content\/uploads\/2024\/09\/rigau-300x199.png 300w, https:\/\/apuntesdesanluis.com\/wp-content\/uploads\/2024\/09\/rigau.png 701w\" sizes=\"(max-width: 656px) 100vw, 656px\" \/><\/h3>\n<h3>El titular de Turismo subray\u00f3 que brindar\u00e1n capacitaciones en distintas zonas para el sector p\u00fablico y privado, y adem\u00e1s record\u00f3 la vigencia de la Ley de Promoci\u00f3n de Inversi\u00f3n Tur\u00edstica que promete hasta el 100% de las exenciones para quienes presenten proyectos relacionados al rubro.<\/h3>\n<h3>Tambi\u00e9n est\u00e1n Mi San Luis y Pre San Luis, que ofrecen promociones para ayudar al turista y as\u00ed aumentar las visitas a la provincia. \u201cQueremos duplicar los d\u00edas de turismo al interior de San Luis\u201d, coment\u00f3 el Ministro, quien afirm\u00f3 que utilizar\u00e1n todas las infraestructuras disponibles para fomentar el turismo tem\u00e1tico y el de reuniones.<\/h3>\n<h3>Rigau, adem\u00e1s, valor\u00f3 el trabajo conjunto con Mendoza y San Juan, al igual que con todos los municipios de la provincia, con acuerdos que se ver\u00e1n en la Feria Internacional de Turismo.<\/h3>\n<h3>Tambi\u00e9n anunci\u00f3 que todos los jueves de octubre y noviembre llevar\u00e1n adelante encuentros en una Mesa Sectorial de trabajo que estar\u00e1 compuesta por el sector p\u00fablico y el privado. \u201cHay una pol\u00edtica de Estado y un Gobernador comprometido con el desarrollo del turismo\u201d, se\u00f1al\u00f3.<\/h3>\n<h3>Por su parte, <strong>Masci<\/strong> exhibi\u00f3 el trabajo de investigaci\u00f3n que desemboc\u00f3 en la creaci\u00f3n de la marca \u2018Conexi\u00f3n San Luis\u2019, una nueva estrategia para el sector y acciones comunicativas destinadas a la promoci\u00f3n de destinos y actividades.<\/h3>\n<h3><img decoding=\"async\" class=\"wp-image-22952 aligncenter\" src=\"https:\/\/apuntesdesanluis.com\/wp-content\/uploads\/2024\/09\/masci-300x186.png\" alt=\"\" width=\"698\" height=\"433\" srcset=\"https:\/\/apuntesdesanluis.com\/wp-content\/uploads\/2024\/09\/masci-300x186.png 300w, https:\/\/apuntesdesanluis.com\/wp-content\/uploads\/2024\/09\/masci.png 759w\" sizes=\"(max-width: 698px) 100vw, 698px\" \/><\/h3>\n<h3>\u201cEl turismo est\u00e1 en constante crecimiento y nosotros queremos hacer una industria del turismo, especialmente para los j\u00f3venes\u201d, indic\u00f3 Masci, durante una disertaci\u00f3n en la que brind\u00f3 datos de una exhaustiva investigaci\u00f3n que llev\u00f3 varios meses y los ayud\u00f3 a tomar algunas decisiones. \u201cEn San Luis tenemos mucha infraestructura, paisajes y es el momento de crecer\u201d, manifest\u00f3.<\/h3>\n<h3>El nombre \u2018Conexi\u00f3n San Luis\u2019 surgi\u00f3 de una serie de encuestas en las que la gente destac\u00f3 que en su visita a la provincia sintieron una conexi\u00f3n con la naturaleza, paz interior, relax. \u201cEs pensar en conectar con la aventura, el deporte, la naturaleza, la cultura, la tranquilidad\u201d, afirm\u00f3 Masci, quien mostr\u00f3 estad\u00edsticas, n\u00fameros y porcentajes que conformaron una idea del camino que deb\u00eda tomar San Luis para atraer m\u00e1s turismo y generar as\u00ed fuentes de trabajo genuinas.<\/h3>\n<h3><strong>Fernando Mallea<\/strong>, del ministerio de Desarrollo Productivo, brind\u00f3 detalles del subsidio del 10% a la tasa de inter\u00e9s de cr\u00e9ditos destinados a empresas que necesiten invertir y\/o incorporar bienes de capital. El acompa\u00f1amiento que lleva a cabo el Gobierno consiste en la entrega de un subsidio a los beneficiarios de cr\u00e9ditos, de 10 puntos porcentuales sobre la tasa que pacten con cada banco, hasta cr\u00e9ditos por $100 millones. La convocatoria se extiende hasta el 31 de diciembre.<\/h3>\n<h3><img decoding=\"async\" class=\"wp-image-22953 aligncenter\" src=\"https:\/\/apuntesdesanluis.com\/wp-content\/uploads\/2024\/09\/mallea-300x185.png\" alt=\"\" width=\"691\" height=\"426\" srcset=\"https:\/\/apuntesdesanluis.com\/wp-content\/uploads\/2024\/09\/mallea-300x185.png 300w, https:\/\/apuntesdesanluis.com\/wp-content\/uploads\/2024\/09\/mallea.png 751w\" sizes=\"(max-width: 691px) 100vw, 691px\" \/><\/h3>\n<h3>El funcionario tambi\u00e9n anticip\u00f3 que en la segunda etapa de \u2018Mi Pr\u00f3ximo Paso\u2019 ser\u00e1n incluidos todos los emprendedores del turismo, tanto en financiamiento como en capacitaciones, y mencion\u00f3 que los beneficiarios del Plan de Inclusi\u00f3n Laboral podr\u00e1n ingresar al sector privado a trav\u00e9s de entidades tur\u00edsticas, con los mismos beneficios que en otras industrias y el fuerte apoyo del Estado.<\/h3>\n<h3>Antes de finalizar, abrieron la mesa para una ronda de preguntas y respuestas que incluy\u00f3 temas como conexiones a\u00e9reas, destinos tur\u00edsticos, la Ley de Fomento a las Inversiones, servicios b\u00e1sicos y cuanta inquietud mostraron los agentes tur\u00edsticos, que si excepci\u00f3n se mostraron agradecidos por la oportunidad de expresarse, ser escuchados y poder formar parte de las pr\u00f3ximas decisiones.<\/h3>\n<h3>La primera aparici\u00f3n oficial de \u2018Conexi\u00f3n San Luis\u2019 ser\u00e1 durante el pr\u00f3ximo fin de semana en la Feria Internacional de Turismo (FIT) a desarrollarse en Buenos Aires, donde la provincia compartir\u00e1 con San Juan y Mendoza una est\u00e9tica y una decisi\u00f3n en com\u00fan: atraer turistas a la regi\u00f3n de Cuyo.<\/h3>\n<p>&nbsp;<\/p>\n<p>&nbsp;<\/p>\n<p>&nbsp;<\/p>\n<p>&nbsp;<\/p>\n<p>&nbsp;<\/p>\n<p>&nbsp;<\/p>\n<p>&nbsp;<\/p>\n","protected":false},"excerpt":{"rendered":"<p>En v\u00edsperas de la temporada alta, el gobernador Claudio Poggi present\u00f3 un conjunto de pol\u00edticas&#8230;<\/p>\n","protected":false},"author":1,"featured_media":22950,"comment_status":"closed","ping_status":"closed","sticky":false,"template":"","format":"standard","meta":{"footnotes":""},"categories":[6],"tags":[],"class_list":["post-22949","post","type-post","status-publish","format-standard","has-post-thumbnail","hentry","category-ciudad-provincia"],"yoast_head":"<!-- This site is optimized with the Yoast SEO plugin v26.1.1 - https:\/\/yoast.com\/wordpress\/plugins\/seo\/ -->\n<title>EL GOBIERNO LANZ\u00d3 UNA BATER\u00cdA DE MEDIDAS PARA EL DESARROLLO DEL SECTOR TUR\u00cdSTICO - Apuntes de San Luis<\/title>\n<meta name=\"robots\" content=\"index, follow, max-snippet:-1, max-image-preview:large, max-video-preview:-1\" \/>\n<link rel=\"canonical\" href=\"https:\/\/apuntesdesanluis.com\/index.php\/2024\/09\/25\/el-gobierno-lanzo-una-bateria-de-medidas-para-el-desarrollo-del-sector-turistico\/\" \/>\n<meta property=\"og:locale\" content=\"es_ES\" \/>\n<meta property=\"og:type\" content=\"article\" \/>\n<meta property=\"og:title\" content=\"EL GOBIERNO LANZ\u00d3 UNA BATER\u00cdA DE MEDIDAS PARA EL DESARROLLO DEL SECTOR TUR\u00cdSTICO - Apuntes de San Luis\" \/>\n<meta property=\"og:description\" content=\"En v\u00edsperas de la temporada alta, el gobernador Claudio Poggi present\u00f3 un conjunto de pol\u00edticas...\" \/>\n<meta property=\"og:url\" content=\"https:\/\/apuntesdesanluis.com\/index.php\/2024\/09\/25\/el-gobierno-lanzo-una-bateria-de-medidas-para-el-desarrollo-del-sector-turistico\/\" \/>\n<meta property=\"og:site_name\" content=\"Apuntes de San Luis\" \/>\n<meta property=\"article:published_time\" content=\"2024-09-26T01:14:52+00:00\" \/>\n<meta property=\"og:image\" content=\"https:\/\/apuntesdesanluis.com\/wp-content\/uploads\/2024\/09\/poggi-9.png\" \/>\n\t<meta property=\"og:image:width\" content=\"721\" \/>\n\t<meta property=\"og:image:height\" content=\"411\" \/>\n\t<meta property=\"og:image:type\" content=\"image\/png\" \/>\n<meta name=\"author\" content=\"apuntesdesanluis.com\" \/>\n<meta name=\"twitter:card\" content=\"summary_large_image\" \/>\n<meta name=\"twitter:label1\" content=\"Escrito por\" \/>\n\t<meta name=\"twitter:data1\" content=\"apuntesdesanluis.com\" \/>\n\t<meta name=\"twitter:label2\" content=\"Tiempo de lectura\" \/>\n\t<meta name=\"twitter:data2\" content=\"5 minutos\" \/>\n<script type=\"application\/ld+json\" class=\"yoast-schema-graph\">{\"@context\":\"https:\/\/schema.org\",\"@graph\":[{\"@type\":\"Article\",\"@id\":\"https:\/\/apuntesdesanluis.com\/index.php\/2024\/09\/25\/el-gobierno-lanzo-una-bateria-de-medidas-para-el-desarrollo-del-sector-turistico\/#article\",\"isPartOf\":{\"@id\":\"https:\/\/apuntesdesanluis.com\/index.php\/2024\/09\/25\/el-gobierno-lanzo-una-bateria-de-medidas-para-el-desarrollo-del-sector-turistico\/\"},\"author\":{\"name\":\"apuntesdesanluis.com\",\"@id\":\"https:\/\/apuntesdesanluis.com\/#\/schema\/person\/b55151d52296fcce64d1a72538a70b90\"},\"headline\":\"EL GOBIERNO LANZ\u00d3 UNA BATER\u00cdA DE MEDIDAS PARA EL DESARROLLO DEL SECTOR TUR\u00cdSTICO\",\"datePublished\":\"2024-09-26T01:14:52+00:00\",\"mainEntityOfPage\":{\"@id\":\"https:\/\/apuntesdesanluis.com\/index.php\/2024\/09\/25\/el-gobierno-lanzo-una-bateria-de-medidas-para-el-desarrollo-del-sector-turistico\/\"},\"wordCount\":1008,\"publisher\":{\"@id\":\"https:\/\/apuntesdesanluis.com\/#\/schema\/person\/b55151d52296fcce64d1a72538a70b90\"},\"image\":{\"@id\":\"https:\/\/apuntesdesanluis.com\/index.php\/2024\/09\/25\/el-gobierno-lanzo-una-bateria-de-medidas-para-el-desarrollo-del-sector-turistico\/#primaryimage\"},\"thumbnailUrl\":\"https:\/\/apuntesdesanluis.com\/wp-content\/uploads\/2024\/09\/poggi-9.png\",\"articleSection\":[\"Ciudad\/Provincia\"],\"inLanguage\":\"es-AR\"},{\"@type\":\"WebPage\",\"@id\":\"https:\/\/apuntesdesanluis.com\/index.php\/2024\/09\/25\/el-gobierno-lanzo-una-bateria-de-medidas-para-el-desarrollo-del-sector-turistico\/\",\"url\":\"https:\/\/apuntesdesanluis.com\/index.php\/2024\/09\/25\/el-gobierno-lanzo-una-bateria-de-medidas-para-el-desarrollo-del-sector-turistico\/\",\"name\":\"EL GOBIERNO LANZ\u00d3 UNA BATER\u00cdA DE MEDIDAS PARA EL DESARROLLO DEL SECTOR TUR\u00cdSTICO - Apuntes de San Luis\",\"isPartOf\":{\"@id\":\"https:\/\/apuntesdesanluis.com\/#website\"},\"primaryImageOfPage\":{\"@id\":\"https:\/\/apuntesdesanluis.com\/index.php\/2024\/09\/25\/el-gobierno-lanzo-una-bateria-de-medidas-para-el-desarrollo-del-sector-turistico\/#primaryimage\"},\"image\":{\"@id\":\"https:\/\/apuntesdesanluis.com\/index.php\/2024\/09\/25\/el-gobierno-lanzo-una-bateria-de-medidas-para-el-desarrollo-del-sector-turistico\/#primaryimage\"},\"thumbnailUrl\":\"https:\/\/apuntesdesanluis.com\/wp-content\/uploads\/2024\/09\/poggi-9.png\",\"datePublished\":\"2024-09-26T01:14:52+00:00\",\"breadcrumb\":{\"@id\":\"https:\/\/apuntesdesanluis.com\/index.php\/2024\/09\/25\/el-gobierno-lanzo-una-bateria-de-medidas-para-el-desarrollo-del-sector-turistico\/#breadcrumb\"},\"inLanguage\":\"es-AR\",\"potentialAction\":[{\"@type\":\"ReadAction\",\"target\":[\"https:\/\/apuntesdesanluis.com\/index.php\/2024\/09\/25\/el-gobierno-lanzo-una-bateria-de-medidas-para-el-desarrollo-del-sector-turistico\/\"]}]},{\"@type\":\"ImageObject\",\"inLanguage\":\"es-AR\",\"@id\":\"https:\/\/apuntesdesanluis.com\/index.php\/2024\/09\/25\/el-gobierno-lanzo-una-bateria-de-medidas-para-el-desarrollo-del-sector-turistico\/#primaryimage\",\"url\":\"https:\/\/apuntesdesanluis.com\/wp-content\/uploads\/2024\/09\/poggi-9.png\",\"contentUrl\":\"https:\/\/apuntesdesanluis.com\/wp-content\/uploads\/2024\/09\/poggi-9.png\",\"width\":721,\"height\":411},{\"@type\":\"BreadcrumbList\",\"@id\":\"https:\/\/apuntesdesanluis.com\/index.php\/2024\/09\/25\/el-gobierno-lanzo-una-bateria-de-medidas-para-el-desarrollo-del-sector-turistico\/#breadcrumb\",\"itemListElement\":[{\"@type\":\"ListItem\",\"position\":1,\"name\":\"Inicio\",\"item\":\"https:\/\/apuntesdesanluis.com\/\"},{\"@type\":\"ListItem\",\"position\":2,\"name\":\"EL GOBIERNO LANZ\u00d3 UNA BATER\u00cdA DE MEDIDAS PARA EL DESARROLLO DEL SECTOR TUR\u00cdSTICO\"}]},{\"@type\":\"WebSite\",\"@id\":\"https:\/\/apuntesdesanluis.com\/#website\",\"url\":\"https:\/\/apuntesdesanluis.com\/\",\"name\":\"Apuntes de San Luis\",\"description\":\"\",\"publisher\":{\"@id\":\"https:\/\/apuntesdesanluis.com\/#\/schema\/person\/b55151d52296fcce64d1a72538a70b90\"},\"potentialAction\":[{\"@type\":\"SearchAction\",\"target\":{\"@type\":\"EntryPoint\",\"urlTemplate\":\"https:\/\/apuntesdesanluis.com\/?s={search_term_string}\"},\"query-input\":{\"@type\":\"PropertyValueSpecification\",\"valueRequired\":true,\"valueName\":\"search_term_string\"}}],\"inLanguage\":\"es-AR\"},{\"@type\":[\"Person\",\"Organization\"],\"@id\":\"https:\/\/apuntesdesanluis.com\/#\/schema\/person\/b55151d52296fcce64d1a72538a70b90\",\"name\":\"apuntesdesanluis.com\",\"image\":{\"@type\":\"ImageObject\",\"inLanguage\":\"es-AR\",\"@id\":\"https:\/\/apuntesdesanluis.com\/#\/schema\/person\/image\/\",\"url\":\"https:\/\/apuntesdesanluis.com\/wp-content\/uploads\/2023\/07\/cropped-apuntesdesanluis.png\",\"contentUrl\":\"https:\/\/apuntesdesanluis.com\/wp-content\/uploads\/2023\/07\/cropped-apuntesdesanluis.png\",\"width\":450,\"height\":112,\"caption\":\"apuntesdesanluis.com\"},\"logo\":{\"@id\":\"https:\/\/apuntesdesanluis.com\/#\/schema\/person\/image\/\"},\"sameAs\":[\"https:\/\/apuntesdesanluis.com\"],\"url\":\"https:\/\/apuntesdesanluis.com\/index.php\/author\/apuntesdesanluis-com\/\"}]}<\/script>\n<!-- \/ Yoast SEO plugin. -->","yoast_head_json":{"title":"EL GOBIERNO LANZ\u00d3 UNA BATER\u00cdA DE MEDIDAS PARA EL DESARROLLO DEL SECTOR TUR\u00cdSTICO - Apuntes de San Luis","robots":{"index":"index","follow":"follow","max-snippet":"max-snippet:-1","max-image-preview":"max-image-preview:large","max-video-preview":"max-video-preview:-1"},"canonical":"https:\/\/apuntesdesanluis.com\/index.php\/2024\/09\/25\/el-gobierno-lanzo-una-bateria-de-medidas-para-el-desarrollo-del-sector-turistico\/","og_locale":"es_ES","og_type":"article","og_title":"EL GOBIERNO LANZ\u00d3 UNA BATER\u00cdA DE MEDIDAS PARA EL DESARROLLO DEL SECTOR TUR\u00cdSTICO - Apuntes de San Luis","og_description":"En v\u00edsperas de la temporada alta, el gobernador Claudio Poggi present\u00f3 un conjunto de pol\u00edticas...","og_url":"https:\/\/apuntesdesanluis.com\/index.php\/2024\/09\/25\/el-gobierno-lanzo-una-bateria-de-medidas-para-el-desarrollo-del-sector-turistico\/","og_site_name":"Apuntes de San Luis","article_published_time":"2024-09-26T01:14:52+00:00","og_image":[{"width":721,"height":411,"url":"https:\/\/apuntesdesanluis.com\/wp-content\/uploads\/2024\/09\/poggi-9.png","type":"image\/png"}],"author":"apuntesdesanluis.com","twitter_card":"summary_large_image","twitter_misc":{"Escrito por":"apuntesdesanluis.com","Tiempo de lectura":"5 minutos"},"schema":{"@context":"https:\/\/schema.org","@graph":[{"@type":"Article","@id":"https:\/\/apuntesdesanluis.com\/index.php\/2024\/09\/25\/el-gobierno-lanzo-una-bateria-de-medidas-para-el-desarrollo-del-sector-turistico\/#article","isPartOf":{"@id":"https:\/\/apuntesdesanluis.com\/index.php\/2024\/09\/25\/el-gobierno-lanzo-una-bateria-de-medidas-para-el-desarrollo-del-sector-turistico\/"},"author":{"name":"apuntesdesanluis.com","@id":"https:\/\/apuntesdesanluis.com\/#\/schema\/person\/b55151d52296fcce64d1a72538a70b90"},"headline":"EL GOBIERNO LANZ\u00d3 UNA BATER\u00cdA DE MEDIDAS PARA EL DESARROLLO DEL SECTOR TUR\u00cdSTICO","datePublished":"2024-09-26T01:14:52+00:00","mainEntityOfPage":{"@id":"https:\/\/apuntesdesanluis.com\/index.php\/2024\/09\/25\/el-gobierno-lanzo-una-bateria-de-medidas-para-el-desarrollo-del-sector-turistico\/"},"wordCount":1008,"publisher":{"@id":"https:\/\/apuntesdesanluis.com\/#\/schema\/person\/b55151d52296fcce64d1a72538a70b90"},"image":{"@id":"https:\/\/apuntesdesanluis.com\/index.php\/2024\/09\/25\/el-gobierno-lanzo-una-bateria-de-medidas-para-el-desarrollo-del-sector-turistico\/#primaryimage"},"thumbnailUrl":"https:\/\/apuntesdesanluis.com\/wp-content\/uploads\/2024\/09\/poggi-9.png","articleSection":["Ciudad\/Provincia"],"inLanguage":"es-AR"},{"@type":"WebPage","@id":"https:\/\/apuntesdesanluis.com\/index.php\/2024\/09\/25\/el-gobierno-lanzo-una-bateria-de-medidas-para-el-desarrollo-del-sector-turistico\/","url":"https:\/\/apuntesdesanluis.com\/index.php\/2024\/09\/25\/el-gobierno-lanzo-una-bateria-de-medidas-para-el-desarrollo-del-sector-turistico\/","name":"EL GOBIERNO LANZ\u00d3 UNA BATER\u00cdA DE MEDIDAS PARA EL DESARROLLO DEL SECTOR TUR\u00cdSTICO - Apuntes de San Luis","isPartOf":{"@id":"https:\/\/apuntesdesanluis.com\/#website"},"primaryImageOfPage":{"@id":"https:\/\/apuntesdesanluis.com\/index.php\/2024\/09\/25\/el-gobierno-lanzo-una-bateria-de-medidas-para-el-desarrollo-del-sector-turistico\/#primaryimage"},"image":{"@id":"https:\/\/apuntesdesanluis.com\/index.php\/2024\/09\/25\/el-gobierno-lanzo-una-bateria-de-medidas-para-el-desarrollo-del-sector-turistico\/#primaryimage"},"thumbnailUrl":"https:\/\/apuntesdesanluis.com\/wp-content\/uploads\/2024\/09\/poggi-9.png","datePublished":"2024-09-26T01:14:52+00:00","breadcrumb":{"@id":"https:\/\/apuntesdesanluis.com\/index.php\/2024\/09\/25\/el-gobierno-lanzo-una-bateria-de-medidas-para-el-desarrollo-del-sector-turistico\/#breadcrumb"},"inLanguage":"es-AR","potentialAction":[{"@type":"ReadAction","target":["https:\/\/apuntesdesanluis.com\/index.php\/2024\/09\/25\/el-gobierno-lanzo-una-bateria-de-medidas-para-el-desarrollo-del-sector-turistico\/"]}]},{"@type":"ImageObject","inLanguage":"es-AR","@id":"https:\/\/apuntesdesanluis.com\/index.php\/2024\/09\/25\/el-gobierno-lanzo-una-bateria-de-medidas-para-el-desarrollo-del-sector-turistico\/#primaryimage","url":"https:\/\/apuntesdesanluis.com\/wp-content\/uploads\/2024\/09\/poggi-9.png","contentUrl":"https:\/\/apuntesdesanluis.com\/wp-content\/uploads\/2024\/09\/poggi-9.png","width":721,"height":411},{"@type":"BreadcrumbList","@id":"https:\/\/apuntesdesanluis.com\/index.php\/2024\/09\/25\/el-gobierno-lanzo-una-bateria-de-medidas-para-el-desarrollo-del-sector-turistico\/#breadcrumb","itemListElement":[{"@type":"ListItem","position":1,"name":"Inicio","item":"https:\/\/apuntesdesanluis.com\/"},{"@type":"ListItem","position":2,"name":"EL GOBIERNO LANZ\u00d3 UNA BATER\u00cdA DE MEDIDAS PARA EL DESARROLLO DEL SECTOR TUR\u00cdSTICO"}]},{"@type":"WebSite","@id":"https:\/\/apuntesdesanluis.com\/#website","url":"https:\/\/apuntesdesanluis.com\/","name":"Apuntes de San Luis","description":"","publisher":{"@id":"https:\/\/apuntesdesanluis.com\/#\/schema\/person\/b55151d52296fcce64d1a72538a70b90"},"potentialAction":[{"@type":"SearchAction","target":{"@type":"EntryPoint","urlTemplate":"https:\/\/apuntesdesanluis.com\/?s={search_term_string}"},"query-input":{"@type":"PropertyValueSpecification","valueRequired":true,"valueName":"search_term_string"}}],"inLanguage":"es-AR"},{"@type":["Person","Organization"],"@id":"https:\/\/apuntesdesanluis.com\/#\/schema\/person\/b55151d52296fcce64d1a72538a70b90","name":"apuntesdesanluis.com","image":{"@type":"ImageObject","inLanguage":"es-AR","@id":"https:\/\/apuntesdesanluis.com\/#\/schema\/person\/image\/","url":"https:\/\/apuntesdesanluis.com\/wp-content\/uploads\/2023\/07\/cropped-apuntesdesanluis.png","contentUrl":"https:\/\/apuntesdesanluis.com\/wp-content\/uploads\/2023\/07\/cropped-apuntesdesanluis.png","width":450,"height":112,"caption":"apuntesdesanluis.com"},"logo":{"@id":"https:\/\/apuntesdesanluis.com\/#\/schema\/person\/image\/"},"sameAs":["https:\/\/apuntesdesanluis.com"],"url":"https:\/\/apuntesdesanluis.com\/index.php\/author\/apuntesdesanluis-com\/"}]}},"featured_image_urls":{"full":["https:\/\/apuntesdesanluis.com\/wp-content\/uploads\/2024\/09\/poggi-9.png",721,411,false],"thumbnail":["https:\/\/apuntesdesanluis.com\/wp-content\/uploads\/2024\/09\/poggi-9-150x150.png",150,150,true],"medium":["https:\/\/apuntesdesanluis.com\/wp-content\/uploads\/2024\/09\/poggi-9-300x171.png",300,171,true],"medium_large":["https:\/\/apuntesdesanluis.com\/wp-content\/uploads\/2024\/09\/poggi-9.png",640,365,false],"large":["https:\/\/apuntesdesanluis.com\/wp-content\/uploads\/2024\/09\/poggi-9.png",640,365,false],"1536x1536":["https:\/\/apuntesdesanluis.com\/wp-content\/uploads\/2024\/09\/poggi-9.png",721,411,false],"2048x2048":["https:\/\/apuntesdesanluis.com\/wp-content\/uploads\/2024\/09\/poggi-9.png",721,411,false],"newsever-slider-full":["https:\/\/apuntesdesanluis.com\/wp-content\/uploads\/2024\/09\/poggi-9.png",721,411,false],"newsever-featured":["https:\/\/apuntesdesanluis.com\/wp-content\/uploads\/2024\/09\/poggi-9.png",721,411,false],"newsever-medium":["https:\/\/apuntesdesanluis.com\/wp-content\/uploads\/2024\/09\/poggi-9.png",720,410,false]},"author_info":{"display_name":"apuntesdesanluis.com","author_link":"https:\/\/apuntesdesanluis.com\/index.php\/author\/apuntesdesanluis-com\/"},"category_info":"<a href=\"https:\/\/apuntesdesanluis.com\/index.php\/category\/ciudad-provincia\/\" rel=\"category tag\">Ciudad\/Provincia<\/a>","tag_info":"Ciudad\/Provincia","comment_count":"0","_links":{"self":[{"href":"https:\/\/apuntesdesanluis.com\/index.php\/wp-json\/wp\/v2\/posts\/22949","targetHints":{"allow":["GET"]}}],"collection":[{"href":"https:\/\/apuntesdesanluis.com\/index.php\/wp-json\/wp\/v2\/posts"}],"about":[{"href":"https:\/\/apuntesdesanluis.com\/index.php\/wp-json\/wp\/v2\/types\/post"}],"author":[{"embeddable":true,"href":"https:\/\/apuntesdesanluis.com\/index.php\/wp-json\/wp\/v2\/users\/1"}],"replies":[{"embeddable":true,"href":"https:\/\/apuntesdesanluis.com\/index.php\/wp-json\/wp\/v2\/comments?post=22949"}],"version-history":[{"count":1,"href":"https:\/\/apuntesdesanluis.com\/index.php\/wp-json\/wp\/v2\/posts\/22949\/revisions"}],"predecessor-version":[{"id":22954,"href":"https:\/\/apuntesdesanluis.com\/index.php\/wp-json\/wp\/v2\/posts\/22949\/revisions\/22954"}],"wp:featuredmedia":[{"embeddable":true,"href":"https:\/\/apuntesdesanluis.com\/index.php\/wp-json\/wp\/v2\/media\/22950"}],"wp:attachment":[{"href":"https:\/\/apuntesdesanluis.com\/index.php\/wp-json\/wp\/v2\/media?parent=22949"}],"wp:term":[{"taxonomy":"category","embeddable":true,"href":"https:\/\/apuntesdesanluis.com\/index.php\/wp-json\/wp\/v2\/categories?post=22949"},{"taxonomy":"post_tag","embeddable":true,"href":"https:\/\/apuntesdesanluis.com\/index.php\/wp-json\/wp\/v2\/tags?post=22949"}],"curies":[{"name":"wp","href":"https:\/\/api.w.org\/{rel}","templated":true}]}}