{"id":22961,"date":"2024-09-26T11:02:49","date_gmt":"2024-09-26T14:02:49","guid":{"rendered":"https:\/\/apuntesdesanluis.com\/?p=22961"},"modified":"2024-09-26T11:03:59","modified_gmt":"2024-09-26T14:03:59","slug":"continua-en-coma-inducido-la-joven-a-la-que-le-exploto-la-bateria-del-celular","status":"publish","type":"post","link":"https:\/\/apuntesdesanluis.com\/index.php\/2024\/09\/26\/continua-en-coma-inducido-la-joven-a-la-que-le-exploto-la-bateria-del-celular\/","title":{"rendered":"CONTIN\u00daA EN COMA INDUCIDO LA JOVEN A LA QUE LE EXPLOT\u00d3 LA BATER\u00cdA DEL CELULAR"},"content":{"rendered":"<h3>El hecho ocurri\u00f3 este jueves. La v\u00edctima es una joven de 29 a\u00f1os que fue ingresada de urgencia al Hospital Central \u201cRam\u00f3n Carrillo\u201d con grav\u00edsimas quemaduras de tercer grado, que cubren el 30% de su cuerpo.<\/h3>\n<h3>Tambi\u00e9n su hija de 7 a\u00f1os sufri\u00f3 heridas y permanece en la Unidad de Terapia Intensiva para un monitoreo m\u00e1s exhaustivo, porque sufri\u00f3 quemaduras en el rotro y en su mano derecha. Presenta adem\u00e1s un s\u00edndrome inhalatorio debido a la afectaci\u00f3n de las v\u00edas respiratorias por inhalaci\u00f3n de humo.<\/h3>\n<h3>El accidente ocurri\u00f3\u00a0 en el domicilio donde residen madre e hija, en calle Tacuari y 9 de Julio.<\/h3>\n<h3>Seg\u00fan trascendidos, el tel\u00e9fono\u00a0 se encontraba enchufado, carg\u00e1ndose.\u00a0 En esas circunstancias habr\u00eda ocurrido un cortocircuito que produjo el estallido del mismo.<\/h3>\n<h3>Las lesiones de la madre incluyen quemaduras en la v\u00eda a\u00e9rea, una condici\u00f3n cr\u00edtica que oblig\u00f3 al personal m\u00e9dico a tomar medidas extremas, conect\u00e1ndola a asistencia respiratoria mec\u00e1nica.<\/h3>\n<h3>Este jueves a las 10:00 h se dio a conocer un nuevo parte m\u00e9dico de la mujer, quien permanece internada en la Unidad de Terapia Intensiva (UTI) del Hospital Central Dr. Ram\u00f3n Carrillo, en coma inducido y con pron\u00f3stico reservado.<\/h3>\n<p><img fetchpriority=\"high\" decoding=\"async\" class=\"wp-image-22962 aligncenter\" src=\"https:\/\/apuntesdesanluis.com\/wp-content\/uploads\/2024\/09\/en-coma-inducido-300x269.png\" alt=\"\" width=\"658\" height=\"590\" srcset=\"https:\/\/apuntesdesanluis.com\/wp-content\/uploads\/2024\/09\/en-coma-inducido-300x269.png 300w, https:\/\/apuntesdesanluis.com\/wp-content\/uploads\/2024\/09\/en-coma-inducido.png 613w\" sizes=\"(max-width: 658px) 100vw, 658px\" \/><\/p>\n<p>&nbsp;<\/p>\n<p>&nbsp;<\/p>\n<p>&nbsp;<\/p>\n","protected":false},"excerpt":{"rendered":"<p>El hecho ocurri\u00f3 este jueves. La v\u00edctima es una joven de 29 a\u00f1os que fue&#8230;<\/p>\n","protected":false},"author":1,"featured_media":13422,"comment_status":"closed","ping_status":"closed","sticky":false,"template":"","format":"standard","meta":{"footnotes":""},"categories":[6],"tags":[],"class_list":["post-22961","post","type-post","status-publish","format-standard","has-post-thumbnail","hentry","category-ciudad-provincia"],"yoast_head":"<!-- This site is optimized with the Yoast SEO plugin v26.1.1 - https:\/\/yoast.com\/wordpress\/plugins\/seo\/ -->\n<title>CONTIN\u00daA EN COMA INDUCIDO LA JOVEN A LA QUE LE EXPLOT\u00d3 LA BATER\u00cdA DEL CELULAR - Apuntes de San Luis<\/title>\n<meta name=\"robots\" content=\"index, follow, max-snippet:-1, max-image-preview:large, max-video-preview:-1\" \/>\n<link rel=\"canonical\" href=\"https:\/\/apuntesdesanluis.com\/index.php\/2024\/09\/26\/continua-en-coma-inducido-la-joven-a-la-que-le-exploto-la-bateria-del-celular\/\" \/>\n<meta property=\"og:locale\" content=\"es_ES\" \/>\n<meta property=\"og:type\" content=\"article\" \/>\n<meta property=\"og:title\" content=\"CONTIN\u00daA EN COMA INDUCIDO LA JOVEN A LA QUE LE EXPLOT\u00d3 LA BATER\u00cdA DEL CELULAR - Apuntes de San Luis\" \/>\n<meta property=\"og:description\" content=\"El hecho ocurri\u00f3 este jueves. La v\u00edctima es una joven de 29 a\u00f1os que fue...\" \/>\n<meta property=\"og:url\" content=\"https:\/\/apuntesdesanluis.com\/index.php\/2024\/09\/26\/continua-en-coma-inducido-la-joven-a-la-que-le-exploto-la-bateria-del-celular\/\" \/>\n<meta property=\"og:site_name\" content=\"Apuntes de San Luis\" \/>\n<meta property=\"article:published_time\" content=\"2024-09-26T14:02:49+00:00\" \/>\n<meta property=\"article:modified_time\" content=\"2024-09-26T14:03:59+00:00\" \/>\n<meta property=\"og:image\" content=\"https:\/\/apuntesdesanluis.com\/wp-content\/uploads\/2024\/03\/HOSPITAL-RAMON-CARRILLO.jpg\" \/>\n\t<meta property=\"og:image:width\" content=\"597\" \/>\n\t<meta property=\"og:image:height\" content=\"330\" \/>\n\t<meta property=\"og:image:type\" content=\"image\/jpeg\" \/>\n<meta name=\"author\" content=\"apuntesdesanluis.com\" \/>\n<meta name=\"twitter:card\" content=\"summary_large_image\" \/>\n<meta name=\"twitter:label1\" content=\"Escrito por\" \/>\n\t<meta name=\"twitter:data1\" content=\"apuntesdesanluis.com\" \/>\n\t<meta name=\"twitter:label2\" content=\"Tiempo de lectura\" \/>\n\t<meta name=\"twitter:data2\" content=\"2 minutos\" \/>\n<script type=\"application\/ld+json\" class=\"yoast-schema-graph\">{\"@context\":\"https:\/\/schema.org\",\"@graph\":[{\"@type\":\"Article\",\"@id\":\"https:\/\/apuntesdesanluis.com\/index.php\/2024\/09\/26\/continua-en-coma-inducido-la-joven-a-la-que-le-exploto-la-bateria-del-celular\/#article\",\"isPartOf\":{\"@id\":\"https:\/\/apuntesdesanluis.com\/index.php\/2024\/09\/26\/continua-en-coma-inducido-la-joven-a-la-que-le-exploto-la-bateria-del-celular\/\"},\"author\":{\"name\":\"apuntesdesanluis.com\",\"@id\":\"https:\/\/apuntesdesanluis.com\/#\/schema\/person\/b55151d52296fcce64d1a72538a70b90\"},\"headline\":\"CONTIN\u00daA EN COMA INDUCIDO LA JOVEN A LA QUE LE EXPLOT\u00d3 LA BATER\u00cdA DEL CELULAR\",\"datePublished\":\"2024-09-26T14:02:49+00:00\",\"dateModified\":\"2024-09-26T14:03:59+00:00\",\"mainEntityOfPage\":{\"@id\":\"https:\/\/apuntesdesanluis.com\/index.php\/2024\/09\/26\/continua-en-coma-inducido-la-joven-a-la-que-le-exploto-la-bateria-del-celular\/\"},\"wordCount\":233,\"publisher\":{\"@id\":\"https:\/\/apuntesdesanluis.com\/#\/schema\/person\/b55151d52296fcce64d1a72538a70b90\"},\"image\":{\"@id\":\"https:\/\/apuntesdesanluis.com\/index.php\/2024\/09\/26\/continua-en-coma-inducido-la-joven-a-la-que-le-exploto-la-bateria-del-celular\/#primaryimage\"},\"thumbnailUrl\":\"https:\/\/apuntesdesanluis.com\/wp-content\/uploads\/2024\/03\/HOSPITAL-RAMON-CARRILLO.jpg\",\"articleSection\":[\"Ciudad\/Provincia\"],\"inLanguage\":\"es-AR\"},{\"@type\":\"WebPage\",\"@id\":\"https:\/\/apuntesdesanluis.com\/index.php\/2024\/09\/26\/continua-en-coma-inducido-la-joven-a-la-que-le-exploto-la-bateria-del-celular\/\",\"url\":\"https:\/\/apuntesdesanluis.com\/index.php\/2024\/09\/26\/continua-en-coma-inducido-la-joven-a-la-que-le-exploto-la-bateria-del-celular\/\",\"name\":\"CONTIN\u00daA EN COMA INDUCIDO LA JOVEN A LA QUE LE EXPLOT\u00d3 LA BATER\u00cdA DEL CELULAR - Apuntes de San Luis\",\"isPartOf\":{\"@id\":\"https:\/\/apuntesdesanluis.com\/#website\"},\"primaryImageOfPage\":{\"@id\":\"https:\/\/apuntesdesanluis.com\/index.php\/2024\/09\/26\/continua-en-coma-inducido-la-joven-a-la-que-le-exploto-la-bateria-del-celular\/#primaryimage\"},\"image\":{\"@id\":\"https:\/\/apuntesdesanluis.com\/index.php\/2024\/09\/26\/continua-en-coma-inducido-la-joven-a-la-que-le-exploto-la-bateria-del-celular\/#primaryimage\"},\"thumbnailUrl\":\"https:\/\/apuntesdesanluis.com\/wp-content\/uploads\/2024\/03\/HOSPITAL-RAMON-CARRILLO.jpg\",\"datePublished\":\"2024-09-26T14:02:49+00:00\",\"dateModified\":\"2024-09-26T14:03:59+00:00\",\"breadcrumb\":{\"@id\":\"https:\/\/apuntesdesanluis.com\/index.php\/2024\/09\/26\/continua-en-coma-inducido-la-joven-a-la-que-le-exploto-la-bateria-del-celular\/#breadcrumb\"},\"inLanguage\":\"es-AR\",\"potentialAction\":[{\"@type\":\"ReadAction\",\"target\":[\"https:\/\/apuntesdesanluis.com\/index.php\/2024\/09\/26\/continua-en-coma-inducido-la-joven-a-la-que-le-exploto-la-bateria-del-celular\/\"]}]},{\"@type\":\"ImageObject\",\"inLanguage\":\"es-AR\",\"@id\":\"https:\/\/apuntesdesanluis.com\/index.php\/2024\/09\/26\/continua-en-coma-inducido-la-joven-a-la-que-le-exploto-la-bateria-del-celular\/#primaryimage\",\"url\":\"https:\/\/apuntesdesanluis.com\/wp-content\/uploads\/2024\/03\/HOSPITAL-RAMON-CARRILLO.jpg\",\"contentUrl\":\"https:\/\/apuntesdesanluis.com\/wp-content\/uploads\/2024\/03\/HOSPITAL-RAMON-CARRILLO.jpg\",\"width\":597,\"height\":330},{\"@type\":\"BreadcrumbList\",\"@id\":\"https:\/\/apuntesdesanluis.com\/index.php\/2024\/09\/26\/continua-en-coma-inducido-la-joven-a-la-que-le-exploto-la-bateria-del-celular\/#breadcrumb\",\"itemListElement\":[{\"@type\":\"ListItem\",\"position\":1,\"name\":\"Inicio\",\"item\":\"https:\/\/apuntesdesanluis.com\/\"},{\"@type\":\"ListItem\",\"position\":2,\"name\":\"CONTIN\u00daA EN COMA INDUCIDO LA JOVEN A LA QUE LE EXPLOT\u00d3 LA BATER\u00cdA DEL CELULAR\"}]},{\"@type\":\"WebSite\",\"@id\":\"https:\/\/apuntesdesanluis.com\/#website\",\"url\":\"https:\/\/apuntesdesanluis.com\/\",\"name\":\"Apuntes de San Luis\",\"description\":\"\",\"publisher\":{\"@id\":\"https:\/\/apuntesdesanluis.com\/#\/schema\/person\/b55151d52296fcce64d1a72538a70b90\"},\"potentialAction\":[{\"@type\":\"SearchAction\",\"target\":{\"@type\":\"EntryPoint\",\"urlTemplate\":\"https:\/\/apuntesdesanluis.com\/?s={search_term_string}\"},\"query-input\":{\"@type\":\"PropertyValueSpecification\",\"valueRequired\":true,\"valueName\":\"search_term_string\"}}],\"inLanguage\":\"es-AR\"},{\"@type\":[\"Person\",\"Organization\"],\"@id\":\"https:\/\/apuntesdesanluis.com\/#\/schema\/person\/b55151d52296fcce64d1a72538a70b90\",\"name\":\"apuntesdesanluis.com\",\"image\":{\"@type\":\"ImageObject\",\"inLanguage\":\"es-AR\",\"@id\":\"https:\/\/apuntesdesanluis.com\/#\/schema\/person\/image\/\",\"url\":\"https:\/\/apuntesdesanluis.com\/wp-content\/uploads\/2023\/07\/cropped-apuntesdesanluis.png\",\"contentUrl\":\"https:\/\/apuntesdesanluis.com\/wp-content\/uploads\/2023\/07\/cropped-apuntesdesanluis.png\",\"width\":450,\"height\":112,\"caption\":\"apuntesdesanluis.com\"},\"logo\":{\"@id\":\"https:\/\/apuntesdesanluis.com\/#\/schema\/person\/image\/\"},\"sameAs\":[\"https:\/\/apuntesdesanluis.com\"],\"url\":\"https:\/\/apuntesdesanluis.com\/index.php\/author\/apuntesdesanluis-com\/\"}]}<\/script>\n<!-- \/ Yoast SEO plugin. -->","yoast_head_json":{"title":"CONTIN\u00daA EN COMA INDUCIDO LA JOVEN A LA QUE LE EXPLOT\u00d3 LA BATER\u00cdA DEL CELULAR - Apuntes de San Luis","robots":{"index":"index","follow":"follow","max-snippet":"max-snippet:-1","max-image-preview":"max-image-preview:large","max-video-preview":"max-video-preview:-1"},"canonical":"https:\/\/apuntesdesanluis.com\/index.php\/2024\/09\/26\/continua-en-coma-inducido-la-joven-a-la-que-le-exploto-la-bateria-del-celular\/","og_locale":"es_ES","og_type":"article","og_title":"CONTIN\u00daA EN COMA INDUCIDO LA JOVEN A LA QUE LE EXPLOT\u00d3 LA BATER\u00cdA DEL CELULAR - Apuntes de San Luis","og_description":"El hecho ocurri\u00f3 este jueves. La v\u00edctima es una joven de 29 a\u00f1os que fue...","og_url":"https:\/\/apuntesdesanluis.com\/index.php\/2024\/09\/26\/continua-en-coma-inducido-la-joven-a-la-que-le-exploto-la-bateria-del-celular\/","og_site_name":"Apuntes de San Luis","article_published_time":"2024-09-26T14:02:49+00:00","article_modified_time":"2024-09-26T14:03:59+00:00","og_image":[{"width":597,"height":330,"url":"https:\/\/apuntesdesanluis.com\/wp-content\/uploads\/2024\/03\/HOSPITAL-RAMON-CARRILLO.jpg","type":"image\/jpeg"}],"author":"apuntesdesanluis.com","twitter_card":"summary_large_image","twitter_misc":{"Escrito por":"apuntesdesanluis.com","Tiempo de lectura":"2 minutos"},"schema":{"@context":"https:\/\/schema.org","@graph":[{"@type":"Article","@id":"https:\/\/apuntesdesanluis.com\/index.php\/2024\/09\/26\/continua-en-coma-inducido-la-joven-a-la-que-le-exploto-la-bateria-del-celular\/#article","isPartOf":{"@id":"https:\/\/apuntesdesanluis.com\/index.php\/2024\/09\/26\/continua-en-coma-inducido-la-joven-a-la-que-le-exploto-la-bateria-del-celular\/"},"author":{"name":"apuntesdesanluis.com","@id":"https:\/\/apuntesdesanluis.com\/#\/schema\/person\/b55151d52296fcce64d1a72538a70b90"},"headline":"CONTIN\u00daA EN COMA INDUCIDO LA JOVEN A LA QUE LE EXPLOT\u00d3 LA BATER\u00cdA DEL CELULAR","datePublished":"2024-09-26T14:02:49+00:00","dateModified":"2024-09-26T14:03:59+00:00","mainEntityOfPage":{"@id":"https:\/\/apuntesdesanluis.com\/index.php\/2024\/09\/26\/continua-en-coma-inducido-la-joven-a-la-que-le-exploto-la-bateria-del-celular\/"},"wordCount":233,"publisher":{"@id":"https:\/\/apuntesdesanluis.com\/#\/schema\/person\/b55151d52296fcce64d1a72538a70b90"},"image":{"@id":"https:\/\/apuntesdesanluis.com\/index.php\/2024\/09\/26\/continua-en-coma-inducido-la-joven-a-la-que-le-exploto-la-bateria-del-celular\/#primaryimage"},"thumbnailUrl":"https:\/\/apuntesdesanluis.com\/wp-content\/uploads\/2024\/03\/HOSPITAL-RAMON-CARRILLO.jpg","articleSection":["Ciudad\/Provincia"],"inLanguage":"es-AR"},{"@type":"WebPage","@id":"https:\/\/apuntesdesanluis.com\/index.php\/2024\/09\/26\/continua-en-coma-inducido-la-joven-a-la-que-le-exploto-la-bateria-del-celular\/","url":"https:\/\/apuntesdesanluis.com\/index.php\/2024\/09\/26\/continua-en-coma-inducido-la-joven-a-la-que-le-exploto-la-bateria-del-celular\/","name":"CONTIN\u00daA EN COMA INDUCIDO LA JOVEN A LA QUE LE EXPLOT\u00d3 LA BATER\u00cdA DEL CELULAR - Apuntes de San Luis","isPartOf":{"@id":"https:\/\/apuntesdesanluis.com\/#website"},"primaryImageOfPage":{"@id":"https:\/\/apuntesdesanluis.com\/index.php\/2024\/09\/26\/continua-en-coma-inducido-la-joven-a-la-que-le-exploto-la-bateria-del-celular\/#primaryimage"},"image":{"@id":"https:\/\/apuntesdesanluis.com\/index.php\/2024\/09\/26\/continua-en-coma-inducido-la-joven-a-la-que-le-exploto-la-bateria-del-celular\/#primaryimage"},"thumbnailUrl":"https:\/\/apuntesdesanluis.com\/wp-content\/uploads\/2024\/03\/HOSPITAL-RAMON-CARRILLO.jpg","datePublished":"2024-09-26T14:02:49+00:00","dateModified":"2024-09-26T14:03:59+00:00","breadcrumb":{"@id":"https:\/\/apuntesdesanluis.com\/index.php\/2024\/09\/26\/continua-en-coma-inducido-la-joven-a-la-que-le-exploto-la-bateria-del-celular\/#breadcrumb"},"inLanguage":"es-AR","potentialAction":[{"@type":"ReadAction","target":["https:\/\/apuntesdesanluis.com\/index.php\/2024\/09\/26\/continua-en-coma-inducido-la-joven-a-la-que-le-exploto-la-bateria-del-celular\/"]}]},{"@type":"ImageObject","inLanguage":"es-AR","@id":"https:\/\/apuntesdesanluis.com\/index.php\/2024\/09\/26\/continua-en-coma-inducido-la-joven-a-la-que-le-exploto-la-bateria-del-celular\/#primaryimage","url":"https:\/\/apuntesdesanluis.com\/wp-content\/uploads\/2024\/03\/HOSPITAL-RAMON-CARRILLO.jpg","contentUrl":"https:\/\/apuntesdesanluis.com\/wp-content\/uploads\/2024\/03\/HOSPITAL-RAMON-CARRILLO.jpg","width":597,"height":330},{"@type":"BreadcrumbList","@id":"https:\/\/apuntesdesanluis.com\/index.php\/2024\/09\/26\/continua-en-coma-inducido-la-joven-a-la-que-le-exploto-la-bateria-del-celular\/#breadcrumb","itemListElement":[{"@type":"ListItem","position":1,"name":"Inicio","item":"https:\/\/apuntesdesanluis.com\/"},{"@type":"ListItem","position":2,"name":"CONTIN\u00daA EN COMA INDUCIDO LA JOVEN A LA QUE LE EXPLOT\u00d3 LA BATER\u00cdA DEL CELULAR"}]},{"@type":"WebSite","@id":"https:\/\/apuntesdesanluis.com\/#website","url":"https:\/\/apuntesdesanluis.com\/","name":"Apuntes de San Luis","description":"","publisher":{"@id":"https:\/\/apuntesdesanluis.com\/#\/schema\/person\/b55151d52296fcce64d1a72538a70b90"},"potentialAction":[{"@type":"SearchAction","target":{"@type":"EntryPoint","urlTemplate":"https:\/\/apuntesdesanluis.com\/?s={search_term_string}"},"query-input":{"@type":"PropertyValueSpecification","valueRequired":true,"valueName":"search_term_string"}}],"inLanguage":"es-AR"},{"@type":["Person","Organization"],"@id":"https:\/\/apuntesdesanluis.com\/#\/schema\/person\/b55151d52296fcce64d1a72538a70b90","name":"apuntesdesanluis.com","image":{"@type":"ImageObject","inLanguage":"es-AR","@id":"https:\/\/apuntesdesanluis.com\/#\/schema\/person\/image\/","url":"https:\/\/apuntesdesanluis.com\/wp-content\/uploads\/2023\/07\/cropped-apuntesdesanluis.png","contentUrl":"https:\/\/apuntesdesanluis.com\/wp-content\/uploads\/2023\/07\/cropped-apuntesdesanluis.png","width":450,"height":112,"caption":"apuntesdesanluis.com"},"logo":{"@id":"https:\/\/apuntesdesanluis.com\/#\/schema\/person\/image\/"},"sameAs":["https:\/\/apuntesdesanluis.com"],"url":"https:\/\/apuntesdesanluis.com\/index.php\/author\/apuntesdesanluis-com\/"}]}},"featured_image_urls":{"full":["https:\/\/apuntesdesanluis.com\/wp-content\/uploads\/2024\/03\/HOSPITAL-RAMON-CARRILLO.jpg",597,330,false],"thumbnail":["https:\/\/apuntesdesanluis.com\/wp-content\/uploads\/2024\/03\/HOSPITAL-RAMON-CARRILLO-150x150.jpg",150,150,true],"medium":["https:\/\/apuntesdesanluis.com\/wp-content\/uploads\/2024\/03\/HOSPITAL-RAMON-CARRILLO-300x166.jpg",300,166,true],"medium_large":["https:\/\/apuntesdesanluis.com\/wp-content\/uploads\/2024\/03\/HOSPITAL-RAMON-CARRILLO.jpg",597,330,false],"large":["https:\/\/apuntesdesanluis.com\/wp-content\/uploads\/2024\/03\/HOSPITAL-RAMON-CARRILLO.jpg",597,330,false],"1536x1536":["https:\/\/apuntesdesanluis.com\/wp-content\/uploads\/2024\/03\/HOSPITAL-RAMON-CARRILLO.jpg",597,330,false],"2048x2048":["https:\/\/apuntesdesanluis.com\/wp-content\/uploads\/2024\/03\/HOSPITAL-RAMON-CARRILLO.jpg",597,330,false],"newsever-slider-full":["https:\/\/apuntesdesanluis.com\/wp-content\/uploads\/2024\/03\/HOSPITAL-RAMON-CARRILLO.jpg",597,330,false],"newsever-featured":["https:\/\/apuntesdesanluis.com\/wp-content\/uploads\/2024\/03\/HOSPITAL-RAMON-CARRILLO.jpg",597,330,false],"newsever-medium":["https:\/\/apuntesdesanluis.com\/wp-content\/uploads\/2024\/03\/HOSPITAL-RAMON-CARRILLO.jpg",597,330,false]},"author_info":{"display_name":"apuntesdesanluis.com","author_link":"https:\/\/apuntesdesanluis.com\/index.php\/author\/apuntesdesanluis-com\/"},"category_info":"<a href=\"https:\/\/apuntesdesanluis.com\/index.php\/category\/ciudad-provincia\/\" rel=\"category tag\">Ciudad\/Provincia<\/a>","tag_info":"Ciudad\/Provincia","comment_count":"0","_links":{"self":[{"href":"https:\/\/apuntesdesanluis.com\/index.php\/wp-json\/wp\/v2\/posts\/22961","targetHints":{"allow":["GET"]}}],"collection":[{"href":"https:\/\/apuntesdesanluis.com\/index.php\/wp-json\/wp\/v2\/posts"}],"about":[{"href":"https:\/\/apuntesdesanluis.com\/index.php\/wp-json\/wp\/v2\/types\/post"}],"author":[{"embeddable":true,"href":"https:\/\/apuntesdesanluis.com\/index.php\/wp-json\/wp\/v2\/users\/1"}],"replies":[{"embeddable":true,"href":"https:\/\/apuntesdesanluis.com\/index.php\/wp-json\/wp\/v2\/comments?post=22961"}],"version-history":[{"count":2,"href":"https:\/\/apuntesdesanluis.com\/index.php\/wp-json\/wp\/v2\/posts\/22961\/revisions"}],"predecessor-version":[{"id":22964,"href":"https:\/\/apuntesdesanluis.com\/index.php\/wp-json\/wp\/v2\/posts\/22961\/revisions\/22964"}],"wp:featuredmedia":[{"embeddable":true,"href":"https:\/\/apuntesdesanluis.com\/index.php\/wp-json\/wp\/v2\/media\/13422"}],"wp:attachment":[{"href":"https:\/\/apuntesdesanluis.com\/index.php\/wp-json\/wp\/v2\/media?parent=22961"}],"wp:term":[{"taxonomy":"category","embeddable":true,"href":"https:\/\/apuntesdesanluis.com\/index.php\/wp-json\/wp\/v2\/categories?post=22961"},{"taxonomy":"post_tag","embeddable":true,"href":"https:\/\/apuntesdesanluis.com\/index.php\/wp-json\/wp\/v2\/tags?post=22961"}],"curies":[{"name":"wp","href":"https:\/\/api.w.org\/{rel}","templated":true}]}}