{"id":22965,"date":"2024-09-26T17:12:19","date_gmt":"2024-09-26T20:12:19","guid":{"rendered":"https:\/\/apuntesdesanluis.com\/?p=22965"},"modified":"2024-09-26T20:31:31","modified_gmt":"2024-09-26T23:31:31","slug":"la-upro-abre-sus-puertas-a-la-comunidad-y-ya-suma-mas-de-8-mil-preinscriptos","status":"publish","type":"post","link":"https:\/\/apuntesdesanluis.com\/index.php\/2024\/09\/26\/la-upro-abre-sus-puertas-a-la-comunidad-y-ya-suma-mas-de-8-mil-preinscriptos\/","title":{"rendered":"LA UPRO ABRE SUS PUERTAS A LA COMUNIDAD Y YA SUMA M\u00c1S DE 8 MIL PREINSCRIPTOS"},"content":{"rendered":"<h3>La universidad invita a la comunidad a conocer su oferta acad\u00e9mica y realizar consultas en sus sedes. Las preinscripciones estar\u00e1n abiertas de manera online hasta el domingo 29 de septiembre.<\/h3>\n<h3><strong>Rudy C\u00e1mera<\/strong>, rector de la Universidad Provincial de Oficios se refiri\u00f3 al \u2018UPrO Day\u2019, que son jornadas de puertas abiertas en todas sus sedes provinciales para que la comunidad y futuros alumnos conozcan los talleres, espacios y oferta acad\u00e9mica disponible para 2025.<\/h3>\n<h3>\u201cAbrimos las puertas para que la comunidad, los potenciales alumnos, se acerquen a conocer los talleres, los espacios de la universidad y por sobre todas las cosas, la oferta acad\u00e9mica que tenemos disponible a partir de 2025. Estas jornadas se desarrollar\u00e1n varios d\u00edas en diferentes localidades\u201d, dijo el rector.<\/h3>\n<p><img fetchpriority=\"high\" decoding=\"async\" class=\"wp-image-22966 aligncenter\" src=\"https:\/\/apuntesdesanluis.com\/wp-content\/uploads\/2024\/09\/rudy-camera-300x203.png\" alt=\"\" width=\"604\" height=\"409\" srcset=\"https:\/\/apuntesdesanluis.com\/wp-content\/uploads\/2024\/09\/rudy-camera-300x203.png 300w, https:\/\/apuntesdesanluis.com\/wp-content\/uploads\/2024\/09\/rudy-camera.png 655w\" sizes=\"(max-width: 604px) 100vw, 604px\" \/><\/p>\n<h3>Seg\u00fan el rector Rudy C\u00e1mera, se cumplieron las expectativas con m\u00e1s de 8.000 preinscriptos, superando el inicio de clases del a\u00f1o en curso. El promedio de edad de los futuros alumnos es de 32 a\u00f1os, y m\u00e1s de la mitad ya tiene terminado el secundario.<\/h3>\n<h3>La oferta acad\u00e9mica est\u00e1 disponible en <span style=\"color: #3366ff;\"><a style=\"color: #3366ff;\" href=\"https:\/\/uprosanluis.edu.ar\/\">https:\/\/uprosanluis.edu.ar\/<\/a><\/span> y las preinscripciones se realizar\u00e1n hasta el 29 de septiembre, o sea hasta el domingo a la noche, de manera online, y luego deben confirmar su inscripci\u00f3n de manera presencial en la sede que les quede m\u00e1s cercana.<\/h3>\n<h3>Las carreras relacionadas con la cocina son las m\u00e1s elegidas, aunque el sector productivo requiere otras formaciones prioritarias. La UPrO ofrece becas de estudio y comedor para estas carreras clave.<\/h3>\n<h3>\u201cEn base a todo el estudio que hemos realizado con el ministerio de Desarrollo Productivo, con los consejos consultivos del \u00e1rea de vinculaci\u00f3n productiva de la UPrO, empezamos a realizar una mayor difusi\u00f3n, o mejor dicho, a elegir las carreras prioritarias que el sector productivo necesita\u201d, agreg\u00f3 C\u00e1mera.<\/h3>\n<h3>Un 30% de los preinscriptos recibe beneficios sociales, como becas de j\u00f3venes en formaci\u00f3n o planes de inclusi\u00f3n laboral.<\/h3>\n<p>&nbsp;<\/p>\n<p>&nbsp;<\/p>\n<p>&nbsp;<\/p>\n<p>&nbsp;<\/p>\n","protected":false},"excerpt":{"rendered":"<p>La universidad invita a la comunidad a conocer su oferta acad\u00e9mica y realizar consultas en&#8230;<\/p>\n","protected":false},"author":1,"featured_media":420,"comment_status":"closed","ping_status":"closed","sticky":false,"template":"","format":"standard","meta":{"footnotes":""},"categories":[6],"tags":[],"class_list":["post-22965","post","type-post","status-publish","format-standard","has-post-thumbnail","hentry","category-ciudad-provincia"],"yoast_head":"<!-- This site is optimized with the Yoast SEO plugin v26.1.1 - https:\/\/yoast.com\/wordpress\/plugins\/seo\/ -->\n<title>LA UPRO ABRE SUS PUERTAS A LA COMUNIDAD Y YA SUMA M\u00c1S DE 8 MIL PREINSCRIPTOS - Apuntes de San Luis<\/title>\n<meta name=\"robots\" content=\"index, follow, max-snippet:-1, max-image-preview:large, max-video-preview:-1\" \/>\n<link rel=\"canonical\" href=\"https:\/\/apuntesdesanluis.com\/index.php\/2024\/09\/26\/la-upro-abre-sus-puertas-a-la-comunidad-y-ya-suma-mas-de-8-mil-preinscriptos\/\" \/>\n<meta property=\"og:locale\" content=\"es_ES\" \/>\n<meta property=\"og:type\" content=\"article\" \/>\n<meta property=\"og:title\" content=\"LA UPRO ABRE SUS PUERTAS A LA COMUNIDAD Y YA SUMA M\u00c1S DE 8 MIL PREINSCRIPTOS - Apuntes de San Luis\" \/>\n<meta property=\"og:description\" content=\"La universidad invita a la comunidad a conocer su oferta acad\u00e9mica y realizar consultas en...\" \/>\n<meta property=\"og:url\" content=\"https:\/\/apuntesdesanluis.com\/index.php\/2024\/09\/26\/la-upro-abre-sus-puertas-a-la-comunidad-y-ya-suma-mas-de-8-mil-preinscriptos\/\" \/>\n<meta property=\"og:site_name\" content=\"Apuntes de San Luis\" \/>\n<meta property=\"article:published_time\" content=\"2024-09-26T20:12:19+00:00\" \/>\n<meta property=\"article:modified_time\" content=\"2024-09-26T23:31:31+00:00\" \/>\n<meta property=\"og:image\" content=\"https:\/\/apuntesdesanluis.com\/wp-content\/uploads\/2023\/07\/upro.png\" \/>\n\t<meta property=\"og:image:width\" content=\"600\" \/>\n\t<meta property=\"og:image:height\" content=\"396\" \/>\n\t<meta property=\"og:image:type\" content=\"image\/png\" \/>\n<meta name=\"author\" content=\"apuntesdesanluis.com\" \/>\n<meta name=\"twitter:card\" content=\"summary_large_image\" \/>\n<meta name=\"twitter:label1\" content=\"Escrito por\" \/>\n\t<meta name=\"twitter:data1\" content=\"apuntesdesanluis.com\" \/>\n\t<meta name=\"twitter:label2\" content=\"Tiempo de lectura\" \/>\n\t<meta name=\"twitter:data2\" content=\"2 minutos\" \/>\n<script type=\"application\/ld+json\" class=\"yoast-schema-graph\">{\"@context\":\"https:\/\/schema.org\",\"@graph\":[{\"@type\":\"Article\",\"@id\":\"https:\/\/apuntesdesanluis.com\/index.php\/2024\/09\/26\/la-upro-abre-sus-puertas-a-la-comunidad-y-ya-suma-mas-de-8-mil-preinscriptos\/#article\",\"isPartOf\":{\"@id\":\"https:\/\/apuntesdesanluis.com\/index.php\/2024\/09\/26\/la-upro-abre-sus-puertas-a-la-comunidad-y-ya-suma-mas-de-8-mil-preinscriptos\/\"},\"author\":{\"name\":\"apuntesdesanluis.com\",\"@id\":\"https:\/\/apuntesdesanluis.com\/#\/schema\/person\/b55151d52296fcce64d1a72538a70b90\"},\"headline\":\"LA UPRO ABRE SUS PUERTAS A LA COMUNIDAD Y YA SUMA M\u00c1S DE 8 MIL PREINSCRIPTOS\",\"datePublished\":\"2024-09-26T20:12:19+00:00\",\"dateModified\":\"2024-09-26T23:31:31+00:00\",\"mainEntityOfPage\":{\"@id\":\"https:\/\/apuntesdesanluis.com\/index.php\/2024\/09\/26\/la-upro-abre-sus-puertas-a-la-comunidad-y-ya-suma-mas-de-8-mil-preinscriptos\/\"},\"wordCount\":348,\"publisher\":{\"@id\":\"https:\/\/apuntesdesanluis.com\/#\/schema\/person\/b55151d52296fcce64d1a72538a70b90\"},\"image\":{\"@id\":\"https:\/\/apuntesdesanluis.com\/index.php\/2024\/09\/26\/la-upro-abre-sus-puertas-a-la-comunidad-y-ya-suma-mas-de-8-mil-preinscriptos\/#primaryimage\"},\"thumbnailUrl\":\"https:\/\/apuntesdesanluis.com\/wp-content\/uploads\/2023\/07\/upro.png\",\"articleSection\":[\"Ciudad\/Provincia\"],\"inLanguage\":\"es-AR\"},{\"@type\":\"WebPage\",\"@id\":\"https:\/\/apuntesdesanluis.com\/index.php\/2024\/09\/26\/la-upro-abre-sus-puertas-a-la-comunidad-y-ya-suma-mas-de-8-mil-preinscriptos\/\",\"url\":\"https:\/\/apuntesdesanluis.com\/index.php\/2024\/09\/26\/la-upro-abre-sus-puertas-a-la-comunidad-y-ya-suma-mas-de-8-mil-preinscriptos\/\",\"name\":\"LA UPRO ABRE SUS PUERTAS A LA COMUNIDAD Y YA SUMA M\u00c1S DE 8 MIL PREINSCRIPTOS - Apuntes de San Luis\",\"isPartOf\":{\"@id\":\"https:\/\/apuntesdesanluis.com\/#website\"},\"primaryImageOfPage\":{\"@id\":\"https:\/\/apuntesdesanluis.com\/index.php\/2024\/09\/26\/la-upro-abre-sus-puertas-a-la-comunidad-y-ya-suma-mas-de-8-mil-preinscriptos\/#primaryimage\"},\"image\":{\"@id\":\"https:\/\/apuntesdesanluis.com\/index.php\/2024\/09\/26\/la-upro-abre-sus-puertas-a-la-comunidad-y-ya-suma-mas-de-8-mil-preinscriptos\/#primaryimage\"},\"thumbnailUrl\":\"https:\/\/apuntesdesanluis.com\/wp-content\/uploads\/2023\/07\/upro.png\",\"datePublished\":\"2024-09-26T20:12:19+00:00\",\"dateModified\":\"2024-09-26T23:31:31+00:00\",\"breadcrumb\":{\"@id\":\"https:\/\/apuntesdesanluis.com\/index.php\/2024\/09\/26\/la-upro-abre-sus-puertas-a-la-comunidad-y-ya-suma-mas-de-8-mil-preinscriptos\/#breadcrumb\"},\"inLanguage\":\"es-AR\",\"potentialAction\":[{\"@type\":\"ReadAction\",\"target\":[\"https:\/\/apuntesdesanluis.com\/index.php\/2024\/09\/26\/la-upro-abre-sus-puertas-a-la-comunidad-y-ya-suma-mas-de-8-mil-preinscriptos\/\"]}]},{\"@type\":\"ImageObject\",\"inLanguage\":\"es-AR\",\"@id\":\"https:\/\/apuntesdesanluis.com\/index.php\/2024\/09\/26\/la-upro-abre-sus-puertas-a-la-comunidad-y-ya-suma-mas-de-8-mil-preinscriptos\/#primaryimage\",\"url\":\"https:\/\/apuntesdesanluis.com\/wp-content\/uploads\/2023\/07\/upro.png\",\"contentUrl\":\"https:\/\/apuntesdesanluis.com\/wp-content\/uploads\/2023\/07\/upro.png\",\"width\":600,\"height\":396},{\"@type\":\"BreadcrumbList\",\"@id\":\"https:\/\/apuntesdesanluis.com\/index.php\/2024\/09\/26\/la-upro-abre-sus-puertas-a-la-comunidad-y-ya-suma-mas-de-8-mil-preinscriptos\/#breadcrumb\",\"itemListElement\":[{\"@type\":\"ListItem\",\"position\":1,\"name\":\"Inicio\",\"item\":\"https:\/\/apuntesdesanluis.com\/\"},{\"@type\":\"ListItem\",\"position\":2,\"name\":\"LA UPRO ABRE SUS PUERTAS A LA COMUNIDAD Y YA SUMA M\u00c1S DE 8 MIL PREINSCRIPTOS\"}]},{\"@type\":\"WebSite\",\"@id\":\"https:\/\/apuntesdesanluis.com\/#website\",\"url\":\"https:\/\/apuntesdesanluis.com\/\",\"name\":\"Apuntes de San Luis\",\"description\":\"\",\"publisher\":{\"@id\":\"https:\/\/apuntesdesanluis.com\/#\/schema\/person\/b55151d52296fcce64d1a72538a70b90\"},\"potentialAction\":[{\"@type\":\"SearchAction\",\"target\":{\"@type\":\"EntryPoint\",\"urlTemplate\":\"https:\/\/apuntesdesanluis.com\/?s={search_term_string}\"},\"query-input\":{\"@type\":\"PropertyValueSpecification\",\"valueRequired\":true,\"valueName\":\"search_term_string\"}}],\"inLanguage\":\"es-AR\"},{\"@type\":[\"Person\",\"Organization\"],\"@id\":\"https:\/\/apuntesdesanluis.com\/#\/schema\/person\/b55151d52296fcce64d1a72538a70b90\",\"name\":\"apuntesdesanluis.com\",\"image\":{\"@type\":\"ImageObject\",\"inLanguage\":\"es-AR\",\"@id\":\"https:\/\/apuntesdesanluis.com\/#\/schema\/person\/image\/\",\"url\":\"https:\/\/apuntesdesanluis.com\/wp-content\/uploads\/2023\/07\/cropped-apuntesdesanluis.png\",\"contentUrl\":\"https:\/\/apuntesdesanluis.com\/wp-content\/uploads\/2023\/07\/cropped-apuntesdesanluis.png\",\"width\":450,\"height\":112,\"caption\":\"apuntesdesanluis.com\"},\"logo\":{\"@id\":\"https:\/\/apuntesdesanluis.com\/#\/schema\/person\/image\/\"},\"sameAs\":[\"https:\/\/apuntesdesanluis.com\"],\"url\":\"https:\/\/apuntesdesanluis.com\/index.php\/author\/apuntesdesanluis-com\/\"}]}<\/script>\n<!-- \/ Yoast SEO plugin. -->","yoast_head_json":{"title":"LA UPRO ABRE SUS PUERTAS A LA COMUNIDAD Y YA SUMA M\u00c1S DE 8 MIL PREINSCRIPTOS - Apuntes de San Luis","robots":{"index":"index","follow":"follow","max-snippet":"max-snippet:-1","max-image-preview":"max-image-preview:large","max-video-preview":"max-video-preview:-1"},"canonical":"https:\/\/apuntesdesanluis.com\/index.php\/2024\/09\/26\/la-upro-abre-sus-puertas-a-la-comunidad-y-ya-suma-mas-de-8-mil-preinscriptos\/","og_locale":"es_ES","og_type":"article","og_title":"LA UPRO ABRE SUS PUERTAS A LA COMUNIDAD Y YA SUMA M\u00c1S DE 8 MIL PREINSCRIPTOS - Apuntes de San Luis","og_description":"La universidad invita a la comunidad a conocer su oferta acad\u00e9mica y realizar consultas en...","og_url":"https:\/\/apuntesdesanluis.com\/index.php\/2024\/09\/26\/la-upro-abre-sus-puertas-a-la-comunidad-y-ya-suma-mas-de-8-mil-preinscriptos\/","og_site_name":"Apuntes de San Luis","article_published_time":"2024-09-26T20:12:19+00:00","article_modified_time":"2024-09-26T23:31:31+00:00","og_image":[{"width":600,"height":396,"url":"https:\/\/apuntesdesanluis.com\/wp-content\/uploads\/2023\/07\/upro.png","type":"image\/png"}],"author":"apuntesdesanluis.com","twitter_card":"summary_large_image","twitter_misc":{"Escrito por":"apuntesdesanluis.com","Tiempo de lectura":"2 minutos"},"schema":{"@context":"https:\/\/schema.org","@graph":[{"@type":"Article","@id":"https:\/\/apuntesdesanluis.com\/index.php\/2024\/09\/26\/la-upro-abre-sus-puertas-a-la-comunidad-y-ya-suma-mas-de-8-mil-preinscriptos\/#article","isPartOf":{"@id":"https:\/\/apuntesdesanluis.com\/index.php\/2024\/09\/26\/la-upro-abre-sus-puertas-a-la-comunidad-y-ya-suma-mas-de-8-mil-preinscriptos\/"},"author":{"name":"apuntesdesanluis.com","@id":"https:\/\/apuntesdesanluis.com\/#\/schema\/person\/b55151d52296fcce64d1a72538a70b90"},"headline":"LA UPRO ABRE SUS PUERTAS A LA COMUNIDAD Y YA SUMA M\u00c1S DE 8 MIL PREINSCRIPTOS","datePublished":"2024-09-26T20:12:19+00:00","dateModified":"2024-09-26T23:31:31+00:00","mainEntityOfPage":{"@id":"https:\/\/apuntesdesanluis.com\/index.php\/2024\/09\/26\/la-upro-abre-sus-puertas-a-la-comunidad-y-ya-suma-mas-de-8-mil-preinscriptos\/"},"wordCount":348,"publisher":{"@id":"https:\/\/apuntesdesanluis.com\/#\/schema\/person\/b55151d52296fcce64d1a72538a70b90"},"image":{"@id":"https:\/\/apuntesdesanluis.com\/index.php\/2024\/09\/26\/la-upro-abre-sus-puertas-a-la-comunidad-y-ya-suma-mas-de-8-mil-preinscriptos\/#primaryimage"},"thumbnailUrl":"https:\/\/apuntesdesanluis.com\/wp-content\/uploads\/2023\/07\/upro.png","articleSection":["Ciudad\/Provincia"],"inLanguage":"es-AR"},{"@type":"WebPage","@id":"https:\/\/apuntesdesanluis.com\/index.php\/2024\/09\/26\/la-upro-abre-sus-puertas-a-la-comunidad-y-ya-suma-mas-de-8-mil-preinscriptos\/","url":"https:\/\/apuntesdesanluis.com\/index.php\/2024\/09\/26\/la-upro-abre-sus-puertas-a-la-comunidad-y-ya-suma-mas-de-8-mil-preinscriptos\/","name":"LA UPRO ABRE SUS PUERTAS A LA COMUNIDAD Y YA SUMA M\u00c1S DE 8 MIL PREINSCRIPTOS - Apuntes de San Luis","isPartOf":{"@id":"https:\/\/apuntesdesanluis.com\/#website"},"primaryImageOfPage":{"@id":"https:\/\/apuntesdesanluis.com\/index.php\/2024\/09\/26\/la-upro-abre-sus-puertas-a-la-comunidad-y-ya-suma-mas-de-8-mil-preinscriptos\/#primaryimage"},"image":{"@id":"https:\/\/apuntesdesanluis.com\/index.php\/2024\/09\/26\/la-upro-abre-sus-puertas-a-la-comunidad-y-ya-suma-mas-de-8-mil-preinscriptos\/#primaryimage"},"thumbnailUrl":"https:\/\/apuntesdesanluis.com\/wp-content\/uploads\/2023\/07\/upro.png","datePublished":"2024-09-26T20:12:19+00:00","dateModified":"2024-09-26T23:31:31+00:00","breadcrumb":{"@id":"https:\/\/apuntesdesanluis.com\/index.php\/2024\/09\/26\/la-upro-abre-sus-puertas-a-la-comunidad-y-ya-suma-mas-de-8-mil-preinscriptos\/#breadcrumb"},"inLanguage":"es-AR","potentialAction":[{"@type":"ReadAction","target":["https:\/\/apuntesdesanluis.com\/index.php\/2024\/09\/26\/la-upro-abre-sus-puertas-a-la-comunidad-y-ya-suma-mas-de-8-mil-preinscriptos\/"]}]},{"@type":"ImageObject","inLanguage":"es-AR","@id":"https:\/\/apuntesdesanluis.com\/index.php\/2024\/09\/26\/la-upro-abre-sus-puertas-a-la-comunidad-y-ya-suma-mas-de-8-mil-preinscriptos\/#primaryimage","url":"https:\/\/apuntesdesanluis.com\/wp-content\/uploads\/2023\/07\/upro.png","contentUrl":"https:\/\/apuntesdesanluis.com\/wp-content\/uploads\/2023\/07\/upro.png","width":600,"height":396},{"@type":"BreadcrumbList","@id":"https:\/\/apuntesdesanluis.com\/index.php\/2024\/09\/26\/la-upro-abre-sus-puertas-a-la-comunidad-y-ya-suma-mas-de-8-mil-preinscriptos\/#breadcrumb","itemListElement":[{"@type":"ListItem","position":1,"name":"Inicio","item":"https:\/\/apuntesdesanluis.com\/"},{"@type":"ListItem","position":2,"name":"LA UPRO ABRE SUS PUERTAS A LA COMUNIDAD Y YA SUMA M\u00c1S DE 8 MIL PREINSCRIPTOS"}]},{"@type":"WebSite","@id":"https:\/\/apuntesdesanluis.com\/#website","url":"https:\/\/apuntesdesanluis.com\/","name":"Apuntes de San Luis","description":"","publisher":{"@id":"https:\/\/apuntesdesanluis.com\/#\/schema\/person\/b55151d52296fcce64d1a72538a70b90"},"potentialAction":[{"@type":"SearchAction","target":{"@type":"EntryPoint","urlTemplate":"https:\/\/apuntesdesanluis.com\/?s={search_term_string}"},"query-input":{"@type":"PropertyValueSpecification","valueRequired":true,"valueName":"search_term_string"}}],"inLanguage":"es-AR"},{"@type":["Person","Organization"],"@id":"https:\/\/apuntesdesanluis.com\/#\/schema\/person\/b55151d52296fcce64d1a72538a70b90","name":"apuntesdesanluis.com","image":{"@type":"ImageObject","inLanguage":"es-AR","@id":"https:\/\/apuntesdesanluis.com\/#\/schema\/person\/image\/","url":"https:\/\/apuntesdesanluis.com\/wp-content\/uploads\/2023\/07\/cropped-apuntesdesanluis.png","contentUrl":"https:\/\/apuntesdesanluis.com\/wp-content\/uploads\/2023\/07\/cropped-apuntesdesanluis.png","width":450,"height":112,"caption":"apuntesdesanluis.com"},"logo":{"@id":"https:\/\/apuntesdesanluis.com\/#\/schema\/person\/image\/"},"sameAs":["https:\/\/apuntesdesanluis.com"],"url":"https:\/\/apuntesdesanluis.com\/index.php\/author\/apuntesdesanluis-com\/"}]}},"featured_image_urls":{"full":["https:\/\/apuntesdesanluis.com\/wp-content\/uploads\/2023\/07\/upro.png",600,396,false],"thumbnail":["https:\/\/apuntesdesanluis.com\/wp-content\/uploads\/2023\/07\/upro-150x150.png",150,150,true],"medium":["https:\/\/apuntesdesanluis.com\/wp-content\/uploads\/2023\/07\/upro-300x198.png",300,198,true],"medium_large":["https:\/\/apuntesdesanluis.com\/wp-content\/uploads\/2023\/07\/upro.png",600,396,false],"large":["https:\/\/apuntesdesanluis.com\/wp-content\/uploads\/2023\/07\/upro.png",600,396,false],"1536x1536":["https:\/\/apuntesdesanluis.com\/wp-content\/uploads\/2023\/07\/upro.png",600,396,false],"2048x2048":["https:\/\/apuntesdesanluis.com\/wp-content\/uploads\/2023\/07\/upro.png",600,396,false],"newsever-slider-full":["https:\/\/apuntesdesanluis.com\/wp-content\/uploads\/2023\/07\/upro.png",600,396,false],"newsever-featured":["https:\/\/apuntesdesanluis.com\/wp-content\/uploads\/2023\/07\/upro.png",600,396,false],"newsever-medium":["https:\/\/apuntesdesanluis.com\/wp-content\/uploads\/2023\/07\/upro.png",600,396,false]},"author_info":{"display_name":"apuntesdesanluis.com","author_link":"https:\/\/apuntesdesanluis.com\/index.php\/author\/apuntesdesanluis-com\/"},"category_info":"<a href=\"https:\/\/apuntesdesanluis.com\/index.php\/category\/ciudad-provincia\/\" rel=\"category tag\">Ciudad\/Provincia<\/a>","tag_info":"Ciudad\/Provincia","comment_count":"0","_links":{"self":[{"href":"https:\/\/apuntesdesanluis.com\/index.php\/wp-json\/wp\/v2\/posts\/22965","targetHints":{"allow":["GET"]}}],"collection":[{"href":"https:\/\/apuntesdesanluis.com\/index.php\/wp-json\/wp\/v2\/posts"}],"about":[{"href":"https:\/\/apuntesdesanluis.com\/index.php\/wp-json\/wp\/v2\/types\/post"}],"author":[{"embeddable":true,"href":"https:\/\/apuntesdesanluis.com\/index.php\/wp-json\/wp\/v2\/users\/1"}],"replies":[{"embeddable":true,"href":"https:\/\/apuntesdesanluis.com\/index.php\/wp-json\/wp\/v2\/comments?post=22965"}],"version-history":[{"count":1,"href":"https:\/\/apuntesdesanluis.com\/index.php\/wp-json\/wp\/v2\/posts\/22965\/revisions"}],"predecessor-version":[{"id":22967,"href":"https:\/\/apuntesdesanluis.com\/index.php\/wp-json\/wp\/v2\/posts\/22965\/revisions\/22967"}],"wp:featuredmedia":[{"embeddable":true,"href":"https:\/\/apuntesdesanluis.com\/index.php\/wp-json\/wp\/v2\/media\/420"}],"wp:attachment":[{"href":"https:\/\/apuntesdesanluis.com\/index.php\/wp-json\/wp\/v2\/media?parent=22965"}],"wp:term":[{"taxonomy":"category","embeddable":true,"href":"https:\/\/apuntesdesanluis.com\/index.php\/wp-json\/wp\/v2\/categories?post=22965"},{"taxonomy":"post_tag","embeddable":true,"href":"https:\/\/apuntesdesanluis.com\/index.php\/wp-json\/wp\/v2\/tags?post=22965"}],"curies":[{"name":"wp","href":"https:\/\/api.w.org\/{rel}","templated":true}]}}