{"id":22968,"date":"2024-09-26T17:18:35","date_gmt":"2024-09-26T20:18:35","guid":{"rendered":"https:\/\/apuntesdesanluis.com\/?p=22968"},"modified":"2024-09-26T20:32:24","modified_gmt":"2024-09-26T23:32:24","slug":"merlo-inaugura-este-viernes-su-centro-de-convenciones","status":"publish","type":"post","link":"https:\/\/apuntesdesanluis.com\/index.php\/2024\/09\/26\/merlo-inaugura-este-viernes-su-centro-de-convenciones\/","title":{"rendered":"MERLO INAUGURA ESTE VIERNES SU CENTRO DE CONVENCIONES"},"content":{"rendered":"<h3>El intendente, <strong>Juan \u00c1lvarez Pinto<\/strong>, destac\u00f3 la importancia de la nueva infraestructura de la villa tur\u00edstica y la marca insignia que lanz\u00f3 San Luis para impulsar el turismo y generar nuevos puestos de trabajo que reactiven la econom\u00eda.<\/h3>\n<h3>En un paso decisivo para fortalecer el turismo en la provincia de San Luis, Villa de Merlo se prepara para inaugurar su nuevo centro de convenciones este viernes 27 de septiembre, coincidiendo con el <strong>D\u00eda Internacional del Turismo<\/strong>.<\/h3>\n<h3>El intendente, Juan \u00c1lvarez Pinto, enfatiz\u00f3 la relevancia de esta infraestructura y las recientes iniciativas provinciales para potenciar el sector tur\u00edstico que anunciaron el gobernador Claudio Poggi y su equipo de trabajo.<\/h3>\n<h3>\u201cEs un gran esfuerzo que ha hecho el Gobierno de la provincia para reestructurar este edificio, que se pueda terminar y entender lo importante que es un destino tur\u00edstico como Merlo para impulsar el turismo de reuniones\u201c, declar\u00f3 \u00c1lvarez Pinto. El intendente destac\u00f3 que esta nueva instalaci\u00f3n \u201cnos va a ayudar a fortalecer principalmente la temporada baja\u201d.<\/h3>\n<p><img fetchpriority=\"high\" decoding=\"async\" class=\"wp-image-22969 aligncenter\" src=\"https:\/\/apuntesdesanluis.com\/wp-content\/uploads\/2024\/09\/centro-de-conv.-en-obra-300x184.png\" alt=\"\" width=\"639\" height=\"392\" srcset=\"https:\/\/apuntesdesanluis.com\/wp-content\/uploads\/2024\/09\/centro-de-conv.-en-obra-300x184.png 300w, https:\/\/apuntesdesanluis.com\/wp-content\/uploads\/2024\/09\/centro-de-conv.-en-obra.png 735w\" sizes=\"(max-width: 639px) 100vw, 639px\" \/><\/p>\n<h3>La inauguraci\u00f3n del Centro de Convenciones se enmarca en una estrategia m\u00e1s amplia de promoci\u00f3n tur\u00edstica de San Luis, como la presentaci\u00f3n de la nueva marca \u2018Conexi\u00f3n San Luis\u2019, cr\u00e9ditos, capacitaciones y promociones para el sector. \u201cMe parece muy importante la presentaci\u00f3n de la nueva marca de San Luis que ha sido diagramada y dise\u00f1ada en base a estad\u00edsticas, n\u00fameros, a preguntarle a gente de todo el pa\u00eds a ver c\u00f3mo nos ven desde afuera\u201d.<\/h3>\n<h3>El Intendente subray\u00f3 la importancia de la colaboraci\u00f3n entre diferentes sectores y localidades: \u201cSi hay algo que tenemos los destinos tur\u00edsticos como desaf\u00edo es poder articular entre todos. Ya pas\u00f3 esa \u00e9poca en la cual los destinos compet\u00edan entre s\u00ed, hoy tenemos que complementarnos\u201c.<\/h3>\n<p><iframe title=\"Juan \u00c1lvarez Pinto, intendente de Villa de Merlo\" width=\"640\" height=\"360\" src=\"https:\/\/www.youtube.com\/embed\/IUQue3xqVtk?feature=oembed\" frameborder=\"0\" allow=\"accelerometer; autoplay; clipboard-write; encrypted-media; gyroscope; picture-in-picture; web-share\" referrerpolicy=\"strict-origin-when-cross-origin\" allowfullscreen><\/iframe><\/p>\n<h3>\u00c1lvarez Pinto detall\u00f3 los objetivos de estas iniciativas: \u201cLo que tenemos que lograr en todo San Luis a trav\u00e9s de esta marca, articulando con el ministerio de Turismo y Cultura, es que la gente venga m\u00e1s d\u00edas, es decir, que vengan m\u00e1s \u00e9pocas del a\u00f1o, no solamente las temporadas altas, superar la estacionalidad lo m\u00e1s que se pueda\u201c.<\/h3>\n<h3>El Intendente tambi\u00e9n destac\u00f3 la diversidad de atractivos de San Luis: \u201cTenemos todo, diques, sierras, llanuras, turismo rural, cultura y una gastronom\u00eda t\u00edpica\u201d.<\/h3>\n<h3>Respecto a las medidas para afrontar el contexto econ\u00f3mico actual, \u00c1lvarez Pinto mencion\u00f3: &#8220;Ese es un desaf\u00edo muy grande porque hoy el contexto econ\u00f3mico es complejo. Entonces, el aunar esfuerzo entre el Gobierno provincial, los municipios y el sector privado creo que nos va a llevar a tener una temporada que nos sirva en todos los sentidos, que nos ayude a que cada vez m\u00e1s turistas vengan a San Luis&#8221;.<\/h3>\n<p><img decoding=\"async\" class=\"wp-image-22970 aligncenter\" src=\"https:\/\/apuntesdesanluis.com\/wp-content\/uploads\/2024\/09\/centro-de-convenciones-300x198.png\" alt=\"\" width=\"661\" height=\"436\" srcset=\"https:\/\/apuntesdesanluis.com\/wp-content\/uploads\/2024\/09\/centro-de-convenciones-300x198.png 300w, https:\/\/apuntesdesanluis.com\/wp-content\/uploads\/2024\/09\/centro-de-convenciones-720x475.png 720w, https:\/\/apuntesdesanluis.com\/wp-content\/uploads\/2024\/09\/centro-de-convenciones.png 748w\" sizes=\"(max-width: 661px) 100vw, 661px\" \/><\/p>\n<h3>Finalmente, el Intendente resalt\u00f3 la importancia de facilidades como el convenio con el Banco Naci\u00f3n: \u201cSomos la \u00fanica provincia que recibe turistas que pueden pagar el alojamiento con la tarjeta de cr\u00e9dito con un plan de 12 cuotas sin inter\u00e9s. Eso nos va a ayudar a atraer m\u00e1s gente, porque hoy, lo dicen las estad\u00edsticas que mostr\u00f3 la secretar\u00eda de Comunicaci\u00f3n, el 95% se fija en el presupuesto antes de definir un destino\u201d.<\/h3>\n<p>&nbsp;<\/p>\n<p>&nbsp;<\/p>\n<p>&nbsp;<\/p>\n<p>&nbsp;<\/p>\n<p>&nbsp;<\/p>\n<p>&nbsp;<\/p>\n","protected":false},"excerpt":{"rendered":"<p>El intendente, Juan \u00c1lvarez Pinto, destac\u00f3 la importancia de la nueva infraestructura de la villa&#8230;<\/p>\n","protected":false},"author":1,"featured_media":22971,"comment_status":"closed","ping_status":"closed","sticky":false,"template":"","format":"standard","meta":{"footnotes":""},"categories":[6],"tags":[],"class_list":["post-22968","post","type-post","status-publish","format-standard","has-post-thumbnail","hentry","category-ciudad-provincia"],"yoast_head":"<!-- This site is optimized with the Yoast SEO plugin v26.1.1 - https:\/\/yoast.com\/wordpress\/plugins\/seo\/ -->\n<title>MERLO INAUGURA ESTE VIERNES SU CENTRO DE CONVENCIONES - Apuntes de San Luis<\/title>\n<meta name=\"robots\" content=\"index, follow, max-snippet:-1, max-image-preview:large, max-video-preview:-1\" \/>\n<link rel=\"canonical\" href=\"https:\/\/apuntesdesanluis.com\/index.php\/2024\/09\/26\/merlo-inaugura-este-viernes-su-centro-de-convenciones\/\" \/>\n<meta property=\"og:locale\" content=\"es_ES\" \/>\n<meta property=\"og:type\" content=\"article\" \/>\n<meta property=\"og:title\" content=\"MERLO INAUGURA ESTE VIERNES SU CENTRO DE CONVENCIONES - Apuntes de San Luis\" \/>\n<meta property=\"og:description\" content=\"El intendente, Juan \u00c1lvarez Pinto, destac\u00f3 la importancia de la nueva infraestructura de la villa...\" \/>\n<meta property=\"og:url\" content=\"https:\/\/apuntesdesanluis.com\/index.php\/2024\/09\/26\/merlo-inaugura-este-viernes-su-centro-de-convenciones\/\" \/>\n<meta property=\"og:site_name\" content=\"Apuntes de San Luis\" \/>\n<meta property=\"article:published_time\" content=\"2024-09-26T20:18:35+00:00\" \/>\n<meta property=\"article:modified_time\" content=\"2024-09-26T23:32:24+00:00\" \/>\n<meta property=\"og:image\" content=\"https:\/\/apuntesdesanluis.com\/wp-content\/uploads\/2024\/09\/centro-conv.-merlo.png\" \/>\n\t<meta property=\"og:image:width\" content=\"678\" \/>\n\t<meta property=\"og:image:height\" content=\"434\" \/>\n\t<meta property=\"og:image:type\" content=\"image\/png\" \/>\n<meta name=\"author\" content=\"apuntesdesanluis.com\" \/>\n<meta name=\"twitter:card\" content=\"summary_large_image\" \/>\n<meta name=\"twitter:label1\" content=\"Escrito por\" \/>\n\t<meta name=\"twitter:data1\" content=\"apuntesdesanluis.com\" \/>\n\t<meta name=\"twitter:label2\" content=\"Tiempo de lectura\" \/>\n\t<meta name=\"twitter:data2\" content=\"3 minutos\" \/>\n<script type=\"application\/ld+json\" class=\"yoast-schema-graph\">{\"@context\":\"https:\/\/schema.org\",\"@graph\":[{\"@type\":\"Article\",\"@id\":\"https:\/\/apuntesdesanluis.com\/index.php\/2024\/09\/26\/merlo-inaugura-este-viernes-su-centro-de-convenciones\/#article\",\"isPartOf\":{\"@id\":\"https:\/\/apuntesdesanluis.com\/index.php\/2024\/09\/26\/merlo-inaugura-este-viernes-su-centro-de-convenciones\/\"},\"author\":{\"name\":\"apuntesdesanluis.com\",\"@id\":\"https:\/\/apuntesdesanluis.com\/#\/schema\/person\/b55151d52296fcce64d1a72538a70b90\"},\"headline\":\"MERLO INAUGURA ESTE VIERNES SU CENTRO DE CONVENCIONES\",\"datePublished\":\"2024-09-26T20:18:35+00:00\",\"dateModified\":\"2024-09-26T23:32:24+00:00\",\"mainEntityOfPage\":{\"@id\":\"https:\/\/apuntesdesanluis.com\/index.php\/2024\/09\/26\/merlo-inaugura-este-viernes-su-centro-de-convenciones\/\"},\"wordCount\":569,\"publisher\":{\"@id\":\"https:\/\/apuntesdesanluis.com\/#\/schema\/person\/b55151d52296fcce64d1a72538a70b90\"},\"image\":{\"@id\":\"https:\/\/apuntesdesanluis.com\/index.php\/2024\/09\/26\/merlo-inaugura-este-viernes-su-centro-de-convenciones\/#primaryimage\"},\"thumbnailUrl\":\"https:\/\/apuntesdesanluis.com\/wp-content\/uploads\/2024\/09\/centro-conv.-merlo.png\",\"articleSection\":[\"Ciudad\/Provincia\"],\"inLanguage\":\"es-AR\"},{\"@type\":\"WebPage\",\"@id\":\"https:\/\/apuntesdesanluis.com\/index.php\/2024\/09\/26\/merlo-inaugura-este-viernes-su-centro-de-convenciones\/\",\"url\":\"https:\/\/apuntesdesanluis.com\/index.php\/2024\/09\/26\/merlo-inaugura-este-viernes-su-centro-de-convenciones\/\",\"name\":\"MERLO INAUGURA ESTE VIERNES SU CENTRO DE CONVENCIONES - Apuntes de San Luis\",\"isPartOf\":{\"@id\":\"https:\/\/apuntesdesanluis.com\/#website\"},\"primaryImageOfPage\":{\"@id\":\"https:\/\/apuntesdesanluis.com\/index.php\/2024\/09\/26\/merlo-inaugura-este-viernes-su-centro-de-convenciones\/#primaryimage\"},\"image\":{\"@id\":\"https:\/\/apuntesdesanluis.com\/index.php\/2024\/09\/26\/merlo-inaugura-este-viernes-su-centro-de-convenciones\/#primaryimage\"},\"thumbnailUrl\":\"https:\/\/apuntesdesanluis.com\/wp-content\/uploads\/2024\/09\/centro-conv.-merlo.png\",\"datePublished\":\"2024-09-26T20:18:35+00:00\",\"dateModified\":\"2024-09-26T23:32:24+00:00\",\"breadcrumb\":{\"@id\":\"https:\/\/apuntesdesanluis.com\/index.php\/2024\/09\/26\/merlo-inaugura-este-viernes-su-centro-de-convenciones\/#breadcrumb\"},\"inLanguage\":\"es-AR\",\"potentialAction\":[{\"@type\":\"ReadAction\",\"target\":[\"https:\/\/apuntesdesanluis.com\/index.php\/2024\/09\/26\/merlo-inaugura-este-viernes-su-centro-de-convenciones\/\"]}]},{\"@type\":\"ImageObject\",\"inLanguage\":\"es-AR\",\"@id\":\"https:\/\/apuntesdesanluis.com\/index.php\/2024\/09\/26\/merlo-inaugura-este-viernes-su-centro-de-convenciones\/#primaryimage\",\"url\":\"https:\/\/apuntesdesanluis.com\/wp-content\/uploads\/2024\/09\/centro-conv.-merlo.png\",\"contentUrl\":\"https:\/\/apuntesdesanluis.com\/wp-content\/uploads\/2024\/09\/centro-conv.-merlo.png\",\"width\":678,\"height\":434},{\"@type\":\"BreadcrumbList\",\"@id\":\"https:\/\/apuntesdesanluis.com\/index.php\/2024\/09\/26\/merlo-inaugura-este-viernes-su-centro-de-convenciones\/#breadcrumb\",\"itemListElement\":[{\"@type\":\"ListItem\",\"position\":1,\"name\":\"Inicio\",\"item\":\"https:\/\/apuntesdesanluis.com\/\"},{\"@type\":\"ListItem\",\"position\":2,\"name\":\"MERLO INAUGURA ESTE VIERNES SU CENTRO DE CONVENCIONES\"}]},{\"@type\":\"WebSite\",\"@id\":\"https:\/\/apuntesdesanluis.com\/#website\",\"url\":\"https:\/\/apuntesdesanluis.com\/\",\"name\":\"Apuntes de San Luis\",\"description\":\"\",\"publisher\":{\"@id\":\"https:\/\/apuntesdesanluis.com\/#\/schema\/person\/b55151d52296fcce64d1a72538a70b90\"},\"potentialAction\":[{\"@type\":\"SearchAction\",\"target\":{\"@type\":\"EntryPoint\",\"urlTemplate\":\"https:\/\/apuntesdesanluis.com\/?s={search_term_string}\"},\"query-input\":{\"@type\":\"PropertyValueSpecification\",\"valueRequired\":true,\"valueName\":\"search_term_string\"}}],\"inLanguage\":\"es-AR\"},{\"@type\":[\"Person\",\"Organization\"],\"@id\":\"https:\/\/apuntesdesanluis.com\/#\/schema\/person\/b55151d52296fcce64d1a72538a70b90\",\"name\":\"apuntesdesanluis.com\",\"image\":{\"@type\":\"ImageObject\",\"inLanguage\":\"es-AR\",\"@id\":\"https:\/\/apuntesdesanluis.com\/#\/schema\/person\/image\/\",\"url\":\"https:\/\/apuntesdesanluis.com\/wp-content\/uploads\/2023\/07\/cropped-apuntesdesanluis.png\",\"contentUrl\":\"https:\/\/apuntesdesanluis.com\/wp-content\/uploads\/2023\/07\/cropped-apuntesdesanluis.png\",\"width\":450,\"height\":112,\"caption\":\"apuntesdesanluis.com\"},\"logo\":{\"@id\":\"https:\/\/apuntesdesanluis.com\/#\/schema\/person\/image\/\"},\"sameAs\":[\"https:\/\/apuntesdesanluis.com\"],\"url\":\"https:\/\/apuntesdesanluis.com\/index.php\/author\/apuntesdesanluis-com\/\"}]}<\/script>\n<!-- \/ Yoast SEO plugin. -->","yoast_head_json":{"title":"MERLO INAUGURA ESTE VIERNES SU CENTRO DE CONVENCIONES - Apuntes de San Luis","robots":{"index":"index","follow":"follow","max-snippet":"max-snippet:-1","max-image-preview":"max-image-preview:large","max-video-preview":"max-video-preview:-1"},"canonical":"https:\/\/apuntesdesanluis.com\/index.php\/2024\/09\/26\/merlo-inaugura-este-viernes-su-centro-de-convenciones\/","og_locale":"es_ES","og_type":"article","og_title":"MERLO INAUGURA ESTE VIERNES SU CENTRO DE CONVENCIONES - Apuntes de San Luis","og_description":"El intendente, Juan \u00c1lvarez Pinto, destac\u00f3 la importancia de la nueva infraestructura de la villa...","og_url":"https:\/\/apuntesdesanluis.com\/index.php\/2024\/09\/26\/merlo-inaugura-este-viernes-su-centro-de-convenciones\/","og_site_name":"Apuntes de San Luis","article_published_time":"2024-09-26T20:18:35+00:00","article_modified_time":"2024-09-26T23:32:24+00:00","og_image":[{"width":678,"height":434,"url":"https:\/\/apuntesdesanluis.com\/wp-content\/uploads\/2024\/09\/centro-conv.-merlo.png","type":"image\/png"}],"author":"apuntesdesanluis.com","twitter_card":"summary_large_image","twitter_misc":{"Escrito por":"apuntesdesanluis.com","Tiempo de lectura":"3 minutos"},"schema":{"@context":"https:\/\/schema.org","@graph":[{"@type":"Article","@id":"https:\/\/apuntesdesanluis.com\/index.php\/2024\/09\/26\/merlo-inaugura-este-viernes-su-centro-de-convenciones\/#article","isPartOf":{"@id":"https:\/\/apuntesdesanluis.com\/index.php\/2024\/09\/26\/merlo-inaugura-este-viernes-su-centro-de-convenciones\/"},"author":{"name":"apuntesdesanluis.com","@id":"https:\/\/apuntesdesanluis.com\/#\/schema\/person\/b55151d52296fcce64d1a72538a70b90"},"headline":"MERLO INAUGURA ESTE VIERNES SU CENTRO DE CONVENCIONES","datePublished":"2024-09-26T20:18:35+00:00","dateModified":"2024-09-26T23:32:24+00:00","mainEntityOfPage":{"@id":"https:\/\/apuntesdesanluis.com\/index.php\/2024\/09\/26\/merlo-inaugura-este-viernes-su-centro-de-convenciones\/"},"wordCount":569,"publisher":{"@id":"https:\/\/apuntesdesanluis.com\/#\/schema\/person\/b55151d52296fcce64d1a72538a70b90"},"image":{"@id":"https:\/\/apuntesdesanluis.com\/index.php\/2024\/09\/26\/merlo-inaugura-este-viernes-su-centro-de-convenciones\/#primaryimage"},"thumbnailUrl":"https:\/\/apuntesdesanluis.com\/wp-content\/uploads\/2024\/09\/centro-conv.-merlo.png","articleSection":["Ciudad\/Provincia"],"inLanguage":"es-AR"},{"@type":"WebPage","@id":"https:\/\/apuntesdesanluis.com\/index.php\/2024\/09\/26\/merlo-inaugura-este-viernes-su-centro-de-convenciones\/","url":"https:\/\/apuntesdesanluis.com\/index.php\/2024\/09\/26\/merlo-inaugura-este-viernes-su-centro-de-convenciones\/","name":"MERLO INAUGURA ESTE VIERNES SU CENTRO DE CONVENCIONES - Apuntes de San Luis","isPartOf":{"@id":"https:\/\/apuntesdesanluis.com\/#website"},"primaryImageOfPage":{"@id":"https:\/\/apuntesdesanluis.com\/index.php\/2024\/09\/26\/merlo-inaugura-este-viernes-su-centro-de-convenciones\/#primaryimage"},"image":{"@id":"https:\/\/apuntesdesanluis.com\/index.php\/2024\/09\/26\/merlo-inaugura-este-viernes-su-centro-de-convenciones\/#primaryimage"},"thumbnailUrl":"https:\/\/apuntesdesanluis.com\/wp-content\/uploads\/2024\/09\/centro-conv.-merlo.png","datePublished":"2024-09-26T20:18:35+00:00","dateModified":"2024-09-26T23:32:24+00:00","breadcrumb":{"@id":"https:\/\/apuntesdesanluis.com\/index.php\/2024\/09\/26\/merlo-inaugura-este-viernes-su-centro-de-convenciones\/#breadcrumb"},"inLanguage":"es-AR","potentialAction":[{"@type":"ReadAction","target":["https:\/\/apuntesdesanluis.com\/index.php\/2024\/09\/26\/merlo-inaugura-este-viernes-su-centro-de-convenciones\/"]}]},{"@type":"ImageObject","inLanguage":"es-AR","@id":"https:\/\/apuntesdesanluis.com\/index.php\/2024\/09\/26\/merlo-inaugura-este-viernes-su-centro-de-convenciones\/#primaryimage","url":"https:\/\/apuntesdesanluis.com\/wp-content\/uploads\/2024\/09\/centro-conv.-merlo.png","contentUrl":"https:\/\/apuntesdesanluis.com\/wp-content\/uploads\/2024\/09\/centro-conv.-merlo.png","width":678,"height":434},{"@type":"BreadcrumbList","@id":"https:\/\/apuntesdesanluis.com\/index.php\/2024\/09\/26\/merlo-inaugura-este-viernes-su-centro-de-convenciones\/#breadcrumb","itemListElement":[{"@type":"ListItem","position":1,"name":"Inicio","item":"https:\/\/apuntesdesanluis.com\/"},{"@type":"ListItem","position":2,"name":"MERLO INAUGURA ESTE VIERNES SU CENTRO DE CONVENCIONES"}]},{"@type":"WebSite","@id":"https:\/\/apuntesdesanluis.com\/#website","url":"https:\/\/apuntesdesanluis.com\/","name":"Apuntes de San Luis","description":"","publisher":{"@id":"https:\/\/apuntesdesanluis.com\/#\/schema\/person\/b55151d52296fcce64d1a72538a70b90"},"potentialAction":[{"@type":"SearchAction","target":{"@type":"EntryPoint","urlTemplate":"https:\/\/apuntesdesanluis.com\/?s={search_term_string}"},"query-input":{"@type":"PropertyValueSpecification","valueRequired":true,"valueName":"search_term_string"}}],"inLanguage":"es-AR"},{"@type":["Person","Organization"],"@id":"https:\/\/apuntesdesanluis.com\/#\/schema\/person\/b55151d52296fcce64d1a72538a70b90","name":"apuntesdesanluis.com","image":{"@type":"ImageObject","inLanguage":"es-AR","@id":"https:\/\/apuntesdesanluis.com\/#\/schema\/person\/image\/","url":"https:\/\/apuntesdesanluis.com\/wp-content\/uploads\/2023\/07\/cropped-apuntesdesanluis.png","contentUrl":"https:\/\/apuntesdesanluis.com\/wp-content\/uploads\/2023\/07\/cropped-apuntesdesanluis.png","width":450,"height":112,"caption":"apuntesdesanluis.com"},"logo":{"@id":"https:\/\/apuntesdesanluis.com\/#\/schema\/person\/image\/"},"sameAs":["https:\/\/apuntesdesanluis.com"],"url":"https:\/\/apuntesdesanluis.com\/index.php\/author\/apuntesdesanluis-com\/"}]}},"featured_image_urls":{"full":["https:\/\/apuntesdesanluis.com\/wp-content\/uploads\/2024\/09\/centro-conv.-merlo.png",678,434,false],"thumbnail":["https:\/\/apuntesdesanluis.com\/wp-content\/uploads\/2024\/09\/centro-conv.-merlo-150x150.png",150,150,true],"medium":["https:\/\/apuntesdesanluis.com\/wp-content\/uploads\/2024\/09\/centro-conv.-merlo-300x192.png",300,192,true],"medium_large":["https:\/\/apuntesdesanluis.com\/wp-content\/uploads\/2024\/09\/centro-conv.-merlo.png",640,410,false],"large":["https:\/\/apuntesdesanluis.com\/wp-content\/uploads\/2024\/09\/centro-conv.-merlo.png",640,410,false],"1536x1536":["https:\/\/apuntesdesanluis.com\/wp-content\/uploads\/2024\/09\/centro-conv.-merlo.png",678,434,false],"2048x2048":["https:\/\/apuntesdesanluis.com\/wp-content\/uploads\/2024\/09\/centro-conv.-merlo.png",678,434,false],"newsever-slider-full":["https:\/\/apuntesdesanluis.com\/wp-content\/uploads\/2024\/09\/centro-conv.-merlo.png",678,434,false],"newsever-featured":["https:\/\/apuntesdesanluis.com\/wp-content\/uploads\/2024\/09\/centro-conv.-merlo.png",678,434,false],"newsever-medium":["https:\/\/apuntesdesanluis.com\/wp-content\/uploads\/2024\/09\/centro-conv.-merlo.png",678,434,false]},"author_info":{"display_name":"apuntesdesanluis.com","author_link":"https:\/\/apuntesdesanluis.com\/index.php\/author\/apuntesdesanluis-com\/"},"category_info":"<a href=\"https:\/\/apuntesdesanluis.com\/index.php\/category\/ciudad-provincia\/\" rel=\"category tag\">Ciudad\/Provincia<\/a>","tag_info":"Ciudad\/Provincia","comment_count":"0","_links":{"self":[{"href":"https:\/\/apuntesdesanluis.com\/index.php\/wp-json\/wp\/v2\/posts\/22968","targetHints":{"allow":["GET"]}}],"collection":[{"href":"https:\/\/apuntesdesanluis.com\/index.php\/wp-json\/wp\/v2\/posts"}],"about":[{"href":"https:\/\/apuntesdesanluis.com\/index.php\/wp-json\/wp\/v2\/types\/post"}],"author":[{"embeddable":true,"href":"https:\/\/apuntesdesanluis.com\/index.php\/wp-json\/wp\/v2\/users\/1"}],"replies":[{"embeddable":true,"href":"https:\/\/apuntesdesanluis.com\/index.php\/wp-json\/wp\/v2\/comments?post=22968"}],"version-history":[{"count":1,"href":"https:\/\/apuntesdesanluis.com\/index.php\/wp-json\/wp\/v2\/posts\/22968\/revisions"}],"predecessor-version":[{"id":22972,"href":"https:\/\/apuntesdesanluis.com\/index.php\/wp-json\/wp\/v2\/posts\/22968\/revisions\/22972"}],"wp:featuredmedia":[{"embeddable":true,"href":"https:\/\/apuntesdesanluis.com\/index.php\/wp-json\/wp\/v2\/media\/22971"}],"wp:attachment":[{"href":"https:\/\/apuntesdesanluis.com\/index.php\/wp-json\/wp\/v2\/media?parent=22968"}],"wp:term":[{"taxonomy":"category","embeddable":true,"href":"https:\/\/apuntesdesanluis.com\/index.php\/wp-json\/wp\/v2\/categories?post=22968"},{"taxonomy":"post_tag","embeddable":true,"href":"https:\/\/apuntesdesanluis.com\/index.php\/wp-json\/wp\/v2\/tags?post=22968"}],"curies":[{"name":"wp","href":"https:\/\/api.w.org\/{rel}","templated":true}]}}