{"id":22973,"date":"2024-09-26T11:39:01","date_gmt":"2024-09-26T14:39:01","guid":{"rendered":"https:\/\/apuntesdesanluis.com\/?p=22973"},"modified":"2024-09-26T11:39:01","modified_gmt":"2024-09-26T14:39:01","slug":"docentes-universitarios-inician-un-paro-de-48-horas-contra-el-ajuste-de-milei","status":"publish","type":"post","link":"https:\/\/apuntesdesanluis.com\/index.php\/2024\/09\/26\/docentes-universitarios-inician-un-paro-de-48-horas-contra-el-ajuste-de-milei\/","title":{"rendered":"DOCENTES UNIVERSITARIOS INICIAN UN PARO DE 48 HORAS CONTRA EL AJUSTE DE MILEI"},"content":{"rendered":"<h3>Este jueves y viernes, los docentes universitarios llevan adelante un paro de 48 horas en reclamo de presupuesto. En tanto que los trabajadores NoDocentes paran este jueves.<\/h3>\n<h3>Ante el inminente veto presidencial a la Ley de Financiamiento Universitario, la Conadu Hist\u00f3rica ya defini\u00f3 medidas de lucha para esta semana y una movilizaci\u00f3n masiva para los primeros d\u00edas de octubre. Por lo pronto, jueves y viernes de esta semana no habr\u00e1 clases en las universidades de todo el pa\u00eds.<\/h3>\n<h3>Ante el embate del gobierno nacional sobre los fondos para la educaci\u00f3n superior, los gremios docentes y no docentes convocaron a un paro nacional para el jueves 26 y viernes 27 de septiembre. No solo habr\u00e1 una paralizaci\u00f3n de actividades, sino que ser\u00e1 una semana de visibilizaci\u00f3n de la situaci\u00f3n con volanteadas, conferencias, clases p\u00fablicas, radio abierta y otras actividades.<\/h3>\n<h3>\u00a0Y por otro, se est\u00e1 organizando una gran marcha universitaria que intentar\u00e1 replicar la masividad de la primera, que fue el 23 de abril. Organizan las universidades, los sindicatos y los centros de estudiantes y ser\u00e1 la primera semana del mes pr\u00f3ximo.<\/h3>\n<h3>En la lucha del sector universitario no solo participan los gremios de los trabajadores docentes y NoDocentes, sino tambi\u00e9n, por primera vez, las autoridades de las universidades nacionales.<\/h3>\n<h3><strong>QU\u00c9 ESTABLECE LA LEY DE FINANCIAMIENTO<\/strong><\/h3>\n<h3>La Ley de Financiamiento que sancion\u00f3 el Congreso se declara la emergencia presupuestaria del sistema universitario nacional para el a\u00f1o 2024 y actualiza las partidas del Presupuesto 2023, prorrogado por el gobierno de La Libertad Avanza.<\/h3>\n<h3>El rector de la Universidad Nacional de San Luis (UNSL), <strong>V\u00edctor Mori\u00f1igo<\/strong>, explic\u00f3 que el impacto fiscal de la ley que el Gobierno nacional tiene intenciones de vetar representa tan solo el 0,14 por ciento del PBI.<\/h3>\n<p>&nbsp;<\/p>\n<p>&nbsp;<\/p>\n<p>&nbsp;<\/p>\n<p>&nbsp;<\/p>\n<p>&nbsp;<\/p>\n<p>&nbsp;<\/p>\n","protected":false},"excerpt":{"rendered":"<p>Este jueves y viernes, los docentes universitarios llevan adelante un paro de 48 horas en&#8230;<\/p>\n","protected":false},"author":1,"featured_media":22974,"comment_status":"closed","ping_status":"closed","sticky":false,"template":"","format":"standard","meta":{"footnotes":""},"categories":[5],"tags":[],"class_list":["post-22973","post","type-post","status-publish","format-standard","has-post-thumbnail","hentry","category-nacionales-internacionales"],"yoast_head":"<!-- This site is optimized with the Yoast SEO plugin v26.1.1 - https:\/\/yoast.com\/wordpress\/plugins\/seo\/ -->\n<title>DOCENTES UNIVERSITARIOS INICIAN UN PARO DE 48 HORAS CONTRA EL AJUSTE DE MILEI - Apuntes de San Luis<\/title>\n<meta name=\"robots\" content=\"index, follow, max-snippet:-1, max-image-preview:large, max-video-preview:-1\" \/>\n<link rel=\"canonical\" href=\"https:\/\/apuntesdesanluis.com\/index.php\/2024\/09\/26\/docentes-universitarios-inician-un-paro-de-48-horas-contra-el-ajuste-de-milei\/\" \/>\n<meta property=\"og:locale\" content=\"es_ES\" \/>\n<meta property=\"og:type\" content=\"article\" \/>\n<meta property=\"og:title\" content=\"DOCENTES UNIVERSITARIOS INICIAN UN PARO DE 48 HORAS CONTRA EL AJUSTE DE MILEI - Apuntes de San Luis\" \/>\n<meta property=\"og:description\" content=\"Este jueves y viernes, los docentes universitarios llevan adelante un paro de 48 horas en...\" \/>\n<meta property=\"og:url\" content=\"https:\/\/apuntesdesanluis.com\/index.php\/2024\/09\/26\/docentes-universitarios-inician-un-paro-de-48-horas-contra-el-ajuste-de-milei\/\" \/>\n<meta property=\"og:site_name\" content=\"Apuntes de San Luis\" \/>\n<meta property=\"article:published_time\" content=\"2024-09-26T14:39:01+00:00\" \/>\n<meta property=\"og:image\" content=\"https:\/\/apuntesdesanluis.com\/wp-content\/uploads\/2024\/09\/educacion-publica.png\" \/>\n\t<meta property=\"og:image:width\" content=\"548\" \/>\n\t<meta property=\"og:image:height\" content=\"346\" \/>\n\t<meta property=\"og:image:type\" content=\"image\/png\" \/>\n<meta name=\"author\" content=\"apuntesdesanluis.com\" \/>\n<meta name=\"twitter:card\" content=\"summary_large_image\" \/>\n<meta name=\"twitter:label1\" content=\"Escrito por\" \/>\n\t<meta name=\"twitter:data1\" content=\"apuntesdesanluis.com\" \/>\n\t<meta name=\"twitter:label2\" content=\"Tiempo de lectura\" \/>\n\t<meta name=\"twitter:data2\" content=\"2 minutos\" \/>\n<script type=\"application\/ld+json\" class=\"yoast-schema-graph\">{\"@context\":\"https:\/\/schema.org\",\"@graph\":[{\"@type\":\"Article\",\"@id\":\"https:\/\/apuntesdesanluis.com\/index.php\/2024\/09\/26\/docentes-universitarios-inician-un-paro-de-48-horas-contra-el-ajuste-de-milei\/#article\",\"isPartOf\":{\"@id\":\"https:\/\/apuntesdesanluis.com\/index.php\/2024\/09\/26\/docentes-universitarios-inician-un-paro-de-48-horas-contra-el-ajuste-de-milei\/\"},\"author\":{\"name\":\"apuntesdesanluis.com\",\"@id\":\"https:\/\/apuntesdesanluis.com\/#\/schema\/person\/b55151d52296fcce64d1a72538a70b90\"},\"headline\":\"DOCENTES UNIVERSITARIOS INICIAN UN PARO DE 48 HORAS CONTRA EL AJUSTE DE MILEI\",\"datePublished\":\"2024-09-26T14:39:01+00:00\",\"mainEntityOfPage\":{\"@id\":\"https:\/\/apuntesdesanluis.com\/index.php\/2024\/09\/26\/docentes-universitarios-inician-un-paro-de-48-horas-contra-el-ajuste-de-milei\/\"},\"wordCount\":312,\"publisher\":{\"@id\":\"https:\/\/apuntesdesanluis.com\/#\/schema\/person\/b55151d52296fcce64d1a72538a70b90\"},\"image\":{\"@id\":\"https:\/\/apuntesdesanluis.com\/index.php\/2024\/09\/26\/docentes-universitarios-inician-un-paro-de-48-horas-contra-el-ajuste-de-milei\/#primaryimage\"},\"thumbnailUrl\":\"https:\/\/apuntesdesanluis.com\/wp-content\/uploads\/2024\/09\/educacion-publica.png\",\"articleSection\":[\"Nacionales\/Internacionales\"],\"inLanguage\":\"es-AR\"},{\"@type\":\"WebPage\",\"@id\":\"https:\/\/apuntesdesanluis.com\/index.php\/2024\/09\/26\/docentes-universitarios-inician-un-paro-de-48-horas-contra-el-ajuste-de-milei\/\",\"url\":\"https:\/\/apuntesdesanluis.com\/index.php\/2024\/09\/26\/docentes-universitarios-inician-un-paro-de-48-horas-contra-el-ajuste-de-milei\/\",\"name\":\"DOCENTES UNIVERSITARIOS INICIAN UN PARO DE 48 HORAS CONTRA EL AJUSTE DE MILEI - Apuntes de San Luis\",\"isPartOf\":{\"@id\":\"https:\/\/apuntesdesanluis.com\/#website\"},\"primaryImageOfPage\":{\"@id\":\"https:\/\/apuntesdesanluis.com\/index.php\/2024\/09\/26\/docentes-universitarios-inician-un-paro-de-48-horas-contra-el-ajuste-de-milei\/#primaryimage\"},\"image\":{\"@id\":\"https:\/\/apuntesdesanluis.com\/index.php\/2024\/09\/26\/docentes-universitarios-inician-un-paro-de-48-horas-contra-el-ajuste-de-milei\/#primaryimage\"},\"thumbnailUrl\":\"https:\/\/apuntesdesanluis.com\/wp-content\/uploads\/2024\/09\/educacion-publica.png\",\"datePublished\":\"2024-09-26T14:39:01+00:00\",\"breadcrumb\":{\"@id\":\"https:\/\/apuntesdesanluis.com\/index.php\/2024\/09\/26\/docentes-universitarios-inician-un-paro-de-48-horas-contra-el-ajuste-de-milei\/#breadcrumb\"},\"inLanguage\":\"es-AR\",\"potentialAction\":[{\"@type\":\"ReadAction\",\"target\":[\"https:\/\/apuntesdesanluis.com\/index.php\/2024\/09\/26\/docentes-universitarios-inician-un-paro-de-48-horas-contra-el-ajuste-de-milei\/\"]}]},{\"@type\":\"ImageObject\",\"inLanguage\":\"es-AR\",\"@id\":\"https:\/\/apuntesdesanluis.com\/index.php\/2024\/09\/26\/docentes-universitarios-inician-un-paro-de-48-horas-contra-el-ajuste-de-milei\/#primaryimage\",\"url\":\"https:\/\/apuntesdesanluis.com\/wp-content\/uploads\/2024\/09\/educacion-publica.png\",\"contentUrl\":\"https:\/\/apuntesdesanluis.com\/wp-content\/uploads\/2024\/09\/educacion-publica.png\",\"width\":548,\"height\":346},{\"@type\":\"BreadcrumbList\",\"@id\":\"https:\/\/apuntesdesanluis.com\/index.php\/2024\/09\/26\/docentes-universitarios-inician-un-paro-de-48-horas-contra-el-ajuste-de-milei\/#breadcrumb\",\"itemListElement\":[{\"@type\":\"ListItem\",\"position\":1,\"name\":\"Inicio\",\"item\":\"https:\/\/apuntesdesanluis.com\/\"},{\"@type\":\"ListItem\",\"position\":2,\"name\":\"DOCENTES UNIVERSITARIOS INICIAN UN PARO DE 48 HORAS CONTRA EL AJUSTE DE MILEI\"}]},{\"@type\":\"WebSite\",\"@id\":\"https:\/\/apuntesdesanluis.com\/#website\",\"url\":\"https:\/\/apuntesdesanluis.com\/\",\"name\":\"Apuntes de San Luis\",\"description\":\"\",\"publisher\":{\"@id\":\"https:\/\/apuntesdesanluis.com\/#\/schema\/person\/b55151d52296fcce64d1a72538a70b90\"},\"potentialAction\":[{\"@type\":\"SearchAction\",\"target\":{\"@type\":\"EntryPoint\",\"urlTemplate\":\"https:\/\/apuntesdesanluis.com\/?s={search_term_string}\"},\"query-input\":{\"@type\":\"PropertyValueSpecification\",\"valueRequired\":true,\"valueName\":\"search_term_string\"}}],\"inLanguage\":\"es-AR\"},{\"@type\":[\"Person\",\"Organization\"],\"@id\":\"https:\/\/apuntesdesanluis.com\/#\/schema\/person\/b55151d52296fcce64d1a72538a70b90\",\"name\":\"apuntesdesanluis.com\",\"image\":{\"@type\":\"ImageObject\",\"inLanguage\":\"es-AR\",\"@id\":\"https:\/\/apuntesdesanluis.com\/#\/schema\/person\/image\/\",\"url\":\"https:\/\/apuntesdesanluis.com\/wp-content\/uploads\/2023\/07\/cropped-apuntesdesanluis.png\",\"contentUrl\":\"https:\/\/apuntesdesanluis.com\/wp-content\/uploads\/2023\/07\/cropped-apuntesdesanluis.png\",\"width\":450,\"height\":112,\"caption\":\"apuntesdesanluis.com\"},\"logo\":{\"@id\":\"https:\/\/apuntesdesanluis.com\/#\/schema\/person\/image\/\"},\"sameAs\":[\"https:\/\/apuntesdesanluis.com\"],\"url\":\"https:\/\/apuntesdesanluis.com\/index.php\/author\/apuntesdesanluis-com\/\"}]}<\/script>\n<!-- \/ Yoast SEO plugin. -->","yoast_head_json":{"title":"DOCENTES UNIVERSITARIOS INICIAN UN PARO DE 48 HORAS CONTRA EL AJUSTE DE MILEI - Apuntes de San Luis","robots":{"index":"index","follow":"follow","max-snippet":"max-snippet:-1","max-image-preview":"max-image-preview:large","max-video-preview":"max-video-preview:-1"},"canonical":"https:\/\/apuntesdesanluis.com\/index.php\/2024\/09\/26\/docentes-universitarios-inician-un-paro-de-48-horas-contra-el-ajuste-de-milei\/","og_locale":"es_ES","og_type":"article","og_title":"DOCENTES UNIVERSITARIOS INICIAN UN PARO DE 48 HORAS CONTRA EL AJUSTE DE MILEI - Apuntes de San Luis","og_description":"Este jueves y viernes, los docentes universitarios llevan adelante un paro de 48 horas en...","og_url":"https:\/\/apuntesdesanluis.com\/index.php\/2024\/09\/26\/docentes-universitarios-inician-un-paro-de-48-horas-contra-el-ajuste-de-milei\/","og_site_name":"Apuntes de San Luis","article_published_time":"2024-09-26T14:39:01+00:00","og_image":[{"width":548,"height":346,"url":"https:\/\/apuntesdesanluis.com\/wp-content\/uploads\/2024\/09\/educacion-publica.png","type":"image\/png"}],"author":"apuntesdesanluis.com","twitter_card":"summary_large_image","twitter_misc":{"Escrito por":"apuntesdesanluis.com","Tiempo de lectura":"2 minutos"},"schema":{"@context":"https:\/\/schema.org","@graph":[{"@type":"Article","@id":"https:\/\/apuntesdesanluis.com\/index.php\/2024\/09\/26\/docentes-universitarios-inician-un-paro-de-48-horas-contra-el-ajuste-de-milei\/#article","isPartOf":{"@id":"https:\/\/apuntesdesanluis.com\/index.php\/2024\/09\/26\/docentes-universitarios-inician-un-paro-de-48-horas-contra-el-ajuste-de-milei\/"},"author":{"name":"apuntesdesanluis.com","@id":"https:\/\/apuntesdesanluis.com\/#\/schema\/person\/b55151d52296fcce64d1a72538a70b90"},"headline":"DOCENTES UNIVERSITARIOS INICIAN UN PARO DE 48 HORAS CONTRA EL AJUSTE DE MILEI","datePublished":"2024-09-26T14:39:01+00:00","mainEntityOfPage":{"@id":"https:\/\/apuntesdesanluis.com\/index.php\/2024\/09\/26\/docentes-universitarios-inician-un-paro-de-48-horas-contra-el-ajuste-de-milei\/"},"wordCount":312,"publisher":{"@id":"https:\/\/apuntesdesanluis.com\/#\/schema\/person\/b55151d52296fcce64d1a72538a70b90"},"image":{"@id":"https:\/\/apuntesdesanluis.com\/index.php\/2024\/09\/26\/docentes-universitarios-inician-un-paro-de-48-horas-contra-el-ajuste-de-milei\/#primaryimage"},"thumbnailUrl":"https:\/\/apuntesdesanluis.com\/wp-content\/uploads\/2024\/09\/educacion-publica.png","articleSection":["Nacionales\/Internacionales"],"inLanguage":"es-AR"},{"@type":"WebPage","@id":"https:\/\/apuntesdesanluis.com\/index.php\/2024\/09\/26\/docentes-universitarios-inician-un-paro-de-48-horas-contra-el-ajuste-de-milei\/","url":"https:\/\/apuntesdesanluis.com\/index.php\/2024\/09\/26\/docentes-universitarios-inician-un-paro-de-48-horas-contra-el-ajuste-de-milei\/","name":"DOCENTES UNIVERSITARIOS INICIAN UN PARO DE 48 HORAS CONTRA EL AJUSTE DE MILEI - Apuntes de San Luis","isPartOf":{"@id":"https:\/\/apuntesdesanluis.com\/#website"},"primaryImageOfPage":{"@id":"https:\/\/apuntesdesanluis.com\/index.php\/2024\/09\/26\/docentes-universitarios-inician-un-paro-de-48-horas-contra-el-ajuste-de-milei\/#primaryimage"},"image":{"@id":"https:\/\/apuntesdesanluis.com\/index.php\/2024\/09\/26\/docentes-universitarios-inician-un-paro-de-48-horas-contra-el-ajuste-de-milei\/#primaryimage"},"thumbnailUrl":"https:\/\/apuntesdesanluis.com\/wp-content\/uploads\/2024\/09\/educacion-publica.png","datePublished":"2024-09-26T14:39:01+00:00","breadcrumb":{"@id":"https:\/\/apuntesdesanluis.com\/index.php\/2024\/09\/26\/docentes-universitarios-inician-un-paro-de-48-horas-contra-el-ajuste-de-milei\/#breadcrumb"},"inLanguage":"es-AR","potentialAction":[{"@type":"ReadAction","target":["https:\/\/apuntesdesanluis.com\/index.php\/2024\/09\/26\/docentes-universitarios-inician-un-paro-de-48-horas-contra-el-ajuste-de-milei\/"]}]},{"@type":"ImageObject","inLanguage":"es-AR","@id":"https:\/\/apuntesdesanluis.com\/index.php\/2024\/09\/26\/docentes-universitarios-inician-un-paro-de-48-horas-contra-el-ajuste-de-milei\/#primaryimage","url":"https:\/\/apuntesdesanluis.com\/wp-content\/uploads\/2024\/09\/educacion-publica.png","contentUrl":"https:\/\/apuntesdesanluis.com\/wp-content\/uploads\/2024\/09\/educacion-publica.png","width":548,"height":346},{"@type":"BreadcrumbList","@id":"https:\/\/apuntesdesanluis.com\/index.php\/2024\/09\/26\/docentes-universitarios-inician-un-paro-de-48-horas-contra-el-ajuste-de-milei\/#breadcrumb","itemListElement":[{"@type":"ListItem","position":1,"name":"Inicio","item":"https:\/\/apuntesdesanluis.com\/"},{"@type":"ListItem","position":2,"name":"DOCENTES UNIVERSITARIOS INICIAN UN PARO DE 48 HORAS CONTRA EL AJUSTE DE MILEI"}]},{"@type":"WebSite","@id":"https:\/\/apuntesdesanluis.com\/#website","url":"https:\/\/apuntesdesanluis.com\/","name":"Apuntes de San Luis","description":"","publisher":{"@id":"https:\/\/apuntesdesanluis.com\/#\/schema\/person\/b55151d52296fcce64d1a72538a70b90"},"potentialAction":[{"@type":"SearchAction","target":{"@type":"EntryPoint","urlTemplate":"https:\/\/apuntesdesanluis.com\/?s={search_term_string}"},"query-input":{"@type":"PropertyValueSpecification","valueRequired":true,"valueName":"search_term_string"}}],"inLanguage":"es-AR"},{"@type":["Person","Organization"],"@id":"https:\/\/apuntesdesanluis.com\/#\/schema\/person\/b55151d52296fcce64d1a72538a70b90","name":"apuntesdesanluis.com","image":{"@type":"ImageObject","inLanguage":"es-AR","@id":"https:\/\/apuntesdesanluis.com\/#\/schema\/person\/image\/","url":"https:\/\/apuntesdesanluis.com\/wp-content\/uploads\/2023\/07\/cropped-apuntesdesanluis.png","contentUrl":"https:\/\/apuntesdesanluis.com\/wp-content\/uploads\/2023\/07\/cropped-apuntesdesanluis.png","width":450,"height":112,"caption":"apuntesdesanluis.com"},"logo":{"@id":"https:\/\/apuntesdesanluis.com\/#\/schema\/person\/image\/"},"sameAs":["https:\/\/apuntesdesanluis.com"],"url":"https:\/\/apuntesdesanluis.com\/index.php\/author\/apuntesdesanluis-com\/"}]}},"featured_image_urls":{"full":["https:\/\/apuntesdesanluis.com\/wp-content\/uploads\/2024\/09\/educacion-publica.png",548,346,false],"thumbnail":["https:\/\/apuntesdesanluis.com\/wp-content\/uploads\/2024\/09\/educacion-publica-150x150.png",150,150,true],"medium":["https:\/\/apuntesdesanluis.com\/wp-content\/uploads\/2024\/09\/educacion-publica-300x189.png",300,189,true],"medium_large":["https:\/\/apuntesdesanluis.com\/wp-content\/uploads\/2024\/09\/educacion-publica.png",548,346,false],"large":["https:\/\/apuntesdesanluis.com\/wp-content\/uploads\/2024\/09\/educacion-publica.png",548,346,false],"1536x1536":["https:\/\/apuntesdesanluis.com\/wp-content\/uploads\/2024\/09\/educacion-publica.png",548,346,false],"2048x2048":["https:\/\/apuntesdesanluis.com\/wp-content\/uploads\/2024\/09\/educacion-publica.png",548,346,false],"newsever-slider-full":["https:\/\/apuntesdesanluis.com\/wp-content\/uploads\/2024\/09\/educacion-publica.png",548,346,false],"newsever-featured":["https:\/\/apuntesdesanluis.com\/wp-content\/uploads\/2024\/09\/educacion-publica.png",548,346,false],"newsever-medium":["https:\/\/apuntesdesanluis.com\/wp-content\/uploads\/2024\/09\/educacion-publica.png",548,346,false]},"author_info":{"display_name":"apuntesdesanluis.com","author_link":"https:\/\/apuntesdesanluis.com\/index.php\/author\/apuntesdesanluis-com\/"},"category_info":"<a href=\"https:\/\/apuntesdesanluis.com\/index.php\/category\/nacionales-internacionales\/\" rel=\"category tag\">Nacionales\/Internacionales<\/a>","tag_info":"Nacionales\/Internacionales","comment_count":"0","_links":{"self":[{"href":"https:\/\/apuntesdesanluis.com\/index.php\/wp-json\/wp\/v2\/posts\/22973","targetHints":{"allow":["GET"]}}],"collection":[{"href":"https:\/\/apuntesdesanluis.com\/index.php\/wp-json\/wp\/v2\/posts"}],"about":[{"href":"https:\/\/apuntesdesanluis.com\/index.php\/wp-json\/wp\/v2\/types\/post"}],"author":[{"embeddable":true,"href":"https:\/\/apuntesdesanluis.com\/index.php\/wp-json\/wp\/v2\/users\/1"}],"replies":[{"embeddable":true,"href":"https:\/\/apuntesdesanluis.com\/index.php\/wp-json\/wp\/v2\/comments?post=22973"}],"version-history":[{"count":1,"href":"https:\/\/apuntesdesanluis.com\/index.php\/wp-json\/wp\/v2\/posts\/22973\/revisions"}],"predecessor-version":[{"id":22975,"href":"https:\/\/apuntesdesanluis.com\/index.php\/wp-json\/wp\/v2\/posts\/22973\/revisions\/22975"}],"wp:featuredmedia":[{"embeddable":true,"href":"https:\/\/apuntesdesanluis.com\/index.php\/wp-json\/wp\/v2\/media\/22974"}],"wp:attachment":[{"href":"https:\/\/apuntesdesanluis.com\/index.php\/wp-json\/wp\/v2\/media?parent=22973"}],"wp:term":[{"taxonomy":"category","embeddable":true,"href":"https:\/\/apuntesdesanluis.com\/index.php\/wp-json\/wp\/v2\/categories?post=22973"},{"taxonomy":"post_tag","embeddable":true,"href":"https:\/\/apuntesdesanluis.com\/index.php\/wp-json\/wp\/v2\/tags?post=22973"}],"curies":[{"name":"wp","href":"https:\/\/api.w.org\/{rel}","templated":true}]}}