{"id":22976,"date":"2024-09-25T21:41:12","date_gmt":"2024-09-26T00:41:12","guid":{"rendered":"https:\/\/apuntesdesanluis.com\/?p=22976"},"modified":"2024-09-26T11:43:49","modified_gmt":"2024-09-26T14:43:49","slug":"la-universidad-convoca-a-marchar-nuevamente-en-defensa-de-la-educacion-publica","status":"publish","type":"post","link":"https:\/\/apuntesdesanluis.com\/index.php\/2024\/09\/25\/la-universidad-convoca-a-marchar-nuevamente-en-defensa-de-la-educacion-publica\/","title":{"rendered":"LA UNIVERSIDAD CONVOCA A MARCHAR NUEVAMENTE EN DEFENSA DE LA EDUCACI\u00d3N P\u00daBLICA"},"content":{"rendered":"<h3>El llamado es para el mi\u00e9rcoles 2 de octubre a las 17:30 horas. La concentraci\u00f3n ser\u00e1 en el Correo Argentino y culminar\u00e1 en el edificio de Rectorado. Se invita a toda la sociedad a acompa\u00f1ar esta manifestaci\u00f3n nacional de lucha y protesta.<\/h3>\n<h3>Ser\u00e1 una marcha convocada en acuerdo por los diferentes sindicatos docentes y nodocente y agrupaciones estudiantiles, en compa\u00f1\u00eda de toda la comunidad universitaria. La concentraci\u00f3n ser\u00e1 a las 17:30 horas en el Correo Argentino, iniciar\u00e1 a las 18:00 horas costeando (en contramano) la Plaza Pringles hasta la calle Rivadavia, se har\u00e1 una parada breve en el Comedor Universitario para que se incorporen quienes no puedan realizar todo el recorrido, y finalizar\u00e1 en el Rectorado con un abrazo simb\u00f3lico. All\u00ed se leer\u00e1 un comunicado y se adherir\u00e1 a la declaraci\u00f3n en defensa del financiamiento universitario del Consejo Interuniversitario Nacional (CIN) del d\u00eda 24 de septiembre.<\/h3>\n<h3>Desde la organizaci\u00f3n se inform\u00f3 que se est\u00e1 coordinando con sindicatos de las otras universidades nacionales de la Provincia para que puedan hacerse tres (3) grandes marchas en las sedes donde reside cada una de ellas: San Luis, Villa Mercedes y Merlo.<\/h3>\n<p><img fetchpriority=\"high\" decoding=\"async\" class=\"wp-image-22978 aligncenter\" src=\"https:\/\/apuntesdesanluis.com\/wp-content\/uploads\/2024\/09\/sectores-1-300x117.png\" alt=\"\" width=\"641\" height=\"250\" srcset=\"https:\/\/apuntesdesanluis.com\/wp-content\/uploads\/2024\/09\/sectores-1-300x117.png 300w, https:\/\/apuntesdesanluis.com\/wp-content\/uploads\/2024\/09\/sectores-1.png 712w\" sizes=\"(max-width: 641px) 100vw, 641px\" \/><\/p>\n<h3>Sobre la marcha nacional, el rector de la Universidad Nacional de San Luis (UNSL), C.P.N. V\u00edctor Mori\u00f1igo, explic\u00f3 que es de acompa\u00f1amiento al dif\u00edcil momento que est\u00e1n viviendo los y las trabajadores\/as de las universidades en todo el pa\u00eds. \u00abEl Gobierno no sabe, no puede, no quiere y no encuentra ninguna manera, con lo cual nosotros abrazamos la \u00fanica manera que entendemos que es salir a la calle y concientizar sobre esto. No tiene que ver con ning\u00fan reclamo sectorial de quienes hoy estamos aqu\u00ed, sino que tiene que ver con algo mucho m\u00e1s profundo que es que cada uno de los hogares argentinos no van a poder contar con la Universidad que es la generadora de una esperanza y un futuro mejor para nuestros j\u00f3venes. (\u2026) Les pedimos al pueblo que nos acompa\u00f1e a marchar en paz y con fuerza\u00bb, manifest\u00f3.<\/h3>\n<h3>Por su parte, el secretario General de la UNSL, Dr. Ra\u00fal Gil, invit\u00f3 a toda la comunidad y a toda la familia universitaria a que se manifiesten, a que lleven ese mensaje transformador a la sociedad y que se entienda que la Universidad tiene un rol fundamental para la ciudad de San Luis, para la Provincia y para la sociedad. \u00abLos trabajadores docentes y nodocentes est\u00e1n pasando por situaciones muy cr\u00edticas y tenemos poca memoria de otra situaci\u00f3n igual en el pasado reciente. La Universidad necesita que la sociedad la apoye\u00bb, resalt\u00f3.<\/h3>\n<h3>Omar Quinteros, secretario General de la Asociaci\u00f3n del Personal de la Universidad (APUNSL), expres\u00f3 que ahora m\u00e1s que nunca se tiene que defender la educaci\u00f3n p\u00fablica, la universidad del pa\u00eds: \u00abcreemos que la educaci\u00f3n no solo es un derecho y estamos convencidos que sin educaci\u00f3n no hay futuro\u00bb.<\/h3>\n<p><img decoding=\"async\" class=\"wp-image-22979 aligncenter\" src=\"https:\/\/apuntesdesanluis.com\/wp-content\/uploads\/2024\/09\/sectores-300x102.png\" alt=\"\" width=\"679\" height=\"231\" srcset=\"https:\/\/apuntesdesanluis.com\/wp-content\/uploads\/2024\/09\/sectores-300x102.png 300w, https:\/\/apuntesdesanluis.com\/wp-content\/uploads\/2024\/09\/sectores-768x260.png 768w, https:\/\/apuntesdesanluis.com\/wp-content\/uploads\/2024\/09\/sectores.png 841w\" sizes=\"(max-width: 679px) 100vw, 679px\" \/><\/p>\n<h3>La secretaria General del Sindicato de Investigadores y Docentes Universitarios (SIDIU) San Luis, Jimena Juri Ayub, dijo: \u00abentendemos que lo que est\u00e1 ocurriendo no es solo una disminuci\u00f3n del salario de los docentes y nodocentes sino que el Gobierno est\u00e1 llevando un ataque brutal contra lo que entendemos como nuestro sistema universitario, y es por eso que estamos todos juntos defendi\u00e9ndolo\u00bb.<\/h3>\n<h3>El secretario Adjunto de la Asociaci\u00f3n de Docentes Universitarios (ADU), Diego Costa, se refiri\u00f3 a la situaci\u00f3n actual como insostenible. \u00abSin salarios dignos no hay universidad p\u00fablica, sin universidad p\u00fablica, sin sistema cient\u00edfico tecnol\u00f3gico, con esta pol\u00edtica de ajuste, con esta pol\u00edtica donde se intenta privatizar el patrimonio del Estado y donde se intenta desarticular todas las funciones sociales del Estado, no tenemos futuro como naci\u00f3n independiente, no tenemos futuro como pa\u00eds\u00bb, enfatiz\u00f3.<\/h3>\n<h3>Desde San Luis Independiente, Malena Niemetz, coment\u00f3 que la idea tambi\u00e9n es ir a buscar a esa comunidad, a la que despu\u00e9s como futuros\/as profesionales se insertan. En este sentido, Luz Eggel, dijo que la sociedad es parte de la universidad p\u00fablica y es su derecho garantizarlo y defenderlo. \u00abLa educaci\u00f3n p\u00fablica es de todos y se defiende\u00bb, remarc\u00f3.<\/h3>\n<p><img decoding=\"async\" class=\"wp-image-22980 aligncenter\" src=\"https:\/\/apuntesdesanluis.com\/wp-content\/uploads\/2024\/09\/morinigo-no-al-veto-300x206.png\" alt=\"\" width=\"693\" height=\"476\" srcset=\"https:\/\/apuntesdesanluis.com\/wp-content\/uploads\/2024\/09\/morinigo-no-al-veto-300x206.png 300w, https:\/\/apuntesdesanluis.com\/wp-content\/uploads\/2024\/09\/morinigo-no-al-veto-768x528.png 768w, https:\/\/apuntesdesanluis.com\/wp-content\/uploads\/2024\/09\/morinigo-no-al-veto.png 891w\" sizes=\"(max-width: 693px) 100vw, 693px\" \/><\/p>\n<h3>Para finalizar, Santiago Oyola de Franja Morada, expres\u00f3: \u00abqueremos levantar la voz, exigir respuestas y convocar al pueblo argentino a que nos acompa\u00f1e a una nueva manifestaci\u00f3n pac\u00edfica en defensa de la educaci\u00f3n p\u00fablica, gratuita y de calidad\u00bb.<\/h3>\n<h3><strong>DATO<\/strong><\/h3>\n<h3>En la conferencia de prensa que se llev\u00f3 a cabo este mediod\u00eda en el Sal\u00f3n de los Escudos, donde se brindaron detalles de la marcha, las personas presentes firmaron la adhesi\u00f3n al documento del CIN en defensa del financiamiento universitario.<\/h3>\n","protected":false},"excerpt":{"rendered":"<p>El llamado es para el mi\u00e9rcoles 2 de octubre a las 17:30 horas. La concentraci\u00f3n&#8230;<\/p>\n","protected":false},"author":1,"featured_media":22977,"comment_status":"closed","ping_status":"closed","sticky":false,"template":"","format":"standard","meta":{"footnotes":""},"categories":[6],"tags":[],"class_list":["post-22976","post","type-post","status-publish","format-standard","has-post-thumbnail","hentry","category-ciudad-provincia"],"yoast_head":"<!-- This site is optimized with the Yoast SEO plugin v26.1.1 - https:\/\/yoast.com\/wordpress\/plugins\/seo\/ -->\n<title>LA UNIVERSIDAD CONVOCA A MARCHAR NUEVAMENTE EN DEFENSA DE LA EDUCACI\u00d3N P\u00daBLICA - Apuntes de San Luis<\/title>\n<meta name=\"robots\" content=\"index, follow, max-snippet:-1, max-image-preview:large, max-video-preview:-1\" \/>\n<link rel=\"canonical\" href=\"https:\/\/apuntesdesanluis.com\/index.php\/2024\/09\/25\/la-universidad-convoca-a-marchar-nuevamente-en-defensa-de-la-educacion-publica\/\" \/>\n<meta property=\"og:locale\" content=\"es_ES\" \/>\n<meta property=\"og:type\" content=\"article\" \/>\n<meta property=\"og:title\" content=\"LA UNIVERSIDAD CONVOCA A MARCHAR NUEVAMENTE EN DEFENSA DE LA EDUCACI\u00d3N P\u00daBLICA - Apuntes de San Luis\" \/>\n<meta property=\"og:description\" content=\"El llamado es para el mi\u00e9rcoles 2 de octubre a las 17:30 horas. La concentraci\u00f3n...\" \/>\n<meta property=\"og:url\" content=\"https:\/\/apuntesdesanluis.com\/index.php\/2024\/09\/25\/la-universidad-convoca-a-marchar-nuevamente-en-defensa-de-la-educacion-publica\/\" \/>\n<meta property=\"og:site_name\" content=\"Apuntes de San Luis\" \/>\n<meta property=\"article:published_time\" content=\"2024-09-26T00:41:12+00:00\" \/>\n<meta property=\"article:modified_time\" content=\"2024-09-26T14:43:49+00:00\" \/>\n<meta property=\"og:image\" content=\"https:\/\/apuntesdesanluis.com\/wp-content\/uploads\/2024\/09\/morinigo-portada.png\" \/>\n\t<meta property=\"og:image:width\" content=\"855\" \/>\n\t<meta property=\"og:image:height\" content=\"543\" \/>\n\t<meta property=\"og:image:type\" content=\"image\/png\" \/>\n<meta name=\"author\" content=\"apuntesdesanluis.com\" \/>\n<meta name=\"twitter:card\" content=\"summary_large_image\" \/>\n<meta name=\"twitter:label1\" content=\"Escrito por\" \/>\n\t<meta name=\"twitter:data1\" content=\"apuntesdesanluis.com\" \/>\n\t<meta name=\"twitter:label2\" content=\"Tiempo de lectura\" \/>\n\t<meta name=\"twitter:data2\" content=\"5 minutos\" \/>\n<script type=\"application\/ld+json\" class=\"yoast-schema-graph\">{\"@context\":\"https:\/\/schema.org\",\"@graph\":[{\"@type\":\"Article\",\"@id\":\"https:\/\/apuntesdesanluis.com\/index.php\/2024\/09\/25\/la-universidad-convoca-a-marchar-nuevamente-en-defensa-de-la-educacion-publica\/#article\",\"isPartOf\":{\"@id\":\"https:\/\/apuntesdesanluis.com\/index.php\/2024\/09\/25\/la-universidad-convoca-a-marchar-nuevamente-en-defensa-de-la-educacion-publica\/\"},\"author\":{\"name\":\"apuntesdesanluis.com\",\"@id\":\"https:\/\/apuntesdesanluis.com\/#\/schema\/person\/b55151d52296fcce64d1a72538a70b90\"},\"headline\":\"LA UNIVERSIDAD CONVOCA A MARCHAR NUEVAMENTE EN DEFENSA DE LA EDUCACI\u00d3N P\u00daBLICA\",\"datePublished\":\"2024-09-26T00:41:12+00:00\",\"dateModified\":\"2024-09-26T14:43:49+00:00\",\"mainEntityOfPage\":{\"@id\":\"https:\/\/apuntesdesanluis.com\/index.php\/2024\/09\/25\/la-universidad-convoca-a-marchar-nuevamente-en-defensa-de-la-educacion-publica\/\"},\"wordCount\":809,\"publisher\":{\"@id\":\"https:\/\/apuntesdesanluis.com\/#\/schema\/person\/b55151d52296fcce64d1a72538a70b90\"},\"image\":{\"@id\":\"https:\/\/apuntesdesanluis.com\/index.php\/2024\/09\/25\/la-universidad-convoca-a-marchar-nuevamente-en-defensa-de-la-educacion-publica\/#primaryimage\"},\"thumbnailUrl\":\"https:\/\/apuntesdesanluis.com\/wp-content\/uploads\/2024\/09\/morinigo-portada.png\",\"articleSection\":[\"Ciudad\/Provincia\"],\"inLanguage\":\"es-AR\"},{\"@type\":\"WebPage\",\"@id\":\"https:\/\/apuntesdesanluis.com\/index.php\/2024\/09\/25\/la-universidad-convoca-a-marchar-nuevamente-en-defensa-de-la-educacion-publica\/\",\"url\":\"https:\/\/apuntesdesanluis.com\/index.php\/2024\/09\/25\/la-universidad-convoca-a-marchar-nuevamente-en-defensa-de-la-educacion-publica\/\",\"name\":\"LA UNIVERSIDAD CONVOCA A MARCHAR NUEVAMENTE EN DEFENSA DE LA EDUCACI\u00d3N P\u00daBLICA - Apuntes de San Luis\",\"isPartOf\":{\"@id\":\"https:\/\/apuntesdesanluis.com\/#website\"},\"primaryImageOfPage\":{\"@id\":\"https:\/\/apuntesdesanluis.com\/index.php\/2024\/09\/25\/la-universidad-convoca-a-marchar-nuevamente-en-defensa-de-la-educacion-publica\/#primaryimage\"},\"image\":{\"@id\":\"https:\/\/apuntesdesanluis.com\/index.php\/2024\/09\/25\/la-universidad-convoca-a-marchar-nuevamente-en-defensa-de-la-educacion-publica\/#primaryimage\"},\"thumbnailUrl\":\"https:\/\/apuntesdesanluis.com\/wp-content\/uploads\/2024\/09\/morinigo-portada.png\",\"datePublished\":\"2024-09-26T00:41:12+00:00\",\"dateModified\":\"2024-09-26T14:43:49+00:00\",\"breadcrumb\":{\"@id\":\"https:\/\/apuntesdesanluis.com\/index.php\/2024\/09\/25\/la-universidad-convoca-a-marchar-nuevamente-en-defensa-de-la-educacion-publica\/#breadcrumb\"},\"inLanguage\":\"es-AR\",\"potentialAction\":[{\"@type\":\"ReadAction\",\"target\":[\"https:\/\/apuntesdesanluis.com\/index.php\/2024\/09\/25\/la-universidad-convoca-a-marchar-nuevamente-en-defensa-de-la-educacion-publica\/\"]}]},{\"@type\":\"ImageObject\",\"inLanguage\":\"es-AR\",\"@id\":\"https:\/\/apuntesdesanluis.com\/index.php\/2024\/09\/25\/la-universidad-convoca-a-marchar-nuevamente-en-defensa-de-la-educacion-publica\/#primaryimage\",\"url\":\"https:\/\/apuntesdesanluis.com\/wp-content\/uploads\/2024\/09\/morinigo-portada.png\",\"contentUrl\":\"https:\/\/apuntesdesanluis.com\/wp-content\/uploads\/2024\/09\/morinigo-portada.png\",\"width\":855,\"height\":543},{\"@type\":\"BreadcrumbList\",\"@id\":\"https:\/\/apuntesdesanluis.com\/index.php\/2024\/09\/25\/la-universidad-convoca-a-marchar-nuevamente-en-defensa-de-la-educacion-publica\/#breadcrumb\",\"itemListElement\":[{\"@type\":\"ListItem\",\"position\":1,\"name\":\"Inicio\",\"item\":\"https:\/\/apuntesdesanluis.com\/\"},{\"@type\":\"ListItem\",\"position\":2,\"name\":\"LA UNIVERSIDAD CONVOCA A MARCHAR NUEVAMENTE EN DEFENSA DE LA EDUCACI\u00d3N P\u00daBLICA\"}]},{\"@type\":\"WebSite\",\"@id\":\"https:\/\/apuntesdesanluis.com\/#website\",\"url\":\"https:\/\/apuntesdesanluis.com\/\",\"name\":\"Apuntes de San Luis\",\"description\":\"\",\"publisher\":{\"@id\":\"https:\/\/apuntesdesanluis.com\/#\/schema\/person\/b55151d52296fcce64d1a72538a70b90\"},\"potentialAction\":[{\"@type\":\"SearchAction\",\"target\":{\"@type\":\"EntryPoint\",\"urlTemplate\":\"https:\/\/apuntesdesanluis.com\/?s={search_term_string}\"},\"query-input\":{\"@type\":\"PropertyValueSpecification\",\"valueRequired\":true,\"valueName\":\"search_term_string\"}}],\"inLanguage\":\"es-AR\"},{\"@type\":[\"Person\",\"Organization\"],\"@id\":\"https:\/\/apuntesdesanluis.com\/#\/schema\/person\/b55151d52296fcce64d1a72538a70b90\",\"name\":\"apuntesdesanluis.com\",\"image\":{\"@type\":\"ImageObject\",\"inLanguage\":\"es-AR\",\"@id\":\"https:\/\/apuntesdesanluis.com\/#\/schema\/person\/image\/\",\"url\":\"https:\/\/apuntesdesanluis.com\/wp-content\/uploads\/2023\/07\/cropped-apuntesdesanluis.png\",\"contentUrl\":\"https:\/\/apuntesdesanluis.com\/wp-content\/uploads\/2023\/07\/cropped-apuntesdesanluis.png\",\"width\":450,\"height\":112,\"caption\":\"apuntesdesanluis.com\"},\"logo\":{\"@id\":\"https:\/\/apuntesdesanluis.com\/#\/schema\/person\/image\/\"},\"sameAs\":[\"https:\/\/apuntesdesanluis.com\"],\"url\":\"https:\/\/apuntesdesanluis.com\/index.php\/author\/apuntesdesanluis-com\/\"}]}<\/script>\n<!-- \/ Yoast SEO plugin. -->","yoast_head_json":{"title":"LA UNIVERSIDAD CONVOCA A MARCHAR NUEVAMENTE EN DEFENSA DE LA EDUCACI\u00d3N P\u00daBLICA - Apuntes de San Luis","robots":{"index":"index","follow":"follow","max-snippet":"max-snippet:-1","max-image-preview":"max-image-preview:large","max-video-preview":"max-video-preview:-1"},"canonical":"https:\/\/apuntesdesanluis.com\/index.php\/2024\/09\/25\/la-universidad-convoca-a-marchar-nuevamente-en-defensa-de-la-educacion-publica\/","og_locale":"es_ES","og_type":"article","og_title":"LA UNIVERSIDAD CONVOCA A MARCHAR NUEVAMENTE EN DEFENSA DE LA EDUCACI\u00d3N P\u00daBLICA - Apuntes de San Luis","og_description":"El llamado es para el mi\u00e9rcoles 2 de octubre a las 17:30 horas. La concentraci\u00f3n...","og_url":"https:\/\/apuntesdesanluis.com\/index.php\/2024\/09\/25\/la-universidad-convoca-a-marchar-nuevamente-en-defensa-de-la-educacion-publica\/","og_site_name":"Apuntes de San Luis","article_published_time":"2024-09-26T00:41:12+00:00","article_modified_time":"2024-09-26T14:43:49+00:00","og_image":[{"width":855,"height":543,"url":"https:\/\/apuntesdesanluis.com\/wp-content\/uploads\/2024\/09\/morinigo-portada.png","type":"image\/png"}],"author":"apuntesdesanluis.com","twitter_card":"summary_large_image","twitter_misc":{"Escrito por":"apuntesdesanluis.com","Tiempo de lectura":"5 minutos"},"schema":{"@context":"https:\/\/schema.org","@graph":[{"@type":"Article","@id":"https:\/\/apuntesdesanluis.com\/index.php\/2024\/09\/25\/la-universidad-convoca-a-marchar-nuevamente-en-defensa-de-la-educacion-publica\/#article","isPartOf":{"@id":"https:\/\/apuntesdesanluis.com\/index.php\/2024\/09\/25\/la-universidad-convoca-a-marchar-nuevamente-en-defensa-de-la-educacion-publica\/"},"author":{"name":"apuntesdesanluis.com","@id":"https:\/\/apuntesdesanluis.com\/#\/schema\/person\/b55151d52296fcce64d1a72538a70b90"},"headline":"LA UNIVERSIDAD CONVOCA A MARCHAR NUEVAMENTE EN DEFENSA DE LA EDUCACI\u00d3N P\u00daBLICA","datePublished":"2024-09-26T00:41:12+00:00","dateModified":"2024-09-26T14:43:49+00:00","mainEntityOfPage":{"@id":"https:\/\/apuntesdesanluis.com\/index.php\/2024\/09\/25\/la-universidad-convoca-a-marchar-nuevamente-en-defensa-de-la-educacion-publica\/"},"wordCount":809,"publisher":{"@id":"https:\/\/apuntesdesanluis.com\/#\/schema\/person\/b55151d52296fcce64d1a72538a70b90"},"image":{"@id":"https:\/\/apuntesdesanluis.com\/index.php\/2024\/09\/25\/la-universidad-convoca-a-marchar-nuevamente-en-defensa-de-la-educacion-publica\/#primaryimage"},"thumbnailUrl":"https:\/\/apuntesdesanluis.com\/wp-content\/uploads\/2024\/09\/morinigo-portada.png","articleSection":["Ciudad\/Provincia"],"inLanguage":"es-AR"},{"@type":"WebPage","@id":"https:\/\/apuntesdesanluis.com\/index.php\/2024\/09\/25\/la-universidad-convoca-a-marchar-nuevamente-en-defensa-de-la-educacion-publica\/","url":"https:\/\/apuntesdesanluis.com\/index.php\/2024\/09\/25\/la-universidad-convoca-a-marchar-nuevamente-en-defensa-de-la-educacion-publica\/","name":"LA UNIVERSIDAD CONVOCA A MARCHAR NUEVAMENTE EN DEFENSA DE LA EDUCACI\u00d3N P\u00daBLICA - Apuntes de San Luis","isPartOf":{"@id":"https:\/\/apuntesdesanluis.com\/#website"},"primaryImageOfPage":{"@id":"https:\/\/apuntesdesanluis.com\/index.php\/2024\/09\/25\/la-universidad-convoca-a-marchar-nuevamente-en-defensa-de-la-educacion-publica\/#primaryimage"},"image":{"@id":"https:\/\/apuntesdesanluis.com\/index.php\/2024\/09\/25\/la-universidad-convoca-a-marchar-nuevamente-en-defensa-de-la-educacion-publica\/#primaryimage"},"thumbnailUrl":"https:\/\/apuntesdesanluis.com\/wp-content\/uploads\/2024\/09\/morinigo-portada.png","datePublished":"2024-09-26T00:41:12+00:00","dateModified":"2024-09-26T14:43:49+00:00","breadcrumb":{"@id":"https:\/\/apuntesdesanluis.com\/index.php\/2024\/09\/25\/la-universidad-convoca-a-marchar-nuevamente-en-defensa-de-la-educacion-publica\/#breadcrumb"},"inLanguage":"es-AR","potentialAction":[{"@type":"ReadAction","target":["https:\/\/apuntesdesanluis.com\/index.php\/2024\/09\/25\/la-universidad-convoca-a-marchar-nuevamente-en-defensa-de-la-educacion-publica\/"]}]},{"@type":"ImageObject","inLanguage":"es-AR","@id":"https:\/\/apuntesdesanluis.com\/index.php\/2024\/09\/25\/la-universidad-convoca-a-marchar-nuevamente-en-defensa-de-la-educacion-publica\/#primaryimage","url":"https:\/\/apuntesdesanluis.com\/wp-content\/uploads\/2024\/09\/morinigo-portada.png","contentUrl":"https:\/\/apuntesdesanluis.com\/wp-content\/uploads\/2024\/09\/morinigo-portada.png","width":855,"height":543},{"@type":"BreadcrumbList","@id":"https:\/\/apuntesdesanluis.com\/index.php\/2024\/09\/25\/la-universidad-convoca-a-marchar-nuevamente-en-defensa-de-la-educacion-publica\/#breadcrumb","itemListElement":[{"@type":"ListItem","position":1,"name":"Inicio","item":"https:\/\/apuntesdesanluis.com\/"},{"@type":"ListItem","position":2,"name":"LA UNIVERSIDAD CONVOCA A MARCHAR NUEVAMENTE EN DEFENSA DE LA EDUCACI\u00d3N P\u00daBLICA"}]},{"@type":"WebSite","@id":"https:\/\/apuntesdesanluis.com\/#website","url":"https:\/\/apuntesdesanluis.com\/","name":"Apuntes de San Luis","description":"","publisher":{"@id":"https:\/\/apuntesdesanluis.com\/#\/schema\/person\/b55151d52296fcce64d1a72538a70b90"},"potentialAction":[{"@type":"SearchAction","target":{"@type":"EntryPoint","urlTemplate":"https:\/\/apuntesdesanluis.com\/?s={search_term_string}"},"query-input":{"@type":"PropertyValueSpecification","valueRequired":true,"valueName":"search_term_string"}}],"inLanguage":"es-AR"},{"@type":["Person","Organization"],"@id":"https:\/\/apuntesdesanluis.com\/#\/schema\/person\/b55151d52296fcce64d1a72538a70b90","name":"apuntesdesanluis.com","image":{"@type":"ImageObject","inLanguage":"es-AR","@id":"https:\/\/apuntesdesanluis.com\/#\/schema\/person\/image\/","url":"https:\/\/apuntesdesanluis.com\/wp-content\/uploads\/2023\/07\/cropped-apuntesdesanluis.png","contentUrl":"https:\/\/apuntesdesanluis.com\/wp-content\/uploads\/2023\/07\/cropped-apuntesdesanluis.png","width":450,"height":112,"caption":"apuntesdesanluis.com"},"logo":{"@id":"https:\/\/apuntesdesanluis.com\/#\/schema\/person\/image\/"},"sameAs":["https:\/\/apuntesdesanluis.com"],"url":"https:\/\/apuntesdesanluis.com\/index.php\/author\/apuntesdesanluis-com\/"}]}},"featured_image_urls":{"full":["https:\/\/apuntesdesanluis.com\/wp-content\/uploads\/2024\/09\/morinigo-portada.png",855,543,false],"thumbnail":["https:\/\/apuntesdesanluis.com\/wp-content\/uploads\/2024\/09\/morinigo-portada-150x150.png",150,150,true],"medium":["https:\/\/apuntesdesanluis.com\/wp-content\/uploads\/2024\/09\/morinigo-portada-300x191.png",300,191,true],"medium_large":["https:\/\/apuntesdesanluis.com\/wp-content\/uploads\/2024\/09\/morinigo-portada-768x488.png",640,407,true],"large":["https:\/\/apuntesdesanluis.com\/wp-content\/uploads\/2024\/09\/morinigo-portada.png",640,406,false],"1536x1536":["https:\/\/apuntesdesanluis.com\/wp-content\/uploads\/2024\/09\/morinigo-portada.png",855,543,false],"2048x2048":["https:\/\/apuntesdesanluis.com\/wp-content\/uploads\/2024\/09\/morinigo-portada.png",855,543,false],"newsever-slider-full":["https:\/\/apuntesdesanluis.com\/wp-content\/uploads\/2024\/09\/morinigo-portada.png",855,543,false],"newsever-featured":["https:\/\/apuntesdesanluis.com\/wp-content\/uploads\/2024\/09\/morinigo-portada.png",855,543,false],"newsever-medium":["https:\/\/apuntesdesanluis.com\/wp-content\/uploads\/2024\/09\/morinigo-portada-720x475.png",720,475,true]},"author_info":{"display_name":"apuntesdesanluis.com","author_link":"https:\/\/apuntesdesanluis.com\/index.php\/author\/apuntesdesanluis-com\/"},"category_info":"<a href=\"https:\/\/apuntesdesanluis.com\/index.php\/category\/ciudad-provincia\/\" rel=\"category tag\">Ciudad\/Provincia<\/a>","tag_info":"Ciudad\/Provincia","comment_count":"0","_links":{"self":[{"href":"https:\/\/apuntesdesanluis.com\/index.php\/wp-json\/wp\/v2\/posts\/22976","targetHints":{"allow":["GET"]}}],"collection":[{"href":"https:\/\/apuntesdesanluis.com\/index.php\/wp-json\/wp\/v2\/posts"}],"about":[{"href":"https:\/\/apuntesdesanluis.com\/index.php\/wp-json\/wp\/v2\/types\/post"}],"author":[{"embeddable":true,"href":"https:\/\/apuntesdesanluis.com\/index.php\/wp-json\/wp\/v2\/users\/1"}],"replies":[{"embeddable":true,"href":"https:\/\/apuntesdesanluis.com\/index.php\/wp-json\/wp\/v2\/comments?post=22976"}],"version-history":[{"count":1,"href":"https:\/\/apuntesdesanluis.com\/index.php\/wp-json\/wp\/v2\/posts\/22976\/revisions"}],"predecessor-version":[{"id":22981,"href":"https:\/\/apuntesdesanluis.com\/index.php\/wp-json\/wp\/v2\/posts\/22976\/revisions\/22981"}],"wp:featuredmedia":[{"embeddable":true,"href":"https:\/\/apuntesdesanluis.com\/index.php\/wp-json\/wp\/v2\/media\/22977"}],"wp:attachment":[{"href":"https:\/\/apuntesdesanluis.com\/index.php\/wp-json\/wp\/v2\/media?parent=22976"}],"wp:term":[{"taxonomy":"category","embeddable":true,"href":"https:\/\/apuntesdesanluis.com\/index.php\/wp-json\/wp\/v2\/categories?post=22976"},{"taxonomy":"post_tag","embeddable":true,"href":"https:\/\/apuntesdesanluis.com\/index.php\/wp-json\/wp\/v2\/tags?post=22976"}],"curies":[{"name":"wp","href":"https:\/\/api.w.org\/{rel}","templated":true}]}}