{"id":22982,"date":"2024-09-26T12:38:57","date_gmt":"2024-09-26T15:38:57","guid":{"rendered":"https:\/\/apuntesdesanluis.com\/?p=22982"},"modified":"2024-09-26T12:41:31","modified_gmt":"2024-09-26T15:41:31","slug":"sergio-garis-vivimos-el-goce-de-la-crueldad","status":"publish","type":"post","link":"https:\/\/apuntesdesanluis.com\/index.php\/2024\/09\/26\/sergio-garis-vivimos-el-goce-de-la-crueldad\/","title":{"rendered":"SERGIO GARIS: \u201cVIVIMOS EL GOCE DE LA CRUELDAD\u201d"},"content":{"rendered":"<h3>Para entender un poco esto que nos pasa a los argentinos, en <span style=\"color: #3366ff;\"><strong>Dejame un T\u00edtulo<\/strong><\/span> invitamos para conversar a un Psic\u00f3logo Social, <strong>Sergio Garis<\/strong>.<\/h3>\n<h3>El profesional es integrante y colaborador de <strong>elestudiowork<\/strong> en Villa Mercedes, un lugar especial que presentamos anteriormente, y en el que grabamos el programa.<\/h3>\n<h3>\u201cNosotros desde nuestra profesi\u00f3n miramos a la persona en situaci\u00f3n. Y esa situaci\u00f3n puede ser la familia, el trabajo, la ciudad. Nosotros convivimos con las personas en un tiempo y en un espacio, con las que nos vamos relacionando. Desde la psicolog\u00eda social trabajamos la cr\u00edtica de la vida cotidiana\u201d, explica did\u00e1ctico.<\/h3>\n<p><img fetchpriority=\"high\" decoding=\"async\" class=\"wp-image-19351 aligncenter\" src=\"https:\/\/apuntesdesanluis.com\/wp-content\/uploads\/2024\/07\/Logo-dejame-un-titulo.-1-300x195.jpg\" alt=\"\" width=\"595\" height=\"387\" srcset=\"https:\/\/apuntesdesanluis.com\/wp-content\/uploads\/2024\/07\/Logo-dejame-un-titulo.-1-300x195.jpg 300w, https:\/\/apuntesdesanluis.com\/wp-content\/uploads\/2024\/07\/Logo-dejame-un-titulo.-1-768x498.jpg 768w, https:\/\/apuntesdesanluis.com\/wp-content\/uploads\/2024\/07\/Logo-dejame-un-titulo.-1.jpg 771w\" sizes=\"(max-width: 595px) 100vw, 595px\" \/><\/p>\n<h3>Tratando de \u201cdesentra\u00f1ar\u201d el contexto actual, Garis observa que asistimos a <strong>\u201cun goce de la crueldad\u201d<\/strong>, explicando que eso se viene sembrando en un sector de la poblaci\u00f3n, que no busca \u201cuna sociedad amigable, sino la confrontaci\u00f3n con. \u00bfCon qui\u00e9n? Con quien no piensa como ellos\u201d.<\/h3>\n<h3>\u201cEn la cotidianeidad \u2013ampl\u00eda- tenemos tres elementos que nos definen: el trabajo, como factor ordenador social; la familia y el tiempo libre. Hoy se suma un cuarto elemento, que es la conectividad, la parte digital, lo cual est\u00e1 marcando en mucho nuestro propio comportamiento\u201d.<\/h3>\n<h3>En este sentido, sostiene que ese mundo digital se est\u00e1 imponiendo por sobre las relaciones personales, transformando las conductas. \u201cEsa virtualidad hace que vos te muevas con m\u00e1s libertad. Entonces aquellos que son un poco violentos, en la virtualidad se vuelven muy violentos. Y hoy vemos que esa violencia la expone el propio presidente de la naci\u00f3n\u201d.<\/h3>\n<h3>\u201cSi yo veo que desde el mandam\u00e1s que nos gu\u00eda, se exhibe esa violencia, desde m\u00e1s abajo se hace lo mismo, se internaliza como un modus operandi de tu comportamiento social\u201d, enfatiza.<\/h3>\n<h3>Lo invito a compartir este interesante an\u00e1lisis, que nos ayuda a entender el raro y violento presente que vivimos. \u201cVivimos el goce de la crueldad\u201d, afirma Garis, a modo de s\u00edntesis de lo que observa. Y expone sus fundamentos. Como para pensar y debatir.<\/h3>\n<p>&nbsp;<\/p>\n<p><iframe title=\"SERGIO GARIS. Psic\u00f3logo Social.\" width=\"640\" height=\"360\" src=\"https:\/\/www.youtube.com\/embed\/h3nSSdsLfc8?feature=oembed\" frameborder=\"0\" allow=\"accelerometer; autoplay; clipboard-write; encrypted-media; gyroscope; picture-in-picture; web-share\" referrerpolicy=\"strict-origin-when-cross-origin\" allowfullscreen><\/iframe><\/p>\n<p>&nbsp;<\/p>\n<p>&nbsp;<\/p>\n<p>&nbsp;<\/p>\n","protected":false},"excerpt":{"rendered":"<p>Para entender un poco esto que nos pasa a los argentinos, en Dejame un T\u00edtulo&#8230;<\/p>\n","protected":false},"author":1,"featured_media":22983,"comment_status":"closed","ping_status":"closed","sticky":false,"template":"","format":"standard","meta":{"footnotes":""},"categories":[9],"tags":[],"class_list":["post-22982","post","type-post","status-publish","format-standard","has-post-thumbnail","hentry","category-opinion"],"yoast_head":"<!-- This site is optimized with the Yoast SEO plugin v26.1.1 - https:\/\/yoast.com\/wordpress\/plugins\/seo\/ -->\n<title>SERGIO GARIS: \u201cVIVIMOS EL GOCE DE LA CRUELDAD\u201d - Apuntes de San Luis<\/title>\n<meta name=\"robots\" content=\"index, follow, max-snippet:-1, max-image-preview:large, max-video-preview:-1\" \/>\n<link rel=\"canonical\" href=\"https:\/\/apuntesdesanluis.com\/index.php\/2024\/09\/26\/sergio-garis-vivimos-el-goce-de-la-crueldad\/\" \/>\n<meta property=\"og:locale\" content=\"es_ES\" \/>\n<meta property=\"og:type\" content=\"article\" \/>\n<meta property=\"og:title\" content=\"SERGIO GARIS: \u201cVIVIMOS EL GOCE DE LA CRUELDAD\u201d - Apuntes de San Luis\" \/>\n<meta property=\"og:description\" content=\"Para entender un poco esto que nos pasa a los argentinos, en Dejame un T\u00edtulo...\" \/>\n<meta property=\"og:url\" content=\"https:\/\/apuntesdesanluis.com\/index.php\/2024\/09\/26\/sergio-garis-vivimos-el-goce-de-la-crueldad\/\" \/>\n<meta property=\"og:site_name\" content=\"Apuntes de San Luis\" \/>\n<meta property=\"article:published_time\" content=\"2024-09-26T15:38:57+00:00\" \/>\n<meta property=\"article:modified_time\" content=\"2024-09-26T15:41:31+00:00\" \/>\n<meta property=\"og:image\" content=\"https:\/\/apuntesdesanluis.com\/wp-content\/uploads\/2024\/09\/sergio-garis.png\" \/>\n\t<meta property=\"og:image:width\" content=\"645\" \/>\n\t<meta property=\"og:image:height\" content=\"363\" \/>\n\t<meta property=\"og:image:type\" content=\"image\/png\" \/>\n<meta name=\"author\" content=\"apuntesdesanluis.com\" \/>\n<meta name=\"twitter:card\" content=\"summary_large_image\" \/>\n<meta name=\"twitter:label1\" content=\"Escrito por\" \/>\n\t<meta name=\"twitter:data1\" content=\"apuntesdesanluis.com\" \/>\n\t<meta name=\"twitter:label2\" content=\"Tiempo de lectura\" \/>\n\t<meta name=\"twitter:data2\" content=\"2 minutos\" \/>\n<script type=\"application\/ld+json\" class=\"yoast-schema-graph\">{\"@context\":\"https:\/\/schema.org\",\"@graph\":[{\"@type\":\"Article\",\"@id\":\"https:\/\/apuntesdesanluis.com\/index.php\/2024\/09\/26\/sergio-garis-vivimos-el-goce-de-la-crueldad\/#article\",\"isPartOf\":{\"@id\":\"https:\/\/apuntesdesanluis.com\/index.php\/2024\/09\/26\/sergio-garis-vivimos-el-goce-de-la-crueldad\/\"},\"author\":{\"name\":\"apuntesdesanluis.com\",\"@id\":\"https:\/\/apuntesdesanluis.com\/#\/schema\/person\/b55151d52296fcce64d1a72538a70b90\"},\"headline\":\"SERGIO GARIS: \u201cVIVIMOS EL GOCE DE LA CRUELDAD\u201d\",\"datePublished\":\"2024-09-26T15:38:57+00:00\",\"dateModified\":\"2024-09-26T15:41:31+00:00\",\"mainEntityOfPage\":{\"@id\":\"https:\/\/apuntesdesanluis.com\/index.php\/2024\/09\/26\/sergio-garis-vivimos-el-goce-de-la-crueldad\/\"},\"wordCount\":372,\"publisher\":{\"@id\":\"https:\/\/apuntesdesanluis.com\/#\/schema\/person\/b55151d52296fcce64d1a72538a70b90\"},\"image\":{\"@id\":\"https:\/\/apuntesdesanluis.com\/index.php\/2024\/09\/26\/sergio-garis-vivimos-el-goce-de-la-crueldad\/#primaryimage\"},\"thumbnailUrl\":\"https:\/\/apuntesdesanluis.com\/wp-content\/uploads\/2024\/09\/sergio-garis.png\",\"articleSection\":[\"Opini\u00f3n\"],\"inLanguage\":\"es-AR\"},{\"@type\":\"WebPage\",\"@id\":\"https:\/\/apuntesdesanluis.com\/index.php\/2024\/09\/26\/sergio-garis-vivimos-el-goce-de-la-crueldad\/\",\"url\":\"https:\/\/apuntesdesanluis.com\/index.php\/2024\/09\/26\/sergio-garis-vivimos-el-goce-de-la-crueldad\/\",\"name\":\"SERGIO GARIS: \u201cVIVIMOS EL GOCE DE LA CRUELDAD\u201d - Apuntes de San Luis\",\"isPartOf\":{\"@id\":\"https:\/\/apuntesdesanluis.com\/#website\"},\"primaryImageOfPage\":{\"@id\":\"https:\/\/apuntesdesanluis.com\/index.php\/2024\/09\/26\/sergio-garis-vivimos-el-goce-de-la-crueldad\/#primaryimage\"},\"image\":{\"@id\":\"https:\/\/apuntesdesanluis.com\/index.php\/2024\/09\/26\/sergio-garis-vivimos-el-goce-de-la-crueldad\/#primaryimage\"},\"thumbnailUrl\":\"https:\/\/apuntesdesanluis.com\/wp-content\/uploads\/2024\/09\/sergio-garis.png\",\"datePublished\":\"2024-09-26T15:38:57+00:00\",\"dateModified\":\"2024-09-26T15:41:31+00:00\",\"breadcrumb\":{\"@id\":\"https:\/\/apuntesdesanluis.com\/index.php\/2024\/09\/26\/sergio-garis-vivimos-el-goce-de-la-crueldad\/#breadcrumb\"},\"inLanguage\":\"es-AR\",\"potentialAction\":[{\"@type\":\"ReadAction\",\"target\":[\"https:\/\/apuntesdesanluis.com\/index.php\/2024\/09\/26\/sergio-garis-vivimos-el-goce-de-la-crueldad\/\"]}]},{\"@type\":\"ImageObject\",\"inLanguage\":\"es-AR\",\"@id\":\"https:\/\/apuntesdesanluis.com\/index.php\/2024\/09\/26\/sergio-garis-vivimos-el-goce-de-la-crueldad\/#primaryimage\",\"url\":\"https:\/\/apuntesdesanluis.com\/wp-content\/uploads\/2024\/09\/sergio-garis.png\",\"contentUrl\":\"https:\/\/apuntesdesanluis.com\/wp-content\/uploads\/2024\/09\/sergio-garis.png\",\"width\":645,\"height\":363},{\"@type\":\"BreadcrumbList\",\"@id\":\"https:\/\/apuntesdesanluis.com\/index.php\/2024\/09\/26\/sergio-garis-vivimos-el-goce-de-la-crueldad\/#breadcrumb\",\"itemListElement\":[{\"@type\":\"ListItem\",\"position\":1,\"name\":\"Inicio\",\"item\":\"https:\/\/apuntesdesanluis.com\/\"},{\"@type\":\"ListItem\",\"position\":2,\"name\":\"SERGIO GARIS: \u201cVIVIMOS EL GOCE DE LA CRUELDAD\u201d\"}]},{\"@type\":\"WebSite\",\"@id\":\"https:\/\/apuntesdesanluis.com\/#website\",\"url\":\"https:\/\/apuntesdesanluis.com\/\",\"name\":\"Apuntes de San Luis\",\"description\":\"\",\"publisher\":{\"@id\":\"https:\/\/apuntesdesanluis.com\/#\/schema\/person\/b55151d52296fcce64d1a72538a70b90\"},\"potentialAction\":[{\"@type\":\"SearchAction\",\"target\":{\"@type\":\"EntryPoint\",\"urlTemplate\":\"https:\/\/apuntesdesanluis.com\/?s={search_term_string}\"},\"query-input\":{\"@type\":\"PropertyValueSpecification\",\"valueRequired\":true,\"valueName\":\"search_term_string\"}}],\"inLanguage\":\"es-AR\"},{\"@type\":[\"Person\",\"Organization\"],\"@id\":\"https:\/\/apuntesdesanluis.com\/#\/schema\/person\/b55151d52296fcce64d1a72538a70b90\",\"name\":\"apuntesdesanluis.com\",\"image\":{\"@type\":\"ImageObject\",\"inLanguage\":\"es-AR\",\"@id\":\"https:\/\/apuntesdesanluis.com\/#\/schema\/person\/image\/\",\"url\":\"https:\/\/apuntesdesanluis.com\/wp-content\/uploads\/2023\/07\/cropped-apuntesdesanluis.png\",\"contentUrl\":\"https:\/\/apuntesdesanluis.com\/wp-content\/uploads\/2023\/07\/cropped-apuntesdesanluis.png\",\"width\":450,\"height\":112,\"caption\":\"apuntesdesanluis.com\"},\"logo\":{\"@id\":\"https:\/\/apuntesdesanluis.com\/#\/schema\/person\/image\/\"},\"sameAs\":[\"https:\/\/apuntesdesanluis.com\"],\"url\":\"https:\/\/apuntesdesanluis.com\/index.php\/author\/apuntesdesanluis-com\/\"}]}<\/script>\n<!-- \/ Yoast SEO plugin. -->","yoast_head_json":{"title":"SERGIO GARIS: \u201cVIVIMOS EL GOCE DE LA CRUELDAD\u201d - Apuntes de San Luis","robots":{"index":"index","follow":"follow","max-snippet":"max-snippet:-1","max-image-preview":"max-image-preview:large","max-video-preview":"max-video-preview:-1"},"canonical":"https:\/\/apuntesdesanluis.com\/index.php\/2024\/09\/26\/sergio-garis-vivimos-el-goce-de-la-crueldad\/","og_locale":"es_ES","og_type":"article","og_title":"SERGIO GARIS: \u201cVIVIMOS EL GOCE DE LA CRUELDAD\u201d - Apuntes de San Luis","og_description":"Para entender un poco esto que nos pasa a los argentinos, en Dejame un T\u00edtulo...","og_url":"https:\/\/apuntesdesanluis.com\/index.php\/2024\/09\/26\/sergio-garis-vivimos-el-goce-de-la-crueldad\/","og_site_name":"Apuntes de San Luis","article_published_time":"2024-09-26T15:38:57+00:00","article_modified_time":"2024-09-26T15:41:31+00:00","og_image":[{"width":645,"height":363,"url":"https:\/\/apuntesdesanluis.com\/wp-content\/uploads\/2024\/09\/sergio-garis.png","type":"image\/png"}],"author":"apuntesdesanluis.com","twitter_card":"summary_large_image","twitter_misc":{"Escrito por":"apuntesdesanluis.com","Tiempo de lectura":"2 minutos"},"schema":{"@context":"https:\/\/schema.org","@graph":[{"@type":"Article","@id":"https:\/\/apuntesdesanluis.com\/index.php\/2024\/09\/26\/sergio-garis-vivimos-el-goce-de-la-crueldad\/#article","isPartOf":{"@id":"https:\/\/apuntesdesanluis.com\/index.php\/2024\/09\/26\/sergio-garis-vivimos-el-goce-de-la-crueldad\/"},"author":{"name":"apuntesdesanluis.com","@id":"https:\/\/apuntesdesanluis.com\/#\/schema\/person\/b55151d52296fcce64d1a72538a70b90"},"headline":"SERGIO GARIS: \u201cVIVIMOS EL GOCE DE LA CRUELDAD\u201d","datePublished":"2024-09-26T15:38:57+00:00","dateModified":"2024-09-26T15:41:31+00:00","mainEntityOfPage":{"@id":"https:\/\/apuntesdesanluis.com\/index.php\/2024\/09\/26\/sergio-garis-vivimos-el-goce-de-la-crueldad\/"},"wordCount":372,"publisher":{"@id":"https:\/\/apuntesdesanluis.com\/#\/schema\/person\/b55151d52296fcce64d1a72538a70b90"},"image":{"@id":"https:\/\/apuntesdesanluis.com\/index.php\/2024\/09\/26\/sergio-garis-vivimos-el-goce-de-la-crueldad\/#primaryimage"},"thumbnailUrl":"https:\/\/apuntesdesanluis.com\/wp-content\/uploads\/2024\/09\/sergio-garis.png","articleSection":["Opini\u00f3n"],"inLanguage":"es-AR"},{"@type":"WebPage","@id":"https:\/\/apuntesdesanluis.com\/index.php\/2024\/09\/26\/sergio-garis-vivimos-el-goce-de-la-crueldad\/","url":"https:\/\/apuntesdesanluis.com\/index.php\/2024\/09\/26\/sergio-garis-vivimos-el-goce-de-la-crueldad\/","name":"SERGIO GARIS: \u201cVIVIMOS EL GOCE DE LA CRUELDAD\u201d - Apuntes de San Luis","isPartOf":{"@id":"https:\/\/apuntesdesanluis.com\/#website"},"primaryImageOfPage":{"@id":"https:\/\/apuntesdesanluis.com\/index.php\/2024\/09\/26\/sergio-garis-vivimos-el-goce-de-la-crueldad\/#primaryimage"},"image":{"@id":"https:\/\/apuntesdesanluis.com\/index.php\/2024\/09\/26\/sergio-garis-vivimos-el-goce-de-la-crueldad\/#primaryimage"},"thumbnailUrl":"https:\/\/apuntesdesanluis.com\/wp-content\/uploads\/2024\/09\/sergio-garis.png","datePublished":"2024-09-26T15:38:57+00:00","dateModified":"2024-09-26T15:41:31+00:00","breadcrumb":{"@id":"https:\/\/apuntesdesanluis.com\/index.php\/2024\/09\/26\/sergio-garis-vivimos-el-goce-de-la-crueldad\/#breadcrumb"},"inLanguage":"es-AR","potentialAction":[{"@type":"ReadAction","target":["https:\/\/apuntesdesanluis.com\/index.php\/2024\/09\/26\/sergio-garis-vivimos-el-goce-de-la-crueldad\/"]}]},{"@type":"ImageObject","inLanguage":"es-AR","@id":"https:\/\/apuntesdesanluis.com\/index.php\/2024\/09\/26\/sergio-garis-vivimos-el-goce-de-la-crueldad\/#primaryimage","url":"https:\/\/apuntesdesanluis.com\/wp-content\/uploads\/2024\/09\/sergio-garis.png","contentUrl":"https:\/\/apuntesdesanluis.com\/wp-content\/uploads\/2024\/09\/sergio-garis.png","width":645,"height":363},{"@type":"BreadcrumbList","@id":"https:\/\/apuntesdesanluis.com\/index.php\/2024\/09\/26\/sergio-garis-vivimos-el-goce-de-la-crueldad\/#breadcrumb","itemListElement":[{"@type":"ListItem","position":1,"name":"Inicio","item":"https:\/\/apuntesdesanluis.com\/"},{"@type":"ListItem","position":2,"name":"SERGIO GARIS: \u201cVIVIMOS EL GOCE DE LA CRUELDAD\u201d"}]},{"@type":"WebSite","@id":"https:\/\/apuntesdesanluis.com\/#website","url":"https:\/\/apuntesdesanluis.com\/","name":"Apuntes de San Luis","description":"","publisher":{"@id":"https:\/\/apuntesdesanluis.com\/#\/schema\/person\/b55151d52296fcce64d1a72538a70b90"},"potentialAction":[{"@type":"SearchAction","target":{"@type":"EntryPoint","urlTemplate":"https:\/\/apuntesdesanluis.com\/?s={search_term_string}"},"query-input":{"@type":"PropertyValueSpecification","valueRequired":true,"valueName":"search_term_string"}}],"inLanguage":"es-AR"},{"@type":["Person","Organization"],"@id":"https:\/\/apuntesdesanluis.com\/#\/schema\/person\/b55151d52296fcce64d1a72538a70b90","name":"apuntesdesanluis.com","image":{"@type":"ImageObject","inLanguage":"es-AR","@id":"https:\/\/apuntesdesanluis.com\/#\/schema\/person\/image\/","url":"https:\/\/apuntesdesanluis.com\/wp-content\/uploads\/2023\/07\/cropped-apuntesdesanluis.png","contentUrl":"https:\/\/apuntesdesanluis.com\/wp-content\/uploads\/2023\/07\/cropped-apuntesdesanluis.png","width":450,"height":112,"caption":"apuntesdesanluis.com"},"logo":{"@id":"https:\/\/apuntesdesanluis.com\/#\/schema\/person\/image\/"},"sameAs":["https:\/\/apuntesdesanluis.com"],"url":"https:\/\/apuntesdesanluis.com\/index.php\/author\/apuntesdesanluis-com\/"}]}},"featured_image_urls":{"full":["https:\/\/apuntesdesanluis.com\/wp-content\/uploads\/2024\/09\/sergio-garis.png",645,363,false],"thumbnail":["https:\/\/apuntesdesanluis.com\/wp-content\/uploads\/2024\/09\/sergio-garis-150x150.png",150,150,true],"medium":["https:\/\/apuntesdesanluis.com\/wp-content\/uploads\/2024\/09\/sergio-garis-300x169.png",300,169,true],"medium_large":["https:\/\/apuntesdesanluis.com\/wp-content\/uploads\/2024\/09\/sergio-garis.png",640,360,false],"large":["https:\/\/apuntesdesanluis.com\/wp-content\/uploads\/2024\/09\/sergio-garis.png",640,360,false],"1536x1536":["https:\/\/apuntesdesanluis.com\/wp-content\/uploads\/2024\/09\/sergio-garis.png",645,363,false],"2048x2048":["https:\/\/apuntesdesanluis.com\/wp-content\/uploads\/2024\/09\/sergio-garis.png",645,363,false],"newsever-slider-full":["https:\/\/apuntesdesanluis.com\/wp-content\/uploads\/2024\/09\/sergio-garis.png",645,363,false],"newsever-featured":["https:\/\/apuntesdesanluis.com\/wp-content\/uploads\/2024\/09\/sergio-garis.png",645,363,false],"newsever-medium":["https:\/\/apuntesdesanluis.com\/wp-content\/uploads\/2024\/09\/sergio-garis.png",645,363,false]},"author_info":{"display_name":"apuntesdesanluis.com","author_link":"https:\/\/apuntesdesanluis.com\/index.php\/author\/apuntesdesanluis-com\/"},"category_info":"<a href=\"https:\/\/apuntesdesanluis.com\/index.php\/category\/opinion\/\" rel=\"category tag\">Opini\u00f3n<\/a>","tag_info":"Opini\u00f3n","comment_count":"0","_links":{"self":[{"href":"https:\/\/apuntesdesanluis.com\/index.php\/wp-json\/wp\/v2\/posts\/22982","targetHints":{"allow":["GET"]}}],"collection":[{"href":"https:\/\/apuntesdesanluis.com\/index.php\/wp-json\/wp\/v2\/posts"}],"about":[{"href":"https:\/\/apuntesdesanluis.com\/index.php\/wp-json\/wp\/v2\/types\/post"}],"author":[{"embeddable":true,"href":"https:\/\/apuntesdesanluis.com\/index.php\/wp-json\/wp\/v2\/users\/1"}],"replies":[{"embeddable":true,"href":"https:\/\/apuntesdesanluis.com\/index.php\/wp-json\/wp\/v2\/comments?post=22982"}],"version-history":[{"count":5,"href":"https:\/\/apuntesdesanluis.com\/index.php\/wp-json\/wp\/v2\/posts\/22982\/revisions"}],"predecessor-version":[{"id":22988,"href":"https:\/\/apuntesdesanluis.com\/index.php\/wp-json\/wp\/v2\/posts\/22982\/revisions\/22988"}],"wp:featuredmedia":[{"embeddable":true,"href":"https:\/\/apuntesdesanluis.com\/index.php\/wp-json\/wp\/v2\/media\/22983"}],"wp:attachment":[{"href":"https:\/\/apuntesdesanluis.com\/index.php\/wp-json\/wp\/v2\/media?parent=22982"}],"wp:term":[{"taxonomy":"category","embeddable":true,"href":"https:\/\/apuntesdesanluis.com\/index.php\/wp-json\/wp\/v2\/categories?post=22982"},{"taxonomy":"post_tag","embeddable":true,"href":"https:\/\/apuntesdesanluis.com\/index.php\/wp-json\/wp\/v2\/tags?post=22982"}],"curies":[{"name":"wp","href":"https:\/\/api.w.org\/{rel}","templated":true}]}}