{"id":2299,"date":"2023-08-29T18:44:45","date_gmt":"2023-08-29T21:44:45","guid":{"rendered":"https:\/\/apuntesdesanluis.com\/?p=2299"},"modified":"2023-08-29T18:48:22","modified_gmt":"2023-08-29T21:48:22","slug":"firmaron-convenios-para-implementar-planes-federales-en-san-luis","status":"publish","type":"post","link":"https:\/\/apuntesdesanluis.com\/index.php\/2023\/08\/29\/firmaron-convenios-para-implementar-planes-federales-en-san-luis\/","title":{"rendered":"FIRMARON CONVENIOS PARA IMPLEMENTAR PLANES FEDERALES EN SAN LUIS"},"content":{"rendered":"<h3 class=\"yiv7409174924ydp6329976emsonormal\" style=\"text-align: justify; background: white;\"><span style=\"font-family: 'Arial','sans-serif'; color: #1d2228;\">En la tarde del martes en el Sal\u00f3n Blanco en Terrazas del Portezuelo se realiz\u00f3 la firma de convenios para el <strong>Programa \u201cCasa Amor\u201d<\/strong>, que propone acompa\u00f1ar y brindar alojamiento y contenci\u00f3n social, educativa y sanitaria a familias en situaci\u00f3n de vulnerabilidad, y para el <strong>Plan \u201cMi Ba\u00f1o\u201d<\/strong> que tiene como objetivo brindar y garantizar los servicios de saneamiento e higiene que beneficiar\u00e1 a 300 familias de San Luis, La Toma, San Mart\u00edn, Buena Esperanza, Las Chacras y Villa Mercedes. Tambi\u00e9n se construir\u00e1n playones multideportivos<\/span><\/h3>\n<h3 class=\"yiv7409174924ydp6329976emsonormal\" style=\"text-align: justify; background: white;\"><span style=\"font-family: 'Arial','sans-serif'; color: #1d2228;\">Con la presencia del gobernador Alberto Rodr\u00edguez Sa\u00e1, el ministro de Desarrollo Social, Nicol\u00e1s Anzulovich y la ministra de Desarrollo Social de Naci\u00f3n, Victoria Tolosa Paz, se realiz\u00f3 la firma de convenio de los planes que beneficiar\u00e1n a familias en situaci\u00f3n de vulnerabilidad con el objetivo de lograr la igualdad de derechos en materia de educaci\u00f3n, salud y acceso a la vivienda.<\/span><\/h3>\n<h3 class=\"yiv7409174924ydp6329976emsonormal\" style=\"text-align: justify; background: white;\"><span style=\"font-family: 'Arial','sans-serif'; color: #1d2228;\">Durante el encuentro, el gobernador destac\u00f3 el rol articulado entre provincia y Naci\u00f3n para llevar a cabo estas pol\u00edticas para realizar actividades solidarias. \u201cMuchas familias que vienen acompa\u00f1ar a alguna persona enferma y se encuentran con dificultades para esperar una operaci\u00f3n, los d\u00edas de internaci\u00f3n, podr\u00e1n tener su lugar\u201d, asegur\u00f3.<\/span><\/h3>\n<h3 class=\"yiv7409174924ydp6329976emsonormal\" style=\"text-align: justify; background: white;\"><span style=\"font-family: 'Arial','sans-serif'; color: #1d2228;\">\u201cCasa Amor\u201d tiene como modelo la Casa Garrahan, donde las familias con ni\u00f1os y ni\u00f1as podr\u00e1n tener un espacio de alojamiento para esperar un diagn\u00f3stico o cumplir tratamientos m\u00e9dicos ambulatorios lejos de su hogar. Este lugar ser\u00e1 adem\u00e1s un espacio de contenci\u00f3n sanitaria y educativa.<\/span><\/h3>\n<h3 class=\"yiv7409174924ydp6329976emsonormal\" style=\"text-align: justify; background: white;\"><span style=\"font-family: 'Arial','sans-serif'; color: #1d2228;\">En San Luis, la obra comenzar\u00e1 a construirse en octubre, en un plazo previsto de seis meses. La construcci\u00f3n incluir\u00e1 seis dormitorios equipados, ambientes comunes, comedor y sal\u00f3n de usos m\u00faltiples, cocina recepci\u00f3n, espacio de trabajo, lavadero, ba\u00f1os y dep\u00f3sito. Esta nueva infraestructura estar\u00e1 emplazada en el predio del Ministerio de Desarrollo Social.<\/span><\/h3>\n<h3 class=\"yiv7409174924ydp6329976emsonormal\" style=\"text-align: justify; background: white;\"><span style=\"font-family: 'Arial','sans-serif'; color: #1d2228;\">\u201cVenimos a articular la firma de estos convenios, adem\u00e1s de los sue\u00f1os y anhelos de todo el pueblo de San Luis\u201d se\u00f1al\u00f3 Tolosa Paz y agreg\u00f3 \u201cCasa amor es un sue\u00f1o que ten\u00edamos con el presidente de la Naci\u00f3n. Son casas construidas desde cero con un nivel de infraestructura muy importante. Vamos a reforzar la idea que no solamente la salud es un derecho, sino el tiempo de tratamiento en un lugar\u201d, dijo.<\/span><\/h3>\n<h3 class=\"yiv7409174924ydp6329976emsonormal\" style=\"text-align: justify; background: white;\"><span style=\"font-family: 'Arial','sans-serif'; color: #1d2228;\">En la planificaci\u00f3n de estas pol\u00edticas tambi\u00e9n se encuentra el Plan \u201cMi ba\u00f1o\u201d, el cual est\u00e1 dise\u00f1ado en base a las necesidades de sectores vulnerables, de la poblaci\u00f3n rural y de peque\u00f1os parajes. En San Luis beneficiar\u00e1 a 300 familias de la ciudad capital, La Toma, San Mart\u00edn, Buena Esperanza, Las Chacras y Villa Mercedes.<\/span><\/h3>\n<h3 class=\"yiv7409174924ydp6329976emsonormal\" style=\"text-align: justify; background: white;\"><strong><span style=\"font-family: 'Arial','sans-serif'; color: #1d2228;\">PLAYONES MULTIDEPORTIVOS<\/span><\/strong><\/h3>\n<h3 class=\"yiv7409174924ydp6329976emsonormal\" style=\"text-align: justify; background: white;\"><span style=\"font-family: 'Arial','sans-serif'; color: #1d2228;\">Tambi\u00e9n se firm\u00f3 el convenio para comenzar con la obra de tres playones deportivos para San Luis, dos para La Toma y uno para San Mart\u00edn. Los nuevos espacios, destinados al fortalecimiento de las pr\u00e1cticas deportivas y recreativas, surgen del trabajo conjunto del Ministerio de Desarrollo Social provincial y su par de Naci\u00f3n.<\/span><\/h3>\n<h3 class=\"yiv7409174924ydp6329976emsonormal\" style=\"text-align: justify; background: white;\"><span style=\"font-family: 'Arial','sans-serif'; color: #1d2228;\">Estos espacios p\u00fablicos consistir\u00e1n en una cancha multideporte de 19 x 32 m con cerco perimetral e iluminaci\u00f3n. La obra estar\u00e1 disponible para el desarrollo de diferentes actividades como f\u00fatbol, v\u00f3ley o b\u00e1squet. <\/span><\/h3>\n<h3 class=\"yiv7409174924ydp6329976emsonormal\" style=\"text-align: justify; background: white;\"><span style=\"font-family: 'Arial','sans-serif'; color: #1d2228;\">A trav\u00e9s de su Programa \u201cMejor Barrio\u201d, el Ministerio de Desarrollo Social de Naci\u00f3n busca construir 400 playones deportivos y circuitos aer\u00f3bicos en ciudades de todo el pa\u00eds.<\/span><\/h3>\n<h3 class=\"yiv7409174924ydp6329976emsonormal\" style=\"text-align: justify; background: white;\"><span style=\"font-family: 'Arial','sans-serif'; color: #1d2228;\">.<\/span><\/h3>\n<p>&nbsp;<\/p>\n","protected":false},"excerpt":{"rendered":"<p>En la tarde del martes en el Sal\u00f3n Blanco en Terrazas del Portezuelo se realiz\u00f3&#8230;<\/p>\n","protected":false},"author":1,"featured_media":2300,"comment_status":"closed","ping_status":"closed","sticky":false,"template":"","format":"standard","meta":{"footnotes":""},"categories":[6],"tags":[],"class_list":["post-2299","post","type-post","status-publish","format-standard","has-post-thumbnail","hentry","category-ciudad-provincia"],"yoast_head":"<!-- This site is optimized with the Yoast SEO plugin v26.1.1 - https:\/\/yoast.com\/wordpress\/plugins\/seo\/ -->\n<title>FIRMARON CONVENIOS PARA IMPLEMENTAR PLANES FEDERALES EN SAN LUIS - Apuntes de San Luis<\/title>\n<meta name=\"robots\" content=\"index, follow, max-snippet:-1, max-image-preview:large, max-video-preview:-1\" \/>\n<link rel=\"canonical\" href=\"https:\/\/apuntesdesanluis.com\/index.php\/2023\/08\/29\/firmaron-convenios-para-implementar-planes-federales-en-san-luis\/\" \/>\n<meta property=\"og:locale\" content=\"es_ES\" \/>\n<meta property=\"og:type\" content=\"article\" \/>\n<meta property=\"og:title\" content=\"FIRMARON CONVENIOS PARA IMPLEMENTAR PLANES FEDERALES EN SAN LUIS - Apuntes de San Luis\" \/>\n<meta property=\"og:description\" content=\"En la tarde del martes en el Sal\u00f3n Blanco en Terrazas del Portezuelo se realiz\u00f3...\" \/>\n<meta property=\"og:url\" content=\"https:\/\/apuntesdesanluis.com\/index.php\/2023\/08\/29\/firmaron-convenios-para-implementar-planes-federales-en-san-luis\/\" \/>\n<meta property=\"og:site_name\" content=\"Apuntes de San Luis\" \/>\n<meta property=\"article:published_time\" content=\"2023-08-29T21:44:45+00:00\" \/>\n<meta property=\"article:modified_time\" content=\"2023-08-29T21:48:22+00:00\" \/>\n<meta property=\"og:image\" content=\"https:\/\/apuntesdesanluis.com\/wp-content\/uploads\/2023\/08\/convenio.png\" \/>\n\t<meta property=\"og:image:width\" content=\"756\" \/>\n\t<meta property=\"og:image:height\" content=\"437\" \/>\n\t<meta property=\"og:image:type\" content=\"image\/png\" \/>\n<meta name=\"author\" content=\"apuntesdesanluis.com\" \/>\n<meta name=\"twitter:card\" content=\"summary_large_image\" \/>\n<meta name=\"twitter:label1\" content=\"Escrito por\" \/>\n\t<meta name=\"twitter:data1\" content=\"apuntesdesanluis.com\" \/>\n\t<meta name=\"twitter:label2\" content=\"Tiempo de lectura\" \/>\n\t<meta name=\"twitter:data2\" content=\"3 minutos\" \/>\n<script type=\"application\/ld+json\" class=\"yoast-schema-graph\">{\"@context\":\"https:\/\/schema.org\",\"@graph\":[{\"@type\":\"Article\",\"@id\":\"https:\/\/apuntesdesanluis.com\/index.php\/2023\/08\/29\/firmaron-convenios-para-implementar-planes-federales-en-san-luis\/#article\",\"isPartOf\":{\"@id\":\"https:\/\/apuntesdesanluis.com\/index.php\/2023\/08\/29\/firmaron-convenios-para-implementar-planes-federales-en-san-luis\/\"},\"author\":{\"name\":\"apuntesdesanluis.com\",\"@id\":\"https:\/\/apuntesdesanluis.com\/#\/schema\/person\/b55151d52296fcce64d1a72538a70b90\"},\"headline\":\"FIRMARON CONVENIOS PARA IMPLEMENTAR PLANES FEDERALES EN SAN LUIS\",\"datePublished\":\"2023-08-29T21:44:45+00:00\",\"dateModified\":\"2023-08-29T21:48:22+00:00\",\"mainEntityOfPage\":{\"@id\":\"https:\/\/apuntesdesanluis.com\/index.php\/2023\/08\/29\/firmaron-convenios-para-implementar-planes-federales-en-san-luis\/\"},\"wordCount\":606,\"publisher\":{\"@id\":\"https:\/\/apuntesdesanluis.com\/#\/schema\/person\/b55151d52296fcce64d1a72538a70b90\"},\"image\":{\"@id\":\"https:\/\/apuntesdesanluis.com\/index.php\/2023\/08\/29\/firmaron-convenios-para-implementar-planes-federales-en-san-luis\/#primaryimage\"},\"thumbnailUrl\":\"https:\/\/apuntesdesanluis.com\/wp-content\/uploads\/2023\/08\/convenio.png\",\"articleSection\":[\"Ciudad\/Provincia\"],\"inLanguage\":\"es-AR\"},{\"@type\":\"WebPage\",\"@id\":\"https:\/\/apuntesdesanluis.com\/index.php\/2023\/08\/29\/firmaron-convenios-para-implementar-planes-federales-en-san-luis\/\",\"url\":\"https:\/\/apuntesdesanluis.com\/index.php\/2023\/08\/29\/firmaron-convenios-para-implementar-planes-federales-en-san-luis\/\",\"name\":\"FIRMARON CONVENIOS PARA IMPLEMENTAR PLANES FEDERALES EN SAN LUIS - Apuntes de San Luis\",\"isPartOf\":{\"@id\":\"https:\/\/apuntesdesanluis.com\/#website\"},\"primaryImageOfPage\":{\"@id\":\"https:\/\/apuntesdesanluis.com\/index.php\/2023\/08\/29\/firmaron-convenios-para-implementar-planes-federales-en-san-luis\/#primaryimage\"},\"image\":{\"@id\":\"https:\/\/apuntesdesanluis.com\/index.php\/2023\/08\/29\/firmaron-convenios-para-implementar-planes-federales-en-san-luis\/#primaryimage\"},\"thumbnailUrl\":\"https:\/\/apuntesdesanluis.com\/wp-content\/uploads\/2023\/08\/convenio.png\",\"datePublished\":\"2023-08-29T21:44:45+00:00\",\"dateModified\":\"2023-08-29T21:48:22+00:00\",\"breadcrumb\":{\"@id\":\"https:\/\/apuntesdesanluis.com\/index.php\/2023\/08\/29\/firmaron-convenios-para-implementar-planes-federales-en-san-luis\/#breadcrumb\"},\"inLanguage\":\"es-AR\",\"potentialAction\":[{\"@type\":\"ReadAction\",\"target\":[\"https:\/\/apuntesdesanluis.com\/index.php\/2023\/08\/29\/firmaron-convenios-para-implementar-planes-federales-en-san-luis\/\"]}]},{\"@type\":\"ImageObject\",\"inLanguage\":\"es-AR\",\"@id\":\"https:\/\/apuntesdesanluis.com\/index.php\/2023\/08\/29\/firmaron-convenios-para-implementar-planes-federales-en-san-luis\/#primaryimage\",\"url\":\"https:\/\/apuntesdesanluis.com\/wp-content\/uploads\/2023\/08\/convenio.png\",\"contentUrl\":\"https:\/\/apuntesdesanluis.com\/wp-content\/uploads\/2023\/08\/convenio.png\",\"width\":756,\"height\":437},{\"@type\":\"BreadcrumbList\",\"@id\":\"https:\/\/apuntesdesanluis.com\/index.php\/2023\/08\/29\/firmaron-convenios-para-implementar-planes-federales-en-san-luis\/#breadcrumb\",\"itemListElement\":[{\"@type\":\"ListItem\",\"position\":1,\"name\":\"Inicio\",\"item\":\"https:\/\/apuntesdesanluis.com\/\"},{\"@type\":\"ListItem\",\"position\":2,\"name\":\"FIRMARON CONVENIOS PARA IMPLEMENTAR PLANES FEDERALES EN SAN LUIS\"}]},{\"@type\":\"WebSite\",\"@id\":\"https:\/\/apuntesdesanluis.com\/#website\",\"url\":\"https:\/\/apuntesdesanluis.com\/\",\"name\":\"Apuntes de San Luis\",\"description\":\"\",\"publisher\":{\"@id\":\"https:\/\/apuntesdesanluis.com\/#\/schema\/person\/b55151d52296fcce64d1a72538a70b90\"},\"potentialAction\":[{\"@type\":\"SearchAction\",\"target\":{\"@type\":\"EntryPoint\",\"urlTemplate\":\"https:\/\/apuntesdesanluis.com\/?s={search_term_string}\"},\"query-input\":{\"@type\":\"PropertyValueSpecification\",\"valueRequired\":true,\"valueName\":\"search_term_string\"}}],\"inLanguage\":\"es-AR\"},{\"@type\":[\"Person\",\"Organization\"],\"@id\":\"https:\/\/apuntesdesanluis.com\/#\/schema\/person\/b55151d52296fcce64d1a72538a70b90\",\"name\":\"apuntesdesanluis.com\",\"image\":{\"@type\":\"ImageObject\",\"inLanguage\":\"es-AR\",\"@id\":\"https:\/\/apuntesdesanluis.com\/#\/schema\/person\/image\/\",\"url\":\"https:\/\/apuntesdesanluis.com\/wp-content\/uploads\/2023\/07\/cropped-apuntesdesanluis.png\",\"contentUrl\":\"https:\/\/apuntesdesanluis.com\/wp-content\/uploads\/2023\/07\/cropped-apuntesdesanluis.png\",\"width\":450,\"height\":112,\"caption\":\"apuntesdesanluis.com\"},\"logo\":{\"@id\":\"https:\/\/apuntesdesanluis.com\/#\/schema\/person\/image\/\"},\"sameAs\":[\"https:\/\/apuntesdesanluis.com\"],\"url\":\"https:\/\/apuntesdesanluis.com\/index.php\/author\/apuntesdesanluis-com\/\"}]}<\/script>\n<!-- \/ Yoast SEO plugin. -->","yoast_head_json":{"title":"FIRMARON CONVENIOS PARA IMPLEMENTAR PLANES FEDERALES EN SAN LUIS - Apuntes de San Luis","robots":{"index":"index","follow":"follow","max-snippet":"max-snippet:-1","max-image-preview":"max-image-preview:large","max-video-preview":"max-video-preview:-1"},"canonical":"https:\/\/apuntesdesanluis.com\/index.php\/2023\/08\/29\/firmaron-convenios-para-implementar-planes-federales-en-san-luis\/","og_locale":"es_ES","og_type":"article","og_title":"FIRMARON CONVENIOS PARA IMPLEMENTAR PLANES FEDERALES EN SAN LUIS - Apuntes de San Luis","og_description":"En la tarde del martes en el Sal\u00f3n Blanco en Terrazas del Portezuelo se realiz\u00f3...","og_url":"https:\/\/apuntesdesanluis.com\/index.php\/2023\/08\/29\/firmaron-convenios-para-implementar-planes-federales-en-san-luis\/","og_site_name":"Apuntes de San Luis","article_published_time":"2023-08-29T21:44:45+00:00","article_modified_time":"2023-08-29T21:48:22+00:00","og_image":[{"width":756,"height":437,"url":"https:\/\/apuntesdesanluis.com\/wp-content\/uploads\/2023\/08\/convenio.png","type":"image\/png"}],"author":"apuntesdesanluis.com","twitter_card":"summary_large_image","twitter_misc":{"Escrito por":"apuntesdesanluis.com","Tiempo de lectura":"3 minutos"},"schema":{"@context":"https:\/\/schema.org","@graph":[{"@type":"Article","@id":"https:\/\/apuntesdesanluis.com\/index.php\/2023\/08\/29\/firmaron-convenios-para-implementar-planes-federales-en-san-luis\/#article","isPartOf":{"@id":"https:\/\/apuntesdesanluis.com\/index.php\/2023\/08\/29\/firmaron-convenios-para-implementar-planes-federales-en-san-luis\/"},"author":{"name":"apuntesdesanluis.com","@id":"https:\/\/apuntesdesanluis.com\/#\/schema\/person\/b55151d52296fcce64d1a72538a70b90"},"headline":"FIRMARON CONVENIOS PARA IMPLEMENTAR PLANES FEDERALES EN SAN LUIS","datePublished":"2023-08-29T21:44:45+00:00","dateModified":"2023-08-29T21:48:22+00:00","mainEntityOfPage":{"@id":"https:\/\/apuntesdesanluis.com\/index.php\/2023\/08\/29\/firmaron-convenios-para-implementar-planes-federales-en-san-luis\/"},"wordCount":606,"publisher":{"@id":"https:\/\/apuntesdesanluis.com\/#\/schema\/person\/b55151d52296fcce64d1a72538a70b90"},"image":{"@id":"https:\/\/apuntesdesanluis.com\/index.php\/2023\/08\/29\/firmaron-convenios-para-implementar-planes-federales-en-san-luis\/#primaryimage"},"thumbnailUrl":"https:\/\/apuntesdesanluis.com\/wp-content\/uploads\/2023\/08\/convenio.png","articleSection":["Ciudad\/Provincia"],"inLanguage":"es-AR"},{"@type":"WebPage","@id":"https:\/\/apuntesdesanluis.com\/index.php\/2023\/08\/29\/firmaron-convenios-para-implementar-planes-federales-en-san-luis\/","url":"https:\/\/apuntesdesanluis.com\/index.php\/2023\/08\/29\/firmaron-convenios-para-implementar-planes-federales-en-san-luis\/","name":"FIRMARON CONVENIOS PARA IMPLEMENTAR PLANES FEDERALES EN SAN LUIS - Apuntes de San Luis","isPartOf":{"@id":"https:\/\/apuntesdesanluis.com\/#website"},"primaryImageOfPage":{"@id":"https:\/\/apuntesdesanluis.com\/index.php\/2023\/08\/29\/firmaron-convenios-para-implementar-planes-federales-en-san-luis\/#primaryimage"},"image":{"@id":"https:\/\/apuntesdesanluis.com\/index.php\/2023\/08\/29\/firmaron-convenios-para-implementar-planes-federales-en-san-luis\/#primaryimage"},"thumbnailUrl":"https:\/\/apuntesdesanluis.com\/wp-content\/uploads\/2023\/08\/convenio.png","datePublished":"2023-08-29T21:44:45+00:00","dateModified":"2023-08-29T21:48:22+00:00","breadcrumb":{"@id":"https:\/\/apuntesdesanluis.com\/index.php\/2023\/08\/29\/firmaron-convenios-para-implementar-planes-federales-en-san-luis\/#breadcrumb"},"inLanguage":"es-AR","potentialAction":[{"@type":"ReadAction","target":["https:\/\/apuntesdesanluis.com\/index.php\/2023\/08\/29\/firmaron-convenios-para-implementar-planes-federales-en-san-luis\/"]}]},{"@type":"ImageObject","inLanguage":"es-AR","@id":"https:\/\/apuntesdesanluis.com\/index.php\/2023\/08\/29\/firmaron-convenios-para-implementar-planes-federales-en-san-luis\/#primaryimage","url":"https:\/\/apuntesdesanluis.com\/wp-content\/uploads\/2023\/08\/convenio.png","contentUrl":"https:\/\/apuntesdesanluis.com\/wp-content\/uploads\/2023\/08\/convenio.png","width":756,"height":437},{"@type":"BreadcrumbList","@id":"https:\/\/apuntesdesanluis.com\/index.php\/2023\/08\/29\/firmaron-convenios-para-implementar-planes-federales-en-san-luis\/#breadcrumb","itemListElement":[{"@type":"ListItem","position":1,"name":"Inicio","item":"https:\/\/apuntesdesanluis.com\/"},{"@type":"ListItem","position":2,"name":"FIRMARON CONVENIOS PARA IMPLEMENTAR PLANES FEDERALES EN SAN LUIS"}]},{"@type":"WebSite","@id":"https:\/\/apuntesdesanluis.com\/#website","url":"https:\/\/apuntesdesanluis.com\/","name":"Apuntes de San Luis","description":"","publisher":{"@id":"https:\/\/apuntesdesanluis.com\/#\/schema\/person\/b55151d52296fcce64d1a72538a70b90"},"potentialAction":[{"@type":"SearchAction","target":{"@type":"EntryPoint","urlTemplate":"https:\/\/apuntesdesanluis.com\/?s={search_term_string}"},"query-input":{"@type":"PropertyValueSpecification","valueRequired":true,"valueName":"search_term_string"}}],"inLanguage":"es-AR"},{"@type":["Person","Organization"],"@id":"https:\/\/apuntesdesanluis.com\/#\/schema\/person\/b55151d52296fcce64d1a72538a70b90","name":"apuntesdesanluis.com","image":{"@type":"ImageObject","inLanguage":"es-AR","@id":"https:\/\/apuntesdesanluis.com\/#\/schema\/person\/image\/","url":"https:\/\/apuntesdesanluis.com\/wp-content\/uploads\/2023\/07\/cropped-apuntesdesanluis.png","contentUrl":"https:\/\/apuntesdesanluis.com\/wp-content\/uploads\/2023\/07\/cropped-apuntesdesanluis.png","width":450,"height":112,"caption":"apuntesdesanluis.com"},"logo":{"@id":"https:\/\/apuntesdesanluis.com\/#\/schema\/person\/image\/"},"sameAs":["https:\/\/apuntesdesanluis.com"],"url":"https:\/\/apuntesdesanluis.com\/index.php\/author\/apuntesdesanluis-com\/"}]}},"featured_image_urls":{"full":["https:\/\/apuntesdesanluis.com\/wp-content\/uploads\/2023\/08\/convenio.png",756,437,false],"thumbnail":["https:\/\/apuntesdesanluis.com\/wp-content\/uploads\/2023\/08\/convenio-150x150.png",150,150,true],"medium":["https:\/\/apuntesdesanluis.com\/wp-content\/uploads\/2023\/08\/convenio-300x173.png",300,173,true],"medium_large":["https:\/\/apuntesdesanluis.com\/wp-content\/uploads\/2023\/08\/convenio.png",640,370,false],"large":["https:\/\/apuntesdesanluis.com\/wp-content\/uploads\/2023\/08\/convenio.png",640,370,false],"1536x1536":["https:\/\/apuntesdesanluis.com\/wp-content\/uploads\/2023\/08\/convenio.png",756,437,false],"2048x2048":["https:\/\/apuntesdesanluis.com\/wp-content\/uploads\/2023\/08\/convenio.png",756,437,false],"newsever-slider-full":["https:\/\/apuntesdesanluis.com\/wp-content\/uploads\/2023\/08\/convenio.png",756,437,false],"newsever-featured":["https:\/\/apuntesdesanluis.com\/wp-content\/uploads\/2023\/08\/convenio.png",756,437,false],"newsever-medium":["https:\/\/apuntesdesanluis.com\/wp-content\/uploads\/2023\/08\/convenio-720x437.png",720,437,true]},"author_info":{"display_name":"apuntesdesanluis.com","author_link":"https:\/\/apuntesdesanluis.com\/index.php\/author\/apuntesdesanluis-com\/"},"category_info":"<a href=\"https:\/\/apuntesdesanluis.com\/index.php\/category\/ciudad-provincia\/\" rel=\"category tag\">Ciudad\/Provincia<\/a>","tag_info":"Ciudad\/Provincia","comment_count":"0","_links":{"self":[{"href":"https:\/\/apuntesdesanluis.com\/index.php\/wp-json\/wp\/v2\/posts\/2299","targetHints":{"allow":["GET"]}}],"collection":[{"href":"https:\/\/apuntesdesanluis.com\/index.php\/wp-json\/wp\/v2\/posts"}],"about":[{"href":"https:\/\/apuntesdesanluis.com\/index.php\/wp-json\/wp\/v2\/types\/post"}],"author":[{"embeddable":true,"href":"https:\/\/apuntesdesanluis.com\/index.php\/wp-json\/wp\/v2\/users\/1"}],"replies":[{"embeddable":true,"href":"https:\/\/apuntesdesanluis.com\/index.php\/wp-json\/wp\/v2\/comments?post=2299"}],"version-history":[{"count":3,"href":"https:\/\/apuntesdesanluis.com\/index.php\/wp-json\/wp\/v2\/posts\/2299\/revisions"}],"predecessor-version":[{"id":2303,"href":"https:\/\/apuntesdesanluis.com\/index.php\/wp-json\/wp\/v2\/posts\/2299\/revisions\/2303"}],"wp:featuredmedia":[{"embeddable":true,"href":"https:\/\/apuntesdesanluis.com\/index.php\/wp-json\/wp\/v2\/media\/2300"}],"wp:attachment":[{"href":"https:\/\/apuntesdesanluis.com\/index.php\/wp-json\/wp\/v2\/media?parent=2299"}],"wp:term":[{"taxonomy":"category","embeddable":true,"href":"https:\/\/apuntesdesanluis.com\/index.php\/wp-json\/wp\/v2\/categories?post=2299"},{"taxonomy":"post_tag","embeddable":true,"href":"https:\/\/apuntesdesanluis.com\/index.php\/wp-json\/wp\/v2\/tags?post=2299"}],"curies":[{"name":"wp","href":"https:\/\/api.w.org\/{rel}","templated":true}]}}