{"id":22994,"date":"2024-09-26T14:01:59","date_gmt":"2024-09-26T17:01:59","guid":{"rendered":"https:\/\/apuntesdesanluis.com\/?p=22994"},"modified":"2024-09-26T14:02:51","modified_gmt":"2024-09-26T17:02:51","slug":"anac-certifico-el-primer-avion-electrico-disenado-y-fabricado-en-el-pais-en-la-universidad-de-la-plata","status":"publish","type":"post","link":"https:\/\/apuntesdesanluis.com\/index.php\/2024\/09\/26\/anac-certifico-el-primer-avion-electrico-disenado-y-fabricado-en-el-pais-en-la-universidad-de-la-plata\/","title":{"rendered":"ANAC CERTIFIC\u00d3 EL PRIMER AVI\u00d3N EL\u00c9CTRICO DISE\u00d1ADO Y FABRICADO EN EL PA\u00cdS, EN LA UNIVERSIDAD DE LA PLATA"},"content":{"rendered":"<h3>El primer avi\u00f3n el\u00e9ctrico dise\u00f1ado y fabricado en el pa\u00eds recibi\u00f3 hoy la certificaci\u00f3n correspondiente de parte de la Administraci\u00f3n Nacional de Aviaci\u00f3n Civil (ANAC), seg\u00fan informaron oficialmente.<\/h3>\n<h3>El proyecto fue desarrollado por la Facultad de Ingenier\u00eda de la Universidad Nacional de La Plata (UNLP) y la empresa Aviem Aeron\u00e1utica, cuyos representantes hoy recibieron el aval de seguridad para esta nueva tecnolog\u00eda, ahora al servicio de la aviaci\u00f3n civil argentina.<\/h3>\n<h3>Este avi\u00f3n con propulsi\u00f3n el\u00e9ctrica es el primero de desarrollo nacional en obtener un Certificado de Aeronavegabilidad y de Matr\u00edcula con el prop\u00f3sito de Investigaci\u00f3n y Desarrollo por parte de la Autoridad Aeron\u00e1utica.<\/h3>\n<p><img fetchpriority=\"high\" decoding=\"async\" class=\"wp-image-22996 aligncenter\" src=\"https:\/\/apuntesdesanluis.com\/wp-content\/uploads\/2024\/09\/ANAC-300x173.png\" alt=\"\" width=\"725\" height=\"418\" srcset=\"https:\/\/apuntesdesanluis.com\/wp-content\/uploads\/2024\/09\/ANAC-300x173.png 300w, https:\/\/apuntesdesanluis.com\/wp-content\/uploads\/2024\/09\/ANAC.png 754w\" sizes=\"(max-width: 725px) 100vw, 725px\" \/><\/p>\n<h3>El primer vuelo de prueba del prototipo del \u201cAVIEM 100 Epower\u201d se realiz\u00f3 en el aer\u00f3dromo de General Rodr\u00edguez, provincia de Buenos Aires, en el que los ingenieros de la ANAC verificaron la operaci\u00f3n de la aeronave, como parte del proceso integral de su habilitaci\u00f3n, que incluy\u00f3 los ensayos en tierra y la fiscalizaci\u00f3n de todas las fases de su producci\u00f3n.<\/h3>\n<h3>Durante este ensayo de vuelo de corta duraci\u00f3n se evalu\u00f3 el despegue, la fase de vuelo en aire y su aterrizaje.<\/h3>\n<h3>Dado que la aeronave demostr\u00f3 un desempe\u00f1o adecuado operando con bater\u00edas de litio, los inspectores de la ANAC verificaron su eficiencia y estabilidad, calific\u00e1ndolas como \u00f3ptimas. Adem\u00e1s, se demostr\u00f3 que se logra mantener el m\u00e1ximo de tiempo en vuelo con mucha menos energ\u00eda de la que se ten\u00eda calculado utilizar.<\/h3>\n<p><iframe title=\"Despeg\u00f3 el primer avi\u00f3n el\u00e9ctrico de Argentina: un logro de la UNLP y Aviem Aeron\u00e1utica\" width=\"640\" height=\"360\" src=\"https:\/\/www.youtube.com\/embed\/dSrBKJ776h4?feature=oembed\" frameborder=\"0\" allow=\"accelerometer; autoplay; clipboard-write; encrypted-media; gyroscope; picture-in-picture; web-share\" referrerpolicy=\"strict-origin-when-cross-origin\" allowfullscreen><\/iframe><\/p>\n<h3>Desde la ANAC indicaron que el organismo contin\u00faa acompa\u00f1ando al desarrollo de la industria aeron\u00e1utica, brindando el asesoramiento necesario para asegurar el cumplimiento de los est\u00e1ndares requeridos, introduciendo tecnolog\u00eda innovadora y de fabricaci\u00f3n nacional.<\/h3>\n<h3><\/h3>\n<p>&nbsp;<\/p>\n<p>&nbsp;<\/p>\n","protected":false},"excerpt":{"rendered":"<p>El primer avi\u00f3n el\u00e9ctrico dise\u00f1ado y fabricado en el pa\u00eds recibi\u00f3 hoy la certificaci\u00f3n correspondiente&#8230;<\/p>\n","protected":false},"author":1,"featured_media":22995,"comment_status":"closed","ping_status":"closed","sticky":false,"template":"","format":"standard","meta":{"footnotes":""},"categories":[5],"tags":[],"class_list":["post-22994","post","type-post","status-publish","format-standard","has-post-thumbnail","hentry","category-nacionales-internacionales"],"yoast_head":"<!-- This site is optimized with the Yoast SEO plugin v26.1.1 - https:\/\/yoast.com\/wordpress\/plugins\/seo\/ -->\n<title>ANAC CERTIFIC\u00d3 EL PRIMER AVI\u00d3N EL\u00c9CTRICO DISE\u00d1ADO Y FABRICADO EN EL PA\u00cdS, EN LA UNIVERSIDAD DE LA PLATA - Apuntes de San Luis<\/title>\n<meta name=\"robots\" content=\"index, follow, max-snippet:-1, max-image-preview:large, max-video-preview:-1\" \/>\n<link rel=\"canonical\" href=\"https:\/\/apuntesdesanluis.com\/index.php\/2024\/09\/26\/anac-certifico-el-primer-avion-electrico-disenado-y-fabricado-en-el-pais-en-la-universidad-de-la-plata\/\" \/>\n<meta property=\"og:locale\" content=\"es_ES\" \/>\n<meta property=\"og:type\" content=\"article\" \/>\n<meta property=\"og:title\" content=\"ANAC CERTIFIC\u00d3 EL PRIMER AVI\u00d3N EL\u00c9CTRICO DISE\u00d1ADO Y FABRICADO EN EL PA\u00cdS, EN LA UNIVERSIDAD DE LA PLATA - Apuntes de San Luis\" \/>\n<meta property=\"og:description\" content=\"El primer avi\u00f3n el\u00e9ctrico dise\u00f1ado y fabricado en el pa\u00eds recibi\u00f3 hoy la certificaci\u00f3n correspondiente...\" \/>\n<meta property=\"og:url\" content=\"https:\/\/apuntesdesanluis.com\/index.php\/2024\/09\/26\/anac-certifico-el-primer-avion-electrico-disenado-y-fabricado-en-el-pais-en-la-universidad-de-la-plata\/\" \/>\n<meta property=\"og:site_name\" content=\"Apuntes de San Luis\" \/>\n<meta property=\"article:published_time\" content=\"2024-09-26T17:01:59+00:00\" \/>\n<meta property=\"article:modified_time\" content=\"2024-09-26T17:02:51+00:00\" \/>\n<meta property=\"og:image\" content=\"https:\/\/apuntesdesanluis.com\/wp-content\/uploads\/2024\/09\/AVION.png\" \/>\n\t<meta property=\"og:image:width\" content=\"493\" \/>\n\t<meta property=\"og:image:height\" content=\"333\" \/>\n\t<meta property=\"og:image:type\" content=\"image\/png\" \/>\n<meta name=\"author\" content=\"apuntesdesanluis.com\" \/>\n<meta name=\"twitter:card\" content=\"summary_large_image\" \/>\n<meta name=\"twitter:label1\" content=\"Escrito por\" \/>\n\t<meta name=\"twitter:data1\" content=\"apuntesdesanluis.com\" \/>\n\t<meta name=\"twitter:label2\" content=\"Tiempo de lectura\" \/>\n\t<meta name=\"twitter:data2\" content=\"2 minutos\" \/>\n<script type=\"application\/ld+json\" class=\"yoast-schema-graph\">{\"@context\":\"https:\/\/schema.org\",\"@graph\":[{\"@type\":\"Article\",\"@id\":\"https:\/\/apuntesdesanluis.com\/index.php\/2024\/09\/26\/anac-certifico-el-primer-avion-electrico-disenado-y-fabricado-en-el-pais-en-la-universidad-de-la-plata\/#article\",\"isPartOf\":{\"@id\":\"https:\/\/apuntesdesanluis.com\/index.php\/2024\/09\/26\/anac-certifico-el-primer-avion-electrico-disenado-y-fabricado-en-el-pais-en-la-universidad-de-la-plata\/\"},\"author\":{\"name\":\"apuntesdesanluis.com\",\"@id\":\"https:\/\/apuntesdesanluis.com\/#\/schema\/person\/b55151d52296fcce64d1a72538a70b90\"},\"headline\":\"ANAC CERTIFIC\u00d3 EL PRIMER AVI\u00d3N EL\u00c9CTRICO DISE\u00d1ADO Y FABRICADO EN EL PA\u00cdS, EN LA UNIVERSIDAD DE LA PLATA\",\"datePublished\":\"2024-09-26T17:01:59+00:00\",\"dateModified\":\"2024-09-26T17:02:51+00:00\",\"mainEntityOfPage\":{\"@id\":\"https:\/\/apuntesdesanluis.com\/index.php\/2024\/09\/26\/anac-certifico-el-primer-avion-electrico-disenado-y-fabricado-en-el-pais-en-la-universidad-de-la-plata\/\"},\"wordCount\":344,\"publisher\":{\"@id\":\"https:\/\/apuntesdesanluis.com\/#\/schema\/person\/b55151d52296fcce64d1a72538a70b90\"},\"image\":{\"@id\":\"https:\/\/apuntesdesanluis.com\/index.php\/2024\/09\/26\/anac-certifico-el-primer-avion-electrico-disenado-y-fabricado-en-el-pais-en-la-universidad-de-la-plata\/#primaryimage\"},\"thumbnailUrl\":\"https:\/\/apuntesdesanluis.com\/wp-content\/uploads\/2024\/09\/AVION.png\",\"articleSection\":[\"Nacionales\/Internacionales\"],\"inLanguage\":\"es-AR\"},{\"@type\":\"WebPage\",\"@id\":\"https:\/\/apuntesdesanluis.com\/index.php\/2024\/09\/26\/anac-certifico-el-primer-avion-electrico-disenado-y-fabricado-en-el-pais-en-la-universidad-de-la-plata\/\",\"url\":\"https:\/\/apuntesdesanluis.com\/index.php\/2024\/09\/26\/anac-certifico-el-primer-avion-electrico-disenado-y-fabricado-en-el-pais-en-la-universidad-de-la-plata\/\",\"name\":\"ANAC CERTIFIC\u00d3 EL PRIMER AVI\u00d3N EL\u00c9CTRICO DISE\u00d1ADO Y FABRICADO EN EL PA\u00cdS, EN LA UNIVERSIDAD DE LA PLATA - Apuntes de San Luis\",\"isPartOf\":{\"@id\":\"https:\/\/apuntesdesanluis.com\/#website\"},\"primaryImageOfPage\":{\"@id\":\"https:\/\/apuntesdesanluis.com\/index.php\/2024\/09\/26\/anac-certifico-el-primer-avion-electrico-disenado-y-fabricado-en-el-pais-en-la-universidad-de-la-plata\/#primaryimage\"},\"image\":{\"@id\":\"https:\/\/apuntesdesanluis.com\/index.php\/2024\/09\/26\/anac-certifico-el-primer-avion-electrico-disenado-y-fabricado-en-el-pais-en-la-universidad-de-la-plata\/#primaryimage\"},\"thumbnailUrl\":\"https:\/\/apuntesdesanluis.com\/wp-content\/uploads\/2024\/09\/AVION.png\",\"datePublished\":\"2024-09-26T17:01:59+00:00\",\"dateModified\":\"2024-09-26T17:02:51+00:00\",\"breadcrumb\":{\"@id\":\"https:\/\/apuntesdesanluis.com\/index.php\/2024\/09\/26\/anac-certifico-el-primer-avion-electrico-disenado-y-fabricado-en-el-pais-en-la-universidad-de-la-plata\/#breadcrumb\"},\"inLanguage\":\"es-AR\",\"potentialAction\":[{\"@type\":\"ReadAction\",\"target\":[\"https:\/\/apuntesdesanluis.com\/index.php\/2024\/09\/26\/anac-certifico-el-primer-avion-electrico-disenado-y-fabricado-en-el-pais-en-la-universidad-de-la-plata\/\"]}]},{\"@type\":\"ImageObject\",\"inLanguage\":\"es-AR\",\"@id\":\"https:\/\/apuntesdesanluis.com\/index.php\/2024\/09\/26\/anac-certifico-el-primer-avion-electrico-disenado-y-fabricado-en-el-pais-en-la-universidad-de-la-plata\/#primaryimage\",\"url\":\"https:\/\/apuntesdesanluis.com\/wp-content\/uploads\/2024\/09\/AVION.png\",\"contentUrl\":\"https:\/\/apuntesdesanluis.com\/wp-content\/uploads\/2024\/09\/AVION.png\",\"width\":493,\"height\":333},{\"@type\":\"BreadcrumbList\",\"@id\":\"https:\/\/apuntesdesanluis.com\/index.php\/2024\/09\/26\/anac-certifico-el-primer-avion-electrico-disenado-y-fabricado-en-el-pais-en-la-universidad-de-la-plata\/#breadcrumb\",\"itemListElement\":[{\"@type\":\"ListItem\",\"position\":1,\"name\":\"Inicio\",\"item\":\"https:\/\/apuntesdesanluis.com\/\"},{\"@type\":\"ListItem\",\"position\":2,\"name\":\"ANAC CERTIFIC\u00d3 EL PRIMER AVI\u00d3N EL\u00c9CTRICO DISE\u00d1ADO Y FABRICADO EN EL PA\u00cdS, EN LA UNIVERSIDAD DE LA PLATA\"}]},{\"@type\":\"WebSite\",\"@id\":\"https:\/\/apuntesdesanluis.com\/#website\",\"url\":\"https:\/\/apuntesdesanluis.com\/\",\"name\":\"Apuntes de San Luis\",\"description\":\"\",\"publisher\":{\"@id\":\"https:\/\/apuntesdesanluis.com\/#\/schema\/person\/b55151d52296fcce64d1a72538a70b90\"},\"potentialAction\":[{\"@type\":\"SearchAction\",\"target\":{\"@type\":\"EntryPoint\",\"urlTemplate\":\"https:\/\/apuntesdesanluis.com\/?s={search_term_string}\"},\"query-input\":{\"@type\":\"PropertyValueSpecification\",\"valueRequired\":true,\"valueName\":\"search_term_string\"}}],\"inLanguage\":\"es-AR\"},{\"@type\":[\"Person\",\"Organization\"],\"@id\":\"https:\/\/apuntesdesanluis.com\/#\/schema\/person\/b55151d52296fcce64d1a72538a70b90\",\"name\":\"apuntesdesanluis.com\",\"image\":{\"@type\":\"ImageObject\",\"inLanguage\":\"es-AR\",\"@id\":\"https:\/\/apuntesdesanluis.com\/#\/schema\/person\/image\/\",\"url\":\"https:\/\/apuntesdesanluis.com\/wp-content\/uploads\/2023\/07\/cropped-apuntesdesanluis.png\",\"contentUrl\":\"https:\/\/apuntesdesanluis.com\/wp-content\/uploads\/2023\/07\/cropped-apuntesdesanluis.png\",\"width\":450,\"height\":112,\"caption\":\"apuntesdesanluis.com\"},\"logo\":{\"@id\":\"https:\/\/apuntesdesanluis.com\/#\/schema\/person\/image\/\"},\"sameAs\":[\"https:\/\/apuntesdesanluis.com\"],\"url\":\"https:\/\/apuntesdesanluis.com\/index.php\/author\/apuntesdesanluis-com\/\"}]}<\/script>\n<!-- \/ Yoast SEO plugin. -->","yoast_head_json":{"title":"ANAC CERTIFIC\u00d3 EL PRIMER AVI\u00d3N EL\u00c9CTRICO DISE\u00d1ADO Y FABRICADO EN EL PA\u00cdS, EN LA UNIVERSIDAD DE LA PLATA - Apuntes de San Luis","robots":{"index":"index","follow":"follow","max-snippet":"max-snippet:-1","max-image-preview":"max-image-preview:large","max-video-preview":"max-video-preview:-1"},"canonical":"https:\/\/apuntesdesanluis.com\/index.php\/2024\/09\/26\/anac-certifico-el-primer-avion-electrico-disenado-y-fabricado-en-el-pais-en-la-universidad-de-la-plata\/","og_locale":"es_ES","og_type":"article","og_title":"ANAC CERTIFIC\u00d3 EL PRIMER AVI\u00d3N EL\u00c9CTRICO DISE\u00d1ADO Y FABRICADO EN EL PA\u00cdS, EN LA UNIVERSIDAD DE LA PLATA - Apuntes de San Luis","og_description":"El primer avi\u00f3n el\u00e9ctrico dise\u00f1ado y fabricado en el pa\u00eds recibi\u00f3 hoy la certificaci\u00f3n correspondiente...","og_url":"https:\/\/apuntesdesanluis.com\/index.php\/2024\/09\/26\/anac-certifico-el-primer-avion-electrico-disenado-y-fabricado-en-el-pais-en-la-universidad-de-la-plata\/","og_site_name":"Apuntes de San Luis","article_published_time":"2024-09-26T17:01:59+00:00","article_modified_time":"2024-09-26T17:02:51+00:00","og_image":[{"width":493,"height":333,"url":"https:\/\/apuntesdesanluis.com\/wp-content\/uploads\/2024\/09\/AVION.png","type":"image\/png"}],"author":"apuntesdesanluis.com","twitter_card":"summary_large_image","twitter_misc":{"Escrito por":"apuntesdesanluis.com","Tiempo de lectura":"2 minutos"},"schema":{"@context":"https:\/\/schema.org","@graph":[{"@type":"Article","@id":"https:\/\/apuntesdesanluis.com\/index.php\/2024\/09\/26\/anac-certifico-el-primer-avion-electrico-disenado-y-fabricado-en-el-pais-en-la-universidad-de-la-plata\/#article","isPartOf":{"@id":"https:\/\/apuntesdesanluis.com\/index.php\/2024\/09\/26\/anac-certifico-el-primer-avion-electrico-disenado-y-fabricado-en-el-pais-en-la-universidad-de-la-plata\/"},"author":{"name":"apuntesdesanluis.com","@id":"https:\/\/apuntesdesanluis.com\/#\/schema\/person\/b55151d52296fcce64d1a72538a70b90"},"headline":"ANAC CERTIFIC\u00d3 EL PRIMER AVI\u00d3N EL\u00c9CTRICO DISE\u00d1ADO Y FABRICADO EN EL PA\u00cdS, EN LA UNIVERSIDAD DE LA PLATA","datePublished":"2024-09-26T17:01:59+00:00","dateModified":"2024-09-26T17:02:51+00:00","mainEntityOfPage":{"@id":"https:\/\/apuntesdesanluis.com\/index.php\/2024\/09\/26\/anac-certifico-el-primer-avion-electrico-disenado-y-fabricado-en-el-pais-en-la-universidad-de-la-plata\/"},"wordCount":344,"publisher":{"@id":"https:\/\/apuntesdesanluis.com\/#\/schema\/person\/b55151d52296fcce64d1a72538a70b90"},"image":{"@id":"https:\/\/apuntesdesanluis.com\/index.php\/2024\/09\/26\/anac-certifico-el-primer-avion-electrico-disenado-y-fabricado-en-el-pais-en-la-universidad-de-la-plata\/#primaryimage"},"thumbnailUrl":"https:\/\/apuntesdesanluis.com\/wp-content\/uploads\/2024\/09\/AVION.png","articleSection":["Nacionales\/Internacionales"],"inLanguage":"es-AR"},{"@type":"WebPage","@id":"https:\/\/apuntesdesanluis.com\/index.php\/2024\/09\/26\/anac-certifico-el-primer-avion-electrico-disenado-y-fabricado-en-el-pais-en-la-universidad-de-la-plata\/","url":"https:\/\/apuntesdesanluis.com\/index.php\/2024\/09\/26\/anac-certifico-el-primer-avion-electrico-disenado-y-fabricado-en-el-pais-en-la-universidad-de-la-plata\/","name":"ANAC CERTIFIC\u00d3 EL PRIMER AVI\u00d3N EL\u00c9CTRICO DISE\u00d1ADO Y FABRICADO EN EL PA\u00cdS, EN LA UNIVERSIDAD DE LA PLATA - Apuntes de San Luis","isPartOf":{"@id":"https:\/\/apuntesdesanluis.com\/#website"},"primaryImageOfPage":{"@id":"https:\/\/apuntesdesanluis.com\/index.php\/2024\/09\/26\/anac-certifico-el-primer-avion-electrico-disenado-y-fabricado-en-el-pais-en-la-universidad-de-la-plata\/#primaryimage"},"image":{"@id":"https:\/\/apuntesdesanluis.com\/index.php\/2024\/09\/26\/anac-certifico-el-primer-avion-electrico-disenado-y-fabricado-en-el-pais-en-la-universidad-de-la-plata\/#primaryimage"},"thumbnailUrl":"https:\/\/apuntesdesanluis.com\/wp-content\/uploads\/2024\/09\/AVION.png","datePublished":"2024-09-26T17:01:59+00:00","dateModified":"2024-09-26T17:02:51+00:00","breadcrumb":{"@id":"https:\/\/apuntesdesanluis.com\/index.php\/2024\/09\/26\/anac-certifico-el-primer-avion-electrico-disenado-y-fabricado-en-el-pais-en-la-universidad-de-la-plata\/#breadcrumb"},"inLanguage":"es-AR","potentialAction":[{"@type":"ReadAction","target":["https:\/\/apuntesdesanluis.com\/index.php\/2024\/09\/26\/anac-certifico-el-primer-avion-electrico-disenado-y-fabricado-en-el-pais-en-la-universidad-de-la-plata\/"]}]},{"@type":"ImageObject","inLanguage":"es-AR","@id":"https:\/\/apuntesdesanluis.com\/index.php\/2024\/09\/26\/anac-certifico-el-primer-avion-electrico-disenado-y-fabricado-en-el-pais-en-la-universidad-de-la-plata\/#primaryimage","url":"https:\/\/apuntesdesanluis.com\/wp-content\/uploads\/2024\/09\/AVION.png","contentUrl":"https:\/\/apuntesdesanluis.com\/wp-content\/uploads\/2024\/09\/AVION.png","width":493,"height":333},{"@type":"BreadcrumbList","@id":"https:\/\/apuntesdesanluis.com\/index.php\/2024\/09\/26\/anac-certifico-el-primer-avion-electrico-disenado-y-fabricado-en-el-pais-en-la-universidad-de-la-plata\/#breadcrumb","itemListElement":[{"@type":"ListItem","position":1,"name":"Inicio","item":"https:\/\/apuntesdesanluis.com\/"},{"@type":"ListItem","position":2,"name":"ANAC CERTIFIC\u00d3 EL PRIMER AVI\u00d3N EL\u00c9CTRICO DISE\u00d1ADO Y FABRICADO EN EL PA\u00cdS, EN LA UNIVERSIDAD DE LA PLATA"}]},{"@type":"WebSite","@id":"https:\/\/apuntesdesanluis.com\/#website","url":"https:\/\/apuntesdesanluis.com\/","name":"Apuntes de San Luis","description":"","publisher":{"@id":"https:\/\/apuntesdesanluis.com\/#\/schema\/person\/b55151d52296fcce64d1a72538a70b90"},"potentialAction":[{"@type":"SearchAction","target":{"@type":"EntryPoint","urlTemplate":"https:\/\/apuntesdesanluis.com\/?s={search_term_string}"},"query-input":{"@type":"PropertyValueSpecification","valueRequired":true,"valueName":"search_term_string"}}],"inLanguage":"es-AR"},{"@type":["Person","Organization"],"@id":"https:\/\/apuntesdesanluis.com\/#\/schema\/person\/b55151d52296fcce64d1a72538a70b90","name":"apuntesdesanluis.com","image":{"@type":"ImageObject","inLanguage":"es-AR","@id":"https:\/\/apuntesdesanluis.com\/#\/schema\/person\/image\/","url":"https:\/\/apuntesdesanluis.com\/wp-content\/uploads\/2023\/07\/cropped-apuntesdesanluis.png","contentUrl":"https:\/\/apuntesdesanluis.com\/wp-content\/uploads\/2023\/07\/cropped-apuntesdesanluis.png","width":450,"height":112,"caption":"apuntesdesanluis.com"},"logo":{"@id":"https:\/\/apuntesdesanluis.com\/#\/schema\/person\/image\/"},"sameAs":["https:\/\/apuntesdesanluis.com"],"url":"https:\/\/apuntesdesanluis.com\/index.php\/author\/apuntesdesanluis-com\/"}]}},"featured_image_urls":{"full":["https:\/\/apuntesdesanluis.com\/wp-content\/uploads\/2024\/09\/AVION.png",493,333,false],"thumbnail":["https:\/\/apuntesdesanluis.com\/wp-content\/uploads\/2024\/09\/AVION-150x150.png",150,150,true],"medium":["https:\/\/apuntesdesanluis.com\/wp-content\/uploads\/2024\/09\/AVION-300x203.png",300,203,true],"medium_large":["https:\/\/apuntesdesanluis.com\/wp-content\/uploads\/2024\/09\/AVION.png",493,333,false],"large":["https:\/\/apuntesdesanluis.com\/wp-content\/uploads\/2024\/09\/AVION.png",493,333,false],"1536x1536":["https:\/\/apuntesdesanluis.com\/wp-content\/uploads\/2024\/09\/AVION.png",493,333,false],"2048x2048":["https:\/\/apuntesdesanluis.com\/wp-content\/uploads\/2024\/09\/AVION.png",493,333,false],"newsever-slider-full":["https:\/\/apuntesdesanluis.com\/wp-content\/uploads\/2024\/09\/AVION.png",493,333,false],"newsever-featured":["https:\/\/apuntesdesanluis.com\/wp-content\/uploads\/2024\/09\/AVION.png",493,333,false],"newsever-medium":["https:\/\/apuntesdesanluis.com\/wp-content\/uploads\/2024\/09\/AVION.png",493,333,false]},"author_info":{"display_name":"apuntesdesanluis.com","author_link":"https:\/\/apuntesdesanluis.com\/index.php\/author\/apuntesdesanluis-com\/"},"category_info":"<a href=\"https:\/\/apuntesdesanluis.com\/index.php\/category\/nacionales-internacionales\/\" rel=\"category tag\">Nacionales\/Internacionales<\/a>","tag_info":"Nacionales\/Internacionales","comment_count":"0","_links":{"self":[{"href":"https:\/\/apuntesdesanluis.com\/index.php\/wp-json\/wp\/v2\/posts\/22994","targetHints":{"allow":["GET"]}}],"collection":[{"href":"https:\/\/apuntesdesanluis.com\/index.php\/wp-json\/wp\/v2\/posts"}],"about":[{"href":"https:\/\/apuntesdesanluis.com\/index.php\/wp-json\/wp\/v2\/types\/post"}],"author":[{"embeddable":true,"href":"https:\/\/apuntesdesanluis.com\/index.php\/wp-json\/wp\/v2\/users\/1"}],"replies":[{"embeddable":true,"href":"https:\/\/apuntesdesanluis.com\/index.php\/wp-json\/wp\/v2\/comments?post=22994"}],"version-history":[{"count":2,"href":"https:\/\/apuntesdesanluis.com\/index.php\/wp-json\/wp\/v2\/posts\/22994\/revisions"}],"predecessor-version":[{"id":22998,"href":"https:\/\/apuntesdesanluis.com\/index.php\/wp-json\/wp\/v2\/posts\/22994\/revisions\/22998"}],"wp:featuredmedia":[{"embeddable":true,"href":"https:\/\/apuntesdesanluis.com\/index.php\/wp-json\/wp\/v2\/media\/22995"}],"wp:attachment":[{"href":"https:\/\/apuntesdesanluis.com\/index.php\/wp-json\/wp\/v2\/media?parent=22994"}],"wp:term":[{"taxonomy":"category","embeddable":true,"href":"https:\/\/apuntesdesanluis.com\/index.php\/wp-json\/wp\/v2\/categories?post=22994"},{"taxonomy":"post_tag","embeddable":true,"href":"https:\/\/apuntesdesanluis.com\/index.php\/wp-json\/wp\/v2\/tags?post=22994"}],"curies":[{"name":"wp","href":"https:\/\/api.w.org\/{rel}","templated":true}]}}