{"id":23009,"date":"2024-09-26T21:00:51","date_gmt":"2024-09-27T00:00:51","guid":{"rendered":"https:\/\/apuntesdesanluis.com\/?p=23009"},"modified":"2024-09-26T21:00:51","modified_gmt":"2024-09-27T00:00:51","slug":"una-ama-de-llaves-de-olivos-dijo-que-nunca-vio-a-yanez-golpeada-y-que-las-discusiones-con-fernandez-eran-normales","status":"publish","type":"post","link":"https:\/\/apuntesdesanluis.com\/index.php\/2024\/09\/26\/una-ama-de-llaves-de-olivos-dijo-que-nunca-vio-a-yanez-golpeada-y-que-las-discusiones-con-fernandez-eran-normales\/","title":{"rendered":"UNA AMA DE LLAVES DE OLIVOS DIJO QUE NUNCA VIO A YA\u00d1EZ GOLPEADA Y QUE LAS DISCUSIONES CON FERN\u00c1NDEZ \u201cERAN NORMALES\u201d"},"content":{"rendered":"<h3>Una empleada de la Quinta de Olivos declar\u00f3 hoy que nunca vio un golpe, lesi\u00f3n o moret\u00f3n en el cuerpo de la ex primera dama <strong>Fabiola Ya\u00f1ez<\/strong> y que las discusiones que ella ten\u00eda con su ex pareja, el ex presidente <strong>Alberto Fern\u00e1ndez<\/strong>, eran \u201cnormales\u201d.<\/h3>\n<h3>As\u00ed lo sostuvo <strong>Cintia Romina Tonietti<\/strong>, ama de llaves, quien sigue trabajando en Olivos, y que fue la primera testigo de la defensa del ex mandatario en la causa por violencia de g\u00e9nero.<\/h3>\n<h3>\u201cYo la ve\u00eda con ropa interior y nunca observ\u00e9 ning\u00fan golpe, nada violeta. La ayudaba a vestirse cuando no llegaba la asesora en vestuario. Tambi\u00e9n la ve\u00eda en bikini cuando iba a la pileta\u201d, respondi\u00f3 Tonietti cuando le preguntaron si hab\u00eda visto golpeada a la ex primera dama. A la testigo le mostraron las fotos y los videos de Ya\u00f1ez con moretones en el ojo derecho y en el brazo. \u201cNo observ\u00e9 nunca eso\u201d, dijo en su declaraci\u00f3n.<\/h3>\n<h3>A la testigo le preguntaron si el 30 de junio de 2021 hab\u00eda ido a trabajar porque esa ma\u00f1ana los m\u00e9dicos de Unidad Presidencial Federico Alem y Federico Saavedra hab\u00edan ido a Olivos y dijeron que vieron el moret\u00f3n en el ojo de Ya\u00f1ez. \u201cPuede ser, no recuerdo si trabaj\u00e9 en ese momento. Tampoco recuerdo haberlos recibido juntos. Si recuerdo al m\u00e9dico Saavedra pero estaba solo, lo recib\u00eda muy seguido\u201d, contest\u00f3 y dijo que ella nunca le dio a la entonces primera dama medicamentos para la lesi\u00f3n en el ojo.<\/h3>\n<p><img fetchpriority=\"high\" decoding=\"async\" class=\"wp-image-23011 aligncenter\" src=\"https:\/\/apuntesdesanluis.com\/wp-content\/uploads\/2024\/09\/ama-de-llaves-300x193.png\" alt=\"\" width=\"690\" height=\"444\" srcset=\"https:\/\/apuntesdesanluis.com\/wp-content\/uploads\/2024\/09\/ama-de-llaves-300x193.png 300w, https:\/\/apuntesdesanluis.com\/wp-content\/uploads\/2024\/09\/ama-de-llaves.png 524w\" sizes=\"(max-width: 690px) 100vw, 690px\" \/><\/p>\n<h3>Esta es la primera de las cinco declaraciones que propuso la defensa del ex presidente, a cargo de la abogada , Silvina Carreira. Adem\u00e1s de Tonietti propuso a Amalia Tereza Moreno, Karina Daniela Gonz\u00e1lez y Noelia Del Valle G\u00f3mez y una quinta cuya identidad no se conoce. Son empleados de Olivos que en sus declaraciones ante escribano dieron cuenta de que no hubo violencia de g\u00e9nero y que los moretones que exhibi\u00f3 Ya\u00f1ez fueron producto de ca\u00eddas por el consumo de alcohol o por secuelas de tratamientos est\u00e9ticos.<\/h3>\n<h3>Tonietti lleg\u00f3 a las 10 a Comodoro Py. Moreno fue citada a las 12 por el fiscal federal Ramiro Gonz\u00e1lez. Pero como la declaraci\u00f3n de Tonietti se extendi\u00f3 la de Moreno fue postergada para otra fecha que todav\u00eda no se defini\u00f3 En tanto, Gonz\u00e1lez y Del Valle G\u00f3mez deber\u00e1n presentarse el jueves de la semana que viene en los mismos horarios.<\/h3>\n<h3>La testigo dijo que nunca vio violencia f\u00edsica en la pareja y que presenci\u00f3 discusiones normales. \u201cEran discusiones normales, por el horario de la comida, porque uno estaba listo y otro no antes de salir. Discusiones normales propias de una pareja. Adelante m\u00edo, jam\u00e1s se faltaron el respeto\u201d, dijo.<\/h3>\n<h3>Tonietti fue preguntada por el consumo de alcohol de Ya\u00f1ez. \u201cAlberto nos ped\u00eda que le prestemos atenci\u00f3n a Fabiola cuando estaba embarazada para que no tome alcohol, pero como ni\u00f1era de ella no, nunca\u201d, relat\u00f3 y dijo que vio a la ex primera dama alcoholizada. \u201cCantidad de ocasiones no recuerdo. Si puedo decir que varias veces Francisco estaba con su ni\u00f1era Noelia y Fabiola quer\u00eda estar con \u00e9l en estado de ebriedad. En ese momento, mayormente, Alberto Fern\u00e1ndez estaba trabajando\u201d, record\u00f3.<\/h3>\n<h3>Sobre el consumo de alcohol agreg\u00f3 que Ya\u00f1ez \u201cten\u00eda sus temporadas. En ocasiones pasaba 10 o 15 d\u00edas sin ingerir alcohol y luego tomaba todos los d\u00edas\u201d y que lo hac\u00eda \u201ccuando se juntaba con amigos o, a veces, se juntaba con la madre y tomaba\u201d. Y se\u00f1al\u00f3 que a su criterio ese consumo no era normal. \u201cNormal es tomar una cerveza con amigos. Normal no es tomar 2\/3 botellas de vino o champagne y quedarse hasta el amanecer. Esto lo s\u00e9 porque Fabiola me llamaba a la ma\u00f1ana para que le llevara algo de comer\u201d, dijo.<\/h3>\n<h3>Inclusive record\u00f3 una discusi\u00f3n de la pareja por el consumo de alcohol: \u201cestaban en el chalet y Alberto le llam\u00f3 la atenci\u00f3n a Fabiola porque estaba alcoholizada. Puntualmente le dijo si no le daba verg\u00fcenza estar en ese estado frente a su hijo\u201d.<\/h3>\n<h3>La testigo tambi\u00e9n habl\u00f3 sobre el festejo de cumplea\u00f1os de Ya\u00f1ez de 2020 en plena restricciones por la pandemia. \u201cTuve que organizar todo el evento. Fabiola me dijo que era lo que quer\u00edan comer y a qu\u00e9 hora iban a llegar las visitas y cuantas eran. Todo lo que suced\u00eda en la quinta de olivos era confidencial. El intendente nos indiciaba cuestiones relativas al evento\u201d, cont\u00f3 y dijo que un a\u00f1o despu\u00e9s cuando el caso se hizo p\u00fablico la relaci\u00f3n entre Fern\u00e1ndez y Ya\u00f1ez \u201ccambi\u00f3, estaban nerviosos por la situaci\u00f3n medi\u00e1tica. Era un ambiente complicado, asesores yendo y viniendo\u201d.<\/h3>\n<h3>Tambi\u00e9n sostuvo que tras la foto ambos \u201cten\u00edan intercambio de palabras. Su relaci\u00f3n era m\u00e1s distante, cambi\u00f3 en ese lapso. No observ\u00e9 puntualmente una falta de respeto entre ambos\u201d y que \u201cdesparecieron\u201d todas las visitas que recib\u00eda Ya\u00f1ez excepto la de dos amigos, lo mismo que sus actividades que \u201cse reduc\u00eda a cuestiones protocolares\u201d.<\/h3>\n<h3>La declaraci\u00f3n tuvo un contrapunto con la querella. La testigo dijo que como empleada de Olivos ten\u00eda un contrato de confidencialidad y que el ex presidente la relev\u00f3 de ese secreto. La querella le pregunt\u00f3 si le pidi\u00f3 a Ya\u00f1ez que haga lo mismo y dijo que no. \u201cYo no entiendo cosas legales. Yo consult\u00e9 a la Jefa de Personal de la Quinta de Olivos porque sigo trabajando all\u00ed. Ella me dijo que si \u00e9l me relevaba yo pod\u00eda declarar. Esta persona se llama Natalia Quintana\u201d, agreg\u00f3.<\/h3>\n<h3>Junto con las declaraciones de las testigos, la Fiscal\u00eda espera la respuesta a su exhorto internacional para peritar el celular de Ya\u00f1ez. Gonz\u00e1lez envi\u00f3 a Canciller\u00eda el requerimiento para que se tramite en Madrid, Espa\u00f1a, donde vive la ex primera dama, el proceso para hacer la extracci\u00f3n de la informaci\u00f3n del aparato. La defensa de Alberto Fern\u00e1ndez hab\u00eda planteado que el peritaje se deb\u00eda hacer en Argentina. La C\u00e1mara Federal la semana pasada rechaz\u00f3 el planteo y confirm\u00f3 que se puede hacer en Espa\u00f1a.<\/h3>\n<h3>Mientras tanto, el fiscal Gonz\u00e1lez ya trabaja en el pedido de llamado a indagatoria para el ex presidente. Pero esa decisi\u00f3n no ser\u00e1 inmediata.<\/h3>\n<h3>La semana pasada, la madre de Fabiola Ya\u00f1ez declar\u00f3 haber presenciado actos de violencia contra su hija. Relat\u00f3 una agresi\u00f3n que hasta ahora no se conoc\u00eda y que ocurri\u00f3 en Olivos cuando Ya\u00f1ez estaba embarazada de ocho meses.<\/h3>\n<h3>\u201cEst\u00e1bamos armando la habitaci\u00f3n del beb\u00e9 que todav\u00eda estaba usando, y como siempre a altas horas de la noche, a la 1:30 de la ma\u00f1ana, escuch\u00e9 gritos de Alberto y de Fabiola, me despert\u00e9 y sal\u00ed. Ah\u00ed vi cuando Alberto la sacaba de los brazos, la zamarre\u00f3 y la tir\u00f3 frente a la puerta del ascensor. Ella estaba embarazada. La solt\u00f3 y se cay\u00f3 con todo el peso sobre la panza. Ella se qued\u00f3 ah\u00ed llorando. Yo sal\u00ed de la habitaci\u00f3n, la levant\u00e9, le pregunt\u00e9 qu\u00e9 pas\u00f3 y me dice: \u2018Otra vez lo mismo, reclamos de Fabiola a Alberto por cosas que \u00e9l hac\u00eda y eso lo pon\u00eda agresivo\u2019\u201d, cont\u00f3 la mujer.<\/h3>\n<h3>La madre relat\u00f3 que volvi\u00f3 a la habitaci\u00f3n matrimonial a buscar el celular de su hija y que Fern\u00e1ndez le dijo \u201cYo ac\u00e1 soy el presidente\u201d y detall\u00f3: \u201cFue como diciendo que yo hago lo que quiero y ustedes se callan, como siempre fue. Yo le dije que no me importaba que fuera el presidente, que no iba a dejar que maltratara a mi hija, y se lo repet\u00ed, y m\u00e1s estando embarazada, y \u00e9l me volvi\u00f3 a repetir que \u00e9l era el presidente y pod\u00eda hacer lo que quisiera\u201d.<\/h3>\n<p>&nbsp;<\/p>\n<p>&nbsp;<\/p>\n<p>&nbsp;<\/p>\n<p>&nbsp;<\/p>\n<p>&nbsp;<\/p>\n<p>&nbsp;<\/p>\n<p>&nbsp;<\/p>\n","protected":false},"excerpt":{"rendered":"<p>Una empleada de la Quinta de Olivos declar\u00f3 hoy que nunca vio un golpe, lesi\u00f3n&#8230;<\/p>\n","protected":false},"author":1,"featured_media":23010,"comment_status":"closed","ping_status":"closed","sticky":false,"template":"","format":"standard","meta":{"footnotes":""},"categories":[5],"tags":[],"class_list":["post-23009","post","type-post","status-publish","format-standard","has-post-thumbnail","hentry","category-nacionales-internacionales"],"yoast_head":"<!-- This site is optimized with the Yoast SEO plugin v26.1.1 - https:\/\/yoast.com\/wordpress\/plugins\/seo\/ -->\n<title>UNA AMA DE LLAVES DE OLIVOS DIJO QUE NUNCA VIO A YA\u00d1EZ GOLPEADA Y QUE LAS DISCUSIONES CON FERN\u00c1NDEZ \u201cERAN NORMALES\u201d - Apuntes de San Luis<\/title>\n<meta name=\"robots\" content=\"index, follow, max-snippet:-1, max-image-preview:large, max-video-preview:-1\" \/>\n<link rel=\"canonical\" href=\"https:\/\/apuntesdesanluis.com\/index.php\/2024\/09\/26\/una-ama-de-llaves-de-olivos-dijo-que-nunca-vio-a-yanez-golpeada-y-que-las-discusiones-con-fernandez-eran-normales\/\" \/>\n<meta property=\"og:locale\" content=\"es_ES\" \/>\n<meta property=\"og:type\" content=\"article\" \/>\n<meta property=\"og:title\" content=\"UNA AMA DE LLAVES DE OLIVOS DIJO QUE NUNCA VIO A YA\u00d1EZ GOLPEADA Y QUE LAS DISCUSIONES CON FERN\u00c1NDEZ \u201cERAN NORMALES\u201d - Apuntes de San Luis\" \/>\n<meta property=\"og:description\" content=\"Una empleada de la Quinta de Olivos declar\u00f3 hoy que nunca vio un golpe, lesi\u00f3n...\" \/>\n<meta property=\"og:url\" content=\"https:\/\/apuntesdesanluis.com\/index.php\/2024\/09\/26\/una-ama-de-llaves-de-olivos-dijo-que-nunca-vio-a-yanez-golpeada-y-que-las-discusiones-con-fernandez-eran-normales\/\" \/>\n<meta property=\"og:site_name\" content=\"Apuntes de San Luis\" \/>\n<meta property=\"article:published_time\" content=\"2024-09-27T00:00:51+00:00\" \/>\n<meta property=\"og:image\" content=\"https:\/\/apuntesdesanluis.com\/wp-content\/uploads\/2024\/09\/fernandez.png\" \/>\n\t<meta property=\"og:image:width\" content=\"897\" \/>\n\t<meta property=\"og:image:height\" content=\"574\" \/>\n\t<meta property=\"og:image:type\" content=\"image\/png\" \/>\n<meta name=\"author\" content=\"apuntesdesanluis.com\" \/>\n<meta name=\"twitter:card\" content=\"summary_large_image\" \/>\n<meta name=\"twitter:label1\" content=\"Escrito por\" \/>\n\t<meta name=\"twitter:data1\" content=\"apuntesdesanluis.com\" \/>\n\t<meta name=\"twitter:label2\" content=\"Tiempo de lectura\" \/>\n\t<meta name=\"twitter:data2\" content=\"7 minutos\" \/>\n<script type=\"application\/ld+json\" class=\"yoast-schema-graph\">{\"@context\":\"https:\/\/schema.org\",\"@graph\":[{\"@type\":\"Article\",\"@id\":\"https:\/\/apuntesdesanluis.com\/index.php\/2024\/09\/26\/una-ama-de-llaves-de-olivos-dijo-que-nunca-vio-a-yanez-golpeada-y-que-las-discusiones-con-fernandez-eran-normales\/#article\",\"isPartOf\":{\"@id\":\"https:\/\/apuntesdesanluis.com\/index.php\/2024\/09\/26\/una-ama-de-llaves-de-olivos-dijo-que-nunca-vio-a-yanez-golpeada-y-que-las-discusiones-con-fernandez-eran-normales\/\"},\"author\":{\"name\":\"apuntesdesanluis.com\",\"@id\":\"https:\/\/apuntesdesanluis.com\/#\/schema\/person\/b55151d52296fcce64d1a72538a70b90\"},\"headline\":\"UNA AMA DE LLAVES DE OLIVOS DIJO QUE NUNCA VIO A YA\u00d1EZ GOLPEADA Y QUE LAS DISCUSIONES CON FERN\u00c1NDEZ \u201cERAN NORMALES\u201d\",\"datePublished\":\"2024-09-27T00:00:51+00:00\",\"mainEntityOfPage\":{\"@id\":\"https:\/\/apuntesdesanluis.com\/index.php\/2024\/09\/26\/una-ama-de-llaves-de-olivos-dijo-que-nunca-vio-a-yanez-golpeada-y-que-las-discusiones-con-fernandez-eran-normales\/\"},\"wordCount\":1381,\"publisher\":{\"@id\":\"https:\/\/apuntesdesanluis.com\/#\/schema\/person\/b55151d52296fcce64d1a72538a70b90\"},\"image\":{\"@id\":\"https:\/\/apuntesdesanluis.com\/index.php\/2024\/09\/26\/una-ama-de-llaves-de-olivos-dijo-que-nunca-vio-a-yanez-golpeada-y-que-las-discusiones-con-fernandez-eran-normales\/#primaryimage\"},\"thumbnailUrl\":\"https:\/\/apuntesdesanluis.com\/wp-content\/uploads\/2024\/09\/fernandez.png\",\"articleSection\":[\"Nacionales\/Internacionales\"],\"inLanguage\":\"es-AR\"},{\"@type\":\"WebPage\",\"@id\":\"https:\/\/apuntesdesanluis.com\/index.php\/2024\/09\/26\/una-ama-de-llaves-de-olivos-dijo-que-nunca-vio-a-yanez-golpeada-y-que-las-discusiones-con-fernandez-eran-normales\/\",\"url\":\"https:\/\/apuntesdesanluis.com\/index.php\/2024\/09\/26\/una-ama-de-llaves-de-olivos-dijo-que-nunca-vio-a-yanez-golpeada-y-que-las-discusiones-con-fernandez-eran-normales\/\",\"name\":\"UNA AMA DE LLAVES DE OLIVOS DIJO QUE NUNCA VIO A YA\u00d1EZ GOLPEADA Y QUE LAS DISCUSIONES CON FERN\u00c1NDEZ \u201cERAN NORMALES\u201d - Apuntes de San Luis\",\"isPartOf\":{\"@id\":\"https:\/\/apuntesdesanluis.com\/#website\"},\"primaryImageOfPage\":{\"@id\":\"https:\/\/apuntesdesanluis.com\/index.php\/2024\/09\/26\/una-ama-de-llaves-de-olivos-dijo-que-nunca-vio-a-yanez-golpeada-y-que-las-discusiones-con-fernandez-eran-normales\/#primaryimage\"},\"image\":{\"@id\":\"https:\/\/apuntesdesanluis.com\/index.php\/2024\/09\/26\/una-ama-de-llaves-de-olivos-dijo-que-nunca-vio-a-yanez-golpeada-y-que-las-discusiones-con-fernandez-eran-normales\/#primaryimage\"},\"thumbnailUrl\":\"https:\/\/apuntesdesanluis.com\/wp-content\/uploads\/2024\/09\/fernandez.png\",\"datePublished\":\"2024-09-27T00:00:51+00:00\",\"breadcrumb\":{\"@id\":\"https:\/\/apuntesdesanluis.com\/index.php\/2024\/09\/26\/una-ama-de-llaves-de-olivos-dijo-que-nunca-vio-a-yanez-golpeada-y-que-las-discusiones-con-fernandez-eran-normales\/#breadcrumb\"},\"inLanguage\":\"es-AR\",\"potentialAction\":[{\"@type\":\"ReadAction\",\"target\":[\"https:\/\/apuntesdesanluis.com\/index.php\/2024\/09\/26\/una-ama-de-llaves-de-olivos-dijo-que-nunca-vio-a-yanez-golpeada-y-que-las-discusiones-con-fernandez-eran-normales\/\"]}]},{\"@type\":\"ImageObject\",\"inLanguage\":\"es-AR\",\"@id\":\"https:\/\/apuntesdesanluis.com\/index.php\/2024\/09\/26\/una-ama-de-llaves-de-olivos-dijo-que-nunca-vio-a-yanez-golpeada-y-que-las-discusiones-con-fernandez-eran-normales\/#primaryimage\",\"url\":\"https:\/\/apuntesdesanluis.com\/wp-content\/uploads\/2024\/09\/fernandez.png\",\"contentUrl\":\"https:\/\/apuntesdesanluis.com\/wp-content\/uploads\/2024\/09\/fernandez.png\",\"width\":897,\"height\":574},{\"@type\":\"BreadcrumbList\",\"@id\":\"https:\/\/apuntesdesanluis.com\/index.php\/2024\/09\/26\/una-ama-de-llaves-de-olivos-dijo-que-nunca-vio-a-yanez-golpeada-y-que-las-discusiones-con-fernandez-eran-normales\/#breadcrumb\",\"itemListElement\":[{\"@type\":\"ListItem\",\"position\":1,\"name\":\"Inicio\",\"item\":\"https:\/\/apuntesdesanluis.com\/\"},{\"@type\":\"ListItem\",\"position\":2,\"name\":\"UNA AMA DE LLAVES DE OLIVOS DIJO QUE NUNCA VIO A YA\u00d1EZ GOLPEADA Y QUE LAS DISCUSIONES CON FERN\u00c1NDEZ \u201cERAN NORMALES\u201d\"}]},{\"@type\":\"WebSite\",\"@id\":\"https:\/\/apuntesdesanluis.com\/#website\",\"url\":\"https:\/\/apuntesdesanluis.com\/\",\"name\":\"Apuntes de San Luis\",\"description\":\"\",\"publisher\":{\"@id\":\"https:\/\/apuntesdesanluis.com\/#\/schema\/person\/b55151d52296fcce64d1a72538a70b90\"},\"potentialAction\":[{\"@type\":\"SearchAction\",\"target\":{\"@type\":\"EntryPoint\",\"urlTemplate\":\"https:\/\/apuntesdesanluis.com\/?s={search_term_string}\"},\"query-input\":{\"@type\":\"PropertyValueSpecification\",\"valueRequired\":true,\"valueName\":\"search_term_string\"}}],\"inLanguage\":\"es-AR\"},{\"@type\":[\"Person\",\"Organization\"],\"@id\":\"https:\/\/apuntesdesanluis.com\/#\/schema\/person\/b55151d52296fcce64d1a72538a70b90\",\"name\":\"apuntesdesanluis.com\",\"image\":{\"@type\":\"ImageObject\",\"inLanguage\":\"es-AR\",\"@id\":\"https:\/\/apuntesdesanluis.com\/#\/schema\/person\/image\/\",\"url\":\"https:\/\/apuntesdesanluis.com\/wp-content\/uploads\/2023\/07\/cropped-apuntesdesanluis.png\",\"contentUrl\":\"https:\/\/apuntesdesanluis.com\/wp-content\/uploads\/2023\/07\/cropped-apuntesdesanluis.png\",\"width\":450,\"height\":112,\"caption\":\"apuntesdesanluis.com\"},\"logo\":{\"@id\":\"https:\/\/apuntesdesanluis.com\/#\/schema\/person\/image\/\"},\"sameAs\":[\"https:\/\/apuntesdesanluis.com\"],\"url\":\"https:\/\/apuntesdesanluis.com\/index.php\/author\/apuntesdesanluis-com\/\"}]}<\/script>\n<!-- \/ Yoast SEO plugin. -->","yoast_head_json":{"title":"UNA AMA DE LLAVES DE OLIVOS DIJO QUE NUNCA VIO A YA\u00d1EZ GOLPEADA Y QUE LAS DISCUSIONES CON FERN\u00c1NDEZ \u201cERAN NORMALES\u201d - Apuntes de San Luis","robots":{"index":"index","follow":"follow","max-snippet":"max-snippet:-1","max-image-preview":"max-image-preview:large","max-video-preview":"max-video-preview:-1"},"canonical":"https:\/\/apuntesdesanluis.com\/index.php\/2024\/09\/26\/una-ama-de-llaves-de-olivos-dijo-que-nunca-vio-a-yanez-golpeada-y-que-las-discusiones-con-fernandez-eran-normales\/","og_locale":"es_ES","og_type":"article","og_title":"UNA AMA DE LLAVES DE OLIVOS DIJO QUE NUNCA VIO A YA\u00d1EZ GOLPEADA Y QUE LAS DISCUSIONES CON FERN\u00c1NDEZ \u201cERAN NORMALES\u201d - Apuntes de San Luis","og_description":"Una empleada de la Quinta de Olivos declar\u00f3 hoy que nunca vio un golpe, lesi\u00f3n...","og_url":"https:\/\/apuntesdesanluis.com\/index.php\/2024\/09\/26\/una-ama-de-llaves-de-olivos-dijo-que-nunca-vio-a-yanez-golpeada-y-que-las-discusiones-con-fernandez-eran-normales\/","og_site_name":"Apuntes de San Luis","article_published_time":"2024-09-27T00:00:51+00:00","og_image":[{"width":897,"height":574,"url":"https:\/\/apuntesdesanluis.com\/wp-content\/uploads\/2024\/09\/fernandez.png","type":"image\/png"}],"author":"apuntesdesanluis.com","twitter_card":"summary_large_image","twitter_misc":{"Escrito por":"apuntesdesanluis.com","Tiempo de lectura":"7 minutos"},"schema":{"@context":"https:\/\/schema.org","@graph":[{"@type":"Article","@id":"https:\/\/apuntesdesanluis.com\/index.php\/2024\/09\/26\/una-ama-de-llaves-de-olivos-dijo-que-nunca-vio-a-yanez-golpeada-y-que-las-discusiones-con-fernandez-eran-normales\/#article","isPartOf":{"@id":"https:\/\/apuntesdesanluis.com\/index.php\/2024\/09\/26\/una-ama-de-llaves-de-olivos-dijo-que-nunca-vio-a-yanez-golpeada-y-que-las-discusiones-con-fernandez-eran-normales\/"},"author":{"name":"apuntesdesanluis.com","@id":"https:\/\/apuntesdesanluis.com\/#\/schema\/person\/b55151d52296fcce64d1a72538a70b90"},"headline":"UNA AMA DE LLAVES DE OLIVOS DIJO QUE NUNCA VIO A YA\u00d1EZ GOLPEADA Y QUE LAS DISCUSIONES CON FERN\u00c1NDEZ \u201cERAN NORMALES\u201d","datePublished":"2024-09-27T00:00:51+00:00","mainEntityOfPage":{"@id":"https:\/\/apuntesdesanluis.com\/index.php\/2024\/09\/26\/una-ama-de-llaves-de-olivos-dijo-que-nunca-vio-a-yanez-golpeada-y-que-las-discusiones-con-fernandez-eran-normales\/"},"wordCount":1381,"publisher":{"@id":"https:\/\/apuntesdesanluis.com\/#\/schema\/person\/b55151d52296fcce64d1a72538a70b90"},"image":{"@id":"https:\/\/apuntesdesanluis.com\/index.php\/2024\/09\/26\/una-ama-de-llaves-de-olivos-dijo-que-nunca-vio-a-yanez-golpeada-y-que-las-discusiones-con-fernandez-eran-normales\/#primaryimage"},"thumbnailUrl":"https:\/\/apuntesdesanluis.com\/wp-content\/uploads\/2024\/09\/fernandez.png","articleSection":["Nacionales\/Internacionales"],"inLanguage":"es-AR"},{"@type":"WebPage","@id":"https:\/\/apuntesdesanluis.com\/index.php\/2024\/09\/26\/una-ama-de-llaves-de-olivos-dijo-que-nunca-vio-a-yanez-golpeada-y-que-las-discusiones-con-fernandez-eran-normales\/","url":"https:\/\/apuntesdesanluis.com\/index.php\/2024\/09\/26\/una-ama-de-llaves-de-olivos-dijo-que-nunca-vio-a-yanez-golpeada-y-que-las-discusiones-con-fernandez-eran-normales\/","name":"UNA AMA DE LLAVES DE OLIVOS DIJO QUE NUNCA VIO A YA\u00d1EZ GOLPEADA Y QUE LAS DISCUSIONES CON FERN\u00c1NDEZ \u201cERAN NORMALES\u201d - Apuntes de San Luis","isPartOf":{"@id":"https:\/\/apuntesdesanluis.com\/#website"},"primaryImageOfPage":{"@id":"https:\/\/apuntesdesanluis.com\/index.php\/2024\/09\/26\/una-ama-de-llaves-de-olivos-dijo-que-nunca-vio-a-yanez-golpeada-y-que-las-discusiones-con-fernandez-eran-normales\/#primaryimage"},"image":{"@id":"https:\/\/apuntesdesanluis.com\/index.php\/2024\/09\/26\/una-ama-de-llaves-de-olivos-dijo-que-nunca-vio-a-yanez-golpeada-y-que-las-discusiones-con-fernandez-eran-normales\/#primaryimage"},"thumbnailUrl":"https:\/\/apuntesdesanluis.com\/wp-content\/uploads\/2024\/09\/fernandez.png","datePublished":"2024-09-27T00:00:51+00:00","breadcrumb":{"@id":"https:\/\/apuntesdesanluis.com\/index.php\/2024\/09\/26\/una-ama-de-llaves-de-olivos-dijo-que-nunca-vio-a-yanez-golpeada-y-que-las-discusiones-con-fernandez-eran-normales\/#breadcrumb"},"inLanguage":"es-AR","potentialAction":[{"@type":"ReadAction","target":["https:\/\/apuntesdesanluis.com\/index.php\/2024\/09\/26\/una-ama-de-llaves-de-olivos-dijo-que-nunca-vio-a-yanez-golpeada-y-que-las-discusiones-con-fernandez-eran-normales\/"]}]},{"@type":"ImageObject","inLanguage":"es-AR","@id":"https:\/\/apuntesdesanluis.com\/index.php\/2024\/09\/26\/una-ama-de-llaves-de-olivos-dijo-que-nunca-vio-a-yanez-golpeada-y-que-las-discusiones-con-fernandez-eran-normales\/#primaryimage","url":"https:\/\/apuntesdesanluis.com\/wp-content\/uploads\/2024\/09\/fernandez.png","contentUrl":"https:\/\/apuntesdesanluis.com\/wp-content\/uploads\/2024\/09\/fernandez.png","width":897,"height":574},{"@type":"BreadcrumbList","@id":"https:\/\/apuntesdesanluis.com\/index.php\/2024\/09\/26\/una-ama-de-llaves-de-olivos-dijo-que-nunca-vio-a-yanez-golpeada-y-que-las-discusiones-con-fernandez-eran-normales\/#breadcrumb","itemListElement":[{"@type":"ListItem","position":1,"name":"Inicio","item":"https:\/\/apuntesdesanluis.com\/"},{"@type":"ListItem","position":2,"name":"UNA AMA DE LLAVES DE OLIVOS DIJO QUE NUNCA VIO A YA\u00d1EZ GOLPEADA Y QUE LAS DISCUSIONES CON FERN\u00c1NDEZ \u201cERAN NORMALES\u201d"}]},{"@type":"WebSite","@id":"https:\/\/apuntesdesanluis.com\/#website","url":"https:\/\/apuntesdesanluis.com\/","name":"Apuntes de San Luis","description":"","publisher":{"@id":"https:\/\/apuntesdesanluis.com\/#\/schema\/person\/b55151d52296fcce64d1a72538a70b90"},"potentialAction":[{"@type":"SearchAction","target":{"@type":"EntryPoint","urlTemplate":"https:\/\/apuntesdesanluis.com\/?s={search_term_string}"},"query-input":{"@type":"PropertyValueSpecification","valueRequired":true,"valueName":"search_term_string"}}],"inLanguage":"es-AR"},{"@type":["Person","Organization"],"@id":"https:\/\/apuntesdesanluis.com\/#\/schema\/person\/b55151d52296fcce64d1a72538a70b90","name":"apuntesdesanluis.com","image":{"@type":"ImageObject","inLanguage":"es-AR","@id":"https:\/\/apuntesdesanluis.com\/#\/schema\/person\/image\/","url":"https:\/\/apuntesdesanluis.com\/wp-content\/uploads\/2023\/07\/cropped-apuntesdesanluis.png","contentUrl":"https:\/\/apuntesdesanluis.com\/wp-content\/uploads\/2023\/07\/cropped-apuntesdesanluis.png","width":450,"height":112,"caption":"apuntesdesanluis.com"},"logo":{"@id":"https:\/\/apuntesdesanluis.com\/#\/schema\/person\/image\/"},"sameAs":["https:\/\/apuntesdesanluis.com"],"url":"https:\/\/apuntesdesanluis.com\/index.php\/author\/apuntesdesanluis-com\/"}]}},"featured_image_urls":{"full":["https:\/\/apuntesdesanluis.com\/wp-content\/uploads\/2024\/09\/fernandez.png",897,574,false],"thumbnail":["https:\/\/apuntesdesanluis.com\/wp-content\/uploads\/2024\/09\/fernandez-150x150.png",150,150,true],"medium":["https:\/\/apuntesdesanluis.com\/wp-content\/uploads\/2024\/09\/fernandez-300x192.png",300,192,true],"medium_large":["https:\/\/apuntesdesanluis.com\/wp-content\/uploads\/2024\/09\/fernandez-768x491.png",640,409,true],"large":["https:\/\/apuntesdesanluis.com\/wp-content\/uploads\/2024\/09\/fernandez.png",640,410,false],"1536x1536":["https:\/\/apuntesdesanluis.com\/wp-content\/uploads\/2024\/09\/fernandez.png",897,574,false],"2048x2048":["https:\/\/apuntesdesanluis.com\/wp-content\/uploads\/2024\/09\/fernandez.png",897,574,false],"newsever-slider-full":["https:\/\/apuntesdesanluis.com\/wp-content\/uploads\/2024\/09\/fernandez.png",897,574,false],"newsever-featured":["https:\/\/apuntesdesanluis.com\/wp-content\/uploads\/2024\/09\/fernandez.png",897,574,false],"newsever-medium":["https:\/\/apuntesdesanluis.com\/wp-content\/uploads\/2024\/09\/fernandez-720x475.png",720,475,true]},"author_info":{"display_name":"apuntesdesanluis.com","author_link":"https:\/\/apuntesdesanluis.com\/index.php\/author\/apuntesdesanluis-com\/"},"category_info":"<a href=\"https:\/\/apuntesdesanluis.com\/index.php\/category\/nacionales-internacionales\/\" rel=\"category tag\">Nacionales\/Internacionales<\/a>","tag_info":"Nacionales\/Internacionales","comment_count":"0","_links":{"self":[{"href":"https:\/\/apuntesdesanluis.com\/index.php\/wp-json\/wp\/v2\/posts\/23009","targetHints":{"allow":["GET"]}}],"collection":[{"href":"https:\/\/apuntesdesanluis.com\/index.php\/wp-json\/wp\/v2\/posts"}],"about":[{"href":"https:\/\/apuntesdesanluis.com\/index.php\/wp-json\/wp\/v2\/types\/post"}],"author":[{"embeddable":true,"href":"https:\/\/apuntesdesanluis.com\/index.php\/wp-json\/wp\/v2\/users\/1"}],"replies":[{"embeddable":true,"href":"https:\/\/apuntesdesanluis.com\/index.php\/wp-json\/wp\/v2\/comments?post=23009"}],"version-history":[{"count":1,"href":"https:\/\/apuntesdesanluis.com\/index.php\/wp-json\/wp\/v2\/posts\/23009\/revisions"}],"predecessor-version":[{"id":23012,"href":"https:\/\/apuntesdesanluis.com\/index.php\/wp-json\/wp\/v2\/posts\/23009\/revisions\/23012"}],"wp:featuredmedia":[{"embeddable":true,"href":"https:\/\/apuntesdesanluis.com\/index.php\/wp-json\/wp\/v2\/media\/23010"}],"wp:attachment":[{"href":"https:\/\/apuntesdesanluis.com\/index.php\/wp-json\/wp\/v2\/media?parent=23009"}],"wp:term":[{"taxonomy":"category","embeddable":true,"href":"https:\/\/apuntesdesanluis.com\/index.php\/wp-json\/wp\/v2\/categories?post=23009"},{"taxonomy":"post_tag","embeddable":true,"href":"https:\/\/apuntesdesanluis.com\/index.php\/wp-json\/wp\/v2\/tags?post=23009"}],"curies":[{"name":"wp","href":"https:\/\/api.w.org\/{rel}","templated":true}]}}